{"id":36913,"date":"2023-02-03T16:48:40","date_gmt":"2023-02-03T19:48:40","guid":{"rendered":"https:\/\/psol50.org.br\/?p=36913"},"modified":"2023-02-07T15:10:31","modified_gmt":"2023-02-07T18:10:31","slug":"juliano-medeiros-e-luiz-arnaldo-campos-o-psol-e-a-luta-ambiental","status":"publish","type":"post","link":"https:\/\/psol50.org.br\/juliano-medeiros-e-luiz-arnaldo-campos-o-psol-e-a-luta-ambiental\/","title":{"rendered":"Juliano Medeiros e Luiz Arnaldo Campos: O PSOL e a luta ambiental"},"content":{"rendered":"<p>A seguida ocorr\u00eancia de cat\u00e1strofes clim\u00e1ticas &#8211; os chamados \u201ceventos extremos\u201d &#8211; confirma a opini\u00e3o da esmagadora maioria da comunidade cient\u00edfica: a crise clim\u00e1tica, provocada pelo desenvolvimento capitalista, \u00e9 uma amea\u00e7a real \u00e0 sobreviv\u00eancia da Humanidade. Da magnitude desta amea\u00e7a tamb\u00e9m \u00e9 testemunha a quantidade de debates, f\u00f3runs e confer\u00eancias promovidas pelas mais diversas inst\u00e2ncias, desde as corporativas at\u00e9 as badaladas confer\u00eancias do clima das Na\u00e7\u00f5es Unidas, em busca de propostas e solu\u00e7\u00f5es. Est\u00e1 em curso no planeta um processo de disputa de rumos, que tem como centro o pr\u00f3prio destino do capitalismo e as maneiras pelas quais este sistema buscar\u00e1 sobreviver continuando a dispor dos recursos da natureza e se apropriando de suas riquezas.<\/p>\n<p>Ao colocar em xeque o capitalismo em si, a emerg\u00eancia clim\u00e1tica desnuda de forma clara seu car\u00e1ter estrat\u00e9gico para a luta por uma alternativa global ao sistema do capital. J\u00e1 n\u00e3o \u00e9 poss\u00edvel ter como horizonte o desenvolvimento ilimitado das for\u00e7as produtivas &#8211; mesmo porque o planeta \u00e9 limitado &#8211; e j\u00e1 n\u00e3o tem cabimento projetos nacionais de desenvolvimento que n\u00e3o levem em considera\u00e7\u00e3o a quest\u00e3o ambiental e a crise clim\u00e1tica.<\/p>\n<p>A luta para deter as mudan\u00e7as no clima se desenvolve hoje em duas frentes relacionadas \u00e0s maiores fontes produtoras de gases de efeito estufa: a primeira \u00e9 a redu\u00e7\u00e3o do uso de combust\u00edveis f\u00f3sseis (petr\u00f3leo, g\u00e1s e carv\u00e3o); a segunda \u00e9 a necessidade de deter a destrui\u00e7\u00e3o da cobertura vegetal do planeta, particularmente as grandes florestas tropicais, como aquelas existentes na Amaz\u00f4nia, Congo e Indon\u00e9sia e que respondem por 80% das florestas tropicais do mundo. Em torno da primeira frente se desenvolve o debate sobre o financiamento da mudan\u00e7a da matriz energ\u00e9tica, que pode ser resumido na seguinte pergunta: quem ir\u00e1 pagar os custos para que pa\u00edses em desenvolvimento, como China e \u00cdndia, entre outros, abandonem uma fonte de energia suja, como o carv\u00e3o, e adotem alternativas de energia limpas? Apesar do compromisso formal dos EUA e da Comunidade Europeia, este dinheiro teima em n\u00e3o aparecer.<\/p>\n<p>Se a primeira frente &#8211; o combate ao uso de combust\u00edveis f\u00f3sseis &#8211; diz respeito \u00e0 totalidade dos pa\u00edses do planeta, incluindo o Brasil, a segunda se restringe, ao menos de maneira imediata, aos poucos pa\u00edses respons\u00e1veis pelas grandes florestas tropicais: os pa\u00edses pan-amaz\u00f4nicos (Suriname, Guiana, Venezuela, Col\u00f4mbia, Equador, Peru, Bol\u00edvia, Brasil e Guiana Francesa), a Rep\u00fablica Democr\u00e1tica do Congo e a Indon\u00e9sia. Nestes pa\u00edses a sanha destruidora das florestas est\u00e1 a cargo de setores do capital predat\u00f3rio, como o agroneg\u00f3cio, grande ind\u00fastria de minera\u00e7\u00e3o, garimpo ilegal, petr\u00f3leo e madeireiras.<\/p>\n<p>No entanto, existem muitos setores do capital para os quais a manuten\u00e7\u00e3o das florestas pode ser um grande neg\u00f3cio, atrav\u00e9s do mecanismo de compensa\u00e7\u00e3o conhecido como REDD (cr\u00e9ditos de carbono), atrav\u00e9s do qual, por exemplo, a Noruega pode aportar recursos para a manuten\u00e7\u00e3o das florestas amaz\u00f4nicas, ganhando em troca o direito de continuar explorando petr\u00f3leo no Mar do Norte. O mecanismo REDD tem muitos outros problemas, como a mercantiliza\u00e7\u00e3o da natureza e a perda da autonomia das comunidades em rela\u00e7\u00e3o aos seus territ\u00f3rios, o que n\u00e3o impede que diante da devasta\u00e7\u00e3o da floresta, algumas lideran\u00e7as amaz\u00f4nicas o considerem um mal menor.<\/p>\n<p>A recente vit\u00f3ria de Lula fez o Brasil emergir novamente como um protagonista essencial no debate sobre as mudan\u00e7as clim\u00e1ticas, por ser nosso pa\u00eds o detentor de 2\/3 da floresta amaz\u00f4nica, que sofreu uma destrui\u00e7\u00e3o alarmante durante o governo de Bolsonaro. Nosso compromisso em colaborar com o governo Lula, disputando ativamente suas diretrizes, somado ao fato de que nossa Federa\u00e7\u00e3o Partid\u00e1ria ocupa dois cargos de import\u00e2ncia crucial neste debate (os minist\u00e9rios dos Povos Ind\u00edgenas e Meio Ambiente), obriga o PSOL a encampar com a devida responsabilidade o debate ambiental. Nenhum partido tem nossa autoridade pol\u00edtica para impulsionar um amplo movimento em defesa de uma transi\u00e7\u00e3o justa, que inclua as maiorias sociais e questione o modelo de acumula\u00e7\u00e3o capitalista.<\/p>\n<p>Isso se mostra ainda mais relevante quando notamos que a esquerda brasileira segue presa a certas vis\u00f5es de desenvolvimento econ\u00f4mico que fortalecem a ilus\u00e3o numa via nacional e aut\u00f4noma para o fim das desigualdades. Essas vis\u00f5es ignoram os efeitos do processo de desindustrializa\u00e7\u00e3o, os impactos da quarta revolu\u00e7\u00e3o tecnol\u00f3gica, as mudan\u00e7as promovidas pela desregulamenta\u00e7\u00e3o do mundo do trabalho e as cadeias de depend\u00eancia externa que nos relegam \u00e0 semiperiferia do sistema capitalista. Boa parte dos partidos de esquerda segue presa \u00e0 ideia de que o crescimento da economia, se bem redistribu\u00edda pelo Estado atrav\u00e9s de pol\u00edticas sociais, poder\u00e1 levar o pa\u00eds ao fim das desigualdades. Uma vis\u00e3o ultrapassada das possibilidades de integra\u00e7\u00e3o para economias prim\u00e1rio-exportadoras.<\/p>\n<p>Superar estas vis\u00f5es \u00e9 fundamental. Um projeto para o Brasil pode e deve ser pensado em bases radicalmente distributivas, com investimento pesado em novas cadeias produtivas, amparadas pelo maci\u00e7o investimento em tecnologia e na cria\u00e7\u00e3o de uma economia do conhecimento que desenvolva todo potencial que a floresta encerra para as \u00e1reas da biomedicina, produ\u00e7\u00e3o de medicamento e alimentos, pesquisa meteorol\u00f3gica, ambiental e hist\u00f3rica, turismo ecol\u00f3gico e outras \u00e1reas, planificando a cria\u00e7\u00e3o de um outro modelo de ocupa\u00e7\u00f5es urbanas a partir da participa\u00e7\u00e3o, decis\u00e3o e vontade de seus povos.<\/p>\n<p>A viol\u00eancia contra defensores do meio ambiente, em particular lideran\u00e7as ind\u00edgenas, demonstra a centralidade da agenda ambiental para a luta anticapitalista. O sequestro de Estado e suas institui\u00e7\u00f5es para uma vis\u00e3o desenvolvimentista e predat\u00f3ria \u00e9 uma realidade, que legitima a barb\u00e1rie e coloca milhares de lutadores em risco na Amaz\u00f4nia e em outras partes do Brasil. A luta ambiental hoje comporta a defesa dos nossos ecossistemas \u2013 todos amea\u00e7ados \u2013 mas tamb\u00e9m de nossos rios urbanos, das pessoas empurradas para ocupa\u00e7\u00f5es promovidas em \u00e1reas de risco, de nossos bosques cercados pelo crescimento das grandes cidades, do solo contaminado pelo manejo prec\u00e1rio dos res\u00edduos, do ar polu\u00eddo das grandes metr\u00f3poles. Lutar pelo meio ambiente tamb\u00e9m \u00e9 lutar contra os impactos do neoliberalismo em nossas vidas.<\/p>\n<p>Diante desses desafios, a defesa da Amaz\u00f4nia ocupa um lugar estrat\u00e9gico. A regi\u00e3o representa 2\/3 do territ\u00f3rio brasileiro, tem dentro de si a maior biodiversidade do planeta, incont\u00e1veis riquezas minerais, \u00e9 lar de mais de duzentos povos que falam mais de cento e cinquenta idiomas diferentes, abriga diversos modos de vida tradicionais. Dentro de si coexistem diferentes biomas e uma enorme diversidade s\u00f3cio espacial onde convivem ribeirinhos, quilombolas, comunidades tradicionais, camponeses, agricultores sem-terra, popula\u00e7\u00f5es urbanas, que v\u00e3o desde pequenas vilas a cidades com quase dois milh\u00f5es de habitantes. Essa riqueza, no entanto, permanece submetida a uma vis\u00e3o que condena a regi\u00e3o a mera produtora de commodities &#8211; min\u00e9rio, madeira, carne e energia &#8211; gerando um enorme passivo ambiental, pobreza para suas popula\u00e7\u00f5es e a manuten\u00e7\u00e3o de um modelo econ\u00f4mico dependente.<\/p>\n<p>A Amaz\u00f4nia \u00e9 o territ\u00f3rio onde se disputam os destinos estrat\u00e9gicos do mundo. At\u00e9 agora uma vis\u00e3o \u201cindustrialista\u201d do desenvolvimento econ\u00f4mico fez com que a esquerda brasileira relegasse esta regi\u00e3o e seus povos a um segundo plano. Mas agora, diante dos impasses do capitalismo e a evidente liga\u00e7\u00e3o entre Amaz\u00f4nia, crise ambiental e uma sa\u00edda anticapitalista para a Humanidade, \u00e9 hora de uma resposta contundente, que coloque a esquerda socialista &#8211; e o PSOL em particular &#8211; como porta-vozes de uma sa\u00edda estrat\u00e9gica que coloque a luta contra a cat\u00e1strofe clim\u00e1tica e a defesa da Amaz\u00f4nia em primeiro plano. O governo do companheiro Edmilson Rodrigues, eleito com consigna de \u201cum governo de novas ideias\u201d tem a oportunidade de ser uma vitrine desse giro estrat\u00e9gico. Nossos mandatos nas Assembleias Legislativas e na C\u00e2mara dos Deputados tamb\u00e9m.<\/p>\n<p>Mais do que isto, temos diante de n\u00f3s o desafio de \u201camazonizar\u201d o PSOL e a esquerda brasileira. E isso significa fortalecer um partido que luta para construir um socialismo com a cara de todos os povos que comp\u00f5em o Brasil, que compreende o papel estrat\u00e9gico da Amaz\u00f4nia nos destinos da Humanidade, que seja capaz de formular propostas para uma transi\u00e7\u00e3o energ\u00e9tica que favore\u00e7a aos trabalhadores e que, assim, seja capaz de intervir e fazer parte das lutas e op\u00e7\u00f5es dos seus povos, seja sobre seus territ\u00f3rios, seja em campanhas e confer\u00eancias internacionais. A candidatura de Bel\u00e9m como sede da COP-30, em 2025, pode cumprir um papel decisivo nesse processo.<\/p>\n<p>Por estas raz\u00f5es, o PSOL deve promover uma Confer\u00eancia sobre a Amaz\u00f4nia, ainda no primeiro semestre deste ano, cujo resultado pode representar um novo posicionamento sobre as alternativas socioecon\u00f4micas para a Amaz\u00f4nia e seus povos em estreita liga\u00e7\u00e3o com as exig\u00eancias da luta contra as mudan\u00e7as clim\u00e1ticas, a soberania nacional e a autonomia dos povos nos seus territ\u00f3rios. Em outras palavras, uma confer\u00eancia que marque uma atualiza\u00e7\u00e3o program\u00e1tica e estrat\u00e9gica do PSOL frente aos desafios que a crise clim\u00e1tica exige.<\/p>\n<p>Devido ao desn\u00edvel de ac\u00famulo no partido sobre estes temas, e a necessidade imperiosa de darmos um primeiro passo, propomos uma confer\u00eancia composta pelos diret\u00f3rios dos estados amaz\u00f4nicos, os mandatos parlamentares da Amaz\u00f4nia, os n\u00facleos ecossocialistas de todos os estados brasileiros, convidados e convidadas, que sejam integrantes dos povos e das lutas da regi\u00e3o ou intelectuais progressistas com uma reflex\u00e3o avan\u00e7ada sobre estes temas. Temos a oportunidade de construir uma formula\u00e7\u00e3o amplamente consensual sobre esses desafios ao mesmo tempo em que fortalecemos uma corrente anticapitalista no movimento ambientalista brasileiro.<\/p>\n<p>Por isso, e considerando que a Confer\u00eancia apenas inicia um processo de imers\u00e3o do conjunto do partido no universo amaz\u00f4nico, propomos que suas resolu\u00e7\u00f5es sejam obtidas atrav\u00e9s do consenso progressivo, recomend\u00e1vel dado a enorme relev\u00e2ncia dos temas que ser\u00e3o tratados. Seu ac\u00famulo deve ser apresentado como uma contribui\u00e7\u00e3o ao Congresso do Partido de 2023.<\/p>\n<p><em><strong>Juliano Medeiros &#8211; Presidente Nacional do PSOL<\/strong><\/em><br \/>\n<em><strong>Luiz Arnaldo Campos &#8211; Coordenador de Rela\u00e7\u00f5es Internacionais da Prefeitura de Bel\u00e9m<\/strong><\/em><\/p>\n","protected":false},"excerpt":{"rendered":"<p>A seguida ocorr\u00eancia de cat\u00e1strofes clim\u00e1ticas &#8211; os chamados \u201ceventos extremos\u201d &#8211; confirma a opini\u00e3o da esmagadora maioria da comunidade cient\u00edfica: a crise clim\u00e1tica, provocada pelo desenvolvimento capitalista, \u00e9 uma amea\u00e7a real \u00e0 sobreviv\u00eancia da Humanidade. Da magnitude desta amea\u00e7a tamb\u00e9m \u00e9 testemunha a quantidade de debates, f\u00f3runs e confer\u00eancias promovidas pelas mais diversas inst\u00e2ncias, [&hellip;]<\/p>\n","protected":false},"author":2,"featured_media":27509,"comment_status":"open","ping_status":"open","sticky":false,"template":"","format":"standard","meta":{"_acf_changed":false,"footnotes":""},"categories":[3],"tags":[4825],"class_list":{"0":"post-36913","1":"post","2":"type-post","3":"status-publish","4":"format-standard","5":"has-post-thumbnail","7":"category-artigos-e-entrevistas","8":"tag-noticias"},"acf":[],"yoast_head":"<!-- This site is optimized with the Yoast SEO plugin v26.5 - https:\/\/yoast.com\/wordpress\/plugins\/seo\/ -->\n<title>Juliano Medeiros e Luiz Arnaldo Campos: O PSOL e a luta ambiental<\/title>\n<meta name=\"description\" content=\"PSOL deve promover, ainda neste primeiro semestre, uma Confer\u00eancia sobre a Amaz\u00f4nia que fortale\u00e7a uma corrente anticapitalista no movimento ambientalista brasileiro.\" \/>\n<meta name=\"robots\" content=\"index, follow, max-snippet:-1, max-image-preview:large, max-video-preview:-1\" \/>\n<link rel=\"canonical\" href=\"https:\/\/psol50.org.br\/juliano-medeiros-e-luiz-arnaldo-campos-o-psol-e-a-luta-ambiental\/\" \/>\n<meta property=\"og:locale\" content=\"pt_BR\" \/>\n<meta property=\"og:type\" content=\"article\" \/>\n<meta property=\"og:title\" content=\"Juliano Medeiros e Luiz Arnaldo Campos: O PSOL e a luta ambiental\" \/>\n<meta property=\"og:description\" content=\"PSOL deve promover, ainda neste primeiro semestre, uma Confer\u00eancia sobre a Amaz\u00f4nia que fortale\u00e7a uma corrente anticapitalista no movimento ambientalista brasileiro.\" \/>\n<meta property=\"og:url\" content=\"https:\/\/psol50.org.br\/juliano-medeiros-e-luiz-arnaldo-campos-o-psol-e-a-luta-ambiental\/\" \/>\n<meta property=\"og:site_name\" content=\"PSOL 50\" \/>\n<meta property=\"article:publisher\" content=\"https:\/\/www.facebook.com\/psol50\" \/>\n<meta property=\"article:published_time\" content=\"2023-02-03T19:48:40+00:00\" \/>\n<meta property=\"article:modified_time\" content=\"2023-02-07T18:10:31+00:00\" \/>\n<meta property=\"og:image\" content=\"https:\/\/psol50.org.br\/inc\/uploads\/2020\/02\/naohaplanetab-scaled-1.jpg\" \/>\n\t<meta property=\"og:image:width\" content=\"1920\" \/>\n\t<meta property=\"og:image:height\" content=\"1280\" \/>\n\t<meta property=\"og:image:type\" content=\"image\/jpeg\" \/>\n<meta name=\"author\" content=\"Comunica\u00e7\u00e3o PSOL\" \/>\n<meta name=\"twitter:card\" content=\"summary_large_image\" \/>\n<meta name=\"twitter:creator\" content=\"@psol50\" \/>\n<meta name=\"twitter:site\" content=\"@psol50\" \/>\n<meta name=\"twitter:label1\" content=\"Escrito por\" \/>\n\t<meta name=\"twitter:data1\" content=\"Comunica\u00e7\u00e3o PSOL\" \/>\n\t<meta name=\"twitter:label2\" content=\"Est. tempo de leitura\" \/>\n\t<meta name=\"twitter:data2\" content=\"9 minutos\" \/>\n<script type=\"application\/ld+json\" class=\"yoast-schema-graph\">{\"@context\":\"https:\/\/schema.org\",\"@graph\":[{\"@type\":\"Article\",\"@id\":\"https:\/\/psol50.org.br\/juliano-medeiros-e-luiz-arnaldo-campos-o-psol-e-a-luta-ambiental\/#article\",\"isPartOf\":{\"@id\":\"https:\/\/psol50.org.br\/juliano-medeiros-e-luiz-arnaldo-campos-o-psol-e-a-luta-ambiental\/\"},\"author\":{\"name\":\"Comunica\u00e7\u00e3o PSOL\",\"@id\":\"https:\/\/psol50.org.br\/#\/schema\/person\/475dfa57d0b815993c714c2e96491fcd\"},\"headline\":\"Juliano Medeiros e Luiz Arnaldo Campos: O PSOL e a luta ambiental\",\"datePublished\":\"2023-02-03T19:48:40+00:00\",\"dateModified\":\"2023-02-07T18:10:31+00:00\",\"mainEntityOfPage\":{\"@id\":\"https:\/\/psol50.org.br\/juliano-medeiros-e-luiz-arnaldo-campos-o-psol-e-a-luta-ambiental\/\"},\"wordCount\":1792,\"commentCount\":0,\"publisher\":{\"@id\":\"https:\/\/psol50.org.br\/#organization\"},\"image\":{\"@id\":\"https:\/\/psol50.org.br\/juliano-medeiros-e-luiz-arnaldo-campos-o-psol-e-a-luta-ambiental\/#primaryimage\"},\"thumbnailUrl\":\"https:\/\/psol50.org.br\/inc\/uploads\/2020\/02\/naohaplanetab-scaled-1.jpg\",\"keywords\":[\"Not\u00edcias\"],\"articleSection\":[\"Artigos\"],\"inLanguage\":\"pt-BR\",\"potentialAction\":[{\"@type\":\"CommentAction\",\"name\":\"Comment\",\"target\":[\"https:\/\/psol50.org.br\/juliano-medeiros-e-luiz-arnaldo-campos-o-psol-e-a-luta-ambiental\/#respond\"]}]},{\"@type\":\"WebPage\",\"@id\":\"https:\/\/psol50.org.br\/juliano-medeiros-e-luiz-arnaldo-campos-o-psol-e-a-luta-ambiental\/\",\"url\":\"https:\/\/psol50.org.br\/juliano-medeiros-e-luiz-arnaldo-campos-o-psol-e-a-luta-ambiental\/\",\"name\":\"Juliano Medeiros e Luiz Arnaldo Campos: O PSOL e a luta ambiental\",\"isPartOf\":{\"@id\":\"https:\/\/psol50.org.br\/#website\"},\"primaryImageOfPage\":{\"@id\":\"https:\/\/psol50.org.br\/juliano-medeiros-e-luiz-arnaldo-campos-o-psol-e-a-luta-ambiental\/#primaryimage\"},\"image\":{\"@id\":\"https:\/\/psol50.org.br\/juliano-medeiros-e-luiz-arnaldo-campos-o-psol-e-a-luta-ambiental\/#primaryimage\"},\"thumbnailUrl\":\"https:\/\/psol50.org.br\/inc\/uploads\/2020\/02\/naohaplanetab-scaled-1.jpg\",\"datePublished\":\"2023-02-03T19:48:40+00:00\",\"dateModified\":\"2023-02-07T18:10:31+00:00\",\"description\":\"PSOL deve promover, ainda neste primeiro semestre, uma Confer\u00eancia sobre a Amaz\u00f4nia que fortale\u00e7a uma corrente anticapitalista no movimento ambientalista brasileiro.\",\"breadcrumb\":{\"@id\":\"https:\/\/psol50.org.br\/juliano-medeiros-e-luiz-arnaldo-campos-o-psol-e-a-luta-ambiental\/#breadcrumb\"},\"inLanguage\":\"pt-BR\",\"potentialAction\":[{\"@type\":\"ReadAction\",\"target\":[\"https:\/\/psol50.org.br\/juliano-medeiros-e-luiz-arnaldo-campos-o-psol-e-a-luta-ambiental\/\"]}]},{\"@type\":\"ImageObject\",\"inLanguage\":\"pt-BR\",\"@id\":\"https:\/\/psol50.org.br\/juliano-medeiros-e-luiz-arnaldo-campos-o-psol-e-a-luta-ambiental\/#primaryimage\",\"url\":\"https:\/\/psol50.org.br\/inc\/uploads\/2020\/02\/naohaplanetab-scaled-1.jpg\",\"contentUrl\":\"https:\/\/psol50.org.br\/inc\/uploads\/2020\/02\/naohaplanetab-scaled-1.jpg\",\"width\":1920,\"height\":1280,\"caption\":\"Foto: Bruno Gon\u00e7alves\"},{\"@type\":\"BreadcrumbList\",\"@id\":\"https:\/\/psol50.org.br\/juliano-medeiros-e-luiz-arnaldo-campos-o-psol-e-a-luta-ambiental\/#breadcrumb\",\"itemListElement\":[{\"@type\":\"ListItem\",\"position\":1,\"name\":\"In\u00edcio\",\"item\":\"https:\/\/psol50.org.br\/\"},{\"@type\":\"ListItem\",\"position\":2,\"name\":\"Juliano Medeiros e Luiz Arnaldo Campos: O PSOL e a luta ambiental\"}]},{\"@type\":\"WebSite\",\"@id\":\"https:\/\/psol50.org.br\/#website\",\"url\":\"https:\/\/psol50.org.br\/\",\"name\":\"PSOL 50\",\"description\":\"Site oficial do Partido Socialismo e Liberdade\",\"publisher\":{\"@id\":\"https:\/\/psol50.org.br\/#organization\"},\"alternateName\":\"PSOL50\",\"potentialAction\":[{\"@type\":\"SearchAction\",\"target\":{\"@type\":\"EntryPoint\",\"urlTemplate\":\"https:\/\/psol50.org.br\/?s={search_term_string}\"},\"query-input\":{\"@type\":\"PropertyValueSpecification\",\"valueRequired\":true,\"valueName\":\"search_term_string\"}}],\"inLanguage\":\"pt-BR\"},{\"@type\":\"Organization\",\"@id\":\"https:\/\/psol50.org.br\/#organization\",\"name\":\"PSOL 50\",\"alternateName\":\"PSOL 50\",\"url\":\"https:\/\/psol50.org.br\/\",\"logo\":{\"@type\":\"ImageObject\",\"inLanguage\":\"pt-BR\",\"@id\":\"https:\/\/psol50.org.br\/#\/schema\/logo\/image\/\",\"url\":\"https:\/\/psol50.org.br\/inc\/uploads\/2018\/07\/capa.png\",\"contentUrl\":\"https:\/\/psol50.org.br\/inc\/uploads\/2018\/07\/capa.png\",\"width\":1350,\"height\":900,\"caption\":\"PSOL 50\"},\"image\":{\"@id\":\"https:\/\/psol50.org.br\/#\/schema\/logo\/image\/\"},\"sameAs\":[\"https:\/\/www.facebook.com\/psol50\",\"https:\/\/x.com\/psol50\",\"https:\/\/www.instagram.com\/psol50\/\",\"https:\/\/www.youtube.com\/channel\/UC7SnJS5o1os7a6CaiNabzcg\"]},{\"@type\":\"Person\",\"@id\":\"https:\/\/psol50.org.br\/#\/schema\/person\/475dfa57d0b815993c714c2e96491fcd\",\"name\":\"Comunica\u00e7\u00e3o PSOL\",\"image\":{\"@type\":\"ImageObject\",\"inLanguage\":\"pt-BR\",\"@id\":\"https:\/\/psol50.org.br\/#\/schema\/person\/image\/\",\"url\":\"https:\/\/secure.gravatar.com\/avatar\/b34fc4f4e468a4e51785917065a3db57b841f5c95dba6ad8c73aaf8f66f8f9bf?s=96&d=mm&r=g\",\"contentUrl\":\"https:\/\/secure.gravatar.com\/avatar\/b34fc4f4e468a4e51785917065a3db57b841f5c95dba6ad8c73aaf8f66f8f9bf?s=96&d=mm&r=g\",\"caption\":\"Comunica\u00e7\u00e3o PSOL\"}}]}<\/script>\n<!-- \/ Yoast SEO plugin. -->","yoast_head_json":{"title":"Juliano Medeiros e Luiz Arnaldo Campos: O PSOL e a luta ambiental","description":"PSOL deve promover, ainda neste primeiro semestre, uma Confer\u00eancia sobre a Amaz\u00f4nia que fortale\u00e7a uma corrente anticapitalista no movimento ambientalista brasileiro.","robots":{"index":"index","follow":"follow","max-snippet":"max-snippet:-1","max-image-preview":"max-image-preview:large","max-video-preview":"max-video-preview:-1"},"canonical":"https:\/\/psol50.org.br\/juliano-medeiros-e-luiz-arnaldo-campos-o-psol-e-a-luta-ambiental\/","og_locale":"pt_BR","og_type":"article","og_title":"Juliano Medeiros e Luiz Arnaldo Campos: O PSOL e a luta ambiental","og_description":"PSOL deve promover, ainda neste primeiro semestre, uma Confer\u00eancia sobre a Amaz\u00f4nia que fortale\u00e7a uma corrente anticapitalista no movimento ambientalista brasileiro.","og_url":"https:\/\/psol50.org.br\/juliano-medeiros-e-luiz-arnaldo-campos-o-psol-e-a-luta-ambiental\/","og_site_name":"PSOL 50","article_publisher":"https:\/\/www.facebook.com\/psol50","article_published_time":"2023-02-03T19:48:40+00:00","article_modified_time":"2023-02-07T18:10:31+00:00","og_image":[{"width":1920,"height":1280,"url":"https:\/\/psol50.org.br\/inc\/uploads\/2020\/02\/naohaplanetab-scaled-1.jpg","type":"image\/jpeg"}],"author":"Comunica\u00e7\u00e3o PSOL","twitter_card":"summary_large_image","twitter_creator":"@psol50","twitter_site":"@psol50","twitter_misc":{"Escrito por":"Comunica\u00e7\u00e3o PSOL","Est. tempo de leitura":"9 minutos"},"schema":{"@context":"https:\/\/schema.org","@graph":[{"@type":"Article","@id":"https:\/\/psol50.org.br\/juliano-medeiros-e-luiz-arnaldo-campos-o-psol-e-a-luta-ambiental\/#article","isPartOf":{"@id":"https:\/\/psol50.org.br\/juliano-medeiros-e-luiz-arnaldo-campos-o-psol-e-a-luta-ambiental\/"},"author":{"name":"Comunica\u00e7\u00e3o PSOL","@id":"https:\/\/psol50.org.br\/#\/schema\/person\/475dfa57d0b815993c714c2e96491fcd"},"headline":"Juliano Medeiros e Luiz Arnaldo Campos: O PSOL e a luta ambiental","datePublished":"2023-02-03T19:48:40+00:00","dateModified":"2023-02-07T18:10:31+00:00","mainEntityOfPage":{"@id":"https:\/\/psol50.org.br\/juliano-medeiros-e-luiz-arnaldo-campos-o-psol-e-a-luta-ambiental\/"},"wordCount":1792,"commentCount":0,"publisher":{"@id":"https:\/\/psol50.org.br\/#organization"},"image":{"@id":"https:\/\/psol50.org.br\/juliano-medeiros-e-luiz-arnaldo-campos-o-psol-e-a-luta-ambiental\/#primaryimage"},"thumbnailUrl":"https:\/\/psol50.org.br\/inc\/uploads\/2020\/02\/naohaplanetab-scaled-1.jpg","keywords":["Not\u00edcias"],"articleSection":["Artigos"],"inLanguage":"pt-BR","potentialAction":[{"@type":"CommentAction","name":"Comment","target":["https:\/\/psol50.org.br\/juliano-medeiros-e-luiz-arnaldo-campos-o-psol-e-a-luta-ambiental\/#respond"]}]},{"@type":"WebPage","@id":"https:\/\/psol50.org.br\/juliano-medeiros-e-luiz-arnaldo-campos-o-psol-e-a-luta-ambiental\/","url":"https:\/\/psol50.org.br\/juliano-medeiros-e-luiz-arnaldo-campos-o-psol-e-a-luta-ambiental\/","name":"Juliano Medeiros e Luiz Arnaldo Campos: O PSOL e a luta ambiental","isPartOf":{"@id":"https:\/\/psol50.org.br\/#website"},"primaryImageOfPage":{"@id":"https:\/\/psol50.org.br\/juliano-medeiros-e-luiz-arnaldo-campos-o-psol-e-a-luta-ambiental\/#primaryimage"},"image":{"@id":"https:\/\/psol50.org.br\/juliano-medeiros-e-luiz-arnaldo-campos-o-psol-e-a-luta-ambiental\/#primaryimage"},"thumbnailUrl":"https:\/\/psol50.org.br\/inc\/uploads\/2020\/02\/naohaplanetab-scaled-1.jpg","datePublished":"2023-02-03T19:48:40+00:00","dateModified":"2023-02-07T18:10:31+00:00","description":"PSOL deve promover, ainda neste primeiro semestre, uma Confer\u00eancia sobre a Amaz\u00f4nia que fortale\u00e7a uma corrente anticapitalista no movimento ambientalista brasileiro.","breadcrumb":{"@id":"https:\/\/psol50.org.br\/juliano-medeiros-e-luiz-arnaldo-campos-o-psol-e-a-luta-ambiental\/#breadcrumb"},"inLanguage":"pt-BR","potentialAction":[{"@type":"ReadAction","target":["https:\/\/psol50.org.br\/juliano-medeiros-e-luiz-arnaldo-campos-o-psol-e-a-luta-ambiental\/"]}]},{"@type":"ImageObject","inLanguage":"pt-BR","@id":"https:\/\/psol50.org.br\/juliano-medeiros-e-luiz-arnaldo-campos-o-psol-e-a-luta-ambiental\/#primaryimage","url":"https:\/\/psol50.org.br\/inc\/uploads\/2020\/02\/naohaplanetab-scaled-1.jpg","contentUrl":"https:\/\/psol50.org.br\/inc\/uploads\/2020\/02\/naohaplanetab-scaled-1.jpg","width":1920,"height":1280,"caption":"Foto: Bruno Gon\u00e7alves"},{"@type":"BreadcrumbList","@id":"https:\/\/psol50.org.br\/juliano-medeiros-e-luiz-arnaldo-campos-o-psol-e-a-luta-ambiental\/#breadcrumb","itemListElement":[{"@type":"ListItem","position":1,"name":"In\u00edcio","item":"https:\/\/psol50.org.br\/"},{"@type":"ListItem","position":2,"name":"Juliano Medeiros e Luiz Arnaldo Campos: O PSOL e a luta ambiental"}]},{"@type":"WebSite","@id":"https:\/\/psol50.org.br\/#website","url":"https:\/\/psol50.org.br\/","name":"PSOL 50","description":"Site oficial do Partido Socialismo e Liberdade","publisher":{"@id":"https:\/\/psol50.org.br\/#organization"},"alternateName":"PSOL50","potentialAction":[{"@type":"SearchAction","target":{"@type":"EntryPoint","urlTemplate":"https:\/\/psol50.org.br\/?s={search_term_string}"},"query-input":{"@type":"PropertyValueSpecification","valueRequired":true,"valueName":"search_term_string"}}],"inLanguage":"pt-BR"},{"@type":"Organization","@id":"https:\/\/psol50.org.br\/#organization","name":"PSOL 50","alternateName":"PSOL 50","url":"https:\/\/psol50.org.br\/","logo":{"@type":"ImageObject","inLanguage":"pt-BR","@id":"https:\/\/psol50.org.br\/#\/schema\/logo\/image\/","url":"https:\/\/psol50.org.br\/inc\/uploads\/2018\/07\/capa.png","contentUrl":"https:\/\/psol50.org.br\/inc\/uploads\/2018\/07\/capa.png","width":1350,"height":900,"caption":"PSOL 50"},"image":{"@id":"https:\/\/psol50.org.br\/#\/schema\/logo\/image\/"},"sameAs":["https:\/\/www.facebook.com\/psol50","https:\/\/x.com\/psol50","https:\/\/www.instagram.com\/psol50\/","https:\/\/www.youtube.com\/channel\/UC7SnJS5o1os7a6CaiNabzcg"]},{"@type":"Person","@id":"https:\/\/psol50.org.br\/#\/schema\/person\/475dfa57d0b815993c714c2e96491fcd","name":"Comunica\u00e7\u00e3o PSOL","image":{"@type":"ImageObject","inLanguage":"pt-BR","@id":"https:\/\/psol50.org.br\/#\/schema\/person\/image\/","url":"https:\/\/secure.gravatar.com\/avatar\/b34fc4f4e468a4e51785917065a3db57b841f5c95dba6ad8c73aaf8f66f8f9bf?s=96&d=mm&r=g","contentUrl":"https:\/\/secure.gravatar.com\/avatar\/b34fc4f4e468a4e51785917065a3db57b841f5c95dba6ad8c73aaf8f66f8f9bf?s=96&d=mm&r=g","caption":"Comunica\u00e7\u00e3o PSOL"}}]}},"_links":{"self":[{"href":"https:\/\/psol50.org.br\/rest\/wp\/v2\/posts\/36913","targetHints":{"allow":["GET"]}}],"collection":[{"href":"https:\/\/psol50.org.br\/rest\/wp\/v2\/posts"}],"about":[{"href":"https:\/\/psol50.org.br\/rest\/wp\/v2\/types\/post"}],"author":[{"embeddable":true,"href":"https:\/\/psol50.org.br\/rest\/wp\/v2\/users\/2"}],"replies":[{"embeddable":true,"href":"https:\/\/psol50.org.br\/rest\/wp\/v2\/comments?post=36913"}],"version-history":[{"count":2,"href":"https:\/\/psol50.org.br\/rest\/wp\/v2\/posts\/36913\/revisions"}],"predecessor-version":[{"id":36915,"href":"https:\/\/psol50.org.br\/rest\/wp\/v2\/posts\/36913\/revisions\/36915"}],"wp:featuredmedia":[{"embeddable":true,"href":"https:\/\/psol50.org.br\/rest\/wp\/v2\/media\/27509"}],"wp:attachment":[{"href":"https:\/\/psol50.org.br\/rest\/wp\/v2\/media?parent=36913"}],"wp:term":[{"taxonomy":"category","embeddable":true,"href":"https:\/\/psol50.org.br\/rest\/wp\/v2\/categories?post=36913"},{"taxonomy":"post_tag","embeddable":true,"href":"https:\/\/psol50.org.br\/rest\/wp\/v2\/tags?post=36913"}],"curies":[{"name":"wp","href":"https:\/\/api.w.org\/{rel}","templated":true}]}}