{"id":36917,"date":"2023-02-03T17:07:34","date_gmt":"2023-02-03T20:07:34","guid":{"rendered":"https:\/\/psol50.org.br\/?p=36917"},"modified":"2023-02-06T15:21:16","modified_gmt":"2023-02-06T18:21:16","slug":"psol-pede-abertura-de-inquerito-contra-bolsonaro-e-daniel-silveira-apos-falas-de-marco-do-val","status":"publish","type":"post","link":"https:\/\/psol50.org.br\/psol-pede-abertura-de-inquerito-contra-bolsonaro-e-daniel-silveira-apos-falas-de-marco-do-val\/","title":{"rendered":"PSOL pede abertura de inqu\u00e9rito contra Bolsonaro e Daniel Silveira ap\u00f3s falas de Marco do Val"},"content":{"rendered":"<p>A bancada do PSOL na C\u00e2mara, atrav\u00e9s de seu novo l\u00edder Guilherme Boulos, enviou na \u00faltima quinta-feira (2) uma not\u00edcia-crime ao Minist\u00e9rio P\u00fablico Federal para pedir a abertura de um inqu\u00e9rito contra o ex-presidente Jair Bolsonaro e o ex-deputado federal Daniel Silveira por atentado ao Estado Democr\u00e1tico de Direito. A a\u00e7\u00e3o \u00e9 baseada no artigo 359 da Constitui\u00e7\u00e3o Federal.<\/p>\n<p>A motiva\u00e7\u00e3o da a\u00e7\u00e3o foi a grav\u00edssima den\u00fancia feita pelo senador Marco do Val nesta semana, de que Bolsonaro e Silveira teriam pedido para que o parlamentar grampeasse uma conversa com o ministro Alexandre de Moraes, do STF, na tentativa de justificar uma tentativa de golpe de estado que impediria a posse do presidente Lula.<\/p>\n<blockquote class=\"twitter-tweet\" data-width=\"550\" data-dnt=\"true\">\n<p lang=\"pt\" dir=\"ltr\">SEM ANISTIA! Acionamos o Minist\u00e9rio P\u00fablico Federal para que Bolsonaro e seu comparsa Daniel Silveira sejam investigados por atentado contra a democracia. Os golpistas precisam voltar para o esgoto de onde vieram!<\/p>\n<p>&mdash; Guilherme Boulos (@GuilhermeBoulos) <a href=\"https:\/\/twitter.com\/GuilhermeBoulos\/status\/1621293946998591488?ref_src=twsrc%5Etfw\">February 2, 2023<\/a><\/p><\/blockquote>\n<p><script async src=\"https:\/\/platform.twitter.com\/widgets.js\" charset=\"utf-8\"><\/script><\/p>\n<p>\u201c\u00c9 urgente combatermos o golpismo para proteger nossa democracia. O Brasil precisa punir os respons\u00e1veis pela tentativa de golpe de Estado em curso desde a vit\u00f3ria de Lula, e que teve seu \u00e1pice nos atos golpistas de 8 de janeiro\u201d, afirma Guilherme Boulos.<\/p>\n","protected":false},"excerpt":{"rendered":"<p>A bancada do PSOL na C\u00e2mara, atrav\u00e9s de seu novo l\u00edder Guilherme Boulos, enviou na \u00faltima quinta-feira (2) uma not\u00edcia-crime ao Minist\u00e9rio P\u00fablico Federal para pedir a abertura de um inqu\u00e9rito contra o ex-presidente Jair Bolsonaro e o ex-deputado federal Daniel Silveira por atentado ao Estado Democr\u00e1tico de Direito. A a\u00e7\u00e3o \u00e9 baseada no artigo [&hellip;]<\/p>\n","protected":false},"author":2,"featured_media":36920,"comment_status":"open","ping_status":"open","sticky":false,"template":"","format":"standard","meta":{"_acf_changed":false,"footnotes":""},"categories":[10],"tags":[4825],"class_list":{"0":"post-36917","1":"post","2":"type-post","3":"status-publish","4":"format-standard","5":"has-post-thumbnail","7":"category-acao-parlamentares","8":"tag-noticias"},"acf":[],"yoast_head":"<!-- This site is optimized with the Yoast SEO plugin v26.5 - https:\/\/yoast.com\/wordpress\/plugins\/seo\/ -->\n<title>PSOL pede abertura de inqu\u00e9rito contra Bolsonaro e Daniel Silveira ap\u00f3s falas de Marco do Val<\/title>\n<meta name=\"description\" content=\"A\u00e7\u00e3o capitaneada pelo l\u00edder da bancada do PSOL, Guilherme Boulos, pede que MPF investigue os dois por atentado ao Estado Democr\u00e1tico de Direito.\" \/>\n<meta name=\"robots\" content=\"index, follow, max-snippet:-1, max-image-preview:large, max-video-preview:-1\" \/>\n<link rel=\"canonical\" href=\"https:\/\/psol50.org.br\/psol-pede-abertura-de-inquerito-contra-bolsonaro-e-daniel-silveira-apos-falas-de-marco-do-val\/\" \/>\n<meta property=\"og:locale\" content=\"pt_BR\" \/>\n<meta property=\"og:type\" content=\"article\" \/>\n<meta property=\"og:title\" content=\"PSOL pede abertura de inqu\u00e9rito contra Bolsonaro e Daniel Silveira ap\u00f3s falas de Marco do Val\" \/>\n<meta property=\"og:description\" content=\"A\u00e7\u00e3o capitaneada pelo l\u00edder da bancada do PSOL, Guilherme Boulos, pede que MPF investigue os dois por atentado ao Estado Democr\u00e1tico de Direito.\" \/>\n<meta property=\"og:url\" content=\"https:\/\/psol50.org.br\/psol-pede-abertura-de-inquerito-contra-bolsonaro-e-daniel-silveira-apos-falas-de-marco-do-val\/\" \/>\n<meta property=\"og:site_name\" content=\"PSOL 50\" \/>\n<meta property=\"article:publisher\" content=\"https:\/\/www.facebook.com\/psol50\" \/>\n<meta property=\"article:published_time\" content=\"2023-02-03T20:07:34+00:00\" \/>\n<meta property=\"article:modified_time\" content=\"2023-02-06T18:21:16+00:00\" \/>\n<meta property=\"og:image\" content=\"https:\/\/psol50.org.br\/inc\/uploads\/2023\/02\/Captura-de-Tela-2023-02-03-as-17.06.47-1024x667.png\" \/>\n\t<meta property=\"og:image:width\" content=\"1024\" \/>\n\t<meta property=\"og:image:height\" content=\"667\" \/>\n\t<meta property=\"og:image:type\" content=\"image\/png\" \/>\n<meta name=\"author\" content=\"Comunica\u00e7\u00e3o PSOL\" \/>\n<meta name=\"twitter:card\" content=\"summary_large_image\" \/>\n<meta name=\"twitter:creator\" content=\"@psol50\" \/>\n<meta name=\"twitter:site\" content=\"@psol50\" \/>\n<meta name=\"twitter:label1\" content=\"Escrito por\" \/>\n\t<meta name=\"twitter:data1\" content=\"Comunica\u00e7\u00e3o PSOL\" \/>\n\t<meta name=\"twitter:label2\" content=\"Est. tempo de leitura\" \/>\n\t<meta name=\"twitter:data2\" content=\"1 minuto\" \/>\n<script type=\"application\/ld+json\" class=\"yoast-schema-graph\">{\"@context\":\"https:\/\/schema.org\",\"@graph\":[{\"@type\":\"Article\",\"@id\":\"https:\/\/psol50.org.br\/psol-pede-abertura-de-inquerito-contra-bolsonaro-e-daniel-silveira-apos-falas-de-marco-do-val\/#article\",\"isPartOf\":{\"@id\":\"https:\/\/psol50.org.br\/psol-pede-abertura-de-inquerito-contra-bolsonaro-e-daniel-silveira-apos-falas-de-marco-do-val\/\"},\"author\":{\"name\":\"Comunica\u00e7\u00e3o PSOL\",\"@id\":\"https:\/\/psol50.org.br\/#\/schema\/person\/475dfa57d0b815993c714c2e96491fcd\"},\"headline\":\"PSOL pede abertura de inqu\u00e9rito contra Bolsonaro e Daniel Silveira ap\u00f3s falas de Marco do Val\",\"datePublished\":\"2023-02-03T20:07:34+00:00\",\"dateModified\":\"2023-02-06T18:21:16+00:00\",\"mainEntityOfPage\":{\"@id\":\"https:\/\/psol50.org.br\/psol-pede-abertura-de-inquerito-contra-bolsonaro-e-daniel-silveira-apos-falas-de-marco-do-val\/\"},\"wordCount\":191,\"commentCount\":0,\"publisher\":{\"@id\":\"https:\/\/psol50.org.br\/#organization\"},\"image\":{\"@id\":\"https:\/\/psol50.org.br\/psol-pede-abertura-de-inquerito-contra-bolsonaro-e-daniel-silveira-apos-falas-de-marco-do-val\/#primaryimage\"},\"thumbnailUrl\":\"https:\/\/psol50.org.br\/inc\/uploads\/2023\/02\/Captura-de-Tela-2023-02-03-as-17.06.47.png\",\"keywords\":[\"Not\u00edcias\"],\"articleSection\":[\"A\u00e7\u00e3o Parlamentar\"],\"inLanguage\":\"pt-BR\",\"potentialAction\":[{\"@type\":\"CommentAction\",\"name\":\"Comment\",\"target\":[\"https:\/\/psol50.org.br\/psol-pede-abertura-de-inquerito-contra-bolsonaro-e-daniel-silveira-apos-falas-de-marco-do-val\/#respond\"]}]},{\"@type\":\"WebPage\",\"@id\":\"https:\/\/psol50.org.br\/psol-pede-abertura-de-inquerito-contra-bolsonaro-e-daniel-silveira-apos-falas-de-marco-do-val\/\",\"url\":\"https:\/\/psol50.org.br\/psol-pede-abertura-de-inquerito-contra-bolsonaro-e-daniel-silveira-apos-falas-de-marco-do-val\/\",\"name\":\"PSOL pede abertura de inqu\u00e9rito contra Bolsonaro e Daniel Silveira ap\u00f3s falas de Marco do Val\",\"isPartOf\":{\"@id\":\"https:\/\/psol50.org.br\/#website\"},\"primaryImageOfPage\":{\"@id\":\"https:\/\/psol50.org.br\/psol-pede-abertura-de-inquerito-contra-bolsonaro-e-daniel-silveira-apos-falas-de-marco-do-val\/#primaryimage\"},\"image\":{\"@id\":\"https:\/\/psol50.org.br\/psol-pede-abertura-de-inquerito-contra-bolsonaro-e-daniel-silveira-apos-falas-de-marco-do-val\/#primaryimage\"},\"thumbnailUrl\":\"https:\/\/psol50.org.br\/inc\/uploads\/2023\/02\/Captura-de-Tela-2023-02-03-as-17.06.47.png\",\"datePublished\":\"2023-02-03T20:07:34+00:00\",\"dateModified\":\"2023-02-06T18:21:16+00:00\",\"description\":\"A\u00e7\u00e3o capitaneada pelo l\u00edder da bancada do PSOL, Guilherme Boulos, pede que MPF investigue os dois por atentado ao Estado Democr\u00e1tico de Direito.\",\"breadcrumb\":{\"@id\":\"https:\/\/psol50.org.br\/psol-pede-abertura-de-inquerito-contra-bolsonaro-e-daniel-silveira-apos-falas-de-marco-do-val\/#breadcrumb\"},\"inLanguage\":\"pt-BR\",\"potentialAction\":[{\"@type\":\"ReadAction\",\"target\":[\"https:\/\/psol50.org.br\/psol-pede-abertura-de-inquerito-contra-bolsonaro-e-daniel-silveira-apos-falas-de-marco-do-val\/\"]}]},{\"@type\":\"ImageObject\",\"inLanguage\":\"pt-BR\",\"@id\":\"https:\/\/psol50.org.br\/psol-pede-abertura-de-inquerito-contra-bolsonaro-e-daniel-silveira-apos-falas-de-marco-do-val\/#primaryimage\",\"url\":\"https:\/\/psol50.org.br\/inc\/uploads\/2023\/02\/Captura-de-Tela-2023-02-03-as-17.06.47.png\",\"contentUrl\":\"https:\/\/psol50.org.br\/inc\/uploads\/2023\/02\/Captura-de-Tela-2023-02-03-as-17.06.47.png\",\"width\":1844,\"height\":1202,\"caption\":\"Foto: Reprodu\u00e7\u00e3o\"},{\"@type\":\"BreadcrumbList\",\"@id\":\"https:\/\/psol50.org.br\/psol-pede-abertura-de-inquerito-contra-bolsonaro-e-daniel-silveira-apos-falas-de-marco-do-val\/#breadcrumb\",\"itemListElement\":[{\"@type\":\"ListItem\",\"position\":1,\"name\":\"In\u00edcio\",\"item\":\"https:\/\/psol50.org.br\/\"},{\"@type\":\"ListItem\",\"position\":2,\"name\":\"PSOL pede abertura de inqu\u00e9rito contra Bolsonaro e Daniel Silveira ap\u00f3s falas de Marco do Val\"}]},{\"@type\":\"WebSite\",\"@id\":\"https:\/\/psol50.org.br\/#website\",\"url\":\"https:\/\/psol50.org.br\/\",\"name\":\"PSOL 50\",\"description\":\"Site oficial do Partido Socialismo e Liberdade\",\"publisher\":{\"@id\":\"https:\/\/psol50.org.br\/#organization\"},\"alternateName\":\"PSOL50\",\"potentialAction\":[{\"@type\":\"SearchAction\",\"target\":{\"@type\":\"EntryPoint\",\"urlTemplate\":\"https:\/\/psol50.org.br\/?s={search_term_string}\"},\"query-input\":{\"@type\":\"PropertyValueSpecification\",\"valueRequired\":true,\"valueName\":\"search_term_string\"}}],\"inLanguage\":\"pt-BR\"},{\"@type\":\"Organization\",\"@id\":\"https:\/\/psol50.org.br\/#organization\",\"name\":\"PSOL 50\",\"alternateName\":\"PSOL 50\",\"url\":\"https:\/\/psol50.org.br\/\",\"logo\":{\"@type\":\"ImageObject\",\"inLanguage\":\"pt-BR\",\"@id\":\"https:\/\/psol50.org.br\/#\/schema\/logo\/image\/\",\"url\":\"https:\/\/psol50.org.br\/inc\/uploads\/2018\/07\/capa.png\",\"contentUrl\":\"https:\/\/psol50.org.br\/inc\/uploads\/2018\/07\/capa.png\",\"width\":1350,\"height\":900,\"caption\":\"PSOL 50\"},\"image\":{\"@id\":\"https:\/\/psol50.org.br\/#\/schema\/logo\/image\/\"},\"sameAs\":[\"https:\/\/www.facebook.com\/psol50\",\"https:\/\/x.com\/psol50\",\"https:\/\/www.instagram.com\/psol50\/\",\"https:\/\/www.youtube.com\/channel\/UC7SnJS5o1os7a6CaiNabzcg\"]},{\"@type\":\"Person\",\"@id\":\"https:\/\/psol50.org.br\/#\/schema\/person\/475dfa57d0b815993c714c2e96491fcd\",\"name\":\"Comunica\u00e7\u00e3o PSOL\",\"image\":{\"@type\":\"ImageObject\",\"inLanguage\":\"pt-BR\",\"@id\":\"https:\/\/psol50.org.br\/#\/schema\/person\/image\/\",\"url\":\"https:\/\/secure.gravatar.com\/avatar\/b34fc4f4e468a4e51785917065a3db57b841f5c95dba6ad8c73aaf8f66f8f9bf?s=96&d=mm&r=g\",\"contentUrl\":\"https:\/\/secure.gravatar.com\/avatar\/b34fc4f4e468a4e51785917065a3db57b841f5c95dba6ad8c73aaf8f66f8f9bf?s=96&d=mm&r=g\",\"caption\":\"Comunica\u00e7\u00e3o PSOL\"}}]}<\/script>\n<!-- \/ Yoast SEO plugin. -->","yoast_head_json":{"title":"PSOL pede abertura de inqu\u00e9rito contra Bolsonaro e Daniel Silveira ap\u00f3s falas de Marco do Val","description":"A\u00e7\u00e3o capitaneada pelo l\u00edder da bancada do PSOL, Guilherme Boulos, pede que MPF investigue os dois por atentado ao Estado Democr\u00e1tico de Direito.","robots":{"index":"index","follow":"follow","max-snippet":"max-snippet:-1","max-image-preview":"max-image-preview:large","max-video-preview":"max-video-preview:-1"},"canonical":"https:\/\/psol50.org.br\/psol-pede-abertura-de-inquerito-contra-bolsonaro-e-daniel-silveira-apos-falas-de-marco-do-val\/","og_locale":"pt_BR","og_type":"article","og_title":"PSOL pede abertura de inqu\u00e9rito contra Bolsonaro e Daniel Silveira ap\u00f3s falas de Marco do Val","og_description":"A\u00e7\u00e3o capitaneada pelo l\u00edder da bancada do PSOL, Guilherme Boulos, pede que MPF investigue os dois por atentado ao Estado Democr\u00e1tico de Direito.","og_url":"https:\/\/psol50.org.br\/psol-pede-abertura-de-inquerito-contra-bolsonaro-e-daniel-silveira-apos-falas-de-marco-do-val\/","og_site_name":"PSOL 50","article_publisher":"https:\/\/www.facebook.com\/psol50","article_published_time":"2023-02-03T20:07:34+00:00","article_modified_time":"2023-02-06T18:21:16+00:00","og_image":[{"width":1024,"height":667,"url":"https:\/\/psol50.org.br\/inc\/uploads\/2023\/02\/Captura-de-Tela-2023-02-03-as-17.06.47-1024x667.png","type":"image\/png"}],"author":"Comunica\u00e7\u00e3o PSOL","twitter_card":"summary_large_image","twitter_creator":"@psol50","twitter_site":"@psol50","twitter_misc":{"Escrito por":"Comunica\u00e7\u00e3o PSOL","Est. tempo de leitura":"1 minuto"},"schema":{"@context":"https:\/\/schema.org","@graph":[{"@type":"Article","@id":"https:\/\/psol50.org.br\/psol-pede-abertura-de-inquerito-contra-bolsonaro-e-daniel-silveira-apos-falas-de-marco-do-val\/#article","isPartOf":{"@id":"https:\/\/psol50.org.br\/psol-pede-abertura-de-inquerito-contra-bolsonaro-e-daniel-silveira-apos-falas-de-marco-do-val\/"},"author":{"name":"Comunica\u00e7\u00e3o PSOL","@id":"https:\/\/psol50.org.br\/#\/schema\/person\/475dfa57d0b815993c714c2e96491fcd"},"headline":"PSOL pede abertura de inqu\u00e9rito contra Bolsonaro e Daniel Silveira ap\u00f3s falas de Marco do Val","datePublished":"2023-02-03T20:07:34+00:00","dateModified":"2023-02-06T18:21:16+00:00","mainEntityOfPage":{"@id":"https:\/\/psol50.org.br\/psol-pede-abertura-de-inquerito-contra-bolsonaro-e-daniel-silveira-apos-falas-de-marco-do-val\/"},"wordCount":191,"commentCount":0,"publisher":{"@id":"https:\/\/psol50.org.br\/#organization"},"image":{"@id":"https:\/\/psol50.org.br\/psol-pede-abertura-de-inquerito-contra-bolsonaro-e-daniel-silveira-apos-falas-de-marco-do-val\/#primaryimage"},"thumbnailUrl":"https:\/\/psol50.org.br\/inc\/uploads\/2023\/02\/Captura-de-Tela-2023-02-03-as-17.06.47.png","keywords":["Not\u00edcias"],"articleSection":["A\u00e7\u00e3o Parlamentar"],"inLanguage":"pt-BR","potentialAction":[{"@type":"CommentAction","name":"Comment","target":["https:\/\/psol50.org.br\/psol-pede-abertura-de-inquerito-contra-bolsonaro-e-daniel-silveira-apos-falas-de-marco-do-val\/#respond"]}]},{"@type":"WebPage","@id":"https:\/\/psol50.org.br\/psol-pede-abertura-de-inquerito-contra-bolsonaro-e-daniel-silveira-apos-falas-de-marco-do-val\/","url":"https:\/\/psol50.org.br\/psol-pede-abertura-de-inquerito-contra-bolsonaro-e-daniel-silveira-apos-falas-de-marco-do-val\/","name":"PSOL pede abertura de inqu\u00e9rito contra Bolsonaro e Daniel Silveira ap\u00f3s falas de Marco do Val","isPartOf":{"@id":"https:\/\/psol50.org.br\/#website"},"primaryImageOfPage":{"@id":"https:\/\/psol50.org.br\/psol-pede-abertura-de-inquerito-contra-bolsonaro-e-daniel-silveira-apos-falas-de-marco-do-val\/#primaryimage"},"image":{"@id":"https:\/\/psol50.org.br\/psol-pede-abertura-de-inquerito-contra-bolsonaro-e-daniel-silveira-apos-falas-de-marco-do-val\/#primaryimage"},"thumbnailUrl":"https:\/\/psol50.org.br\/inc\/uploads\/2023\/02\/Captura-de-Tela-2023-02-03-as-17.06.47.png","datePublished":"2023-02-03T20:07:34+00:00","dateModified":"2023-02-06T18:21:16+00:00","description":"A\u00e7\u00e3o capitaneada pelo l\u00edder da bancada do PSOL, Guilherme Boulos, pede que MPF investigue os dois por atentado ao Estado Democr\u00e1tico de Direito.","breadcrumb":{"@id":"https:\/\/psol50.org.br\/psol-pede-abertura-de-inquerito-contra-bolsonaro-e-daniel-silveira-apos-falas-de-marco-do-val\/#breadcrumb"},"inLanguage":"pt-BR","potentialAction":[{"@type":"ReadAction","target":["https:\/\/psol50.org.br\/psol-pede-abertura-de-inquerito-contra-bolsonaro-e-daniel-silveira-apos-falas-de-marco-do-val\/"]}]},{"@type":"ImageObject","inLanguage":"pt-BR","@id":"https:\/\/psol50.org.br\/psol-pede-abertura-de-inquerito-contra-bolsonaro-e-daniel-silveira-apos-falas-de-marco-do-val\/#primaryimage","url":"https:\/\/psol50.org.br\/inc\/uploads\/2023\/02\/Captura-de-Tela-2023-02-03-as-17.06.47.png","contentUrl":"https:\/\/psol50.org.br\/inc\/uploads\/2023\/02\/Captura-de-Tela-2023-02-03-as-17.06.47.png","width":1844,"height":1202,"caption":"Foto: Reprodu\u00e7\u00e3o"},{"@type":"BreadcrumbList","@id":"https:\/\/psol50.org.br\/psol-pede-abertura-de-inquerito-contra-bolsonaro-e-daniel-silveira-apos-falas-de-marco-do-val\/#breadcrumb","itemListElement":[{"@type":"ListItem","position":1,"name":"In\u00edcio","item":"https:\/\/psol50.org.br\/"},{"@type":"ListItem","position":2,"name":"PSOL pede abertura de inqu\u00e9rito contra Bolsonaro e Daniel Silveira ap\u00f3s falas de Marco do Val"}]},{"@type":"WebSite","@id":"https:\/\/psol50.org.br\/#website","url":"https:\/\/psol50.org.br\/","name":"PSOL 50","description":"Site oficial do Partido Socialismo e Liberdade","publisher":{"@id":"https:\/\/psol50.org.br\/#organization"},"alternateName":"PSOL50","potentialAction":[{"@type":"SearchAction","target":{"@type":"EntryPoint","urlTemplate":"https:\/\/psol50.org.br\/?s={search_term_string}"},"query-input":{"@type":"PropertyValueSpecification","valueRequired":true,"valueName":"search_term_string"}}],"inLanguage":"pt-BR"},{"@type":"Organization","@id":"https:\/\/psol50.org.br\/#organization","name":"PSOL 50","alternateName":"PSOL 50","url":"https:\/\/psol50.org.br\/","logo":{"@type":"ImageObject","inLanguage":"pt-BR","@id":"https:\/\/psol50.org.br\/#\/schema\/logo\/image\/","url":"https:\/\/psol50.org.br\/inc\/uploads\/2018\/07\/capa.png","contentUrl":"https:\/\/psol50.org.br\/inc\/uploads\/2018\/07\/capa.png","width":1350,"height":900,"caption":"PSOL 50"},"image":{"@id":"https:\/\/psol50.org.br\/#\/schema\/logo\/image\/"},"sameAs":["https:\/\/www.facebook.com\/psol50","https:\/\/x.com\/psol50","https:\/\/www.instagram.com\/psol50\/","https:\/\/www.youtube.com\/channel\/UC7SnJS5o1os7a6CaiNabzcg"]},{"@type":"Person","@id":"https:\/\/psol50.org.br\/#\/schema\/person\/475dfa57d0b815993c714c2e96491fcd","name":"Comunica\u00e7\u00e3o PSOL","image":{"@type":"ImageObject","inLanguage":"pt-BR","@id":"https:\/\/psol50.org.br\/#\/schema\/person\/image\/","url":"https:\/\/secure.gravatar.com\/avatar\/b34fc4f4e468a4e51785917065a3db57b841f5c95dba6ad8c73aaf8f66f8f9bf?s=96&d=mm&r=g","contentUrl":"https:\/\/secure.gravatar.com\/avatar\/b34fc4f4e468a4e51785917065a3db57b841f5c95dba6ad8c73aaf8f66f8f9bf?s=96&d=mm&r=g","caption":"Comunica\u00e7\u00e3o PSOL"}}]}},"_links":{"self":[{"href":"https:\/\/psol50.org.br\/rest\/wp\/v2\/posts\/36917","targetHints":{"allow":["GET"]}}],"collection":[{"href":"https:\/\/psol50.org.br\/rest\/wp\/v2\/posts"}],"about":[{"href":"https:\/\/psol50.org.br\/rest\/wp\/v2\/types\/post"}],"author":[{"embeddable":true,"href":"https:\/\/psol50.org.br\/rest\/wp\/v2\/users\/2"}],"replies":[{"embeddable":true,"href":"https:\/\/psol50.org.br\/rest\/wp\/v2\/comments?post=36917"}],"version-history":[{"count":2,"href":"https:\/\/psol50.org.br\/rest\/wp\/v2\/posts\/36917\/revisions"}],"predecessor-version":[{"id":36919,"href":"https:\/\/psol50.org.br\/rest\/wp\/v2\/posts\/36917\/revisions\/36919"}],"wp:featuredmedia":[{"embeddable":true,"href":"https:\/\/psol50.org.br\/rest\/wp\/v2\/media\/36920"}],"wp:attachment":[{"href":"https:\/\/psol50.org.br\/rest\/wp\/v2\/media?parent=36917"}],"wp:term":[{"taxonomy":"category","embeddable":true,"href":"https:\/\/psol50.org.br\/rest\/wp\/v2\/categories?post=36917"},{"taxonomy":"post_tag","embeddable":true,"href":"https:\/\/psol50.org.br\/rest\/wp\/v2\/tags?post=36917"}],"curies":[{"name":"wp","href":"https:\/\/api.w.org\/{rel}","templated":true}]}}