{"id":36934,"date":"2023-02-06T16:42:57","date_gmt":"2023-02-06T19:42:57","guid":{"rendered":"https:\/\/psol50.org.br\/?p=36934"},"modified":"2023-02-15T17:09:54","modified_gmt":"2023-02-15T20:09:54","slug":"sem-anistia-serie-de-acoes-do-psol-desde-o-inicio-do-ano-busca-responsabilizar-golpistas","status":"publish","type":"post","link":"https:\/\/psol50.org.br\/sem-anistia-serie-de-acoes-do-psol-desde-o-inicio-do-ano-busca-responsabilizar-golpistas\/","title":{"rendered":"SEM ANISTIA: S\u00e9rie de a\u00e7\u00f5es do PSOL desde o in\u00edcio do ano busca responsabilizar golpistas"},"content":{"rendered":"<p>Muitos dizem que o ano s\u00f3 come\u00e7a mesmo depois do Carnaval. Mas, para n\u00f3s do PSOL, j\u00e1 teve muito trabalho desde os primeiros dias do ano para combater o golpismo bolsonarista, que segue amea\u00e7ando a democracia brasileira e tentando impedir Lula de governar.<\/p>\n<p>Desde pedido de pris\u00e3o, passando por abertura de CPI at\u00e9 pedidos de cassa\u00e7\u00e3o e de investiga\u00e7\u00e3o, o que n\u00e3o faltou foi iniciativa do PSOL em defesa da democracia e do Estado Democr\u00e1tico de Direito.<\/p>\n<h5><strong>Conhe\u00e7a abaixo algumas das principais a\u00e7\u00f5es do PSOL contra o golpismo neste in\u00edcio de 2023:<\/strong><\/h5>\n<ul>\n<li><strong><a href=\"https:\/\/psol50.org.br\/entenda-acao-do-psol-que-pede-prisao-preventiva-de-bolsonaro\/\" target=\"_blank\" rel=\"noopener\">Pris\u00e3o de Bolsonaro<\/a><\/strong>: Logo no primeiro dia \u00fatil de 2023, o PSOL acionou o Supremo Tribunal Federal (STF) para pedir a pris\u00e3o de Jair Bolsonaro, que fugiu do pa\u00eds no \u00faltimo dia 30 de dezembro. A a\u00e7\u00e3o tamb\u00e9m pede a apreens\u00e3o do passaporte do ex-presidente, mandados de busca e apreens\u00e3o, assim como a quebra de sigilos telef\u00f4nico e telem\u00e1tico.<\/li>\n<li><strong><a href=\"https:\/\/psol50.org.br\/psol-pede-cpi-para-investigar-atos-golpistas-e-terroristas\/\" target=\"_blank\" rel=\"noopener\">CPI para investigar os atos golpistas<\/a><\/strong>: No dia seguinte aos atos terroristas que destru\u00edram a Pra\u00e7a dos Tr\u00eas Poderes em Bras\u00edlia, a bancada do PSOL na C\u00e2mara come\u00e7ou a colher assinaturas para abrir uma CPI que investigue os organizadores e financiadores dos atos golpistas e que tamb\u00e9m possa investigar a conduta de for\u00e7as de seguran\u00e7a p\u00fablica e governadores que venham sendo coniventes com essa organiza\u00e7\u00e3o criminosa e estejam prevaricando em seu cargo.<\/li>\n<li><strong><a href=\"https:\/\/psol50.org.br\/psol-pede-impeachment-do-governador-do-df-ibaneis-rocha\/\" target=\"_blank\" rel=\"noopener\">Impeachment de Ibaneis Rocha do governo do DF<\/a><\/strong>: A bancada do PSOL na C\u00e2mara Legislativa do Distrito Federal, composta por Fabio F\u00e9lix e Max Maciel, ingressou com um pedido de impeachment do governador do DF, ap\u00f3s a demonstra\u00e7\u00e3o de sua incapacidade de deter os atos golpistas e terroristas na capital federal e garantir a seguran\u00e7a da popula\u00e7\u00e3o. A a\u00e7\u00e3o foi protocolada junto com o presidente nacional do partido, Juliano Medeiros.<\/li>\n<li><strong><a href=\"https:\/\/psol50.org.br\/psol-pede-inclusao-de-parlamentares-bolsonaristas-que-incitaram-golpe-em-inquerito-no-stf\/\" target=\"_blank\" rel=\"noopener\">Inclus\u00e3o de parlamentares golpistas no inqu\u00e9rito dos atos antidemocr\u00e1ticos<\/a><\/strong>: O PSOL tamb\u00e9m pediu a inclus\u00e3o de 11 parlamentares, entre deputados federais e estaduais, no rol de investigados pelo STF no inqu\u00e9rito dos atos antidemocr\u00e1ticos. Os deputados e deputadas bolsonaristas apoiaram em suas redes sociais as a\u00e7\u00f5es terroristas que aconteceram em Bras\u00edlia durante o 8 de janeiro. Alguns dias depois, a <strong><a href=\"https:\/\/psol50.org.br\/apos-acao-do-psol-pgr-abre-inquerito-contra-tres-deputados-bolsonaristas\/\" target=\"_blank\" rel=\"noopener\">PGR solicitou a abertura de inqu\u00e9rito<\/a><\/strong> contra tr\u00eas desses parlamentares. Com o in\u00edcio da nova legislatura na C\u00e2mara, em 1\u00ba de fevereiro, o <strong><a href=\"https:\/\/psol50.org.br\/psol-pede-cassacao-de-deputados-bolsonaristas-que-promoveram-os-atos-golpistas-de-8-de-janeiro\/\" target=\"_blank\" rel=\"noopener\">PSOL tamb\u00e9m acionou o Conselho de \u00c9tica para cassar os mandatos<\/a><\/strong> dos deputados federais golpistas.<\/li>\n<li><strong><a href=\"https:\/\/psol50.org.br\/apoie-psol-lanca-campanha-bolsonaro-preso-sem-anistia\/\" target=\"_blank\" rel=\"noopener\">Coleta de assinaturas pela pris\u00e3o de Bolsonaro e abertura da CPI dos Golpistas<\/a><\/strong>: O PSOL segue coletando assinaturas que ser\u00e3o entregues ao STF e ao Congresso Nacional pressionando pela pris\u00e3o imediata de Bolsonaro e pela abertura de uma CPI para investigar os organizadores e financiadores dos atos golpistas. At\u00e9 esta segunda (6), j\u00e1 foram coletadas mais de 280 mil assinaturas de todo o Brasil.<\/li>\n<li><strong><a href=\"https:\/\/psol50.org.br\/psol-pede-suspensao-das-redes-sociais-de-bolsonaro\/\" target=\"_blank\" rel=\"noopener\">Suspens\u00e3o das redes sociais de Bolsonaro<\/a><\/strong>: Mesmo fora do pa\u00eds, Jair Bolsonaro seguiu incitando as manifesta\u00e7\u00f5es golpistas com postagens em suas redes sociais. Na mesma semana ap\u00f3s a invas\u00e3o terrorista na Pra\u00e7a dos Tr\u00eas Poderes em Bras\u00edlia, Bolsonaro publicou em suas redes um v\u00eddeo com uma s\u00e9rie de fake news questionando a legitimidade das elei\u00e7\u00f5es. Pouco tempo depois, o v\u00eddeo foi deletado, mas o recado a seus seguidores j\u00e1 estava dado. Ap\u00f3s isso, a bancada do PSOL pediu a suspens\u00e3o das redes sociais de Bolsonaro.<\/li>\n<li><strong><a href=\"https:\/\/psol50.org.br\/deputados-do-psol-se-somam-a-parlamentares-brasileiros-e-dos-eua-em-ato-inedito-pela-democracia\/\" target=\"_blank\" rel=\"noopener\">Ato in\u00e9dito com parlamentares do Brasil e dos EUA<\/a><\/strong>: A bancada do PSOL se uniu a outros quase 70 parlamentares dos dois pa\u00edses em uma manifesta\u00e7\u00e3o in\u00e9dita condenando os atos autorit\u00e1rios e golpistas da extrema-direita que atacam as democracias dos dois pa\u00edses. Todos os parlamentares federais do PSOL assinaram a manifesta\u00e7\u00e3o conjunta.<\/li>\n<li><strong><a href=\"https:\/\/psol50.org.br\/psol-aciona-mpf-contra-comandante-do-exercito-por-prevaricacao-com-atos-golpistas\/\" target=\"_blank\" rel=\"noopener\">A\u00e7\u00e3o contra comandante do Ex\u00e9rcito por prevarica\u00e7\u00e3o<\/a><\/strong>: A deputada federal Luciene Cavalcante (PSOL) acionou o Minist\u00e9rio P\u00fablico Federal para que o general J\u00falio C\u00e9sar de Arruda, ent\u00e3o comandante do Ex\u00e9rcito, seja investigado pelo crime de prevarica\u00e7\u00e3o. O comandante n\u00e3o se empenhou na desmobiliza\u00e7\u00e3o do acampamento bolsonarista montado em frente ao quartel-general do Distrito Federal. O Ex\u00e9rcito al\u00e9m de n\u00e3o desmobilizar o acampamento, ainda fez um cord\u00e3o de isolamento para postergar a pris\u00e3o de golpistas envolvidos na depreda\u00e7\u00e3o. Em 21 de janeiro, o presidente Lula exonerou o general do comando do Ex\u00e9rcito.<\/li>\n<li><strong><a href=\"https:\/\/psol50.org.br\/psol-pede-abertura-de-inquerito-contra-bolsonaro-e-daniel-silveira-apos-falas-de-marco-do-val\/\" target=\"_blank\" rel=\"noopener\">Pedido de inqu\u00e9rito contra Bolsonaro e Daniel Silveira por tentativa de grampear Alexandre de Moraes<\/a><\/strong>: Ap\u00f3s as den\u00fancias do senador Marcos do Val de que Bolsonaro e Silveira teriam pedido para que o parlamentar grampeasse uma conversa com o ministro do STF Alexandre de Moraes do STF na tentativa de justificar uma tentativa de golpe de estado que impediria a posse do presidente Lula, a bancada do PSOL na C\u00e2mara, por iniciativa de seu novo l\u00edder Guilherme Boulos, apresentou uma not\u00edcia-crime no MPF para que os dois sejam investigados e punidos por atentado ao Estado Democr\u00e1tico de Direito.<\/li>\n<\/ul>\n","protected":false},"excerpt":{"rendered":"<p>Muitos dizem que o ano s\u00f3 come\u00e7a mesmo depois do Carnaval. Mas, para n\u00f3s do PSOL, j\u00e1 teve muito trabalho desde os primeiros dias do ano para combater o golpismo bolsonarista, que segue amea\u00e7ando a democracia brasileira e tentando impedir Lula de governar. Desde pedido de pris\u00e3o, passando por abertura de CPI at\u00e9 pedidos de [&hellip;]<\/p>\n","protected":false},"author":2,"featured_media":36941,"comment_status":"open","ping_status":"open","sticky":false,"template":"","format":"standard","meta":{"_acf_changed":false,"footnotes":""},"categories":[14],"tags":[4825],"class_list":{"0":"post-36934","1":"post","2":"type-post","3":"status-publish","4":"format-standard","5":"has-post-thumbnail","7":"category-partido","8":"tag-noticias"},"acf":[],"yoast_head":"<!-- This site is optimized with the Yoast SEO plugin v26.5 - https:\/\/yoast.com\/wordpress\/plugins\/seo\/ -->\n<title>SEM ANISTIA: S\u00e9rie de a\u00e7\u00f5es do PSOL desde o in\u00edcio do ano busca responsabilizar golpistas<\/title>\n<meta name=\"description\" content=\"Quase uma dezena de iniciativas do PSOL nos \u00faltimos dias buscam fazer com que golpistas respondam por seus ataques \u00e0 democracia.\" \/>\n<meta name=\"robots\" content=\"index, follow, max-snippet:-1, max-image-preview:large, max-video-preview:-1\" \/>\n<link rel=\"canonical\" href=\"https:\/\/psol50.org.br\/sem-anistia-serie-de-acoes-do-psol-desde-o-inicio-do-ano-busca-responsabilizar-golpistas\/\" \/>\n<meta property=\"og:locale\" content=\"pt_BR\" \/>\n<meta property=\"og:type\" content=\"article\" \/>\n<meta property=\"og:title\" content=\"SEM ANISTIA: S\u00e9rie de a\u00e7\u00f5es do PSOL desde o in\u00edcio do ano busca responsabilizar golpistas\" \/>\n<meta property=\"og:description\" content=\"Quase uma dezena de iniciativas do PSOL nos \u00faltimos dias buscam fazer com que golpistas respondam por seus ataques \u00e0 democracia.\" \/>\n<meta property=\"og:url\" content=\"https:\/\/psol50.org.br\/sem-anistia-serie-de-acoes-do-psol-desde-o-inicio-do-ano-busca-responsabilizar-golpistas\/\" \/>\n<meta property=\"og:site_name\" content=\"PSOL 50\" \/>\n<meta property=\"article:publisher\" content=\"https:\/\/www.facebook.com\/psol50\" \/>\n<meta property=\"article:published_time\" content=\"2023-02-06T19:42:57+00:00\" \/>\n<meta property=\"article:modified_time\" content=\"2023-02-15T20:09:54+00:00\" \/>\n<meta property=\"og:image\" content=\"https:\/\/psol50.org.br\/inc\/uploads\/2023\/02\/Design-sem-nome-2023-01-09T142510.158.png\" \/>\n\t<meta property=\"og:image:width\" content=\"1200\" \/>\n\t<meta property=\"og:image:height\" content=\"675\" \/>\n\t<meta property=\"og:image:type\" content=\"image\/png\" \/>\n<meta name=\"author\" content=\"Comunica\u00e7\u00e3o PSOL\" \/>\n<meta name=\"twitter:card\" content=\"summary_large_image\" \/>\n<meta name=\"twitter:creator\" content=\"@psol50\" \/>\n<meta name=\"twitter:site\" content=\"@psol50\" \/>\n<meta name=\"twitter:label1\" content=\"Escrito por\" \/>\n\t<meta name=\"twitter:data1\" content=\"Comunica\u00e7\u00e3o PSOL\" \/>\n\t<meta name=\"twitter:label2\" content=\"Est. tempo de leitura\" \/>\n\t<meta name=\"twitter:data2\" content=\"4 minutos\" \/>\n<script type=\"application\/ld+json\" class=\"yoast-schema-graph\">{\"@context\":\"https:\/\/schema.org\",\"@graph\":[{\"@type\":\"Article\",\"@id\":\"https:\/\/psol50.org.br\/sem-anistia-serie-de-acoes-do-psol-desde-o-inicio-do-ano-busca-responsabilizar-golpistas\/#article\",\"isPartOf\":{\"@id\":\"https:\/\/psol50.org.br\/sem-anistia-serie-de-acoes-do-psol-desde-o-inicio-do-ano-busca-responsabilizar-golpistas\/\"},\"author\":{\"name\":\"Comunica\u00e7\u00e3o PSOL\",\"@id\":\"https:\/\/psol50.org.br\/#\/schema\/person\/475dfa57d0b815993c714c2e96491fcd\"},\"headline\":\"SEM ANISTIA: S\u00e9rie de a\u00e7\u00f5es do PSOL desde o in\u00edcio do ano busca responsabilizar golpistas\",\"datePublished\":\"2023-02-06T19:42:57+00:00\",\"dateModified\":\"2023-02-15T20:09:54+00:00\",\"mainEntityOfPage\":{\"@id\":\"https:\/\/psol50.org.br\/sem-anistia-serie-de-acoes-do-psol-desde-o-inicio-do-ano-busca-responsabilizar-golpistas\/\"},\"wordCount\":891,\"commentCount\":0,\"publisher\":{\"@id\":\"https:\/\/psol50.org.br\/#organization\"},\"image\":{\"@id\":\"https:\/\/psol50.org.br\/sem-anistia-serie-de-acoes-do-psol-desde-o-inicio-do-ano-busca-responsabilizar-golpistas\/#primaryimage\"},\"thumbnailUrl\":\"https:\/\/psol50.org.br\/inc\/uploads\/2023\/02\/Design-sem-nome-2023-01-09T142510.158.png\",\"keywords\":[\"Not\u00edcias\"],\"articleSection\":[\"Partido\"],\"inLanguage\":\"pt-BR\",\"potentialAction\":[{\"@type\":\"CommentAction\",\"name\":\"Comment\",\"target\":[\"https:\/\/psol50.org.br\/sem-anistia-serie-de-acoes-do-psol-desde-o-inicio-do-ano-busca-responsabilizar-golpistas\/#respond\"]}]},{\"@type\":\"WebPage\",\"@id\":\"https:\/\/psol50.org.br\/sem-anistia-serie-de-acoes-do-psol-desde-o-inicio-do-ano-busca-responsabilizar-golpistas\/\",\"url\":\"https:\/\/psol50.org.br\/sem-anistia-serie-de-acoes-do-psol-desde-o-inicio-do-ano-busca-responsabilizar-golpistas\/\",\"name\":\"SEM ANISTIA: S\u00e9rie de a\u00e7\u00f5es do PSOL desde o in\u00edcio do ano busca responsabilizar golpistas\",\"isPartOf\":{\"@id\":\"https:\/\/psol50.org.br\/#website\"},\"primaryImageOfPage\":{\"@id\":\"https:\/\/psol50.org.br\/sem-anistia-serie-de-acoes-do-psol-desde-o-inicio-do-ano-busca-responsabilizar-golpistas\/#primaryimage\"},\"image\":{\"@id\":\"https:\/\/psol50.org.br\/sem-anistia-serie-de-acoes-do-psol-desde-o-inicio-do-ano-busca-responsabilizar-golpistas\/#primaryimage\"},\"thumbnailUrl\":\"https:\/\/psol50.org.br\/inc\/uploads\/2023\/02\/Design-sem-nome-2023-01-09T142510.158.png\",\"datePublished\":\"2023-02-06T19:42:57+00:00\",\"dateModified\":\"2023-02-15T20:09:54+00:00\",\"description\":\"Quase uma dezena de iniciativas do PSOL nos \u00faltimos dias buscam fazer com que golpistas respondam por seus ataques \u00e0 democracia.\",\"breadcrumb\":{\"@id\":\"https:\/\/psol50.org.br\/sem-anistia-serie-de-acoes-do-psol-desde-o-inicio-do-ano-busca-responsabilizar-golpistas\/#breadcrumb\"},\"inLanguage\":\"pt-BR\",\"potentialAction\":[{\"@type\":\"ReadAction\",\"target\":[\"https:\/\/psol50.org.br\/sem-anistia-serie-de-acoes-do-psol-desde-o-inicio-do-ano-busca-responsabilizar-golpistas\/\"]}]},{\"@type\":\"ImageObject\",\"inLanguage\":\"pt-BR\",\"@id\":\"https:\/\/psol50.org.br\/sem-anistia-serie-de-acoes-do-psol-desde-o-inicio-do-ano-busca-responsabilizar-golpistas\/#primaryimage\",\"url\":\"https:\/\/psol50.org.br\/inc\/uploads\/2023\/02\/Design-sem-nome-2023-01-09T142510.158.png\",\"contentUrl\":\"https:\/\/psol50.org.br\/inc\/uploads\/2023\/02\/Design-sem-nome-2023-01-09T142510.158.png\",\"width\":1200,\"height\":675},{\"@type\":\"BreadcrumbList\",\"@id\":\"https:\/\/psol50.org.br\/sem-anistia-serie-de-acoes-do-psol-desde-o-inicio-do-ano-busca-responsabilizar-golpistas\/#breadcrumb\",\"itemListElement\":[{\"@type\":\"ListItem\",\"position\":1,\"name\":\"In\u00edcio\",\"item\":\"https:\/\/psol50.org.br\/\"},{\"@type\":\"ListItem\",\"position\":2,\"name\":\"SEM ANISTIA: S\u00e9rie de a\u00e7\u00f5es do PSOL desde o in\u00edcio do ano busca responsabilizar golpistas\"}]},{\"@type\":\"WebSite\",\"@id\":\"https:\/\/psol50.org.br\/#website\",\"url\":\"https:\/\/psol50.org.br\/\",\"name\":\"PSOL 50\",\"description\":\"Site oficial do Partido Socialismo e Liberdade\",\"publisher\":{\"@id\":\"https:\/\/psol50.org.br\/#organization\"},\"alternateName\":\"PSOL50\",\"potentialAction\":[{\"@type\":\"SearchAction\",\"target\":{\"@type\":\"EntryPoint\",\"urlTemplate\":\"https:\/\/psol50.org.br\/?s={search_term_string}\"},\"query-input\":{\"@type\":\"PropertyValueSpecification\",\"valueRequired\":true,\"valueName\":\"search_term_string\"}}],\"inLanguage\":\"pt-BR\"},{\"@type\":\"Organization\",\"@id\":\"https:\/\/psol50.org.br\/#organization\",\"name\":\"PSOL 50\",\"alternateName\":\"PSOL 50\",\"url\":\"https:\/\/psol50.org.br\/\",\"logo\":{\"@type\":\"ImageObject\",\"inLanguage\":\"pt-BR\",\"@id\":\"https:\/\/psol50.org.br\/#\/schema\/logo\/image\/\",\"url\":\"https:\/\/psol50.org.br\/inc\/uploads\/2018\/07\/capa.png\",\"contentUrl\":\"https:\/\/psol50.org.br\/inc\/uploads\/2018\/07\/capa.png\",\"width\":1350,\"height\":900,\"caption\":\"PSOL 50\"},\"image\":{\"@id\":\"https:\/\/psol50.org.br\/#\/schema\/logo\/image\/\"},\"sameAs\":[\"https:\/\/www.facebook.com\/psol50\",\"https:\/\/x.com\/psol50\",\"https:\/\/www.instagram.com\/psol50\/\",\"https:\/\/www.youtube.com\/channel\/UC7SnJS5o1os7a6CaiNabzcg\"]},{\"@type\":\"Person\",\"@id\":\"https:\/\/psol50.org.br\/#\/schema\/person\/475dfa57d0b815993c714c2e96491fcd\",\"name\":\"Comunica\u00e7\u00e3o PSOL\",\"image\":{\"@type\":\"ImageObject\",\"inLanguage\":\"pt-BR\",\"@id\":\"https:\/\/psol50.org.br\/#\/schema\/person\/image\/\",\"url\":\"https:\/\/secure.gravatar.com\/avatar\/b34fc4f4e468a4e51785917065a3db57b841f5c95dba6ad8c73aaf8f66f8f9bf?s=96&d=mm&r=g\",\"contentUrl\":\"https:\/\/secure.gravatar.com\/avatar\/b34fc4f4e468a4e51785917065a3db57b841f5c95dba6ad8c73aaf8f66f8f9bf?s=96&d=mm&r=g\",\"caption\":\"Comunica\u00e7\u00e3o PSOL\"}}]}<\/script>\n<!-- \/ Yoast SEO plugin. -->","yoast_head_json":{"title":"SEM ANISTIA: S\u00e9rie de a\u00e7\u00f5es do PSOL desde o in\u00edcio do ano busca responsabilizar golpistas","description":"Quase uma dezena de iniciativas do PSOL nos \u00faltimos dias buscam fazer com que golpistas respondam por seus ataques \u00e0 democracia.","robots":{"index":"index","follow":"follow","max-snippet":"max-snippet:-1","max-image-preview":"max-image-preview:large","max-video-preview":"max-video-preview:-1"},"canonical":"https:\/\/psol50.org.br\/sem-anistia-serie-de-acoes-do-psol-desde-o-inicio-do-ano-busca-responsabilizar-golpistas\/","og_locale":"pt_BR","og_type":"article","og_title":"SEM ANISTIA: S\u00e9rie de a\u00e7\u00f5es do PSOL desde o in\u00edcio do ano busca responsabilizar golpistas","og_description":"Quase uma dezena de iniciativas do PSOL nos \u00faltimos dias buscam fazer com que golpistas respondam por seus ataques \u00e0 democracia.","og_url":"https:\/\/psol50.org.br\/sem-anistia-serie-de-acoes-do-psol-desde-o-inicio-do-ano-busca-responsabilizar-golpistas\/","og_site_name":"PSOL 50","article_publisher":"https:\/\/www.facebook.com\/psol50","article_published_time":"2023-02-06T19:42:57+00:00","article_modified_time":"2023-02-15T20:09:54+00:00","og_image":[{"width":1200,"height":675,"url":"https:\/\/psol50.org.br\/inc\/uploads\/2023\/02\/Design-sem-nome-2023-01-09T142510.158.png","type":"image\/png"}],"author":"Comunica\u00e7\u00e3o PSOL","twitter_card":"summary_large_image","twitter_creator":"@psol50","twitter_site":"@psol50","twitter_misc":{"Escrito por":"Comunica\u00e7\u00e3o PSOL","Est. tempo de leitura":"4 minutos"},"schema":{"@context":"https:\/\/schema.org","@graph":[{"@type":"Article","@id":"https:\/\/psol50.org.br\/sem-anistia-serie-de-acoes-do-psol-desde-o-inicio-do-ano-busca-responsabilizar-golpistas\/#article","isPartOf":{"@id":"https:\/\/psol50.org.br\/sem-anistia-serie-de-acoes-do-psol-desde-o-inicio-do-ano-busca-responsabilizar-golpistas\/"},"author":{"name":"Comunica\u00e7\u00e3o PSOL","@id":"https:\/\/psol50.org.br\/#\/schema\/person\/475dfa57d0b815993c714c2e96491fcd"},"headline":"SEM ANISTIA: S\u00e9rie de a\u00e7\u00f5es do PSOL desde o in\u00edcio do ano busca responsabilizar golpistas","datePublished":"2023-02-06T19:42:57+00:00","dateModified":"2023-02-15T20:09:54+00:00","mainEntityOfPage":{"@id":"https:\/\/psol50.org.br\/sem-anistia-serie-de-acoes-do-psol-desde-o-inicio-do-ano-busca-responsabilizar-golpistas\/"},"wordCount":891,"commentCount":0,"publisher":{"@id":"https:\/\/psol50.org.br\/#organization"},"image":{"@id":"https:\/\/psol50.org.br\/sem-anistia-serie-de-acoes-do-psol-desde-o-inicio-do-ano-busca-responsabilizar-golpistas\/#primaryimage"},"thumbnailUrl":"https:\/\/psol50.org.br\/inc\/uploads\/2023\/02\/Design-sem-nome-2023-01-09T142510.158.png","keywords":["Not\u00edcias"],"articleSection":["Partido"],"inLanguage":"pt-BR","potentialAction":[{"@type":"CommentAction","name":"Comment","target":["https:\/\/psol50.org.br\/sem-anistia-serie-de-acoes-do-psol-desde-o-inicio-do-ano-busca-responsabilizar-golpistas\/#respond"]}]},{"@type":"WebPage","@id":"https:\/\/psol50.org.br\/sem-anistia-serie-de-acoes-do-psol-desde-o-inicio-do-ano-busca-responsabilizar-golpistas\/","url":"https:\/\/psol50.org.br\/sem-anistia-serie-de-acoes-do-psol-desde-o-inicio-do-ano-busca-responsabilizar-golpistas\/","name":"SEM ANISTIA: S\u00e9rie de a\u00e7\u00f5es do PSOL desde o in\u00edcio do ano busca responsabilizar golpistas","isPartOf":{"@id":"https:\/\/psol50.org.br\/#website"},"primaryImageOfPage":{"@id":"https:\/\/psol50.org.br\/sem-anistia-serie-de-acoes-do-psol-desde-o-inicio-do-ano-busca-responsabilizar-golpistas\/#primaryimage"},"image":{"@id":"https:\/\/psol50.org.br\/sem-anistia-serie-de-acoes-do-psol-desde-o-inicio-do-ano-busca-responsabilizar-golpistas\/#primaryimage"},"thumbnailUrl":"https:\/\/psol50.org.br\/inc\/uploads\/2023\/02\/Design-sem-nome-2023-01-09T142510.158.png","datePublished":"2023-02-06T19:42:57+00:00","dateModified":"2023-02-15T20:09:54+00:00","description":"Quase uma dezena de iniciativas do PSOL nos \u00faltimos dias buscam fazer com que golpistas respondam por seus ataques \u00e0 democracia.","breadcrumb":{"@id":"https:\/\/psol50.org.br\/sem-anistia-serie-de-acoes-do-psol-desde-o-inicio-do-ano-busca-responsabilizar-golpistas\/#breadcrumb"},"inLanguage":"pt-BR","potentialAction":[{"@type":"ReadAction","target":["https:\/\/psol50.org.br\/sem-anistia-serie-de-acoes-do-psol-desde-o-inicio-do-ano-busca-responsabilizar-golpistas\/"]}]},{"@type":"ImageObject","inLanguage":"pt-BR","@id":"https:\/\/psol50.org.br\/sem-anistia-serie-de-acoes-do-psol-desde-o-inicio-do-ano-busca-responsabilizar-golpistas\/#primaryimage","url":"https:\/\/psol50.org.br\/inc\/uploads\/2023\/02\/Design-sem-nome-2023-01-09T142510.158.png","contentUrl":"https:\/\/psol50.org.br\/inc\/uploads\/2023\/02\/Design-sem-nome-2023-01-09T142510.158.png","width":1200,"height":675},{"@type":"BreadcrumbList","@id":"https:\/\/psol50.org.br\/sem-anistia-serie-de-acoes-do-psol-desde-o-inicio-do-ano-busca-responsabilizar-golpistas\/#breadcrumb","itemListElement":[{"@type":"ListItem","position":1,"name":"In\u00edcio","item":"https:\/\/psol50.org.br\/"},{"@type":"ListItem","position":2,"name":"SEM ANISTIA: S\u00e9rie de a\u00e7\u00f5es do PSOL desde o in\u00edcio do ano busca responsabilizar golpistas"}]},{"@type":"WebSite","@id":"https:\/\/psol50.org.br\/#website","url":"https:\/\/psol50.org.br\/","name":"PSOL 50","description":"Site oficial do Partido Socialismo e Liberdade","publisher":{"@id":"https:\/\/psol50.org.br\/#organization"},"alternateName":"PSOL50","potentialAction":[{"@type":"SearchAction","target":{"@type":"EntryPoint","urlTemplate":"https:\/\/psol50.org.br\/?s={search_term_string}"},"query-input":{"@type":"PropertyValueSpecification","valueRequired":true,"valueName":"search_term_string"}}],"inLanguage":"pt-BR"},{"@type":"Organization","@id":"https:\/\/psol50.org.br\/#organization","name":"PSOL 50","alternateName":"PSOL 50","url":"https:\/\/psol50.org.br\/","logo":{"@type":"ImageObject","inLanguage":"pt-BR","@id":"https:\/\/psol50.org.br\/#\/schema\/logo\/image\/","url":"https:\/\/psol50.org.br\/inc\/uploads\/2018\/07\/capa.png","contentUrl":"https:\/\/psol50.org.br\/inc\/uploads\/2018\/07\/capa.png","width":1350,"height":900,"caption":"PSOL 50"},"image":{"@id":"https:\/\/psol50.org.br\/#\/schema\/logo\/image\/"},"sameAs":["https:\/\/www.facebook.com\/psol50","https:\/\/x.com\/psol50","https:\/\/www.instagram.com\/psol50\/","https:\/\/www.youtube.com\/channel\/UC7SnJS5o1os7a6CaiNabzcg"]},{"@type":"Person","@id":"https:\/\/psol50.org.br\/#\/schema\/person\/475dfa57d0b815993c714c2e96491fcd","name":"Comunica\u00e7\u00e3o PSOL","image":{"@type":"ImageObject","inLanguage":"pt-BR","@id":"https:\/\/psol50.org.br\/#\/schema\/person\/image\/","url":"https:\/\/secure.gravatar.com\/avatar\/b34fc4f4e468a4e51785917065a3db57b841f5c95dba6ad8c73aaf8f66f8f9bf?s=96&d=mm&r=g","contentUrl":"https:\/\/secure.gravatar.com\/avatar\/b34fc4f4e468a4e51785917065a3db57b841f5c95dba6ad8c73aaf8f66f8f9bf?s=96&d=mm&r=g","caption":"Comunica\u00e7\u00e3o PSOL"}}]}},"_links":{"self":[{"href":"https:\/\/psol50.org.br\/rest\/wp\/v2\/posts\/36934","targetHints":{"allow":["GET"]}}],"collection":[{"href":"https:\/\/psol50.org.br\/rest\/wp\/v2\/posts"}],"about":[{"href":"https:\/\/psol50.org.br\/rest\/wp\/v2\/types\/post"}],"author":[{"embeddable":true,"href":"https:\/\/psol50.org.br\/rest\/wp\/v2\/users\/2"}],"replies":[{"embeddable":true,"href":"https:\/\/psol50.org.br\/rest\/wp\/v2\/comments?post=36934"}],"version-history":[{"count":6,"href":"https:\/\/psol50.org.br\/rest\/wp\/v2\/posts\/36934\/revisions"}],"predecessor-version":[{"id":36940,"href":"https:\/\/psol50.org.br\/rest\/wp\/v2\/posts\/36934\/revisions\/36940"}],"wp:featuredmedia":[{"embeddable":true,"href":"https:\/\/psol50.org.br\/rest\/wp\/v2\/media\/36941"}],"wp:attachment":[{"href":"https:\/\/psol50.org.br\/rest\/wp\/v2\/media?parent=36934"}],"wp:term":[{"taxonomy":"category","embeddable":true,"href":"https:\/\/psol50.org.br\/rest\/wp\/v2\/categories?post=36934"},{"taxonomy":"post_tag","embeddable":true,"href":"https:\/\/psol50.org.br\/rest\/wp\/v2\/tags?post=36934"}],"curies":[{"name":"wp","href":"https:\/\/api.w.org\/{rel}","templated":true}]}}