{"id":36950,"date":"2023-02-07T17:18:54","date_gmt":"2023-02-07T20:18:54","guid":{"rendered":"https:\/\/psol50.org.br\/?p=36950"},"modified":"2023-02-09T10:42:43","modified_gmt":"2023-02-09T13:42:43","slug":"guilherme-boulos-e-o-movimento-social-forte-que-permite-enfrentar-as-desigualdades-do-capitalismo","status":"publish","type":"post","link":"https:\/\/psol50.org.br\/guilherme-boulos-e-o-movimento-social-forte-que-permite-enfrentar-as-desigualdades-do-capitalismo\/","title":{"rendered":"Guilherme Boulos: &#8220;\u00e9 o movimento social forte que permite enfrentar as desigualdades do capitalismo&#8221;"},"content":{"rendered":"<p>O novo l\u00edder da bancada do PSOL na C\u00e2mara para este ano de 2023, Guilherme Boulos, concedeu uma entrevista \u00e0 Jacobin Brasil, uma das principais publica\u00e7\u00f5es progressistas do pa\u00eds, em que reflete sobre as estrat\u00e9gias para o socialismo no s\u00e9culo XXI e os desafios do novo per\u00edodo no Brasil. <strong><a href=\"https:\/\/jacobin.com.br\/2023\/02\/entre-a-disputa-institucional-e-a-luta-de-massas\/\" target=\"_blank\" rel=\"noopener\">Voc\u00ea pode ler a entrevista na \u00edntegra clicando aqui<\/a><\/strong>. Abaixo reproduzimos alguns dos principais trechos.<\/p>\n<p>Ao analisar a hegemonia neoliberal nas \u00faltimas d\u00e9cadas, Guilherme Boulos relembra como o capitalismo falha diariamente em garantir dignidade e oportunidades para todos e como essas falhas ficaram ainda mais evidentes durante a pandemia.<\/p>\n<p>&#8220;Os limites e o fracasso do capitalismo mais uma vez estiveram em evid\u00eancia durante a pandemia. Se n\u00e3o fossem os sistemas p\u00fablicos de sa\u00fade, o que seria do planeta? N\u00e3o \u00e9 um acaso que o pa\u00eds capitalista mais rico do mundo tenha sido o lugar onde mais morreu gente por covid, porque justamente ali voc\u00ea n\u00e3o tem uma conquista importante, como n\u00f3s tivemos no Brasil ou no Reino Unido, que \u00e9 o sistema universal de sa\u00fade. Essas conquistas estavam ligadas ao que se chamou de Estado de bem-estar social e foi resultado da luta socialista ao longo de quase dois s\u00e9culos&#8221;, avalia Boulos.<\/p>\n<p>O deputado federal acredita que a luta anticapitalista precisa combinar a luta institucional com a luta de massas. A disputa institucional, para ele, n\u00e3o pode ser um fim em si mesmo.<\/p>\n<p>&#8220;Enxergo que a luta anticapitalista hoje passa necessariamente por uma uma estrat\u00e9gia combinada: uma estrat\u00e9gia institucional articulada \u00e0 luta de massas. [&#8230;] O caminho para uma transforma\u00e7\u00e3o social mais profunda, estrutural, passa por combinar a a\u00e7\u00e3o institucional, a disputa dos espa\u00e7os do Estado e da pol\u00edtica, das pol\u00edticas p\u00fablicas do Estado, do or\u00e7amento p\u00fablico, com a\u00e7\u00f5es de organiza\u00e7\u00e3o popular e de mobiliza\u00e7\u00e3o na luta territorial para fomentar as formas de organiza\u00e7\u00e3o coletiva, as redes solid\u00e1rias e de apoio m\u00fatuo que sejam capazes de sustentar e impulsionar avan\u00e7os institucionais&#8221;, explica o parlamentar.<\/p>\n<p>Guilherme Boulos tamb\u00e9m falou sobre a import\u00e2ncia de uma sinergia cada vez maior entre partidos pol\u00edticos e movimentos sociais, no modelo que vem ficando conhecido como &#8220;partido-movimento&#8221;.<\/p>\n<p>&#8220;Sou muito simp\u00e1tico ao conceito de &#8216;partido movimento&#8217;: uma organiza\u00e7\u00e3o pol\u00edtica partid\u00e1ria, mas fluida, menos centralizada, mais aberta \u00e0 influ\u00eancia das for\u00e7as vivas da sociedade e com uma rela\u00e7\u00e3o de complementa\u00e7\u00e3o com os movimentos sociais. [&#8230;] Penso que cada vez mais vamos precisar nos aproximar dessas formas h\u00edbridas, em que o partido \u00e9 a express\u00e3o pol\u00edtica do movimento social e em que o movimento social constr\u00f3i os seus espa\u00e7os de representa\u00e7\u00e3o por meio dos partidos&#8221;, acredita.<\/p>\n<p>Ao ser questionado sobre sua vis\u00e3o das experi\u00eancias socialistas do s\u00e9culo XX, o parlamentar refor\u00e7a a import\u00e2ncia de analis\u00e1-las conforme seus contextos hist\u00f3ricos e condi\u00e7\u00f5es materiais em que ocorreram, mas que o Brasil n\u00e3o pode se apegar a experi\u00eancias passadas para construir o seu caminho para o socialismo.<\/p>\n<p>&#8220;No Brasil precisamos construir o nosso pr\u00f3prio caminho democr\u00e1tico ao socialismo, a partir da nossa diversidade, da nossa hist\u00f3ria, aprendendo com outras experi\u00eancias, mas sem copiar modelos&#8221;, resume o deputado mais votado do estado de S\u00e3o Paulo.<\/p>\n<p>O deputado tamb\u00e9m falou sobre a import\u00e2ncia de pautas que hoje t\u00eam mais destaque e que n\u00e3o tinham muito destaque nas experi\u00eancias do s\u00e9culo passado, como a ambiental e o combate \u00e0s opress\u00f5es.<\/p>\n<p>&#8220;Um tema estava totalmente fora da agenda das experi\u00eancias do s\u00e9culo XX: o tema ambiental. \u00c9 impens\u00e1vel hoje falarmos de socialismo sem falar num outro modelo de desenvolvimento. [&#8230;] Se tiv\u00e9ssemos que resumir a luta socialista em um mote, seria o enfrentamento \u00e0 desigualdade social. Mas as desigualdades e as disfun\u00e7\u00f5es do capitalismo hoje n\u00e3o se resumem a desigualdade econ\u00f4mica. A desigualdade social \u00e9 multifacetada, envolve uma complexidade de fatores e experi\u00eancias, como o processo de lutas antirracistas que estamos vendo ao redor do mundo e o surgimento de potentes movimentos feministas contra a l\u00f3gica do patriarcado&#8221;, avalia Boulos.<\/p>\n<p>Ao analisar os governos progressistas da Am\u00e9rica Latina no in\u00edcio do s\u00e9culo XXI, Guilherme Boulos aponta os limites e equ\u00edvocos que v\u00ea como importantes de serem corrigidos agora que novos governos progressistas e populares surgem na regi\u00e3o.<\/p>\n<p>&#8220;Se quisermos tirar li\u00e7\u00f5es sobre esses limites, ou apontar esses limites, destacaria principalmente tr\u00eas: primeiro, o descuido em n\u00e3o apostar t\u00e3o intensamente em formas de poder popular, formas de participa\u00e7\u00e3o popular direta que aprofundassem a democracia. [&#8230;] Um segundo ponto \u00e9 que faltou disputa cultural e disputa de valores. Pepe Mujica disse isso muito bem: &#8216;n\u00f3s formamos bons consumidores, mas n\u00e3o formamos cidad\u00e3os&#8217;. Foi o que no Brasil permitiu o avan\u00e7o da extrema direita. [ &#8230;] E o terceiro ponto \u00e9 que houve muitos limites no enfrentamento do conflito distributivo. Esses governos tiveram uma caracter\u00edstica de fazer pol\u00edticas sociais extremamente importantes, mas principalmente de manejo or\u00e7ament\u00e1rio e com isso n\u00e3o se tocou, por exemplo, em temas como reformas mais estruturantes, tal como a reforma tribut\u00e1ria, que enfrentem mais frontalmente a desigualdade&#8221;, enumera.<\/p>\n","protected":false},"excerpt":{"rendered":"<p>O novo l\u00edder da bancada do PSOL na C\u00e2mara para este ano de 2023, Guilherme Boulos, concedeu uma entrevista \u00e0 Jacobin Brasil, uma das principais publica\u00e7\u00f5es progressistas do pa\u00eds, em que reflete sobre as estrat\u00e9gias para o socialismo no s\u00e9culo XXI e os desafios do novo per\u00edodo no Brasil. Voc\u00ea pode ler a entrevista na [&hellip;]<\/p>\n","protected":false},"author":2,"featured_media":36954,"comment_status":"open","ping_status":"open","sticky":false,"template":"","format":"standard","meta":{"_acf_changed":false,"footnotes":""},"categories":[1882],"tags":[4825],"class_list":{"0":"post-36950","1":"post","2":"type-post","3":"status-publish","4":"format-standard","5":"has-post-thumbnail","7":"category-brasil","8":"tag-noticias"},"acf":[],"yoast_head":"<!-- This site is optimized with the Yoast SEO plugin v26.5 - https:\/\/yoast.com\/wordpress\/plugins\/seo\/ -->\n<title>Guilherme Boulos: &quot;\u00e9 o movimento social forte que permite enfrentar as desigualdades do capitalismo&quot;<\/title>\n<meta name=\"description\" content=\"L\u00edder da bancada do PSOL na C\u00e2mara deu entrevista \u00e0 Jacobin Brasil e refor\u00e7ou import\u00e2ncia de combinar a luta institucional com a luta de massas.\" \/>\n<meta name=\"robots\" content=\"index, follow, max-snippet:-1, max-image-preview:large, max-video-preview:-1\" \/>\n<link rel=\"canonical\" href=\"https:\/\/psol50.org.br\/guilherme-boulos-e-o-movimento-social-forte-que-permite-enfrentar-as-desigualdades-do-capitalismo\/\" \/>\n<meta property=\"og:locale\" content=\"pt_BR\" \/>\n<meta property=\"og:type\" content=\"article\" \/>\n<meta property=\"og:title\" content=\"Guilherme Boulos: &quot;\u00e9 o movimento social forte que permite enfrentar as desigualdades do capitalismo&quot;\" \/>\n<meta property=\"og:description\" content=\"L\u00edder da bancada do PSOL na C\u00e2mara deu entrevista \u00e0 Jacobin Brasil e refor\u00e7ou import\u00e2ncia de combinar a luta institucional com a luta de massas.\" \/>\n<meta property=\"og:url\" content=\"https:\/\/psol50.org.br\/guilherme-boulos-e-o-movimento-social-forte-que-permite-enfrentar-as-desigualdades-do-capitalismo\/\" \/>\n<meta property=\"og:site_name\" content=\"PSOL 50\" \/>\n<meta property=\"article:publisher\" content=\"https:\/\/www.facebook.com\/psol50\" \/>\n<meta property=\"article:published_time\" content=\"2023-02-07T20:18:54+00:00\" \/>\n<meta property=\"article:modified_time\" content=\"2023-02-09T13:42:43+00:00\" \/>\n<meta property=\"og:image\" content=\"https:\/\/psol50.org.br\/inc\/uploads\/2023\/02\/FoO7S62XoAIwODL.jpeg\" \/>\n\t<meta property=\"og:image:width\" content=\"1280\" \/>\n\t<meta property=\"og:image:height\" content=\"853\" \/>\n\t<meta property=\"og:image:type\" content=\"image\/jpeg\" \/>\n<meta name=\"author\" content=\"Comunica\u00e7\u00e3o PSOL\" \/>\n<meta name=\"twitter:card\" content=\"summary_large_image\" \/>\n<meta name=\"twitter:creator\" content=\"@psol50\" \/>\n<meta name=\"twitter:site\" content=\"@psol50\" \/>\n<meta name=\"twitter:label1\" content=\"Escrito por\" \/>\n\t<meta name=\"twitter:data1\" content=\"Comunica\u00e7\u00e3o PSOL\" \/>\n\t<meta name=\"twitter:label2\" content=\"Est. tempo de leitura\" \/>\n\t<meta name=\"twitter:data2\" content=\"4 minutos\" \/>\n<script type=\"application\/ld+json\" class=\"yoast-schema-graph\">{\"@context\":\"https:\/\/schema.org\",\"@graph\":[{\"@type\":\"Article\",\"@id\":\"https:\/\/psol50.org.br\/guilherme-boulos-e-o-movimento-social-forte-que-permite-enfrentar-as-desigualdades-do-capitalismo\/#article\",\"isPartOf\":{\"@id\":\"https:\/\/psol50.org.br\/guilherme-boulos-e-o-movimento-social-forte-que-permite-enfrentar-as-desigualdades-do-capitalismo\/\"},\"author\":{\"name\":\"Comunica\u00e7\u00e3o PSOL\",\"@id\":\"https:\/\/psol50.org.br\/#\/schema\/person\/475dfa57d0b815993c714c2e96491fcd\"},\"headline\":\"Guilherme Boulos: &#8220;\u00e9 o movimento social forte que permite enfrentar as desigualdades do capitalismo&#8221;\",\"datePublished\":\"2023-02-07T20:18:54+00:00\",\"dateModified\":\"2023-02-09T13:42:43+00:00\",\"mainEntityOfPage\":{\"@id\":\"https:\/\/psol50.org.br\/guilherme-boulos-e-o-movimento-social-forte-que-permite-enfrentar-as-desigualdades-do-capitalismo\/\"},\"wordCount\":911,\"commentCount\":0,\"publisher\":{\"@id\":\"https:\/\/psol50.org.br\/#organization\"},\"image\":{\"@id\":\"https:\/\/psol50.org.br\/guilherme-boulos-e-o-movimento-social-forte-que-permite-enfrentar-as-desigualdades-do-capitalismo\/#primaryimage\"},\"thumbnailUrl\":\"https:\/\/psol50.org.br\/inc\/uploads\/2023\/02\/FoO7S62XoAIwODL.jpeg\",\"keywords\":[\"Not\u00edcias\"],\"articleSection\":[\"Brasil\"],\"inLanguage\":\"pt-BR\",\"potentialAction\":[{\"@type\":\"CommentAction\",\"name\":\"Comment\",\"target\":[\"https:\/\/psol50.org.br\/guilherme-boulos-e-o-movimento-social-forte-que-permite-enfrentar-as-desigualdades-do-capitalismo\/#respond\"]}]},{\"@type\":\"WebPage\",\"@id\":\"https:\/\/psol50.org.br\/guilherme-boulos-e-o-movimento-social-forte-que-permite-enfrentar-as-desigualdades-do-capitalismo\/\",\"url\":\"https:\/\/psol50.org.br\/guilherme-boulos-e-o-movimento-social-forte-que-permite-enfrentar-as-desigualdades-do-capitalismo\/\",\"name\":\"Guilherme Boulos: \\\"\u00e9 o movimento social forte que permite enfrentar as desigualdades do capitalismo\\\"\",\"isPartOf\":{\"@id\":\"https:\/\/psol50.org.br\/#website\"},\"primaryImageOfPage\":{\"@id\":\"https:\/\/psol50.org.br\/guilherme-boulos-e-o-movimento-social-forte-que-permite-enfrentar-as-desigualdades-do-capitalismo\/#primaryimage\"},\"image\":{\"@id\":\"https:\/\/psol50.org.br\/guilherme-boulos-e-o-movimento-social-forte-que-permite-enfrentar-as-desigualdades-do-capitalismo\/#primaryimage\"},\"thumbnailUrl\":\"https:\/\/psol50.org.br\/inc\/uploads\/2023\/02\/FoO7S62XoAIwODL.jpeg\",\"datePublished\":\"2023-02-07T20:18:54+00:00\",\"dateModified\":\"2023-02-09T13:42:43+00:00\",\"description\":\"L\u00edder da bancada do PSOL na C\u00e2mara deu entrevista \u00e0 Jacobin Brasil e refor\u00e7ou import\u00e2ncia de combinar a luta institucional com a luta de massas.\",\"breadcrumb\":{\"@id\":\"https:\/\/psol50.org.br\/guilherme-boulos-e-o-movimento-social-forte-que-permite-enfrentar-as-desigualdades-do-capitalismo\/#breadcrumb\"},\"inLanguage\":\"pt-BR\",\"potentialAction\":[{\"@type\":\"ReadAction\",\"target\":[\"https:\/\/psol50.org.br\/guilherme-boulos-e-o-movimento-social-forte-que-permite-enfrentar-as-desigualdades-do-capitalismo\/\"]}]},{\"@type\":\"ImageObject\",\"inLanguage\":\"pt-BR\",\"@id\":\"https:\/\/psol50.org.br\/guilherme-boulos-e-o-movimento-social-forte-que-permite-enfrentar-as-desigualdades-do-capitalismo\/#primaryimage\",\"url\":\"https:\/\/psol50.org.br\/inc\/uploads\/2023\/02\/FoO7S62XoAIwODL.jpeg\",\"contentUrl\":\"https:\/\/psol50.org.br\/inc\/uploads\/2023\/02\/FoO7S62XoAIwODL.jpeg\",\"width\":1280,\"height\":853,\"caption\":\"Foto: Reprodu\u00e7\u00e3o\/Twitter\"},{\"@type\":\"BreadcrumbList\",\"@id\":\"https:\/\/psol50.org.br\/guilherme-boulos-e-o-movimento-social-forte-que-permite-enfrentar-as-desigualdades-do-capitalismo\/#breadcrumb\",\"itemListElement\":[{\"@type\":\"ListItem\",\"position\":1,\"name\":\"In\u00edcio\",\"item\":\"https:\/\/psol50.org.br\/\"},{\"@type\":\"ListItem\",\"position\":2,\"name\":\"Guilherme Boulos: &#8220;\u00e9 o movimento social forte que permite enfrentar as desigualdades do capitalismo&#8221;\"}]},{\"@type\":\"WebSite\",\"@id\":\"https:\/\/psol50.org.br\/#website\",\"url\":\"https:\/\/psol50.org.br\/\",\"name\":\"PSOL 50\",\"description\":\"Site oficial do Partido Socialismo e Liberdade\",\"publisher\":{\"@id\":\"https:\/\/psol50.org.br\/#organization\"},\"alternateName\":\"PSOL50\",\"potentialAction\":[{\"@type\":\"SearchAction\",\"target\":{\"@type\":\"EntryPoint\",\"urlTemplate\":\"https:\/\/psol50.org.br\/?s={search_term_string}\"},\"query-input\":{\"@type\":\"PropertyValueSpecification\",\"valueRequired\":true,\"valueName\":\"search_term_string\"}}],\"inLanguage\":\"pt-BR\"},{\"@type\":\"Organization\",\"@id\":\"https:\/\/psol50.org.br\/#organization\",\"name\":\"PSOL 50\",\"alternateName\":\"PSOL 50\",\"url\":\"https:\/\/psol50.org.br\/\",\"logo\":{\"@type\":\"ImageObject\",\"inLanguage\":\"pt-BR\",\"@id\":\"https:\/\/psol50.org.br\/#\/schema\/logo\/image\/\",\"url\":\"https:\/\/psol50.org.br\/inc\/uploads\/2018\/07\/capa.png\",\"contentUrl\":\"https:\/\/psol50.org.br\/inc\/uploads\/2018\/07\/capa.png\",\"width\":1350,\"height\":900,\"caption\":\"PSOL 50\"},\"image\":{\"@id\":\"https:\/\/psol50.org.br\/#\/schema\/logo\/image\/\"},\"sameAs\":[\"https:\/\/www.facebook.com\/psol50\",\"https:\/\/x.com\/psol50\",\"https:\/\/www.instagram.com\/psol50\/\",\"https:\/\/www.youtube.com\/channel\/UC7SnJS5o1os7a6CaiNabzcg\"]},{\"@type\":\"Person\",\"@id\":\"https:\/\/psol50.org.br\/#\/schema\/person\/475dfa57d0b815993c714c2e96491fcd\",\"name\":\"Comunica\u00e7\u00e3o PSOL\",\"image\":{\"@type\":\"ImageObject\",\"inLanguage\":\"pt-BR\",\"@id\":\"https:\/\/psol50.org.br\/#\/schema\/person\/image\/\",\"url\":\"https:\/\/secure.gravatar.com\/avatar\/b34fc4f4e468a4e51785917065a3db57b841f5c95dba6ad8c73aaf8f66f8f9bf?s=96&d=mm&r=g\",\"contentUrl\":\"https:\/\/secure.gravatar.com\/avatar\/b34fc4f4e468a4e51785917065a3db57b841f5c95dba6ad8c73aaf8f66f8f9bf?s=96&d=mm&r=g\",\"caption\":\"Comunica\u00e7\u00e3o PSOL\"}}]}<\/script>\n<!-- \/ Yoast SEO plugin. -->","yoast_head_json":{"title":"Guilherme Boulos: \"\u00e9 o movimento social forte que permite enfrentar as desigualdades do capitalismo\"","description":"L\u00edder da bancada do PSOL na C\u00e2mara deu entrevista \u00e0 Jacobin Brasil e refor\u00e7ou import\u00e2ncia de combinar a luta institucional com a luta de massas.","robots":{"index":"index","follow":"follow","max-snippet":"max-snippet:-1","max-image-preview":"max-image-preview:large","max-video-preview":"max-video-preview:-1"},"canonical":"https:\/\/psol50.org.br\/guilherme-boulos-e-o-movimento-social-forte-que-permite-enfrentar-as-desigualdades-do-capitalismo\/","og_locale":"pt_BR","og_type":"article","og_title":"Guilherme Boulos: \"\u00e9 o movimento social forte que permite enfrentar as desigualdades do capitalismo\"","og_description":"L\u00edder da bancada do PSOL na C\u00e2mara deu entrevista \u00e0 Jacobin Brasil e refor\u00e7ou import\u00e2ncia de combinar a luta institucional com a luta de massas.","og_url":"https:\/\/psol50.org.br\/guilherme-boulos-e-o-movimento-social-forte-que-permite-enfrentar-as-desigualdades-do-capitalismo\/","og_site_name":"PSOL 50","article_publisher":"https:\/\/www.facebook.com\/psol50","article_published_time":"2023-02-07T20:18:54+00:00","article_modified_time":"2023-02-09T13:42:43+00:00","og_image":[{"width":1280,"height":853,"url":"https:\/\/psol50.org.br\/inc\/uploads\/2023\/02\/FoO7S62XoAIwODL.jpeg","type":"image\/jpeg"}],"author":"Comunica\u00e7\u00e3o PSOL","twitter_card":"summary_large_image","twitter_creator":"@psol50","twitter_site":"@psol50","twitter_misc":{"Escrito por":"Comunica\u00e7\u00e3o PSOL","Est. tempo de leitura":"4 minutos"},"schema":{"@context":"https:\/\/schema.org","@graph":[{"@type":"Article","@id":"https:\/\/psol50.org.br\/guilherme-boulos-e-o-movimento-social-forte-que-permite-enfrentar-as-desigualdades-do-capitalismo\/#article","isPartOf":{"@id":"https:\/\/psol50.org.br\/guilherme-boulos-e-o-movimento-social-forte-que-permite-enfrentar-as-desigualdades-do-capitalismo\/"},"author":{"name":"Comunica\u00e7\u00e3o PSOL","@id":"https:\/\/psol50.org.br\/#\/schema\/person\/475dfa57d0b815993c714c2e96491fcd"},"headline":"Guilherme Boulos: &#8220;\u00e9 o movimento social forte que permite enfrentar as desigualdades do capitalismo&#8221;","datePublished":"2023-02-07T20:18:54+00:00","dateModified":"2023-02-09T13:42:43+00:00","mainEntityOfPage":{"@id":"https:\/\/psol50.org.br\/guilherme-boulos-e-o-movimento-social-forte-que-permite-enfrentar-as-desigualdades-do-capitalismo\/"},"wordCount":911,"commentCount":0,"publisher":{"@id":"https:\/\/psol50.org.br\/#organization"},"image":{"@id":"https:\/\/psol50.org.br\/guilherme-boulos-e-o-movimento-social-forte-que-permite-enfrentar-as-desigualdades-do-capitalismo\/#primaryimage"},"thumbnailUrl":"https:\/\/psol50.org.br\/inc\/uploads\/2023\/02\/FoO7S62XoAIwODL.jpeg","keywords":["Not\u00edcias"],"articleSection":["Brasil"],"inLanguage":"pt-BR","potentialAction":[{"@type":"CommentAction","name":"Comment","target":["https:\/\/psol50.org.br\/guilherme-boulos-e-o-movimento-social-forte-que-permite-enfrentar-as-desigualdades-do-capitalismo\/#respond"]}]},{"@type":"WebPage","@id":"https:\/\/psol50.org.br\/guilherme-boulos-e-o-movimento-social-forte-que-permite-enfrentar-as-desigualdades-do-capitalismo\/","url":"https:\/\/psol50.org.br\/guilherme-boulos-e-o-movimento-social-forte-que-permite-enfrentar-as-desigualdades-do-capitalismo\/","name":"Guilherme Boulos: \"\u00e9 o movimento social forte que permite enfrentar as desigualdades do capitalismo\"","isPartOf":{"@id":"https:\/\/psol50.org.br\/#website"},"primaryImageOfPage":{"@id":"https:\/\/psol50.org.br\/guilherme-boulos-e-o-movimento-social-forte-que-permite-enfrentar-as-desigualdades-do-capitalismo\/#primaryimage"},"image":{"@id":"https:\/\/psol50.org.br\/guilherme-boulos-e-o-movimento-social-forte-que-permite-enfrentar-as-desigualdades-do-capitalismo\/#primaryimage"},"thumbnailUrl":"https:\/\/psol50.org.br\/inc\/uploads\/2023\/02\/FoO7S62XoAIwODL.jpeg","datePublished":"2023-02-07T20:18:54+00:00","dateModified":"2023-02-09T13:42:43+00:00","description":"L\u00edder da bancada do PSOL na C\u00e2mara deu entrevista \u00e0 Jacobin Brasil e refor\u00e7ou import\u00e2ncia de combinar a luta institucional com a luta de massas.","breadcrumb":{"@id":"https:\/\/psol50.org.br\/guilherme-boulos-e-o-movimento-social-forte-que-permite-enfrentar-as-desigualdades-do-capitalismo\/#breadcrumb"},"inLanguage":"pt-BR","potentialAction":[{"@type":"ReadAction","target":["https:\/\/psol50.org.br\/guilherme-boulos-e-o-movimento-social-forte-que-permite-enfrentar-as-desigualdades-do-capitalismo\/"]}]},{"@type":"ImageObject","inLanguage":"pt-BR","@id":"https:\/\/psol50.org.br\/guilherme-boulos-e-o-movimento-social-forte-que-permite-enfrentar-as-desigualdades-do-capitalismo\/#primaryimage","url":"https:\/\/psol50.org.br\/inc\/uploads\/2023\/02\/FoO7S62XoAIwODL.jpeg","contentUrl":"https:\/\/psol50.org.br\/inc\/uploads\/2023\/02\/FoO7S62XoAIwODL.jpeg","width":1280,"height":853,"caption":"Foto: Reprodu\u00e7\u00e3o\/Twitter"},{"@type":"BreadcrumbList","@id":"https:\/\/psol50.org.br\/guilherme-boulos-e-o-movimento-social-forte-que-permite-enfrentar-as-desigualdades-do-capitalismo\/#breadcrumb","itemListElement":[{"@type":"ListItem","position":1,"name":"In\u00edcio","item":"https:\/\/psol50.org.br\/"},{"@type":"ListItem","position":2,"name":"Guilherme Boulos: &#8220;\u00e9 o movimento social forte que permite enfrentar as desigualdades do capitalismo&#8221;"}]},{"@type":"WebSite","@id":"https:\/\/psol50.org.br\/#website","url":"https:\/\/psol50.org.br\/","name":"PSOL 50","description":"Site oficial do Partido Socialismo e Liberdade","publisher":{"@id":"https:\/\/psol50.org.br\/#organization"},"alternateName":"PSOL50","potentialAction":[{"@type":"SearchAction","target":{"@type":"EntryPoint","urlTemplate":"https:\/\/psol50.org.br\/?s={search_term_string}"},"query-input":{"@type":"PropertyValueSpecification","valueRequired":true,"valueName":"search_term_string"}}],"inLanguage":"pt-BR"},{"@type":"Organization","@id":"https:\/\/psol50.org.br\/#organization","name":"PSOL 50","alternateName":"PSOL 50","url":"https:\/\/psol50.org.br\/","logo":{"@type":"ImageObject","inLanguage":"pt-BR","@id":"https:\/\/psol50.org.br\/#\/schema\/logo\/image\/","url":"https:\/\/psol50.org.br\/inc\/uploads\/2018\/07\/capa.png","contentUrl":"https:\/\/psol50.org.br\/inc\/uploads\/2018\/07\/capa.png","width":1350,"height":900,"caption":"PSOL 50"},"image":{"@id":"https:\/\/psol50.org.br\/#\/schema\/logo\/image\/"},"sameAs":["https:\/\/www.facebook.com\/psol50","https:\/\/x.com\/psol50","https:\/\/www.instagram.com\/psol50\/","https:\/\/www.youtube.com\/channel\/UC7SnJS5o1os7a6CaiNabzcg"]},{"@type":"Person","@id":"https:\/\/psol50.org.br\/#\/schema\/person\/475dfa57d0b815993c714c2e96491fcd","name":"Comunica\u00e7\u00e3o PSOL","image":{"@type":"ImageObject","inLanguage":"pt-BR","@id":"https:\/\/psol50.org.br\/#\/schema\/person\/image\/","url":"https:\/\/secure.gravatar.com\/avatar\/b34fc4f4e468a4e51785917065a3db57b841f5c95dba6ad8c73aaf8f66f8f9bf?s=96&d=mm&r=g","contentUrl":"https:\/\/secure.gravatar.com\/avatar\/b34fc4f4e468a4e51785917065a3db57b841f5c95dba6ad8c73aaf8f66f8f9bf?s=96&d=mm&r=g","caption":"Comunica\u00e7\u00e3o PSOL"}}]}},"_links":{"self":[{"href":"https:\/\/psol50.org.br\/rest\/wp\/v2\/posts\/36950","targetHints":{"allow":["GET"]}}],"collection":[{"href":"https:\/\/psol50.org.br\/rest\/wp\/v2\/posts"}],"about":[{"href":"https:\/\/psol50.org.br\/rest\/wp\/v2\/types\/post"}],"author":[{"embeddable":true,"href":"https:\/\/psol50.org.br\/rest\/wp\/v2\/users\/2"}],"replies":[{"embeddable":true,"href":"https:\/\/psol50.org.br\/rest\/wp\/v2\/comments?post=36950"}],"version-history":[{"count":3,"href":"https:\/\/psol50.org.br\/rest\/wp\/v2\/posts\/36950\/revisions"}],"predecessor-version":[{"id":36953,"href":"https:\/\/psol50.org.br\/rest\/wp\/v2\/posts\/36950\/revisions\/36953"}],"wp:featuredmedia":[{"embeddable":true,"href":"https:\/\/psol50.org.br\/rest\/wp\/v2\/media\/36954"}],"wp:attachment":[{"href":"https:\/\/psol50.org.br\/rest\/wp\/v2\/media?parent=36950"}],"wp:term":[{"taxonomy":"category","embeddable":true,"href":"https:\/\/psol50.org.br\/rest\/wp\/v2\/categories?post=36950"},{"taxonomy":"post_tag","embeddable":true,"href":"https:\/\/psol50.org.br\/rest\/wp\/v2\/tags?post=36950"}],"curies":[{"name":"wp","href":"https:\/\/api.w.org\/{rel}","templated":true}]}}