{"id":36969,"date":"2023-02-09T17:12:22","date_gmt":"2023-02-09T20:12:22","guid":{"rendered":"https:\/\/psol50.org.br\/?p=36969"},"modified":"2023-02-14T13:18:17","modified_gmt":"2023-02-14T16:18:17","slug":"psol-pede-que-governo-lula-retire-projeto-da-gestao-bolsonaro-que-legaliza-garimpo-em-terras-indigenas","status":"publish","type":"post","link":"https:\/\/psol50.org.br\/psol-pede-que-governo-lula-retire-projeto-da-gestao-bolsonaro-que-legaliza-garimpo-em-terras-indigenas\/","title":{"rendered":"PSOL pede que governo Lula retire projeto da gest\u00e3o Bolsonaro que legaliza garimpo em terras ind\u00edgenas"},"content":{"rendered":"<p>A bancada do PSOL na C\u00e2mara enviou um of\u00edcio ao governo federal para que seja retirado o PL 191\/20, proposto pela antiga gest\u00e3o Bolsonaro, que pretende legalizar garimpos, conceder direitos miner\u00e1rios e de explora\u00e7\u00e3o de petr\u00f3leo e g\u00e1s, promover a instala\u00e7\u00e3o de hidrel\u00e9tricas, a abertura de estradas e o plantio de esp\u00e9cies transg\u00eanicas nas terras ind\u00edgenas.<\/p>\n<p>Segundo o artigo 104 do Regimento Interno da C\u00e2mara dos Deputados, o autor, no caso o governo, pode requerer a exclus\u00e3o do projeto em qualquer fase do seu andamento, mesmo j\u00e1 tendo tido sua urg\u00eancia aprovada, cabendo \u00e0 Presid\u00eancia da C\u00e2mara deferir ou n\u00e3o. O Minist\u00e9rio P\u00fablico Federal (MPF) j\u00e1 se manifestou duas vezes contra o projeto, denunciando a sua inconstitucionalidade.<\/p>\n<p>O PL 191\/20 causou muita rea\u00e7\u00e3o da sociedade civil organizada e dos \u00f3rg\u00e3os de prote\u00e7\u00e3o ao meio ambiente e aos povos ind\u00edgenas por tentar atropelar diversos direitos dos povos ind\u00edgenas.<\/p>\n<p>A aprova\u00e7\u00e3o da urg\u00eancia do projeto se deu numa sess\u00e3o noturna que aconteceu enquanto na Esplanada dos Minist\u00e9rios dezenas de milhares de pessoas realizavam uma enorme manifesta\u00e7\u00e3o intitulada \u201cAto pela Terra\u201d, com presen\u00e7a dos mais importantes artistas brasileiros e grande repercuss\u00e3o internacional.<\/p>\n<p>\u201cAgora, o executivo tem o poder de retir\u00e1-lo de tramita\u00e7\u00e3o e, se h\u00e1 de fato compromisso com nossos povos e o meio ambiente esse \u00e9 o \u00fanico caminho. \u00c9 reflorestar territ\u00f3rios e mentes!\u201d, afirma a deputada ind\u00edgena C\u00e9lia Xakriab\u00e1 (PSOL-MG).<\/p>\n<p>O of\u00edcio foi enviado para Alexandre Padilha, ministro-chefe da Secretaria Especial de Rela\u00e7\u00f5es Institucionais (SRI); Marina Silva, ministra de Estado do Meio Ambiente e Mudan\u00e7a do Clima (MMA); e Sonia Guajajara, ministra de Estado dos Povos Ind\u00edgenas (MPI).<\/p>\n","protected":false},"excerpt":{"rendered":"<p>A bancada do PSOL na C\u00e2mara enviou um of\u00edcio ao governo federal para que seja retirado o PL 191\/20, proposto pela antiga gest\u00e3o Bolsonaro, que pretende legalizar garimpos, conceder direitos miner\u00e1rios e de explora\u00e7\u00e3o de petr\u00f3leo e g\u00e1s, promover a instala\u00e7\u00e3o de hidrel\u00e9tricas, a abertura de estradas e o plantio de esp\u00e9cies transg\u00eanicas nas terras [&hellip;]<\/p>\n","protected":false},"author":2,"featured_media":35617,"comment_status":"open","ping_status":"open","sticky":false,"template":"","format":"standard","meta":{"_acf_changed":false,"footnotes":""},"categories":[10],"tags":[4825],"class_list":{"0":"post-36969","1":"post","2":"type-post","3":"status-publish","4":"format-standard","5":"has-post-thumbnail","7":"category-acao-parlamentares","8":"tag-noticias"},"acf":[],"yoast_head":"<!-- This site is optimized with the Yoast SEO plugin v26.5 - https:\/\/yoast.com\/wordpress\/plugins\/seo\/ -->\n<title>PSOL pede que governo Lula retire projeto da gest\u00e3o Bolsonaro que legaliza garimpo em terras ind\u00edgenas<\/title>\n<meta name=\"description\" content=\"Of\u00edcio pede a exclus\u00e3o do PL 191\/20 para minist\u00e9rios do Meio Ambiente, dos Povos Ind\u00edgenas e para a Secretaria de Rela\u00e7\u00f5es Institucionais.\" \/>\n<meta name=\"robots\" content=\"index, follow, max-snippet:-1, max-image-preview:large, max-video-preview:-1\" \/>\n<link rel=\"canonical\" href=\"https:\/\/psol50.org.br\/psol-pede-que-governo-lula-retire-projeto-da-gestao-bolsonaro-que-legaliza-garimpo-em-terras-indigenas\/\" \/>\n<meta property=\"og:locale\" content=\"pt_BR\" \/>\n<meta property=\"og:type\" content=\"article\" \/>\n<meta property=\"og:title\" content=\"PSOL pede que governo Lula retire projeto da gest\u00e3o Bolsonaro que legaliza garimpo em terras ind\u00edgenas\" \/>\n<meta property=\"og:description\" content=\"Of\u00edcio pede a exclus\u00e3o do PL 191\/20 para minist\u00e9rios do Meio Ambiente, dos Povos Ind\u00edgenas e para a Secretaria de Rela\u00e7\u00f5es Institucionais.\" \/>\n<meta property=\"og:url\" content=\"https:\/\/psol50.org.br\/psol-pede-que-governo-lula-retire-projeto-da-gestao-bolsonaro-que-legaliza-garimpo-em-terras-indigenas\/\" \/>\n<meta property=\"og:site_name\" content=\"PSOL 50\" \/>\n<meta property=\"article:publisher\" content=\"https:\/\/www.facebook.com\/psol50\" \/>\n<meta property=\"article:published_time\" content=\"2023-02-09T20:12:22+00:00\" \/>\n<meta property=\"article:modified_time\" content=\"2023-02-14T16:18:17+00:00\" \/>\n<meta property=\"og:image\" content=\"https:\/\/psol50.org.br\/inc\/uploads\/2022\/04\/fora_garimpo-5_1.jpeg\" \/>\n\t<meta property=\"og:image:width\" content=\"900\" \/>\n\t<meta property=\"og:image:height\" content=\"674\" \/>\n\t<meta property=\"og:image:type\" content=\"image\/jpeg\" \/>\n<meta name=\"author\" content=\"Comunica\u00e7\u00e3o PSOL\" \/>\n<meta name=\"twitter:card\" content=\"summary_large_image\" \/>\n<meta name=\"twitter:creator\" content=\"@psol50\" \/>\n<meta name=\"twitter:site\" content=\"@psol50\" \/>\n<meta name=\"twitter:label1\" content=\"Escrito por\" \/>\n\t<meta name=\"twitter:data1\" content=\"Comunica\u00e7\u00e3o PSOL\" \/>\n\t<meta name=\"twitter:label2\" content=\"Est. tempo de leitura\" \/>\n\t<meta name=\"twitter:data2\" content=\"2 minutos\" \/>\n<script type=\"application\/ld+json\" class=\"yoast-schema-graph\">{\"@context\":\"https:\/\/schema.org\",\"@graph\":[{\"@type\":\"Article\",\"@id\":\"https:\/\/psol50.org.br\/psol-pede-que-governo-lula-retire-projeto-da-gestao-bolsonaro-que-legaliza-garimpo-em-terras-indigenas\/#article\",\"isPartOf\":{\"@id\":\"https:\/\/psol50.org.br\/psol-pede-que-governo-lula-retire-projeto-da-gestao-bolsonaro-que-legaliza-garimpo-em-terras-indigenas\/\"},\"author\":{\"name\":\"Comunica\u00e7\u00e3o PSOL\",\"@id\":\"https:\/\/psol50.org.br\/#\/schema\/person\/475dfa57d0b815993c714c2e96491fcd\"},\"headline\":\"PSOL pede que governo Lula retire projeto da gest\u00e3o Bolsonaro que legaliza garimpo em terras ind\u00edgenas\",\"datePublished\":\"2023-02-09T20:12:22+00:00\",\"dateModified\":\"2023-02-14T16:18:17+00:00\",\"mainEntityOfPage\":{\"@id\":\"https:\/\/psol50.org.br\/psol-pede-que-governo-lula-retire-projeto-da-gestao-bolsonaro-que-legaliza-garimpo-em-terras-indigenas\/\"},\"wordCount\":320,\"commentCount\":0,\"publisher\":{\"@id\":\"https:\/\/psol50.org.br\/#organization\"},\"image\":{\"@id\":\"https:\/\/psol50.org.br\/psol-pede-que-governo-lula-retire-projeto-da-gestao-bolsonaro-que-legaliza-garimpo-em-terras-indigenas\/#primaryimage\"},\"thumbnailUrl\":\"https:\/\/psol50.org.br\/inc\/uploads\/2022\/04\/fora_garimpo-5_1.jpeg\",\"keywords\":[\"Not\u00edcias\"],\"articleSection\":[\"A\u00e7\u00e3o Parlamentar\"],\"inLanguage\":\"pt-BR\",\"potentialAction\":[{\"@type\":\"CommentAction\",\"name\":\"Comment\",\"target\":[\"https:\/\/psol50.org.br\/psol-pede-que-governo-lula-retire-projeto-da-gestao-bolsonaro-que-legaliza-garimpo-em-terras-indigenas\/#respond\"]}]},{\"@type\":\"WebPage\",\"@id\":\"https:\/\/psol50.org.br\/psol-pede-que-governo-lula-retire-projeto-da-gestao-bolsonaro-que-legaliza-garimpo-em-terras-indigenas\/\",\"url\":\"https:\/\/psol50.org.br\/psol-pede-que-governo-lula-retire-projeto-da-gestao-bolsonaro-que-legaliza-garimpo-em-terras-indigenas\/\",\"name\":\"PSOL pede que governo Lula retire projeto da gest\u00e3o Bolsonaro que legaliza garimpo em terras ind\u00edgenas\",\"isPartOf\":{\"@id\":\"https:\/\/psol50.org.br\/#website\"},\"primaryImageOfPage\":{\"@id\":\"https:\/\/psol50.org.br\/psol-pede-que-governo-lula-retire-projeto-da-gestao-bolsonaro-que-legaliza-garimpo-em-terras-indigenas\/#primaryimage\"},\"image\":{\"@id\":\"https:\/\/psol50.org.br\/psol-pede-que-governo-lula-retire-projeto-da-gestao-bolsonaro-que-legaliza-garimpo-em-terras-indigenas\/#primaryimage\"},\"thumbnailUrl\":\"https:\/\/psol50.org.br\/inc\/uploads\/2022\/04\/fora_garimpo-5_1.jpeg\",\"datePublished\":\"2023-02-09T20:12:22+00:00\",\"dateModified\":\"2023-02-14T16:18:17+00:00\",\"description\":\"Of\u00edcio pede a exclus\u00e3o do PL 191\/20 para minist\u00e9rios do Meio Ambiente, dos Povos Ind\u00edgenas e para a Secretaria de Rela\u00e7\u00f5es Institucionais.\",\"breadcrumb\":{\"@id\":\"https:\/\/psol50.org.br\/psol-pede-que-governo-lula-retire-projeto-da-gestao-bolsonaro-que-legaliza-garimpo-em-terras-indigenas\/#breadcrumb\"},\"inLanguage\":\"pt-BR\",\"potentialAction\":[{\"@type\":\"ReadAction\",\"target\":[\"https:\/\/psol50.org.br\/psol-pede-que-governo-lula-retire-projeto-da-gestao-bolsonaro-que-legaliza-garimpo-em-terras-indigenas\/\"]}]},{\"@type\":\"ImageObject\",\"inLanguage\":\"pt-BR\",\"@id\":\"https:\/\/psol50.org.br\/psol-pede-que-governo-lula-retire-projeto-da-gestao-bolsonaro-que-legaliza-garimpo-em-terras-indigenas\/#primaryimage\",\"url\":\"https:\/\/psol50.org.br\/inc\/uploads\/2022\/04\/fora_garimpo-5_1.jpeg\",\"contentUrl\":\"https:\/\/psol50.org.br\/inc\/uploads\/2022\/04\/fora_garimpo-5_1.jpeg\",\"width\":900,\"height\":674},{\"@type\":\"BreadcrumbList\",\"@id\":\"https:\/\/psol50.org.br\/psol-pede-que-governo-lula-retire-projeto-da-gestao-bolsonaro-que-legaliza-garimpo-em-terras-indigenas\/#breadcrumb\",\"itemListElement\":[{\"@type\":\"ListItem\",\"position\":1,\"name\":\"In\u00edcio\",\"item\":\"https:\/\/psol50.org.br\/\"},{\"@type\":\"ListItem\",\"position\":2,\"name\":\"PSOL pede que governo Lula retire projeto da gest\u00e3o Bolsonaro que legaliza garimpo em terras ind\u00edgenas\"}]},{\"@type\":\"WebSite\",\"@id\":\"https:\/\/psol50.org.br\/#website\",\"url\":\"https:\/\/psol50.org.br\/\",\"name\":\"PSOL 50\",\"description\":\"Site oficial do Partido Socialismo e Liberdade\",\"publisher\":{\"@id\":\"https:\/\/psol50.org.br\/#organization\"},\"alternateName\":\"PSOL50\",\"potentialAction\":[{\"@type\":\"SearchAction\",\"target\":{\"@type\":\"EntryPoint\",\"urlTemplate\":\"https:\/\/psol50.org.br\/?s={search_term_string}\"},\"query-input\":{\"@type\":\"PropertyValueSpecification\",\"valueRequired\":true,\"valueName\":\"search_term_string\"}}],\"inLanguage\":\"pt-BR\"},{\"@type\":\"Organization\",\"@id\":\"https:\/\/psol50.org.br\/#organization\",\"name\":\"PSOL 50\",\"alternateName\":\"PSOL 50\",\"url\":\"https:\/\/psol50.org.br\/\",\"logo\":{\"@type\":\"ImageObject\",\"inLanguage\":\"pt-BR\",\"@id\":\"https:\/\/psol50.org.br\/#\/schema\/logo\/image\/\",\"url\":\"https:\/\/psol50.org.br\/inc\/uploads\/2018\/07\/capa.png\",\"contentUrl\":\"https:\/\/psol50.org.br\/inc\/uploads\/2018\/07\/capa.png\",\"width\":1350,\"height\":900,\"caption\":\"PSOL 50\"},\"image\":{\"@id\":\"https:\/\/psol50.org.br\/#\/schema\/logo\/image\/\"},\"sameAs\":[\"https:\/\/www.facebook.com\/psol50\",\"https:\/\/x.com\/psol50\",\"https:\/\/www.instagram.com\/psol50\/\",\"https:\/\/www.youtube.com\/channel\/UC7SnJS5o1os7a6CaiNabzcg\"]},{\"@type\":\"Person\",\"@id\":\"https:\/\/psol50.org.br\/#\/schema\/person\/475dfa57d0b815993c714c2e96491fcd\",\"name\":\"Comunica\u00e7\u00e3o PSOL\",\"image\":{\"@type\":\"ImageObject\",\"inLanguage\":\"pt-BR\",\"@id\":\"https:\/\/psol50.org.br\/#\/schema\/person\/image\/\",\"url\":\"https:\/\/secure.gravatar.com\/avatar\/b34fc4f4e468a4e51785917065a3db57b841f5c95dba6ad8c73aaf8f66f8f9bf?s=96&d=mm&r=g\",\"contentUrl\":\"https:\/\/secure.gravatar.com\/avatar\/b34fc4f4e468a4e51785917065a3db57b841f5c95dba6ad8c73aaf8f66f8f9bf?s=96&d=mm&r=g\",\"caption\":\"Comunica\u00e7\u00e3o PSOL\"}}]}<\/script>\n<!-- \/ Yoast SEO plugin. -->","yoast_head_json":{"title":"PSOL pede que governo Lula retire projeto da gest\u00e3o Bolsonaro que legaliza garimpo em terras ind\u00edgenas","description":"Of\u00edcio pede a exclus\u00e3o do PL 191\/20 para minist\u00e9rios do Meio Ambiente, dos Povos Ind\u00edgenas e para a Secretaria de Rela\u00e7\u00f5es Institucionais.","robots":{"index":"index","follow":"follow","max-snippet":"max-snippet:-1","max-image-preview":"max-image-preview:large","max-video-preview":"max-video-preview:-1"},"canonical":"https:\/\/psol50.org.br\/psol-pede-que-governo-lula-retire-projeto-da-gestao-bolsonaro-que-legaliza-garimpo-em-terras-indigenas\/","og_locale":"pt_BR","og_type":"article","og_title":"PSOL pede que governo Lula retire projeto da gest\u00e3o Bolsonaro que legaliza garimpo em terras ind\u00edgenas","og_description":"Of\u00edcio pede a exclus\u00e3o do PL 191\/20 para minist\u00e9rios do Meio Ambiente, dos Povos Ind\u00edgenas e para a Secretaria de Rela\u00e7\u00f5es Institucionais.","og_url":"https:\/\/psol50.org.br\/psol-pede-que-governo-lula-retire-projeto-da-gestao-bolsonaro-que-legaliza-garimpo-em-terras-indigenas\/","og_site_name":"PSOL 50","article_publisher":"https:\/\/www.facebook.com\/psol50","article_published_time":"2023-02-09T20:12:22+00:00","article_modified_time":"2023-02-14T16:18:17+00:00","og_image":[{"width":900,"height":674,"url":"https:\/\/psol50.org.br\/inc\/uploads\/2022\/04\/fora_garimpo-5_1.jpeg","type":"image\/jpeg"}],"author":"Comunica\u00e7\u00e3o PSOL","twitter_card":"summary_large_image","twitter_creator":"@psol50","twitter_site":"@psol50","twitter_misc":{"Escrito por":"Comunica\u00e7\u00e3o PSOL","Est. tempo de leitura":"2 minutos"},"schema":{"@context":"https:\/\/schema.org","@graph":[{"@type":"Article","@id":"https:\/\/psol50.org.br\/psol-pede-que-governo-lula-retire-projeto-da-gestao-bolsonaro-que-legaliza-garimpo-em-terras-indigenas\/#article","isPartOf":{"@id":"https:\/\/psol50.org.br\/psol-pede-que-governo-lula-retire-projeto-da-gestao-bolsonaro-que-legaliza-garimpo-em-terras-indigenas\/"},"author":{"name":"Comunica\u00e7\u00e3o PSOL","@id":"https:\/\/psol50.org.br\/#\/schema\/person\/475dfa57d0b815993c714c2e96491fcd"},"headline":"PSOL pede que governo Lula retire projeto da gest\u00e3o Bolsonaro que legaliza garimpo em terras ind\u00edgenas","datePublished":"2023-02-09T20:12:22+00:00","dateModified":"2023-02-14T16:18:17+00:00","mainEntityOfPage":{"@id":"https:\/\/psol50.org.br\/psol-pede-que-governo-lula-retire-projeto-da-gestao-bolsonaro-que-legaliza-garimpo-em-terras-indigenas\/"},"wordCount":320,"commentCount":0,"publisher":{"@id":"https:\/\/psol50.org.br\/#organization"},"image":{"@id":"https:\/\/psol50.org.br\/psol-pede-que-governo-lula-retire-projeto-da-gestao-bolsonaro-que-legaliza-garimpo-em-terras-indigenas\/#primaryimage"},"thumbnailUrl":"https:\/\/psol50.org.br\/inc\/uploads\/2022\/04\/fora_garimpo-5_1.jpeg","keywords":["Not\u00edcias"],"articleSection":["A\u00e7\u00e3o Parlamentar"],"inLanguage":"pt-BR","potentialAction":[{"@type":"CommentAction","name":"Comment","target":["https:\/\/psol50.org.br\/psol-pede-que-governo-lula-retire-projeto-da-gestao-bolsonaro-que-legaliza-garimpo-em-terras-indigenas\/#respond"]}]},{"@type":"WebPage","@id":"https:\/\/psol50.org.br\/psol-pede-que-governo-lula-retire-projeto-da-gestao-bolsonaro-que-legaliza-garimpo-em-terras-indigenas\/","url":"https:\/\/psol50.org.br\/psol-pede-que-governo-lula-retire-projeto-da-gestao-bolsonaro-que-legaliza-garimpo-em-terras-indigenas\/","name":"PSOL pede que governo Lula retire projeto da gest\u00e3o Bolsonaro que legaliza garimpo em terras ind\u00edgenas","isPartOf":{"@id":"https:\/\/psol50.org.br\/#website"},"primaryImageOfPage":{"@id":"https:\/\/psol50.org.br\/psol-pede-que-governo-lula-retire-projeto-da-gestao-bolsonaro-que-legaliza-garimpo-em-terras-indigenas\/#primaryimage"},"image":{"@id":"https:\/\/psol50.org.br\/psol-pede-que-governo-lula-retire-projeto-da-gestao-bolsonaro-que-legaliza-garimpo-em-terras-indigenas\/#primaryimage"},"thumbnailUrl":"https:\/\/psol50.org.br\/inc\/uploads\/2022\/04\/fora_garimpo-5_1.jpeg","datePublished":"2023-02-09T20:12:22+00:00","dateModified":"2023-02-14T16:18:17+00:00","description":"Of\u00edcio pede a exclus\u00e3o do PL 191\/20 para minist\u00e9rios do Meio Ambiente, dos Povos Ind\u00edgenas e para a Secretaria de Rela\u00e7\u00f5es Institucionais.","breadcrumb":{"@id":"https:\/\/psol50.org.br\/psol-pede-que-governo-lula-retire-projeto-da-gestao-bolsonaro-que-legaliza-garimpo-em-terras-indigenas\/#breadcrumb"},"inLanguage":"pt-BR","potentialAction":[{"@type":"ReadAction","target":["https:\/\/psol50.org.br\/psol-pede-que-governo-lula-retire-projeto-da-gestao-bolsonaro-que-legaliza-garimpo-em-terras-indigenas\/"]}]},{"@type":"ImageObject","inLanguage":"pt-BR","@id":"https:\/\/psol50.org.br\/psol-pede-que-governo-lula-retire-projeto-da-gestao-bolsonaro-que-legaliza-garimpo-em-terras-indigenas\/#primaryimage","url":"https:\/\/psol50.org.br\/inc\/uploads\/2022\/04\/fora_garimpo-5_1.jpeg","contentUrl":"https:\/\/psol50.org.br\/inc\/uploads\/2022\/04\/fora_garimpo-5_1.jpeg","width":900,"height":674},{"@type":"BreadcrumbList","@id":"https:\/\/psol50.org.br\/psol-pede-que-governo-lula-retire-projeto-da-gestao-bolsonaro-que-legaliza-garimpo-em-terras-indigenas\/#breadcrumb","itemListElement":[{"@type":"ListItem","position":1,"name":"In\u00edcio","item":"https:\/\/psol50.org.br\/"},{"@type":"ListItem","position":2,"name":"PSOL pede que governo Lula retire projeto da gest\u00e3o Bolsonaro que legaliza garimpo em terras ind\u00edgenas"}]},{"@type":"WebSite","@id":"https:\/\/psol50.org.br\/#website","url":"https:\/\/psol50.org.br\/","name":"PSOL 50","description":"Site oficial do Partido Socialismo e Liberdade","publisher":{"@id":"https:\/\/psol50.org.br\/#organization"},"alternateName":"PSOL50","potentialAction":[{"@type":"SearchAction","target":{"@type":"EntryPoint","urlTemplate":"https:\/\/psol50.org.br\/?s={search_term_string}"},"query-input":{"@type":"PropertyValueSpecification","valueRequired":true,"valueName":"search_term_string"}}],"inLanguage":"pt-BR"},{"@type":"Organization","@id":"https:\/\/psol50.org.br\/#organization","name":"PSOL 50","alternateName":"PSOL 50","url":"https:\/\/psol50.org.br\/","logo":{"@type":"ImageObject","inLanguage":"pt-BR","@id":"https:\/\/psol50.org.br\/#\/schema\/logo\/image\/","url":"https:\/\/psol50.org.br\/inc\/uploads\/2018\/07\/capa.png","contentUrl":"https:\/\/psol50.org.br\/inc\/uploads\/2018\/07\/capa.png","width":1350,"height":900,"caption":"PSOL 50"},"image":{"@id":"https:\/\/psol50.org.br\/#\/schema\/logo\/image\/"},"sameAs":["https:\/\/www.facebook.com\/psol50","https:\/\/x.com\/psol50","https:\/\/www.instagram.com\/psol50\/","https:\/\/www.youtube.com\/channel\/UC7SnJS5o1os7a6CaiNabzcg"]},{"@type":"Person","@id":"https:\/\/psol50.org.br\/#\/schema\/person\/475dfa57d0b815993c714c2e96491fcd","name":"Comunica\u00e7\u00e3o PSOL","image":{"@type":"ImageObject","inLanguage":"pt-BR","@id":"https:\/\/psol50.org.br\/#\/schema\/person\/image\/","url":"https:\/\/secure.gravatar.com\/avatar\/b34fc4f4e468a4e51785917065a3db57b841f5c95dba6ad8c73aaf8f66f8f9bf?s=96&d=mm&r=g","contentUrl":"https:\/\/secure.gravatar.com\/avatar\/b34fc4f4e468a4e51785917065a3db57b841f5c95dba6ad8c73aaf8f66f8f9bf?s=96&d=mm&r=g","caption":"Comunica\u00e7\u00e3o PSOL"}}]}},"_links":{"self":[{"href":"https:\/\/psol50.org.br\/rest\/wp\/v2\/posts\/36969","targetHints":{"allow":["GET"]}}],"collection":[{"href":"https:\/\/psol50.org.br\/rest\/wp\/v2\/posts"}],"about":[{"href":"https:\/\/psol50.org.br\/rest\/wp\/v2\/types\/post"}],"author":[{"embeddable":true,"href":"https:\/\/psol50.org.br\/rest\/wp\/v2\/users\/2"}],"replies":[{"embeddable":true,"href":"https:\/\/psol50.org.br\/rest\/wp\/v2\/comments?post=36969"}],"version-history":[{"count":2,"href":"https:\/\/psol50.org.br\/rest\/wp\/v2\/posts\/36969\/revisions"}],"predecessor-version":[{"id":36971,"href":"https:\/\/psol50.org.br\/rest\/wp\/v2\/posts\/36969\/revisions\/36971"}],"wp:featuredmedia":[{"embeddable":true,"href":"https:\/\/psol50.org.br\/rest\/wp\/v2\/media\/35617"}],"wp:attachment":[{"href":"https:\/\/psol50.org.br\/rest\/wp\/v2\/media?parent=36969"}],"wp:term":[{"taxonomy":"category","embeddable":true,"href":"https:\/\/psol50.org.br\/rest\/wp\/v2\/categories?post=36969"},{"taxonomy":"post_tag","embeddable":true,"href":"https:\/\/psol50.org.br\/rest\/wp\/v2\/tags?post=36969"}],"curies":[{"name":"wp","href":"https:\/\/api.w.org\/{rel}","templated":true}]}}