{"id":37011,"date":"2023-02-17T15:38:13","date_gmt":"2023-02-17T18:38:13","guid":{"rendered":"https:\/\/psol50.org.br\/?p=37011"},"modified":"2023-02-27T12:39:44","modified_gmt":"2023-02-27T15:39:44","slug":"juliano-medeiros-critica-descaso-das-elites-brasileiras-com-o-genocidio-yanomami-em-artigo-na-folha","status":"publish","type":"post","link":"https:\/\/psol50.org.br\/juliano-medeiros-critica-descaso-das-elites-brasileiras-com-o-genocidio-yanomami-em-artigo-na-folha\/","title":{"rendered":"Juliano Medeiros critica descaso das elites brasileiras com o genoc\u00eddio Yanomami"},"content":{"rendered":"<p>O presidente do PSOL, Juliano Medeiros, publicou nesta semana um artigo na Folha de S. Paulo criticando a vis\u00e3o limitada de alguns analistas que dizem ser &#8220;equivocado&#8221; chamar de genoc\u00eddio a a\u00e7\u00e3o do Estado brasileiro contra o povo Yanomami que provocou uma trag\u00e9dia humanit\u00e1ria de propor\u00e7\u00f5es inimagin\u00e1veis.<\/p>\n<p><strong>Leia o artigo na \u00edntegra: <a href=\"https:\/\/www1.folha.uol.com.br\/opiniao\/2023\/02\/o-genocidio-nosso-de-cada-dia.shtml\" target=\"_blank\" rel=\"noopener\">&#8220;O genoc\u00eddio nosso de cada dia&#8221;<\/a>.<\/strong><\/p>\n<p>Medeiros critica a vis\u00e3o do colunista da Folha Dem\u00e9trio Magnoli, que questionou o uso do termo &#8220;genoc\u00eddio&#8221;, que para ele s\u00f3 pode ser usado em casos que foram assim j\u00e1 definidos pelo Tribunal Penal Internacional.<\/p>\n<p>&#8220;Parece uma aprecia\u00e7\u00e3o bastante formal para um cientista social diante de um conceito que, como qualquer outro que se refere a fen\u00f4menos da vida social, est\u00e1 em permanente transforma\u00e7\u00e3o. Democracia, justi\u00e7a, igualdade, genoc\u00eddio s\u00e3o conceitos &#8216;em disputa'&#8221;, explica o presidente do PSOL.<\/p>\n<p>&#8220;A Articula\u00e7\u00e3o dos Povos Ind\u00edgenas do Brasil (Apib) denunciou Jair Bolsonaro ao Tribunal Penal Internacional pelo tratamento dispensado aos povos ind\u00edgenas durante a pandemia. Tamb\u00e9m tramita uma a\u00e7\u00e3o junto \u00e0 Corte Interamericana de Direitos Humanos sobre a situa\u00e7\u00e3o do povo yanomami. N\u00e3o demorar\u00e1 muito, portanto, para que os tribunais internacionais tamb\u00e9m se posicionem em rela\u00e7\u00e3o \u00e0s acusa\u00e7\u00f5es de genoc\u00eddio contra o ex-presidente&#8221;, relembra tamb\u00e9m Juliano.<\/p>\n<p>O artigo vai mais a fundo no motivo do constrangimento de alguns em definir como genoc\u00eddio os crimes cometidos contra o povo Yanomami. &#8220;Magnoli representa a voz dos omissos que n\u00e3o suportam conviver com a ideia de que, \u00e0 luz do dia, se produzia um genoc\u00eddio no Brasil enquanto nossas institui\u00e7\u00f5es dormiam em ber\u00e7o espl\u00eandido. Olhar para as\u00a0crian\u00e7as yanomamis, assoladas pela fome e pelo abandono, e admitir que algo poderia ter sido feito, significa assumir parte da culpa. E isso \u00e9 duro demais para parcela de nossas elites&#8221;, descreve Juliano Medeiros.<\/p>\n<p>&#8220;A volta da pol\u00eamica em torno do uso do termo genoc\u00eddio nada tem a ver com a disputa em torno de seus sentidos, ademais, leg\u00edtima. Ela esconde na verdade a incapacidade de admitir a banalidade com que parte de nossas elites tratou o projeto de aniquila\u00e7\u00e3o liderado por Bolsonaro. Afinal, enquanto a morte n\u00e3o bater \u00e0 sua porta, ela est\u00e1 longe demais para gerar qualquer empatia verdadeira&#8221;, conclui.<\/p>\n","protected":false},"excerpt":{"rendered":"<p>O presidente do PSOL, Juliano Medeiros, publicou nesta semana um artigo na Folha de S. Paulo criticando a vis\u00e3o limitada de alguns analistas que dizem ser &#8220;equivocado&#8221; chamar de genoc\u00eddio a a\u00e7\u00e3o do Estado brasileiro contra o povo Yanomami que provocou uma trag\u00e9dia humanit\u00e1ria de propor\u00e7\u00f5es inimagin\u00e1veis. Leia o artigo na \u00edntegra: &#8220;O genoc\u00eddio nosso [&hellip;]<\/p>\n","protected":false},"author":2,"featured_media":35617,"comment_status":"open","ping_status":"open","sticky":false,"template":"","format":"standard","meta":{"_acf_changed":false,"footnotes":""},"categories":[3],"tags":[4825],"class_list":{"0":"post-37011","1":"post","2":"type-post","3":"status-publish","4":"format-standard","5":"has-post-thumbnail","7":"category-artigos-e-entrevistas","8":"tag-noticias"},"acf":[],"yoast_head":"<!-- This site is optimized with the Yoast SEO plugin v26.5 - https:\/\/yoast.com\/wordpress\/plugins\/seo\/ -->\n<title>Juliano Medeiros critica descaso das elites brasileiras com o genoc\u00eddio Yanomami<\/title>\n<meta name=\"description\" content=\"A pol\u00eamica em torno do termo &quot;genoc\u00eddio&quot; esconde a incapacidade de admitir a banalidade com que nossas elites trataram o projeto de aniquila\u00e7\u00e3o liderado por Bolsonaro.\" \/>\n<meta name=\"robots\" content=\"index, follow, max-snippet:-1, max-image-preview:large, max-video-preview:-1\" \/>\n<link rel=\"canonical\" href=\"https:\/\/psol50.org.br\/juliano-medeiros-critica-descaso-das-elites-brasileiras-com-o-genocidio-yanomami-em-artigo-na-folha\/\" \/>\n<meta property=\"og:locale\" content=\"pt_BR\" \/>\n<meta property=\"og:type\" content=\"article\" \/>\n<meta property=\"og:title\" content=\"Juliano Medeiros critica descaso das elites brasileiras com o genoc\u00eddio Yanomami\" \/>\n<meta property=\"og:description\" content=\"A pol\u00eamica em torno do termo &quot;genoc\u00eddio&quot; esconde a incapacidade de admitir a banalidade com que nossas elites trataram o projeto de aniquila\u00e7\u00e3o liderado por Bolsonaro.\" \/>\n<meta property=\"og:url\" content=\"https:\/\/psol50.org.br\/juliano-medeiros-critica-descaso-das-elites-brasileiras-com-o-genocidio-yanomami-em-artigo-na-folha\/\" \/>\n<meta property=\"og:site_name\" content=\"PSOL 50\" \/>\n<meta property=\"article:publisher\" content=\"https:\/\/www.facebook.com\/psol50\" \/>\n<meta property=\"article:published_time\" content=\"2023-02-17T18:38:13+00:00\" \/>\n<meta property=\"article:modified_time\" content=\"2023-02-27T15:39:44+00:00\" \/>\n<meta property=\"og:image\" content=\"https:\/\/psol50.org.br\/inc\/uploads\/2022\/04\/fora_garimpo-5_1.jpeg\" \/>\n\t<meta property=\"og:image:width\" content=\"900\" \/>\n\t<meta property=\"og:image:height\" content=\"674\" \/>\n\t<meta property=\"og:image:type\" content=\"image\/jpeg\" \/>\n<meta name=\"author\" content=\"Comunica\u00e7\u00e3o PSOL\" \/>\n<meta name=\"twitter:card\" content=\"summary_large_image\" \/>\n<meta name=\"twitter:creator\" content=\"@psol50\" \/>\n<meta name=\"twitter:site\" content=\"@psol50\" \/>\n<meta name=\"twitter:label1\" content=\"Escrito por\" \/>\n\t<meta name=\"twitter:data1\" content=\"Comunica\u00e7\u00e3o PSOL\" \/>\n\t<meta name=\"twitter:label2\" content=\"Est. tempo de leitura\" \/>\n\t<meta name=\"twitter:data2\" content=\"2 minutos\" \/>\n<script type=\"application\/ld+json\" class=\"yoast-schema-graph\">{\"@context\":\"https:\/\/schema.org\",\"@graph\":[{\"@type\":\"Article\",\"@id\":\"https:\/\/psol50.org.br\/juliano-medeiros-critica-descaso-das-elites-brasileiras-com-o-genocidio-yanomami-em-artigo-na-folha\/#article\",\"isPartOf\":{\"@id\":\"https:\/\/psol50.org.br\/juliano-medeiros-critica-descaso-das-elites-brasileiras-com-o-genocidio-yanomami-em-artigo-na-folha\/\"},\"author\":{\"name\":\"Comunica\u00e7\u00e3o PSOL\",\"@id\":\"https:\/\/psol50.org.br\/#\/schema\/person\/475dfa57d0b815993c714c2e96491fcd\"},\"headline\":\"Juliano Medeiros critica descaso das elites brasileiras com o genoc\u00eddio Yanomami\",\"datePublished\":\"2023-02-17T18:38:13+00:00\",\"dateModified\":\"2023-02-27T15:39:44+00:00\",\"mainEntityOfPage\":{\"@id\":\"https:\/\/psol50.org.br\/juliano-medeiros-critica-descaso-das-elites-brasileiras-com-o-genocidio-yanomami-em-artigo-na-folha\/\"},\"wordCount\":409,\"commentCount\":0,\"publisher\":{\"@id\":\"https:\/\/psol50.org.br\/#organization\"},\"image\":{\"@id\":\"https:\/\/psol50.org.br\/juliano-medeiros-critica-descaso-das-elites-brasileiras-com-o-genocidio-yanomami-em-artigo-na-folha\/#primaryimage\"},\"thumbnailUrl\":\"https:\/\/psol50.org.br\/inc\/uploads\/2022\/04\/fora_garimpo-5_1.jpeg\",\"keywords\":[\"Not\u00edcias\"],\"articleSection\":[\"Artigos\"],\"inLanguage\":\"pt-BR\",\"potentialAction\":[{\"@type\":\"CommentAction\",\"name\":\"Comment\",\"target\":[\"https:\/\/psol50.org.br\/juliano-medeiros-critica-descaso-das-elites-brasileiras-com-o-genocidio-yanomami-em-artigo-na-folha\/#respond\"]}]},{\"@type\":\"WebPage\",\"@id\":\"https:\/\/psol50.org.br\/juliano-medeiros-critica-descaso-das-elites-brasileiras-com-o-genocidio-yanomami-em-artigo-na-folha\/\",\"url\":\"https:\/\/psol50.org.br\/juliano-medeiros-critica-descaso-das-elites-brasileiras-com-o-genocidio-yanomami-em-artigo-na-folha\/\",\"name\":\"Juliano Medeiros critica descaso das elites brasileiras com o genoc\u00eddio Yanomami\",\"isPartOf\":{\"@id\":\"https:\/\/psol50.org.br\/#website\"},\"primaryImageOfPage\":{\"@id\":\"https:\/\/psol50.org.br\/juliano-medeiros-critica-descaso-das-elites-brasileiras-com-o-genocidio-yanomami-em-artigo-na-folha\/#primaryimage\"},\"image\":{\"@id\":\"https:\/\/psol50.org.br\/juliano-medeiros-critica-descaso-das-elites-brasileiras-com-o-genocidio-yanomami-em-artigo-na-folha\/#primaryimage\"},\"thumbnailUrl\":\"https:\/\/psol50.org.br\/inc\/uploads\/2022\/04\/fora_garimpo-5_1.jpeg\",\"datePublished\":\"2023-02-17T18:38:13+00:00\",\"dateModified\":\"2023-02-27T15:39:44+00:00\",\"description\":\"A pol\u00eamica em torno do termo \\\"genoc\u00eddio\\\" esconde a incapacidade de admitir a banalidade com que nossas elites trataram o projeto de aniquila\u00e7\u00e3o liderado por Bolsonaro.\",\"breadcrumb\":{\"@id\":\"https:\/\/psol50.org.br\/juliano-medeiros-critica-descaso-das-elites-brasileiras-com-o-genocidio-yanomami-em-artigo-na-folha\/#breadcrumb\"},\"inLanguage\":\"pt-BR\",\"potentialAction\":[{\"@type\":\"ReadAction\",\"target\":[\"https:\/\/psol50.org.br\/juliano-medeiros-critica-descaso-das-elites-brasileiras-com-o-genocidio-yanomami-em-artigo-na-folha\/\"]}]},{\"@type\":\"ImageObject\",\"inLanguage\":\"pt-BR\",\"@id\":\"https:\/\/psol50.org.br\/juliano-medeiros-critica-descaso-das-elites-brasileiras-com-o-genocidio-yanomami-em-artigo-na-folha\/#primaryimage\",\"url\":\"https:\/\/psol50.org.br\/inc\/uploads\/2022\/04\/fora_garimpo-5_1.jpeg\",\"contentUrl\":\"https:\/\/psol50.org.br\/inc\/uploads\/2022\/04\/fora_garimpo-5_1.jpeg\",\"width\":900,\"height\":674},{\"@type\":\"BreadcrumbList\",\"@id\":\"https:\/\/psol50.org.br\/juliano-medeiros-critica-descaso-das-elites-brasileiras-com-o-genocidio-yanomami-em-artigo-na-folha\/#breadcrumb\",\"itemListElement\":[{\"@type\":\"ListItem\",\"position\":1,\"name\":\"In\u00edcio\",\"item\":\"https:\/\/psol50.org.br\/\"},{\"@type\":\"ListItem\",\"position\":2,\"name\":\"Juliano Medeiros critica descaso das elites brasileiras com o genoc\u00eddio Yanomami\"}]},{\"@type\":\"WebSite\",\"@id\":\"https:\/\/psol50.org.br\/#website\",\"url\":\"https:\/\/psol50.org.br\/\",\"name\":\"PSOL 50\",\"description\":\"Site oficial do Partido Socialismo e Liberdade\",\"publisher\":{\"@id\":\"https:\/\/psol50.org.br\/#organization\"},\"alternateName\":\"PSOL50\",\"potentialAction\":[{\"@type\":\"SearchAction\",\"target\":{\"@type\":\"EntryPoint\",\"urlTemplate\":\"https:\/\/psol50.org.br\/?s={search_term_string}\"},\"query-input\":{\"@type\":\"PropertyValueSpecification\",\"valueRequired\":true,\"valueName\":\"search_term_string\"}}],\"inLanguage\":\"pt-BR\"},{\"@type\":\"Organization\",\"@id\":\"https:\/\/psol50.org.br\/#organization\",\"name\":\"PSOL 50\",\"alternateName\":\"PSOL 50\",\"url\":\"https:\/\/psol50.org.br\/\",\"logo\":{\"@type\":\"ImageObject\",\"inLanguage\":\"pt-BR\",\"@id\":\"https:\/\/psol50.org.br\/#\/schema\/logo\/image\/\",\"url\":\"https:\/\/psol50.org.br\/inc\/uploads\/2018\/07\/capa.png\",\"contentUrl\":\"https:\/\/psol50.org.br\/inc\/uploads\/2018\/07\/capa.png\",\"width\":1350,\"height\":900,\"caption\":\"PSOL 50\"},\"image\":{\"@id\":\"https:\/\/psol50.org.br\/#\/schema\/logo\/image\/\"},\"sameAs\":[\"https:\/\/www.facebook.com\/psol50\",\"https:\/\/x.com\/psol50\",\"https:\/\/www.instagram.com\/psol50\/\",\"https:\/\/www.youtube.com\/channel\/UC7SnJS5o1os7a6CaiNabzcg\"]},{\"@type\":\"Person\",\"@id\":\"https:\/\/psol50.org.br\/#\/schema\/person\/475dfa57d0b815993c714c2e96491fcd\",\"name\":\"Comunica\u00e7\u00e3o PSOL\",\"image\":{\"@type\":\"ImageObject\",\"inLanguage\":\"pt-BR\",\"@id\":\"https:\/\/psol50.org.br\/#\/schema\/person\/image\/\",\"url\":\"https:\/\/secure.gravatar.com\/avatar\/b34fc4f4e468a4e51785917065a3db57b841f5c95dba6ad8c73aaf8f66f8f9bf?s=96&d=mm&r=g\",\"contentUrl\":\"https:\/\/secure.gravatar.com\/avatar\/b34fc4f4e468a4e51785917065a3db57b841f5c95dba6ad8c73aaf8f66f8f9bf?s=96&d=mm&r=g\",\"caption\":\"Comunica\u00e7\u00e3o PSOL\"}}]}<\/script>\n<!-- \/ Yoast SEO plugin. -->","yoast_head_json":{"title":"Juliano Medeiros critica descaso das elites brasileiras com o genoc\u00eddio Yanomami","description":"A pol\u00eamica em torno do termo \"genoc\u00eddio\" esconde a incapacidade de admitir a banalidade com que nossas elites trataram o projeto de aniquila\u00e7\u00e3o liderado por Bolsonaro.","robots":{"index":"index","follow":"follow","max-snippet":"max-snippet:-1","max-image-preview":"max-image-preview:large","max-video-preview":"max-video-preview:-1"},"canonical":"https:\/\/psol50.org.br\/juliano-medeiros-critica-descaso-das-elites-brasileiras-com-o-genocidio-yanomami-em-artigo-na-folha\/","og_locale":"pt_BR","og_type":"article","og_title":"Juliano Medeiros critica descaso das elites brasileiras com o genoc\u00eddio Yanomami","og_description":"A pol\u00eamica em torno do termo \"genoc\u00eddio\" esconde a incapacidade de admitir a banalidade com que nossas elites trataram o projeto de aniquila\u00e7\u00e3o liderado por Bolsonaro.","og_url":"https:\/\/psol50.org.br\/juliano-medeiros-critica-descaso-das-elites-brasileiras-com-o-genocidio-yanomami-em-artigo-na-folha\/","og_site_name":"PSOL 50","article_publisher":"https:\/\/www.facebook.com\/psol50","article_published_time":"2023-02-17T18:38:13+00:00","article_modified_time":"2023-02-27T15:39:44+00:00","og_image":[{"width":900,"height":674,"url":"https:\/\/psol50.org.br\/inc\/uploads\/2022\/04\/fora_garimpo-5_1.jpeg","type":"image\/jpeg"}],"author":"Comunica\u00e7\u00e3o PSOL","twitter_card":"summary_large_image","twitter_creator":"@psol50","twitter_site":"@psol50","twitter_misc":{"Escrito por":"Comunica\u00e7\u00e3o PSOL","Est. tempo de leitura":"2 minutos"},"schema":{"@context":"https:\/\/schema.org","@graph":[{"@type":"Article","@id":"https:\/\/psol50.org.br\/juliano-medeiros-critica-descaso-das-elites-brasileiras-com-o-genocidio-yanomami-em-artigo-na-folha\/#article","isPartOf":{"@id":"https:\/\/psol50.org.br\/juliano-medeiros-critica-descaso-das-elites-brasileiras-com-o-genocidio-yanomami-em-artigo-na-folha\/"},"author":{"name":"Comunica\u00e7\u00e3o PSOL","@id":"https:\/\/psol50.org.br\/#\/schema\/person\/475dfa57d0b815993c714c2e96491fcd"},"headline":"Juliano Medeiros critica descaso das elites brasileiras com o genoc\u00eddio Yanomami","datePublished":"2023-02-17T18:38:13+00:00","dateModified":"2023-02-27T15:39:44+00:00","mainEntityOfPage":{"@id":"https:\/\/psol50.org.br\/juliano-medeiros-critica-descaso-das-elites-brasileiras-com-o-genocidio-yanomami-em-artigo-na-folha\/"},"wordCount":409,"commentCount":0,"publisher":{"@id":"https:\/\/psol50.org.br\/#organization"},"image":{"@id":"https:\/\/psol50.org.br\/juliano-medeiros-critica-descaso-das-elites-brasileiras-com-o-genocidio-yanomami-em-artigo-na-folha\/#primaryimage"},"thumbnailUrl":"https:\/\/psol50.org.br\/inc\/uploads\/2022\/04\/fora_garimpo-5_1.jpeg","keywords":["Not\u00edcias"],"articleSection":["Artigos"],"inLanguage":"pt-BR","potentialAction":[{"@type":"CommentAction","name":"Comment","target":["https:\/\/psol50.org.br\/juliano-medeiros-critica-descaso-das-elites-brasileiras-com-o-genocidio-yanomami-em-artigo-na-folha\/#respond"]}]},{"@type":"WebPage","@id":"https:\/\/psol50.org.br\/juliano-medeiros-critica-descaso-das-elites-brasileiras-com-o-genocidio-yanomami-em-artigo-na-folha\/","url":"https:\/\/psol50.org.br\/juliano-medeiros-critica-descaso-das-elites-brasileiras-com-o-genocidio-yanomami-em-artigo-na-folha\/","name":"Juliano Medeiros critica descaso das elites brasileiras com o genoc\u00eddio Yanomami","isPartOf":{"@id":"https:\/\/psol50.org.br\/#website"},"primaryImageOfPage":{"@id":"https:\/\/psol50.org.br\/juliano-medeiros-critica-descaso-das-elites-brasileiras-com-o-genocidio-yanomami-em-artigo-na-folha\/#primaryimage"},"image":{"@id":"https:\/\/psol50.org.br\/juliano-medeiros-critica-descaso-das-elites-brasileiras-com-o-genocidio-yanomami-em-artigo-na-folha\/#primaryimage"},"thumbnailUrl":"https:\/\/psol50.org.br\/inc\/uploads\/2022\/04\/fora_garimpo-5_1.jpeg","datePublished":"2023-02-17T18:38:13+00:00","dateModified":"2023-02-27T15:39:44+00:00","description":"A pol\u00eamica em torno do termo \"genoc\u00eddio\" esconde a incapacidade de admitir a banalidade com que nossas elites trataram o projeto de aniquila\u00e7\u00e3o liderado por Bolsonaro.","breadcrumb":{"@id":"https:\/\/psol50.org.br\/juliano-medeiros-critica-descaso-das-elites-brasileiras-com-o-genocidio-yanomami-em-artigo-na-folha\/#breadcrumb"},"inLanguage":"pt-BR","potentialAction":[{"@type":"ReadAction","target":["https:\/\/psol50.org.br\/juliano-medeiros-critica-descaso-das-elites-brasileiras-com-o-genocidio-yanomami-em-artigo-na-folha\/"]}]},{"@type":"ImageObject","inLanguage":"pt-BR","@id":"https:\/\/psol50.org.br\/juliano-medeiros-critica-descaso-das-elites-brasileiras-com-o-genocidio-yanomami-em-artigo-na-folha\/#primaryimage","url":"https:\/\/psol50.org.br\/inc\/uploads\/2022\/04\/fora_garimpo-5_1.jpeg","contentUrl":"https:\/\/psol50.org.br\/inc\/uploads\/2022\/04\/fora_garimpo-5_1.jpeg","width":900,"height":674},{"@type":"BreadcrumbList","@id":"https:\/\/psol50.org.br\/juliano-medeiros-critica-descaso-das-elites-brasileiras-com-o-genocidio-yanomami-em-artigo-na-folha\/#breadcrumb","itemListElement":[{"@type":"ListItem","position":1,"name":"In\u00edcio","item":"https:\/\/psol50.org.br\/"},{"@type":"ListItem","position":2,"name":"Juliano Medeiros critica descaso das elites brasileiras com o genoc\u00eddio Yanomami"}]},{"@type":"WebSite","@id":"https:\/\/psol50.org.br\/#website","url":"https:\/\/psol50.org.br\/","name":"PSOL 50","description":"Site oficial do Partido Socialismo e Liberdade","publisher":{"@id":"https:\/\/psol50.org.br\/#organization"},"alternateName":"PSOL50","potentialAction":[{"@type":"SearchAction","target":{"@type":"EntryPoint","urlTemplate":"https:\/\/psol50.org.br\/?s={search_term_string}"},"query-input":{"@type":"PropertyValueSpecification","valueRequired":true,"valueName":"search_term_string"}}],"inLanguage":"pt-BR"},{"@type":"Organization","@id":"https:\/\/psol50.org.br\/#organization","name":"PSOL 50","alternateName":"PSOL 50","url":"https:\/\/psol50.org.br\/","logo":{"@type":"ImageObject","inLanguage":"pt-BR","@id":"https:\/\/psol50.org.br\/#\/schema\/logo\/image\/","url":"https:\/\/psol50.org.br\/inc\/uploads\/2018\/07\/capa.png","contentUrl":"https:\/\/psol50.org.br\/inc\/uploads\/2018\/07\/capa.png","width":1350,"height":900,"caption":"PSOL 50"},"image":{"@id":"https:\/\/psol50.org.br\/#\/schema\/logo\/image\/"},"sameAs":["https:\/\/www.facebook.com\/psol50","https:\/\/x.com\/psol50","https:\/\/www.instagram.com\/psol50\/","https:\/\/www.youtube.com\/channel\/UC7SnJS5o1os7a6CaiNabzcg"]},{"@type":"Person","@id":"https:\/\/psol50.org.br\/#\/schema\/person\/475dfa57d0b815993c714c2e96491fcd","name":"Comunica\u00e7\u00e3o PSOL","image":{"@type":"ImageObject","inLanguage":"pt-BR","@id":"https:\/\/psol50.org.br\/#\/schema\/person\/image\/","url":"https:\/\/secure.gravatar.com\/avatar\/b34fc4f4e468a4e51785917065a3db57b841f5c95dba6ad8c73aaf8f66f8f9bf?s=96&d=mm&r=g","contentUrl":"https:\/\/secure.gravatar.com\/avatar\/b34fc4f4e468a4e51785917065a3db57b841f5c95dba6ad8c73aaf8f66f8f9bf?s=96&d=mm&r=g","caption":"Comunica\u00e7\u00e3o PSOL"}}]}},"_links":{"self":[{"href":"https:\/\/psol50.org.br\/rest\/wp\/v2\/posts\/37011","targetHints":{"allow":["GET"]}}],"collection":[{"href":"https:\/\/psol50.org.br\/rest\/wp\/v2\/posts"}],"about":[{"href":"https:\/\/psol50.org.br\/rest\/wp\/v2\/types\/post"}],"author":[{"embeddable":true,"href":"https:\/\/psol50.org.br\/rest\/wp\/v2\/users\/2"}],"replies":[{"embeddable":true,"href":"https:\/\/psol50.org.br\/rest\/wp\/v2\/comments?post=37011"}],"version-history":[{"count":4,"href":"https:\/\/psol50.org.br\/rest\/wp\/v2\/posts\/37011\/revisions"}],"predecessor-version":[{"id":37015,"href":"https:\/\/psol50.org.br\/rest\/wp\/v2\/posts\/37011\/revisions\/37015"}],"wp:featuredmedia":[{"embeddable":true,"href":"https:\/\/psol50.org.br\/rest\/wp\/v2\/media\/35617"}],"wp:attachment":[{"href":"https:\/\/psol50.org.br\/rest\/wp\/v2\/media?parent=37011"}],"wp:term":[{"taxonomy":"category","embeddable":true,"href":"https:\/\/psol50.org.br\/rest\/wp\/v2\/categories?post=37011"},{"taxonomy":"post_tag","embeddable":true,"href":"https:\/\/psol50.org.br\/rest\/wp\/v2\/tags?post=37011"}],"curies":[{"name":"wp","href":"https:\/\/api.w.org\/{rel}","templated":true}]}}