{"id":37016,"date":"2023-02-17T15:59:03","date_gmt":"2023-02-17T18:59:03","guid":{"rendered":"https:\/\/psol50.org.br\/?p=37016"},"modified":"2023-02-17T15:59:03","modified_gmt":"2023-02-17T18:59:03","slug":"psol-aciona-tcu-para-seguir-cobrando-responsabilidade-no-genocidio-yanomami","status":"publish","type":"post","link":"https:\/\/psol50.org.br\/psol-aciona-tcu-para-seguir-cobrando-responsabilidade-no-genocidio-yanomami\/","title":{"rendered":"PSOL aciona TCU para seguir cobrando responsabilidade no genoc\u00eddio Yanomami"},"content":{"rendered":"<p>A equipe jur\u00eddica da Lideran\u00e7a do PSOL na C\u00e2mara, junto ao gabinete da deputada federal C\u00e9lia Xakriab\u00e1, quer investiga\u00e7\u00e3o e responsabiliza\u00e7\u00e3o das autoridades do governo Bolsonaro frente ao genoc\u00eddio Yanomami tamb\u00e9m no Tribunal de Contas da Uni\u00e3o.<\/p>\n<p>A representa\u00e7\u00e3o pede a investiga\u00e7\u00e3o da atua\u00e7\u00e3o de Jair Bolsonaro, ex-presidente da Rep\u00fablica, Damares Alves, ex-ministra da Fam\u00edlia e Direitos Humanos, Marcelo Xavier, ex-presidente da FUNAI, Marcelo Queiroga e Eduardo Pazuello, ex-ministros da Sa\u00fade, Ricardo Salles e Joaquim Leite, ex ministros do Meio Ambiente, Anderson Torres e S\u00e9rgio Moro, ex-ministros da Justi\u00e7a e Seguran\u00e7a P\u00fablica, Braga Netto e Paulo S\u00e9rgio Nogueira de Oliveira, ex-ministros da Defesa, Hamilton Moreira, ent\u00e3o vice-presidente da Rep\u00fablica, entre outros eventuais envolvidos.<\/p>\n<p>Para C\u00e9lia Xakriab\u00e1, \u00e9 prioridade responsabilizar em todas as esferas os respons\u00e1veis pela crise humanit\u00e1ria Yanomami. \u201cA\u00e7\u00f5es j\u00e1 est\u00e3o sendo tomadas para apoiar o povo no territ\u00f3rio e combater o garimpo ilegal. Mas \u00e9 preciso olhar para quem causou essa trag\u00e9dia. Quem burlou as regras da administra\u00e7\u00e3o p\u00fablica e quem foi omisso queria esse projeto de ecoc\u00eddio programado. Quem n\u00e3o se sensibiliza com crian\u00e7as passando fome e mulheres sendo estupradas, perdeu a humanidade\u201d, disse a deputada ind\u00edgena.<\/p>\n<p>Guilherme Boulos, l\u00edder do PSOL na C\u00e2mara, tamb\u00e9m refor\u00e7ou a necessidade de incluir a den\u00fancia ao TCU no rol de a\u00e7\u00f5es jur\u00eddicas tocado pela bancada. \u201cIdentificar o grau de envolvimento dos bolsonaristas no genoc\u00eddio Yanom\u00e2mi \u00e9 fundamental para que a justi\u00e7a seja feita. N\u00e3o podemos permitir que essa trag\u00e9dia se repita. \u00c9 necess\u00e1rio apurar qual a participa\u00e7\u00e3o de cada um neste cen\u00e1rio de grav\u00edssimas viola\u00e7\u00f5es e tamb\u00e9m sob o prisma das normas da administra\u00e7\u00e3o e gest\u00e3o p\u00fablica&#8221;, declarou o deputado.<\/p>\n","protected":false},"excerpt":{"rendered":"<p>A equipe jur\u00eddica da Lideran\u00e7a do PSOL na C\u00e2mara, junto ao gabinete da deputada federal C\u00e9lia Xakriab\u00e1, quer investiga\u00e7\u00e3o e responsabiliza\u00e7\u00e3o das autoridades do governo Bolsonaro frente ao genoc\u00eddio Yanomami tamb\u00e9m no Tribunal de Contas da Uni\u00e3o. A representa\u00e7\u00e3o pede a investiga\u00e7\u00e3o da atua\u00e7\u00e3o de Jair Bolsonaro, ex-presidente da Rep\u00fablica, Damares Alves, ex-ministra da Fam\u00edlia [&hellip;]<\/p>\n","protected":false},"author":2,"featured_media":37019,"comment_status":"open","ping_status":"open","sticky":false,"template":"","format":"standard","meta":{"_acf_changed":false,"footnotes":""},"categories":[10],"tags":[4825],"class_list":{"0":"post-37016","1":"post","2":"type-post","3":"status-publish","4":"format-standard","5":"has-post-thumbnail","7":"category-acao-parlamentares","8":"tag-noticias"},"acf":[],"yoast_head":"<!-- This site is optimized with the Yoast SEO plugin v26.5 - https:\/\/yoast.com\/wordpress\/plugins\/seo\/ -->\n<title>PSOL aciona TCU para seguir cobrando responsabilidade no genoc\u00eddio Yanomami<\/title>\n<meta name=\"description\" content=\"Bancada do PSOL quer investiga\u00e7\u00e3o e responsabiliza\u00e7\u00e3o das autoridades do governo Bolsonaro sobre o genoc\u00eddio Yanomami tamb\u00e9m no Tribunal de Contas da Uni\u00e3o.\" \/>\n<meta name=\"robots\" content=\"index, follow, max-snippet:-1, max-image-preview:large, max-video-preview:-1\" \/>\n<link rel=\"canonical\" href=\"https:\/\/psol50.org.br\/psol-aciona-tcu-para-seguir-cobrando-responsabilidade-no-genocidio-yanomami\/\" \/>\n<meta property=\"og:locale\" content=\"pt_BR\" \/>\n<meta property=\"og:type\" content=\"article\" \/>\n<meta property=\"og:title\" content=\"PSOL aciona TCU para seguir cobrando responsabilidade no genoc\u00eddio Yanomami\" \/>\n<meta property=\"og:description\" content=\"Bancada do PSOL quer investiga\u00e7\u00e3o e responsabiliza\u00e7\u00e3o das autoridades do governo Bolsonaro sobre o genoc\u00eddio Yanomami tamb\u00e9m no Tribunal de Contas da Uni\u00e3o.\" \/>\n<meta property=\"og:url\" content=\"https:\/\/psol50.org.br\/psol-aciona-tcu-para-seguir-cobrando-responsabilidade-no-genocidio-yanomami\/\" \/>\n<meta property=\"og:site_name\" content=\"PSOL 50\" \/>\n<meta property=\"article:publisher\" content=\"https:\/\/www.facebook.com\/psol50\" \/>\n<meta property=\"article:published_time\" content=\"2023-02-17T18:59:03+00:00\" \/>\n<meta property=\"og:image\" content=\"https:\/\/psol50.org.br\/inc\/uploads\/2023\/02\/open-uri20230130-18-l2tzzw.jpeg\" \/>\n\t<meta property=\"og:image:width\" content=\"640\" \/>\n\t<meta property=\"og:image:height\" content=\"480\" \/>\n\t<meta property=\"og:image:type\" content=\"image\/jpeg\" \/>\n<meta name=\"author\" content=\"Comunica\u00e7\u00e3o PSOL\" \/>\n<meta name=\"twitter:card\" content=\"summary_large_image\" \/>\n<meta name=\"twitter:creator\" content=\"@psol50\" \/>\n<meta name=\"twitter:site\" content=\"@psol50\" \/>\n<meta name=\"twitter:label1\" content=\"Escrito por\" \/>\n\t<meta name=\"twitter:data1\" content=\"Comunica\u00e7\u00e3o PSOL\" \/>\n\t<meta name=\"twitter:label2\" content=\"Est. tempo de leitura\" \/>\n\t<meta name=\"twitter:data2\" content=\"2 minutos\" \/>\n<script type=\"application\/ld+json\" class=\"yoast-schema-graph\">{\"@context\":\"https:\/\/schema.org\",\"@graph\":[{\"@type\":\"Article\",\"@id\":\"https:\/\/psol50.org.br\/psol-aciona-tcu-para-seguir-cobrando-responsabilidade-no-genocidio-yanomami\/#article\",\"isPartOf\":{\"@id\":\"https:\/\/psol50.org.br\/psol-aciona-tcu-para-seguir-cobrando-responsabilidade-no-genocidio-yanomami\/\"},\"author\":{\"name\":\"Comunica\u00e7\u00e3o PSOL\",\"@id\":\"https:\/\/psol50.org.br\/#\/schema\/person\/475dfa57d0b815993c714c2e96491fcd\"},\"headline\":\"PSOL aciona TCU para seguir cobrando responsabilidade no genoc\u00eddio Yanomami\",\"datePublished\":\"2023-02-17T18:59:03+00:00\",\"mainEntityOfPage\":{\"@id\":\"https:\/\/psol50.org.br\/psol-aciona-tcu-para-seguir-cobrando-responsabilidade-no-genocidio-yanomami\/\"},\"wordCount\":333,\"commentCount\":0,\"publisher\":{\"@id\":\"https:\/\/psol50.org.br\/#organization\"},\"image\":{\"@id\":\"https:\/\/psol50.org.br\/psol-aciona-tcu-para-seguir-cobrando-responsabilidade-no-genocidio-yanomami\/#primaryimage\"},\"thumbnailUrl\":\"https:\/\/psol50.org.br\/inc\/uploads\/2023\/02\/open-uri20230130-18-l2tzzw.jpeg\",\"keywords\":[\"Not\u00edcias\"],\"articleSection\":[\"A\u00e7\u00e3o Parlamentar\"],\"inLanguage\":\"pt-BR\",\"potentialAction\":[{\"@type\":\"CommentAction\",\"name\":\"Comment\",\"target\":[\"https:\/\/psol50.org.br\/psol-aciona-tcu-para-seguir-cobrando-responsabilidade-no-genocidio-yanomami\/#respond\"]}]},{\"@type\":\"WebPage\",\"@id\":\"https:\/\/psol50.org.br\/psol-aciona-tcu-para-seguir-cobrando-responsabilidade-no-genocidio-yanomami\/\",\"url\":\"https:\/\/psol50.org.br\/psol-aciona-tcu-para-seguir-cobrando-responsabilidade-no-genocidio-yanomami\/\",\"name\":\"PSOL aciona TCU para seguir cobrando responsabilidade no genoc\u00eddio Yanomami\",\"isPartOf\":{\"@id\":\"https:\/\/psol50.org.br\/#website\"},\"primaryImageOfPage\":{\"@id\":\"https:\/\/psol50.org.br\/psol-aciona-tcu-para-seguir-cobrando-responsabilidade-no-genocidio-yanomami\/#primaryimage\"},\"image\":{\"@id\":\"https:\/\/psol50.org.br\/psol-aciona-tcu-para-seguir-cobrando-responsabilidade-no-genocidio-yanomami\/#primaryimage\"},\"thumbnailUrl\":\"https:\/\/psol50.org.br\/inc\/uploads\/2023\/02\/open-uri20230130-18-l2tzzw.jpeg\",\"datePublished\":\"2023-02-17T18:59:03+00:00\",\"description\":\"Bancada do PSOL quer investiga\u00e7\u00e3o e responsabiliza\u00e7\u00e3o das autoridades do governo Bolsonaro sobre o genoc\u00eddio Yanomami tamb\u00e9m no Tribunal de Contas da Uni\u00e3o.\",\"breadcrumb\":{\"@id\":\"https:\/\/psol50.org.br\/psol-aciona-tcu-para-seguir-cobrando-responsabilidade-no-genocidio-yanomami\/#breadcrumb\"},\"inLanguage\":\"pt-BR\",\"potentialAction\":[{\"@type\":\"ReadAction\",\"target\":[\"https:\/\/psol50.org.br\/psol-aciona-tcu-para-seguir-cobrando-responsabilidade-no-genocidio-yanomami\/\"]}]},{\"@type\":\"ImageObject\",\"inLanguage\":\"pt-BR\",\"@id\":\"https:\/\/psol50.org.br\/psol-aciona-tcu-para-seguir-cobrando-responsabilidade-no-genocidio-yanomami\/#primaryimage\",\"url\":\"https:\/\/psol50.org.br\/inc\/uploads\/2023\/02\/open-uri20230130-18-l2tzzw.jpeg\",\"contentUrl\":\"https:\/\/psol50.org.br\/inc\/uploads\/2023\/02\/open-uri20230130-18-l2tzzw.jpeg\",\"width\":640,\"height\":480,\"caption\":\"Foto: S\u00e9rgio Lima\/Poder360\"},{\"@type\":\"BreadcrumbList\",\"@id\":\"https:\/\/psol50.org.br\/psol-aciona-tcu-para-seguir-cobrando-responsabilidade-no-genocidio-yanomami\/#breadcrumb\",\"itemListElement\":[{\"@type\":\"ListItem\",\"position\":1,\"name\":\"In\u00edcio\",\"item\":\"https:\/\/psol50.org.br\/\"},{\"@type\":\"ListItem\",\"position\":2,\"name\":\"PSOL aciona TCU para seguir cobrando responsabilidade no genoc\u00eddio Yanomami\"}]},{\"@type\":\"WebSite\",\"@id\":\"https:\/\/psol50.org.br\/#website\",\"url\":\"https:\/\/psol50.org.br\/\",\"name\":\"PSOL 50\",\"description\":\"Site oficial do Partido Socialismo e Liberdade\",\"publisher\":{\"@id\":\"https:\/\/psol50.org.br\/#organization\"},\"alternateName\":\"PSOL50\",\"potentialAction\":[{\"@type\":\"SearchAction\",\"target\":{\"@type\":\"EntryPoint\",\"urlTemplate\":\"https:\/\/psol50.org.br\/?s={search_term_string}\"},\"query-input\":{\"@type\":\"PropertyValueSpecification\",\"valueRequired\":true,\"valueName\":\"search_term_string\"}}],\"inLanguage\":\"pt-BR\"},{\"@type\":\"Organization\",\"@id\":\"https:\/\/psol50.org.br\/#organization\",\"name\":\"PSOL 50\",\"alternateName\":\"PSOL 50\",\"url\":\"https:\/\/psol50.org.br\/\",\"logo\":{\"@type\":\"ImageObject\",\"inLanguage\":\"pt-BR\",\"@id\":\"https:\/\/psol50.org.br\/#\/schema\/logo\/image\/\",\"url\":\"https:\/\/psol50.org.br\/inc\/uploads\/2018\/07\/capa.png\",\"contentUrl\":\"https:\/\/psol50.org.br\/inc\/uploads\/2018\/07\/capa.png\",\"width\":1350,\"height\":900,\"caption\":\"PSOL 50\"},\"image\":{\"@id\":\"https:\/\/psol50.org.br\/#\/schema\/logo\/image\/\"},\"sameAs\":[\"https:\/\/www.facebook.com\/psol50\",\"https:\/\/x.com\/psol50\",\"https:\/\/www.instagram.com\/psol50\/\",\"https:\/\/www.youtube.com\/channel\/UC7SnJS5o1os7a6CaiNabzcg\"]},{\"@type\":\"Person\",\"@id\":\"https:\/\/psol50.org.br\/#\/schema\/person\/475dfa57d0b815993c714c2e96491fcd\",\"name\":\"Comunica\u00e7\u00e3o PSOL\",\"image\":{\"@type\":\"ImageObject\",\"inLanguage\":\"pt-BR\",\"@id\":\"https:\/\/psol50.org.br\/#\/schema\/person\/image\/\",\"url\":\"https:\/\/secure.gravatar.com\/avatar\/b34fc4f4e468a4e51785917065a3db57b841f5c95dba6ad8c73aaf8f66f8f9bf?s=96&d=mm&r=g\",\"contentUrl\":\"https:\/\/secure.gravatar.com\/avatar\/b34fc4f4e468a4e51785917065a3db57b841f5c95dba6ad8c73aaf8f66f8f9bf?s=96&d=mm&r=g\",\"caption\":\"Comunica\u00e7\u00e3o PSOL\"}}]}<\/script>\n<!-- \/ Yoast SEO plugin. -->","yoast_head_json":{"title":"PSOL aciona TCU para seguir cobrando responsabilidade no genoc\u00eddio Yanomami","description":"Bancada do PSOL quer investiga\u00e7\u00e3o e responsabiliza\u00e7\u00e3o das autoridades do governo Bolsonaro sobre o genoc\u00eddio Yanomami tamb\u00e9m no Tribunal de Contas da Uni\u00e3o.","robots":{"index":"index","follow":"follow","max-snippet":"max-snippet:-1","max-image-preview":"max-image-preview:large","max-video-preview":"max-video-preview:-1"},"canonical":"https:\/\/psol50.org.br\/psol-aciona-tcu-para-seguir-cobrando-responsabilidade-no-genocidio-yanomami\/","og_locale":"pt_BR","og_type":"article","og_title":"PSOL aciona TCU para seguir cobrando responsabilidade no genoc\u00eddio Yanomami","og_description":"Bancada do PSOL quer investiga\u00e7\u00e3o e responsabiliza\u00e7\u00e3o das autoridades do governo Bolsonaro sobre o genoc\u00eddio Yanomami tamb\u00e9m no Tribunal de Contas da Uni\u00e3o.","og_url":"https:\/\/psol50.org.br\/psol-aciona-tcu-para-seguir-cobrando-responsabilidade-no-genocidio-yanomami\/","og_site_name":"PSOL 50","article_publisher":"https:\/\/www.facebook.com\/psol50","article_published_time":"2023-02-17T18:59:03+00:00","og_image":[{"width":640,"height":480,"url":"https:\/\/psol50.org.br\/inc\/uploads\/2023\/02\/open-uri20230130-18-l2tzzw.jpeg","type":"image\/jpeg"}],"author":"Comunica\u00e7\u00e3o PSOL","twitter_card":"summary_large_image","twitter_creator":"@psol50","twitter_site":"@psol50","twitter_misc":{"Escrito por":"Comunica\u00e7\u00e3o PSOL","Est. tempo de leitura":"2 minutos"},"schema":{"@context":"https:\/\/schema.org","@graph":[{"@type":"Article","@id":"https:\/\/psol50.org.br\/psol-aciona-tcu-para-seguir-cobrando-responsabilidade-no-genocidio-yanomami\/#article","isPartOf":{"@id":"https:\/\/psol50.org.br\/psol-aciona-tcu-para-seguir-cobrando-responsabilidade-no-genocidio-yanomami\/"},"author":{"name":"Comunica\u00e7\u00e3o PSOL","@id":"https:\/\/psol50.org.br\/#\/schema\/person\/475dfa57d0b815993c714c2e96491fcd"},"headline":"PSOL aciona TCU para seguir cobrando responsabilidade no genoc\u00eddio Yanomami","datePublished":"2023-02-17T18:59:03+00:00","mainEntityOfPage":{"@id":"https:\/\/psol50.org.br\/psol-aciona-tcu-para-seguir-cobrando-responsabilidade-no-genocidio-yanomami\/"},"wordCount":333,"commentCount":0,"publisher":{"@id":"https:\/\/psol50.org.br\/#organization"},"image":{"@id":"https:\/\/psol50.org.br\/psol-aciona-tcu-para-seguir-cobrando-responsabilidade-no-genocidio-yanomami\/#primaryimage"},"thumbnailUrl":"https:\/\/psol50.org.br\/inc\/uploads\/2023\/02\/open-uri20230130-18-l2tzzw.jpeg","keywords":["Not\u00edcias"],"articleSection":["A\u00e7\u00e3o Parlamentar"],"inLanguage":"pt-BR","potentialAction":[{"@type":"CommentAction","name":"Comment","target":["https:\/\/psol50.org.br\/psol-aciona-tcu-para-seguir-cobrando-responsabilidade-no-genocidio-yanomami\/#respond"]}]},{"@type":"WebPage","@id":"https:\/\/psol50.org.br\/psol-aciona-tcu-para-seguir-cobrando-responsabilidade-no-genocidio-yanomami\/","url":"https:\/\/psol50.org.br\/psol-aciona-tcu-para-seguir-cobrando-responsabilidade-no-genocidio-yanomami\/","name":"PSOL aciona TCU para seguir cobrando responsabilidade no genoc\u00eddio Yanomami","isPartOf":{"@id":"https:\/\/psol50.org.br\/#website"},"primaryImageOfPage":{"@id":"https:\/\/psol50.org.br\/psol-aciona-tcu-para-seguir-cobrando-responsabilidade-no-genocidio-yanomami\/#primaryimage"},"image":{"@id":"https:\/\/psol50.org.br\/psol-aciona-tcu-para-seguir-cobrando-responsabilidade-no-genocidio-yanomami\/#primaryimage"},"thumbnailUrl":"https:\/\/psol50.org.br\/inc\/uploads\/2023\/02\/open-uri20230130-18-l2tzzw.jpeg","datePublished":"2023-02-17T18:59:03+00:00","description":"Bancada do PSOL quer investiga\u00e7\u00e3o e responsabiliza\u00e7\u00e3o das autoridades do governo Bolsonaro sobre o genoc\u00eddio Yanomami tamb\u00e9m no Tribunal de Contas da Uni\u00e3o.","breadcrumb":{"@id":"https:\/\/psol50.org.br\/psol-aciona-tcu-para-seguir-cobrando-responsabilidade-no-genocidio-yanomami\/#breadcrumb"},"inLanguage":"pt-BR","potentialAction":[{"@type":"ReadAction","target":["https:\/\/psol50.org.br\/psol-aciona-tcu-para-seguir-cobrando-responsabilidade-no-genocidio-yanomami\/"]}]},{"@type":"ImageObject","inLanguage":"pt-BR","@id":"https:\/\/psol50.org.br\/psol-aciona-tcu-para-seguir-cobrando-responsabilidade-no-genocidio-yanomami\/#primaryimage","url":"https:\/\/psol50.org.br\/inc\/uploads\/2023\/02\/open-uri20230130-18-l2tzzw.jpeg","contentUrl":"https:\/\/psol50.org.br\/inc\/uploads\/2023\/02\/open-uri20230130-18-l2tzzw.jpeg","width":640,"height":480,"caption":"Foto: S\u00e9rgio Lima\/Poder360"},{"@type":"BreadcrumbList","@id":"https:\/\/psol50.org.br\/psol-aciona-tcu-para-seguir-cobrando-responsabilidade-no-genocidio-yanomami\/#breadcrumb","itemListElement":[{"@type":"ListItem","position":1,"name":"In\u00edcio","item":"https:\/\/psol50.org.br\/"},{"@type":"ListItem","position":2,"name":"PSOL aciona TCU para seguir cobrando responsabilidade no genoc\u00eddio Yanomami"}]},{"@type":"WebSite","@id":"https:\/\/psol50.org.br\/#website","url":"https:\/\/psol50.org.br\/","name":"PSOL 50","description":"Site oficial do Partido Socialismo e Liberdade","publisher":{"@id":"https:\/\/psol50.org.br\/#organization"},"alternateName":"PSOL50","potentialAction":[{"@type":"SearchAction","target":{"@type":"EntryPoint","urlTemplate":"https:\/\/psol50.org.br\/?s={search_term_string}"},"query-input":{"@type":"PropertyValueSpecification","valueRequired":true,"valueName":"search_term_string"}}],"inLanguage":"pt-BR"},{"@type":"Organization","@id":"https:\/\/psol50.org.br\/#organization","name":"PSOL 50","alternateName":"PSOL 50","url":"https:\/\/psol50.org.br\/","logo":{"@type":"ImageObject","inLanguage":"pt-BR","@id":"https:\/\/psol50.org.br\/#\/schema\/logo\/image\/","url":"https:\/\/psol50.org.br\/inc\/uploads\/2018\/07\/capa.png","contentUrl":"https:\/\/psol50.org.br\/inc\/uploads\/2018\/07\/capa.png","width":1350,"height":900,"caption":"PSOL 50"},"image":{"@id":"https:\/\/psol50.org.br\/#\/schema\/logo\/image\/"},"sameAs":["https:\/\/www.facebook.com\/psol50","https:\/\/x.com\/psol50","https:\/\/www.instagram.com\/psol50\/","https:\/\/www.youtube.com\/channel\/UC7SnJS5o1os7a6CaiNabzcg"]},{"@type":"Person","@id":"https:\/\/psol50.org.br\/#\/schema\/person\/475dfa57d0b815993c714c2e96491fcd","name":"Comunica\u00e7\u00e3o PSOL","image":{"@type":"ImageObject","inLanguage":"pt-BR","@id":"https:\/\/psol50.org.br\/#\/schema\/person\/image\/","url":"https:\/\/secure.gravatar.com\/avatar\/b34fc4f4e468a4e51785917065a3db57b841f5c95dba6ad8c73aaf8f66f8f9bf?s=96&d=mm&r=g","contentUrl":"https:\/\/secure.gravatar.com\/avatar\/b34fc4f4e468a4e51785917065a3db57b841f5c95dba6ad8c73aaf8f66f8f9bf?s=96&d=mm&r=g","caption":"Comunica\u00e7\u00e3o PSOL"}}]}},"_links":{"self":[{"href":"https:\/\/psol50.org.br\/rest\/wp\/v2\/posts\/37016","targetHints":{"allow":["GET"]}}],"collection":[{"href":"https:\/\/psol50.org.br\/rest\/wp\/v2\/posts"}],"about":[{"href":"https:\/\/psol50.org.br\/rest\/wp\/v2\/types\/post"}],"author":[{"embeddable":true,"href":"https:\/\/psol50.org.br\/rest\/wp\/v2\/users\/2"}],"replies":[{"embeddable":true,"href":"https:\/\/psol50.org.br\/rest\/wp\/v2\/comments?post=37016"}],"version-history":[{"count":2,"href":"https:\/\/psol50.org.br\/rest\/wp\/v2\/posts\/37016\/revisions"}],"predecessor-version":[{"id":37018,"href":"https:\/\/psol50.org.br\/rest\/wp\/v2\/posts\/37016\/revisions\/37018"}],"wp:featuredmedia":[{"embeddable":true,"href":"https:\/\/psol50.org.br\/rest\/wp\/v2\/media\/37019"}],"wp:attachment":[{"href":"https:\/\/psol50.org.br\/rest\/wp\/v2\/media?parent=37016"}],"wp:term":[{"taxonomy":"category","embeddable":true,"href":"https:\/\/psol50.org.br\/rest\/wp\/v2\/categories?post=37016"},{"taxonomy":"post_tag","embeddable":true,"href":"https:\/\/psol50.org.br\/rest\/wp\/v2\/tags?post=37016"}],"curies":[{"name":"wp","href":"https:\/\/api.w.org\/{rel}","templated":true}]}}