{"id":37028,"date":"2023-02-23T16:28:42","date_gmt":"2023-02-23T19:28:42","guid":{"rendered":"https:\/\/psol50.org.br\/?p=37028"},"modified":"2023-02-28T11:55:43","modified_gmt":"2023-02-28T14:55:43","slug":"psol-propoe-corrigir-bolsa-familia-pela-inflacao-e-pelo-pib","status":"publish","type":"post","link":"https:\/\/psol50.org.br\/psol-propoe-corrigir-bolsa-familia-pela-inflacao-e-pelo-pib\/","title":{"rendered":"PSOL prop\u00f5e corrigir Bolsa Fam\u00edlia pela infla\u00e7\u00e3o e pelo PIB"},"content":{"rendered":"<p>O deputado federal Chico Alencar (PSOL-RJ) apresentou nesta semana um projeto de lei para que o Bolsa Fam\u00edlia passe a ter o mesmo mecanismo de reajuste defendido pelo presidente Lula para o sal\u00e1rio m\u00ednimo: ser elevado anualmente de acordo com a varia\u00e7\u00e3o da infla\u00e7\u00e3o somada ao crescimento do PIB do ano imediatamente anterior.<\/p>\n<p>O objetivo da proposta \u00e9 ampliar o poder de compra do Bolsa Fam\u00edlia e valorizar o benef\u00edcio, que tem papel central na garantia de dignidade da popula\u00e7\u00e3o mais vulner\u00e1vel e movimenta a economia das \u00e1reas mais pobres do pa\u00eds, promovendo desenvolvimento econ\u00f4mico aliado a justi\u00e7a social.<\/p>\n<p>&#8220;Consideramos indispens\u00e1vel que haja uma pol\u00edtica de valoriza\u00e7\u00e3o real do principal programa de transfer\u00eancia de renda do Brasil&#8221;, diz trecho da justificativa do projeto de lei.<\/p>\n<blockquote class=\"twitter-tweet\" data-width=\"550\" data-dnt=\"true\">\n<p lang=\"pt\" dir=\"ltr\">Saiu no <a href=\"https:\/\/twitter.com\/UOL?ref_src=twsrc%5Etfw\">@UOL<\/a>: queremos q o Bolsa Fam\u00edlia seja reajustado anualmente, corrigido segundo infla\u00e7\u00e3o e PIB. Indispens\u00e1vel que haja uma pol\u00edtica de valoriza\u00e7\u00e3o real do principal programa de transfer\u00eancia de renda do Brasil. Saiba mais e compartilhe: <a href=\"https:\/\/t.co\/RNRgZdE2mF\">https:\/\/t.co\/RNRgZdE2mF<\/a><\/p>\n<p>&mdash; Chico Alencar (@chico_psol) <a href=\"https:\/\/twitter.com\/chico_psol\/status\/1628812320846512129?ref_src=twsrc%5Etfw\">February 23, 2023<\/a><\/p><\/blockquote>\n<p><script async src=\"https:\/\/platform.twitter.com\/widgets.js\" charset=\"utf-8\"><\/script><\/p>\n","protected":false},"excerpt":{"rendered":"<p>O deputado federal Chico Alencar (PSOL-RJ) apresentou nesta semana um projeto de lei para que o Bolsa Fam\u00edlia passe a ter o mesmo mecanismo de reajuste defendido pelo presidente Lula para o sal\u00e1rio m\u00ednimo: ser elevado anualmente de acordo com a varia\u00e7\u00e3o da infla\u00e7\u00e3o somada ao crescimento do PIB do ano imediatamente anterior. O objetivo [&hellip;]<\/p>\n","protected":false},"author":2,"featured_media":36824,"comment_status":"open","ping_status":"open","sticky":false,"template":"","format":"standard","meta":{"_acf_changed":false,"footnotes":""},"categories":[10],"tags":[4825],"class_list":{"0":"post-37028","1":"post","2":"type-post","3":"status-publish","4":"format-standard","5":"has-post-thumbnail","7":"category-acao-parlamentares","8":"tag-noticias"},"acf":[],"yoast_head":"<!-- This site is optimized with the Yoast SEO plugin v26.5 - https:\/\/yoast.com\/wordpress\/plugins\/seo\/ -->\n<title>PSOL prop\u00f5e corrigir Bolsa Fam\u00edlia pela infla\u00e7\u00e3o e pelo PIB<\/title>\n<meta name=\"description\" content=\"Projeto do deputado federal Chico Alencar sugere a ado\u00e7\u00e3o do mesmo mecanismo de reajuste do sal\u00e1rio m\u00ednimo para o programa de transfer\u00eancia de renda.\" \/>\n<meta name=\"robots\" content=\"index, follow, max-snippet:-1, max-image-preview:large, max-video-preview:-1\" \/>\n<link rel=\"canonical\" href=\"https:\/\/psol50.org.br\/psol-propoe-corrigir-bolsa-familia-pela-inflacao-e-pelo-pib\/\" \/>\n<meta property=\"og:locale\" content=\"pt_BR\" \/>\n<meta property=\"og:type\" content=\"article\" \/>\n<meta property=\"og:title\" content=\"PSOL prop\u00f5e corrigir Bolsa Fam\u00edlia pela infla\u00e7\u00e3o e pelo PIB\" \/>\n<meta property=\"og:description\" content=\"Projeto do deputado federal Chico Alencar sugere a ado\u00e7\u00e3o do mesmo mecanismo de reajuste do sal\u00e1rio m\u00ednimo para o programa de transfer\u00eancia de renda.\" \/>\n<meta property=\"og:url\" content=\"https:\/\/psol50.org.br\/psol-propoe-corrigir-bolsa-familia-pela-inflacao-e-pelo-pib\/\" \/>\n<meta property=\"og:site_name\" content=\"PSOL 50\" \/>\n<meta property=\"article:publisher\" content=\"https:\/\/www.facebook.com\/psol50\" \/>\n<meta property=\"article:published_time\" content=\"2023-02-23T19:28:42+00:00\" \/>\n<meta property=\"article:modified_time\" content=\"2023-02-28T14:55:43+00:00\" \/>\n<meta property=\"og:image\" content=\"https:\/\/psol50.org.br\/inc\/uploads\/2023\/01\/img20181107211956286.jpg\" \/>\n\t<meta property=\"og:image:width\" content=\"2003\" \/>\n\t<meta property=\"og:image:height\" content=\"1312\" \/>\n\t<meta property=\"og:image:type\" content=\"image\/jpeg\" \/>\n<meta name=\"author\" content=\"Comunica\u00e7\u00e3o PSOL\" \/>\n<meta name=\"twitter:card\" content=\"summary_large_image\" \/>\n<meta name=\"twitter:creator\" content=\"@psol50\" \/>\n<meta name=\"twitter:site\" content=\"@psol50\" \/>\n<meta name=\"twitter:label1\" content=\"Escrito por\" \/>\n\t<meta name=\"twitter:data1\" content=\"Comunica\u00e7\u00e3o PSOL\" \/>\n\t<meta name=\"twitter:label2\" content=\"Est. tempo de leitura\" \/>\n\t<meta name=\"twitter:data2\" content=\"1 minuto\" \/>\n<script type=\"application\/ld+json\" class=\"yoast-schema-graph\">{\"@context\":\"https:\/\/schema.org\",\"@graph\":[{\"@type\":\"Article\",\"@id\":\"https:\/\/psol50.org.br\/psol-propoe-corrigir-bolsa-familia-pela-inflacao-e-pelo-pib\/#article\",\"isPartOf\":{\"@id\":\"https:\/\/psol50.org.br\/psol-propoe-corrigir-bolsa-familia-pela-inflacao-e-pelo-pib\/\"},\"author\":{\"name\":\"Comunica\u00e7\u00e3o PSOL\",\"@id\":\"https:\/\/psol50.org.br\/#\/schema\/person\/475dfa57d0b815993c714c2e96491fcd\"},\"headline\":\"PSOL prop\u00f5e corrigir Bolsa Fam\u00edlia pela infla\u00e7\u00e3o e pelo PIB\",\"datePublished\":\"2023-02-23T19:28:42+00:00\",\"dateModified\":\"2023-02-28T14:55:43+00:00\",\"mainEntityOfPage\":{\"@id\":\"https:\/\/psol50.org.br\/psol-propoe-corrigir-bolsa-familia-pela-inflacao-e-pelo-pib\/\"},\"wordCount\":159,\"commentCount\":0,\"publisher\":{\"@id\":\"https:\/\/psol50.org.br\/#organization\"},\"image\":{\"@id\":\"https:\/\/psol50.org.br\/psol-propoe-corrigir-bolsa-familia-pela-inflacao-e-pelo-pib\/#primaryimage\"},\"thumbnailUrl\":\"https:\/\/psol50.org.br\/inc\/uploads\/2023\/01\/img20181107211956286.jpg\",\"keywords\":[\"Not\u00edcias\"],\"articleSection\":[\"A\u00e7\u00e3o Parlamentar\"],\"inLanguage\":\"pt-BR\",\"potentialAction\":[{\"@type\":\"CommentAction\",\"name\":\"Comment\",\"target\":[\"https:\/\/psol50.org.br\/psol-propoe-corrigir-bolsa-familia-pela-inflacao-e-pelo-pib\/#respond\"]}]},{\"@type\":\"WebPage\",\"@id\":\"https:\/\/psol50.org.br\/psol-propoe-corrigir-bolsa-familia-pela-inflacao-e-pelo-pib\/\",\"url\":\"https:\/\/psol50.org.br\/psol-propoe-corrigir-bolsa-familia-pela-inflacao-e-pelo-pib\/\",\"name\":\"PSOL prop\u00f5e corrigir Bolsa Fam\u00edlia pela infla\u00e7\u00e3o e pelo PIB\",\"isPartOf\":{\"@id\":\"https:\/\/psol50.org.br\/#website\"},\"primaryImageOfPage\":{\"@id\":\"https:\/\/psol50.org.br\/psol-propoe-corrigir-bolsa-familia-pela-inflacao-e-pelo-pib\/#primaryimage\"},\"image\":{\"@id\":\"https:\/\/psol50.org.br\/psol-propoe-corrigir-bolsa-familia-pela-inflacao-e-pelo-pib\/#primaryimage\"},\"thumbnailUrl\":\"https:\/\/psol50.org.br\/inc\/uploads\/2023\/01\/img20181107211956286.jpg\",\"datePublished\":\"2023-02-23T19:28:42+00:00\",\"dateModified\":\"2023-02-28T14:55:43+00:00\",\"description\":\"Projeto do deputado federal Chico Alencar sugere a ado\u00e7\u00e3o do mesmo mecanismo de reajuste do sal\u00e1rio m\u00ednimo para o programa de transfer\u00eancia de renda.\",\"breadcrumb\":{\"@id\":\"https:\/\/psol50.org.br\/psol-propoe-corrigir-bolsa-familia-pela-inflacao-e-pelo-pib\/#breadcrumb\"},\"inLanguage\":\"pt-BR\",\"potentialAction\":[{\"@type\":\"ReadAction\",\"target\":[\"https:\/\/psol50.org.br\/psol-propoe-corrigir-bolsa-familia-pela-inflacao-e-pelo-pib\/\"]}]},{\"@type\":\"ImageObject\",\"inLanguage\":\"pt-BR\",\"@id\":\"https:\/\/psol50.org.br\/psol-propoe-corrigir-bolsa-familia-pela-inflacao-e-pelo-pib\/#primaryimage\",\"url\":\"https:\/\/psol50.org.br\/inc\/uploads\/2023\/01\/img20181107211956286.jpg\",\"contentUrl\":\"https:\/\/psol50.org.br\/inc\/uploads\/2023\/01\/img20181107211956286.jpg\",\"width\":2003,\"height\":1312,\"caption\":\"Foto: Luis Macedo\/C\u00e2mara dos Deputados\"},{\"@type\":\"BreadcrumbList\",\"@id\":\"https:\/\/psol50.org.br\/psol-propoe-corrigir-bolsa-familia-pela-inflacao-e-pelo-pib\/#breadcrumb\",\"itemListElement\":[{\"@type\":\"ListItem\",\"position\":1,\"name\":\"In\u00edcio\",\"item\":\"https:\/\/psol50.org.br\/\"},{\"@type\":\"ListItem\",\"position\":2,\"name\":\"PSOL prop\u00f5e corrigir Bolsa Fam\u00edlia pela infla\u00e7\u00e3o e pelo PIB\"}]},{\"@type\":\"WebSite\",\"@id\":\"https:\/\/psol50.org.br\/#website\",\"url\":\"https:\/\/psol50.org.br\/\",\"name\":\"PSOL 50\",\"description\":\"Site oficial do Partido Socialismo e Liberdade\",\"publisher\":{\"@id\":\"https:\/\/psol50.org.br\/#organization\"},\"alternateName\":\"PSOL50\",\"potentialAction\":[{\"@type\":\"SearchAction\",\"target\":{\"@type\":\"EntryPoint\",\"urlTemplate\":\"https:\/\/psol50.org.br\/?s={search_term_string}\"},\"query-input\":{\"@type\":\"PropertyValueSpecification\",\"valueRequired\":true,\"valueName\":\"search_term_string\"}}],\"inLanguage\":\"pt-BR\"},{\"@type\":\"Organization\",\"@id\":\"https:\/\/psol50.org.br\/#organization\",\"name\":\"PSOL 50\",\"alternateName\":\"PSOL 50\",\"url\":\"https:\/\/psol50.org.br\/\",\"logo\":{\"@type\":\"ImageObject\",\"inLanguage\":\"pt-BR\",\"@id\":\"https:\/\/psol50.org.br\/#\/schema\/logo\/image\/\",\"url\":\"https:\/\/psol50.org.br\/inc\/uploads\/2018\/07\/capa.png\",\"contentUrl\":\"https:\/\/psol50.org.br\/inc\/uploads\/2018\/07\/capa.png\",\"width\":1350,\"height\":900,\"caption\":\"PSOL 50\"},\"image\":{\"@id\":\"https:\/\/psol50.org.br\/#\/schema\/logo\/image\/\"},\"sameAs\":[\"https:\/\/www.facebook.com\/psol50\",\"https:\/\/x.com\/psol50\",\"https:\/\/www.instagram.com\/psol50\/\",\"https:\/\/www.youtube.com\/channel\/UC7SnJS5o1os7a6CaiNabzcg\"]},{\"@type\":\"Person\",\"@id\":\"https:\/\/psol50.org.br\/#\/schema\/person\/475dfa57d0b815993c714c2e96491fcd\",\"name\":\"Comunica\u00e7\u00e3o PSOL\",\"image\":{\"@type\":\"ImageObject\",\"inLanguage\":\"pt-BR\",\"@id\":\"https:\/\/psol50.org.br\/#\/schema\/person\/image\/\",\"url\":\"https:\/\/secure.gravatar.com\/avatar\/b34fc4f4e468a4e51785917065a3db57b841f5c95dba6ad8c73aaf8f66f8f9bf?s=96&d=mm&r=g\",\"contentUrl\":\"https:\/\/secure.gravatar.com\/avatar\/b34fc4f4e468a4e51785917065a3db57b841f5c95dba6ad8c73aaf8f66f8f9bf?s=96&d=mm&r=g\",\"caption\":\"Comunica\u00e7\u00e3o PSOL\"}}]}<\/script>\n<!-- \/ Yoast SEO plugin. -->","yoast_head_json":{"title":"PSOL prop\u00f5e corrigir Bolsa Fam\u00edlia pela infla\u00e7\u00e3o e pelo PIB","description":"Projeto do deputado federal Chico Alencar sugere a ado\u00e7\u00e3o do mesmo mecanismo de reajuste do sal\u00e1rio m\u00ednimo para o programa de transfer\u00eancia de renda.","robots":{"index":"index","follow":"follow","max-snippet":"max-snippet:-1","max-image-preview":"max-image-preview:large","max-video-preview":"max-video-preview:-1"},"canonical":"https:\/\/psol50.org.br\/psol-propoe-corrigir-bolsa-familia-pela-inflacao-e-pelo-pib\/","og_locale":"pt_BR","og_type":"article","og_title":"PSOL prop\u00f5e corrigir Bolsa Fam\u00edlia pela infla\u00e7\u00e3o e pelo PIB","og_description":"Projeto do deputado federal Chico Alencar sugere a ado\u00e7\u00e3o do mesmo mecanismo de reajuste do sal\u00e1rio m\u00ednimo para o programa de transfer\u00eancia de renda.","og_url":"https:\/\/psol50.org.br\/psol-propoe-corrigir-bolsa-familia-pela-inflacao-e-pelo-pib\/","og_site_name":"PSOL 50","article_publisher":"https:\/\/www.facebook.com\/psol50","article_published_time":"2023-02-23T19:28:42+00:00","article_modified_time":"2023-02-28T14:55:43+00:00","og_image":[{"width":2003,"height":1312,"url":"https:\/\/psol50.org.br\/inc\/uploads\/2023\/01\/img20181107211956286.jpg","type":"image\/jpeg"}],"author":"Comunica\u00e7\u00e3o PSOL","twitter_card":"summary_large_image","twitter_creator":"@psol50","twitter_site":"@psol50","twitter_misc":{"Escrito por":"Comunica\u00e7\u00e3o PSOL","Est. tempo de leitura":"1 minuto"},"schema":{"@context":"https:\/\/schema.org","@graph":[{"@type":"Article","@id":"https:\/\/psol50.org.br\/psol-propoe-corrigir-bolsa-familia-pela-inflacao-e-pelo-pib\/#article","isPartOf":{"@id":"https:\/\/psol50.org.br\/psol-propoe-corrigir-bolsa-familia-pela-inflacao-e-pelo-pib\/"},"author":{"name":"Comunica\u00e7\u00e3o PSOL","@id":"https:\/\/psol50.org.br\/#\/schema\/person\/475dfa57d0b815993c714c2e96491fcd"},"headline":"PSOL prop\u00f5e corrigir Bolsa Fam\u00edlia pela infla\u00e7\u00e3o e pelo PIB","datePublished":"2023-02-23T19:28:42+00:00","dateModified":"2023-02-28T14:55:43+00:00","mainEntityOfPage":{"@id":"https:\/\/psol50.org.br\/psol-propoe-corrigir-bolsa-familia-pela-inflacao-e-pelo-pib\/"},"wordCount":159,"commentCount":0,"publisher":{"@id":"https:\/\/psol50.org.br\/#organization"},"image":{"@id":"https:\/\/psol50.org.br\/psol-propoe-corrigir-bolsa-familia-pela-inflacao-e-pelo-pib\/#primaryimage"},"thumbnailUrl":"https:\/\/psol50.org.br\/inc\/uploads\/2023\/01\/img20181107211956286.jpg","keywords":["Not\u00edcias"],"articleSection":["A\u00e7\u00e3o Parlamentar"],"inLanguage":"pt-BR","potentialAction":[{"@type":"CommentAction","name":"Comment","target":["https:\/\/psol50.org.br\/psol-propoe-corrigir-bolsa-familia-pela-inflacao-e-pelo-pib\/#respond"]}]},{"@type":"WebPage","@id":"https:\/\/psol50.org.br\/psol-propoe-corrigir-bolsa-familia-pela-inflacao-e-pelo-pib\/","url":"https:\/\/psol50.org.br\/psol-propoe-corrigir-bolsa-familia-pela-inflacao-e-pelo-pib\/","name":"PSOL prop\u00f5e corrigir Bolsa Fam\u00edlia pela infla\u00e7\u00e3o e pelo PIB","isPartOf":{"@id":"https:\/\/psol50.org.br\/#website"},"primaryImageOfPage":{"@id":"https:\/\/psol50.org.br\/psol-propoe-corrigir-bolsa-familia-pela-inflacao-e-pelo-pib\/#primaryimage"},"image":{"@id":"https:\/\/psol50.org.br\/psol-propoe-corrigir-bolsa-familia-pela-inflacao-e-pelo-pib\/#primaryimage"},"thumbnailUrl":"https:\/\/psol50.org.br\/inc\/uploads\/2023\/01\/img20181107211956286.jpg","datePublished":"2023-02-23T19:28:42+00:00","dateModified":"2023-02-28T14:55:43+00:00","description":"Projeto do deputado federal Chico Alencar sugere a ado\u00e7\u00e3o do mesmo mecanismo de reajuste do sal\u00e1rio m\u00ednimo para o programa de transfer\u00eancia de renda.","breadcrumb":{"@id":"https:\/\/psol50.org.br\/psol-propoe-corrigir-bolsa-familia-pela-inflacao-e-pelo-pib\/#breadcrumb"},"inLanguage":"pt-BR","potentialAction":[{"@type":"ReadAction","target":["https:\/\/psol50.org.br\/psol-propoe-corrigir-bolsa-familia-pela-inflacao-e-pelo-pib\/"]}]},{"@type":"ImageObject","inLanguage":"pt-BR","@id":"https:\/\/psol50.org.br\/psol-propoe-corrigir-bolsa-familia-pela-inflacao-e-pelo-pib\/#primaryimage","url":"https:\/\/psol50.org.br\/inc\/uploads\/2023\/01\/img20181107211956286.jpg","contentUrl":"https:\/\/psol50.org.br\/inc\/uploads\/2023\/01\/img20181107211956286.jpg","width":2003,"height":1312,"caption":"Foto: Luis Macedo\/C\u00e2mara dos Deputados"},{"@type":"BreadcrumbList","@id":"https:\/\/psol50.org.br\/psol-propoe-corrigir-bolsa-familia-pela-inflacao-e-pelo-pib\/#breadcrumb","itemListElement":[{"@type":"ListItem","position":1,"name":"In\u00edcio","item":"https:\/\/psol50.org.br\/"},{"@type":"ListItem","position":2,"name":"PSOL prop\u00f5e corrigir Bolsa Fam\u00edlia pela infla\u00e7\u00e3o e pelo PIB"}]},{"@type":"WebSite","@id":"https:\/\/psol50.org.br\/#website","url":"https:\/\/psol50.org.br\/","name":"PSOL 50","description":"Site oficial do Partido Socialismo e Liberdade","publisher":{"@id":"https:\/\/psol50.org.br\/#organization"},"alternateName":"PSOL50","potentialAction":[{"@type":"SearchAction","target":{"@type":"EntryPoint","urlTemplate":"https:\/\/psol50.org.br\/?s={search_term_string}"},"query-input":{"@type":"PropertyValueSpecification","valueRequired":true,"valueName":"search_term_string"}}],"inLanguage":"pt-BR"},{"@type":"Organization","@id":"https:\/\/psol50.org.br\/#organization","name":"PSOL 50","alternateName":"PSOL 50","url":"https:\/\/psol50.org.br\/","logo":{"@type":"ImageObject","inLanguage":"pt-BR","@id":"https:\/\/psol50.org.br\/#\/schema\/logo\/image\/","url":"https:\/\/psol50.org.br\/inc\/uploads\/2018\/07\/capa.png","contentUrl":"https:\/\/psol50.org.br\/inc\/uploads\/2018\/07\/capa.png","width":1350,"height":900,"caption":"PSOL 50"},"image":{"@id":"https:\/\/psol50.org.br\/#\/schema\/logo\/image\/"},"sameAs":["https:\/\/www.facebook.com\/psol50","https:\/\/x.com\/psol50","https:\/\/www.instagram.com\/psol50\/","https:\/\/www.youtube.com\/channel\/UC7SnJS5o1os7a6CaiNabzcg"]},{"@type":"Person","@id":"https:\/\/psol50.org.br\/#\/schema\/person\/475dfa57d0b815993c714c2e96491fcd","name":"Comunica\u00e7\u00e3o PSOL","image":{"@type":"ImageObject","inLanguage":"pt-BR","@id":"https:\/\/psol50.org.br\/#\/schema\/person\/image\/","url":"https:\/\/secure.gravatar.com\/avatar\/b34fc4f4e468a4e51785917065a3db57b841f5c95dba6ad8c73aaf8f66f8f9bf?s=96&d=mm&r=g","contentUrl":"https:\/\/secure.gravatar.com\/avatar\/b34fc4f4e468a4e51785917065a3db57b841f5c95dba6ad8c73aaf8f66f8f9bf?s=96&d=mm&r=g","caption":"Comunica\u00e7\u00e3o PSOL"}}]}},"_links":{"self":[{"href":"https:\/\/psol50.org.br\/rest\/wp\/v2\/posts\/37028","targetHints":{"allow":["GET"]}}],"collection":[{"href":"https:\/\/psol50.org.br\/rest\/wp\/v2\/posts"}],"about":[{"href":"https:\/\/psol50.org.br\/rest\/wp\/v2\/types\/post"}],"author":[{"embeddable":true,"href":"https:\/\/psol50.org.br\/rest\/wp\/v2\/users\/2"}],"replies":[{"embeddable":true,"href":"https:\/\/psol50.org.br\/rest\/wp\/v2\/comments?post=37028"}],"version-history":[{"count":2,"href":"https:\/\/psol50.org.br\/rest\/wp\/v2\/posts\/37028\/revisions"}],"predecessor-version":[{"id":37030,"href":"https:\/\/psol50.org.br\/rest\/wp\/v2\/posts\/37028\/revisions\/37030"}],"wp:featuredmedia":[{"embeddable":true,"href":"https:\/\/psol50.org.br\/rest\/wp\/v2\/media\/36824"}],"wp:attachment":[{"href":"https:\/\/psol50.org.br\/rest\/wp\/v2\/media?parent=37028"}],"wp:term":[{"taxonomy":"category","embeddable":true,"href":"https:\/\/psol50.org.br\/rest\/wp\/v2\/categories?post=37028"},{"taxonomy":"post_tag","embeddable":true,"href":"https:\/\/psol50.org.br\/rest\/wp\/v2\/tags?post=37028"}],"curies":[{"name":"wp","href":"https:\/\/api.w.org\/{rel}","templated":true}]}}