{"id":37086,"date":"2023-03-02T16:04:57","date_gmt":"2023-03-02T19:04:57","guid":{"rendered":"https:\/\/psol50.org.br\/?p=37086"},"modified":"2023-03-07T13:13:28","modified_gmt":"2023-03-07T16:13:28","slug":"federacao-psol-rede-define-vice-lideres-da-sua-bancada-para-2023","status":"publish","type":"post","link":"https:\/\/psol50.org.br\/federacao-psol-rede-define-vice-lideres-da-sua-bancada-para-2023\/","title":{"rendered":"Federa\u00e7\u00e3o PSOL-Rede define vice-l\u00edderes da sua bancada para 2023"},"content":{"rendered":"<p>A bancada da Federa\u00e7\u00e3o PSOL-Rede na C\u00e2mara dos Deputados definiu seus quatro vice-l\u00edderes para o ano de 2023. A lideran\u00e7a foi definida no in\u00edcio do ano, com Guilherme Boulos assumindo a fun\u00e7\u00e3o.<\/p>\n<p>A primeira vice-lideran\u00e7a ser\u00e1 ocupada pela deputada reeleita Fernanda Melchionna (PSOL-RS). Ela \u00e9 bibliotec\u00e1ria e est\u00e1 em seu segundo mandato como deputada federal.<\/p>\n<p>O segundo vice-l\u00edder ser\u00e1 Tarc\u00edsio Motta (PSOL-RJ), que \u00e9 professor e estreante em Bras\u00edlia ap\u00f3s ter sido vereador na capital do Rio de Janeiro.<\/p>\n<p>A terceira vice-lideran\u00e7a ser\u00e1 ocupada por Erika Hilton (PSOL-SP), primeira mulher trans eleita deputada federal na hist\u00f3ria.<\/p>\n<p>J\u00e1 o quarto vice-l\u00edder ser\u00e1 o deputado reeleito T\u00falio Gad\u00ealha (Rede-PE), que tamb\u00e9m est\u00e1 em seu segundo mandato em Bras\u00edlia.<\/p>\n","protected":false},"excerpt":{"rendered":"<p>A bancada da Federa\u00e7\u00e3o PSOL-Rede na C\u00e2mara dos Deputados definiu seus quatro vice-l\u00edderes para o ano de 2023. A lideran\u00e7a foi definida no in\u00edcio do ano, com Guilherme Boulos assumindo a fun\u00e7\u00e3o. A primeira vice-lideran\u00e7a ser\u00e1 ocupada pela deputada reeleita Fernanda Melchionna (PSOL-RS). Ela \u00e9 bibliotec\u00e1ria e est\u00e1 em seu segundo mandato como deputada federal. [&hellip;]<\/p>\n","protected":false},"author":2,"featured_media":37089,"comment_status":"open","ping_status":"open","sticky":false,"template":"","format":"standard","meta":{"_acf_changed":false,"footnotes":""},"categories":[10],"tags":[4825],"class_list":{"0":"post-37086","1":"post","2":"type-post","3":"status-publish","4":"format-standard","5":"has-post-thumbnail","7":"category-acao-parlamentares","8":"tag-noticias"},"acf":[],"yoast_head":"<!-- This site is optimized with the Yoast SEO plugin v26.5 - https:\/\/yoast.com\/wordpress\/plugins\/seo\/ -->\n<title>Federa\u00e7\u00e3o PSOL-Rede define vice-l\u00edderes da sua bancada para 2023<\/title>\n<meta name=\"description\" content=\"Com a lideran\u00e7a de Guilherme Boulos, a bancada ter\u00e1 como vice-l\u00edderes Fernanda Melchionna, Tarc\u00edsio Motta, Erika Hilton e T\u00falio Gad\u00ealha.\" \/>\n<meta name=\"robots\" content=\"index, follow, max-snippet:-1, max-image-preview:large, max-video-preview:-1\" \/>\n<link rel=\"canonical\" href=\"https:\/\/psol50.org.br\/federacao-psol-rede-define-vice-lideres-da-sua-bancada-para-2023\/\" \/>\n<meta property=\"og:locale\" content=\"pt_BR\" \/>\n<meta property=\"og:type\" content=\"article\" \/>\n<meta property=\"og:title\" content=\"Federa\u00e7\u00e3o PSOL-Rede define vice-l\u00edderes da sua bancada para 2023\" \/>\n<meta property=\"og:description\" content=\"Com a lideran\u00e7a de Guilherme Boulos, a bancada ter\u00e1 como vice-l\u00edderes Fernanda Melchionna, Tarc\u00edsio Motta, Erika Hilton e T\u00falio Gad\u00ealha.\" \/>\n<meta property=\"og:url\" content=\"https:\/\/psol50.org.br\/federacao-psol-rede-define-vice-lideres-da-sua-bancada-para-2023\/\" \/>\n<meta property=\"og:site_name\" content=\"PSOL 50\" \/>\n<meta property=\"article:publisher\" content=\"https:\/\/www.facebook.com\/psol50\" \/>\n<meta property=\"article:published_time\" content=\"2023-03-02T19:04:57+00:00\" \/>\n<meta property=\"article:modified_time\" content=\"2023-03-07T16:13:28+00:00\" \/>\n<meta property=\"og:image\" content=\"https:\/\/psol50.org.br\/inc\/uploads\/2023\/03\/Cards-posts-site-2.png\" \/>\n\t<meta property=\"og:image:width\" content=\"1107\" \/>\n\t<meta property=\"og:image:height\" content=\"443\" \/>\n\t<meta property=\"og:image:type\" content=\"image\/png\" \/>\n<meta name=\"author\" content=\"Comunica\u00e7\u00e3o PSOL\" \/>\n<meta name=\"twitter:card\" content=\"summary_large_image\" \/>\n<meta name=\"twitter:creator\" content=\"@psol50\" \/>\n<meta name=\"twitter:site\" content=\"@psol50\" \/>\n<meta name=\"twitter:label1\" content=\"Escrito por\" \/>\n\t<meta name=\"twitter:data1\" content=\"Comunica\u00e7\u00e3o PSOL\" \/>\n\t<meta name=\"twitter:label2\" content=\"Est. tempo de leitura\" \/>\n\t<meta name=\"twitter:data2\" content=\"1 minuto\" \/>\n<script type=\"application\/ld+json\" class=\"yoast-schema-graph\">{\"@context\":\"https:\/\/schema.org\",\"@graph\":[{\"@type\":\"Article\",\"@id\":\"https:\/\/psol50.org.br\/federacao-psol-rede-define-vice-lideres-da-sua-bancada-para-2023\/#article\",\"isPartOf\":{\"@id\":\"https:\/\/psol50.org.br\/federacao-psol-rede-define-vice-lideres-da-sua-bancada-para-2023\/\"},\"author\":{\"name\":\"Comunica\u00e7\u00e3o PSOL\",\"@id\":\"https:\/\/psol50.org.br\/#\/schema\/person\/475dfa57d0b815993c714c2e96491fcd\"},\"headline\":\"Federa\u00e7\u00e3o PSOL-Rede define vice-l\u00edderes da sua bancada para 2023\",\"datePublished\":\"2023-03-02T19:04:57+00:00\",\"dateModified\":\"2023-03-07T16:13:28+00:00\",\"mainEntityOfPage\":{\"@id\":\"https:\/\/psol50.org.br\/federacao-psol-rede-define-vice-lideres-da-sua-bancada-para-2023\/\"},\"wordCount\":142,\"commentCount\":0,\"publisher\":{\"@id\":\"https:\/\/psol50.org.br\/#organization\"},\"image\":{\"@id\":\"https:\/\/psol50.org.br\/federacao-psol-rede-define-vice-lideres-da-sua-bancada-para-2023\/#primaryimage\"},\"thumbnailUrl\":\"https:\/\/psol50.org.br\/inc\/uploads\/2023\/03\/Cards-posts-site-2.png\",\"keywords\":[\"Not\u00edcias\"],\"articleSection\":[\"A\u00e7\u00e3o Parlamentar\"],\"inLanguage\":\"pt-BR\",\"potentialAction\":[{\"@type\":\"CommentAction\",\"name\":\"Comment\",\"target\":[\"https:\/\/psol50.org.br\/federacao-psol-rede-define-vice-lideres-da-sua-bancada-para-2023\/#respond\"]}]},{\"@type\":\"WebPage\",\"@id\":\"https:\/\/psol50.org.br\/federacao-psol-rede-define-vice-lideres-da-sua-bancada-para-2023\/\",\"url\":\"https:\/\/psol50.org.br\/federacao-psol-rede-define-vice-lideres-da-sua-bancada-para-2023\/\",\"name\":\"Federa\u00e7\u00e3o PSOL-Rede define vice-l\u00edderes da sua bancada para 2023\",\"isPartOf\":{\"@id\":\"https:\/\/psol50.org.br\/#website\"},\"primaryImageOfPage\":{\"@id\":\"https:\/\/psol50.org.br\/federacao-psol-rede-define-vice-lideres-da-sua-bancada-para-2023\/#primaryimage\"},\"image\":{\"@id\":\"https:\/\/psol50.org.br\/federacao-psol-rede-define-vice-lideres-da-sua-bancada-para-2023\/#primaryimage\"},\"thumbnailUrl\":\"https:\/\/psol50.org.br\/inc\/uploads\/2023\/03\/Cards-posts-site-2.png\",\"datePublished\":\"2023-03-02T19:04:57+00:00\",\"dateModified\":\"2023-03-07T16:13:28+00:00\",\"description\":\"Com a lideran\u00e7a de Guilherme Boulos, a bancada ter\u00e1 como vice-l\u00edderes Fernanda Melchionna, Tarc\u00edsio Motta, Erika Hilton e T\u00falio Gad\u00ealha.\",\"breadcrumb\":{\"@id\":\"https:\/\/psol50.org.br\/federacao-psol-rede-define-vice-lideres-da-sua-bancada-para-2023\/#breadcrumb\"},\"inLanguage\":\"pt-BR\",\"potentialAction\":[{\"@type\":\"ReadAction\",\"target\":[\"https:\/\/psol50.org.br\/federacao-psol-rede-define-vice-lideres-da-sua-bancada-para-2023\/\"]}]},{\"@type\":\"ImageObject\",\"inLanguage\":\"pt-BR\",\"@id\":\"https:\/\/psol50.org.br\/federacao-psol-rede-define-vice-lideres-da-sua-bancada-para-2023\/#primaryimage\",\"url\":\"https:\/\/psol50.org.br\/inc\/uploads\/2023\/03\/Cards-posts-site-2.png\",\"contentUrl\":\"https:\/\/psol50.org.br\/inc\/uploads\/2023\/03\/Cards-posts-site-2.png\",\"width\":1107,\"height\":443},{\"@type\":\"BreadcrumbList\",\"@id\":\"https:\/\/psol50.org.br\/federacao-psol-rede-define-vice-lideres-da-sua-bancada-para-2023\/#breadcrumb\",\"itemListElement\":[{\"@type\":\"ListItem\",\"position\":1,\"name\":\"In\u00edcio\",\"item\":\"https:\/\/psol50.org.br\/\"},{\"@type\":\"ListItem\",\"position\":2,\"name\":\"Federa\u00e7\u00e3o PSOL-Rede define vice-l\u00edderes da sua bancada para 2023\"}]},{\"@type\":\"WebSite\",\"@id\":\"https:\/\/psol50.org.br\/#website\",\"url\":\"https:\/\/psol50.org.br\/\",\"name\":\"PSOL 50\",\"description\":\"Site oficial do Partido Socialismo e Liberdade\",\"publisher\":{\"@id\":\"https:\/\/psol50.org.br\/#organization\"},\"alternateName\":\"PSOL50\",\"potentialAction\":[{\"@type\":\"SearchAction\",\"target\":{\"@type\":\"EntryPoint\",\"urlTemplate\":\"https:\/\/psol50.org.br\/?s={search_term_string}\"},\"query-input\":{\"@type\":\"PropertyValueSpecification\",\"valueRequired\":true,\"valueName\":\"search_term_string\"}}],\"inLanguage\":\"pt-BR\"},{\"@type\":\"Organization\",\"@id\":\"https:\/\/psol50.org.br\/#organization\",\"name\":\"PSOL 50\",\"alternateName\":\"PSOL 50\",\"url\":\"https:\/\/psol50.org.br\/\",\"logo\":{\"@type\":\"ImageObject\",\"inLanguage\":\"pt-BR\",\"@id\":\"https:\/\/psol50.org.br\/#\/schema\/logo\/image\/\",\"url\":\"https:\/\/psol50.org.br\/inc\/uploads\/2018\/07\/capa.png\",\"contentUrl\":\"https:\/\/psol50.org.br\/inc\/uploads\/2018\/07\/capa.png\",\"width\":1350,\"height\":900,\"caption\":\"PSOL 50\"},\"image\":{\"@id\":\"https:\/\/psol50.org.br\/#\/schema\/logo\/image\/\"},\"sameAs\":[\"https:\/\/www.facebook.com\/psol50\",\"https:\/\/x.com\/psol50\",\"https:\/\/www.instagram.com\/psol50\/\",\"https:\/\/www.youtube.com\/channel\/UC7SnJS5o1os7a6CaiNabzcg\"]},{\"@type\":\"Person\",\"@id\":\"https:\/\/psol50.org.br\/#\/schema\/person\/475dfa57d0b815993c714c2e96491fcd\",\"name\":\"Comunica\u00e7\u00e3o PSOL\",\"image\":{\"@type\":\"ImageObject\",\"inLanguage\":\"pt-BR\",\"@id\":\"https:\/\/psol50.org.br\/#\/schema\/person\/image\/\",\"url\":\"https:\/\/secure.gravatar.com\/avatar\/b34fc4f4e468a4e51785917065a3db57b841f5c95dba6ad8c73aaf8f66f8f9bf?s=96&d=mm&r=g\",\"contentUrl\":\"https:\/\/secure.gravatar.com\/avatar\/b34fc4f4e468a4e51785917065a3db57b841f5c95dba6ad8c73aaf8f66f8f9bf?s=96&d=mm&r=g\",\"caption\":\"Comunica\u00e7\u00e3o PSOL\"}}]}<\/script>\n<!-- \/ Yoast SEO plugin. -->","yoast_head_json":{"title":"Federa\u00e7\u00e3o PSOL-Rede define vice-l\u00edderes da sua bancada para 2023","description":"Com a lideran\u00e7a de Guilherme Boulos, a bancada ter\u00e1 como vice-l\u00edderes Fernanda Melchionna, Tarc\u00edsio Motta, Erika Hilton e T\u00falio Gad\u00ealha.","robots":{"index":"index","follow":"follow","max-snippet":"max-snippet:-1","max-image-preview":"max-image-preview:large","max-video-preview":"max-video-preview:-1"},"canonical":"https:\/\/psol50.org.br\/federacao-psol-rede-define-vice-lideres-da-sua-bancada-para-2023\/","og_locale":"pt_BR","og_type":"article","og_title":"Federa\u00e7\u00e3o PSOL-Rede define vice-l\u00edderes da sua bancada para 2023","og_description":"Com a lideran\u00e7a de Guilherme Boulos, a bancada ter\u00e1 como vice-l\u00edderes Fernanda Melchionna, Tarc\u00edsio Motta, Erika Hilton e T\u00falio Gad\u00ealha.","og_url":"https:\/\/psol50.org.br\/federacao-psol-rede-define-vice-lideres-da-sua-bancada-para-2023\/","og_site_name":"PSOL 50","article_publisher":"https:\/\/www.facebook.com\/psol50","article_published_time":"2023-03-02T19:04:57+00:00","article_modified_time":"2023-03-07T16:13:28+00:00","og_image":[{"width":1107,"height":443,"url":"https:\/\/psol50.org.br\/inc\/uploads\/2023\/03\/Cards-posts-site-2.png","type":"image\/png"}],"author":"Comunica\u00e7\u00e3o PSOL","twitter_card":"summary_large_image","twitter_creator":"@psol50","twitter_site":"@psol50","twitter_misc":{"Escrito por":"Comunica\u00e7\u00e3o PSOL","Est. tempo de leitura":"1 minuto"},"schema":{"@context":"https:\/\/schema.org","@graph":[{"@type":"Article","@id":"https:\/\/psol50.org.br\/federacao-psol-rede-define-vice-lideres-da-sua-bancada-para-2023\/#article","isPartOf":{"@id":"https:\/\/psol50.org.br\/federacao-psol-rede-define-vice-lideres-da-sua-bancada-para-2023\/"},"author":{"name":"Comunica\u00e7\u00e3o PSOL","@id":"https:\/\/psol50.org.br\/#\/schema\/person\/475dfa57d0b815993c714c2e96491fcd"},"headline":"Federa\u00e7\u00e3o PSOL-Rede define vice-l\u00edderes da sua bancada para 2023","datePublished":"2023-03-02T19:04:57+00:00","dateModified":"2023-03-07T16:13:28+00:00","mainEntityOfPage":{"@id":"https:\/\/psol50.org.br\/federacao-psol-rede-define-vice-lideres-da-sua-bancada-para-2023\/"},"wordCount":142,"commentCount":0,"publisher":{"@id":"https:\/\/psol50.org.br\/#organization"},"image":{"@id":"https:\/\/psol50.org.br\/federacao-psol-rede-define-vice-lideres-da-sua-bancada-para-2023\/#primaryimage"},"thumbnailUrl":"https:\/\/psol50.org.br\/inc\/uploads\/2023\/03\/Cards-posts-site-2.png","keywords":["Not\u00edcias"],"articleSection":["A\u00e7\u00e3o Parlamentar"],"inLanguage":"pt-BR","potentialAction":[{"@type":"CommentAction","name":"Comment","target":["https:\/\/psol50.org.br\/federacao-psol-rede-define-vice-lideres-da-sua-bancada-para-2023\/#respond"]}]},{"@type":"WebPage","@id":"https:\/\/psol50.org.br\/federacao-psol-rede-define-vice-lideres-da-sua-bancada-para-2023\/","url":"https:\/\/psol50.org.br\/federacao-psol-rede-define-vice-lideres-da-sua-bancada-para-2023\/","name":"Federa\u00e7\u00e3o PSOL-Rede define vice-l\u00edderes da sua bancada para 2023","isPartOf":{"@id":"https:\/\/psol50.org.br\/#website"},"primaryImageOfPage":{"@id":"https:\/\/psol50.org.br\/federacao-psol-rede-define-vice-lideres-da-sua-bancada-para-2023\/#primaryimage"},"image":{"@id":"https:\/\/psol50.org.br\/federacao-psol-rede-define-vice-lideres-da-sua-bancada-para-2023\/#primaryimage"},"thumbnailUrl":"https:\/\/psol50.org.br\/inc\/uploads\/2023\/03\/Cards-posts-site-2.png","datePublished":"2023-03-02T19:04:57+00:00","dateModified":"2023-03-07T16:13:28+00:00","description":"Com a lideran\u00e7a de Guilherme Boulos, a bancada ter\u00e1 como vice-l\u00edderes Fernanda Melchionna, Tarc\u00edsio Motta, Erika Hilton e T\u00falio Gad\u00ealha.","breadcrumb":{"@id":"https:\/\/psol50.org.br\/federacao-psol-rede-define-vice-lideres-da-sua-bancada-para-2023\/#breadcrumb"},"inLanguage":"pt-BR","potentialAction":[{"@type":"ReadAction","target":["https:\/\/psol50.org.br\/federacao-psol-rede-define-vice-lideres-da-sua-bancada-para-2023\/"]}]},{"@type":"ImageObject","inLanguage":"pt-BR","@id":"https:\/\/psol50.org.br\/federacao-psol-rede-define-vice-lideres-da-sua-bancada-para-2023\/#primaryimage","url":"https:\/\/psol50.org.br\/inc\/uploads\/2023\/03\/Cards-posts-site-2.png","contentUrl":"https:\/\/psol50.org.br\/inc\/uploads\/2023\/03\/Cards-posts-site-2.png","width":1107,"height":443},{"@type":"BreadcrumbList","@id":"https:\/\/psol50.org.br\/federacao-psol-rede-define-vice-lideres-da-sua-bancada-para-2023\/#breadcrumb","itemListElement":[{"@type":"ListItem","position":1,"name":"In\u00edcio","item":"https:\/\/psol50.org.br\/"},{"@type":"ListItem","position":2,"name":"Federa\u00e7\u00e3o PSOL-Rede define vice-l\u00edderes da sua bancada para 2023"}]},{"@type":"WebSite","@id":"https:\/\/psol50.org.br\/#website","url":"https:\/\/psol50.org.br\/","name":"PSOL 50","description":"Site oficial do Partido Socialismo e Liberdade","publisher":{"@id":"https:\/\/psol50.org.br\/#organization"},"alternateName":"PSOL50","potentialAction":[{"@type":"SearchAction","target":{"@type":"EntryPoint","urlTemplate":"https:\/\/psol50.org.br\/?s={search_term_string}"},"query-input":{"@type":"PropertyValueSpecification","valueRequired":true,"valueName":"search_term_string"}}],"inLanguage":"pt-BR"},{"@type":"Organization","@id":"https:\/\/psol50.org.br\/#organization","name":"PSOL 50","alternateName":"PSOL 50","url":"https:\/\/psol50.org.br\/","logo":{"@type":"ImageObject","inLanguage":"pt-BR","@id":"https:\/\/psol50.org.br\/#\/schema\/logo\/image\/","url":"https:\/\/psol50.org.br\/inc\/uploads\/2018\/07\/capa.png","contentUrl":"https:\/\/psol50.org.br\/inc\/uploads\/2018\/07\/capa.png","width":1350,"height":900,"caption":"PSOL 50"},"image":{"@id":"https:\/\/psol50.org.br\/#\/schema\/logo\/image\/"},"sameAs":["https:\/\/www.facebook.com\/psol50","https:\/\/x.com\/psol50","https:\/\/www.instagram.com\/psol50\/","https:\/\/www.youtube.com\/channel\/UC7SnJS5o1os7a6CaiNabzcg"]},{"@type":"Person","@id":"https:\/\/psol50.org.br\/#\/schema\/person\/475dfa57d0b815993c714c2e96491fcd","name":"Comunica\u00e7\u00e3o PSOL","image":{"@type":"ImageObject","inLanguage":"pt-BR","@id":"https:\/\/psol50.org.br\/#\/schema\/person\/image\/","url":"https:\/\/secure.gravatar.com\/avatar\/b34fc4f4e468a4e51785917065a3db57b841f5c95dba6ad8c73aaf8f66f8f9bf?s=96&d=mm&r=g","contentUrl":"https:\/\/secure.gravatar.com\/avatar\/b34fc4f4e468a4e51785917065a3db57b841f5c95dba6ad8c73aaf8f66f8f9bf?s=96&d=mm&r=g","caption":"Comunica\u00e7\u00e3o PSOL"}}]}},"_links":{"self":[{"href":"https:\/\/psol50.org.br\/rest\/wp\/v2\/posts\/37086","targetHints":{"allow":["GET"]}}],"collection":[{"href":"https:\/\/psol50.org.br\/rest\/wp\/v2\/posts"}],"about":[{"href":"https:\/\/psol50.org.br\/rest\/wp\/v2\/types\/post"}],"author":[{"embeddable":true,"href":"https:\/\/psol50.org.br\/rest\/wp\/v2\/users\/2"}],"replies":[{"embeddable":true,"href":"https:\/\/psol50.org.br\/rest\/wp\/v2\/comments?post=37086"}],"version-history":[{"count":3,"href":"https:\/\/psol50.org.br\/rest\/wp\/v2\/posts\/37086\/revisions"}],"predecessor-version":[{"id":37090,"href":"https:\/\/psol50.org.br\/rest\/wp\/v2\/posts\/37086\/revisions\/37090"}],"wp:featuredmedia":[{"embeddable":true,"href":"https:\/\/psol50.org.br\/rest\/wp\/v2\/media\/37089"}],"wp:attachment":[{"href":"https:\/\/psol50.org.br\/rest\/wp\/v2\/media?parent=37086"}],"wp:term":[{"taxonomy":"category","embeddable":true,"href":"https:\/\/psol50.org.br\/rest\/wp\/v2\/categories?post=37086"},{"taxonomy":"post_tag","embeddable":true,"href":"https:\/\/psol50.org.br\/rest\/wp\/v2\/tags?post=37086"}],"curies":[{"name":"wp","href":"https:\/\/api.w.org\/{rel}","templated":true}]}}