{"id":371,"date":"2010-05-06T00:00:00","date_gmt":"2010-05-06T00:00:00","guid":{"rendered":"http:\/\/psol50.org.br\/arquivo\/2010\/05\/06\/revolta-na-grecia-o-povo-nao-quer-se-sacrificar-pelos-banqueiros\/"},"modified":"2010-05-06T00:00:00","modified_gmt":"2010-05-06T00:00:00","slug":"revolta-na-grecia-o-povo-nao-quer-se-sacrificar-pelos-banqueiros","status":"publish","type":"post","link":"https:\/\/psol50.org.br\/revolta-na-grecia-o-povo-nao-quer-se-sacrificar-pelos-banqueiros\/","title":{"rendered":"Revolta na Gr\u00e9cia: o povo n\u00e3o quer se sacrificar pelos banqueiros"},"content":{"rendered":"<div>A Gr\u00e9cia foi paralisada nesta quarta-feira (5) por uma greve geral da classe trabalhadora contra o novo pacote negociado pelo governo social-democrata liderado pelo primeiro-ministro George Papandreou com o Fundo Monet\u00e1rio Internacional e a Uni\u00e3o Europeia. O protesto foi temperado por manifesta\u00e7\u00f5es de rua e confrontos com a pol\u00edcia. Pelo menos tr\u00eas pessoas morreram.<\/div>\n<div>\n<br \/><!--more-->\n<\/div>\n<div>Houve uma ades\u00e3o generalizada ao movimento. O pa\u00eds amanheceu sem transportes, o com\u00e9rcio fechou a partir das 12 horas, as escolas n\u00e3o abriram, os servi\u00e7os p\u00fablicos n\u00e3o funcionaram, os navios permaneceram imobilizados nas docas, hospitais operaram em esquema de emerg\u00eancia, as m\u00e1quinas ficaram ociosas nas f\u00e1bricas, jornalistas, advogados e m\u00e9dicos tamb\u00e9m decidiram cruzar os bra\u00e7os.<\/p>\n<p><strong>Contra o FMI<\/strong><\/p>\n<p>Pela manh\u00e3, cerca de 60 mil pessoas marcharam no centro de Atenas portando faixas e gritando palavras de ordem contra o governo e o FMI. Em mais de uma ocasi\u00e3o, a pol\u00edcia reprimiu o povo com g\u00e1s lacrimog\u00eaneo e cassetetes. Alguns manifestantes revidaram e houve confrontos.<\/p>\n<p>A greve envolveu trabalhadores e trabalhadoras de setores p\u00fablicos e privados, evidenciou o poder da classe unida (nenhum pa\u00eds funciona e nada se produz sem a for\u00e7a de trabalho) e foi mais um vigoroso pronunciamento popular em defesa de direitos e conquistas arrancados com muita luta no passado, assim como contra as falsas solu\u00e7\u00f5es para a crise que o governo quer impor por determina\u00e7\u00e3o do FMI e da c\u00fapula da Uni\u00e3o Europeia.<\/p>\n<p><strong>Partido Comunista<\/strong><\/p>\n<p>O Partido Comunista da Gr\u00e9cia (KKE) esteve \u00e0 frente dos protestos e fez um apelo ao conjunto dos trabalhadores europeus para unificar for\u00e7as com os gregos e enfrentar a ofensiva reacion\u00e1ria das classes dominantes no contexto da crise fiscal provocada pela d\u00edvida externa.<br \/>A mensagem rebelde dos grevistas transpareceu nas faixas e cartazes exibidos nas ruas de Atenas: \u201ctaxem os ricos\u201d, \u201cn\u00e3o pagaremos pela crise dos ricos\u201d, \u201cn\u00e3o toquem nas nossas pens\u00f5es\u201d, entre outras do mesmo g\u00eanero.<\/p>\n<p>As raz\u00f5es dos trabalhadores e trabalhadoras, apoiados por mais de 50% da na\u00e7\u00e3o, segundo pesquisas recentes, s\u00e3o fortes. O pacote sugerido pelo FMI e acatado pelo governo social-democrata prev\u00ea redu\u00e7\u00e3o e congelamento de sal\u00e1rios, corte de benef\u00edcios e direitos como 13\u00ba e 14\u00ba sal\u00e1rios, flexibiliza\u00e7\u00e3o da legisla\u00e7\u00e3o trabalhista, eleva\u00e7\u00e3o da idade m\u00ednima para aposentadoria e aumento de impostos. Tais medidas devem ser analisadas nesta quinta-feira (6) pelo Parlamento, onde o governo tem maioria.<\/p>\n<p>O pensamento das classes dominantes, transmitido pelo FMI, pelos analistas e porta-vozes dos mercados e reiterado ad nauseam pela m\u00eddia, sustenta que n\u00e3o h\u00e1 outra sa\u00edda, mas isto n\u00e3o \u00e9 verdade, ou melhor, \u00e9 a verdade do capitalismo neoliberal. O pronunciamento do social-democrata Papandreou pedindo o \u201csacrif\u00edcio\u201d do povo, por sinal, soa pat\u00e9tico no eco da greve.<\/p>\n<p><strong>Filme antigo<\/strong><\/p>\n<p>Para a oligarquia financeira, fra\u00e7\u00e3o hegem\u00f4nica da classe capitalista na economia moderna, certamente o pacote do FMI \u00e9 a melhor e quem sabe a \u00fanica solu\u00e7\u00e3o poss\u00edvel. Afinal, todo o \u201cplano de austeridade\u201d foi bolado precisamente para impedir a morat\u00f3ria e garantir o pagamento dos juros, embora seja cinicamente apresentado como a \u201csalva\u00e7\u00e3o da p\u00e1tria\u201d.<\/p>\n<p>O povo brasileiro j\u00e1 viu este filme. A interven\u00e7\u00e3o intermitente do FMI na pol\u00edtica econ\u00f4mica a partir de janeiro de 1983 at\u00e9 o \u00faltimo governo FHC viabilizou o pagamento dos juros da d\u00edvida externa contra\u00edda pelo regime militar, mas resultou em mais de duas d\u00e9cadas perdidas, redu\u00e7\u00e3o substancial da participa\u00e7\u00e3o dos sal\u00e1rios no PIB, precariza\u00e7\u00e3o das condi\u00e7\u00f5es e rela\u00e7\u00f5es de trabalho, desemprego em massa, desnacionaliza\u00e7\u00e3o, privatiza\u00e7\u00e3o e outras mis\u00e9rias.<\/p>\n<p><strong>Dois pesos e duas medidas<\/strong><\/p>\n<p>A perspectiva para a Gr\u00e9cia n\u00e3o \u00e9 diferente, talvez seja pior. Estima-se que o pa\u00eds n\u00e3o retomar\u00e1 os n\u00edveis nominais do seu PIB antes de 2017. Como todas as amargas receitas do FMI, a que est\u00e1 sendo sugerida aos gregos tem um n\u00edtido car\u00e1ter recessivo e um sentido oposto ao que foi e ainda vem sendo feito pelas pot\u00eancias capitalistas para reverter a crise irradiada pelos EUA.<\/p>\n<p>Obama incorreu num d\u00e9ficit p\u00fablico superior a 1,6 trilh\u00e3o de d\u00f3lares em 2009, a d\u00edvida p\u00fablica americana se aproxima de 15 trilh\u00f5es de d\u00f3lares, Tio Sam vive muito al\u00e9m dos seus meios e isto cria s\u00e9rios desequil\u00edbrios para a economia mundial. Mas o FMI n\u00e3o ousa dar palpites, ningu\u00e9m recomenda aos norte-americanos gastar menos e poupar mais para pagar a d\u00edvida.<\/p>\n<p><strong>Crise do capitalismo<\/strong><\/p>\n<p>A Gr\u00e9cia n\u00e3o \u00e9 um caso isolado, constitui um elo fr\u00e1gil do imperialismo europeu, a exemplo de Portugal e Espanha. A crise no pa\u00eds hel\u00eanico \u00e9 sintoma de uma patologia mais profunda cuja raiz remete ao processo de reprodu\u00e7\u00e3o do capital no interior da ordem imperialista e de valoriza\u00e7\u00e3o do capital na esfera financeira.<\/p>\n<p>\u00c9 uma crise do capitalismo neoliberal e da atual ordem imperialista. Uma solu\u00e7\u00e3o justa e progressista n\u00e3o ser\u00e1 alcan\u00e7ada nos marcos deste sistema. Esta \u00e9 a mensagem de fundo que deve ser percebida na greve geral que paralisou a Gr\u00e9cia nesta quarta-feira. O protesto que abalou o euro e a Europa \u00e9 um grito indignado contra aqueles que dizem que n\u00e3o h\u00e1 outra solu\u00e7\u00e3o fora da racionalidade irracional do capital financeiro. A luta da classe trabalhadora e dos povos h\u00e1 de abrir novos caminhos para a sociedade humana e n\u00e3o s\u00f3 na Europa.<\/p><\/div>\n<div><em><strong><br \/><\/strong><\/em><\/div>\n<div><em><strong>Fonte: Portal Vermelho &#8211; Por Umberto Martins<\/strong><\/em><\/div>\n","protected":false},"excerpt":{"rendered":"<p>A Gr\u00e9cia foi paralisada nesta quarta-feira (5) por uma greve geral da classe trabalhadora contra o novo pacote negociado pelo governo social-democrata liderado pelo primeiro-ministro George Papandreou com o Fundo Monet\u00e1rio Internacional e a Uni\u00e3o Europeia. O protesto foi temperado por manifesta\u00e7\u00f5es de rua e confrontos com a pol\u00edcia. Pelo menos tr\u00eas pessoas morreram.<\/p>\n","protected":false},"author":2,"featured_media":0,"comment_status":"open","ping_status":"open","sticky":false,"template":"","format":"standard","meta":{"_acf_changed":false,"footnotes":""},"categories":[4766,4764,836],"tags":[790,3993,1216,4765],"class_list":{"0":"post-371","1":"post","2":"type-post","3":"status-publish","4":"format-standard","6":"category-arquivo","7":"category-grecia","8":"category-internacional","9":"tag-esquerda","10":"tag-grecia","11":"tag-internacional","12":"tag-syriza"},"acf":[],"yoast_head":"<!-- This site is optimized with the Yoast SEO plugin v26.5 - https:\/\/yoast.com\/wordpress\/plugins\/seo\/ -->\n<title>Revolta na Gr\u00e9cia: o povo n\u00e3o quer se sacrificar pelos banqueiros - PSOL 50<\/title>\n<meta name=\"robots\" content=\"index, follow, max-snippet:-1, max-image-preview:large, max-video-preview:-1\" \/>\n<link rel=\"canonical\" href=\"https:\/\/psol50.org.br\/revolta-na-grecia-o-povo-nao-quer-se-sacrificar-pelos-banqueiros\/\" \/>\n<meta property=\"og:locale\" content=\"pt_BR\" \/>\n<meta property=\"og:type\" content=\"article\" \/>\n<meta property=\"og:title\" content=\"Revolta na Gr\u00e9cia: o povo n\u00e3o quer se sacrificar pelos banqueiros - PSOL 50\" \/>\n<meta property=\"og:description\" content=\"A Gr\u00e9cia foi paralisada nesta quarta-feira (5) por uma greve geral da classe trabalhadora contra o novo pacote negociado pelo governo social-democrata liderado pelo primeiro-ministro George Papandreou com o Fundo Monet\u00e1rio Internacional e a Uni\u00e3o Europeia. O protesto foi temperado por manifesta\u00e7\u00f5es de rua e confrontos com a pol\u00edcia. Pelo menos tr\u00eas pessoas morreram.\" \/>\n<meta property=\"og:url\" content=\"https:\/\/psol50.org.br\/revolta-na-grecia-o-povo-nao-quer-se-sacrificar-pelos-banqueiros\/\" \/>\n<meta property=\"og:site_name\" content=\"PSOL 50\" \/>\n<meta property=\"article:publisher\" content=\"https:\/\/www.facebook.com\/psol50\" \/>\n<meta property=\"article:published_time\" content=\"2010-05-06T00:00:00+00:00\" \/>\n<meta property=\"og:image\" content=\"https:\/\/psol50.org.br\/inc\/uploads\/2018\/07\/capa.png\" \/>\n\t<meta property=\"og:image:width\" content=\"1350\" \/>\n\t<meta property=\"og:image:height\" content=\"900\" \/>\n\t<meta property=\"og:image:type\" content=\"image\/png\" \/>\n<meta name=\"author\" content=\"Comunica\u00e7\u00e3o PSOL\" \/>\n<meta name=\"twitter:card\" content=\"summary_large_image\" \/>\n<meta name=\"twitter:creator\" content=\"@psol50\" \/>\n<meta name=\"twitter:site\" content=\"@psol50\" \/>\n<meta name=\"twitter:label1\" content=\"Escrito por\" \/>\n\t<meta name=\"twitter:data1\" content=\"Comunica\u00e7\u00e3o PSOL\" \/>\n\t<meta name=\"twitter:label2\" content=\"Est. tempo de leitura\" \/>\n\t<meta name=\"twitter:data2\" content=\"5 minutos\" \/>\n<script type=\"application\/ld+json\" class=\"yoast-schema-graph\">{\"@context\":\"https:\/\/schema.org\",\"@graph\":[{\"@type\":\"Article\",\"@id\":\"https:\/\/psol50.org.br\/revolta-na-grecia-o-povo-nao-quer-se-sacrificar-pelos-banqueiros\/#article\",\"isPartOf\":{\"@id\":\"https:\/\/psol50.org.br\/revolta-na-grecia-o-povo-nao-quer-se-sacrificar-pelos-banqueiros\/\"},\"author\":{\"name\":\"Comunica\u00e7\u00e3o PSOL\",\"@id\":\"https:\/\/psol50.org.br\/#\/schema\/person\/475dfa57d0b815993c714c2e96491fcd\"},\"headline\":\"Revolta na Gr\u00e9cia: o povo n\u00e3o quer se sacrificar pelos banqueiros\",\"datePublished\":\"2010-05-06T00:00:00+00:00\",\"mainEntityOfPage\":{\"@id\":\"https:\/\/psol50.org.br\/revolta-na-grecia-o-povo-nao-quer-se-sacrificar-pelos-banqueiros\/\"},\"wordCount\":959,\"commentCount\":0,\"publisher\":{\"@id\":\"https:\/\/psol50.org.br\/#organization\"},\"keywords\":[\"esquerda\",\"Gr\u00e9cia\",\"Internacional\",\"Syriza\"],\"articleSection\":[\"Arquivo\",\"Gr\u00e9cia\",\"Internacional\"],\"inLanguage\":\"pt-BR\",\"potentialAction\":[{\"@type\":\"CommentAction\",\"name\":\"Comment\",\"target\":[\"https:\/\/psol50.org.br\/revolta-na-grecia-o-povo-nao-quer-se-sacrificar-pelos-banqueiros\/#respond\"]}]},{\"@type\":\"WebPage\",\"@id\":\"https:\/\/psol50.org.br\/revolta-na-grecia-o-povo-nao-quer-se-sacrificar-pelos-banqueiros\/\",\"url\":\"https:\/\/psol50.org.br\/revolta-na-grecia-o-povo-nao-quer-se-sacrificar-pelos-banqueiros\/\",\"name\":\"Revolta na Gr\u00e9cia: o povo n\u00e3o quer se sacrificar pelos banqueiros - PSOL 50\",\"isPartOf\":{\"@id\":\"https:\/\/psol50.org.br\/#website\"},\"datePublished\":\"2010-05-06T00:00:00+00:00\",\"breadcrumb\":{\"@id\":\"https:\/\/psol50.org.br\/revolta-na-grecia-o-povo-nao-quer-se-sacrificar-pelos-banqueiros\/#breadcrumb\"},\"inLanguage\":\"pt-BR\",\"potentialAction\":[{\"@type\":\"ReadAction\",\"target\":[\"https:\/\/psol50.org.br\/revolta-na-grecia-o-povo-nao-quer-se-sacrificar-pelos-banqueiros\/\"]}]},{\"@type\":\"BreadcrumbList\",\"@id\":\"https:\/\/psol50.org.br\/revolta-na-grecia-o-povo-nao-quer-se-sacrificar-pelos-banqueiros\/#breadcrumb\",\"itemListElement\":[{\"@type\":\"ListItem\",\"position\":1,\"name\":\"In\u00edcio\",\"item\":\"https:\/\/psol50.org.br\/\"},{\"@type\":\"ListItem\",\"position\":2,\"name\":\"Revolta na Gr\u00e9cia: o povo n\u00e3o quer se sacrificar pelos banqueiros\"}]},{\"@type\":\"WebSite\",\"@id\":\"https:\/\/psol50.org.br\/#website\",\"url\":\"https:\/\/psol50.org.br\/\",\"name\":\"PSOL 50\",\"description\":\"Site oficial do Partido Socialismo e Liberdade\",\"publisher\":{\"@id\":\"https:\/\/psol50.org.br\/#organization\"},\"alternateName\":\"PSOL50\",\"potentialAction\":[{\"@type\":\"SearchAction\",\"target\":{\"@type\":\"EntryPoint\",\"urlTemplate\":\"https:\/\/psol50.org.br\/?s={search_term_string}\"},\"query-input\":{\"@type\":\"PropertyValueSpecification\",\"valueRequired\":true,\"valueName\":\"search_term_string\"}}],\"inLanguage\":\"pt-BR\"},{\"@type\":\"Organization\",\"@id\":\"https:\/\/psol50.org.br\/#organization\",\"name\":\"PSOL 50\",\"alternateName\":\"PSOL 50\",\"url\":\"https:\/\/psol50.org.br\/\",\"logo\":{\"@type\":\"ImageObject\",\"inLanguage\":\"pt-BR\",\"@id\":\"https:\/\/psol50.org.br\/#\/schema\/logo\/image\/\",\"url\":\"https:\/\/psol50.org.br\/inc\/uploads\/2018\/07\/capa.png\",\"contentUrl\":\"https:\/\/psol50.org.br\/inc\/uploads\/2018\/07\/capa.png\",\"width\":1350,\"height\":900,\"caption\":\"PSOL 50\"},\"image\":{\"@id\":\"https:\/\/psol50.org.br\/#\/schema\/logo\/image\/\"},\"sameAs\":[\"https:\/\/www.facebook.com\/psol50\",\"https:\/\/x.com\/psol50\",\"https:\/\/www.instagram.com\/psol50\/\",\"https:\/\/www.youtube.com\/channel\/UC7SnJS5o1os7a6CaiNabzcg\"]},{\"@type\":\"Person\",\"@id\":\"https:\/\/psol50.org.br\/#\/schema\/person\/475dfa57d0b815993c714c2e96491fcd\",\"name\":\"Comunica\u00e7\u00e3o PSOL\",\"image\":{\"@type\":\"ImageObject\",\"inLanguage\":\"pt-BR\",\"@id\":\"https:\/\/psol50.org.br\/#\/schema\/person\/image\/\",\"url\":\"https:\/\/secure.gravatar.com\/avatar\/b34fc4f4e468a4e51785917065a3db57b841f5c95dba6ad8c73aaf8f66f8f9bf?s=96&d=mm&r=g\",\"contentUrl\":\"https:\/\/secure.gravatar.com\/avatar\/b34fc4f4e468a4e51785917065a3db57b841f5c95dba6ad8c73aaf8f66f8f9bf?s=96&d=mm&r=g\",\"caption\":\"Comunica\u00e7\u00e3o PSOL\"}}]}<\/script>\n<!-- \/ Yoast SEO plugin. -->","yoast_head_json":{"title":"Revolta na Gr\u00e9cia: o povo n\u00e3o quer se sacrificar pelos banqueiros - PSOL 50","robots":{"index":"index","follow":"follow","max-snippet":"max-snippet:-1","max-image-preview":"max-image-preview:large","max-video-preview":"max-video-preview:-1"},"canonical":"https:\/\/psol50.org.br\/revolta-na-grecia-o-povo-nao-quer-se-sacrificar-pelos-banqueiros\/","og_locale":"pt_BR","og_type":"article","og_title":"Revolta na Gr\u00e9cia: o povo n\u00e3o quer se sacrificar pelos banqueiros - PSOL 50","og_description":"A Gr\u00e9cia foi paralisada nesta quarta-feira (5) por uma greve geral da classe trabalhadora contra o novo pacote negociado pelo governo social-democrata liderado pelo primeiro-ministro George Papandreou com o Fundo Monet\u00e1rio Internacional e a Uni\u00e3o Europeia. O protesto foi temperado por manifesta\u00e7\u00f5es de rua e confrontos com a pol\u00edcia. Pelo menos tr\u00eas pessoas morreram.","og_url":"https:\/\/psol50.org.br\/revolta-na-grecia-o-povo-nao-quer-se-sacrificar-pelos-banqueiros\/","og_site_name":"PSOL 50","article_publisher":"https:\/\/www.facebook.com\/psol50","article_published_time":"2010-05-06T00:00:00+00:00","og_image":[{"width":1350,"height":900,"url":"https:\/\/psol50.org.br\/inc\/uploads\/2018\/07\/capa.png","type":"image\/png"}],"author":"Comunica\u00e7\u00e3o PSOL","twitter_card":"summary_large_image","twitter_creator":"@psol50","twitter_site":"@psol50","twitter_misc":{"Escrito por":"Comunica\u00e7\u00e3o PSOL","Est. tempo de leitura":"5 minutos"},"schema":{"@context":"https:\/\/schema.org","@graph":[{"@type":"Article","@id":"https:\/\/psol50.org.br\/revolta-na-grecia-o-povo-nao-quer-se-sacrificar-pelos-banqueiros\/#article","isPartOf":{"@id":"https:\/\/psol50.org.br\/revolta-na-grecia-o-povo-nao-quer-se-sacrificar-pelos-banqueiros\/"},"author":{"name":"Comunica\u00e7\u00e3o PSOL","@id":"https:\/\/psol50.org.br\/#\/schema\/person\/475dfa57d0b815993c714c2e96491fcd"},"headline":"Revolta na Gr\u00e9cia: o povo n\u00e3o quer se sacrificar pelos banqueiros","datePublished":"2010-05-06T00:00:00+00:00","mainEntityOfPage":{"@id":"https:\/\/psol50.org.br\/revolta-na-grecia-o-povo-nao-quer-se-sacrificar-pelos-banqueiros\/"},"wordCount":959,"commentCount":0,"publisher":{"@id":"https:\/\/psol50.org.br\/#organization"},"keywords":["esquerda","Gr\u00e9cia","Internacional","Syriza"],"articleSection":["Arquivo","Gr\u00e9cia","Internacional"],"inLanguage":"pt-BR","potentialAction":[{"@type":"CommentAction","name":"Comment","target":["https:\/\/psol50.org.br\/revolta-na-grecia-o-povo-nao-quer-se-sacrificar-pelos-banqueiros\/#respond"]}]},{"@type":"WebPage","@id":"https:\/\/psol50.org.br\/revolta-na-grecia-o-povo-nao-quer-se-sacrificar-pelos-banqueiros\/","url":"https:\/\/psol50.org.br\/revolta-na-grecia-o-povo-nao-quer-se-sacrificar-pelos-banqueiros\/","name":"Revolta na Gr\u00e9cia: o povo n\u00e3o quer se sacrificar pelos banqueiros - PSOL 50","isPartOf":{"@id":"https:\/\/psol50.org.br\/#website"},"datePublished":"2010-05-06T00:00:00+00:00","breadcrumb":{"@id":"https:\/\/psol50.org.br\/revolta-na-grecia-o-povo-nao-quer-se-sacrificar-pelos-banqueiros\/#breadcrumb"},"inLanguage":"pt-BR","potentialAction":[{"@type":"ReadAction","target":["https:\/\/psol50.org.br\/revolta-na-grecia-o-povo-nao-quer-se-sacrificar-pelos-banqueiros\/"]}]},{"@type":"BreadcrumbList","@id":"https:\/\/psol50.org.br\/revolta-na-grecia-o-povo-nao-quer-se-sacrificar-pelos-banqueiros\/#breadcrumb","itemListElement":[{"@type":"ListItem","position":1,"name":"In\u00edcio","item":"https:\/\/psol50.org.br\/"},{"@type":"ListItem","position":2,"name":"Revolta na Gr\u00e9cia: o povo n\u00e3o quer se sacrificar pelos banqueiros"}]},{"@type":"WebSite","@id":"https:\/\/psol50.org.br\/#website","url":"https:\/\/psol50.org.br\/","name":"PSOL 50","description":"Site oficial do Partido Socialismo e Liberdade","publisher":{"@id":"https:\/\/psol50.org.br\/#organization"},"alternateName":"PSOL50","potentialAction":[{"@type":"SearchAction","target":{"@type":"EntryPoint","urlTemplate":"https:\/\/psol50.org.br\/?s={search_term_string}"},"query-input":{"@type":"PropertyValueSpecification","valueRequired":true,"valueName":"search_term_string"}}],"inLanguage":"pt-BR"},{"@type":"Organization","@id":"https:\/\/psol50.org.br\/#organization","name":"PSOL 50","alternateName":"PSOL 50","url":"https:\/\/psol50.org.br\/","logo":{"@type":"ImageObject","inLanguage":"pt-BR","@id":"https:\/\/psol50.org.br\/#\/schema\/logo\/image\/","url":"https:\/\/psol50.org.br\/inc\/uploads\/2018\/07\/capa.png","contentUrl":"https:\/\/psol50.org.br\/inc\/uploads\/2018\/07\/capa.png","width":1350,"height":900,"caption":"PSOL 50"},"image":{"@id":"https:\/\/psol50.org.br\/#\/schema\/logo\/image\/"},"sameAs":["https:\/\/www.facebook.com\/psol50","https:\/\/x.com\/psol50","https:\/\/www.instagram.com\/psol50\/","https:\/\/www.youtube.com\/channel\/UC7SnJS5o1os7a6CaiNabzcg"]},{"@type":"Person","@id":"https:\/\/psol50.org.br\/#\/schema\/person\/475dfa57d0b815993c714c2e96491fcd","name":"Comunica\u00e7\u00e3o PSOL","image":{"@type":"ImageObject","inLanguage":"pt-BR","@id":"https:\/\/psol50.org.br\/#\/schema\/person\/image\/","url":"https:\/\/secure.gravatar.com\/avatar\/b34fc4f4e468a4e51785917065a3db57b841f5c95dba6ad8c73aaf8f66f8f9bf?s=96&d=mm&r=g","contentUrl":"https:\/\/secure.gravatar.com\/avatar\/b34fc4f4e468a4e51785917065a3db57b841f5c95dba6ad8c73aaf8f66f8f9bf?s=96&d=mm&r=g","caption":"Comunica\u00e7\u00e3o PSOL"}}]}},"_links":{"self":[{"href":"https:\/\/psol50.org.br\/rest\/wp\/v2\/posts\/371","targetHints":{"allow":["GET"]}}],"collection":[{"href":"https:\/\/psol50.org.br\/rest\/wp\/v2\/posts"}],"about":[{"href":"https:\/\/psol50.org.br\/rest\/wp\/v2\/types\/post"}],"author":[{"embeddable":true,"href":"https:\/\/psol50.org.br\/rest\/wp\/v2\/users\/2"}],"replies":[{"embeddable":true,"href":"https:\/\/psol50.org.br\/rest\/wp\/v2\/comments?post=371"}],"version-history":[{"count":0,"href":"https:\/\/psol50.org.br\/rest\/wp\/v2\/posts\/371\/revisions"}],"wp:attachment":[{"href":"https:\/\/psol50.org.br\/rest\/wp\/v2\/media?parent=371"}],"wp:term":[{"taxonomy":"category","embeddable":true,"href":"https:\/\/psol50.org.br\/rest\/wp\/v2\/categories?post=371"},{"taxonomy":"post_tag","embeddable":true,"href":"https:\/\/psol50.org.br\/rest\/wp\/v2\/tags?post=371"}],"curies":[{"name":"wp","href":"https:\/\/api.w.org\/{rel}","templated":true}]}}