{"id":37112,"date":"2023-03-07T12:38:49","date_gmt":"2023-03-07T15:38:49","guid":{"rendered":"https:\/\/psol50.org.br\/?p=37112"},"modified":"2023-03-09T16:08:14","modified_gmt":"2023-03-09T19:08:14","slug":"psol-e-rede-pedem-quebra-de-sigilo-e-busca-e-apreensao-contra-bolsonaro-e-michelle-por-caso-de-joias","status":"publish","type":"post","link":"https:\/\/psol50.org.br\/psol-e-rede-pedem-quebra-de-sigilo-e-busca-e-apreensao-contra-bolsonaro-e-michelle-por-caso-de-joias\/","title":{"rendered":"PSOL e Rede pedem quebra de sigilo e busca e apreens\u00e3o contra Bolsonaro e Michelle por caso de joias"},"content":{"rendered":"<p>As bancadas do PSOL e da Rede na C\u00e2mara dos Deputados protocolaram na \u00faltima segunda-feira (6) uma not\u00edcia-crime no Minist\u00e9rio P\u00fablico para pedir medidas contra o ex-presidente Jair Bolsonaro e a ex-primeira-dama Michelle Bolsonaro pela tentativa do governo Bolsonaro de trazer ao Brasil, de forma irregular, joias com diamantes avaliadas em R$ 16,5 milh\u00f5es.<\/p>\n<p>A a\u00e7\u00e3o tamb\u00e9m pede a investiga\u00e7\u00e3o do ex-ministro\u00a0Bento Albuquerque e do ex-chefe da Receita Julio C\u00e9sar Vieira Gomes, envolvidos na tentativa de entrar no pa\u00eds com as joias ap\u00f3s viagem de comitiva do governo brasileiro ao Oriente M\u00e9dio. As pe\u00e7as foram encontradas em uma mochila de um assessor de Albuquerque.<\/p>\n<p>o PSOL tamb\u00e9m solicitou opera\u00e7\u00e3o de busca e apreens\u00e3o contra os envolvidos para interromper eventual processo de destrui\u00e7\u00e3o de provas, as quebras de sigilos telef\u00f4nico, telem\u00e1tico e banc\u00e1rio e que todos deponham imediatamente.<\/p>\n<p>\u201cConsiderando os graves ind\u00edcios de ocultamento de provas e o embara\u00e7o dos trabalhos de investiga\u00e7\u00e3o, solicitamos que o Minist\u00e9rio P\u00fablico Federal requeira medidas de busca e apreens\u00e3o para interromper eventual processo de destrui\u00e7\u00e3o de provas. Que tamb\u00e9m seja solicitado o acautelamento provis\u00f3rio das referidas provas e ind\u00edcios\u201d, destaca um trecho da pe\u00e7a.<\/p>\n","protected":false},"excerpt":{"rendered":"<p>As bancadas do PSOL e da Rede na C\u00e2mara dos Deputados protocolaram na \u00faltima segunda-feira (6) uma not\u00edcia-crime no Minist\u00e9rio P\u00fablico para pedir medidas contra o ex-presidente Jair Bolsonaro e a ex-primeira-dama Michelle Bolsonaro pela tentativa do governo Bolsonaro de trazer ao Brasil, de forma irregular, joias com diamantes avaliadas em R$ 16,5 milh\u00f5es. A [&hellip;]<\/p>\n","protected":false},"author":2,"featured_media":37115,"comment_status":"open","ping_status":"open","sticky":false,"template":"","format":"standard","meta":{"_acf_changed":false,"footnotes":""},"categories":[10],"tags":[4825],"class_list":{"0":"post-37112","1":"post","2":"type-post","3":"status-publish","4":"format-standard","5":"has-post-thumbnail","7":"category-acao-parlamentares","8":"tag-noticias"},"acf":[],"yoast_head":"<!-- This site is optimized with the Yoast SEO plugin v26.5 - https:\/\/yoast.com\/wordpress\/plugins\/seo\/ -->\n<title>PSOL e Rede pedem quebra de sigilo e busca e apreens\u00e3o contra Bolsonaro e Michelle por caso de joias<\/title>\n<meta name=\"description\" content=\"A\u00e7\u00e3o no Minist\u00e9rio P\u00fablico tamb\u00e9m pede medidas contra o ex-ministro Bento Albuquerque e o ex-chefe da Receita, Julio C\u00e9sar Vieira Gomes.\" \/>\n<meta name=\"robots\" content=\"index, follow, max-snippet:-1, max-image-preview:large, max-video-preview:-1\" \/>\n<link rel=\"canonical\" href=\"https:\/\/psol50.org.br\/psol-e-rede-pedem-quebra-de-sigilo-e-busca-e-apreensao-contra-bolsonaro-e-michelle-por-caso-de-joias\/\" \/>\n<meta property=\"og:locale\" content=\"pt_BR\" \/>\n<meta property=\"og:type\" content=\"article\" \/>\n<meta property=\"og:title\" content=\"PSOL e Rede pedem quebra de sigilo e busca e apreens\u00e3o contra Bolsonaro e Michelle por caso de joias\" \/>\n<meta property=\"og:description\" content=\"A\u00e7\u00e3o no Minist\u00e9rio P\u00fablico tamb\u00e9m pede medidas contra o ex-ministro Bento Albuquerque e o ex-chefe da Receita, Julio C\u00e9sar Vieira Gomes.\" \/>\n<meta property=\"og:url\" content=\"https:\/\/psol50.org.br\/psol-e-rede-pedem-quebra-de-sigilo-e-busca-e-apreensao-contra-bolsonaro-e-michelle-por-caso-de-joias\/\" \/>\n<meta property=\"og:site_name\" content=\"PSOL 50\" \/>\n<meta property=\"article:publisher\" content=\"https:\/\/www.facebook.com\/psol50\" \/>\n<meta property=\"article:published_time\" content=\"2023-03-07T15:38:49+00:00\" \/>\n<meta property=\"article:modified_time\" content=\"2023-03-09T19:08:14+00:00\" \/>\n<meta property=\"og:image\" content=\"https:\/\/psol50.org.br\/inc\/uploads\/2023\/03\/michelle-bolsonaro-1.jpg\" \/>\n\t<meta property=\"og:image:width\" content=\"800\" \/>\n\t<meta property=\"og:image:height\" content=\"533\" \/>\n\t<meta property=\"og:image:type\" content=\"image\/jpeg\" \/>\n<meta name=\"author\" content=\"Comunica\u00e7\u00e3o PSOL\" \/>\n<meta name=\"twitter:card\" content=\"summary_large_image\" \/>\n<meta name=\"twitter:creator\" content=\"@psol50\" \/>\n<meta name=\"twitter:site\" content=\"@psol50\" \/>\n<meta name=\"twitter:label1\" content=\"Escrito por\" \/>\n\t<meta name=\"twitter:data1\" content=\"Comunica\u00e7\u00e3o PSOL\" \/>\n\t<meta name=\"twitter:label2\" content=\"Est. tempo de leitura\" \/>\n\t<meta name=\"twitter:data2\" content=\"1 minuto\" \/>\n<script type=\"application\/ld+json\" class=\"yoast-schema-graph\">{\"@context\":\"https:\/\/schema.org\",\"@graph\":[{\"@type\":\"Article\",\"@id\":\"https:\/\/psol50.org.br\/psol-e-rede-pedem-quebra-de-sigilo-e-busca-e-apreensao-contra-bolsonaro-e-michelle-por-caso-de-joias\/#article\",\"isPartOf\":{\"@id\":\"https:\/\/psol50.org.br\/psol-e-rede-pedem-quebra-de-sigilo-e-busca-e-apreensao-contra-bolsonaro-e-michelle-por-caso-de-joias\/\"},\"author\":{\"name\":\"Comunica\u00e7\u00e3o PSOL\",\"@id\":\"https:\/\/psol50.org.br\/#\/schema\/person\/475dfa57d0b815993c714c2e96491fcd\"},\"headline\":\"PSOL e Rede pedem quebra de sigilo e busca e apreens\u00e3o contra Bolsonaro e Michelle por caso de joias\",\"datePublished\":\"2023-03-07T15:38:49+00:00\",\"dateModified\":\"2023-03-09T19:08:14+00:00\",\"mainEntityOfPage\":{\"@id\":\"https:\/\/psol50.org.br\/psol-e-rede-pedem-quebra-de-sigilo-e-busca-e-apreensao-contra-bolsonaro-e-michelle-por-caso-de-joias\/\"},\"wordCount\":239,\"commentCount\":0,\"publisher\":{\"@id\":\"https:\/\/psol50.org.br\/#organization\"},\"image\":{\"@id\":\"https:\/\/psol50.org.br\/psol-e-rede-pedem-quebra-de-sigilo-e-busca-e-apreensao-contra-bolsonaro-e-michelle-por-caso-de-joias\/#primaryimage\"},\"thumbnailUrl\":\"https:\/\/psol50.org.br\/inc\/uploads\/2023\/03\/michelle-bolsonaro-1.jpg\",\"keywords\":[\"Not\u00edcias\"],\"articleSection\":[\"A\u00e7\u00e3o Parlamentar\"],\"inLanguage\":\"pt-BR\",\"potentialAction\":[{\"@type\":\"CommentAction\",\"name\":\"Comment\",\"target\":[\"https:\/\/psol50.org.br\/psol-e-rede-pedem-quebra-de-sigilo-e-busca-e-apreensao-contra-bolsonaro-e-michelle-por-caso-de-joias\/#respond\"]}]},{\"@type\":\"WebPage\",\"@id\":\"https:\/\/psol50.org.br\/psol-e-rede-pedem-quebra-de-sigilo-e-busca-e-apreensao-contra-bolsonaro-e-michelle-por-caso-de-joias\/\",\"url\":\"https:\/\/psol50.org.br\/psol-e-rede-pedem-quebra-de-sigilo-e-busca-e-apreensao-contra-bolsonaro-e-michelle-por-caso-de-joias\/\",\"name\":\"PSOL e Rede pedem quebra de sigilo e busca e apreens\u00e3o contra Bolsonaro e Michelle por caso de joias\",\"isPartOf\":{\"@id\":\"https:\/\/psol50.org.br\/#website\"},\"primaryImageOfPage\":{\"@id\":\"https:\/\/psol50.org.br\/psol-e-rede-pedem-quebra-de-sigilo-e-busca-e-apreensao-contra-bolsonaro-e-michelle-por-caso-de-joias\/#primaryimage\"},\"image\":{\"@id\":\"https:\/\/psol50.org.br\/psol-e-rede-pedem-quebra-de-sigilo-e-busca-e-apreensao-contra-bolsonaro-e-michelle-por-caso-de-joias\/#primaryimage\"},\"thumbnailUrl\":\"https:\/\/psol50.org.br\/inc\/uploads\/2023\/03\/michelle-bolsonaro-1.jpg\",\"datePublished\":\"2023-03-07T15:38:49+00:00\",\"dateModified\":\"2023-03-09T19:08:14+00:00\",\"description\":\"A\u00e7\u00e3o no Minist\u00e9rio P\u00fablico tamb\u00e9m pede medidas contra o ex-ministro Bento Albuquerque e o ex-chefe da Receita, Julio C\u00e9sar Vieira Gomes.\",\"breadcrumb\":{\"@id\":\"https:\/\/psol50.org.br\/psol-e-rede-pedem-quebra-de-sigilo-e-busca-e-apreensao-contra-bolsonaro-e-michelle-por-caso-de-joias\/#breadcrumb\"},\"inLanguage\":\"pt-BR\",\"potentialAction\":[{\"@type\":\"ReadAction\",\"target\":[\"https:\/\/psol50.org.br\/psol-e-rede-pedem-quebra-de-sigilo-e-busca-e-apreensao-contra-bolsonaro-e-michelle-por-caso-de-joias\/\"]}]},{\"@type\":\"ImageObject\",\"inLanguage\":\"pt-BR\",\"@id\":\"https:\/\/psol50.org.br\/psol-e-rede-pedem-quebra-de-sigilo-e-busca-e-apreensao-contra-bolsonaro-e-michelle-por-caso-de-joias\/#primaryimage\",\"url\":\"https:\/\/psol50.org.br\/inc\/uploads\/2023\/03\/michelle-bolsonaro-1.jpg\",\"contentUrl\":\"https:\/\/psol50.org.br\/inc\/uploads\/2023\/03\/michelle-bolsonaro-1.jpg\",\"width\":800,\"height\":533,\"caption\":\"Foto: Alan Santos\/PR\"},{\"@type\":\"BreadcrumbList\",\"@id\":\"https:\/\/psol50.org.br\/psol-e-rede-pedem-quebra-de-sigilo-e-busca-e-apreensao-contra-bolsonaro-e-michelle-por-caso-de-joias\/#breadcrumb\",\"itemListElement\":[{\"@type\":\"ListItem\",\"position\":1,\"name\":\"In\u00edcio\",\"item\":\"https:\/\/psol50.org.br\/\"},{\"@type\":\"ListItem\",\"position\":2,\"name\":\"PSOL e Rede pedem quebra de sigilo e busca e apreens\u00e3o contra Bolsonaro e Michelle por caso de joias\"}]},{\"@type\":\"WebSite\",\"@id\":\"https:\/\/psol50.org.br\/#website\",\"url\":\"https:\/\/psol50.org.br\/\",\"name\":\"PSOL 50\",\"description\":\"Site oficial do Partido Socialismo e Liberdade\",\"publisher\":{\"@id\":\"https:\/\/psol50.org.br\/#organization\"},\"alternateName\":\"PSOL50\",\"potentialAction\":[{\"@type\":\"SearchAction\",\"target\":{\"@type\":\"EntryPoint\",\"urlTemplate\":\"https:\/\/psol50.org.br\/?s={search_term_string}\"},\"query-input\":{\"@type\":\"PropertyValueSpecification\",\"valueRequired\":true,\"valueName\":\"search_term_string\"}}],\"inLanguage\":\"pt-BR\"},{\"@type\":\"Organization\",\"@id\":\"https:\/\/psol50.org.br\/#organization\",\"name\":\"PSOL 50\",\"alternateName\":\"PSOL 50\",\"url\":\"https:\/\/psol50.org.br\/\",\"logo\":{\"@type\":\"ImageObject\",\"inLanguage\":\"pt-BR\",\"@id\":\"https:\/\/psol50.org.br\/#\/schema\/logo\/image\/\",\"url\":\"https:\/\/psol50.org.br\/inc\/uploads\/2018\/07\/capa.png\",\"contentUrl\":\"https:\/\/psol50.org.br\/inc\/uploads\/2018\/07\/capa.png\",\"width\":1350,\"height\":900,\"caption\":\"PSOL 50\"},\"image\":{\"@id\":\"https:\/\/psol50.org.br\/#\/schema\/logo\/image\/\"},\"sameAs\":[\"https:\/\/www.facebook.com\/psol50\",\"https:\/\/x.com\/psol50\",\"https:\/\/www.instagram.com\/psol50\/\",\"https:\/\/www.youtube.com\/channel\/UC7SnJS5o1os7a6CaiNabzcg\"]},{\"@type\":\"Person\",\"@id\":\"https:\/\/psol50.org.br\/#\/schema\/person\/475dfa57d0b815993c714c2e96491fcd\",\"name\":\"Comunica\u00e7\u00e3o PSOL\",\"image\":{\"@type\":\"ImageObject\",\"inLanguage\":\"pt-BR\",\"@id\":\"https:\/\/psol50.org.br\/#\/schema\/person\/image\/\",\"url\":\"https:\/\/secure.gravatar.com\/avatar\/b34fc4f4e468a4e51785917065a3db57b841f5c95dba6ad8c73aaf8f66f8f9bf?s=96&d=mm&r=g\",\"contentUrl\":\"https:\/\/secure.gravatar.com\/avatar\/b34fc4f4e468a4e51785917065a3db57b841f5c95dba6ad8c73aaf8f66f8f9bf?s=96&d=mm&r=g\",\"caption\":\"Comunica\u00e7\u00e3o PSOL\"}}]}<\/script>\n<!-- \/ Yoast SEO plugin. -->","yoast_head_json":{"title":"PSOL e Rede pedem quebra de sigilo e busca e apreens\u00e3o contra Bolsonaro e Michelle por caso de joias","description":"A\u00e7\u00e3o no Minist\u00e9rio P\u00fablico tamb\u00e9m pede medidas contra o ex-ministro Bento Albuquerque e o ex-chefe da Receita, Julio C\u00e9sar Vieira Gomes.","robots":{"index":"index","follow":"follow","max-snippet":"max-snippet:-1","max-image-preview":"max-image-preview:large","max-video-preview":"max-video-preview:-1"},"canonical":"https:\/\/psol50.org.br\/psol-e-rede-pedem-quebra-de-sigilo-e-busca-e-apreensao-contra-bolsonaro-e-michelle-por-caso-de-joias\/","og_locale":"pt_BR","og_type":"article","og_title":"PSOL e Rede pedem quebra de sigilo e busca e apreens\u00e3o contra Bolsonaro e Michelle por caso de joias","og_description":"A\u00e7\u00e3o no Minist\u00e9rio P\u00fablico tamb\u00e9m pede medidas contra o ex-ministro Bento Albuquerque e o ex-chefe da Receita, Julio C\u00e9sar Vieira Gomes.","og_url":"https:\/\/psol50.org.br\/psol-e-rede-pedem-quebra-de-sigilo-e-busca-e-apreensao-contra-bolsonaro-e-michelle-por-caso-de-joias\/","og_site_name":"PSOL 50","article_publisher":"https:\/\/www.facebook.com\/psol50","article_published_time":"2023-03-07T15:38:49+00:00","article_modified_time":"2023-03-09T19:08:14+00:00","og_image":[{"width":800,"height":533,"url":"https:\/\/psol50.org.br\/inc\/uploads\/2023\/03\/michelle-bolsonaro-1.jpg","type":"image\/jpeg"}],"author":"Comunica\u00e7\u00e3o PSOL","twitter_card":"summary_large_image","twitter_creator":"@psol50","twitter_site":"@psol50","twitter_misc":{"Escrito por":"Comunica\u00e7\u00e3o PSOL","Est. tempo de leitura":"1 minuto"},"schema":{"@context":"https:\/\/schema.org","@graph":[{"@type":"Article","@id":"https:\/\/psol50.org.br\/psol-e-rede-pedem-quebra-de-sigilo-e-busca-e-apreensao-contra-bolsonaro-e-michelle-por-caso-de-joias\/#article","isPartOf":{"@id":"https:\/\/psol50.org.br\/psol-e-rede-pedem-quebra-de-sigilo-e-busca-e-apreensao-contra-bolsonaro-e-michelle-por-caso-de-joias\/"},"author":{"name":"Comunica\u00e7\u00e3o PSOL","@id":"https:\/\/psol50.org.br\/#\/schema\/person\/475dfa57d0b815993c714c2e96491fcd"},"headline":"PSOL e Rede pedem quebra de sigilo e busca e apreens\u00e3o contra Bolsonaro e Michelle por caso de joias","datePublished":"2023-03-07T15:38:49+00:00","dateModified":"2023-03-09T19:08:14+00:00","mainEntityOfPage":{"@id":"https:\/\/psol50.org.br\/psol-e-rede-pedem-quebra-de-sigilo-e-busca-e-apreensao-contra-bolsonaro-e-michelle-por-caso-de-joias\/"},"wordCount":239,"commentCount":0,"publisher":{"@id":"https:\/\/psol50.org.br\/#organization"},"image":{"@id":"https:\/\/psol50.org.br\/psol-e-rede-pedem-quebra-de-sigilo-e-busca-e-apreensao-contra-bolsonaro-e-michelle-por-caso-de-joias\/#primaryimage"},"thumbnailUrl":"https:\/\/psol50.org.br\/inc\/uploads\/2023\/03\/michelle-bolsonaro-1.jpg","keywords":["Not\u00edcias"],"articleSection":["A\u00e7\u00e3o Parlamentar"],"inLanguage":"pt-BR","potentialAction":[{"@type":"CommentAction","name":"Comment","target":["https:\/\/psol50.org.br\/psol-e-rede-pedem-quebra-de-sigilo-e-busca-e-apreensao-contra-bolsonaro-e-michelle-por-caso-de-joias\/#respond"]}]},{"@type":"WebPage","@id":"https:\/\/psol50.org.br\/psol-e-rede-pedem-quebra-de-sigilo-e-busca-e-apreensao-contra-bolsonaro-e-michelle-por-caso-de-joias\/","url":"https:\/\/psol50.org.br\/psol-e-rede-pedem-quebra-de-sigilo-e-busca-e-apreensao-contra-bolsonaro-e-michelle-por-caso-de-joias\/","name":"PSOL e Rede pedem quebra de sigilo e busca e apreens\u00e3o contra Bolsonaro e Michelle por caso de joias","isPartOf":{"@id":"https:\/\/psol50.org.br\/#website"},"primaryImageOfPage":{"@id":"https:\/\/psol50.org.br\/psol-e-rede-pedem-quebra-de-sigilo-e-busca-e-apreensao-contra-bolsonaro-e-michelle-por-caso-de-joias\/#primaryimage"},"image":{"@id":"https:\/\/psol50.org.br\/psol-e-rede-pedem-quebra-de-sigilo-e-busca-e-apreensao-contra-bolsonaro-e-michelle-por-caso-de-joias\/#primaryimage"},"thumbnailUrl":"https:\/\/psol50.org.br\/inc\/uploads\/2023\/03\/michelle-bolsonaro-1.jpg","datePublished":"2023-03-07T15:38:49+00:00","dateModified":"2023-03-09T19:08:14+00:00","description":"A\u00e7\u00e3o no Minist\u00e9rio P\u00fablico tamb\u00e9m pede medidas contra o ex-ministro Bento Albuquerque e o ex-chefe da Receita, Julio C\u00e9sar Vieira Gomes.","breadcrumb":{"@id":"https:\/\/psol50.org.br\/psol-e-rede-pedem-quebra-de-sigilo-e-busca-e-apreensao-contra-bolsonaro-e-michelle-por-caso-de-joias\/#breadcrumb"},"inLanguage":"pt-BR","potentialAction":[{"@type":"ReadAction","target":["https:\/\/psol50.org.br\/psol-e-rede-pedem-quebra-de-sigilo-e-busca-e-apreensao-contra-bolsonaro-e-michelle-por-caso-de-joias\/"]}]},{"@type":"ImageObject","inLanguage":"pt-BR","@id":"https:\/\/psol50.org.br\/psol-e-rede-pedem-quebra-de-sigilo-e-busca-e-apreensao-contra-bolsonaro-e-michelle-por-caso-de-joias\/#primaryimage","url":"https:\/\/psol50.org.br\/inc\/uploads\/2023\/03\/michelle-bolsonaro-1.jpg","contentUrl":"https:\/\/psol50.org.br\/inc\/uploads\/2023\/03\/michelle-bolsonaro-1.jpg","width":800,"height":533,"caption":"Foto: Alan Santos\/PR"},{"@type":"BreadcrumbList","@id":"https:\/\/psol50.org.br\/psol-e-rede-pedem-quebra-de-sigilo-e-busca-e-apreensao-contra-bolsonaro-e-michelle-por-caso-de-joias\/#breadcrumb","itemListElement":[{"@type":"ListItem","position":1,"name":"In\u00edcio","item":"https:\/\/psol50.org.br\/"},{"@type":"ListItem","position":2,"name":"PSOL e Rede pedem quebra de sigilo e busca e apreens\u00e3o contra Bolsonaro e Michelle por caso de joias"}]},{"@type":"WebSite","@id":"https:\/\/psol50.org.br\/#website","url":"https:\/\/psol50.org.br\/","name":"PSOL 50","description":"Site oficial do Partido Socialismo e Liberdade","publisher":{"@id":"https:\/\/psol50.org.br\/#organization"},"alternateName":"PSOL50","potentialAction":[{"@type":"SearchAction","target":{"@type":"EntryPoint","urlTemplate":"https:\/\/psol50.org.br\/?s={search_term_string}"},"query-input":{"@type":"PropertyValueSpecification","valueRequired":true,"valueName":"search_term_string"}}],"inLanguage":"pt-BR"},{"@type":"Organization","@id":"https:\/\/psol50.org.br\/#organization","name":"PSOL 50","alternateName":"PSOL 50","url":"https:\/\/psol50.org.br\/","logo":{"@type":"ImageObject","inLanguage":"pt-BR","@id":"https:\/\/psol50.org.br\/#\/schema\/logo\/image\/","url":"https:\/\/psol50.org.br\/inc\/uploads\/2018\/07\/capa.png","contentUrl":"https:\/\/psol50.org.br\/inc\/uploads\/2018\/07\/capa.png","width":1350,"height":900,"caption":"PSOL 50"},"image":{"@id":"https:\/\/psol50.org.br\/#\/schema\/logo\/image\/"},"sameAs":["https:\/\/www.facebook.com\/psol50","https:\/\/x.com\/psol50","https:\/\/www.instagram.com\/psol50\/","https:\/\/www.youtube.com\/channel\/UC7SnJS5o1os7a6CaiNabzcg"]},{"@type":"Person","@id":"https:\/\/psol50.org.br\/#\/schema\/person\/475dfa57d0b815993c714c2e96491fcd","name":"Comunica\u00e7\u00e3o PSOL","image":{"@type":"ImageObject","inLanguage":"pt-BR","@id":"https:\/\/psol50.org.br\/#\/schema\/person\/image\/","url":"https:\/\/secure.gravatar.com\/avatar\/b34fc4f4e468a4e51785917065a3db57b841f5c95dba6ad8c73aaf8f66f8f9bf?s=96&d=mm&r=g","contentUrl":"https:\/\/secure.gravatar.com\/avatar\/b34fc4f4e468a4e51785917065a3db57b841f5c95dba6ad8c73aaf8f66f8f9bf?s=96&d=mm&r=g","caption":"Comunica\u00e7\u00e3o PSOL"}}]}},"_links":{"self":[{"href":"https:\/\/psol50.org.br\/rest\/wp\/v2\/posts\/37112","targetHints":{"allow":["GET"]}}],"collection":[{"href":"https:\/\/psol50.org.br\/rest\/wp\/v2\/posts"}],"about":[{"href":"https:\/\/psol50.org.br\/rest\/wp\/v2\/types\/post"}],"author":[{"embeddable":true,"href":"https:\/\/psol50.org.br\/rest\/wp\/v2\/users\/2"}],"replies":[{"embeddable":true,"href":"https:\/\/psol50.org.br\/rest\/wp\/v2\/comments?post=37112"}],"version-history":[{"count":2,"href":"https:\/\/psol50.org.br\/rest\/wp\/v2\/posts\/37112\/revisions"}],"predecessor-version":[{"id":37114,"href":"https:\/\/psol50.org.br\/rest\/wp\/v2\/posts\/37112\/revisions\/37114"}],"wp:featuredmedia":[{"embeddable":true,"href":"https:\/\/psol50.org.br\/rest\/wp\/v2\/media\/37115"}],"wp:attachment":[{"href":"https:\/\/psol50.org.br\/rest\/wp\/v2\/media?parent=37112"}],"wp:term":[{"taxonomy":"category","embeddable":true,"href":"https:\/\/psol50.org.br\/rest\/wp\/v2\/categories?post=37112"},{"taxonomy":"post_tag","embeddable":true,"href":"https:\/\/psol50.org.br\/rest\/wp\/v2\/tags?post=37112"}],"curies":[{"name":"wp","href":"https:\/\/api.w.org\/{rel}","templated":true}]}}