{"id":37295,"date":"2023-03-21T16:32:27","date_gmt":"2023-03-21T19:32:27","guid":{"rendered":"https:\/\/psol50.org.br\/?p=37295"},"modified":"2023-03-24T10:15:51","modified_gmt":"2023-03-24T13:15:51","slug":"psol-apresenta-noticia-crime-contra-deputada-que-postou-foto-com-arma-e-ameaca-a-lula","status":"publish","type":"post","link":"https:\/\/psol50.org.br\/psol-apresenta-noticia-crime-contra-deputada-que-postou-foto-com-arma-e-ameaca-a-lula\/","title":{"rendered":"PSOL apresenta not\u00edcia-crime contra deputada que postou foto com arma e amea\u00e7a a Lula"},"content":{"rendered":"<p>O deputado federal Ivan Valente (PSOL) protocolou na \u00faltima segunda-feira (20) uma not\u00edcia-crime no Supremo Tribunal Federal (STF) contra a deputada bolsonarista J\u00falia Zanatta (PL-SC) por apologia ao crime de homic\u00eddio.<\/p>\n<p>Em foto nas redes sociais, a parlamentar aparece armada, vestindo uma camiseta com desenho de uma arma que trazia a frase \u201ccome and take it\u201d (\u201cvenha e pegue\u201d, traduzido do ingl\u00eas) ao lado da imagem de uma m\u00e3o com quatro dedos perfurada de tiros, em alus\u00e3o ao presidente Luiz In\u00e1cio Lula da Silva.<\/p>\n<p>\u201cIsso n\u00e3o tem nada a ver com liberdade de express\u00e3o, de manifesta\u00e7\u00e3o ou com direito de voto. Isso \u00e9 apologia ao crime, \u00e9 incita\u00e7\u00e3o p\u00fablica ao crime. Isso est\u00e1 contido nos artigos do C\u00f3digo Penal Brasileiro\u201d, ressalta Ivan Valente.<\/p>\n<p>\u201cA deputada bolsonarista Julia Zanatta \u00e9 amiga pessoal do Dudu Bananinha, se encontrou com Bolsonaro no exterior e foi eleita por armamentistas CACs. A\u00ed, com fuzil, veste camiseta da m\u00e3o de Lula levando tr\u00eas tiros e diz que foi mal compreendida. Entendemos bem e denunciamos ao STF\u201d, afirma Ivan.<\/p>\n","protected":false},"excerpt":{"rendered":"<p>O deputado federal Ivan Valente (PSOL) protocolou na \u00faltima segunda-feira (20) uma not\u00edcia-crime no Supremo Tribunal Federal (STF) contra a deputada bolsonarista J\u00falia Zanatta (PL-SC) por apologia ao crime de homic\u00eddio. Em foto nas redes sociais, a parlamentar aparece armada, vestindo uma camiseta com desenho de uma arma que trazia a frase \u201ccome and take [&hellip;]<\/p>\n","protected":false},"author":2,"featured_media":37297,"comment_status":"open","ping_status":"open","sticky":false,"template":"","format":"standard","meta":{"_acf_changed":false,"footnotes":""},"categories":[10],"tags":[4825],"class_list":{"0":"post-37295","1":"post","2":"type-post","3":"status-publish","4":"format-standard","5":"has-post-thumbnail","7":"category-acao-parlamentares","8":"tag-noticias"},"acf":[],"yoast_head":"<!-- This site is optimized with the Yoast SEO plugin v26.5 - https:\/\/yoast.com\/wordpress\/plugins\/seo\/ -->\n<title>PSOL apresenta not\u00edcia-crime contra deputada que postou foto com arma e amea\u00e7a a Lula<\/title>\n<meta name=\"description\" content=\"A\u00e7\u00e3o do deputado Ivan Valente pode fazer a bolsonarista J\u00falia Zanatta (PL-SC) ser investigada por apologia ao crime de homic\u00eddio.\" \/>\n<meta name=\"robots\" content=\"index, follow, max-snippet:-1, max-image-preview:large, max-video-preview:-1\" \/>\n<link rel=\"canonical\" href=\"https:\/\/psol50.org.br\/psol-apresenta-noticia-crime-contra-deputada-que-postou-foto-com-arma-e-ameaca-a-lula\/\" \/>\n<meta property=\"og:locale\" content=\"pt_BR\" \/>\n<meta property=\"og:type\" content=\"article\" \/>\n<meta property=\"og:title\" content=\"PSOL apresenta not\u00edcia-crime contra deputada que postou foto com arma e amea\u00e7a a Lula\" \/>\n<meta property=\"og:description\" content=\"A\u00e7\u00e3o do deputado Ivan Valente pode fazer a bolsonarista J\u00falia Zanatta (PL-SC) ser investigada por apologia ao crime de homic\u00eddio.\" \/>\n<meta property=\"og:url\" content=\"https:\/\/psol50.org.br\/psol-apresenta-noticia-crime-contra-deputada-que-postou-foto-com-arma-e-ameaca-a-lula\/\" \/>\n<meta property=\"og:site_name\" content=\"PSOL 50\" \/>\n<meta property=\"article:publisher\" content=\"https:\/\/www.facebook.com\/psol50\" \/>\n<meta property=\"article:published_time\" content=\"2023-03-21T19:32:27+00:00\" \/>\n<meta property=\"article:modified_time\" content=\"2023-03-24T13:15:51+00:00\" \/>\n<meta property=\"og:image\" content=\"https:\/\/psol50.org.br\/inc\/uploads\/2023\/03\/img20230315162021290-scaled.jpg\" \/>\n\t<meta property=\"og:image:width\" content=\"2560\" \/>\n\t<meta property=\"og:image:height\" content=\"1707\" \/>\n\t<meta property=\"og:image:type\" content=\"image\/jpeg\" \/>\n<meta name=\"author\" content=\"Comunica\u00e7\u00e3o PSOL\" \/>\n<meta name=\"twitter:card\" content=\"summary_large_image\" \/>\n<meta name=\"twitter:creator\" content=\"@psol50\" \/>\n<meta name=\"twitter:site\" content=\"@psol50\" \/>\n<meta name=\"twitter:label1\" content=\"Escrito por\" \/>\n\t<meta name=\"twitter:data1\" content=\"Comunica\u00e7\u00e3o PSOL\" \/>\n\t<meta name=\"twitter:label2\" content=\"Est. tempo de leitura\" \/>\n\t<meta name=\"twitter:data2\" content=\"1 minuto\" \/>\n<script type=\"application\/ld+json\" class=\"yoast-schema-graph\">{\"@context\":\"https:\/\/schema.org\",\"@graph\":[{\"@type\":\"Article\",\"@id\":\"https:\/\/psol50.org.br\/psol-apresenta-noticia-crime-contra-deputada-que-postou-foto-com-arma-e-ameaca-a-lula\/#article\",\"isPartOf\":{\"@id\":\"https:\/\/psol50.org.br\/psol-apresenta-noticia-crime-contra-deputada-que-postou-foto-com-arma-e-ameaca-a-lula\/\"},\"author\":{\"name\":\"Comunica\u00e7\u00e3o PSOL\",\"@id\":\"https:\/\/psol50.org.br\/#\/schema\/person\/475dfa57d0b815993c714c2e96491fcd\"},\"headline\":\"PSOL apresenta not\u00edcia-crime contra deputada que postou foto com arma e amea\u00e7a a Lula\",\"datePublished\":\"2023-03-21T19:32:27+00:00\",\"dateModified\":\"2023-03-24T13:15:51+00:00\",\"mainEntityOfPage\":{\"@id\":\"https:\/\/psol50.org.br\/psol-apresenta-noticia-crime-contra-deputada-que-postou-foto-com-arma-e-ameaca-a-lula\/\"},\"wordCount\":199,\"commentCount\":0,\"publisher\":{\"@id\":\"https:\/\/psol50.org.br\/#organization\"},\"image\":{\"@id\":\"https:\/\/psol50.org.br\/psol-apresenta-noticia-crime-contra-deputada-que-postou-foto-com-arma-e-ameaca-a-lula\/#primaryimage\"},\"thumbnailUrl\":\"https:\/\/psol50.org.br\/inc\/uploads\/2023\/03\/img20230315162021290-scaled.jpg\",\"keywords\":[\"Not\u00edcias\"],\"articleSection\":[\"A\u00e7\u00e3o Parlamentar\"],\"inLanguage\":\"pt-BR\",\"potentialAction\":[{\"@type\":\"CommentAction\",\"name\":\"Comment\",\"target\":[\"https:\/\/psol50.org.br\/psol-apresenta-noticia-crime-contra-deputada-que-postou-foto-com-arma-e-ameaca-a-lula\/#respond\"]}]},{\"@type\":\"WebPage\",\"@id\":\"https:\/\/psol50.org.br\/psol-apresenta-noticia-crime-contra-deputada-que-postou-foto-com-arma-e-ameaca-a-lula\/\",\"url\":\"https:\/\/psol50.org.br\/psol-apresenta-noticia-crime-contra-deputada-que-postou-foto-com-arma-e-ameaca-a-lula\/\",\"name\":\"PSOL apresenta not\u00edcia-crime contra deputada que postou foto com arma e amea\u00e7a a Lula\",\"isPartOf\":{\"@id\":\"https:\/\/psol50.org.br\/#website\"},\"primaryImageOfPage\":{\"@id\":\"https:\/\/psol50.org.br\/psol-apresenta-noticia-crime-contra-deputada-que-postou-foto-com-arma-e-ameaca-a-lula\/#primaryimage\"},\"image\":{\"@id\":\"https:\/\/psol50.org.br\/psol-apresenta-noticia-crime-contra-deputada-que-postou-foto-com-arma-e-ameaca-a-lula\/#primaryimage\"},\"thumbnailUrl\":\"https:\/\/psol50.org.br\/inc\/uploads\/2023\/03\/img20230315162021290-scaled.jpg\",\"datePublished\":\"2023-03-21T19:32:27+00:00\",\"dateModified\":\"2023-03-24T13:15:51+00:00\",\"description\":\"A\u00e7\u00e3o do deputado Ivan Valente pode fazer a bolsonarista J\u00falia Zanatta (PL-SC) ser investigada por apologia ao crime de homic\u00eddio.\",\"breadcrumb\":{\"@id\":\"https:\/\/psol50.org.br\/psol-apresenta-noticia-crime-contra-deputada-que-postou-foto-com-arma-e-ameaca-a-lula\/#breadcrumb\"},\"inLanguage\":\"pt-BR\",\"potentialAction\":[{\"@type\":\"ReadAction\",\"target\":[\"https:\/\/psol50.org.br\/psol-apresenta-noticia-crime-contra-deputada-que-postou-foto-com-arma-e-ameaca-a-lula\/\"]}]},{\"@type\":\"ImageObject\",\"inLanguage\":\"pt-BR\",\"@id\":\"https:\/\/psol50.org.br\/psol-apresenta-noticia-crime-contra-deputada-que-postou-foto-com-arma-e-ameaca-a-lula\/#primaryimage\",\"url\":\"https:\/\/psol50.org.br\/inc\/uploads\/2023\/03\/img20230315162021290-scaled.jpg\",\"contentUrl\":\"https:\/\/psol50.org.br\/inc\/uploads\/2023\/03\/img20230315162021290-scaled.jpg\",\"width\":2560,\"height\":1707,\"caption\":\"Foto: Billy Boss\/C\u00e2mara dos Deputados\"},{\"@type\":\"BreadcrumbList\",\"@id\":\"https:\/\/psol50.org.br\/psol-apresenta-noticia-crime-contra-deputada-que-postou-foto-com-arma-e-ameaca-a-lula\/#breadcrumb\",\"itemListElement\":[{\"@type\":\"ListItem\",\"position\":1,\"name\":\"In\u00edcio\",\"item\":\"https:\/\/psol50.org.br\/\"},{\"@type\":\"ListItem\",\"position\":2,\"name\":\"PSOL apresenta not\u00edcia-crime contra deputada que postou foto com arma e amea\u00e7a a Lula\"}]},{\"@type\":\"WebSite\",\"@id\":\"https:\/\/psol50.org.br\/#website\",\"url\":\"https:\/\/psol50.org.br\/\",\"name\":\"PSOL 50\",\"description\":\"Site oficial do Partido Socialismo e Liberdade\",\"publisher\":{\"@id\":\"https:\/\/psol50.org.br\/#organization\"},\"alternateName\":\"PSOL50\",\"potentialAction\":[{\"@type\":\"SearchAction\",\"target\":{\"@type\":\"EntryPoint\",\"urlTemplate\":\"https:\/\/psol50.org.br\/?s={search_term_string}\"},\"query-input\":{\"@type\":\"PropertyValueSpecification\",\"valueRequired\":true,\"valueName\":\"search_term_string\"}}],\"inLanguage\":\"pt-BR\"},{\"@type\":\"Organization\",\"@id\":\"https:\/\/psol50.org.br\/#organization\",\"name\":\"PSOL 50\",\"alternateName\":\"PSOL 50\",\"url\":\"https:\/\/psol50.org.br\/\",\"logo\":{\"@type\":\"ImageObject\",\"inLanguage\":\"pt-BR\",\"@id\":\"https:\/\/psol50.org.br\/#\/schema\/logo\/image\/\",\"url\":\"https:\/\/psol50.org.br\/inc\/uploads\/2018\/07\/capa.png\",\"contentUrl\":\"https:\/\/psol50.org.br\/inc\/uploads\/2018\/07\/capa.png\",\"width\":1350,\"height\":900,\"caption\":\"PSOL 50\"},\"image\":{\"@id\":\"https:\/\/psol50.org.br\/#\/schema\/logo\/image\/\"},\"sameAs\":[\"https:\/\/www.facebook.com\/psol50\",\"https:\/\/x.com\/psol50\",\"https:\/\/www.instagram.com\/psol50\/\",\"https:\/\/www.youtube.com\/channel\/UC7SnJS5o1os7a6CaiNabzcg\"]},{\"@type\":\"Person\",\"@id\":\"https:\/\/psol50.org.br\/#\/schema\/person\/475dfa57d0b815993c714c2e96491fcd\",\"name\":\"Comunica\u00e7\u00e3o PSOL\",\"image\":{\"@type\":\"ImageObject\",\"inLanguage\":\"pt-BR\",\"@id\":\"https:\/\/psol50.org.br\/#\/schema\/person\/image\/\",\"url\":\"https:\/\/secure.gravatar.com\/avatar\/b34fc4f4e468a4e51785917065a3db57b841f5c95dba6ad8c73aaf8f66f8f9bf?s=96&d=mm&r=g\",\"contentUrl\":\"https:\/\/secure.gravatar.com\/avatar\/b34fc4f4e468a4e51785917065a3db57b841f5c95dba6ad8c73aaf8f66f8f9bf?s=96&d=mm&r=g\",\"caption\":\"Comunica\u00e7\u00e3o PSOL\"}}]}<\/script>\n<!-- \/ Yoast SEO plugin. -->","yoast_head_json":{"title":"PSOL apresenta not\u00edcia-crime contra deputada que postou foto com arma e amea\u00e7a a Lula","description":"A\u00e7\u00e3o do deputado Ivan Valente pode fazer a bolsonarista J\u00falia Zanatta (PL-SC) ser investigada por apologia ao crime de homic\u00eddio.","robots":{"index":"index","follow":"follow","max-snippet":"max-snippet:-1","max-image-preview":"max-image-preview:large","max-video-preview":"max-video-preview:-1"},"canonical":"https:\/\/psol50.org.br\/psol-apresenta-noticia-crime-contra-deputada-que-postou-foto-com-arma-e-ameaca-a-lula\/","og_locale":"pt_BR","og_type":"article","og_title":"PSOL apresenta not\u00edcia-crime contra deputada que postou foto com arma e amea\u00e7a a Lula","og_description":"A\u00e7\u00e3o do deputado Ivan Valente pode fazer a bolsonarista J\u00falia Zanatta (PL-SC) ser investigada por apologia ao crime de homic\u00eddio.","og_url":"https:\/\/psol50.org.br\/psol-apresenta-noticia-crime-contra-deputada-que-postou-foto-com-arma-e-ameaca-a-lula\/","og_site_name":"PSOL 50","article_publisher":"https:\/\/www.facebook.com\/psol50","article_published_time":"2023-03-21T19:32:27+00:00","article_modified_time":"2023-03-24T13:15:51+00:00","og_image":[{"width":2560,"height":1707,"url":"https:\/\/psol50.org.br\/inc\/uploads\/2023\/03\/img20230315162021290-scaled.jpg","type":"image\/jpeg"}],"author":"Comunica\u00e7\u00e3o PSOL","twitter_card":"summary_large_image","twitter_creator":"@psol50","twitter_site":"@psol50","twitter_misc":{"Escrito por":"Comunica\u00e7\u00e3o PSOL","Est. tempo de leitura":"1 minuto"},"schema":{"@context":"https:\/\/schema.org","@graph":[{"@type":"Article","@id":"https:\/\/psol50.org.br\/psol-apresenta-noticia-crime-contra-deputada-que-postou-foto-com-arma-e-ameaca-a-lula\/#article","isPartOf":{"@id":"https:\/\/psol50.org.br\/psol-apresenta-noticia-crime-contra-deputada-que-postou-foto-com-arma-e-ameaca-a-lula\/"},"author":{"name":"Comunica\u00e7\u00e3o PSOL","@id":"https:\/\/psol50.org.br\/#\/schema\/person\/475dfa57d0b815993c714c2e96491fcd"},"headline":"PSOL apresenta not\u00edcia-crime contra deputada que postou foto com arma e amea\u00e7a a Lula","datePublished":"2023-03-21T19:32:27+00:00","dateModified":"2023-03-24T13:15:51+00:00","mainEntityOfPage":{"@id":"https:\/\/psol50.org.br\/psol-apresenta-noticia-crime-contra-deputada-que-postou-foto-com-arma-e-ameaca-a-lula\/"},"wordCount":199,"commentCount":0,"publisher":{"@id":"https:\/\/psol50.org.br\/#organization"},"image":{"@id":"https:\/\/psol50.org.br\/psol-apresenta-noticia-crime-contra-deputada-que-postou-foto-com-arma-e-ameaca-a-lula\/#primaryimage"},"thumbnailUrl":"https:\/\/psol50.org.br\/inc\/uploads\/2023\/03\/img20230315162021290-scaled.jpg","keywords":["Not\u00edcias"],"articleSection":["A\u00e7\u00e3o Parlamentar"],"inLanguage":"pt-BR","potentialAction":[{"@type":"CommentAction","name":"Comment","target":["https:\/\/psol50.org.br\/psol-apresenta-noticia-crime-contra-deputada-que-postou-foto-com-arma-e-ameaca-a-lula\/#respond"]}]},{"@type":"WebPage","@id":"https:\/\/psol50.org.br\/psol-apresenta-noticia-crime-contra-deputada-que-postou-foto-com-arma-e-ameaca-a-lula\/","url":"https:\/\/psol50.org.br\/psol-apresenta-noticia-crime-contra-deputada-que-postou-foto-com-arma-e-ameaca-a-lula\/","name":"PSOL apresenta not\u00edcia-crime contra deputada que postou foto com arma e amea\u00e7a a Lula","isPartOf":{"@id":"https:\/\/psol50.org.br\/#website"},"primaryImageOfPage":{"@id":"https:\/\/psol50.org.br\/psol-apresenta-noticia-crime-contra-deputada-que-postou-foto-com-arma-e-ameaca-a-lula\/#primaryimage"},"image":{"@id":"https:\/\/psol50.org.br\/psol-apresenta-noticia-crime-contra-deputada-que-postou-foto-com-arma-e-ameaca-a-lula\/#primaryimage"},"thumbnailUrl":"https:\/\/psol50.org.br\/inc\/uploads\/2023\/03\/img20230315162021290-scaled.jpg","datePublished":"2023-03-21T19:32:27+00:00","dateModified":"2023-03-24T13:15:51+00:00","description":"A\u00e7\u00e3o do deputado Ivan Valente pode fazer a bolsonarista J\u00falia Zanatta (PL-SC) ser investigada por apologia ao crime de homic\u00eddio.","breadcrumb":{"@id":"https:\/\/psol50.org.br\/psol-apresenta-noticia-crime-contra-deputada-que-postou-foto-com-arma-e-ameaca-a-lula\/#breadcrumb"},"inLanguage":"pt-BR","potentialAction":[{"@type":"ReadAction","target":["https:\/\/psol50.org.br\/psol-apresenta-noticia-crime-contra-deputada-que-postou-foto-com-arma-e-ameaca-a-lula\/"]}]},{"@type":"ImageObject","inLanguage":"pt-BR","@id":"https:\/\/psol50.org.br\/psol-apresenta-noticia-crime-contra-deputada-que-postou-foto-com-arma-e-ameaca-a-lula\/#primaryimage","url":"https:\/\/psol50.org.br\/inc\/uploads\/2023\/03\/img20230315162021290-scaled.jpg","contentUrl":"https:\/\/psol50.org.br\/inc\/uploads\/2023\/03\/img20230315162021290-scaled.jpg","width":2560,"height":1707,"caption":"Foto: Billy Boss\/C\u00e2mara dos Deputados"},{"@type":"BreadcrumbList","@id":"https:\/\/psol50.org.br\/psol-apresenta-noticia-crime-contra-deputada-que-postou-foto-com-arma-e-ameaca-a-lula\/#breadcrumb","itemListElement":[{"@type":"ListItem","position":1,"name":"In\u00edcio","item":"https:\/\/psol50.org.br\/"},{"@type":"ListItem","position":2,"name":"PSOL apresenta not\u00edcia-crime contra deputada que postou foto com arma e amea\u00e7a a Lula"}]},{"@type":"WebSite","@id":"https:\/\/psol50.org.br\/#website","url":"https:\/\/psol50.org.br\/","name":"PSOL 50","description":"Site oficial do Partido Socialismo e Liberdade","publisher":{"@id":"https:\/\/psol50.org.br\/#organization"},"alternateName":"PSOL50","potentialAction":[{"@type":"SearchAction","target":{"@type":"EntryPoint","urlTemplate":"https:\/\/psol50.org.br\/?s={search_term_string}"},"query-input":{"@type":"PropertyValueSpecification","valueRequired":true,"valueName":"search_term_string"}}],"inLanguage":"pt-BR"},{"@type":"Organization","@id":"https:\/\/psol50.org.br\/#organization","name":"PSOL 50","alternateName":"PSOL 50","url":"https:\/\/psol50.org.br\/","logo":{"@type":"ImageObject","inLanguage":"pt-BR","@id":"https:\/\/psol50.org.br\/#\/schema\/logo\/image\/","url":"https:\/\/psol50.org.br\/inc\/uploads\/2018\/07\/capa.png","contentUrl":"https:\/\/psol50.org.br\/inc\/uploads\/2018\/07\/capa.png","width":1350,"height":900,"caption":"PSOL 50"},"image":{"@id":"https:\/\/psol50.org.br\/#\/schema\/logo\/image\/"},"sameAs":["https:\/\/www.facebook.com\/psol50","https:\/\/x.com\/psol50","https:\/\/www.instagram.com\/psol50\/","https:\/\/www.youtube.com\/channel\/UC7SnJS5o1os7a6CaiNabzcg"]},{"@type":"Person","@id":"https:\/\/psol50.org.br\/#\/schema\/person\/475dfa57d0b815993c714c2e96491fcd","name":"Comunica\u00e7\u00e3o PSOL","image":{"@type":"ImageObject","inLanguage":"pt-BR","@id":"https:\/\/psol50.org.br\/#\/schema\/person\/image\/","url":"https:\/\/secure.gravatar.com\/avatar\/b34fc4f4e468a4e51785917065a3db57b841f5c95dba6ad8c73aaf8f66f8f9bf?s=96&d=mm&r=g","contentUrl":"https:\/\/secure.gravatar.com\/avatar\/b34fc4f4e468a4e51785917065a3db57b841f5c95dba6ad8c73aaf8f66f8f9bf?s=96&d=mm&r=g","caption":"Comunica\u00e7\u00e3o PSOL"}}]}},"_links":{"self":[{"href":"https:\/\/psol50.org.br\/rest\/wp\/v2\/posts\/37295","targetHints":{"allow":["GET"]}}],"collection":[{"href":"https:\/\/psol50.org.br\/rest\/wp\/v2\/posts"}],"about":[{"href":"https:\/\/psol50.org.br\/rest\/wp\/v2\/types\/post"}],"author":[{"embeddable":true,"href":"https:\/\/psol50.org.br\/rest\/wp\/v2\/users\/2"}],"replies":[{"embeddable":true,"href":"https:\/\/psol50.org.br\/rest\/wp\/v2\/comments?post=37295"}],"version-history":[{"count":3,"href":"https:\/\/psol50.org.br\/rest\/wp\/v2\/posts\/37295\/revisions"}],"predecessor-version":[{"id":37300,"href":"https:\/\/psol50.org.br\/rest\/wp\/v2\/posts\/37295\/revisions\/37300"}],"wp:featuredmedia":[{"embeddable":true,"href":"https:\/\/psol50.org.br\/rest\/wp\/v2\/media\/37297"}],"wp:attachment":[{"href":"https:\/\/psol50.org.br\/rest\/wp\/v2\/media?parent=37295"}],"wp:term":[{"taxonomy":"category","embeddable":true,"href":"https:\/\/psol50.org.br\/rest\/wp\/v2\/categories?post=37295"},{"taxonomy":"post_tag","embeddable":true,"href":"https:\/\/psol50.org.br\/rest\/wp\/v2\/tags?post=37295"}],"curies":[{"name":"wp","href":"https:\/\/api.w.org\/{rel}","templated":true}]}}