{"id":37302,"date":"2023-03-23T16:15:54","date_gmt":"2023-03-23T19:15:54","guid":{"rendered":"https:\/\/psol50.org.br\/?p=37302"},"modified":"2023-03-23T16:15:54","modified_gmt":"2023-03-23T19:15:54","slug":"psol-pede-convocacao-de-presidente-da-febraban-por-suspensao-de-emprestimos","status":"publish","type":"post","link":"https:\/\/psol50.org.br\/psol-pede-convocacao-de-presidente-da-febraban-por-suspensao-de-emprestimos\/","title":{"rendered":"PSOL pede convoca\u00e7\u00e3o de presidente da Febraban por suspens\u00e3o de empr\u00e9stimos"},"content":{"rendered":"<p>O deputado do PSOL Pastor Henrique Vieira apresentou nesta semana um requerimento para que\u00a0Isaac Sidney Ferreira, presidente da Federa\u00e7\u00e3o Brasileira de Bancos (FEBRABAN), seja convocado \u00e0 C\u00e2mara dos Deputados para explicar a suspens\u00e3o realizada pelos bancos privados de empr\u00e9stimos consignados a aposentados ap\u00f3s a decis\u00e3o do Conselho de Previd\u00eancia Social de baixar o teto de juros da modalidade.<\/p>\n<p>Pastor Henrique Vieira, que tamb\u00e9m \u00e9 um dos vice-l\u00edderes do governo Lula na C\u00e2mara, pede que o representante da Febraban deponha no parlamento sobre a articula\u00e7\u00e3o entre as institui\u00e7\u00f5es financeiras durante a \u00faltima semana.<\/p>\n<p>A expectativa \u00e9 que o depoimento de Ferreira aconte\u00e7a na Comiss\u00e3o de Previd\u00eancia, Assist\u00eancia Social, Inf\u00e2ncia, Adolesc\u00eancia e Fam\u00edlia.<\/p>\n<p>A comiss\u00e3o tamb\u00e9m avalia um requerimento para que o ministro da Previd\u00eancia Social, Carlos Lupi, explique os planos \u00e0 frente da Previd\u00eancia e a crise com os bancos.<\/p>\n","protected":false},"excerpt":{"rendered":"<p>O deputado do PSOL Pastor Henrique Vieira apresentou nesta semana um requerimento para que\u00a0Isaac Sidney Ferreira, presidente da Federa\u00e7\u00e3o Brasileira de Bancos (FEBRABAN), seja convocado \u00e0 C\u00e2mara dos Deputados para explicar a suspens\u00e3o realizada pelos bancos privados de empr\u00e9stimos consignados a aposentados ap\u00f3s a decis\u00e3o do Conselho de Previd\u00eancia Social de baixar o teto de [&hellip;]<\/p>\n","protected":false},"author":2,"featured_media":37305,"comment_status":"open","ping_status":"open","sticky":false,"template":"","format":"standard","meta":{"_acf_changed":false,"footnotes":""},"categories":[10],"tags":[4825],"class_list":{"0":"post-37302","1":"post","2":"type-post","3":"status-publish","4":"format-standard","5":"has-post-thumbnail","7":"category-acao-parlamentares","8":"tag-noticias"},"acf":[],"yoast_head":"<!-- This site is optimized with the Yoast SEO plugin v26.5 - https:\/\/yoast.com\/wordpress\/plugins\/seo\/ -->\n<title>PSOL pede convoca\u00e7\u00e3o de presidente da Febraban por suspens\u00e3o de empr\u00e9stimos<\/title>\n<meta name=\"description\" content=\"Pastor Henrique Vieira, deputado federal pelo PSOL, pediu a convoca\u00e7\u00e3o ap\u00f3s os bancos suspenderem os empr\u00e9stimos consignados a aposentados.\" \/>\n<meta name=\"robots\" content=\"index, follow, max-snippet:-1, max-image-preview:large, max-video-preview:-1\" \/>\n<link rel=\"canonical\" href=\"https:\/\/psol50.org.br\/psol-pede-convocacao-de-presidente-da-febraban-por-suspensao-de-emprestimos\/\" \/>\n<meta property=\"og:locale\" content=\"pt_BR\" \/>\n<meta property=\"og:type\" content=\"article\" \/>\n<meta property=\"og:title\" content=\"PSOL pede convoca\u00e7\u00e3o de presidente da Febraban por suspens\u00e3o de empr\u00e9stimos\" \/>\n<meta property=\"og:description\" content=\"Pastor Henrique Vieira, deputado federal pelo PSOL, pediu a convoca\u00e7\u00e3o ap\u00f3s os bancos suspenderem os empr\u00e9stimos consignados a aposentados.\" \/>\n<meta property=\"og:url\" content=\"https:\/\/psol50.org.br\/psol-pede-convocacao-de-presidente-da-febraban-por-suspensao-de-emprestimos\/\" \/>\n<meta property=\"og:site_name\" content=\"PSOL 50\" \/>\n<meta property=\"article:publisher\" content=\"https:\/\/www.facebook.com\/psol50\" \/>\n<meta property=\"article:published_time\" content=\"2023-03-23T19:15:54+00:00\" \/>\n<meta property=\"og:image\" content=\"https:\/\/psol50.org.br\/inc\/uploads\/2023\/03\/img20230228170756888-scaled.jpg\" \/>\n\t<meta property=\"og:image:width\" content=\"2560\" \/>\n\t<meta property=\"og:image:height\" content=\"1707\" \/>\n\t<meta property=\"og:image:type\" content=\"image\/jpeg\" \/>\n<meta name=\"author\" content=\"Comunica\u00e7\u00e3o PSOL\" \/>\n<meta name=\"twitter:card\" content=\"summary_large_image\" \/>\n<meta name=\"twitter:creator\" content=\"@psol50\" \/>\n<meta name=\"twitter:site\" content=\"@psol50\" \/>\n<meta name=\"twitter:label1\" content=\"Escrito por\" \/>\n\t<meta name=\"twitter:data1\" content=\"Comunica\u00e7\u00e3o PSOL\" \/>\n\t<meta name=\"twitter:label2\" content=\"Est. tempo de leitura\" \/>\n\t<meta name=\"twitter:data2\" content=\"1 minuto\" \/>\n<script type=\"application\/ld+json\" class=\"yoast-schema-graph\">{\"@context\":\"https:\/\/schema.org\",\"@graph\":[{\"@type\":\"Article\",\"@id\":\"https:\/\/psol50.org.br\/psol-pede-convocacao-de-presidente-da-febraban-por-suspensao-de-emprestimos\/#article\",\"isPartOf\":{\"@id\":\"https:\/\/psol50.org.br\/psol-pede-convocacao-de-presidente-da-febraban-por-suspensao-de-emprestimos\/\"},\"author\":{\"name\":\"Comunica\u00e7\u00e3o PSOL\",\"@id\":\"https:\/\/psol50.org.br\/#\/schema\/person\/475dfa57d0b815993c714c2e96491fcd\"},\"headline\":\"PSOL pede convoca\u00e7\u00e3o de presidente da Febraban por suspens\u00e3o de empr\u00e9stimos\",\"datePublished\":\"2023-03-23T19:15:54+00:00\",\"mainEntityOfPage\":{\"@id\":\"https:\/\/psol50.org.br\/psol-pede-convocacao-de-presidente-da-febraban-por-suspensao-de-emprestimos\/\"},\"wordCount\":173,\"commentCount\":0,\"publisher\":{\"@id\":\"https:\/\/psol50.org.br\/#organization\"},\"image\":{\"@id\":\"https:\/\/psol50.org.br\/psol-pede-convocacao-de-presidente-da-febraban-por-suspensao-de-emprestimos\/#primaryimage\"},\"thumbnailUrl\":\"https:\/\/psol50.org.br\/inc\/uploads\/2023\/03\/img20230228170756888-scaled.jpg\",\"keywords\":[\"Not\u00edcias\"],\"articleSection\":[\"A\u00e7\u00e3o Parlamentar\"],\"inLanguage\":\"pt-BR\",\"potentialAction\":[{\"@type\":\"CommentAction\",\"name\":\"Comment\",\"target\":[\"https:\/\/psol50.org.br\/psol-pede-convocacao-de-presidente-da-febraban-por-suspensao-de-emprestimos\/#respond\"]}]},{\"@type\":\"WebPage\",\"@id\":\"https:\/\/psol50.org.br\/psol-pede-convocacao-de-presidente-da-febraban-por-suspensao-de-emprestimos\/\",\"url\":\"https:\/\/psol50.org.br\/psol-pede-convocacao-de-presidente-da-febraban-por-suspensao-de-emprestimos\/\",\"name\":\"PSOL pede convoca\u00e7\u00e3o de presidente da Febraban por suspens\u00e3o de empr\u00e9stimos\",\"isPartOf\":{\"@id\":\"https:\/\/psol50.org.br\/#website\"},\"primaryImageOfPage\":{\"@id\":\"https:\/\/psol50.org.br\/psol-pede-convocacao-de-presidente-da-febraban-por-suspensao-de-emprestimos\/#primaryimage\"},\"image\":{\"@id\":\"https:\/\/psol50.org.br\/psol-pede-convocacao-de-presidente-da-febraban-por-suspensao-de-emprestimos\/#primaryimage\"},\"thumbnailUrl\":\"https:\/\/psol50.org.br\/inc\/uploads\/2023\/03\/img20230228170756888-scaled.jpg\",\"datePublished\":\"2023-03-23T19:15:54+00:00\",\"description\":\"Pastor Henrique Vieira, deputado federal pelo PSOL, pediu a convoca\u00e7\u00e3o ap\u00f3s os bancos suspenderem os empr\u00e9stimos consignados a aposentados.\",\"breadcrumb\":{\"@id\":\"https:\/\/psol50.org.br\/psol-pede-convocacao-de-presidente-da-febraban-por-suspensao-de-emprestimos\/#breadcrumb\"},\"inLanguage\":\"pt-BR\",\"potentialAction\":[{\"@type\":\"ReadAction\",\"target\":[\"https:\/\/psol50.org.br\/psol-pede-convocacao-de-presidente-da-febraban-por-suspensao-de-emprestimos\/\"]}]},{\"@type\":\"ImageObject\",\"inLanguage\":\"pt-BR\",\"@id\":\"https:\/\/psol50.org.br\/psol-pede-convocacao-de-presidente-da-febraban-por-suspensao-de-emprestimos\/#primaryimage\",\"url\":\"https:\/\/psol50.org.br\/inc\/uploads\/2023\/03\/img20230228170756888-scaled.jpg\",\"contentUrl\":\"https:\/\/psol50.org.br\/inc\/uploads\/2023\/03\/img20230228170756888-scaled.jpg\",\"width\":2560,\"height\":1707,\"caption\":\"Foto: Pablo Valadares\/C\u00e2mara dos Deputados\"},{\"@type\":\"BreadcrumbList\",\"@id\":\"https:\/\/psol50.org.br\/psol-pede-convocacao-de-presidente-da-febraban-por-suspensao-de-emprestimos\/#breadcrumb\",\"itemListElement\":[{\"@type\":\"ListItem\",\"position\":1,\"name\":\"In\u00edcio\",\"item\":\"https:\/\/psol50.org.br\/\"},{\"@type\":\"ListItem\",\"position\":2,\"name\":\"PSOL pede convoca\u00e7\u00e3o de presidente da Febraban por suspens\u00e3o de empr\u00e9stimos\"}]},{\"@type\":\"WebSite\",\"@id\":\"https:\/\/psol50.org.br\/#website\",\"url\":\"https:\/\/psol50.org.br\/\",\"name\":\"PSOL 50\",\"description\":\"Site oficial do Partido Socialismo e Liberdade\",\"publisher\":{\"@id\":\"https:\/\/psol50.org.br\/#organization\"},\"alternateName\":\"PSOL50\",\"potentialAction\":[{\"@type\":\"SearchAction\",\"target\":{\"@type\":\"EntryPoint\",\"urlTemplate\":\"https:\/\/psol50.org.br\/?s={search_term_string}\"},\"query-input\":{\"@type\":\"PropertyValueSpecification\",\"valueRequired\":true,\"valueName\":\"search_term_string\"}}],\"inLanguage\":\"pt-BR\"},{\"@type\":\"Organization\",\"@id\":\"https:\/\/psol50.org.br\/#organization\",\"name\":\"PSOL 50\",\"alternateName\":\"PSOL 50\",\"url\":\"https:\/\/psol50.org.br\/\",\"logo\":{\"@type\":\"ImageObject\",\"inLanguage\":\"pt-BR\",\"@id\":\"https:\/\/psol50.org.br\/#\/schema\/logo\/image\/\",\"url\":\"https:\/\/psol50.org.br\/inc\/uploads\/2018\/07\/capa.png\",\"contentUrl\":\"https:\/\/psol50.org.br\/inc\/uploads\/2018\/07\/capa.png\",\"width\":1350,\"height\":900,\"caption\":\"PSOL 50\"},\"image\":{\"@id\":\"https:\/\/psol50.org.br\/#\/schema\/logo\/image\/\"},\"sameAs\":[\"https:\/\/www.facebook.com\/psol50\",\"https:\/\/x.com\/psol50\",\"https:\/\/www.instagram.com\/psol50\/\",\"https:\/\/www.youtube.com\/channel\/UC7SnJS5o1os7a6CaiNabzcg\"]},{\"@type\":\"Person\",\"@id\":\"https:\/\/psol50.org.br\/#\/schema\/person\/475dfa57d0b815993c714c2e96491fcd\",\"name\":\"Comunica\u00e7\u00e3o PSOL\",\"image\":{\"@type\":\"ImageObject\",\"inLanguage\":\"pt-BR\",\"@id\":\"https:\/\/psol50.org.br\/#\/schema\/person\/image\/\",\"url\":\"https:\/\/secure.gravatar.com\/avatar\/b34fc4f4e468a4e51785917065a3db57b841f5c95dba6ad8c73aaf8f66f8f9bf?s=96&d=mm&r=g\",\"contentUrl\":\"https:\/\/secure.gravatar.com\/avatar\/b34fc4f4e468a4e51785917065a3db57b841f5c95dba6ad8c73aaf8f66f8f9bf?s=96&d=mm&r=g\",\"caption\":\"Comunica\u00e7\u00e3o PSOL\"}}]}<\/script>\n<!-- \/ Yoast SEO plugin. -->","yoast_head_json":{"title":"PSOL pede convoca\u00e7\u00e3o de presidente da Febraban por suspens\u00e3o de empr\u00e9stimos","description":"Pastor Henrique Vieira, deputado federal pelo PSOL, pediu a convoca\u00e7\u00e3o ap\u00f3s os bancos suspenderem os empr\u00e9stimos consignados a aposentados.","robots":{"index":"index","follow":"follow","max-snippet":"max-snippet:-1","max-image-preview":"max-image-preview:large","max-video-preview":"max-video-preview:-1"},"canonical":"https:\/\/psol50.org.br\/psol-pede-convocacao-de-presidente-da-febraban-por-suspensao-de-emprestimos\/","og_locale":"pt_BR","og_type":"article","og_title":"PSOL pede convoca\u00e7\u00e3o de presidente da Febraban por suspens\u00e3o de empr\u00e9stimos","og_description":"Pastor Henrique Vieira, deputado federal pelo PSOL, pediu a convoca\u00e7\u00e3o ap\u00f3s os bancos suspenderem os empr\u00e9stimos consignados a aposentados.","og_url":"https:\/\/psol50.org.br\/psol-pede-convocacao-de-presidente-da-febraban-por-suspensao-de-emprestimos\/","og_site_name":"PSOL 50","article_publisher":"https:\/\/www.facebook.com\/psol50","article_published_time":"2023-03-23T19:15:54+00:00","og_image":[{"width":2560,"height":1707,"url":"https:\/\/psol50.org.br\/inc\/uploads\/2023\/03\/img20230228170756888-scaled.jpg","type":"image\/jpeg"}],"author":"Comunica\u00e7\u00e3o PSOL","twitter_card":"summary_large_image","twitter_creator":"@psol50","twitter_site":"@psol50","twitter_misc":{"Escrito por":"Comunica\u00e7\u00e3o PSOL","Est. tempo de leitura":"1 minuto"},"schema":{"@context":"https:\/\/schema.org","@graph":[{"@type":"Article","@id":"https:\/\/psol50.org.br\/psol-pede-convocacao-de-presidente-da-febraban-por-suspensao-de-emprestimos\/#article","isPartOf":{"@id":"https:\/\/psol50.org.br\/psol-pede-convocacao-de-presidente-da-febraban-por-suspensao-de-emprestimos\/"},"author":{"name":"Comunica\u00e7\u00e3o PSOL","@id":"https:\/\/psol50.org.br\/#\/schema\/person\/475dfa57d0b815993c714c2e96491fcd"},"headline":"PSOL pede convoca\u00e7\u00e3o de presidente da Febraban por suspens\u00e3o de empr\u00e9stimos","datePublished":"2023-03-23T19:15:54+00:00","mainEntityOfPage":{"@id":"https:\/\/psol50.org.br\/psol-pede-convocacao-de-presidente-da-febraban-por-suspensao-de-emprestimos\/"},"wordCount":173,"commentCount":0,"publisher":{"@id":"https:\/\/psol50.org.br\/#organization"},"image":{"@id":"https:\/\/psol50.org.br\/psol-pede-convocacao-de-presidente-da-febraban-por-suspensao-de-emprestimos\/#primaryimage"},"thumbnailUrl":"https:\/\/psol50.org.br\/inc\/uploads\/2023\/03\/img20230228170756888-scaled.jpg","keywords":["Not\u00edcias"],"articleSection":["A\u00e7\u00e3o Parlamentar"],"inLanguage":"pt-BR","potentialAction":[{"@type":"CommentAction","name":"Comment","target":["https:\/\/psol50.org.br\/psol-pede-convocacao-de-presidente-da-febraban-por-suspensao-de-emprestimos\/#respond"]}]},{"@type":"WebPage","@id":"https:\/\/psol50.org.br\/psol-pede-convocacao-de-presidente-da-febraban-por-suspensao-de-emprestimos\/","url":"https:\/\/psol50.org.br\/psol-pede-convocacao-de-presidente-da-febraban-por-suspensao-de-emprestimos\/","name":"PSOL pede convoca\u00e7\u00e3o de presidente da Febraban por suspens\u00e3o de empr\u00e9stimos","isPartOf":{"@id":"https:\/\/psol50.org.br\/#website"},"primaryImageOfPage":{"@id":"https:\/\/psol50.org.br\/psol-pede-convocacao-de-presidente-da-febraban-por-suspensao-de-emprestimos\/#primaryimage"},"image":{"@id":"https:\/\/psol50.org.br\/psol-pede-convocacao-de-presidente-da-febraban-por-suspensao-de-emprestimos\/#primaryimage"},"thumbnailUrl":"https:\/\/psol50.org.br\/inc\/uploads\/2023\/03\/img20230228170756888-scaled.jpg","datePublished":"2023-03-23T19:15:54+00:00","description":"Pastor Henrique Vieira, deputado federal pelo PSOL, pediu a convoca\u00e7\u00e3o ap\u00f3s os bancos suspenderem os empr\u00e9stimos consignados a aposentados.","breadcrumb":{"@id":"https:\/\/psol50.org.br\/psol-pede-convocacao-de-presidente-da-febraban-por-suspensao-de-emprestimos\/#breadcrumb"},"inLanguage":"pt-BR","potentialAction":[{"@type":"ReadAction","target":["https:\/\/psol50.org.br\/psol-pede-convocacao-de-presidente-da-febraban-por-suspensao-de-emprestimos\/"]}]},{"@type":"ImageObject","inLanguage":"pt-BR","@id":"https:\/\/psol50.org.br\/psol-pede-convocacao-de-presidente-da-febraban-por-suspensao-de-emprestimos\/#primaryimage","url":"https:\/\/psol50.org.br\/inc\/uploads\/2023\/03\/img20230228170756888-scaled.jpg","contentUrl":"https:\/\/psol50.org.br\/inc\/uploads\/2023\/03\/img20230228170756888-scaled.jpg","width":2560,"height":1707,"caption":"Foto: Pablo Valadares\/C\u00e2mara dos Deputados"},{"@type":"BreadcrumbList","@id":"https:\/\/psol50.org.br\/psol-pede-convocacao-de-presidente-da-febraban-por-suspensao-de-emprestimos\/#breadcrumb","itemListElement":[{"@type":"ListItem","position":1,"name":"In\u00edcio","item":"https:\/\/psol50.org.br\/"},{"@type":"ListItem","position":2,"name":"PSOL pede convoca\u00e7\u00e3o de presidente da Febraban por suspens\u00e3o de empr\u00e9stimos"}]},{"@type":"WebSite","@id":"https:\/\/psol50.org.br\/#website","url":"https:\/\/psol50.org.br\/","name":"PSOL 50","description":"Site oficial do Partido Socialismo e Liberdade","publisher":{"@id":"https:\/\/psol50.org.br\/#organization"},"alternateName":"PSOL50","potentialAction":[{"@type":"SearchAction","target":{"@type":"EntryPoint","urlTemplate":"https:\/\/psol50.org.br\/?s={search_term_string}"},"query-input":{"@type":"PropertyValueSpecification","valueRequired":true,"valueName":"search_term_string"}}],"inLanguage":"pt-BR"},{"@type":"Organization","@id":"https:\/\/psol50.org.br\/#organization","name":"PSOL 50","alternateName":"PSOL 50","url":"https:\/\/psol50.org.br\/","logo":{"@type":"ImageObject","inLanguage":"pt-BR","@id":"https:\/\/psol50.org.br\/#\/schema\/logo\/image\/","url":"https:\/\/psol50.org.br\/inc\/uploads\/2018\/07\/capa.png","contentUrl":"https:\/\/psol50.org.br\/inc\/uploads\/2018\/07\/capa.png","width":1350,"height":900,"caption":"PSOL 50"},"image":{"@id":"https:\/\/psol50.org.br\/#\/schema\/logo\/image\/"},"sameAs":["https:\/\/www.facebook.com\/psol50","https:\/\/x.com\/psol50","https:\/\/www.instagram.com\/psol50\/","https:\/\/www.youtube.com\/channel\/UC7SnJS5o1os7a6CaiNabzcg"]},{"@type":"Person","@id":"https:\/\/psol50.org.br\/#\/schema\/person\/475dfa57d0b815993c714c2e96491fcd","name":"Comunica\u00e7\u00e3o PSOL","image":{"@type":"ImageObject","inLanguage":"pt-BR","@id":"https:\/\/psol50.org.br\/#\/schema\/person\/image\/","url":"https:\/\/secure.gravatar.com\/avatar\/b34fc4f4e468a4e51785917065a3db57b841f5c95dba6ad8c73aaf8f66f8f9bf?s=96&d=mm&r=g","contentUrl":"https:\/\/secure.gravatar.com\/avatar\/b34fc4f4e468a4e51785917065a3db57b841f5c95dba6ad8c73aaf8f66f8f9bf?s=96&d=mm&r=g","caption":"Comunica\u00e7\u00e3o PSOL"}}]}},"_links":{"self":[{"href":"https:\/\/psol50.org.br\/rest\/wp\/v2\/posts\/37302","targetHints":{"allow":["GET"]}}],"collection":[{"href":"https:\/\/psol50.org.br\/rest\/wp\/v2\/posts"}],"about":[{"href":"https:\/\/psol50.org.br\/rest\/wp\/v2\/types\/post"}],"author":[{"embeddable":true,"href":"https:\/\/psol50.org.br\/rest\/wp\/v2\/users\/2"}],"replies":[{"embeddable":true,"href":"https:\/\/psol50.org.br\/rest\/wp\/v2\/comments?post=37302"}],"version-history":[{"count":2,"href":"https:\/\/psol50.org.br\/rest\/wp\/v2\/posts\/37302\/revisions"}],"predecessor-version":[{"id":37304,"href":"https:\/\/psol50.org.br\/rest\/wp\/v2\/posts\/37302\/revisions\/37304"}],"wp:featuredmedia":[{"embeddable":true,"href":"https:\/\/psol50.org.br\/rest\/wp\/v2\/media\/37305"}],"wp:attachment":[{"href":"https:\/\/psol50.org.br\/rest\/wp\/v2\/media?parent=37302"}],"wp:term":[{"taxonomy":"category","embeddable":true,"href":"https:\/\/psol50.org.br\/rest\/wp\/v2\/categories?post=37302"},{"taxonomy":"post_tag","embeddable":true,"href":"https:\/\/psol50.org.br\/rest\/wp\/v2\/tags?post=37302"}],"curies":[{"name":"wp","href":"https:\/\/api.w.org\/{rel}","templated":true}]}}