{"id":37306,"date":"2023-03-23T17:11:23","date_gmt":"2023-03-23T20:11:23","guid":{"rendered":"https:\/\/psol50.org.br\/?p=37306"},"modified":"2023-03-23T17:11:23","modified_gmt":"2023-03-23T20:11:23","slug":"nota-do-psol-em-apoio-a-greve-dos-metroviarios-de-sao-paulo","status":"publish","type":"post","link":"https:\/\/psol50.org.br\/nota-do-psol-em-apoio-a-greve-dos-metroviarios-de-sao-paulo\/","title":{"rendered":"Nota do PSOL em apoio \u00e0 greve dos metrovi\u00e1rios de S\u00e3o Paulo"},"content":{"rendered":"<p>Na madrugada de 23 de mar\u00e7o de 2023, os e as trabalhadoras do metr\u00f4 de S\u00e3o Paulo votaram a necessidade de deflagrar greve para negociar reivindica\u00e7\u00f5es justas: o pagamento de abono compensat\u00f3rio, pelo n\u00e3o pagamento da PLR em 03 anos, e a abertura de concurso p\u00fablico para contrata\u00e7\u00e3o de novos funcion\u00e1rios.<\/p>\n<p>Com o objetivo de evitar preju\u00edzos \u00e0 popula\u00e7\u00e3o trabalhadora de S\u00e3o Paulo que necessita utilizar o metr\u00f4, a proposta dos metrovi\u00e1rios foi manter o livre funcionamento das esta\u00e7\u00f5es, com catraca livre, e fazer uma mesa de negocia\u00e7\u00e3o r\u00e1pida.<\/p>\n<p>Infelizmente, o governador Tarc\u00edsio de Freitas e a empresa do metr\u00f4, al\u00e9m de se recusarem a negociar direitos b\u00e1sicos da categoria, tamb\u00e9m enganaram a popula\u00e7\u00e3o: afirmaram \u00e0s 07h aceitar a catraca livre, mas quando a categoria estava preparada para voltar \u00e0 opera\u00e7\u00e3o, recusaram a abertura dos port\u00f5es e seguiram a batalha judicial contra a catraca livre e a greve. Com isso, provocaram enorme preju\u00edzo \u00e0 popula\u00e7\u00e3o e aos metrovi\u00e1rios.<\/p>\n<p>O PSOL apoia a luta dos e das trabalhadoras do metr\u00f4 de S\u00e3o Paulo e repudia a manobra e a negativa em negociar direitos b\u00e1sicos por parte de Tarc\u00edsio de Freitas.<\/p>\n<p><em><strong>Partido Socialismo e Liberdade<\/strong><\/em><br \/>\n<em><strong>23 de mar\u00e7o de 2023.<\/strong><\/em><\/p>\n","protected":false},"excerpt":{"rendered":"<p>Na madrugada de 23 de mar\u00e7o de 2023, os e as trabalhadoras do metr\u00f4 de S\u00e3o Paulo votaram a necessidade de deflagrar greve para negociar reivindica\u00e7\u00f5es justas: o pagamento de abono compensat\u00f3rio, pelo n\u00e3o pagamento da PLR em 03 anos, e a abertura de concurso p\u00fablico para contrata\u00e7\u00e3o de novos funcion\u00e1rios. Com o objetivo de [&hellip;]<\/p>\n","protected":false},"author":2,"featured_media":33896,"comment_status":"open","ping_status":"open","sticky":false,"template":"","format":"standard","meta":{"_acf_changed":false,"footnotes":""},"categories":[20],"tags":[4825],"class_list":{"0":"post-37306","1":"post","2":"type-post","3":"status-publish","4":"format-standard","5":"has-post-thumbnail","7":"category-notas","8":"tag-noticias"},"acf":[],"yoast_head":"<!-- This site is optimized with the Yoast SEO plugin v26.5 - https:\/\/yoast.com\/wordpress\/plugins\/seo\/ -->\n<title>Nota do PSOL em apoio \u00e0 greve dos metrovi\u00e1rios de S\u00e3o Paulo<\/title>\n<meta name=\"description\" content=\"O PSOL apoia a luta dos e das trabalhadoras do metr\u00f4 de SP e repudia a manobra e a negativa em negociar direitos b\u00e1sicos por parte de Tarc\u00edsio de Freitas.\" \/>\n<meta name=\"robots\" content=\"index, follow, max-snippet:-1, max-image-preview:large, max-video-preview:-1\" \/>\n<link rel=\"canonical\" href=\"https:\/\/psol50.org.br\/nota-do-psol-em-apoio-a-greve-dos-metroviarios-de-sao-paulo\/\" \/>\n<meta property=\"og:locale\" content=\"pt_BR\" \/>\n<meta property=\"og:type\" content=\"article\" \/>\n<meta property=\"og:title\" content=\"Nota do PSOL em apoio \u00e0 greve dos metrovi\u00e1rios de S\u00e3o Paulo\" \/>\n<meta property=\"og:description\" content=\"O PSOL apoia a luta dos e das trabalhadoras do metr\u00f4 de SP e repudia a manobra e a negativa em negociar direitos b\u00e1sicos por parte de Tarc\u00edsio de Freitas.\" \/>\n<meta property=\"og:url\" content=\"https:\/\/psol50.org.br\/nota-do-psol-em-apoio-a-greve-dos-metroviarios-de-sao-paulo\/\" \/>\n<meta property=\"og:site_name\" content=\"PSOL 50\" \/>\n<meta property=\"article:publisher\" content=\"https:\/\/www.facebook.com\/psol50\" \/>\n<meta property=\"article:published_time\" content=\"2023-03-23T20:11:23+00:00\" \/>\n<meta property=\"og:image\" content=\"https:\/\/psol50.org.br\/inc\/uploads\/2021\/07\/10-02-2021_PSOLThumbs-01.jpg\" \/>\n\t<meta property=\"og:image:width\" content=\"1350\" \/>\n\t<meta property=\"og:image:height\" content=\"901\" \/>\n\t<meta property=\"og:image:type\" content=\"image\/jpeg\" \/>\n<meta name=\"author\" content=\"Comunica\u00e7\u00e3o PSOL\" \/>\n<meta name=\"twitter:card\" content=\"summary_large_image\" \/>\n<meta name=\"twitter:creator\" content=\"@psol50\" \/>\n<meta name=\"twitter:site\" content=\"@psol50\" \/>\n<meta name=\"twitter:label1\" content=\"Escrito por\" \/>\n\t<meta name=\"twitter:data1\" content=\"Comunica\u00e7\u00e3o PSOL\" \/>\n\t<meta name=\"twitter:label2\" content=\"Est. tempo de leitura\" \/>\n\t<meta name=\"twitter:data2\" content=\"1 minuto\" \/>\n<script type=\"application\/ld+json\" class=\"yoast-schema-graph\">{\"@context\":\"https:\/\/schema.org\",\"@graph\":[{\"@type\":\"Article\",\"@id\":\"https:\/\/psol50.org.br\/nota-do-psol-em-apoio-a-greve-dos-metroviarios-de-sao-paulo\/#article\",\"isPartOf\":{\"@id\":\"https:\/\/psol50.org.br\/nota-do-psol-em-apoio-a-greve-dos-metroviarios-de-sao-paulo\/\"},\"author\":{\"name\":\"Comunica\u00e7\u00e3o PSOL\",\"@id\":\"https:\/\/psol50.org.br\/#\/schema\/person\/475dfa57d0b815993c714c2e96491fcd\"},\"headline\":\"Nota do PSOL em apoio \u00e0 greve dos metrovi\u00e1rios de S\u00e3o Paulo\",\"datePublished\":\"2023-03-23T20:11:23+00:00\",\"mainEntityOfPage\":{\"@id\":\"https:\/\/psol50.org.br\/nota-do-psol-em-apoio-a-greve-dos-metroviarios-de-sao-paulo\/\"},\"wordCount\":232,\"commentCount\":0,\"publisher\":{\"@id\":\"https:\/\/psol50.org.br\/#organization\"},\"image\":{\"@id\":\"https:\/\/psol50.org.br\/nota-do-psol-em-apoio-a-greve-dos-metroviarios-de-sao-paulo\/#primaryimage\"},\"thumbnailUrl\":\"https:\/\/psol50.org.br\/inc\/uploads\/2021\/07\/10-02-2021_PSOLThumbs-01.jpg\",\"keywords\":[\"Not\u00edcias\"],\"articleSection\":[\"Notas\"],\"inLanguage\":\"pt-BR\",\"potentialAction\":[{\"@type\":\"CommentAction\",\"name\":\"Comment\",\"target\":[\"https:\/\/psol50.org.br\/nota-do-psol-em-apoio-a-greve-dos-metroviarios-de-sao-paulo\/#respond\"]}]},{\"@type\":\"WebPage\",\"@id\":\"https:\/\/psol50.org.br\/nota-do-psol-em-apoio-a-greve-dos-metroviarios-de-sao-paulo\/\",\"url\":\"https:\/\/psol50.org.br\/nota-do-psol-em-apoio-a-greve-dos-metroviarios-de-sao-paulo\/\",\"name\":\"Nota do PSOL em apoio \u00e0 greve dos metrovi\u00e1rios de S\u00e3o Paulo\",\"isPartOf\":{\"@id\":\"https:\/\/psol50.org.br\/#website\"},\"primaryImageOfPage\":{\"@id\":\"https:\/\/psol50.org.br\/nota-do-psol-em-apoio-a-greve-dos-metroviarios-de-sao-paulo\/#primaryimage\"},\"image\":{\"@id\":\"https:\/\/psol50.org.br\/nota-do-psol-em-apoio-a-greve-dos-metroviarios-de-sao-paulo\/#primaryimage\"},\"thumbnailUrl\":\"https:\/\/psol50.org.br\/inc\/uploads\/2021\/07\/10-02-2021_PSOLThumbs-01.jpg\",\"datePublished\":\"2023-03-23T20:11:23+00:00\",\"description\":\"O PSOL apoia a luta dos e das trabalhadoras do metr\u00f4 de SP e repudia a manobra e a negativa em negociar direitos b\u00e1sicos por parte de Tarc\u00edsio de Freitas.\",\"breadcrumb\":{\"@id\":\"https:\/\/psol50.org.br\/nota-do-psol-em-apoio-a-greve-dos-metroviarios-de-sao-paulo\/#breadcrumb\"},\"inLanguage\":\"pt-BR\",\"potentialAction\":[{\"@type\":\"ReadAction\",\"target\":[\"https:\/\/psol50.org.br\/nota-do-psol-em-apoio-a-greve-dos-metroviarios-de-sao-paulo\/\"]}]},{\"@type\":\"ImageObject\",\"inLanguage\":\"pt-BR\",\"@id\":\"https:\/\/psol50.org.br\/nota-do-psol-em-apoio-a-greve-dos-metroviarios-de-sao-paulo\/#primaryimage\",\"url\":\"https:\/\/psol50.org.br\/inc\/uploads\/2021\/07\/10-02-2021_PSOLThumbs-01.jpg\",\"contentUrl\":\"https:\/\/psol50.org.br\/inc\/uploads\/2021\/07\/10-02-2021_PSOLThumbs-01.jpg\",\"width\":1350,\"height\":901},{\"@type\":\"BreadcrumbList\",\"@id\":\"https:\/\/psol50.org.br\/nota-do-psol-em-apoio-a-greve-dos-metroviarios-de-sao-paulo\/#breadcrumb\",\"itemListElement\":[{\"@type\":\"ListItem\",\"position\":1,\"name\":\"In\u00edcio\",\"item\":\"https:\/\/psol50.org.br\/\"},{\"@type\":\"ListItem\",\"position\":2,\"name\":\"Nota do PSOL em apoio \u00e0 greve dos metrovi\u00e1rios de S\u00e3o Paulo\"}]},{\"@type\":\"WebSite\",\"@id\":\"https:\/\/psol50.org.br\/#website\",\"url\":\"https:\/\/psol50.org.br\/\",\"name\":\"PSOL 50\",\"description\":\"Site oficial do Partido Socialismo e Liberdade\",\"publisher\":{\"@id\":\"https:\/\/psol50.org.br\/#organization\"},\"alternateName\":\"PSOL50\",\"potentialAction\":[{\"@type\":\"SearchAction\",\"target\":{\"@type\":\"EntryPoint\",\"urlTemplate\":\"https:\/\/psol50.org.br\/?s={search_term_string}\"},\"query-input\":{\"@type\":\"PropertyValueSpecification\",\"valueRequired\":true,\"valueName\":\"search_term_string\"}}],\"inLanguage\":\"pt-BR\"},{\"@type\":\"Organization\",\"@id\":\"https:\/\/psol50.org.br\/#organization\",\"name\":\"PSOL 50\",\"alternateName\":\"PSOL 50\",\"url\":\"https:\/\/psol50.org.br\/\",\"logo\":{\"@type\":\"ImageObject\",\"inLanguage\":\"pt-BR\",\"@id\":\"https:\/\/psol50.org.br\/#\/schema\/logo\/image\/\",\"url\":\"https:\/\/psol50.org.br\/inc\/uploads\/2018\/07\/capa.png\",\"contentUrl\":\"https:\/\/psol50.org.br\/inc\/uploads\/2018\/07\/capa.png\",\"width\":1350,\"height\":900,\"caption\":\"PSOL 50\"},\"image\":{\"@id\":\"https:\/\/psol50.org.br\/#\/schema\/logo\/image\/\"},\"sameAs\":[\"https:\/\/www.facebook.com\/psol50\",\"https:\/\/x.com\/psol50\",\"https:\/\/www.instagram.com\/psol50\/\",\"https:\/\/www.youtube.com\/channel\/UC7SnJS5o1os7a6CaiNabzcg\"]},{\"@type\":\"Person\",\"@id\":\"https:\/\/psol50.org.br\/#\/schema\/person\/475dfa57d0b815993c714c2e96491fcd\",\"name\":\"Comunica\u00e7\u00e3o PSOL\",\"image\":{\"@type\":\"ImageObject\",\"inLanguage\":\"pt-BR\",\"@id\":\"https:\/\/psol50.org.br\/#\/schema\/person\/image\/\",\"url\":\"https:\/\/secure.gravatar.com\/avatar\/b34fc4f4e468a4e51785917065a3db57b841f5c95dba6ad8c73aaf8f66f8f9bf?s=96&d=mm&r=g\",\"contentUrl\":\"https:\/\/secure.gravatar.com\/avatar\/b34fc4f4e468a4e51785917065a3db57b841f5c95dba6ad8c73aaf8f66f8f9bf?s=96&d=mm&r=g\",\"caption\":\"Comunica\u00e7\u00e3o PSOL\"}}]}<\/script>\n<!-- \/ Yoast SEO plugin. -->","yoast_head_json":{"title":"Nota do PSOL em apoio \u00e0 greve dos metrovi\u00e1rios de S\u00e3o Paulo","description":"O PSOL apoia a luta dos e das trabalhadoras do metr\u00f4 de SP e repudia a manobra e a negativa em negociar direitos b\u00e1sicos por parte de Tarc\u00edsio de Freitas.","robots":{"index":"index","follow":"follow","max-snippet":"max-snippet:-1","max-image-preview":"max-image-preview:large","max-video-preview":"max-video-preview:-1"},"canonical":"https:\/\/psol50.org.br\/nota-do-psol-em-apoio-a-greve-dos-metroviarios-de-sao-paulo\/","og_locale":"pt_BR","og_type":"article","og_title":"Nota do PSOL em apoio \u00e0 greve dos metrovi\u00e1rios de S\u00e3o Paulo","og_description":"O PSOL apoia a luta dos e das trabalhadoras do metr\u00f4 de SP e repudia a manobra e a negativa em negociar direitos b\u00e1sicos por parte de Tarc\u00edsio de Freitas.","og_url":"https:\/\/psol50.org.br\/nota-do-psol-em-apoio-a-greve-dos-metroviarios-de-sao-paulo\/","og_site_name":"PSOL 50","article_publisher":"https:\/\/www.facebook.com\/psol50","article_published_time":"2023-03-23T20:11:23+00:00","og_image":[{"width":1350,"height":901,"url":"https:\/\/psol50.org.br\/inc\/uploads\/2021\/07\/10-02-2021_PSOLThumbs-01.jpg","type":"image\/jpeg"}],"author":"Comunica\u00e7\u00e3o PSOL","twitter_card":"summary_large_image","twitter_creator":"@psol50","twitter_site":"@psol50","twitter_misc":{"Escrito por":"Comunica\u00e7\u00e3o PSOL","Est. tempo de leitura":"1 minuto"},"schema":{"@context":"https:\/\/schema.org","@graph":[{"@type":"Article","@id":"https:\/\/psol50.org.br\/nota-do-psol-em-apoio-a-greve-dos-metroviarios-de-sao-paulo\/#article","isPartOf":{"@id":"https:\/\/psol50.org.br\/nota-do-psol-em-apoio-a-greve-dos-metroviarios-de-sao-paulo\/"},"author":{"name":"Comunica\u00e7\u00e3o PSOL","@id":"https:\/\/psol50.org.br\/#\/schema\/person\/475dfa57d0b815993c714c2e96491fcd"},"headline":"Nota do PSOL em apoio \u00e0 greve dos metrovi\u00e1rios de S\u00e3o Paulo","datePublished":"2023-03-23T20:11:23+00:00","mainEntityOfPage":{"@id":"https:\/\/psol50.org.br\/nota-do-psol-em-apoio-a-greve-dos-metroviarios-de-sao-paulo\/"},"wordCount":232,"commentCount":0,"publisher":{"@id":"https:\/\/psol50.org.br\/#organization"},"image":{"@id":"https:\/\/psol50.org.br\/nota-do-psol-em-apoio-a-greve-dos-metroviarios-de-sao-paulo\/#primaryimage"},"thumbnailUrl":"https:\/\/psol50.org.br\/inc\/uploads\/2021\/07\/10-02-2021_PSOLThumbs-01.jpg","keywords":["Not\u00edcias"],"articleSection":["Notas"],"inLanguage":"pt-BR","potentialAction":[{"@type":"CommentAction","name":"Comment","target":["https:\/\/psol50.org.br\/nota-do-psol-em-apoio-a-greve-dos-metroviarios-de-sao-paulo\/#respond"]}]},{"@type":"WebPage","@id":"https:\/\/psol50.org.br\/nota-do-psol-em-apoio-a-greve-dos-metroviarios-de-sao-paulo\/","url":"https:\/\/psol50.org.br\/nota-do-psol-em-apoio-a-greve-dos-metroviarios-de-sao-paulo\/","name":"Nota do PSOL em apoio \u00e0 greve dos metrovi\u00e1rios de S\u00e3o Paulo","isPartOf":{"@id":"https:\/\/psol50.org.br\/#website"},"primaryImageOfPage":{"@id":"https:\/\/psol50.org.br\/nota-do-psol-em-apoio-a-greve-dos-metroviarios-de-sao-paulo\/#primaryimage"},"image":{"@id":"https:\/\/psol50.org.br\/nota-do-psol-em-apoio-a-greve-dos-metroviarios-de-sao-paulo\/#primaryimage"},"thumbnailUrl":"https:\/\/psol50.org.br\/inc\/uploads\/2021\/07\/10-02-2021_PSOLThumbs-01.jpg","datePublished":"2023-03-23T20:11:23+00:00","description":"O PSOL apoia a luta dos e das trabalhadoras do metr\u00f4 de SP e repudia a manobra e a negativa em negociar direitos b\u00e1sicos por parte de Tarc\u00edsio de Freitas.","breadcrumb":{"@id":"https:\/\/psol50.org.br\/nota-do-psol-em-apoio-a-greve-dos-metroviarios-de-sao-paulo\/#breadcrumb"},"inLanguage":"pt-BR","potentialAction":[{"@type":"ReadAction","target":["https:\/\/psol50.org.br\/nota-do-psol-em-apoio-a-greve-dos-metroviarios-de-sao-paulo\/"]}]},{"@type":"ImageObject","inLanguage":"pt-BR","@id":"https:\/\/psol50.org.br\/nota-do-psol-em-apoio-a-greve-dos-metroviarios-de-sao-paulo\/#primaryimage","url":"https:\/\/psol50.org.br\/inc\/uploads\/2021\/07\/10-02-2021_PSOLThumbs-01.jpg","contentUrl":"https:\/\/psol50.org.br\/inc\/uploads\/2021\/07\/10-02-2021_PSOLThumbs-01.jpg","width":1350,"height":901},{"@type":"BreadcrumbList","@id":"https:\/\/psol50.org.br\/nota-do-psol-em-apoio-a-greve-dos-metroviarios-de-sao-paulo\/#breadcrumb","itemListElement":[{"@type":"ListItem","position":1,"name":"In\u00edcio","item":"https:\/\/psol50.org.br\/"},{"@type":"ListItem","position":2,"name":"Nota do PSOL em apoio \u00e0 greve dos metrovi\u00e1rios de S\u00e3o Paulo"}]},{"@type":"WebSite","@id":"https:\/\/psol50.org.br\/#website","url":"https:\/\/psol50.org.br\/","name":"PSOL 50","description":"Site oficial do Partido Socialismo e Liberdade","publisher":{"@id":"https:\/\/psol50.org.br\/#organization"},"alternateName":"PSOL50","potentialAction":[{"@type":"SearchAction","target":{"@type":"EntryPoint","urlTemplate":"https:\/\/psol50.org.br\/?s={search_term_string}"},"query-input":{"@type":"PropertyValueSpecification","valueRequired":true,"valueName":"search_term_string"}}],"inLanguage":"pt-BR"},{"@type":"Organization","@id":"https:\/\/psol50.org.br\/#organization","name":"PSOL 50","alternateName":"PSOL 50","url":"https:\/\/psol50.org.br\/","logo":{"@type":"ImageObject","inLanguage":"pt-BR","@id":"https:\/\/psol50.org.br\/#\/schema\/logo\/image\/","url":"https:\/\/psol50.org.br\/inc\/uploads\/2018\/07\/capa.png","contentUrl":"https:\/\/psol50.org.br\/inc\/uploads\/2018\/07\/capa.png","width":1350,"height":900,"caption":"PSOL 50"},"image":{"@id":"https:\/\/psol50.org.br\/#\/schema\/logo\/image\/"},"sameAs":["https:\/\/www.facebook.com\/psol50","https:\/\/x.com\/psol50","https:\/\/www.instagram.com\/psol50\/","https:\/\/www.youtube.com\/channel\/UC7SnJS5o1os7a6CaiNabzcg"]},{"@type":"Person","@id":"https:\/\/psol50.org.br\/#\/schema\/person\/475dfa57d0b815993c714c2e96491fcd","name":"Comunica\u00e7\u00e3o PSOL","image":{"@type":"ImageObject","inLanguage":"pt-BR","@id":"https:\/\/psol50.org.br\/#\/schema\/person\/image\/","url":"https:\/\/secure.gravatar.com\/avatar\/b34fc4f4e468a4e51785917065a3db57b841f5c95dba6ad8c73aaf8f66f8f9bf?s=96&d=mm&r=g","contentUrl":"https:\/\/secure.gravatar.com\/avatar\/b34fc4f4e468a4e51785917065a3db57b841f5c95dba6ad8c73aaf8f66f8f9bf?s=96&d=mm&r=g","caption":"Comunica\u00e7\u00e3o PSOL"}}]}},"_links":{"self":[{"href":"https:\/\/psol50.org.br\/rest\/wp\/v2\/posts\/37306","targetHints":{"allow":["GET"]}}],"collection":[{"href":"https:\/\/psol50.org.br\/rest\/wp\/v2\/posts"}],"about":[{"href":"https:\/\/psol50.org.br\/rest\/wp\/v2\/types\/post"}],"author":[{"embeddable":true,"href":"https:\/\/psol50.org.br\/rest\/wp\/v2\/users\/2"}],"replies":[{"embeddable":true,"href":"https:\/\/psol50.org.br\/rest\/wp\/v2\/comments?post=37306"}],"version-history":[{"count":2,"href":"https:\/\/psol50.org.br\/rest\/wp\/v2\/posts\/37306\/revisions"}],"predecessor-version":[{"id":37308,"href":"https:\/\/psol50.org.br\/rest\/wp\/v2\/posts\/37306\/revisions\/37308"}],"wp:featuredmedia":[{"embeddable":true,"href":"https:\/\/psol50.org.br\/rest\/wp\/v2\/media\/33896"}],"wp:attachment":[{"href":"https:\/\/psol50.org.br\/rest\/wp\/v2\/media?parent=37306"}],"wp:term":[{"taxonomy":"category","embeddable":true,"href":"https:\/\/psol50.org.br\/rest\/wp\/v2\/categories?post=37306"},{"taxonomy":"post_tag","embeddable":true,"href":"https:\/\/psol50.org.br\/rest\/wp\/v2\/tags?post=37306"}],"curies":[{"name":"wp","href":"https:\/\/api.w.org\/{rel}","templated":true}]}}