{"id":37309,"date":"2023-03-24T10:14:59","date_gmt":"2023-03-24T13:14:59","guid":{"rendered":"https:\/\/psol50.org.br\/?p=37309"},"modified":"2023-03-31T12:43:30","modified_gmt":"2023-03-31T15:43:30","slug":"psol-pede-cassacao-no-conselho-de-etica-de-deputada-que-ameacou-lula-em-foto-com-arma","status":"publish","type":"post","link":"https:\/\/psol50.org.br\/psol-pede-cassacao-no-conselho-de-etica-de-deputada-que-ameacou-lula-em-foto-com-arma\/","title":{"rendered":"PSOL pede cassa\u00e7\u00e3o no Conselho de \u00c9tica de deputada que amea\u00e7ou Lula em foto com arma"},"content":{"rendered":"<p>O PSOL e a bancada do partido na C\u00e2mara dos Deputados protocolaram na \u00faltima quinta-feira (23) uma representa\u00e7\u00e3o no Conselho de \u00c9tica pedindo a cassa\u00e7\u00e3o da deputada Julia Zanatta (PL-SC), representante da extrema direita, que feriu gravemente o decoro parlamentar no \u00faltimo dia 17 de mar\u00e7o ao postar em sua conta do Twitter uma imagem que estimula a viol\u00eancia contra o presidente Lula.<\/p>\n<p>\u201cUma parlamentar que toma uma atitude dessas precisa ser responsabilizada. A bancada do PSOL acionou o Conselho de \u00c9tica para que ela arque com as consequ\u00eancias de seu preconceito e incita\u00e7\u00e3o \u00e0 viol\u00eancia. Vamos enfrentar o bolsonarismo em todas as esferas, inclusive aqui na C\u00e2mara\u201d, afirma o l\u00edder da bancada Guilherme Boulos.<\/p>\n<p>No tu\u00edte, a catarinense aparece segurando metralhadora e vestindo camiseta com imagem de uma m\u00e3o com quatro dedos alvejada por tr\u00eas tiros. Por causa disso, ela se tornou r\u00e9 em a\u00e7\u00f5es no Supremo Tribunal Federal (STF).<\/p>\n<p>Tr\u00eas dias depois, num debate ao vivo com o deputado Ivan Valente (PSOL), ela tentou justificar de forma bizarra sua atitude. Disse que estava dentro de um clube de tiro, ganhou e vestiu uma camiseta, e \u201cn\u00e3o quis passar mensagem nenhuma\u201d.<\/p>\n<p>\u201cUma imagem vale mais do que mil palavras. A deputada fez apologia \u00e0s armas e tornou o presidente da Rep\u00fablica um alvo, sugerindo sua elimina\u00e7\u00e3o. Isso \u00e9 inaceit\u00e1vel!&#8221;, rebate o deputado Chico Alencar (PSOL).<\/p>\n<p>Ressaltando que vozes dissonantes, diferentes ideologias, muitas vezes com debates acalorados, fazem parte do Estado Democr\u00e1tico de Direito e da vida parlamentar, os deputados e o presidente do partido afirmam no documento que \u201ca amea\u00e7a feita pela Deputada Federal Julia Zanatta \u00e9 extremamente grave e atenta contra a ordem jur\u00eddica e social fixada pela Constitui\u00e7\u00e3o, descumprindo os deveres parlamentares ali expostos\u201d.<\/p>\n<p>A representa\u00e7\u00e3o salienta ainda que a imunidade parlamentar, prerrogativa constitucional concedida a parlamentares eleitos, n\u00e3o \u00e9 absoluta e deve passar pelo crivo pol\u00edtico do julgamento do Conselho de \u00c9tica, conforme autoriza o art. 55 da Constitui\u00e7\u00e3o Federal.<\/p>\n<p>&#8220;Uma sociedade democr\u00e1tica n\u00e3o pode tolerar condutas de extrema viol\u00eancia e intoler\u00e2ncia. \u00c9 inaceit\u00e1vel que uma parlamentar propague discurso de \u00f3dio e amea\u00e7as contra um presidente democraticamente eleito e n\u00e3o seja punida\u201d, finaliza o presidente do PSOL, Juliano Medeiros.<\/p>\n","protected":false},"excerpt":{"rendered":"<p>O PSOL e a bancada do partido na C\u00e2mara dos Deputados protocolaram na \u00faltima quinta-feira (23) uma representa\u00e7\u00e3o no Conselho de \u00c9tica pedindo a cassa\u00e7\u00e3o da deputada Julia Zanatta (PL-SC), representante da extrema direita, que feriu gravemente o decoro parlamentar no \u00faltimo dia 17 de mar\u00e7o ao postar em sua conta do Twitter uma imagem [&hellip;]<\/p>\n","protected":false},"author":2,"featured_media":37312,"comment_status":"open","ping_status":"open","sticky":false,"template":"","format":"standard","meta":{"_acf_changed":false,"footnotes":""},"categories":[10],"tags":[4825],"class_list":{"0":"post-37309","1":"post","2":"type-post","3":"status-publish","4":"format-standard","5":"has-post-thumbnail","7":"category-acao-parlamentares","8":"tag-noticias"},"acf":[],"yoast_head":"<!-- This site is optimized with the Yoast SEO plugin v26.5 - https:\/\/yoast.com\/wordpress\/plugins\/seo\/ -->\n<title>PSOL pede cassa\u00e7\u00e3o no Conselho de \u00c9tica de deputada que amea\u00e7ou Lula em foto com arma<\/title>\n<meta name=\"description\" content=\"Julia Zanatta (PL\/SC) postou foto com metralhadora e uma camiseta com imagem de uma m\u00e3o com quatro dedos alvejada por tr\u00eas tiros.\" \/>\n<meta name=\"robots\" content=\"index, follow, max-snippet:-1, max-image-preview:large, max-video-preview:-1\" \/>\n<link rel=\"canonical\" href=\"https:\/\/psol50.org.br\/psol-pede-cassacao-no-conselho-de-etica-de-deputada-que-ameacou-lula-em-foto-com-arma\/\" \/>\n<meta property=\"og:locale\" content=\"pt_BR\" \/>\n<meta property=\"og:type\" content=\"article\" \/>\n<meta property=\"og:title\" content=\"PSOL pede cassa\u00e7\u00e3o no Conselho de \u00c9tica de deputada que amea\u00e7ou Lula em foto com arma\" \/>\n<meta property=\"og:description\" content=\"Julia Zanatta (PL\/SC) postou foto com metralhadora e uma camiseta com imagem de uma m\u00e3o com quatro dedos alvejada por tr\u00eas tiros.\" \/>\n<meta property=\"og:url\" content=\"https:\/\/psol50.org.br\/psol-pede-cassacao-no-conselho-de-etica-de-deputada-que-ameacou-lula-em-foto-com-arma\/\" \/>\n<meta property=\"og:site_name\" content=\"PSOL 50\" \/>\n<meta property=\"article:publisher\" content=\"https:\/\/www.facebook.com\/psol50\" \/>\n<meta property=\"article:published_time\" content=\"2023-03-24T13:14:59+00:00\" \/>\n<meta property=\"article:modified_time\" content=\"2023-03-31T15:43:30+00:00\" \/>\n<meta property=\"og:image\" content=\"https:\/\/psol50.org.br\/inc\/uploads\/2023\/03\/Captura-de-Tela-2023-03-24-as-10.14.12.png\" \/>\n\t<meta property=\"og:image:width\" content=\"1538\" \/>\n\t<meta property=\"og:image:height\" content=\"930\" \/>\n\t<meta property=\"og:image:type\" content=\"image\/png\" \/>\n<meta name=\"author\" content=\"Comunica\u00e7\u00e3o PSOL\" \/>\n<meta name=\"twitter:card\" content=\"summary_large_image\" \/>\n<meta name=\"twitter:creator\" content=\"@psol50\" \/>\n<meta name=\"twitter:site\" content=\"@psol50\" \/>\n<meta name=\"twitter:label1\" content=\"Escrito por\" \/>\n\t<meta name=\"twitter:data1\" content=\"Comunica\u00e7\u00e3o PSOL\" \/>\n\t<meta name=\"twitter:label2\" content=\"Est. tempo de leitura\" \/>\n\t<meta name=\"twitter:data2\" content=\"2 minutos\" \/>\n<script type=\"application\/ld+json\" class=\"yoast-schema-graph\">{\"@context\":\"https:\/\/schema.org\",\"@graph\":[{\"@type\":\"Article\",\"@id\":\"https:\/\/psol50.org.br\/psol-pede-cassacao-no-conselho-de-etica-de-deputada-que-ameacou-lula-em-foto-com-arma\/#article\",\"isPartOf\":{\"@id\":\"https:\/\/psol50.org.br\/psol-pede-cassacao-no-conselho-de-etica-de-deputada-que-ameacou-lula-em-foto-com-arma\/\"},\"author\":{\"name\":\"Comunica\u00e7\u00e3o PSOL\",\"@id\":\"https:\/\/psol50.org.br\/#\/schema\/person\/475dfa57d0b815993c714c2e96491fcd\"},\"headline\":\"PSOL pede cassa\u00e7\u00e3o no Conselho de \u00c9tica de deputada que amea\u00e7ou Lula em foto com arma\",\"datePublished\":\"2023-03-24T13:14:59+00:00\",\"dateModified\":\"2023-03-31T15:43:30+00:00\",\"mainEntityOfPage\":{\"@id\":\"https:\/\/psol50.org.br\/psol-pede-cassacao-no-conselho-de-etica-de-deputada-que-ameacou-lula-em-foto-com-arma\/\"},\"wordCount\":407,\"commentCount\":0,\"publisher\":{\"@id\":\"https:\/\/psol50.org.br\/#organization\"},\"image\":{\"@id\":\"https:\/\/psol50.org.br\/psol-pede-cassacao-no-conselho-de-etica-de-deputada-que-ameacou-lula-em-foto-com-arma\/#primaryimage\"},\"thumbnailUrl\":\"https:\/\/psol50.org.br\/inc\/uploads\/2023\/03\/Captura-de-Tela-2023-03-24-as-10.14.12.png\",\"keywords\":[\"Not\u00edcias\"],\"articleSection\":[\"A\u00e7\u00e3o Parlamentar\"],\"inLanguage\":\"pt-BR\",\"potentialAction\":[{\"@type\":\"CommentAction\",\"name\":\"Comment\",\"target\":[\"https:\/\/psol50.org.br\/psol-pede-cassacao-no-conselho-de-etica-de-deputada-que-ameacou-lula-em-foto-com-arma\/#respond\"]}]},{\"@type\":\"WebPage\",\"@id\":\"https:\/\/psol50.org.br\/psol-pede-cassacao-no-conselho-de-etica-de-deputada-que-ameacou-lula-em-foto-com-arma\/\",\"url\":\"https:\/\/psol50.org.br\/psol-pede-cassacao-no-conselho-de-etica-de-deputada-que-ameacou-lula-em-foto-com-arma\/\",\"name\":\"PSOL pede cassa\u00e7\u00e3o no Conselho de \u00c9tica de deputada que amea\u00e7ou Lula em foto com arma\",\"isPartOf\":{\"@id\":\"https:\/\/psol50.org.br\/#website\"},\"primaryImageOfPage\":{\"@id\":\"https:\/\/psol50.org.br\/psol-pede-cassacao-no-conselho-de-etica-de-deputada-que-ameacou-lula-em-foto-com-arma\/#primaryimage\"},\"image\":{\"@id\":\"https:\/\/psol50.org.br\/psol-pede-cassacao-no-conselho-de-etica-de-deputada-que-ameacou-lula-em-foto-com-arma\/#primaryimage\"},\"thumbnailUrl\":\"https:\/\/psol50.org.br\/inc\/uploads\/2023\/03\/Captura-de-Tela-2023-03-24-as-10.14.12.png\",\"datePublished\":\"2023-03-24T13:14:59+00:00\",\"dateModified\":\"2023-03-31T15:43:30+00:00\",\"description\":\"Julia Zanatta (PL\/SC) postou foto com metralhadora e uma camiseta com imagem de uma m\u00e3o com quatro dedos alvejada por tr\u00eas tiros.\",\"breadcrumb\":{\"@id\":\"https:\/\/psol50.org.br\/psol-pede-cassacao-no-conselho-de-etica-de-deputada-que-ameacou-lula-em-foto-com-arma\/#breadcrumb\"},\"inLanguage\":\"pt-BR\",\"potentialAction\":[{\"@type\":\"ReadAction\",\"target\":[\"https:\/\/psol50.org.br\/psol-pede-cassacao-no-conselho-de-etica-de-deputada-que-ameacou-lula-em-foto-com-arma\/\"]}]},{\"@type\":\"ImageObject\",\"inLanguage\":\"pt-BR\",\"@id\":\"https:\/\/psol50.org.br\/psol-pede-cassacao-no-conselho-de-etica-de-deputada-que-ameacou-lula-em-foto-com-arma\/#primaryimage\",\"url\":\"https:\/\/psol50.org.br\/inc\/uploads\/2023\/03\/Captura-de-Tela-2023-03-24-as-10.14.12.png\",\"contentUrl\":\"https:\/\/psol50.org.br\/inc\/uploads\/2023\/03\/Captura-de-Tela-2023-03-24-as-10.14.12.png\",\"width\":1538,\"height\":930,\"caption\":\"Foto: Reprodu\u00e7\u00e3o\"},{\"@type\":\"BreadcrumbList\",\"@id\":\"https:\/\/psol50.org.br\/psol-pede-cassacao-no-conselho-de-etica-de-deputada-que-ameacou-lula-em-foto-com-arma\/#breadcrumb\",\"itemListElement\":[{\"@type\":\"ListItem\",\"position\":1,\"name\":\"In\u00edcio\",\"item\":\"https:\/\/psol50.org.br\/\"},{\"@type\":\"ListItem\",\"position\":2,\"name\":\"PSOL pede cassa\u00e7\u00e3o no Conselho de \u00c9tica de deputada que amea\u00e7ou Lula em foto com arma\"}]},{\"@type\":\"WebSite\",\"@id\":\"https:\/\/psol50.org.br\/#website\",\"url\":\"https:\/\/psol50.org.br\/\",\"name\":\"PSOL 50\",\"description\":\"Site oficial do Partido Socialismo e Liberdade\",\"publisher\":{\"@id\":\"https:\/\/psol50.org.br\/#organization\"},\"alternateName\":\"PSOL50\",\"potentialAction\":[{\"@type\":\"SearchAction\",\"target\":{\"@type\":\"EntryPoint\",\"urlTemplate\":\"https:\/\/psol50.org.br\/?s={search_term_string}\"},\"query-input\":{\"@type\":\"PropertyValueSpecification\",\"valueRequired\":true,\"valueName\":\"search_term_string\"}}],\"inLanguage\":\"pt-BR\"},{\"@type\":\"Organization\",\"@id\":\"https:\/\/psol50.org.br\/#organization\",\"name\":\"PSOL 50\",\"alternateName\":\"PSOL 50\",\"url\":\"https:\/\/psol50.org.br\/\",\"logo\":{\"@type\":\"ImageObject\",\"inLanguage\":\"pt-BR\",\"@id\":\"https:\/\/psol50.org.br\/#\/schema\/logo\/image\/\",\"url\":\"https:\/\/psol50.org.br\/inc\/uploads\/2018\/07\/capa.png\",\"contentUrl\":\"https:\/\/psol50.org.br\/inc\/uploads\/2018\/07\/capa.png\",\"width\":1350,\"height\":900,\"caption\":\"PSOL 50\"},\"image\":{\"@id\":\"https:\/\/psol50.org.br\/#\/schema\/logo\/image\/\"},\"sameAs\":[\"https:\/\/www.facebook.com\/psol50\",\"https:\/\/x.com\/psol50\",\"https:\/\/www.instagram.com\/psol50\/\",\"https:\/\/www.youtube.com\/channel\/UC7SnJS5o1os7a6CaiNabzcg\"]},{\"@type\":\"Person\",\"@id\":\"https:\/\/psol50.org.br\/#\/schema\/person\/475dfa57d0b815993c714c2e96491fcd\",\"name\":\"Comunica\u00e7\u00e3o PSOL\",\"image\":{\"@type\":\"ImageObject\",\"inLanguage\":\"pt-BR\",\"@id\":\"https:\/\/psol50.org.br\/#\/schema\/person\/image\/\",\"url\":\"https:\/\/secure.gravatar.com\/avatar\/b34fc4f4e468a4e51785917065a3db57b841f5c95dba6ad8c73aaf8f66f8f9bf?s=96&d=mm&r=g\",\"contentUrl\":\"https:\/\/secure.gravatar.com\/avatar\/b34fc4f4e468a4e51785917065a3db57b841f5c95dba6ad8c73aaf8f66f8f9bf?s=96&d=mm&r=g\",\"caption\":\"Comunica\u00e7\u00e3o PSOL\"}}]}<\/script>\n<!-- \/ Yoast SEO plugin. -->","yoast_head_json":{"title":"PSOL pede cassa\u00e7\u00e3o no Conselho de \u00c9tica de deputada que amea\u00e7ou Lula em foto com arma","description":"Julia Zanatta (PL\/SC) postou foto com metralhadora e uma camiseta com imagem de uma m\u00e3o com quatro dedos alvejada por tr\u00eas tiros.","robots":{"index":"index","follow":"follow","max-snippet":"max-snippet:-1","max-image-preview":"max-image-preview:large","max-video-preview":"max-video-preview:-1"},"canonical":"https:\/\/psol50.org.br\/psol-pede-cassacao-no-conselho-de-etica-de-deputada-que-ameacou-lula-em-foto-com-arma\/","og_locale":"pt_BR","og_type":"article","og_title":"PSOL pede cassa\u00e7\u00e3o no Conselho de \u00c9tica de deputada que amea\u00e7ou Lula em foto com arma","og_description":"Julia Zanatta (PL\/SC) postou foto com metralhadora e uma camiseta com imagem de uma m\u00e3o com quatro dedos alvejada por tr\u00eas tiros.","og_url":"https:\/\/psol50.org.br\/psol-pede-cassacao-no-conselho-de-etica-de-deputada-que-ameacou-lula-em-foto-com-arma\/","og_site_name":"PSOL 50","article_publisher":"https:\/\/www.facebook.com\/psol50","article_published_time":"2023-03-24T13:14:59+00:00","article_modified_time":"2023-03-31T15:43:30+00:00","og_image":[{"width":1538,"height":930,"url":"https:\/\/psol50.org.br\/inc\/uploads\/2023\/03\/Captura-de-Tela-2023-03-24-as-10.14.12.png","type":"image\/png"}],"author":"Comunica\u00e7\u00e3o PSOL","twitter_card":"summary_large_image","twitter_creator":"@psol50","twitter_site":"@psol50","twitter_misc":{"Escrito por":"Comunica\u00e7\u00e3o PSOL","Est. tempo de leitura":"2 minutos"},"schema":{"@context":"https:\/\/schema.org","@graph":[{"@type":"Article","@id":"https:\/\/psol50.org.br\/psol-pede-cassacao-no-conselho-de-etica-de-deputada-que-ameacou-lula-em-foto-com-arma\/#article","isPartOf":{"@id":"https:\/\/psol50.org.br\/psol-pede-cassacao-no-conselho-de-etica-de-deputada-que-ameacou-lula-em-foto-com-arma\/"},"author":{"name":"Comunica\u00e7\u00e3o PSOL","@id":"https:\/\/psol50.org.br\/#\/schema\/person\/475dfa57d0b815993c714c2e96491fcd"},"headline":"PSOL pede cassa\u00e7\u00e3o no Conselho de \u00c9tica de deputada que amea\u00e7ou Lula em foto com arma","datePublished":"2023-03-24T13:14:59+00:00","dateModified":"2023-03-31T15:43:30+00:00","mainEntityOfPage":{"@id":"https:\/\/psol50.org.br\/psol-pede-cassacao-no-conselho-de-etica-de-deputada-que-ameacou-lula-em-foto-com-arma\/"},"wordCount":407,"commentCount":0,"publisher":{"@id":"https:\/\/psol50.org.br\/#organization"},"image":{"@id":"https:\/\/psol50.org.br\/psol-pede-cassacao-no-conselho-de-etica-de-deputada-que-ameacou-lula-em-foto-com-arma\/#primaryimage"},"thumbnailUrl":"https:\/\/psol50.org.br\/inc\/uploads\/2023\/03\/Captura-de-Tela-2023-03-24-as-10.14.12.png","keywords":["Not\u00edcias"],"articleSection":["A\u00e7\u00e3o Parlamentar"],"inLanguage":"pt-BR","potentialAction":[{"@type":"CommentAction","name":"Comment","target":["https:\/\/psol50.org.br\/psol-pede-cassacao-no-conselho-de-etica-de-deputada-que-ameacou-lula-em-foto-com-arma\/#respond"]}]},{"@type":"WebPage","@id":"https:\/\/psol50.org.br\/psol-pede-cassacao-no-conselho-de-etica-de-deputada-que-ameacou-lula-em-foto-com-arma\/","url":"https:\/\/psol50.org.br\/psol-pede-cassacao-no-conselho-de-etica-de-deputada-que-ameacou-lula-em-foto-com-arma\/","name":"PSOL pede cassa\u00e7\u00e3o no Conselho de \u00c9tica de deputada que amea\u00e7ou Lula em foto com arma","isPartOf":{"@id":"https:\/\/psol50.org.br\/#website"},"primaryImageOfPage":{"@id":"https:\/\/psol50.org.br\/psol-pede-cassacao-no-conselho-de-etica-de-deputada-que-ameacou-lula-em-foto-com-arma\/#primaryimage"},"image":{"@id":"https:\/\/psol50.org.br\/psol-pede-cassacao-no-conselho-de-etica-de-deputada-que-ameacou-lula-em-foto-com-arma\/#primaryimage"},"thumbnailUrl":"https:\/\/psol50.org.br\/inc\/uploads\/2023\/03\/Captura-de-Tela-2023-03-24-as-10.14.12.png","datePublished":"2023-03-24T13:14:59+00:00","dateModified":"2023-03-31T15:43:30+00:00","description":"Julia Zanatta (PL\/SC) postou foto com metralhadora e uma camiseta com imagem de uma m\u00e3o com quatro dedos alvejada por tr\u00eas tiros.","breadcrumb":{"@id":"https:\/\/psol50.org.br\/psol-pede-cassacao-no-conselho-de-etica-de-deputada-que-ameacou-lula-em-foto-com-arma\/#breadcrumb"},"inLanguage":"pt-BR","potentialAction":[{"@type":"ReadAction","target":["https:\/\/psol50.org.br\/psol-pede-cassacao-no-conselho-de-etica-de-deputada-que-ameacou-lula-em-foto-com-arma\/"]}]},{"@type":"ImageObject","inLanguage":"pt-BR","@id":"https:\/\/psol50.org.br\/psol-pede-cassacao-no-conselho-de-etica-de-deputada-que-ameacou-lula-em-foto-com-arma\/#primaryimage","url":"https:\/\/psol50.org.br\/inc\/uploads\/2023\/03\/Captura-de-Tela-2023-03-24-as-10.14.12.png","contentUrl":"https:\/\/psol50.org.br\/inc\/uploads\/2023\/03\/Captura-de-Tela-2023-03-24-as-10.14.12.png","width":1538,"height":930,"caption":"Foto: Reprodu\u00e7\u00e3o"},{"@type":"BreadcrumbList","@id":"https:\/\/psol50.org.br\/psol-pede-cassacao-no-conselho-de-etica-de-deputada-que-ameacou-lula-em-foto-com-arma\/#breadcrumb","itemListElement":[{"@type":"ListItem","position":1,"name":"In\u00edcio","item":"https:\/\/psol50.org.br\/"},{"@type":"ListItem","position":2,"name":"PSOL pede cassa\u00e7\u00e3o no Conselho de \u00c9tica de deputada que amea\u00e7ou Lula em foto com arma"}]},{"@type":"WebSite","@id":"https:\/\/psol50.org.br\/#website","url":"https:\/\/psol50.org.br\/","name":"PSOL 50","description":"Site oficial do Partido Socialismo e Liberdade","publisher":{"@id":"https:\/\/psol50.org.br\/#organization"},"alternateName":"PSOL50","potentialAction":[{"@type":"SearchAction","target":{"@type":"EntryPoint","urlTemplate":"https:\/\/psol50.org.br\/?s={search_term_string}"},"query-input":{"@type":"PropertyValueSpecification","valueRequired":true,"valueName":"search_term_string"}}],"inLanguage":"pt-BR"},{"@type":"Organization","@id":"https:\/\/psol50.org.br\/#organization","name":"PSOL 50","alternateName":"PSOL 50","url":"https:\/\/psol50.org.br\/","logo":{"@type":"ImageObject","inLanguage":"pt-BR","@id":"https:\/\/psol50.org.br\/#\/schema\/logo\/image\/","url":"https:\/\/psol50.org.br\/inc\/uploads\/2018\/07\/capa.png","contentUrl":"https:\/\/psol50.org.br\/inc\/uploads\/2018\/07\/capa.png","width":1350,"height":900,"caption":"PSOL 50"},"image":{"@id":"https:\/\/psol50.org.br\/#\/schema\/logo\/image\/"},"sameAs":["https:\/\/www.facebook.com\/psol50","https:\/\/x.com\/psol50","https:\/\/www.instagram.com\/psol50\/","https:\/\/www.youtube.com\/channel\/UC7SnJS5o1os7a6CaiNabzcg"]},{"@type":"Person","@id":"https:\/\/psol50.org.br\/#\/schema\/person\/475dfa57d0b815993c714c2e96491fcd","name":"Comunica\u00e7\u00e3o PSOL","image":{"@type":"ImageObject","inLanguage":"pt-BR","@id":"https:\/\/psol50.org.br\/#\/schema\/person\/image\/","url":"https:\/\/secure.gravatar.com\/avatar\/b34fc4f4e468a4e51785917065a3db57b841f5c95dba6ad8c73aaf8f66f8f9bf?s=96&d=mm&r=g","contentUrl":"https:\/\/secure.gravatar.com\/avatar\/b34fc4f4e468a4e51785917065a3db57b841f5c95dba6ad8c73aaf8f66f8f9bf?s=96&d=mm&r=g","caption":"Comunica\u00e7\u00e3o PSOL"}}]}},"_links":{"self":[{"href":"https:\/\/psol50.org.br\/rest\/wp\/v2\/posts\/37309","targetHints":{"allow":["GET"]}}],"collection":[{"href":"https:\/\/psol50.org.br\/rest\/wp\/v2\/posts"}],"about":[{"href":"https:\/\/psol50.org.br\/rest\/wp\/v2\/types\/post"}],"author":[{"embeddable":true,"href":"https:\/\/psol50.org.br\/rest\/wp\/v2\/users\/2"}],"replies":[{"embeddable":true,"href":"https:\/\/psol50.org.br\/rest\/wp\/v2\/comments?post=37309"}],"version-history":[{"count":2,"href":"https:\/\/psol50.org.br\/rest\/wp\/v2\/posts\/37309\/revisions"}],"predecessor-version":[{"id":37311,"href":"https:\/\/psol50.org.br\/rest\/wp\/v2\/posts\/37309\/revisions\/37311"}],"wp:featuredmedia":[{"embeddable":true,"href":"https:\/\/psol50.org.br\/rest\/wp\/v2\/media\/37312"}],"wp:attachment":[{"href":"https:\/\/psol50.org.br\/rest\/wp\/v2\/media?parent=37309"}],"wp:term":[{"taxonomy":"category","embeddable":true,"href":"https:\/\/psol50.org.br\/rest\/wp\/v2\/categories?post=37309"},{"taxonomy":"post_tag","embeddable":true,"href":"https:\/\/psol50.org.br\/rest\/wp\/v2\/tags?post=37309"}],"curies":[{"name":"wp","href":"https:\/\/api.w.org\/{rel}","templated":true}]}}