{"id":37353,"date":"2023-03-31T11:40:59","date_gmt":"2023-03-31T14:40:59","guid":{"rendered":"https:\/\/psol50.org.br\/?p=37353"},"modified":"2023-03-31T11:58:41","modified_gmt":"2023-03-31T14:58:41","slug":"extrema-direita-boicota-projeto-de-marielle-franco-em-apoio-a-mulheres-vitimas-de-violencia-na-camara-do-rio","status":"publish","type":"post","link":"https:\/\/psol50.org.br\/extrema-direita-boicota-projeto-de-marielle-franco-em-apoio-a-mulheres-vitimas-de-violencia-na-camara-do-rio\/","title":{"rendered":"Extrema-direita boicota projeto de Marielle Franco em apoio a mulheres v\u00edtimas de viol\u00eancia na C\u00e2mara do Rio"},"content":{"rendered":"<p>A extrema-direita, em mais um show de horrores na C\u00e2mara Municipal do Rio de Janeiro, descaracterizou totalmente um projeto de lei de autoria da vereadora assassinada Marielle Franco, que tratava sobre a coloca\u00e7\u00e3o de cartazes nos pr\u00e9dios p\u00fablicos que informem os direitos das mulheres v\u00edtimas de viol\u00eancia sexual, para que ele n\u00e3o fosse aprovado.<\/p>\n<p>O projeto de lei 442\/2017, que foi desarquivado por M\u00f4nica Ben\u00edcio, vereadora do PSOL e vi\u00fava de Marielle Franco, teve retiradas partes centrais pelos parlamentares conservadores, como a informa\u00e7\u00e3o de que v\u00edtimas de viol\u00eancia sexual podem ter atendimento m\u00e9dico sem boletim de ocorr\u00eancia e que t\u00eam direito ao aborto legal em casos de estupro.<\/p>\n<p>\u201cEm caso de uma gravidez decorrente de estupro, voc\u00ea tem direito ao aborto permitido por Lei\u201d, foi o texto de um dos cartazes que seria aprovado e que provocou a ira da extrema-direita.<\/p>\n<p>&#8220;\u00c9 um absurdo completo ter, em uma Casa Legislativa, vereadores que s\u00e3o CONTR\u00c1RIOS a informar o que \u00e9 lei&#8221;, reclamou a vereadora M\u00f4nica Ben\u00edcio.<\/p>\n<p>&#8220;Sabemos o quanto essas duas informa\u00e7\u00f5es s\u00e3o caras para toda mulher violentada que, muitas vezes, \u00e9 revitimizada em delegacias e obrigada a provar a viol\u00eancia que sofreu no momento de maior fragilidade. Sabemos que convivemos em uma sociedade que desacredita as mulheres e as culpabiliza&#8221;, explicou a parlamentar do PSOL.<\/p>\n<p>Com as mudan\u00e7as e completa descaracteriza\u00e7\u00e3o do projeto, a bancada do PSOL e de toda a esquerda orientou para que fosse votado contra o projeto na forma que a extrema-direita o deixou.<\/p>\n<p>&#8220;N\u00e3o podemos levar adiante um projeto de Marielle, quando esse j\u00e1 n\u00e3o teria mais capacidade de auxiliar corretamente mulheres v\u00edtimas de viol\u00eancia sexual. Muito menos, para que vereadores que querem limitar nossos direitos fa\u00e7am propaganda em cima disso. Nossas vidas precisam ser levadas a s\u00e9rio!&#8221;, conclui M\u00f4nica Ben\u00edcio.<\/p>\n<blockquote class=\"instagram-media\" style=\"background: #FFF; border: 0; border-radius: 3px; box-shadow: 0 0 1px 0 rgba(0,0,0,0.5),0 1px 10px 0 rgba(0,0,0,0.15); margin: 1px; max-width: 540px; min-width: 326px; padding: 0; width: calc(100% - 2px);\" data-instgrm-captioned=\"\" data-instgrm-permalink=\"https:\/\/www.instagram.com\/p\/CqbSEpLJGpX\/?utm_source=ig_embed&amp;utm_campaign=loading\" data-instgrm-version=\"14\">\n<div style=\"padding: 16px;\">\n<p>&nbsp;<\/p>\n<div style=\"display: flex; flex-direction: row; align-items: center;\">\n<div style=\"background-color: #f4f4f4; border-radius: 50%; flex-grow: 0; height: 40px; margin-right: 14px; width: 40px;\"><\/div>\n<div style=\"display: flex; flex-direction: column; flex-grow: 1; justify-content: center;\">\n<div style=\"background-color: #f4f4f4; border-radius: 4px; flex-grow: 0; height: 14px; margin-bottom: 6px; width: 100px;\"><\/div>\n<div style=\"background-color: #f4f4f4; border-radius: 4px; flex-grow: 0; height: 14px; width: 60px;\"><\/div>\n<\/div>\n<\/div>\n<div style=\"padding: 19% 0;\"><\/div>\n<div style=\"display: block; height: 50px; margin: 0 auto 12px; width: 50px;\"><\/div>\n<div style=\"padding-top: 8px;\">\n<div style=\"color: #3897f0; font-family: Arial,sans-serif; font-size: 14px; font-style: normal; font-weight: 550; line-height: 18px;\">Ver essa foto no Instagram<\/div>\n<\/div>\n<div style=\"padding: 12.5% 0;\"><\/div>\n<div style=\"display: flex; flex-direction: row; margin-bottom: 14px; align-items: center;\">\n<div>\n<div style=\"background-color: #f4f4f4; border-radius: 50%; height: 12.5px; width: 12.5px; transform: translateX(0px) translateY(7px);\"><\/div>\n<div style=\"background-color: #f4f4f4; height: 12.5px; transform: rotate(-45deg) translateX(3px) translateY(1px); width: 12.5px; flex-grow: 0; margin-right: 14px; margin-left: 2px;\"><\/div>\n<div style=\"background-color: #f4f4f4; border-radius: 50%; height: 12.5px; width: 12.5px; transform: translateX(9px) translateY(-18px);\"><\/div>\n<\/div>\n<div style=\"margin-left: 8px;\">\n<div style=\"background-color: #f4f4f4; border-radius: 50%; flex-grow: 0; height: 20px; width: 20px;\"><\/div>\n<div style=\"width: 0; height: 0; border-top: 2px solid transparent; border-left: 6px solid #f4f4f4; border-bottom: 2px solid transparent; transform: translateX(16px) translateY(-4px) rotate(30deg);\"><\/div>\n<\/div>\n<div style=\"margin-left: auto;\">\n<div style=\"width: 0px; border-top: 8px solid #F4F4F4; border-right: 8px solid transparent; transform: translateY(16px);\"><\/div>\n<div style=\"background-color: #f4f4f4; flex-grow: 0; height: 12px; width: 16px; transform: translateY(-4px);\"><\/div>\n<div style=\"width: 0; height: 0; border-top: 8px solid #F4F4F4; border-left: 8px solid transparent; transform: translateY(-4px) translateX(8px);\"><\/div>\n<\/div>\n<\/div>\n<div style=\"display: flex; flex-direction: column; flex-grow: 1; justify-content: center; margin-bottom: 24px;\">\n<div style=\"background-color: #f4f4f4; border-radius: 4px; flex-grow: 0; height: 14px; margin-bottom: 6px; width: 224px;\"><\/div>\n<div style=\"background-color: #f4f4f4; border-radius: 4px; flex-grow: 0; height: 14px; width: 144px;\"><\/div>\n<\/div>\n<p>&nbsp;<\/p>\n<p style=\"color: #c9c8cd; font-family: Arial,sans-serif; font-size: 14px; line-height: 17px; margin-bottom: 0; margin-top: 8px; overflow: hidden; padding: 8px 0 7px; text-align: center; text-overflow: ellipsis; white-space: nowrap;\"><a style=\"color: #c9c8cd; font-family: Arial,sans-serif; font-size: 14px; font-style: normal; font-weight: normal; line-height: 17px; text-decoration: none;\" href=\"https:\/\/www.instagram.com\/p\/CqbSEpLJGpX\/?utm_source=ig_embed&amp;utm_campaign=loading\" target=\"_blank\" rel=\"noopener\">Uma publica\u00e7\u00e3o compartilhada por Monica Benicio \ud83c\udff3\ufe0f\u200d\ud83c\udf08 (@monicaterezabenicio)<\/a><\/p>\n<\/div>\n<\/blockquote>\n<p><script async src=\"\/\/www.instagram.com\/embed.js\"><\/script><\/p>\n","protected":false},"excerpt":{"rendered":"<p>A extrema-direita, em mais um show de horrores na C\u00e2mara Municipal do Rio de Janeiro, descaracterizou totalmente um projeto de lei de autoria da vereadora assassinada Marielle Franco, que tratava sobre a coloca\u00e7\u00e3o de cartazes nos pr\u00e9dios p\u00fablicos que informem os direitos das mulheres v\u00edtimas de viol\u00eancia sexual, para que ele n\u00e3o fosse aprovado. O [&hellip;]<\/p>\n","protected":false},"author":2,"featured_media":24550,"comment_status":"open","ping_status":"open","sticky":false,"template":"","format":"standard","meta":{"_acf_changed":false,"footnotes":""},"categories":[654],"tags":[4825],"class_list":{"0":"post-37353","1":"post","2":"type-post","3":"status-publish","4":"format-standard","5":"has-post-thumbnail","7":"category-estados","8":"tag-noticias"},"acf":[],"yoast_head":"<!-- This site is optimized with the Yoast SEO plugin v26.5 - https:\/\/yoast.com\/wordpress\/plugins\/seo\/ -->\n<title>Extrema-direita boicota projeto de Marielle Franco em apoio a mulheres v\u00edtimas de viol\u00eancia na C\u00e2mara do Rio<\/title>\n<meta name=\"description\" content=\"Vereadores conservadores descaracterizaram o projeto, que deveria informar \u00e0s mulheres seus direitos garantidos por lei.\" \/>\n<meta name=\"robots\" content=\"index, follow, max-snippet:-1, max-image-preview:large, max-video-preview:-1\" \/>\n<link rel=\"canonical\" href=\"https:\/\/psol50.org.br\/extrema-direita-boicota-projeto-de-marielle-franco-em-apoio-a-mulheres-vitimas-de-violencia-na-camara-do-rio\/\" \/>\n<meta property=\"og:locale\" content=\"pt_BR\" \/>\n<meta property=\"og:type\" content=\"article\" \/>\n<meta property=\"og:title\" content=\"Extrema-direita boicota projeto de Marielle Franco em apoio a mulheres v\u00edtimas de viol\u00eancia na C\u00e2mara do Rio\" \/>\n<meta property=\"og:description\" content=\"Vereadores conservadores descaracterizaram o projeto, que deveria informar \u00e0s mulheres seus direitos garantidos por lei.\" \/>\n<meta property=\"og:url\" content=\"https:\/\/psol50.org.br\/extrema-direita-boicota-projeto-de-marielle-franco-em-apoio-a-mulheres-vitimas-de-violencia-na-camara-do-rio\/\" \/>\n<meta property=\"og:site_name\" content=\"PSOL 50\" \/>\n<meta property=\"article:publisher\" content=\"https:\/\/www.facebook.com\/psol50\" \/>\n<meta property=\"article:published_time\" content=\"2023-03-31T14:40:59+00:00\" \/>\n<meta property=\"article:modified_time\" content=\"2023-03-31T14:58:41+00:00\" \/>\n<meta property=\"og:image\" content=\"https:\/\/psol50.org.br\/inc\/uploads\/2019\/03\/marielle-franco.jpg\" \/>\n\t<meta property=\"og:image:width\" content=\"1170\" \/>\n\t<meta property=\"og:image:height\" content=\"780\" \/>\n\t<meta property=\"og:image:type\" content=\"image\/jpeg\" \/>\n<meta name=\"author\" content=\"Comunica\u00e7\u00e3o PSOL\" \/>\n<meta name=\"twitter:card\" content=\"summary_large_image\" \/>\n<meta name=\"twitter:creator\" content=\"@psol50\" \/>\n<meta name=\"twitter:site\" content=\"@psol50\" \/>\n<meta name=\"twitter:label1\" content=\"Escrito por\" \/>\n\t<meta name=\"twitter:data1\" content=\"Comunica\u00e7\u00e3o PSOL\" \/>\n\t<meta name=\"twitter:label2\" content=\"Est. tempo de leitura\" \/>\n\t<meta name=\"twitter:data2\" content=\"2 minutos\" \/>\n<script type=\"application\/ld+json\" class=\"yoast-schema-graph\">{\"@context\":\"https:\/\/schema.org\",\"@graph\":[{\"@type\":\"Article\",\"@id\":\"https:\/\/psol50.org.br\/extrema-direita-boicota-projeto-de-marielle-franco-em-apoio-a-mulheres-vitimas-de-violencia-na-camara-do-rio\/#article\",\"isPartOf\":{\"@id\":\"https:\/\/psol50.org.br\/extrema-direita-boicota-projeto-de-marielle-franco-em-apoio-a-mulheres-vitimas-de-violencia-na-camara-do-rio\/\"},\"author\":{\"name\":\"Comunica\u00e7\u00e3o PSOL\",\"@id\":\"https:\/\/psol50.org.br\/#\/schema\/person\/475dfa57d0b815993c714c2e96491fcd\"},\"headline\":\"Extrema-direita boicota projeto de Marielle Franco em apoio a mulheres v\u00edtimas de viol\u00eancia na C\u00e2mara do Rio\",\"datePublished\":\"2023-03-31T14:40:59+00:00\",\"dateModified\":\"2023-03-31T14:58:41+00:00\",\"mainEntityOfPage\":{\"@id\":\"https:\/\/psol50.org.br\/extrema-direita-boicota-projeto-de-marielle-franco-em-apoio-a-mulheres-vitimas-de-violencia-na-camara-do-rio\/\"},\"wordCount\":359,\"commentCount\":0,\"publisher\":{\"@id\":\"https:\/\/psol50.org.br\/#organization\"},\"image\":{\"@id\":\"https:\/\/psol50.org.br\/extrema-direita-boicota-projeto-de-marielle-franco-em-apoio-a-mulheres-vitimas-de-violencia-na-camara-do-rio\/#primaryimage\"},\"thumbnailUrl\":\"https:\/\/psol50.org.br\/inc\/uploads\/2019\/03\/marielle-franco.jpg\",\"keywords\":[\"Not\u00edcias\"],\"articleSection\":[\"Estados\"],\"inLanguage\":\"pt-BR\",\"potentialAction\":[{\"@type\":\"CommentAction\",\"name\":\"Comment\",\"target\":[\"https:\/\/psol50.org.br\/extrema-direita-boicota-projeto-de-marielle-franco-em-apoio-a-mulheres-vitimas-de-violencia-na-camara-do-rio\/#respond\"]}]},{\"@type\":\"WebPage\",\"@id\":\"https:\/\/psol50.org.br\/extrema-direita-boicota-projeto-de-marielle-franco-em-apoio-a-mulheres-vitimas-de-violencia-na-camara-do-rio\/\",\"url\":\"https:\/\/psol50.org.br\/extrema-direita-boicota-projeto-de-marielle-franco-em-apoio-a-mulheres-vitimas-de-violencia-na-camara-do-rio\/\",\"name\":\"Extrema-direita boicota projeto de Marielle Franco em apoio a mulheres v\u00edtimas de viol\u00eancia na C\u00e2mara do Rio\",\"isPartOf\":{\"@id\":\"https:\/\/psol50.org.br\/#website\"},\"primaryImageOfPage\":{\"@id\":\"https:\/\/psol50.org.br\/extrema-direita-boicota-projeto-de-marielle-franco-em-apoio-a-mulheres-vitimas-de-violencia-na-camara-do-rio\/#primaryimage\"},\"image\":{\"@id\":\"https:\/\/psol50.org.br\/extrema-direita-boicota-projeto-de-marielle-franco-em-apoio-a-mulheres-vitimas-de-violencia-na-camara-do-rio\/#primaryimage\"},\"thumbnailUrl\":\"https:\/\/psol50.org.br\/inc\/uploads\/2019\/03\/marielle-franco.jpg\",\"datePublished\":\"2023-03-31T14:40:59+00:00\",\"dateModified\":\"2023-03-31T14:58:41+00:00\",\"description\":\"Vereadores conservadores descaracterizaram o projeto, que deveria informar \u00e0s mulheres seus direitos garantidos por lei.\",\"breadcrumb\":{\"@id\":\"https:\/\/psol50.org.br\/extrema-direita-boicota-projeto-de-marielle-franco-em-apoio-a-mulheres-vitimas-de-violencia-na-camara-do-rio\/#breadcrumb\"},\"inLanguage\":\"pt-BR\",\"potentialAction\":[{\"@type\":\"ReadAction\",\"target\":[\"https:\/\/psol50.org.br\/extrema-direita-boicota-projeto-de-marielle-franco-em-apoio-a-mulheres-vitimas-de-violencia-na-camara-do-rio\/\"]}]},{\"@type\":\"ImageObject\",\"inLanguage\":\"pt-BR\",\"@id\":\"https:\/\/psol50.org.br\/extrema-direita-boicota-projeto-de-marielle-franco-em-apoio-a-mulheres-vitimas-de-violencia-na-camara-do-rio\/#primaryimage\",\"url\":\"https:\/\/psol50.org.br\/inc\/uploads\/2019\/03\/marielle-franco.jpg\",\"contentUrl\":\"https:\/\/psol50.org.br\/inc\/uploads\/2019\/03\/marielle-franco.jpg\",\"width\":1170,\"height\":780,\"caption\":\"\"},{\"@type\":\"BreadcrumbList\",\"@id\":\"https:\/\/psol50.org.br\/extrema-direita-boicota-projeto-de-marielle-franco-em-apoio-a-mulheres-vitimas-de-violencia-na-camara-do-rio\/#breadcrumb\",\"itemListElement\":[{\"@type\":\"ListItem\",\"position\":1,\"name\":\"In\u00edcio\",\"item\":\"https:\/\/psol50.org.br\/\"},{\"@type\":\"ListItem\",\"position\":2,\"name\":\"Extrema-direita boicota projeto de Marielle Franco em apoio a mulheres v\u00edtimas de viol\u00eancia na C\u00e2mara do Rio\"}]},{\"@type\":\"WebSite\",\"@id\":\"https:\/\/psol50.org.br\/#website\",\"url\":\"https:\/\/psol50.org.br\/\",\"name\":\"PSOL 50\",\"description\":\"Site oficial do Partido Socialismo e Liberdade\",\"publisher\":{\"@id\":\"https:\/\/psol50.org.br\/#organization\"},\"alternateName\":\"PSOL50\",\"potentialAction\":[{\"@type\":\"SearchAction\",\"target\":{\"@type\":\"EntryPoint\",\"urlTemplate\":\"https:\/\/psol50.org.br\/?s={search_term_string}\"},\"query-input\":{\"@type\":\"PropertyValueSpecification\",\"valueRequired\":true,\"valueName\":\"search_term_string\"}}],\"inLanguage\":\"pt-BR\"},{\"@type\":\"Organization\",\"@id\":\"https:\/\/psol50.org.br\/#organization\",\"name\":\"PSOL 50\",\"alternateName\":\"PSOL 50\",\"url\":\"https:\/\/psol50.org.br\/\",\"logo\":{\"@type\":\"ImageObject\",\"inLanguage\":\"pt-BR\",\"@id\":\"https:\/\/psol50.org.br\/#\/schema\/logo\/image\/\",\"url\":\"https:\/\/psol50.org.br\/inc\/uploads\/2018\/07\/capa.png\",\"contentUrl\":\"https:\/\/psol50.org.br\/inc\/uploads\/2018\/07\/capa.png\",\"width\":1350,\"height\":900,\"caption\":\"PSOL 50\"},\"image\":{\"@id\":\"https:\/\/psol50.org.br\/#\/schema\/logo\/image\/\"},\"sameAs\":[\"https:\/\/www.facebook.com\/psol50\",\"https:\/\/x.com\/psol50\",\"https:\/\/www.instagram.com\/psol50\/\",\"https:\/\/www.youtube.com\/channel\/UC7SnJS5o1os7a6CaiNabzcg\"]},{\"@type\":\"Person\",\"@id\":\"https:\/\/psol50.org.br\/#\/schema\/person\/475dfa57d0b815993c714c2e96491fcd\",\"name\":\"Comunica\u00e7\u00e3o PSOL\",\"image\":{\"@type\":\"ImageObject\",\"inLanguage\":\"pt-BR\",\"@id\":\"https:\/\/psol50.org.br\/#\/schema\/person\/image\/\",\"url\":\"https:\/\/secure.gravatar.com\/avatar\/b34fc4f4e468a4e51785917065a3db57b841f5c95dba6ad8c73aaf8f66f8f9bf?s=96&d=mm&r=g\",\"contentUrl\":\"https:\/\/secure.gravatar.com\/avatar\/b34fc4f4e468a4e51785917065a3db57b841f5c95dba6ad8c73aaf8f66f8f9bf?s=96&d=mm&r=g\",\"caption\":\"Comunica\u00e7\u00e3o PSOL\"}}]}<\/script>\n<!-- \/ Yoast SEO plugin. -->","yoast_head_json":{"title":"Extrema-direita boicota projeto de Marielle Franco em apoio a mulheres v\u00edtimas de viol\u00eancia na C\u00e2mara do Rio","description":"Vereadores conservadores descaracterizaram o projeto, que deveria informar \u00e0s mulheres seus direitos garantidos por lei.","robots":{"index":"index","follow":"follow","max-snippet":"max-snippet:-1","max-image-preview":"max-image-preview:large","max-video-preview":"max-video-preview:-1"},"canonical":"https:\/\/psol50.org.br\/extrema-direita-boicota-projeto-de-marielle-franco-em-apoio-a-mulheres-vitimas-de-violencia-na-camara-do-rio\/","og_locale":"pt_BR","og_type":"article","og_title":"Extrema-direita boicota projeto de Marielle Franco em apoio a mulheres v\u00edtimas de viol\u00eancia na C\u00e2mara do Rio","og_description":"Vereadores conservadores descaracterizaram o projeto, que deveria informar \u00e0s mulheres seus direitos garantidos por lei.","og_url":"https:\/\/psol50.org.br\/extrema-direita-boicota-projeto-de-marielle-franco-em-apoio-a-mulheres-vitimas-de-violencia-na-camara-do-rio\/","og_site_name":"PSOL 50","article_publisher":"https:\/\/www.facebook.com\/psol50","article_published_time":"2023-03-31T14:40:59+00:00","article_modified_time":"2023-03-31T14:58:41+00:00","og_image":[{"width":1170,"height":780,"url":"https:\/\/psol50.org.br\/inc\/uploads\/2019\/03\/marielle-franco.jpg","type":"image\/jpeg"}],"author":"Comunica\u00e7\u00e3o PSOL","twitter_card":"summary_large_image","twitter_creator":"@psol50","twitter_site":"@psol50","twitter_misc":{"Escrito por":"Comunica\u00e7\u00e3o PSOL","Est. tempo de leitura":"2 minutos"},"schema":{"@context":"https:\/\/schema.org","@graph":[{"@type":"Article","@id":"https:\/\/psol50.org.br\/extrema-direita-boicota-projeto-de-marielle-franco-em-apoio-a-mulheres-vitimas-de-violencia-na-camara-do-rio\/#article","isPartOf":{"@id":"https:\/\/psol50.org.br\/extrema-direita-boicota-projeto-de-marielle-franco-em-apoio-a-mulheres-vitimas-de-violencia-na-camara-do-rio\/"},"author":{"name":"Comunica\u00e7\u00e3o PSOL","@id":"https:\/\/psol50.org.br\/#\/schema\/person\/475dfa57d0b815993c714c2e96491fcd"},"headline":"Extrema-direita boicota projeto de Marielle Franco em apoio a mulheres v\u00edtimas de viol\u00eancia na C\u00e2mara do Rio","datePublished":"2023-03-31T14:40:59+00:00","dateModified":"2023-03-31T14:58:41+00:00","mainEntityOfPage":{"@id":"https:\/\/psol50.org.br\/extrema-direita-boicota-projeto-de-marielle-franco-em-apoio-a-mulheres-vitimas-de-violencia-na-camara-do-rio\/"},"wordCount":359,"commentCount":0,"publisher":{"@id":"https:\/\/psol50.org.br\/#organization"},"image":{"@id":"https:\/\/psol50.org.br\/extrema-direita-boicota-projeto-de-marielle-franco-em-apoio-a-mulheres-vitimas-de-violencia-na-camara-do-rio\/#primaryimage"},"thumbnailUrl":"https:\/\/psol50.org.br\/inc\/uploads\/2019\/03\/marielle-franco.jpg","keywords":["Not\u00edcias"],"articleSection":["Estados"],"inLanguage":"pt-BR","potentialAction":[{"@type":"CommentAction","name":"Comment","target":["https:\/\/psol50.org.br\/extrema-direita-boicota-projeto-de-marielle-franco-em-apoio-a-mulheres-vitimas-de-violencia-na-camara-do-rio\/#respond"]}]},{"@type":"WebPage","@id":"https:\/\/psol50.org.br\/extrema-direita-boicota-projeto-de-marielle-franco-em-apoio-a-mulheres-vitimas-de-violencia-na-camara-do-rio\/","url":"https:\/\/psol50.org.br\/extrema-direita-boicota-projeto-de-marielle-franco-em-apoio-a-mulheres-vitimas-de-violencia-na-camara-do-rio\/","name":"Extrema-direita boicota projeto de Marielle Franco em apoio a mulheres v\u00edtimas de viol\u00eancia na C\u00e2mara do Rio","isPartOf":{"@id":"https:\/\/psol50.org.br\/#website"},"primaryImageOfPage":{"@id":"https:\/\/psol50.org.br\/extrema-direita-boicota-projeto-de-marielle-franco-em-apoio-a-mulheres-vitimas-de-violencia-na-camara-do-rio\/#primaryimage"},"image":{"@id":"https:\/\/psol50.org.br\/extrema-direita-boicota-projeto-de-marielle-franco-em-apoio-a-mulheres-vitimas-de-violencia-na-camara-do-rio\/#primaryimage"},"thumbnailUrl":"https:\/\/psol50.org.br\/inc\/uploads\/2019\/03\/marielle-franco.jpg","datePublished":"2023-03-31T14:40:59+00:00","dateModified":"2023-03-31T14:58:41+00:00","description":"Vereadores conservadores descaracterizaram o projeto, que deveria informar \u00e0s mulheres seus direitos garantidos por lei.","breadcrumb":{"@id":"https:\/\/psol50.org.br\/extrema-direita-boicota-projeto-de-marielle-franco-em-apoio-a-mulheres-vitimas-de-violencia-na-camara-do-rio\/#breadcrumb"},"inLanguage":"pt-BR","potentialAction":[{"@type":"ReadAction","target":["https:\/\/psol50.org.br\/extrema-direita-boicota-projeto-de-marielle-franco-em-apoio-a-mulheres-vitimas-de-violencia-na-camara-do-rio\/"]}]},{"@type":"ImageObject","inLanguage":"pt-BR","@id":"https:\/\/psol50.org.br\/extrema-direita-boicota-projeto-de-marielle-franco-em-apoio-a-mulheres-vitimas-de-violencia-na-camara-do-rio\/#primaryimage","url":"https:\/\/psol50.org.br\/inc\/uploads\/2019\/03\/marielle-franco.jpg","contentUrl":"https:\/\/psol50.org.br\/inc\/uploads\/2019\/03\/marielle-franco.jpg","width":1170,"height":780,"caption":""},{"@type":"BreadcrumbList","@id":"https:\/\/psol50.org.br\/extrema-direita-boicota-projeto-de-marielle-franco-em-apoio-a-mulheres-vitimas-de-violencia-na-camara-do-rio\/#breadcrumb","itemListElement":[{"@type":"ListItem","position":1,"name":"In\u00edcio","item":"https:\/\/psol50.org.br\/"},{"@type":"ListItem","position":2,"name":"Extrema-direita boicota projeto de Marielle Franco em apoio a mulheres v\u00edtimas de viol\u00eancia na C\u00e2mara do Rio"}]},{"@type":"WebSite","@id":"https:\/\/psol50.org.br\/#website","url":"https:\/\/psol50.org.br\/","name":"PSOL 50","description":"Site oficial do Partido Socialismo e Liberdade","publisher":{"@id":"https:\/\/psol50.org.br\/#organization"},"alternateName":"PSOL50","potentialAction":[{"@type":"SearchAction","target":{"@type":"EntryPoint","urlTemplate":"https:\/\/psol50.org.br\/?s={search_term_string}"},"query-input":{"@type":"PropertyValueSpecification","valueRequired":true,"valueName":"search_term_string"}}],"inLanguage":"pt-BR"},{"@type":"Organization","@id":"https:\/\/psol50.org.br\/#organization","name":"PSOL 50","alternateName":"PSOL 50","url":"https:\/\/psol50.org.br\/","logo":{"@type":"ImageObject","inLanguage":"pt-BR","@id":"https:\/\/psol50.org.br\/#\/schema\/logo\/image\/","url":"https:\/\/psol50.org.br\/inc\/uploads\/2018\/07\/capa.png","contentUrl":"https:\/\/psol50.org.br\/inc\/uploads\/2018\/07\/capa.png","width":1350,"height":900,"caption":"PSOL 50"},"image":{"@id":"https:\/\/psol50.org.br\/#\/schema\/logo\/image\/"},"sameAs":["https:\/\/www.facebook.com\/psol50","https:\/\/x.com\/psol50","https:\/\/www.instagram.com\/psol50\/","https:\/\/www.youtube.com\/channel\/UC7SnJS5o1os7a6CaiNabzcg"]},{"@type":"Person","@id":"https:\/\/psol50.org.br\/#\/schema\/person\/475dfa57d0b815993c714c2e96491fcd","name":"Comunica\u00e7\u00e3o PSOL","image":{"@type":"ImageObject","inLanguage":"pt-BR","@id":"https:\/\/psol50.org.br\/#\/schema\/person\/image\/","url":"https:\/\/secure.gravatar.com\/avatar\/b34fc4f4e468a4e51785917065a3db57b841f5c95dba6ad8c73aaf8f66f8f9bf?s=96&d=mm&r=g","contentUrl":"https:\/\/secure.gravatar.com\/avatar\/b34fc4f4e468a4e51785917065a3db57b841f5c95dba6ad8c73aaf8f66f8f9bf?s=96&d=mm&r=g","caption":"Comunica\u00e7\u00e3o PSOL"}}]}},"_links":{"self":[{"href":"https:\/\/psol50.org.br\/rest\/wp\/v2\/posts\/37353","targetHints":{"allow":["GET"]}}],"collection":[{"href":"https:\/\/psol50.org.br\/rest\/wp\/v2\/posts"}],"about":[{"href":"https:\/\/psol50.org.br\/rest\/wp\/v2\/types\/post"}],"author":[{"embeddable":true,"href":"https:\/\/psol50.org.br\/rest\/wp\/v2\/users\/2"}],"replies":[{"embeddable":true,"href":"https:\/\/psol50.org.br\/rest\/wp\/v2\/comments?post=37353"}],"version-history":[{"count":3,"href":"https:\/\/psol50.org.br\/rest\/wp\/v2\/posts\/37353\/revisions"}],"predecessor-version":[{"id":37361,"href":"https:\/\/psol50.org.br\/rest\/wp\/v2\/posts\/37353\/revisions\/37361"}],"wp:featuredmedia":[{"embeddable":true,"href":"https:\/\/psol50.org.br\/rest\/wp\/v2\/media\/24550"}],"wp:attachment":[{"href":"https:\/\/psol50.org.br\/rest\/wp\/v2\/media?parent=37353"}],"wp:term":[{"taxonomy":"category","embeddable":true,"href":"https:\/\/psol50.org.br\/rest\/wp\/v2\/categories?post=37353"},{"taxonomy":"post_tag","embeddable":true,"href":"https:\/\/psol50.org.br\/rest\/wp\/v2\/tags?post=37353"}],"curies":[{"name":"wp","href":"https:\/\/api.w.org\/{rel}","templated":true}]}}