{"id":37356,"date":"2023-03-31T11:56:21","date_gmt":"2023-03-31T14:56:21","guid":{"rendered":"https:\/\/psol50.org.br\/?p=37356"},"modified":"2023-04-05T15:46:21","modified_gmt":"2023-04-05T18:46:21","slug":"apos-pedido-do-psol-governo-lula-enterra-projeto-de-bolsonaro-que-legalizava-mineracao-em-terras-indigenas","status":"publish","type":"post","link":"https:\/\/psol50.org.br\/apos-pedido-do-psol-governo-lula-enterra-projeto-de-bolsonaro-que-legalizava-mineracao-em-terras-indigenas\/","title":{"rendered":"Ap\u00f3s pedido do PSOL, governo Lula enterra projeto de Bolsonaro que legalizava minera\u00e7\u00e3o em terras ind\u00edgenas"},"content":{"rendered":"<p>O governo de Luiz In\u00e1cio Lula da Silva publicou nesta sexta-feira (31) uma mensagem ao Congresso Nacional para que seja retirado de tramita\u00e7\u00e3o o projeto de lei 191\/2020, de autoria do governo federal na gest\u00e3o de Jair Bolsonaro, que legalizava minera\u00e7\u00e3o, garimpo e grandes empreendimentos hidrel\u00e9tricos em terras ind\u00edgenas.<\/p>\n<p>A <strong><a href=\"https:\/\/psol50.org.br\/psol-pede-que-governo-lula-retire-projeto-da-gestao-bolsonaro-que-legaliza-garimpo-em-terras-indigenas\/\" target=\"_blank\" rel=\"noopener\">bancada do PSOL na C\u00e2mara enviou no m\u00eas passado um pedido ao governo Lula<\/a><\/strong> para que retirasse de tramita\u00e7\u00e3o o projeto que causou muita rea\u00e7\u00e3o da sociedade civil organizada e dos \u00f3rg\u00e3os de prote\u00e7\u00e3o ao meio ambiente e aos povos ind\u00edgenas por tentar atropelar diversos direitos dos povos ind\u00edgenas.<\/p>\n<p>Segundo o artigo 104 do Regimento Interno da C\u00e2mara dos Deputados, o autor, no caso o governo, pode requerer a exclus\u00e3o do projeto em qualquer fase do seu andamento, mesmo j\u00e1 tendo tido sua urg\u00eancia aprovada, cabendo \u00e0 Presid\u00eancia da C\u00e2mara deferir ou n\u00e3o. O Minist\u00e9rio P\u00fablico Federal (MPF) j\u00e1 se manifestou duas vezes contra o projeto, denunciando a sua inconstitucionalidade.<\/p>\n<p>A aprova\u00e7\u00e3o da urg\u00eancia para an\u00e1lise do texto na C\u00e2mara foi em mar\u00e7o de 2022. Na pr\u00e1tica, a medida aceleraria a tramita\u00e7\u00e3o do projeto, j\u00e1 que assim ele pode ser votado diretamente no plen\u00e1rio da Casa, sem passar pelas comiss\u00f5es tem\u00e1ticas.<\/p>\n<p>&#8220;\u00c9 tempo de frear a boiada, a minera\u00e7\u00e3o, o garimpo, o desmatamento e toda a destrui\u00e7\u00e3o. O reflorestar passa por cada uma dessas vit\u00f3rias&#8221;, disse a deputada ind\u00edgena do PSOL C\u00e9lia Xakriab\u00e1, que atuou diretamente ao lado da ministra dos Povos Ind\u00edgenas, Sonia Guajajara, tamb\u00e9m do PSOL, para que o governo retirasse o projeto de tramita\u00e7\u00e3o.<\/p>\n<blockquote class=\"instagram-media\" style=\"background: #FFF; border: 0; border-radius: 3px; box-shadow: 0 0 1px 0 rgba(0,0,0,0.5),0 1px 10px 0 rgba(0,0,0,0.15); margin: 1px; max-width: 540px; min-width: 326px; padding: 0; width: calc(100% - 2px);\" data-instgrm-captioned=\"\" data-instgrm-permalink=\"https:\/\/www.instagram.com\/p\/CqdBjAMuvnQ\/?utm_source=ig_embed&amp;utm_campaign=loading\" data-instgrm-version=\"14\">\n<div style=\"padding: 16px;\">\n<p>&nbsp;<\/p>\n<div style=\"display: flex; flex-direction: row; align-items: center;\">\n<div style=\"background-color: #f4f4f4; border-radius: 50%; flex-grow: 0; height: 40px; margin-right: 14px; width: 40px;\"><\/div>\n<div style=\"display: flex; flex-direction: column; flex-grow: 1; justify-content: center;\">\n<div style=\"background-color: #f4f4f4; border-radius: 4px; flex-grow: 0; height: 14px; margin-bottom: 6px; width: 100px;\"><\/div>\n<div style=\"background-color: #f4f4f4; border-radius: 4px; flex-grow: 0; height: 14px; width: 60px;\"><\/div>\n<\/div>\n<\/div>\n<div style=\"padding: 19% 0;\"><\/div>\n<div style=\"display: block; height: 50px; margin: 0 auto 12px; width: 50px;\"><\/div>\n<div style=\"padding-top: 8px;\">\n<div style=\"color: #3897f0; font-family: Arial,sans-serif; font-size: 14px; font-style: normal; font-weight: 550; line-height: 18px;\">Ver essa foto no Instagram<\/div>\n<\/div>\n<div style=\"padding: 12.5% 0;\"><\/div>\n<div style=\"display: flex; flex-direction: row; margin-bottom: 14px; align-items: center;\">\n<div>\n<div style=\"background-color: #f4f4f4; border-radius: 50%; height: 12.5px; width: 12.5px; transform: translateX(0px) translateY(7px);\"><\/div>\n<div style=\"background-color: #f4f4f4; height: 12.5px; transform: rotate(-45deg) translateX(3px) translateY(1px); width: 12.5px; flex-grow: 0; margin-right: 14px; margin-left: 2px;\"><\/div>\n<div style=\"background-color: #f4f4f4; border-radius: 50%; height: 12.5px; width: 12.5px; transform: translateX(9px) translateY(-18px);\"><\/div>\n<\/div>\n<div style=\"margin-left: 8px;\">\n<div style=\"background-color: #f4f4f4; border-radius: 50%; flex-grow: 0; height: 20px; width: 20px;\"><\/div>\n<div style=\"width: 0; height: 0; border-top: 2px solid transparent; border-left: 6px solid #f4f4f4; border-bottom: 2px solid transparent; transform: translateX(16px) translateY(-4px) rotate(30deg);\"><\/div>\n<\/div>\n<div style=\"margin-left: auto;\">\n<div style=\"width: 0px; border-top: 8px solid #F4F4F4; border-right: 8px solid transparent; transform: translateY(16px);\"><\/div>\n<div style=\"background-color: #f4f4f4; flex-grow: 0; height: 12px; width: 16px; transform: translateY(-4px);\"><\/div>\n<div style=\"width: 0; height: 0; border-top: 8px solid #F4F4F4; border-left: 8px solid transparent; transform: translateY(-4px) translateX(8px);\"><\/div>\n<\/div>\n<\/div>\n<div style=\"display: flex; flex-direction: column; flex-grow: 1; justify-content: center; margin-bottom: 24px;\">\n<div style=\"background-color: #f4f4f4; border-radius: 4px; flex-grow: 0; height: 14px; margin-bottom: 6px; width: 224px;\"><\/div>\n<div style=\"background-color: #f4f4f4; border-radius: 4px; flex-grow: 0; height: 14px; width: 144px;\"><\/div>\n<\/div>\n<p>&nbsp;<\/p>\n<p style=\"color: #c9c8cd; font-family: Arial,sans-serif; font-size: 14px; line-height: 17px; margin-bottom: 0; margin-top: 8px; overflow: hidden; padding: 8px 0 7px; text-align: center; text-overflow: ellipsis; white-space: nowrap;\"><a style=\"color: #c9c8cd; font-family: Arial,sans-serif; font-size: 14px; font-style: normal; font-weight: normal; line-height: 17px; text-decoration: none;\" href=\"https:\/\/www.instagram.com\/p\/CqdBjAMuvnQ\/?utm_source=ig_embed&amp;utm_campaign=loading\" target=\"_blank\" rel=\"noopener\">Uma publica\u00e7\u00e3o compartilhada por Ce\u0301lia Xakriaba\u0301 (@celia.xakriaba)<\/a><\/p>\n<\/div>\n<\/blockquote>\n<p><script async src=\"\/\/www.instagram.com\/embed.js\"><\/script><\/p>\n","protected":false},"excerpt":{"rendered":"<p>O governo de Luiz In\u00e1cio Lula da Silva publicou nesta sexta-feira (31) uma mensagem ao Congresso Nacional para que seja retirado de tramita\u00e7\u00e3o o projeto de lei 191\/2020, de autoria do governo federal na gest\u00e3o de Jair Bolsonaro, que legalizava minera\u00e7\u00e3o, garimpo e grandes empreendimentos hidrel\u00e9tricos em terras ind\u00edgenas. A bancada do PSOL na C\u00e2mara [&hellip;]<\/p>\n","protected":false},"author":2,"featured_media":25580,"comment_status":"open","ping_status":"open","sticky":false,"template":"","format":"standard","meta":{"_acf_changed":false,"footnotes":""},"categories":[10],"tags":[4825],"class_list":{"0":"post-37356","1":"post","2":"type-post","3":"status-publish","4":"format-standard","5":"has-post-thumbnail","7":"category-acao-parlamentares","8":"tag-noticias"},"acf":[],"yoast_head":"<!-- This site is optimized with the Yoast SEO plugin v26.5 - https:\/\/yoast.com\/wordpress\/plugins\/seo\/ -->\n<title>Ap\u00f3s pedido do PSOL, governo Lula enterra projeto de Bolsonaro que legalizava minera\u00e7\u00e3o em terras ind\u00edgenas<\/title>\n<meta name=\"description\" content=\"O Projeto de Lei 191\/2020 regularizava minera\u00e7\u00e3o, garimpo e grandes empreendimentos hidrel\u00e9tricos em terras ind\u00edgenas.\" \/>\n<meta name=\"robots\" content=\"index, follow, max-snippet:-1, max-image-preview:large, max-video-preview:-1\" \/>\n<link rel=\"canonical\" href=\"https:\/\/psol50.org.br\/apos-pedido-do-psol-governo-lula-enterra-projeto-de-bolsonaro-que-legalizava-mineracao-em-terras-indigenas\/\" \/>\n<meta property=\"og:locale\" content=\"pt_BR\" \/>\n<meta property=\"og:type\" content=\"article\" \/>\n<meta property=\"og:title\" content=\"Ap\u00f3s pedido do PSOL, governo Lula enterra projeto de Bolsonaro que legalizava minera\u00e7\u00e3o em terras ind\u00edgenas\" \/>\n<meta property=\"og:description\" content=\"O Projeto de Lei 191\/2020 regularizava minera\u00e7\u00e3o, garimpo e grandes empreendimentos hidrel\u00e9tricos em terras ind\u00edgenas.\" \/>\n<meta property=\"og:url\" content=\"https:\/\/psol50.org.br\/apos-pedido-do-psol-governo-lula-enterra-projeto-de-bolsonaro-que-legalizava-mineracao-em-terras-indigenas\/\" \/>\n<meta property=\"og:site_name\" content=\"PSOL 50\" \/>\n<meta property=\"article:publisher\" content=\"https:\/\/www.facebook.com\/psol50\" \/>\n<meta property=\"article:published_time\" content=\"2023-03-31T14:56:21+00:00\" \/>\n<meta property=\"article:modified_time\" content=\"2023-04-05T18:46:21+00:00\" \/>\n<meta property=\"og:image\" content=\"https:\/\/psol50.org.br\/inc\/uploads\/2019\/06\/indigenas-protesto-brasilia-constituicao-750x410-1.jpg\" \/>\n\t<meta property=\"og:image:width\" content=\"750\" \/>\n\t<meta property=\"og:image:height\" content=\"410\" \/>\n\t<meta property=\"og:image:type\" content=\"image\/jpeg\" \/>\n<meta name=\"author\" content=\"Comunica\u00e7\u00e3o PSOL\" \/>\n<meta name=\"twitter:card\" content=\"summary_large_image\" \/>\n<meta name=\"twitter:creator\" content=\"@psol50\" \/>\n<meta name=\"twitter:site\" content=\"@psol50\" \/>\n<meta name=\"twitter:label1\" content=\"Escrito por\" \/>\n\t<meta name=\"twitter:data1\" content=\"Comunica\u00e7\u00e3o PSOL\" \/>\n\t<meta name=\"twitter:label2\" content=\"Est. tempo de leitura\" \/>\n\t<meta name=\"twitter:data2\" content=\"2 minutos\" \/>\n<script type=\"application\/ld+json\" class=\"yoast-schema-graph\">{\"@context\":\"https:\/\/schema.org\",\"@graph\":[{\"@type\":\"Article\",\"@id\":\"https:\/\/psol50.org.br\/apos-pedido-do-psol-governo-lula-enterra-projeto-de-bolsonaro-que-legalizava-mineracao-em-terras-indigenas\/#article\",\"isPartOf\":{\"@id\":\"https:\/\/psol50.org.br\/apos-pedido-do-psol-governo-lula-enterra-projeto-de-bolsonaro-que-legalizava-mineracao-em-terras-indigenas\/\"},\"author\":{\"name\":\"Comunica\u00e7\u00e3o PSOL\",\"@id\":\"https:\/\/psol50.org.br\/#\/schema\/person\/475dfa57d0b815993c714c2e96491fcd\"},\"headline\":\"Ap\u00f3s pedido do PSOL, governo Lula enterra projeto de Bolsonaro que legalizava minera\u00e7\u00e3o em terras ind\u00edgenas\",\"datePublished\":\"2023-03-31T14:56:21+00:00\",\"dateModified\":\"2023-04-05T18:46:21+00:00\",\"mainEntityOfPage\":{\"@id\":\"https:\/\/psol50.org.br\/apos-pedido-do-psol-governo-lula-enterra-projeto-de-bolsonaro-que-legalizava-mineracao-em-terras-indigenas\/\"},\"wordCount\":327,\"commentCount\":0,\"publisher\":{\"@id\":\"https:\/\/psol50.org.br\/#organization\"},\"image\":{\"@id\":\"https:\/\/psol50.org.br\/apos-pedido-do-psol-governo-lula-enterra-projeto-de-bolsonaro-que-legalizava-mineracao-em-terras-indigenas\/#primaryimage\"},\"thumbnailUrl\":\"https:\/\/psol50.org.br\/inc\/uploads\/2019\/06\/indigenas-protesto-brasilia-constituicao-750x410-1.jpg\",\"keywords\":[\"Not\u00edcias\"],\"articleSection\":[\"A\u00e7\u00e3o Parlamentar\"],\"inLanguage\":\"pt-BR\",\"potentialAction\":[{\"@type\":\"CommentAction\",\"name\":\"Comment\",\"target\":[\"https:\/\/psol50.org.br\/apos-pedido-do-psol-governo-lula-enterra-projeto-de-bolsonaro-que-legalizava-mineracao-em-terras-indigenas\/#respond\"]}]},{\"@type\":\"WebPage\",\"@id\":\"https:\/\/psol50.org.br\/apos-pedido-do-psol-governo-lula-enterra-projeto-de-bolsonaro-que-legalizava-mineracao-em-terras-indigenas\/\",\"url\":\"https:\/\/psol50.org.br\/apos-pedido-do-psol-governo-lula-enterra-projeto-de-bolsonaro-que-legalizava-mineracao-em-terras-indigenas\/\",\"name\":\"Ap\u00f3s pedido do PSOL, governo Lula enterra projeto de Bolsonaro que legalizava minera\u00e7\u00e3o em terras ind\u00edgenas\",\"isPartOf\":{\"@id\":\"https:\/\/psol50.org.br\/#website\"},\"primaryImageOfPage\":{\"@id\":\"https:\/\/psol50.org.br\/apos-pedido-do-psol-governo-lula-enterra-projeto-de-bolsonaro-que-legalizava-mineracao-em-terras-indigenas\/#primaryimage\"},\"image\":{\"@id\":\"https:\/\/psol50.org.br\/apos-pedido-do-psol-governo-lula-enterra-projeto-de-bolsonaro-que-legalizava-mineracao-em-terras-indigenas\/#primaryimage\"},\"thumbnailUrl\":\"https:\/\/psol50.org.br\/inc\/uploads\/2019\/06\/indigenas-protesto-brasilia-constituicao-750x410-1.jpg\",\"datePublished\":\"2023-03-31T14:56:21+00:00\",\"dateModified\":\"2023-04-05T18:46:21+00:00\",\"description\":\"O Projeto de Lei 191\/2020 regularizava minera\u00e7\u00e3o, garimpo e grandes empreendimentos hidrel\u00e9tricos em terras ind\u00edgenas.\",\"breadcrumb\":{\"@id\":\"https:\/\/psol50.org.br\/apos-pedido-do-psol-governo-lula-enterra-projeto-de-bolsonaro-que-legalizava-mineracao-em-terras-indigenas\/#breadcrumb\"},\"inLanguage\":\"pt-BR\",\"potentialAction\":[{\"@type\":\"ReadAction\",\"target\":[\"https:\/\/psol50.org.br\/apos-pedido-do-psol-governo-lula-enterra-projeto-de-bolsonaro-que-legalizava-mineracao-em-terras-indigenas\/\"]}]},{\"@type\":\"ImageObject\",\"inLanguage\":\"pt-BR\",\"@id\":\"https:\/\/psol50.org.br\/apos-pedido-do-psol-governo-lula-enterra-projeto-de-bolsonaro-que-legalizava-mineracao-em-terras-indigenas\/#primaryimage\",\"url\":\"https:\/\/psol50.org.br\/inc\/uploads\/2019\/06\/indigenas-protesto-brasilia-constituicao-750x410-1.jpg\",\"contentUrl\":\"https:\/\/psol50.org.br\/inc\/uploads\/2019\/06\/indigenas-protesto-brasilia-constituicao-750x410-1.jpg\",\"width\":750,\"height\":410},{\"@type\":\"BreadcrumbList\",\"@id\":\"https:\/\/psol50.org.br\/apos-pedido-do-psol-governo-lula-enterra-projeto-de-bolsonaro-que-legalizava-mineracao-em-terras-indigenas\/#breadcrumb\",\"itemListElement\":[{\"@type\":\"ListItem\",\"position\":1,\"name\":\"In\u00edcio\",\"item\":\"https:\/\/psol50.org.br\/\"},{\"@type\":\"ListItem\",\"position\":2,\"name\":\"Ap\u00f3s pedido do PSOL, governo Lula enterra projeto de Bolsonaro que legalizava minera\u00e7\u00e3o em terras ind\u00edgenas\"}]},{\"@type\":\"WebSite\",\"@id\":\"https:\/\/psol50.org.br\/#website\",\"url\":\"https:\/\/psol50.org.br\/\",\"name\":\"PSOL 50\",\"description\":\"Site oficial do Partido Socialismo e Liberdade\",\"publisher\":{\"@id\":\"https:\/\/psol50.org.br\/#organization\"},\"alternateName\":\"PSOL50\",\"potentialAction\":[{\"@type\":\"SearchAction\",\"target\":{\"@type\":\"EntryPoint\",\"urlTemplate\":\"https:\/\/psol50.org.br\/?s={search_term_string}\"},\"query-input\":{\"@type\":\"PropertyValueSpecification\",\"valueRequired\":true,\"valueName\":\"search_term_string\"}}],\"inLanguage\":\"pt-BR\"},{\"@type\":\"Organization\",\"@id\":\"https:\/\/psol50.org.br\/#organization\",\"name\":\"PSOL 50\",\"alternateName\":\"PSOL 50\",\"url\":\"https:\/\/psol50.org.br\/\",\"logo\":{\"@type\":\"ImageObject\",\"inLanguage\":\"pt-BR\",\"@id\":\"https:\/\/psol50.org.br\/#\/schema\/logo\/image\/\",\"url\":\"https:\/\/psol50.org.br\/inc\/uploads\/2018\/07\/capa.png\",\"contentUrl\":\"https:\/\/psol50.org.br\/inc\/uploads\/2018\/07\/capa.png\",\"width\":1350,\"height\":900,\"caption\":\"PSOL 50\"},\"image\":{\"@id\":\"https:\/\/psol50.org.br\/#\/schema\/logo\/image\/\"},\"sameAs\":[\"https:\/\/www.facebook.com\/psol50\",\"https:\/\/x.com\/psol50\",\"https:\/\/www.instagram.com\/psol50\/\",\"https:\/\/www.youtube.com\/channel\/UC7SnJS5o1os7a6CaiNabzcg\"]},{\"@type\":\"Person\",\"@id\":\"https:\/\/psol50.org.br\/#\/schema\/person\/475dfa57d0b815993c714c2e96491fcd\",\"name\":\"Comunica\u00e7\u00e3o PSOL\",\"image\":{\"@type\":\"ImageObject\",\"inLanguage\":\"pt-BR\",\"@id\":\"https:\/\/psol50.org.br\/#\/schema\/person\/image\/\",\"url\":\"https:\/\/secure.gravatar.com\/avatar\/b34fc4f4e468a4e51785917065a3db57b841f5c95dba6ad8c73aaf8f66f8f9bf?s=96&d=mm&r=g\",\"contentUrl\":\"https:\/\/secure.gravatar.com\/avatar\/b34fc4f4e468a4e51785917065a3db57b841f5c95dba6ad8c73aaf8f66f8f9bf?s=96&d=mm&r=g\",\"caption\":\"Comunica\u00e7\u00e3o PSOL\"}}]}<\/script>\n<!-- \/ Yoast SEO plugin. -->","yoast_head_json":{"title":"Ap\u00f3s pedido do PSOL, governo Lula enterra projeto de Bolsonaro que legalizava minera\u00e7\u00e3o em terras ind\u00edgenas","description":"O Projeto de Lei 191\/2020 regularizava minera\u00e7\u00e3o, garimpo e grandes empreendimentos hidrel\u00e9tricos em terras ind\u00edgenas.","robots":{"index":"index","follow":"follow","max-snippet":"max-snippet:-1","max-image-preview":"max-image-preview:large","max-video-preview":"max-video-preview:-1"},"canonical":"https:\/\/psol50.org.br\/apos-pedido-do-psol-governo-lula-enterra-projeto-de-bolsonaro-que-legalizava-mineracao-em-terras-indigenas\/","og_locale":"pt_BR","og_type":"article","og_title":"Ap\u00f3s pedido do PSOL, governo Lula enterra projeto de Bolsonaro que legalizava minera\u00e7\u00e3o em terras ind\u00edgenas","og_description":"O Projeto de Lei 191\/2020 regularizava minera\u00e7\u00e3o, garimpo e grandes empreendimentos hidrel\u00e9tricos em terras ind\u00edgenas.","og_url":"https:\/\/psol50.org.br\/apos-pedido-do-psol-governo-lula-enterra-projeto-de-bolsonaro-que-legalizava-mineracao-em-terras-indigenas\/","og_site_name":"PSOL 50","article_publisher":"https:\/\/www.facebook.com\/psol50","article_published_time":"2023-03-31T14:56:21+00:00","article_modified_time":"2023-04-05T18:46:21+00:00","og_image":[{"width":750,"height":410,"url":"https:\/\/psol50.org.br\/inc\/uploads\/2019\/06\/indigenas-protesto-brasilia-constituicao-750x410-1.jpg","type":"image\/jpeg"}],"author":"Comunica\u00e7\u00e3o PSOL","twitter_card":"summary_large_image","twitter_creator":"@psol50","twitter_site":"@psol50","twitter_misc":{"Escrito por":"Comunica\u00e7\u00e3o PSOL","Est. tempo de leitura":"2 minutos"},"schema":{"@context":"https:\/\/schema.org","@graph":[{"@type":"Article","@id":"https:\/\/psol50.org.br\/apos-pedido-do-psol-governo-lula-enterra-projeto-de-bolsonaro-que-legalizava-mineracao-em-terras-indigenas\/#article","isPartOf":{"@id":"https:\/\/psol50.org.br\/apos-pedido-do-psol-governo-lula-enterra-projeto-de-bolsonaro-que-legalizava-mineracao-em-terras-indigenas\/"},"author":{"name":"Comunica\u00e7\u00e3o PSOL","@id":"https:\/\/psol50.org.br\/#\/schema\/person\/475dfa57d0b815993c714c2e96491fcd"},"headline":"Ap\u00f3s pedido do PSOL, governo Lula enterra projeto de Bolsonaro que legalizava minera\u00e7\u00e3o em terras ind\u00edgenas","datePublished":"2023-03-31T14:56:21+00:00","dateModified":"2023-04-05T18:46:21+00:00","mainEntityOfPage":{"@id":"https:\/\/psol50.org.br\/apos-pedido-do-psol-governo-lula-enterra-projeto-de-bolsonaro-que-legalizava-mineracao-em-terras-indigenas\/"},"wordCount":327,"commentCount":0,"publisher":{"@id":"https:\/\/psol50.org.br\/#organization"},"image":{"@id":"https:\/\/psol50.org.br\/apos-pedido-do-psol-governo-lula-enterra-projeto-de-bolsonaro-que-legalizava-mineracao-em-terras-indigenas\/#primaryimage"},"thumbnailUrl":"https:\/\/psol50.org.br\/inc\/uploads\/2019\/06\/indigenas-protesto-brasilia-constituicao-750x410-1.jpg","keywords":["Not\u00edcias"],"articleSection":["A\u00e7\u00e3o Parlamentar"],"inLanguage":"pt-BR","potentialAction":[{"@type":"CommentAction","name":"Comment","target":["https:\/\/psol50.org.br\/apos-pedido-do-psol-governo-lula-enterra-projeto-de-bolsonaro-que-legalizava-mineracao-em-terras-indigenas\/#respond"]}]},{"@type":"WebPage","@id":"https:\/\/psol50.org.br\/apos-pedido-do-psol-governo-lula-enterra-projeto-de-bolsonaro-que-legalizava-mineracao-em-terras-indigenas\/","url":"https:\/\/psol50.org.br\/apos-pedido-do-psol-governo-lula-enterra-projeto-de-bolsonaro-que-legalizava-mineracao-em-terras-indigenas\/","name":"Ap\u00f3s pedido do PSOL, governo Lula enterra projeto de Bolsonaro que legalizava minera\u00e7\u00e3o em terras ind\u00edgenas","isPartOf":{"@id":"https:\/\/psol50.org.br\/#website"},"primaryImageOfPage":{"@id":"https:\/\/psol50.org.br\/apos-pedido-do-psol-governo-lula-enterra-projeto-de-bolsonaro-que-legalizava-mineracao-em-terras-indigenas\/#primaryimage"},"image":{"@id":"https:\/\/psol50.org.br\/apos-pedido-do-psol-governo-lula-enterra-projeto-de-bolsonaro-que-legalizava-mineracao-em-terras-indigenas\/#primaryimage"},"thumbnailUrl":"https:\/\/psol50.org.br\/inc\/uploads\/2019\/06\/indigenas-protesto-brasilia-constituicao-750x410-1.jpg","datePublished":"2023-03-31T14:56:21+00:00","dateModified":"2023-04-05T18:46:21+00:00","description":"O Projeto de Lei 191\/2020 regularizava minera\u00e7\u00e3o, garimpo e grandes empreendimentos hidrel\u00e9tricos em terras ind\u00edgenas.","breadcrumb":{"@id":"https:\/\/psol50.org.br\/apos-pedido-do-psol-governo-lula-enterra-projeto-de-bolsonaro-que-legalizava-mineracao-em-terras-indigenas\/#breadcrumb"},"inLanguage":"pt-BR","potentialAction":[{"@type":"ReadAction","target":["https:\/\/psol50.org.br\/apos-pedido-do-psol-governo-lula-enterra-projeto-de-bolsonaro-que-legalizava-mineracao-em-terras-indigenas\/"]}]},{"@type":"ImageObject","inLanguage":"pt-BR","@id":"https:\/\/psol50.org.br\/apos-pedido-do-psol-governo-lula-enterra-projeto-de-bolsonaro-que-legalizava-mineracao-em-terras-indigenas\/#primaryimage","url":"https:\/\/psol50.org.br\/inc\/uploads\/2019\/06\/indigenas-protesto-brasilia-constituicao-750x410-1.jpg","contentUrl":"https:\/\/psol50.org.br\/inc\/uploads\/2019\/06\/indigenas-protesto-brasilia-constituicao-750x410-1.jpg","width":750,"height":410},{"@type":"BreadcrumbList","@id":"https:\/\/psol50.org.br\/apos-pedido-do-psol-governo-lula-enterra-projeto-de-bolsonaro-que-legalizava-mineracao-em-terras-indigenas\/#breadcrumb","itemListElement":[{"@type":"ListItem","position":1,"name":"In\u00edcio","item":"https:\/\/psol50.org.br\/"},{"@type":"ListItem","position":2,"name":"Ap\u00f3s pedido do PSOL, governo Lula enterra projeto de Bolsonaro que legalizava minera\u00e7\u00e3o em terras ind\u00edgenas"}]},{"@type":"WebSite","@id":"https:\/\/psol50.org.br\/#website","url":"https:\/\/psol50.org.br\/","name":"PSOL 50","description":"Site oficial do Partido Socialismo e Liberdade","publisher":{"@id":"https:\/\/psol50.org.br\/#organization"},"alternateName":"PSOL50","potentialAction":[{"@type":"SearchAction","target":{"@type":"EntryPoint","urlTemplate":"https:\/\/psol50.org.br\/?s={search_term_string}"},"query-input":{"@type":"PropertyValueSpecification","valueRequired":true,"valueName":"search_term_string"}}],"inLanguage":"pt-BR"},{"@type":"Organization","@id":"https:\/\/psol50.org.br\/#organization","name":"PSOL 50","alternateName":"PSOL 50","url":"https:\/\/psol50.org.br\/","logo":{"@type":"ImageObject","inLanguage":"pt-BR","@id":"https:\/\/psol50.org.br\/#\/schema\/logo\/image\/","url":"https:\/\/psol50.org.br\/inc\/uploads\/2018\/07\/capa.png","contentUrl":"https:\/\/psol50.org.br\/inc\/uploads\/2018\/07\/capa.png","width":1350,"height":900,"caption":"PSOL 50"},"image":{"@id":"https:\/\/psol50.org.br\/#\/schema\/logo\/image\/"},"sameAs":["https:\/\/www.facebook.com\/psol50","https:\/\/x.com\/psol50","https:\/\/www.instagram.com\/psol50\/","https:\/\/www.youtube.com\/channel\/UC7SnJS5o1os7a6CaiNabzcg"]},{"@type":"Person","@id":"https:\/\/psol50.org.br\/#\/schema\/person\/475dfa57d0b815993c714c2e96491fcd","name":"Comunica\u00e7\u00e3o PSOL","image":{"@type":"ImageObject","inLanguage":"pt-BR","@id":"https:\/\/psol50.org.br\/#\/schema\/person\/image\/","url":"https:\/\/secure.gravatar.com\/avatar\/b34fc4f4e468a4e51785917065a3db57b841f5c95dba6ad8c73aaf8f66f8f9bf?s=96&d=mm&r=g","contentUrl":"https:\/\/secure.gravatar.com\/avatar\/b34fc4f4e468a4e51785917065a3db57b841f5c95dba6ad8c73aaf8f66f8f9bf?s=96&d=mm&r=g","caption":"Comunica\u00e7\u00e3o PSOL"}}]}},"_links":{"self":[{"href":"https:\/\/psol50.org.br\/rest\/wp\/v2\/posts\/37356","targetHints":{"allow":["GET"]}}],"collection":[{"href":"https:\/\/psol50.org.br\/rest\/wp\/v2\/posts"}],"about":[{"href":"https:\/\/psol50.org.br\/rest\/wp\/v2\/types\/post"}],"author":[{"embeddable":true,"href":"https:\/\/psol50.org.br\/rest\/wp\/v2\/users\/2"}],"replies":[{"embeddable":true,"href":"https:\/\/psol50.org.br\/rest\/wp\/v2\/comments?post=37356"}],"version-history":[{"count":4,"href":"https:\/\/psol50.org.br\/rest\/wp\/v2\/posts\/37356\/revisions"}],"predecessor-version":[{"id":37360,"href":"https:\/\/psol50.org.br\/rest\/wp\/v2\/posts\/37356\/revisions\/37360"}],"wp:featuredmedia":[{"embeddable":true,"href":"https:\/\/psol50.org.br\/rest\/wp\/v2\/media\/25580"}],"wp:attachment":[{"href":"https:\/\/psol50.org.br\/rest\/wp\/v2\/media?parent=37356"}],"wp:term":[{"taxonomy":"category","embeddable":true,"href":"https:\/\/psol50.org.br\/rest\/wp\/v2\/categories?post=37356"},{"taxonomy":"post_tag","embeddable":true,"href":"https:\/\/psol50.org.br\/rest\/wp\/v2\/tags?post=37356"}],"curies":[{"name":"wp","href":"https:\/\/api.w.org\/{rel}","templated":true}]}}