{"id":37394,"date":"2023-04-06T15:05:25","date_gmt":"2023-04-06T18:05:25","guid":{"rendered":"https:\/\/psol50.org.br\/?p=37394"},"modified":"2023-04-06T15:05:25","modified_gmt":"2023-04-06T18:05:25","slug":"vereadoras-do-psol-farao-parte-de-primeira-comissao-especial-de-combate-ao-racismo-na-camara-do-rio","status":"publish","type":"post","link":"https:\/\/psol50.org.br\/vereadoras-do-psol-farao-parte-de-primeira-comissao-especial-de-combate-ao-racismo-na-camara-do-rio\/","title":{"rendered":"Vereadoras do PSOL far\u00e3o parte de primeira Comiss\u00e3o Especial de Combate ao Racismo na C\u00e2mara do Rio"},"content":{"rendered":"<p>A C\u00e2mara Municipal do Rio de Janeiro (RJ) instalou na \u00faltima quarta-feira (5) a primeira Comiss\u00e3o Especial de Combate ao Racismo, que ser\u00e1 presidida pela vereadora M\u00f4nica Cunha (PSOL).<\/p>\n<p>O intuito da Comiss\u00e3o \u00e9 promover uma an\u00e1lise das pol\u00edticas p\u00fablicas j\u00e1 existentes por meio de pesquisas de dados e de campo e criar um relat\u00f3rio com propostas antirracistas, pol\u00edticas, a\u00e7\u00f5es e medidas institucionais direcionadas ao enfrentamento do preconceito, estere\u00f3tipo e discrimina\u00e7\u00e3o racial.<\/p>\n<p>A comiss\u00e3o tamb\u00e9m ter\u00e1 a participa\u00e7\u00e3o de Tha\u00eds Ferreira (PSOL) e \u00c9dson Santos (PT).<\/p>\n<p>\u201cEssa comiss\u00e3o foi pensada para estudar e combater todos os tipos de racismo. Seja estrutural, institucional ou ambiental. Precisamos entender como e se as pol\u00edticas p\u00fablicas est\u00e3o chegando a nossa popula\u00e7\u00e3o igualitariamente. N\u00f3s do bonde antirracista entendemos que a luta contra o racismo n\u00e3o \u00e9 dos pretos e sim de todos n\u00f3s.\u201d explica a vereadora M\u00f4nica Cunha.<\/p>\n<p>Para a execu\u00e7\u00e3o da metodologia da comiss\u00e3o, a equipe contar\u00e1 com a participa\u00e7\u00e3o de especialistas, acad\u00eamicos, integrantes dos movimentos negros e executores de pol\u00edticas p\u00fablicas.<\/p>\n<blockquote class=\"twitter-tweet\" data-width=\"550\" data-dnt=\"true\">\n<p lang=\"pt\" dir=\"ltr\">Instalada! Momento hist\u00f3rico pra luta antirracista no Rio. Nesta tarde foi aberta a primeira Comiss\u00e3o Especial de Combate ao Racismo da hist\u00f3ria da <a href=\"https:\/\/twitter.com\/camarario?ref_src=twsrc%5Etfw\">@camarario<\/a>. Sou a presidenta da Comiss\u00e3o e junto com a gente, minha companheira de <a href=\"https:\/\/twitter.com\/PsolCarioca50?ref_src=twsrc%5Etfw\">@PsolCarioca50<\/a> <a href=\"https:\/\/twitter.com\/southaferreira?ref_src=twsrc%5Etfw\">@southaferreira<\/a> e <a href=\"https:\/\/twitter.com\/edsonsantosrio?ref_src=twsrc%5Etfw\">@edsonsantosrio<\/a>. <a href=\"https:\/\/t.co\/HF9afodv1E\">pic.twitter.com\/HF9afodv1E<\/a><\/p>\n<p>&mdash; Monica Cunha (@monicacunhario) <a href=\"https:\/\/twitter.com\/monicacunhario\/status\/1643712080879448065?ref_src=twsrc%5Etfw\">April 5, 2023<\/a><\/p><\/blockquote>\n<p><script async src=\"https:\/\/platform.twitter.com\/widgets.js\" charset=\"utf-8\"><\/script><\/p>\n","protected":false},"excerpt":{"rendered":"<p>A C\u00e2mara Municipal do Rio de Janeiro (RJ) instalou na \u00faltima quarta-feira (5) a primeira Comiss\u00e3o Especial de Combate ao Racismo, que ser\u00e1 presidida pela vereadora M\u00f4nica Cunha (PSOL). O intuito da Comiss\u00e3o \u00e9 promover uma an\u00e1lise das pol\u00edticas p\u00fablicas j\u00e1 existentes por meio de pesquisas de dados e de campo e criar um relat\u00f3rio [&hellip;]<\/p>\n","protected":false},"author":2,"featured_media":37396,"comment_status":"open","ping_status":"open","sticky":false,"template":"","format":"standard","meta":{"_acf_changed":false,"footnotes":""},"categories":[10,654],"tags":[4825],"class_list":{"0":"post-37394","1":"post","2":"type-post","3":"status-publish","4":"format-standard","5":"has-post-thumbnail","7":"category-acao-parlamentares","8":"category-estados","9":"tag-noticias"},"acf":[],"yoast_head":"<!-- This site is optimized with the Yoast SEO plugin v26.5 - https:\/\/yoast.com\/wordpress\/plugins\/seo\/ -->\n<title>Vereadoras do PSOL far\u00e3o parte de primeira Comiss\u00e3o Especial de Combate ao Racismo na C\u00e2mara do Rio<\/title>\n<meta name=\"description\" content=\"M\u00f4nica Cunha ir\u00e1 presidir a comiss\u00e3o, que tamb\u00e9m conta com a participa\u00e7\u00e3o de Tha\u00eds Ferreira, ambas vereadoras do PSOL no Rio de Janeiro.\" \/>\n<meta name=\"robots\" content=\"index, follow, max-snippet:-1, max-image-preview:large, max-video-preview:-1\" \/>\n<link rel=\"canonical\" href=\"https:\/\/psol50.org.br\/vereadoras-do-psol-farao-parte-de-primeira-comissao-especial-de-combate-ao-racismo-na-camara-do-rio\/\" \/>\n<meta property=\"og:locale\" content=\"pt_BR\" \/>\n<meta property=\"og:type\" content=\"article\" \/>\n<meta property=\"og:title\" content=\"Vereadoras do PSOL far\u00e3o parte de primeira Comiss\u00e3o Especial de Combate ao Racismo na C\u00e2mara do Rio\" \/>\n<meta property=\"og:description\" content=\"M\u00f4nica Cunha ir\u00e1 presidir a comiss\u00e3o, que tamb\u00e9m conta com a participa\u00e7\u00e3o de Tha\u00eds Ferreira, ambas vereadoras do PSOL no Rio de Janeiro.\" \/>\n<meta property=\"og:url\" content=\"https:\/\/psol50.org.br\/vereadoras-do-psol-farao-parte-de-primeira-comissao-especial-de-combate-ao-racismo-na-camara-do-rio\/\" \/>\n<meta property=\"og:site_name\" content=\"PSOL 50\" \/>\n<meta property=\"article:publisher\" content=\"https:\/\/www.facebook.com\/psol50\" \/>\n<meta property=\"article:published_time\" content=\"2023-04-06T18:05:25+00:00\" \/>\n<meta property=\"og:image\" content=\"https:\/\/psol50.org.br\/inc\/uploads\/2023\/04\/Fs-inCbWwAUrMfk.jpeg\" \/>\n\t<meta property=\"og:image:width\" content=\"1620\" \/>\n\t<meta property=\"og:image:height\" content=\"1080\" \/>\n\t<meta property=\"og:image:type\" content=\"image\/jpeg\" \/>\n<meta name=\"author\" content=\"Comunica\u00e7\u00e3o PSOL\" \/>\n<meta name=\"twitter:card\" content=\"summary_large_image\" \/>\n<meta name=\"twitter:creator\" content=\"@psol50\" \/>\n<meta name=\"twitter:site\" content=\"@psol50\" \/>\n<meta name=\"twitter:label1\" content=\"Escrito por\" \/>\n\t<meta name=\"twitter:data1\" content=\"Comunica\u00e7\u00e3o PSOL\" \/>\n\t<meta name=\"twitter:label2\" content=\"Est. tempo de leitura\" \/>\n\t<meta name=\"twitter:data2\" content=\"1 minuto\" \/>\n<script type=\"application\/ld+json\" class=\"yoast-schema-graph\">{\"@context\":\"https:\/\/schema.org\",\"@graph\":[{\"@type\":\"Article\",\"@id\":\"https:\/\/psol50.org.br\/vereadoras-do-psol-farao-parte-de-primeira-comissao-especial-de-combate-ao-racismo-na-camara-do-rio\/#article\",\"isPartOf\":{\"@id\":\"https:\/\/psol50.org.br\/vereadoras-do-psol-farao-parte-de-primeira-comissao-especial-de-combate-ao-racismo-na-camara-do-rio\/\"},\"author\":{\"name\":\"Comunica\u00e7\u00e3o PSOL\",\"@id\":\"https:\/\/psol50.org.br\/#\/schema\/person\/475dfa57d0b815993c714c2e96491fcd\"},\"headline\":\"Vereadoras do PSOL far\u00e3o parte de primeira Comiss\u00e3o Especial de Combate ao Racismo na C\u00e2mara do Rio\",\"datePublished\":\"2023-04-06T18:05:25+00:00\",\"mainEntityOfPage\":{\"@id\":\"https:\/\/psol50.org.br\/vereadoras-do-psol-farao-parte-de-primeira-comissao-especial-de-combate-ao-racismo-na-camara-do-rio\/\"},\"wordCount\":221,\"commentCount\":0,\"publisher\":{\"@id\":\"https:\/\/psol50.org.br\/#organization\"},\"image\":{\"@id\":\"https:\/\/psol50.org.br\/vereadoras-do-psol-farao-parte-de-primeira-comissao-especial-de-combate-ao-racismo-na-camara-do-rio\/#primaryimage\"},\"thumbnailUrl\":\"https:\/\/psol50.org.br\/inc\/uploads\/2023\/04\/Fs-inCbWwAUrMfk.jpeg\",\"keywords\":[\"Not\u00edcias\"],\"articleSection\":[\"A\u00e7\u00e3o Parlamentar\",\"Estados\"],\"inLanguage\":\"pt-BR\",\"potentialAction\":[{\"@type\":\"CommentAction\",\"name\":\"Comment\",\"target\":[\"https:\/\/psol50.org.br\/vereadoras-do-psol-farao-parte-de-primeira-comissao-especial-de-combate-ao-racismo-na-camara-do-rio\/#respond\"]}]},{\"@type\":\"WebPage\",\"@id\":\"https:\/\/psol50.org.br\/vereadoras-do-psol-farao-parte-de-primeira-comissao-especial-de-combate-ao-racismo-na-camara-do-rio\/\",\"url\":\"https:\/\/psol50.org.br\/vereadoras-do-psol-farao-parte-de-primeira-comissao-especial-de-combate-ao-racismo-na-camara-do-rio\/\",\"name\":\"Vereadoras do PSOL far\u00e3o parte de primeira Comiss\u00e3o Especial de Combate ao Racismo na C\u00e2mara do Rio\",\"isPartOf\":{\"@id\":\"https:\/\/psol50.org.br\/#website\"},\"primaryImageOfPage\":{\"@id\":\"https:\/\/psol50.org.br\/vereadoras-do-psol-farao-parte-de-primeira-comissao-especial-de-combate-ao-racismo-na-camara-do-rio\/#primaryimage\"},\"image\":{\"@id\":\"https:\/\/psol50.org.br\/vereadoras-do-psol-farao-parte-de-primeira-comissao-especial-de-combate-ao-racismo-na-camara-do-rio\/#primaryimage\"},\"thumbnailUrl\":\"https:\/\/psol50.org.br\/inc\/uploads\/2023\/04\/Fs-inCbWwAUrMfk.jpeg\",\"datePublished\":\"2023-04-06T18:05:25+00:00\",\"description\":\"M\u00f4nica Cunha ir\u00e1 presidir a comiss\u00e3o, que tamb\u00e9m conta com a participa\u00e7\u00e3o de Tha\u00eds Ferreira, ambas vereadoras do PSOL no Rio de Janeiro.\",\"breadcrumb\":{\"@id\":\"https:\/\/psol50.org.br\/vereadoras-do-psol-farao-parte-de-primeira-comissao-especial-de-combate-ao-racismo-na-camara-do-rio\/#breadcrumb\"},\"inLanguage\":\"pt-BR\",\"potentialAction\":[{\"@type\":\"ReadAction\",\"target\":[\"https:\/\/psol50.org.br\/vereadoras-do-psol-farao-parte-de-primeira-comissao-especial-de-combate-ao-racismo-na-camara-do-rio\/\"]}]},{\"@type\":\"ImageObject\",\"inLanguage\":\"pt-BR\",\"@id\":\"https:\/\/psol50.org.br\/vereadoras-do-psol-farao-parte-de-primeira-comissao-especial-de-combate-ao-racismo-na-camara-do-rio\/#primaryimage\",\"url\":\"https:\/\/psol50.org.br\/inc\/uploads\/2023\/04\/Fs-inCbWwAUrMfk.jpeg\",\"contentUrl\":\"https:\/\/psol50.org.br\/inc\/uploads\/2023\/04\/Fs-inCbWwAUrMfk.jpeg\",\"width\":1620,\"height\":1080},{\"@type\":\"BreadcrumbList\",\"@id\":\"https:\/\/psol50.org.br\/vereadoras-do-psol-farao-parte-de-primeira-comissao-especial-de-combate-ao-racismo-na-camara-do-rio\/#breadcrumb\",\"itemListElement\":[{\"@type\":\"ListItem\",\"position\":1,\"name\":\"In\u00edcio\",\"item\":\"https:\/\/psol50.org.br\/\"},{\"@type\":\"ListItem\",\"position\":2,\"name\":\"Vereadoras do PSOL far\u00e3o parte de primeira Comiss\u00e3o Especial de Combate ao Racismo na C\u00e2mara do Rio\"}]},{\"@type\":\"WebSite\",\"@id\":\"https:\/\/psol50.org.br\/#website\",\"url\":\"https:\/\/psol50.org.br\/\",\"name\":\"PSOL 50\",\"description\":\"Site oficial do Partido Socialismo e Liberdade\",\"publisher\":{\"@id\":\"https:\/\/psol50.org.br\/#organization\"},\"alternateName\":\"PSOL50\",\"potentialAction\":[{\"@type\":\"SearchAction\",\"target\":{\"@type\":\"EntryPoint\",\"urlTemplate\":\"https:\/\/psol50.org.br\/?s={search_term_string}\"},\"query-input\":{\"@type\":\"PropertyValueSpecification\",\"valueRequired\":true,\"valueName\":\"search_term_string\"}}],\"inLanguage\":\"pt-BR\"},{\"@type\":\"Organization\",\"@id\":\"https:\/\/psol50.org.br\/#organization\",\"name\":\"PSOL 50\",\"alternateName\":\"PSOL 50\",\"url\":\"https:\/\/psol50.org.br\/\",\"logo\":{\"@type\":\"ImageObject\",\"inLanguage\":\"pt-BR\",\"@id\":\"https:\/\/psol50.org.br\/#\/schema\/logo\/image\/\",\"url\":\"https:\/\/psol50.org.br\/inc\/uploads\/2018\/07\/capa.png\",\"contentUrl\":\"https:\/\/psol50.org.br\/inc\/uploads\/2018\/07\/capa.png\",\"width\":1350,\"height\":900,\"caption\":\"PSOL 50\"},\"image\":{\"@id\":\"https:\/\/psol50.org.br\/#\/schema\/logo\/image\/\"},\"sameAs\":[\"https:\/\/www.facebook.com\/psol50\",\"https:\/\/x.com\/psol50\",\"https:\/\/www.instagram.com\/psol50\/\",\"https:\/\/www.youtube.com\/channel\/UC7SnJS5o1os7a6CaiNabzcg\"]},{\"@type\":\"Person\",\"@id\":\"https:\/\/psol50.org.br\/#\/schema\/person\/475dfa57d0b815993c714c2e96491fcd\",\"name\":\"Comunica\u00e7\u00e3o PSOL\",\"image\":{\"@type\":\"ImageObject\",\"inLanguage\":\"pt-BR\",\"@id\":\"https:\/\/psol50.org.br\/#\/schema\/person\/image\/\",\"url\":\"https:\/\/secure.gravatar.com\/avatar\/b34fc4f4e468a4e51785917065a3db57b841f5c95dba6ad8c73aaf8f66f8f9bf?s=96&d=mm&r=g\",\"contentUrl\":\"https:\/\/secure.gravatar.com\/avatar\/b34fc4f4e468a4e51785917065a3db57b841f5c95dba6ad8c73aaf8f66f8f9bf?s=96&d=mm&r=g\",\"caption\":\"Comunica\u00e7\u00e3o PSOL\"}}]}<\/script>\n<!-- \/ Yoast SEO plugin. -->","yoast_head_json":{"title":"Vereadoras do PSOL far\u00e3o parte de primeira Comiss\u00e3o Especial de Combate ao Racismo na C\u00e2mara do Rio","description":"M\u00f4nica Cunha ir\u00e1 presidir a comiss\u00e3o, que tamb\u00e9m conta com a participa\u00e7\u00e3o de Tha\u00eds Ferreira, ambas vereadoras do PSOL no Rio de Janeiro.","robots":{"index":"index","follow":"follow","max-snippet":"max-snippet:-1","max-image-preview":"max-image-preview:large","max-video-preview":"max-video-preview:-1"},"canonical":"https:\/\/psol50.org.br\/vereadoras-do-psol-farao-parte-de-primeira-comissao-especial-de-combate-ao-racismo-na-camara-do-rio\/","og_locale":"pt_BR","og_type":"article","og_title":"Vereadoras do PSOL far\u00e3o parte de primeira Comiss\u00e3o Especial de Combate ao Racismo na C\u00e2mara do Rio","og_description":"M\u00f4nica Cunha ir\u00e1 presidir a comiss\u00e3o, que tamb\u00e9m conta com a participa\u00e7\u00e3o de Tha\u00eds Ferreira, ambas vereadoras do PSOL no Rio de Janeiro.","og_url":"https:\/\/psol50.org.br\/vereadoras-do-psol-farao-parte-de-primeira-comissao-especial-de-combate-ao-racismo-na-camara-do-rio\/","og_site_name":"PSOL 50","article_publisher":"https:\/\/www.facebook.com\/psol50","article_published_time":"2023-04-06T18:05:25+00:00","og_image":[{"width":1620,"height":1080,"url":"https:\/\/psol50.org.br\/inc\/uploads\/2023\/04\/Fs-inCbWwAUrMfk.jpeg","type":"image\/jpeg"}],"author":"Comunica\u00e7\u00e3o PSOL","twitter_card":"summary_large_image","twitter_creator":"@psol50","twitter_site":"@psol50","twitter_misc":{"Escrito por":"Comunica\u00e7\u00e3o PSOL","Est. tempo de leitura":"1 minuto"},"schema":{"@context":"https:\/\/schema.org","@graph":[{"@type":"Article","@id":"https:\/\/psol50.org.br\/vereadoras-do-psol-farao-parte-de-primeira-comissao-especial-de-combate-ao-racismo-na-camara-do-rio\/#article","isPartOf":{"@id":"https:\/\/psol50.org.br\/vereadoras-do-psol-farao-parte-de-primeira-comissao-especial-de-combate-ao-racismo-na-camara-do-rio\/"},"author":{"name":"Comunica\u00e7\u00e3o PSOL","@id":"https:\/\/psol50.org.br\/#\/schema\/person\/475dfa57d0b815993c714c2e96491fcd"},"headline":"Vereadoras do PSOL far\u00e3o parte de primeira Comiss\u00e3o Especial de Combate ao Racismo na C\u00e2mara do Rio","datePublished":"2023-04-06T18:05:25+00:00","mainEntityOfPage":{"@id":"https:\/\/psol50.org.br\/vereadoras-do-psol-farao-parte-de-primeira-comissao-especial-de-combate-ao-racismo-na-camara-do-rio\/"},"wordCount":221,"commentCount":0,"publisher":{"@id":"https:\/\/psol50.org.br\/#organization"},"image":{"@id":"https:\/\/psol50.org.br\/vereadoras-do-psol-farao-parte-de-primeira-comissao-especial-de-combate-ao-racismo-na-camara-do-rio\/#primaryimage"},"thumbnailUrl":"https:\/\/psol50.org.br\/inc\/uploads\/2023\/04\/Fs-inCbWwAUrMfk.jpeg","keywords":["Not\u00edcias"],"articleSection":["A\u00e7\u00e3o Parlamentar","Estados"],"inLanguage":"pt-BR","potentialAction":[{"@type":"CommentAction","name":"Comment","target":["https:\/\/psol50.org.br\/vereadoras-do-psol-farao-parte-de-primeira-comissao-especial-de-combate-ao-racismo-na-camara-do-rio\/#respond"]}]},{"@type":"WebPage","@id":"https:\/\/psol50.org.br\/vereadoras-do-psol-farao-parte-de-primeira-comissao-especial-de-combate-ao-racismo-na-camara-do-rio\/","url":"https:\/\/psol50.org.br\/vereadoras-do-psol-farao-parte-de-primeira-comissao-especial-de-combate-ao-racismo-na-camara-do-rio\/","name":"Vereadoras do PSOL far\u00e3o parte de primeira Comiss\u00e3o Especial de Combate ao Racismo na C\u00e2mara do Rio","isPartOf":{"@id":"https:\/\/psol50.org.br\/#website"},"primaryImageOfPage":{"@id":"https:\/\/psol50.org.br\/vereadoras-do-psol-farao-parte-de-primeira-comissao-especial-de-combate-ao-racismo-na-camara-do-rio\/#primaryimage"},"image":{"@id":"https:\/\/psol50.org.br\/vereadoras-do-psol-farao-parte-de-primeira-comissao-especial-de-combate-ao-racismo-na-camara-do-rio\/#primaryimage"},"thumbnailUrl":"https:\/\/psol50.org.br\/inc\/uploads\/2023\/04\/Fs-inCbWwAUrMfk.jpeg","datePublished":"2023-04-06T18:05:25+00:00","description":"M\u00f4nica Cunha ir\u00e1 presidir a comiss\u00e3o, que tamb\u00e9m conta com a participa\u00e7\u00e3o de Tha\u00eds Ferreira, ambas vereadoras do PSOL no Rio de Janeiro.","breadcrumb":{"@id":"https:\/\/psol50.org.br\/vereadoras-do-psol-farao-parte-de-primeira-comissao-especial-de-combate-ao-racismo-na-camara-do-rio\/#breadcrumb"},"inLanguage":"pt-BR","potentialAction":[{"@type":"ReadAction","target":["https:\/\/psol50.org.br\/vereadoras-do-psol-farao-parte-de-primeira-comissao-especial-de-combate-ao-racismo-na-camara-do-rio\/"]}]},{"@type":"ImageObject","inLanguage":"pt-BR","@id":"https:\/\/psol50.org.br\/vereadoras-do-psol-farao-parte-de-primeira-comissao-especial-de-combate-ao-racismo-na-camara-do-rio\/#primaryimage","url":"https:\/\/psol50.org.br\/inc\/uploads\/2023\/04\/Fs-inCbWwAUrMfk.jpeg","contentUrl":"https:\/\/psol50.org.br\/inc\/uploads\/2023\/04\/Fs-inCbWwAUrMfk.jpeg","width":1620,"height":1080},{"@type":"BreadcrumbList","@id":"https:\/\/psol50.org.br\/vereadoras-do-psol-farao-parte-de-primeira-comissao-especial-de-combate-ao-racismo-na-camara-do-rio\/#breadcrumb","itemListElement":[{"@type":"ListItem","position":1,"name":"In\u00edcio","item":"https:\/\/psol50.org.br\/"},{"@type":"ListItem","position":2,"name":"Vereadoras do PSOL far\u00e3o parte de primeira Comiss\u00e3o Especial de Combate ao Racismo na C\u00e2mara do Rio"}]},{"@type":"WebSite","@id":"https:\/\/psol50.org.br\/#website","url":"https:\/\/psol50.org.br\/","name":"PSOL 50","description":"Site oficial do Partido Socialismo e Liberdade","publisher":{"@id":"https:\/\/psol50.org.br\/#organization"},"alternateName":"PSOL50","potentialAction":[{"@type":"SearchAction","target":{"@type":"EntryPoint","urlTemplate":"https:\/\/psol50.org.br\/?s={search_term_string}"},"query-input":{"@type":"PropertyValueSpecification","valueRequired":true,"valueName":"search_term_string"}}],"inLanguage":"pt-BR"},{"@type":"Organization","@id":"https:\/\/psol50.org.br\/#organization","name":"PSOL 50","alternateName":"PSOL 50","url":"https:\/\/psol50.org.br\/","logo":{"@type":"ImageObject","inLanguage":"pt-BR","@id":"https:\/\/psol50.org.br\/#\/schema\/logo\/image\/","url":"https:\/\/psol50.org.br\/inc\/uploads\/2018\/07\/capa.png","contentUrl":"https:\/\/psol50.org.br\/inc\/uploads\/2018\/07\/capa.png","width":1350,"height":900,"caption":"PSOL 50"},"image":{"@id":"https:\/\/psol50.org.br\/#\/schema\/logo\/image\/"},"sameAs":["https:\/\/www.facebook.com\/psol50","https:\/\/x.com\/psol50","https:\/\/www.instagram.com\/psol50\/","https:\/\/www.youtube.com\/channel\/UC7SnJS5o1os7a6CaiNabzcg"]},{"@type":"Person","@id":"https:\/\/psol50.org.br\/#\/schema\/person\/475dfa57d0b815993c714c2e96491fcd","name":"Comunica\u00e7\u00e3o PSOL","image":{"@type":"ImageObject","inLanguage":"pt-BR","@id":"https:\/\/psol50.org.br\/#\/schema\/person\/image\/","url":"https:\/\/secure.gravatar.com\/avatar\/b34fc4f4e468a4e51785917065a3db57b841f5c95dba6ad8c73aaf8f66f8f9bf?s=96&d=mm&r=g","contentUrl":"https:\/\/secure.gravatar.com\/avatar\/b34fc4f4e468a4e51785917065a3db57b841f5c95dba6ad8c73aaf8f66f8f9bf?s=96&d=mm&r=g","caption":"Comunica\u00e7\u00e3o PSOL"}}]}},"_links":{"self":[{"href":"https:\/\/psol50.org.br\/rest\/wp\/v2\/posts\/37394","targetHints":{"allow":["GET"]}}],"collection":[{"href":"https:\/\/psol50.org.br\/rest\/wp\/v2\/posts"}],"about":[{"href":"https:\/\/psol50.org.br\/rest\/wp\/v2\/types\/post"}],"author":[{"embeddable":true,"href":"https:\/\/psol50.org.br\/rest\/wp\/v2\/users\/2"}],"replies":[{"embeddable":true,"href":"https:\/\/psol50.org.br\/rest\/wp\/v2\/comments?post=37394"}],"version-history":[{"count":2,"href":"https:\/\/psol50.org.br\/rest\/wp\/v2\/posts\/37394\/revisions"}],"predecessor-version":[{"id":37397,"href":"https:\/\/psol50.org.br\/rest\/wp\/v2\/posts\/37394\/revisions\/37397"}],"wp:featuredmedia":[{"embeddable":true,"href":"https:\/\/psol50.org.br\/rest\/wp\/v2\/media\/37396"}],"wp:attachment":[{"href":"https:\/\/psol50.org.br\/rest\/wp\/v2\/media?parent=37394"}],"wp:term":[{"taxonomy":"category","embeddable":true,"href":"https:\/\/psol50.org.br\/rest\/wp\/v2\/categories?post=37394"},{"taxonomy":"post_tag","embeddable":true,"href":"https:\/\/psol50.org.br\/rest\/wp\/v2\/tags?post=37394"}],"curies":[{"name":"wp","href":"https:\/\/api.w.org\/{rel}","templated":true}]}}