{"id":37434,"date":"2023-04-14T13:41:02","date_gmt":"2023-04-14T16:41:02","guid":{"rendered":"https:\/\/psol50.org.br\/?p=37434"},"modified":"2023-04-14T13:42:50","modified_gmt":"2023-04-14T16:42:50","slug":"livia-duarte-psol-participa-de-debates-climaticos-e-economicos-em-washington-eua","status":"publish","type":"post","link":"https:\/\/psol50.org.br\/livia-duarte-psol-participa-de-debates-climaticos-e-economicos-em-washington-eua\/","title":{"rendered":"L\u00edvia Duarte (PSOL) participa de debates clim\u00e1ticos e econ\u00f4micos em Washington (EUA)"},"content":{"rendered":"<p data-pm-slice=\"1 1 []\">A deputada estadual L\u00edvia Duarte (PSOL), do Par\u00e1, chegou a Washington, nos Estados Unidos, na \u00faltima segunda-feira (10) onde participou como convidada do \u201cEncontros de Primavera 2023\u201d e outros eventos complementares relacionados ao Fundo Monet\u00e1rio Internacional (FMI) e ao Grupo do Banco Mundial.<\/p>\n<p data-pm-slice=\"1 1 []\">Ainda em Washington, L\u00edvia Duarte foi convidada do painel de discuss\u00e3o sobre \u201cDigitaliza\u00e7\u00e3o, clima e d\u00edvida: a agenda para bancos multilaterais de desenvolvimento\u201d, evento promovido pela Observer Research Foundation America (ORF America), instituto independente de pol\u00edticas p\u00fablicas, na \u00faltima ter\u00e7a-feira (11).<\/p>\n<p data-pm-slice=\"1 1 []\">&#8220;\u00c9 muito importante que o povo amaz\u00f4nida tenha voz ativa e seja protagonista na discuss\u00e3o sobre a crise clim\u00e1tica, especialmente em espa\u00e7os de poder global. \u00c9 preciso ouvir a Amaz\u00f4nia por aqueles e aquelas que est\u00e3o cotidianamente na luta. Vir aos Estados Unidos trazer essa viv\u00eancia de quem mora, vive, trabalha e constr\u00f3i uma vida na Amaz\u00f4nia \u00e9 romper com uma ordem que nos foi imposta, pois fomos historicamente exclu\u00eddos das discuss\u00f5es internacionais&#8221;, destaca L\u00edvia Duarte.<\/p>\n<p data-pm-slice=\"1 1 []\">&#8220;O clima \u00e9 uma discuss\u00e3o transversal, que passa pelo racismo, pela vida das crian\u00e7as e das m\u00e3es e passa tamb\u00e9m por garantia de direitos&#8221;, acrescenta. Al\u00e9m disso, L\u00edvia refor\u00e7a a import\u00e2ncia da representa\u00e7\u00e3o paraense por conta da candidatura de Bel\u00e9m \u00e0 sede da COP 30, a Conven\u00e7\u00e3o das Na\u00e7\u00f5es Unidas sobre Mudan\u00e7as Clim\u00e1ticas, em 2025.<\/p>\n<p data-pm-slice=\"1 1 []\">No Encontros de Primavera, o FMI e o Grupo do Banco Mundial re\u00fanem banqueiros centrais, ministros de finan\u00e7as e desenvolvimento, executivos do setor privado, representantes de organiza\u00e7\u00f5es da sociedade civil e acad\u00eamicos para discutir quest\u00f5es de preocupa\u00e7\u00e3o global, incluindo as perspectivas econ\u00f4micas mundiais, a erradica\u00e7\u00e3o da pobreza, o desenvolvimento econ\u00f4mico e a efic\u00e1cia da ajuda. No evento s\u00e3o apresentados semin\u00e1rios, briefings regionais, confer\u00eancias de imprensa e outros eventos voltados \u00e0 economia global, desenvolvimento internacional e sistema financeiro mundial.<\/p>\n<p data-pm-slice=\"1 1 []\">A ORF Am\u00e9rica \u00e9 um instituto independente com sede em Washington, afiliado do Observer Research Foundation (ORF), o principal &#8220;think tank&#8221; de pol\u00edticas p\u00fablicas da \u00cdndia voltado para as \u00e1reas de rela\u00e7\u00f5es internacionais e seguran\u00e7a, desenvolvimento econ\u00f4mico, energia e clima e pol\u00edtica tecnol\u00f3gica. O evento re\u00fane funcion\u00e1rios do governo, l\u00edderes acad\u00eamicos e de pensamento de pa\u00edses desenvolvidos e em desenvolvimento e membros da m\u00eddia baseada nos Estados Unidos.<\/p>\n<p data-pm-slice=\"1 1 []\">&#8220;Dada a necessidade urgente de reforma do financiamento do desenvolvimento, especialmente dos bancos multilaterais de desenvolvimento, seu trabalhode apoio ao desenvolvimento sustent\u00e1vel das comunidades locais, ao mesmo tempo em que protege os ativos clim\u00e1ticos globais em seu estado, seriade grande interesse para nosso p\u00fablico&#8221;, justifica o convite enviado para L\u00edvia Duarte pelo executivo da ORF Am\u00e9rica, Dhruva Jaishankar.<\/p>\n","protected":false},"excerpt":{"rendered":"<p>A deputada estadual L\u00edvia Duarte (PSOL), do Par\u00e1, chegou a Washington, nos Estados Unidos, na \u00faltima segunda-feira (10) onde participou como convidada do \u201cEncontros de Primavera 2023\u201d e outros eventos complementares relacionados ao Fundo Monet\u00e1rio Internacional (FMI) e ao Grupo do Banco Mundial. Ainda em Washington, L\u00edvia Duarte foi convidada do painel de discuss\u00e3o sobre [&hellip;]<\/p>\n","protected":false},"author":2,"featured_media":35754,"comment_status":"open","ping_status":"open","sticky":false,"template":"","format":"standard","meta":{"_acf_changed":false,"footnotes":""},"categories":[836],"tags":[4825],"class_list":{"0":"post-37434","1":"post","2":"type-post","3":"status-publish","4":"format-standard","5":"has-post-thumbnail","7":"category-internacional","8":"tag-noticias"},"acf":[],"yoast_head":"<!-- This site is optimized with the Yoast SEO plugin v26.5 - https:\/\/yoast.com\/wordpress\/plugins\/seo\/ -->\n<title>L\u00edvia Duarte (PSOL) participa de debates clim\u00e1ticos e econ\u00f4micos em Washington (EUA)<\/title>\n<meta name=\"description\" content=\"Deputada estadual do Par\u00e1 participou nesta semana do \u201cEncontros de Primavera 2023\u201d e eventos do FMI e do Banco Mundial.\" \/>\n<meta name=\"robots\" content=\"index, follow, max-snippet:-1, max-image-preview:large, max-video-preview:-1\" \/>\n<link rel=\"canonical\" href=\"https:\/\/psol50.org.br\/livia-duarte-psol-participa-de-debates-climaticos-e-economicos-em-washington-eua\/\" \/>\n<meta property=\"og:locale\" content=\"pt_BR\" \/>\n<meta property=\"og:type\" content=\"article\" \/>\n<meta property=\"og:title\" content=\"L\u00edvia Duarte (PSOL) participa de debates clim\u00e1ticos e econ\u00f4micos em Washington (EUA)\" \/>\n<meta property=\"og:description\" content=\"Deputada estadual do Par\u00e1 participou nesta semana do \u201cEncontros de Primavera 2023\u201d e eventos do FMI e do Banco Mundial.\" \/>\n<meta property=\"og:url\" content=\"https:\/\/psol50.org.br\/livia-duarte-psol-participa-de-debates-climaticos-e-economicos-em-washington-eua\/\" \/>\n<meta property=\"og:site_name\" content=\"PSOL 50\" \/>\n<meta property=\"article:publisher\" content=\"https:\/\/www.facebook.com\/psol50\" \/>\n<meta property=\"article:published_time\" content=\"2023-04-14T16:41:02+00:00\" \/>\n<meta property=\"article:modified_time\" content=\"2023-04-14T16:42:50+00:00\" \/>\n<meta property=\"og:image\" content=\"https:\/\/psol50.org.br\/inc\/uploads\/2022\/05\/CreateThumbnail.jpg\" \/>\n\t<meta property=\"og:image:width\" content=\"870\" \/>\n\t<meta property=\"og:image:height\" content=\"579\" \/>\n\t<meta property=\"og:image:type\" content=\"image\/jpeg\" \/>\n<meta name=\"author\" content=\"Comunica\u00e7\u00e3o PSOL\" \/>\n<meta name=\"twitter:card\" content=\"summary_large_image\" \/>\n<meta name=\"twitter:creator\" content=\"@psol50\" \/>\n<meta name=\"twitter:site\" content=\"@psol50\" \/>\n<meta name=\"twitter:label1\" content=\"Escrito por\" \/>\n\t<meta name=\"twitter:data1\" content=\"Comunica\u00e7\u00e3o PSOL\" \/>\n\t<meta name=\"twitter:label2\" content=\"Est. tempo de leitura\" \/>\n\t<meta name=\"twitter:data2\" content=\"2 minutos\" \/>\n<script type=\"application\/ld+json\" class=\"yoast-schema-graph\">{\"@context\":\"https:\/\/schema.org\",\"@graph\":[{\"@type\":\"Article\",\"@id\":\"https:\/\/psol50.org.br\/livia-duarte-psol-participa-de-debates-climaticos-e-economicos-em-washington-eua\/#article\",\"isPartOf\":{\"@id\":\"https:\/\/psol50.org.br\/livia-duarte-psol-participa-de-debates-climaticos-e-economicos-em-washington-eua\/\"},\"author\":{\"name\":\"Comunica\u00e7\u00e3o PSOL\",\"@id\":\"https:\/\/psol50.org.br\/#\/schema\/person\/475dfa57d0b815993c714c2e96491fcd\"},\"headline\":\"L\u00edvia Duarte (PSOL) participa de debates clim\u00e1ticos e econ\u00f4micos em Washington (EUA)\",\"datePublished\":\"2023-04-14T16:41:02+00:00\",\"dateModified\":\"2023-04-14T16:42:50+00:00\",\"mainEntityOfPage\":{\"@id\":\"https:\/\/psol50.org.br\/livia-duarte-psol-participa-de-debates-climaticos-e-economicos-em-washington-eua\/\"},\"wordCount\":489,\"commentCount\":0,\"publisher\":{\"@id\":\"https:\/\/psol50.org.br\/#organization\"},\"image\":{\"@id\":\"https:\/\/psol50.org.br\/livia-duarte-psol-participa-de-debates-climaticos-e-economicos-em-washington-eua\/#primaryimage\"},\"thumbnailUrl\":\"https:\/\/psol50.org.br\/inc\/uploads\/2022\/05\/CreateThumbnail.jpg\",\"keywords\":[\"Not\u00edcias\"],\"articleSection\":[\"Internacional\"],\"inLanguage\":\"pt-BR\",\"potentialAction\":[{\"@type\":\"CommentAction\",\"name\":\"Comment\",\"target\":[\"https:\/\/psol50.org.br\/livia-duarte-psol-participa-de-debates-climaticos-e-economicos-em-washington-eua\/#respond\"]}]},{\"@type\":\"WebPage\",\"@id\":\"https:\/\/psol50.org.br\/livia-duarte-psol-participa-de-debates-climaticos-e-economicos-em-washington-eua\/\",\"url\":\"https:\/\/psol50.org.br\/livia-duarte-psol-participa-de-debates-climaticos-e-economicos-em-washington-eua\/\",\"name\":\"L\u00edvia Duarte (PSOL) participa de debates clim\u00e1ticos e econ\u00f4micos em Washington (EUA)\",\"isPartOf\":{\"@id\":\"https:\/\/psol50.org.br\/#website\"},\"primaryImageOfPage\":{\"@id\":\"https:\/\/psol50.org.br\/livia-duarte-psol-participa-de-debates-climaticos-e-economicos-em-washington-eua\/#primaryimage\"},\"image\":{\"@id\":\"https:\/\/psol50.org.br\/livia-duarte-psol-participa-de-debates-climaticos-e-economicos-em-washington-eua\/#primaryimage\"},\"thumbnailUrl\":\"https:\/\/psol50.org.br\/inc\/uploads\/2022\/05\/CreateThumbnail.jpg\",\"datePublished\":\"2023-04-14T16:41:02+00:00\",\"dateModified\":\"2023-04-14T16:42:50+00:00\",\"description\":\"Deputada estadual do Par\u00e1 participou nesta semana do \u201cEncontros de Primavera 2023\u201d e eventos do FMI e do Banco Mundial.\",\"breadcrumb\":{\"@id\":\"https:\/\/psol50.org.br\/livia-duarte-psol-participa-de-debates-climaticos-e-economicos-em-washington-eua\/#breadcrumb\"},\"inLanguage\":\"pt-BR\",\"potentialAction\":[{\"@type\":\"ReadAction\",\"target\":[\"https:\/\/psol50.org.br\/livia-duarte-psol-participa-de-debates-climaticos-e-economicos-em-washington-eua\/\"]}]},{\"@type\":\"ImageObject\",\"inLanguage\":\"pt-BR\",\"@id\":\"https:\/\/psol50.org.br\/livia-duarte-psol-participa-de-debates-climaticos-e-economicos-em-washington-eua\/#primaryimage\",\"url\":\"https:\/\/psol50.org.br\/inc\/uploads\/2022\/05\/CreateThumbnail.jpg\",\"contentUrl\":\"https:\/\/psol50.org.br\/inc\/uploads\/2022\/05\/CreateThumbnail.jpg\",\"width\":870,\"height\":579,\"caption\":\"Foto: Ag\u00eancia Bel\u00e9m\"},{\"@type\":\"BreadcrumbList\",\"@id\":\"https:\/\/psol50.org.br\/livia-duarte-psol-participa-de-debates-climaticos-e-economicos-em-washington-eua\/#breadcrumb\",\"itemListElement\":[{\"@type\":\"ListItem\",\"position\":1,\"name\":\"In\u00edcio\",\"item\":\"https:\/\/psol50.org.br\/\"},{\"@type\":\"ListItem\",\"position\":2,\"name\":\"L\u00edvia Duarte (PSOL) participa de debates clim\u00e1ticos e econ\u00f4micos em Washington (EUA)\"}]},{\"@type\":\"WebSite\",\"@id\":\"https:\/\/psol50.org.br\/#website\",\"url\":\"https:\/\/psol50.org.br\/\",\"name\":\"PSOL 50\",\"description\":\"Site oficial do Partido Socialismo e Liberdade\",\"publisher\":{\"@id\":\"https:\/\/psol50.org.br\/#organization\"},\"alternateName\":\"PSOL50\",\"potentialAction\":[{\"@type\":\"SearchAction\",\"target\":{\"@type\":\"EntryPoint\",\"urlTemplate\":\"https:\/\/psol50.org.br\/?s={search_term_string}\"},\"query-input\":{\"@type\":\"PropertyValueSpecification\",\"valueRequired\":true,\"valueName\":\"search_term_string\"}}],\"inLanguage\":\"pt-BR\"},{\"@type\":\"Organization\",\"@id\":\"https:\/\/psol50.org.br\/#organization\",\"name\":\"PSOL 50\",\"alternateName\":\"PSOL 50\",\"url\":\"https:\/\/psol50.org.br\/\",\"logo\":{\"@type\":\"ImageObject\",\"inLanguage\":\"pt-BR\",\"@id\":\"https:\/\/psol50.org.br\/#\/schema\/logo\/image\/\",\"url\":\"https:\/\/psol50.org.br\/inc\/uploads\/2018\/07\/capa.png\",\"contentUrl\":\"https:\/\/psol50.org.br\/inc\/uploads\/2018\/07\/capa.png\",\"width\":1350,\"height\":900,\"caption\":\"PSOL 50\"},\"image\":{\"@id\":\"https:\/\/psol50.org.br\/#\/schema\/logo\/image\/\"},\"sameAs\":[\"https:\/\/www.facebook.com\/psol50\",\"https:\/\/x.com\/psol50\",\"https:\/\/www.instagram.com\/psol50\/\",\"https:\/\/www.youtube.com\/channel\/UC7SnJS5o1os7a6CaiNabzcg\"]},{\"@type\":\"Person\",\"@id\":\"https:\/\/psol50.org.br\/#\/schema\/person\/475dfa57d0b815993c714c2e96491fcd\",\"name\":\"Comunica\u00e7\u00e3o PSOL\",\"image\":{\"@type\":\"ImageObject\",\"inLanguage\":\"pt-BR\",\"@id\":\"https:\/\/psol50.org.br\/#\/schema\/person\/image\/\",\"url\":\"https:\/\/secure.gravatar.com\/avatar\/b34fc4f4e468a4e51785917065a3db57b841f5c95dba6ad8c73aaf8f66f8f9bf?s=96&d=mm&r=g\",\"contentUrl\":\"https:\/\/secure.gravatar.com\/avatar\/b34fc4f4e468a4e51785917065a3db57b841f5c95dba6ad8c73aaf8f66f8f9bf?s=96&d=mm&r=g\",\"caption\":\"Comunica\u00e7\u00e3o PSOL\"}}]}<\/script>\n<!-- \/ Yoast SEO plugin. -->","yoast_head_json":{"title":"L\u00edvia Duarte (PSOL) participa de debates clim\u00e1ticos e econ\u00f4micos em Washington (EUA)","description":"Deputada estadual do Par\u00e1 participou nesta semana do \u201cEncontros de Primavera 2023\u201d e eventos do FMI e do Banco Mundial.","robots":{"index":"index","follow":"follow","max-snippet":"max-snippet:-1","max-image-preview":"max-image-preview:large","max-video-preview":"max-video-preview:-1"},"canonical":"https:\/\/psol50.org.br\/livia-duarte-psol-participa-de-debates-climaticos-e-economicos-em-washington-eua\/","og_locale":"pt_BR","og_type":"article","og_title":"L\u00edvia Duarte (PSOL) participa de debates clim\u00e1ticos e econ\u00f4micos em Washington (EUA)","og_description":"Deputada estadual do Par\u00e1 participou nesta semana do \u201cEncontros de Primavera 2023\u201d e eventos do FMI e do Banco Mundial.","og_url":"https:\/\/psol50.org.br\/livia-duarte-psol-participa-de-debates-climaticos-e-economicos-em-washington-eua\/","og_site_name":"PSOL 50","article_publisher":"https:\/\/www.facebook.com\/psol50","article_published_time":"2023-04-14T16:41:02+00:00","article_modified_time":"2023-04-14T16:42:50+00:00","og_image":[{"width":870,"height":579,"url":"https:\/\/psol50.org.br\/inc\/uploads\/2022\/05\/CreateThumbnail.jpg","type":"image\/jpeg"}],"author":"Comunica\u00e7\u00e3o PSOL","twitter_card":"summary_large_image","twitter_creator":"@psol50","twitter_site":"@psol50","twitter_misc":{"Escrito por":"Comunica\u00e7\u00e3o PSOL","Est. tempo de leitura":"2 minutos"},"schema":{"@context":"https:\/\/schema.org","@graph":[{"@type":"Article","@id":"https:\/\/psol50.org.br\/livia-duarte-psol-participa-de-debates-climaticos-e-economicos-em-washington-eua\/#article","isPartOf":{"@id":"https:\/\/psol50.org.br\/livia-duarte-psol-participa-de-debates-climaticos-e-economicos-em-washington-eua\/"},"author":{"name":"Comunica\u00e7\u00e3o PSOL","@id":"https:\/\/psol50.org.br\/#\/schema\/person\/475dfa57d0b815993c714c2e96491fcd"},"headline":"L\u00edvia Duarte (PSOL) participa de debates clim\u00e1ticos e econ\u00f4micos em Washington (EUA)","datePublished":"2023-04-14T16:41:02+00:00","dateModified":"2023-04-14T16:42:50+00:00","mainEntityOfPage":{"@id":"https:\/\/psol50.org.br\/livia-duarte-psol-participa-de-debates-climaticos-e-economicos-em-washington-eua\/"},"wordCount":489,"commentCount":0,"publisher":{"@id":"https:\/\/psol50.org.br\/#organization"},"image":{"@id":"https:\/\/psol50.org.br\/livia-duarte-psol-participa-de-debates-climaticos-e-economicos-em-washington-eua\/#primaryimage"},"thumbnailUrl":"https:\/\/psol50.org.br\/inc\/uploads\/2022\/05\/CreateThumbnail.jpg","keywords":["Not\u00edcias"],"articleSection":["Internacional"],"inLanguage":"pt-BR","potentialAction":[{"@type":"CommentAction","name":"Comment","target":["https:\/\/psol50.org.br\/livia-duarte-psol-participa-de-debates-climaticos-e-economicos-em-washington-eua\/#respond"]}]},{"@type":"WebPage","@id":"https:\/\/psol50.org.br\/livia-duarte-psol-participa-de-debates-climaticos-e-economicos-em-washington-eua\/","url":"https:\/\/psol50.org.br\/livia-duarte-psol-participa-de-debates-climaticos-e-economicos-em-washington-eua\/","name":"L\u00edvia Duarte (PSOL) participa de debates clim\u00e1ticos e econ\u00f4micos em Washington (EUA)","isPartOf":{"@id":"https:\/\/psol50.org.br\/#website"},"primaryImageOfPage":{"@id":"https:\/\/psol50.org.br\/livia-duarte-psol-participa-de-debates-climaticos-e-economicos-em-washington-eua\/#primaryimage"},"image":{"@id":"https:\/\/psol50.org.br\/livia-duarte-psol-participa-de-debates-climaticos-e-economicos-em-washington-eua\/#primaryimage"},"thumbnailUrl":"https:\/\/psol50.org.br\/inc\/uploads\/2022\/05\/CreateThumbnail.jpg","datePublished":"2023-04-14T16:41:02+00:00","dateModified":"2023-04-14T16:42:50+00:00","description":"Deputada estadual do Par\u00e1 participou nesta semana do \u201cEncontros de Primavera 2023\u201d e eventos do FMI e do Banco Mundial.","breadcrumb":{"@id":"https:\/\/psol50.org.br\/livia-duarte-psol-participa-de-debates-climaticos-e-economicos-em-washington-eua\/#breadcrumb"},"inLanguage":"pt-BR","potentialAction":[{"@type":"ReadAction","target":["https:\/\/psol50.org.br\/livia-duarte-psol-participa-de-debates-climaticos-e-economicos-em-washington-eua\/"]}]},{"@type":"ImageObject","inLanguage":"pt-BR","@id":"https:\/\/psol50.org.br\/livia-duarte-psol-participa-de-debates-climaticos-e-economicos-em-washington-eua\/#primaryimage","url":"https:\/\/psol50.org.br\/inc\/uploads\/2022\/05\/CreateThumbnail.jpg","contentUrl":"https:\/\/psol50.org.br\/inc\/uploads\/2022\/05\/CreateThumbnail.jpg","width":870,"height":579,"caption":"Foto: Ag\u00eancia Bel\u00e9m"},{"@type":"BreadcrumbList","@id":"https:\/\/psol50.org.br\/livia-duarte-psol-participa-de-debates-climaticos-e-economicos-em-washington-eua\/#breadcrumb","itemListElement":[{"@type":"ListItem","position":1,"name":"In\u00edcio","item":"https:\/\/psol50.org.br\/"},{"@type":"ListItem","position":2,"name":"L\u00edvia Duarte (PSOL) participa de debates clim\u00e1ticos e econ\u00f4micos em Washington (EUA)"}]},{"@type":"WebSite","@id":"https:\/\/psol50.org.br\/#website","url":"https:\/\/psol50.org.br\/","name":"PSOL 50","description":"Site oficial do Partido Socialismo e Liberdade","publisher":{"@id":"https:\/\/psol50.org.br\/#organization"},"alternateName":"PSOL50","potentialAction":[{"@type":"SearchAction","target":{"@type":"EntryPoint","urlTemplate":"https:\/\/psol50.org.br\/?s={search_term_string}"},"query-input":{"@type":"PropertyValueSpecification","valueRequired":true,"valueName":"search_term_string"}}],"inLanguage":"pt-BR"},{"@type":"Organization","@id":"https:\/\/psol50.org.br\/#organization","name":"PSOL 50","alternateName":"PSOL 50","url":"https:\/\/psol50.org.br\/","logo":{"@type":"ImageObject","inLanguage":"pt-BR","@id":"https:\/\/psol50.org.br\/#\/schema\/logo\/image\/","url":"https:\/\/psol50.org.br\/inc\/uploads\/2018\/07\/capa.png","contentUrl":"https:\/\/psol50.org.br\/inc\/uploads\/2018\/07\/capa.png","width":1350,"height":900,"caption":"PSOL 50"},"image":{"@id":"https:\/\/psol50.org.br\/#\/schema\/logo\/image\/"},"sameAs":["https:\/\/www.facebook.com\/psol50","https:\/\/x.com\/psol50","https:\/\/www.instagram.com\/psol50\/","https:\/\/www.youtube.com\/channel\/UC7SnJS5o1os7a6CaiNabzcg"]},{"@type":"Person","@id":"https:\/\/psol50.org.br\/#\/schema\/person\/475dfa57d0b815993c714c2e96491fcd","name":"Comunica\u00e7\u00e3o PSOL","image":{"@type":"ImageObject","inLanguage":"pt-BR","@id":"https:\/\/psol50.org.br\/#\/schema\/person\/image\/","url":"https:\/\/secure.gravatar.com\/avatar\/b34fc4f4e468a4e51785917065a3db57b841f5c95dba6ad8c73aaf8f66f8f9bf?s=96&d=mm&r=g","contentUrl":"https:\/\/secure.gravatar.com\/avatar\/b34fc4f4e468a4e51785917065a3db57b841f5c95dba6ad8c73aaf8f66f8f9bf?s=96&d=mm&r=g","caption":"Comunica\u00e7\u00e3o PSOL"}}]}},"_links":{"self":[{"href":"https:\/\/psol50.org.br\/rest\/wp\/v2\/posts\/37434","targetHints":{"allow":["GET"]}}],"collection":[{"href":"https:\/\/psol50.org.br\/rest\/wp\/v2\/posts"}],"about":[{"href":"https:\/\/psol50.org.br\/rest\/wp\/v2\/types\/post"}],"author":[{"embeddable":true,"href":"https:\/\/psol50.org.br\/rest\/wp\/v2\/users\/2"}],"replies":[{"embeddable":true,"href":"https:\/\/psol50.org.br\/rest\/wp\/v2\/comments?post=37434"}],"version-history":[{"count":3,"href":"https:\/\/psol50.org.br\/rest\/wp\/v2\/posts\/37434\/revisions"}],"predecessor-version":[{"id":37438,"href":"https:\/\/psol50.org.br\/rest\/wp\/v2\/posts\/37434\/revisions\/37438"}],"wp:featuredmedia":[{"embeddable":true,"href":"https:\/\/psol50.org.br\/rest\/wp\/v2\/media\/35754"}],"wp:attachment":[{"href":"https:\/\/psol50.org.br\/rest\/wp\/v2\/media?parent=37434"}],"wp:term":[{"taxonomy":"category","embeddable":true,"href":"https:\/\/psol50.org.br\/rest\/wp\/v2\/categories?post=37434"},{"taxonomy":"post_tag","embeddable":true,"href":"https:\/\/psol50.org.br\/rest\/wp\/v2\/tags?post=37434"}],"curies":[{"name":"wp","href":"https:\/\/api.w.org\/{rel}","templated":true}]}}