{"id":3783,"date":"2015-07-22T14:54:18","date_gmt":"2015-07-22T14:54:18","guid":{"rendered":"http:\/\/179.190.55.146\/~psol5185\/?p=3783"},"modified":"2015-07-22T14:54:18","modified_gmt":"2015-07-22T14:54:18","slug":"servidores-federais-promovem-marcha-em-brasilia-contra-proposta-do-governo","status":"publish","type":"post","link":"https:\/\/psol50.org.br\/servidores-federais-promovem-marcha-em-brasilia-contra-proposta-do-governo\/","title":{"rendered":"Servidores marcham em Bras\u00edlia contra proposta do governo"},"content":{"rendered":"<div id=\"blocoDadosPrint\"><em>Do PSOL Nacional, Leonor Costa*\u00a0<\/em><\/div>\n<div class=\"txtPrint\">\nCerca de 7 mil servidores, de v\u00e1rias categorias do funcionalismo p\u00fablico federal, realizaram na manh\u00e3 desta quarta-feira (22), uma marcha na Esplanada dos Minist\u00e9rios, em Bras\u00edlia, oportunidade em que repudiaram a pol\u00edtica de ajuste fiscal do governo Dilma e tamb\u00e9m a proposta rebaixada de reajuste, apresentada pelo Minist\u00e9rio do Planejamento, Or\u00e7amento e Gest\u00e3o. A manifesta\u00e7\u00e3o se encerrou no local da concentra\u00e7\u00e3o, na Pra\u00e7a dos Tr\u00eas Poderes, onde os servidores cobraram uma reuni\u00e3o com o Pal\u00e1cio do Planalto, prevista para ocorrer nesta tarde.<br \/>\nCom v\u00e1rias categorias presentes, o destaque da marcha foi para os setores que j\u00e1 est\u00e3o em greve, como os docentes e t\u00e9cnicos administrativos das universidades federais, os servidores do INSS, os professores e t\u00e9cnicos administrativos do ensino profissional e tecnol\u00f3gico e os servidores do Judici\u00e1rio Federal. No pr\u00f3ximo dia 27 de julho, o movimento grevista ganhar\u00e1 um refor\u00e7o com a ades\u00e3o dos servidores do Executivo, organizados na base da Condsef.<br \/>\nA press\u00e3o do funcionalismo \u00e9 em resposta \u00e0 proposta apresentada pelos representantes do governo ao F\u00f3rum Nacional, que re\u00fane as diversas entidades sindicais dos servidores federais, como Andes-SN, Fasubra, Sinasefe, Condsef, Fenasps, Fenajufe, entre outras. Em reuni\u00e3o na segunda-feira (20), a Secretaria de Rela\u00e7\u00f5es do Trabalho do Minist\u00e9rio de Planejamento, Or\u00e7amento e Gest\u00e3o manteve a proposta rebaixada de reajuste salarial de 21,3%, parcelado em quatro anos.<br \/>\nEm rela\u00e7\u00e3o aos benef\u00edcios sociais, o governo prop\u00f4s reajuste para o aux\u00edlio-alimenta\u00e7\u00e3o de R$ 458,00; varia\u00e7\u00e3o de R$ 101 a R$ 205 no aux\u00edlio-sa\u00fade, de acordo com a faixa et\u00e1ria; e aumento do aux\u00edlio-creche pela infla\u00e7\u00e3o hist\u00f3rica do per\u00edodo de abril de 1995 a dezembro de 2015, no \u00edndice de 317%. Os valores seriam atribu\u00eddos de acordo com a conven\u00e7\u00e3o legal em cada estado.<br \/>\nSegundo o presidente do Andes-SN, Paulo Rizzo, um dos pontos de discuss\u00e3o na mesa foi o fato do governo apresentar uma proposta que inclui a infla\u00e7\u00e3o do ano de 2015 para os benef\u00edcios, mas n\u00e3o aplicar a mesma l\u00f3gica para reajuste dos sal\u00e1rios. \u201cA proposta que ele mant\u00e9m na mesa, de 21,3%, dividido em quatro anos, n\u00e3o rep\u00f5e nem a infla\u00e7\u00e3o do per\u00edodo\u201d, criticou. O presidente do Andes-SN contou que a \u00fanica novidade em rela\u00e7\u00e3o \u00e0 reposi\u00e7\u00e3o das perdas salariais foi a sinaliza\u00e7\u00e3o por parte do governo da possibilidade do acordo conter uma cl\u00e1usula de renegocia\u00e7\u00e3o em 2017, caso a infla\u00e7\u00e3o atinja um determinado patamar, o qual n\u00e3o foi definido ainda.<br \/>\nNa avalia\u00e7\u00e3o de dirigentes da Fasubra, a marcha mostra o processo crescente de unidade do funcionalismo p\u00fablico, para for\u00e7ar o governo a dialogar de fato com as categorias em greve. A entidade entende que se o governo insiste na proposta dos 21,3% fracionado em quatro anos, \u201cque na verdade \u00e9 um confisco salarial porque prop\u00f5e reposi\u00e7\u00f5es abaixo da infla\u00e7\u00e3o e desconhece as perdas que j\u00e1 aconteceram desde 2010\u201d, deve haver um endurecimento da greve por parte dos trabalhadores. Garantir a\u00e7\u00f5es que deem visibilidade e que \u201cforcem o governo perante a opini\u00e3o p\u00fablica a responder ao movimento\u201d s\u00e3o atitudes que devem ser adotadas pelo movimento.<br \/>\n<strong>Calend\u00e1rio<\/strong><br \/>\nAs entidades sindicais dos servidores federais prometem intensificar as mobiliza\u00e7\u00f5es nos pr\u00f3ximos dias, visando \u00e0 amplia\u00e7\u00e3o da greve, com novos setores do funcionalismo aderindo ao movimento. Para isso, um novo calend\u00e1rio nacional de lutas unificado dever\u00e1 ser definido pelas entidades que comp\u00f5em o F\u00f3rum Nacional dos SPFs.<br \/>\n<em>*Com informa\u00e7\u00f5es do Andes-SN e da Fasubra Sindical<\/em>\n<\/div>\n","protected":false},"excerpt":{"rendered":"<p>Do PSOL Nacional, Leonor Costa*\u00a0 Cerca de 7 mil servidores, de v\u00e1rias categorias do funcionalismo p\u00fablico federal, realizaram na manh\u00e3 desta quarta-feira (22), uma marcha na Esplanada dos Minist\u00e9rios, em Bras\u00edlia, oportunidade em que repudiaram a pol\u00edtica de ajuste fiscal do governo Dilma e tamb\u00e9m a proposta rebaixada de reajuste, apresentada pelo Minist\u00e9rio do Planejamento, [&hellip;]<\/p>\n","protected":false},"author":2,"featured_media":3784,"comment_status":"open","ping_status":"open","sticky":false,"template":"","format":"standard","meta":{"_acf_changed":false,"footnotes":""},"categories":[6],"tags":[3187,256],"class_list":{"0":"post-3783","1":"post","2":"type-post","3":"status-publish","4":"format-standard","5":"has-post-thumbnail","7":"category-noticias","8":"tag-marcha","9":"tag-servidores-publicos"},"acf":[],"yoast_head":"<!-- This site is optimized with the Yoast SEO plugin v26.5 - https:\/\/yoast.com\/wordpress\/plugins\/seo\/ -->\n<title>Servidores marcham em Bras\u00edlia contra proposta do governo - PSOL 50<\/title>\n<meta name=\"robots\" content=\"index, follow, max-snippet:-1, max-image-preview:large, max-video-preview:-1\" \/>\n<link rel=\"canonical\" href=\"https:\/\/psol50.org.br\/servidores-federais-promovem-marcha-em-brasilia-contra-proposta-do-governo\/\" \/>\n<meta property=\"og:locale\" content=\"pt_BR\" \/>\n<meta property=\"og:type\" content=\"article\" \/>\n<meta property=\"og:title\" content=\"Servidores marcham em Bras\u00edlia contra proposta do governo - PSOL 50\" \/>\n<meta property=\"og:description\" content=\"Do PSOL Nacional, Leonor Costa*\u00a0 Cerca de 7 mil servidores, de v\u00e1rias categorias do funcionalismo p\u00fablico federal, realizaram na manh\u00e3 desta quarta-feira (22), uma marcha na Esplanada dos Minist\u00e9rios, em Bras\u00edlia, oportunidade em que repudiaram a pol\u00edtica de ajuste fiscal do governo Dilma e tamb\u00e9m a proposta rebaixada de reajuste, apresentada pelo Minist\u00e9rio do Planejamento, [&hellip;]\" \/>\n<meta property=\"og:url\" content=\"https:\/\/psol50.org.br\/servidores-federais-promovem-marcha-em-brasilia-contra-proposta-do-governo\/\" \/>\n<meta property=\"og:site_name\" content=\"PSOL 50\" \/>\n<meta property=\"article:publisher\" content=\"https:\/\/www.facebook.com\/psol50\" \/>\n<meta property=\"article:published_time\" content=\"2015-07-22T14:54:18+00:00\" \/>\n<meta property=\"og:image\" content=\"https:\/\/psol50.org.br\/inc\/uploads\/2015\/08\/Marcha-SPFs-1-Jose-Cruz-ABr.jpg\" \/>\n\t<meta property=\"og:image:width\" content=\"1150\" \/>\n\t<meta property=\"og:image:height\" content=\"699\" \/>\n\t<meta property=\"og:image:type\" content=\"image\/jpeg\" \/>\n<meta name=\"author\" content=\"Comunica\u00e7\u00e3o PSOL\" \/>\n<meta name=\"twitter:card\" content=\"summary_large_image\" \/>\n<meta name=\"twitter:creator\" content=\"@psol50\" \/>\n<meta name=\"twitter:site\" content=\"@psol50\" \/>\n<meta name=\"twitter:label1\" content=\"Escrito por\" \/>\n\t<meta name=\"twitter:data1\" content=\"Comunica\u00e7\u00e3o PSOL\" \/>\n\t<meta name=\"twitter:label2\" content=\"Est. tempo de leitura\" \/>\n\t<meta name=\"twitter:data2\" content=\"3 minutos\" \/>\n<script type=\"application\/ld+json\" class=\"yoast-schema-graph\">{\"@context\":\"https:\/\/schema.org\",\"@graph\":[{\"@type\":\"Article\",\"@id\":\"https:\/\/psol50.org.br\/servidores-federais-promovem-marcha-em-brasilia-contra-proposta-do-governo\/#article\",\"isPartOf\":{\"@id\":\"https:\/\/psol50.org.br\/servidores-federais-promovem-marcha-em-brasilia-contra-proposta-do-governo\/\"},\"author\":{\"name\":\"Comunica\u00e7\u00e3o PSOL\",\"@id\":\"https:\/\/psol50.org.br\/#\/schema\/person\/475dfa57d0b815993c714c2e96491fcd\"},\"headline\":\"Servidores marcham em Bras\u00edlia contra proposta do governo\",\"datePublished\":\"2015-07-22T14:54:18+00:00\",\"mainEntityOfPage\":{\"@id\":\"https:\/\/psol50.org.br\/servidores-federais-promovem-marcha-em-brasilia-contra-proposta-do-governo\/\"},\"wordCount\":629,\"commentCount\":0,\"publisher\":{\"@id\":\"https:\/\/psol50.org.br\/#organization\"},\"image\":{\"@id\":\"https:\/\/psol50.org.br\/servidores-federais-promovem-marcha-em-brasilia-contra-proposta-do-governo\/#primaryimage\"},\"thumbnailUrl\":\"https:\/\/psol50.org.br\/inc\/uploads\/2015\/08\/Marcha-SPFs-1-Jose-Cruz-ABr.jpg\",\"keywords\":[\"marcha\",\"servidores p\u00fablicos\"],\"articleSection\":[\"Not\u00edcias\"],\"inLanguage\":\"pt-BR\",\"potentialAction\":[{\"@type\":\"CommentAction\",\"name\":\"Comment\",\"target\":[\"https:\/\/psol50.org.br\/servidores-federais-promovem-marcha-em-brasilia-contra-proposta-do-governo\/#respond\"]}]},{\"@type\":\"WebPage\",\"@id\":\"https:\/\/psol50.org.br\/servidores-federais-promovem-marcha-em-brasilia-contra-proposta-do-governo\/\",\"url\":\"https:\/\/psol50.org.br\/servidores-federais-promovem-marcha-em-brasilia-contra-proposta-do-governo\/\",\"name\":\"Servidores marcham em Bras\u00edlia contra proposta do governo - PSOL 50\",\"isPartOf\":{\"@id\":\"https:\/\/psol50.org.br\/#website\"},\"primaryImageOfPage\":{\"@id\":\"https:\/\/psol50.org.br\/servidores-federais-promovem-marcha-em-brasilia-contra-proposta-do-governo\/#primaryimage\"},\"image\":{\"@id\":\"https:\/\/psol50.org.br\/servidores-federais-promovem-marcha-em-brasilia-contra-proposta-do-governo\/#primaryimage\"},\"thumbnailUrl\":\"https:\/\/psol50.org.br\/inc\/uploads\/2015\/08\/Marcha-SPFs-1-Jose-Cruz-ABr.jpg\",\"datePublished\":\"2015-07-22T14:54:18+00:00\",\"breadcrumb\":{\"@id\":\"https:\/\/psol50.org.br\/servidores-federais-promovem-marcha-em-brasilia-contra-proposta-do-governo\/#breadcrumb\"},\"inLanguage\":\"pt-BR\",\"potentialAction\":[{\"@type\":\"ReadAction\",\"target\":[\"https:\/\/psol50.org.br\/servidores-federais-promovem-marcha-em-brasilia-contra-proposta-do-governo\/\"]}]},{\"@type\":\"ImageObject\",\"inLanguage\":\"pt-BR\",\"@id\":\"https:\/\/psol50.org.br\/servidores-federais-promovem-marcha-em-brasilia-contra-proposta-do-governo\/#primaryimage\",\"url\":\"https:\/\/psol50.org.br\/inc\/uploads\/2015\/08\/Marcha-SPFs-1-Jose-Cruz-ABr.jpg\",\"contentUrl\":\"https:\/\/psol50.org.br\/inc\/uploads\/2015\/08\/Marcha-SPFs-1-Jose-Cruz-ABr.jpg\",\"width\":1150,\"height\":699,\"caption\":\"Servidores do p\u00fablicos fazem manifesta\u00e7\u00e3o em Bras\u00edlia (Jos\u00e9 Cruz\/Ag\u00eancia Brasil)\"},{\"@type\":\"BreadcrumbList\",\"@id\":\"https:\/\/psol50.org.br\/servidores-federais-promovem-marcha-em-brasilia-contra-proposta-do-governo\/#breadcrumb\",\"itemListElement\":[{\"@type\":\"ListItem\",\"position\":1,\"name\":\"In\u00edcio\",\"item\":\"https:\/\/psol50.org.br\/\"},{\"@type\":\"ListItem\",\"position\":2,\"name\":\"Servidores marcham em Bras\u00edlia contra proposta do governo\"}]},{\"@type\":\"WebSite\",\"@id\":\"https:\/\/psol50.org.br\/#website\",\"url\":\"https:\/\/psol50.org.br\/\",\"name\":\"PSOL 50\",\"description\":\"Site oficial do Partido Socialismo e Liberdade\",\"publisher\":{\"@id\":\"https:\/\/psol50.org.br\/#organization\"},\"alternateName\":\"PSOL50\",\"potentialAction\":[{\"@type\":\"SearchAction\",\"target\":{\"@type\":\"EntryPoint\",\"urlTemplate\":\"https:\/\/psol50.org.br\/?s={search_term_string}\"},\"query-input\":{\"@type\":\"PropertyValueSpecification\",\"valueRequired\":true,\"valueName\":\"search_term_string\"}}],\"inLanguage\":\"pt-BR\"},{\"@type\":\"Organization\",\"@id\":\"https:\/\/psol50.org.br\/#organization\",\"name\":\"PSOL 50\",\"alternateName\":\"PSOL 50\",\"url\":\"https:\/\/psol50.org.br\/\",\"logo\":{\"@type\":\"ImageObject\",\"inLanguage\":\"pt-BR\",\"@id\":\"https:\/\/psol50.org.br\/#\/schema\/logo\/image\/\",\"url\":\"https:\/\/psol50.org.br\/inc\/uploads\/2018\/07\/capa.png\",\"contentUrl\":\"https:\/\/psol50.org.br\/inc\/uploads\/2018\/07\/capa.png\",\"width\":1350,\"height\":900,\"caption\":\"PSOL 50\"},\"image\":{\"@id\":\"https:\/\/psol50.org.br\/#\/schema\/logo\/image\/\"},\"sameAs\":[\"https:\/\/www.facebook.com\/psol50\",\"https:\/\/x.com\/psol50\",\"https:\/\/www.instagram.com\/psol50\/\",\"https:\/\/www.youtube.com\/channel\/UC7SnJS5o1os7a6CaiNabzcg\"]},{\"@type\":\"Person\",\"@id\":\"https:\/\/psol50.org.br\/#\/schema\/person\/475dfa57d0b815993c714c2e96491fcd\",\"name\":\"Comunica\u00e7\u00e3o PSOL\",\"image\":{\"@type\":\"ImageObject\",\"inLanguage\":\"pt-BR\",\"@id\":\"https:\/\/psol50.org.br\/#\/schema\/person\/image\/\",\"url\":\"https:\/\/secure.gravatar.com\/avatar\/b34fc4f4e468a4e51785917065a3db57b841f5c95dba6ad8c73aaf8f66f8f9bf?s=96&d=mm&r=g\",\"contentUrl\":\"https:\/\/secure.gravatar.com\/avatar\/b34fc4f4e468a4e51785917065a3db57b841f5c95dba6ad8c73aaf8f66f8f9bf?s=96&d=mm&r=g\",\"caption\":\"Comunica\u00e7\u00e3o PSOL\"}}]}<\/script>\n<!-- \/ Yoast SEO plugin. -->","yoast_head_json":{"title":"Servidores marcham em Bras\u00edlia contra proposta do governo - PSOL 50","robots":{"index":"index","follow":"follow","max-snippet":"max-snippet:-1","max-image-preview":"max-image-preview:large","max-video-preview":"max-video-preview:-1"},"canonical":"https:\/\/psol50.org.br\/servidores-federais-promovem-marcha-em-brasilia-contra-proposta-do-governo\/","og_locale":"pt_BR","og_type":"article","og_title":"Servidores marcham em Bras\u00edlia contra proposta do governo - PSOL 50","og_description":"Do PSOL Nacional, Leonor Costa*\u00a0 Cerca de 7 mil servidores, de v\u00e1rias categorias do funcionalismo p\u00fablico federal, realizaram na manh\u00e3 desta quarta-feira (22), uma marcha na Esplanada dos Minist\u00e9rios, em Bras\u00edlia, oportunidade em que repudiaram a pol\u00edtica de ajuste fiscal do governo Dilma e tamb\u00e9m a proposta rebaixada de reajuste, apresentada pelo Minist\u00e9rio do Planejamento, [&hellip;]","og_url":"https:\/\/psol50.org.br\/servidores-federais-promovem-marcha-em-brasilia-contra-proposta-do-governo\/","og_site_name":"PSOL 50","article_publisher":"https:\/\/www.facebook.com\/psol50","article_published_time":"2015-07-22T14:54:18+00:00","og_image":[{"width":1150,"height":699,"url":"https:\/\/psol50.org.br\/inc\/uploads\/2015\/08\/Marcha-SPFs-1-Jose-Cruz-ABr.jpg","type":"image\/jpeg"}],"author":"Comunica\u00e7\u00e3o PSOL","twitter_card":"summary_large_image","twitter_creator":"@psol50","twitter_site":"@psol50","twitter_misc":{"Escrito por":"Comunica\u00e7\u00e3o PSOL","Est. tempo de leitura":"3 minutos"},"schema":{"@context":"https:\/\/schema.org","@graph":[{"@type":"Article","@id":"https:\/\/psol50.org.br\/servidores-federais-promovem-marcha-em-brasilia-contra-proposta-do-governo\/#article","isPartOf":{"@id":"https:\/\/psol50.org.br\/servidores-federais-promovem-marcha-em-brasilia-contra-proposta-do-governo\/"},"author":{"name":"Comunica\u00e7\u00e3o PSOL","@id":"https:\/\/psol50.org.br\/#\/schema\/person\/475dfa57d0b815993c714c2e96491fcd"},"headline":"Servidores marcham em Bras\u00edlia contra proposta do governo","datePublished":"2015-07-22T14:54:18+00:00","mainEntityOfPage":{"@id":"https:\/\/psol50.org.br\/servidores-federais-promovem-marcha-em-brasilia-contra-proposta-do-governo\/"},"wordCount":629,"commentCount":0,"publisher":{"@id":"https:\/\/psol50.org.br\/#organization"},"image":{"@id":"https:\/\/psol50.org.br\/servidores-federais-promovem-marcha-em-brasilia-contra-proposta-do-governo\/#primaryimage"},"thumbnailUrl":"https:\/\/psol50.org.br\/inc\/uploads\/2015\/08\/Marcha-SPFs-1-Jose-Cruz-ABr.jpg","keywords":["marcha","servidores p\u00fablicos"],"articleSection":["Not\u00edcias"],"inLanguage":"pt-BR","potentialAction":[{"@type":"CommentAction","name":"Comment","target":["https:\/\/psol50.org.br\/servidores-federais-promovem-marcha-em-brasilia-contra-proposta-do-governo\/#respond"]}]},{"@type":"WebPage","@id":"https:\/\/psol50.org.br\/servidores-federais-promovem-marcha-em-brasilia-contra-proposta-do-governo\/","url":"https:\/\/psol50.org.br\/servidores-federais-promovem-marcha-em-brasilia-contra-proposta-do-governo\/","name":"Servidores marcham em Bras\u00edlia contra proposta do governo - PSOL 50","isPartOf":{"@id":"https:\/\/psol50.org.br\/#website"},"primaryImageOfPage":{"@id":"https:\/\/psol50.org.br\/servidores-federais-promovem-marcha-em-brasilia-contra-proposta-do-governo\/#primaryimage"},"image":{"@id":"https:\/\/psol50.org.br\/servidores-federais-promovem-marcha-em-brasilia-contra-proposta-do-governo\/#primaryimage"},"thumbnailUrl":"https:\/\/psol50.org.br\/inc\/uploads\/2015\/08\/Marcha-SPFs-1-Jose-Cruz-ABr.jpg","datePublished":"2015-07-22T14:54:18+00:00","breadcrumb":{"@id":"https:\/\/psol50.org.br\/servidores-federais-promovem-marcha-em-brasilia-contra-proposta-do-governo\/#breadcrumb"},"inLanguage":"pt-BR","potentialAction":[{"@type":"ReadAction","target":["https:\/\/psol50.org.br\/servidores-federais-promovem-marcha-em-brasilia-contra-proposta-do-governo\/"]}]},{"@type":"ImageObject","inLanguage":"pt-BR","@id":"https:\/\/psol50.org.br\/servidores-federais-promovem-marcha-em-brasilia-contra-proposta-do-governo\/#primaryimage","url":"https:\/\/psol50.org.br\/inc\/uploads\/2015\/08\/Marcha-SPFs-1-Jose-Cruz-ABr.jpg","contentUrl":"https:\/\/psol50.org.br\/inc\/uploads\/2015\/08\/Marcha-SPFs-1-Jose-Cruz-ABr.jpg","width":1150,"height":699,"caption":"Servidores do p\u00fablicos fazem manifesta\u00e7\u00e3o em Bras\u00edlia (Jos\u00e9 Cruz\/Ag\u00eancia Brasil)"},{"@type":"BreadcrumbList","@id":"https:\/\/psol50.org.br\/servidores-federais-promovem-marcha-em-brasilia-contra-proposta-do-governo\/#breadcrumb","itemListElement":[{"@type":"ListItem","position":1,"name":"In\u00edcio","item":"https:\/\/psol50.org.br\/"},{"@type":"ListItem","position":2,"name":"Servidores marcham em Bras\u00edlia contra proposta do governo"}]},{"@type":"WebSite","@id":"https:\/\/psol50.org.br\/#website","url":"https:\/\/psol50.org.br\/","name":"PSOL 50","description":"Site oficial do Partido Socialismo e Liberdade","publisher":{"@id":"https:\/\/psol50.org.br\/#organization"},"alternateName":"PSOL50","potentialAction":[{"@type":"SearchAction","target":{"@type":"EntryPoint","urlTemplate":"https:\/\/psol50.org.br\/?s={search_term_string}"},"query-input":{"@type":"PropertyValueSpecification","valueRequired":true,"valueName":"search_term_string"}}],"inLanguage":"pt-BR"},{"@type":"Organization","@id":"https:\/\/psol50.org.br\/#organization","name":"PSOL 50","alternateName":"PSOL 50","url":"https:\/\/psol50.org.br\/","logo":{"@type":"ImageObject","inLanguage":"pt-BR","@id":"https:\/\/psol50.org.br\/#\/schema\/logo\/image\/","url":"https:\/\/psol50.org.br\/inc\/uploads\/2018\/07\/capa.png","contentUrl":"https:\/\/psol50.org.br\/inc\/uploads\/2018\/07\/capa.png","width":1350,"height":900,"caption":"PSOL 50"},"image":{"@id":"https:\/\/psol50.org.br\/#\/schema\/logo\/image\/"},"sameAs":["https:\/\/www.facebook.com\/psol50","https:\/\/x.com\/psol50","https:\/\/www.instagram.com\/psol50\/","https:\/\/www.youtube.com\/channel\/UC7SnJS5o1os7a6CaiNabzcg"]},{"@type":"Person","@id":"https:\/\/psol50.org.br\/#\/schema\/person\/475dfa57d0b815993c714c2e96491fcd","name":"Comunica\u00e7\u00e3o PSOL","image":{"@type":"ImageObject","inLanguage":"pt-BR","@id":"https:\/\/psol50.org.br\/#\/schema\/person\/image\/","url":"https:\/\/secure.gravatar.com\/avatar\/b34fc4f4e468a4e51785917065a3db57b841f5c95dba6ad8c73aaf8f66f8f9bf?s=96&d=mm&r=g","contentUrl":"https:\/\/secure.gravatar.com\/avatar\/b34fc4f4e468a4e51785917065a3db57b841f5c95dba6ad8c73aaf8f66f8f9bf?s=96&d=mm&r=g","caption":"Comunica\u00e7\u00e3o PSOL"}}]}},"_links":{"self":[{"href":"https:\/\/psol50.org.br\/rest\/wp\/v2\/posts\/3783","targetHints":{"allow":["GET"]}}],"collection":[{"href":"https:\/\/psol50.org.br\/rest\/wp\/v2\/posts"}],"about":[{"href":"https:\/\/psol50.org.br\/rest\/wp\/v2\/types\/post"}],"author":[{"embeddable":true,"href":"https:\/\/psol50.org.br\/rest\/wp\/v2\/users\/2"}],"replies":[{"embeddable":true,"href":"https:\/\/psol50.org.br\/rest\/wp\/v2\/comments?post=3783"}],"version-history":[{"count":0,"href":"https:\/\/psol50.org.br\/rest\/wp\/v2\/posts\/3783\/revisions"}],"wp:featuredmedia":[{"embeddable":true,"href":"https:\/\/psol50.org.br\/rest\/wp\/v2\/media\/3784"}],"wp:attachment":[{"href":"https:\/\/psol50.org.br\/rest\/wp\/v2\/media?parent=3783"}],"wp:term":[{"taxonomy":"category","embeddable":true,"href":"https:\/\/psol50.org.br\/rest\/wp\/v2\/categories?post=3783"},{"taxonomy":"post_tag","embeddable":true,"href":"https:\/\/psol50.org.br\/rest\/wp\/v2\/tags?post=3783"}],"curies":[{"name":"wp","href":"https:\/\/api.w.org\/{rel}","templated":true}]}}