{"id":37866,"date":"2023-05-11T11:51:57","date_gmt":"2023-05-11T14:51:57","guid":{"rendered":"https:\/\/psol50.org.br\/?p=37866"},"modified":"2023-05-20T14:55:05","modified_gmt":"2023-05-20T17:55:05","slug":"conferencia-da-amazonia-tem-programacao-definida-entre-os-dias-19-e-21-de-maio-em-belem-pa","status":"publish","type":"post","link":"https:\/\/psol50.org.br\/conferencia-da-amazonia-tem-programacao-definida-entre-os-dias-19-e-21-de-maio-em-belem-pa\/","title":{"rendered":"Confer\u00eancia da Amaz\u00f4nia tem programa\u00e7\u00e3o definida entre os dias 19 e 21 de maio em Bel\u00e9m (PA)"},"content":{"rendered":"<p>Entre os dias 19, 20 e 21 de maio, o PSOL realiza a Confer\u00eancia da Amaz\u00f4nia em Bel\u00e9m, capital paraense que pleiteia receber a COP-30 em 2025 e \u00e9 governada pelo partido com o prefeito Edmilson Rodrigues.<\/p>\n<p>O evento acontecer\u00e1 no Hotel Princesa Lou\u00e7\u00e3 (Av. Presidente Vargas, 882 &#8211; Campina) e ser\u00e1 restrito aos militantes do PSOL e \u00e0 participa\u00e7\u00e3o de movimentos sociais convidados e ter\u00e1 como foco a discuss\u00e3o program\u00e1tica do partido com a agenda ambiental no centro da estrat\u00e9gia socialista.<\/p>\n<p>O PSOL deve ser protagonista no necess\u00e1rio processo de \u201camazonizar\u201d a esquerda brasileira e colocar a quest\u00e3o clim\u00e1tica no centro da estrat\u00e9gia da luta anticapitalista. Al\u00e9m de governar a maior cidade amaz\u00f4nica, que \u00e9 Bel\u00e9m do Par\u00e1, com o prefeito Edmilson Rodrigues, a Ministra dos Povos Ind\u00edgenas do governo Lula \u00e9 Sonia Guajajara, tamb\u00e9m do PSOL.<\/p>\n<h6><strong>Confira abaixo a programa\u00e7\u00e3o na \u00edntegra da Confer\u00eancia da Amaz\u00f4nia<\/strong><\/h6>\n<ul class=\"p-rich_text_list p-rich_text_list__bullet\" data-stringify-type=\"unordered-list\" data-indent=\"0\" data-border=\"0\">\n<li data-stringify-indent=\"0\" data-stringify-border=\"0\"><strong>Sexta-feira (19) \u00e0s 18h &#8211; Mesa de Abertura<\/strong><\/li>\n<\/ul>\n<div class=\"p-rich_text_section\">C\u00e9lia Xakriab\u00e1, deputada federal do PSOL\/MG<br \/>\nEdmilson Rodrigues, prefeito de Bel\u00e9m (PA)<br \/>\nJuliano Medeiros, presidente nacional do PSOL<br \/>\nVivi Reis, Secret\u00e1ria de Movimentos Sociais do PSOL<br \/>\nL\u00edvia Duarte, representante da bancada estadual do PSOL\/PA<\/div>\n<div><\/div>\n<div class=\"p-rich_text_section\">Al\u00e9m de sauda\u00e7\u00f5es de parlamentares federais e movimentos sociais presentes<\/div>\n<ul class=\"p-rich_text_list p-rich_text_list__bullet\" data-stringify-type=\"unordered-list\" data-indent=\"0\" data-border=\"0\">\n<li data-stringify-indent=\"0\" data-stringify-border=\"0\"><strong>Sexta-feira (19) \u00e0s 19h30 &#8211; O Futuro \u00e9 Ancestral: a Amaz\u00f4nia como garantia de futuro<\/strong><\/li>\n<\/ul>\n<p>S\u00f4nia Guajajara, ministra dos Povos Ind\u00edgenas do Brasil<br \/>\nEdmilson Rodrigues, prefeito de Bel\u00e9m (PA)<br \/>\nVivi Reis, deputada federal pelo PSOL entre 2021 e 2022<\/p>\n<ul>\n<li data-stringify-indent=\"0\" data-stringify-border=\"0\"><strong>S\u00e1bado (20) \u00e0s 9h &#8211; Territ\u00f3rio e territorialidade: conflitos, gest\u00e3o participativa e pol\u00edticas p\u00fablicas<\/strong><\/li>\n<\/ul>\n<p>Maria Leusa Kab\u00e1 Munduruku<br \/>\nPrincipal lideran\u00e7a pol\u00edtica do Povo Munduruku do Alto Tapaj\u00f3s e coordenadora da Associa\u00e7\u00e3o de Mulheres Munduruku Wako Bor\u016bn.<\/p>\n<p>David Pereira Junior<br \/>\nIntelectual e ativista quilombola de Alc\u00e2ntara (MA). \u00c9 pesquisador da Nova Cartografia Social da Amaz\u00f4nia desde 2005 e assessor Pro Bono dos Movimentos Quilombolas de Alc\u00e2ntara.<\/p>\n<p>Antonia Cariongo<br \/>\nLideran\u00e7a quilombola, militante do movimento negro, defensora de direitos humanos e ecossocialista. \u00c9 da dire\u00e7\u00e3o nacional do PSOL e coordenadora do Setorial Ecossocialista.<\/p>\n<ul>\n<li data-stringify-indent=\"0\" data-stringify-border=\"0\"><strong>S\u00e1bado (20) \u00e0s 14h &#8211; O Brasil e os desafios na luta ambiental<\/strong><\/li>\n<\/ul>\n<p>S\u00f4nia Magalh\u00e3es<br \/>\nProfessora do Instituto Amaz\u00f4nico de Agriculturas Familiares (Ineaf) da UFPA, coordena pesquisas sobre camponeses, povos tradicionais e pol\u00edticas p\u00fablicas na Amaz\u00f4nia.<\/p>\n<p>Bart\u00f4 Macuxi<br \/>\nArtista do povo Macuxi, concorreu ao Senado em Roraima em 2022 com a mais exitosa campanha da hist\u00f3ria de um ind\u00edgena ao cargo no estado.<\/p>\n<p>Geovane Lima<br \/>\nCoordenador do Movimento Social For\u00e7a Popular e membro da dire\u00e7\u00e3o nacional do PSOL, \u00e9 filho de lavradores, mora em Santa Luzia (MA) e \u00e9 militante social desde 2007.<\/p>\n<ul>\n<li data-stringify-indent=\"0\" data-stringify-border=\"0\"><strong>S\u00e1bado (20) \u00e0s 18h30 &#8211; Amaz\u00f4nia na fronteira do capital: financeiriza\u00e7\u00e3o da natureza e a transi\u00e7\u00e3o ecossocialista<\/strong><\/li>\n<\/ul>\n<p>Junior Hekurari Yanomami<br \/>\nL\u00edder ind\u00edgena, representante do Povo Yanomami, Presidente do Conselho Distrital de Sa\u00fade Ind\u00edgena Yanomami e Ye\u2019Kuana e Presidente da Urihi Associa\u00e7\u00e3o Yanomami.<\/p>\n<p>Camila Moreno<br \/>\nPesquisadora, participa desde 2008 das negocia\u00e7\u00f5es da Conven\u00e7\u00e3o-Quadro das Na\u00e7\u00f5es Unidas sobre Mudan\u00e7as Clim\u00e1ticas como observadora e integra o Grupo Carta de Bel\u00e9m.<\/p>\n<p>Fernando Carneiro<br \/>\nVereador do PSOL em Bel\u00e9m (PA), presidente da Comiss\u00e3o de Direitos Humanos e membro do Conselho Municipal de Meio Ambiente. J\u00e1 foi candidato ao governo do Par\u00e1 em 2010 e 2018.<\/p>\n<ul>\n<li data-stringify-indent=\"0\" data-stringify-border=\"0\"><strong>Domingo (21) \u00e0s 9h &#8211; Imperialismo na Pan-Amaz\u00f4nia: a COP e as propostas do capital<\/strong><\/li>\n<\/ul>\n<p>Bruno Malheiros<br \/>\nProfessor do curso de Licenciatura em Educa\u00e7\u00e3o do Campo da UNIFESSPA e da P\u00f3s-Gradua\u00e7\u00e3o em Geografia na UEPA, coordena o Laborat\u00f3rio de Estudos em Territ\u00f3rio, Interculturalidade e R-Exist\u00eancia na Amaz\u00f4nia (LaTierra).<\/p>\n<p>L\u00edvia Duarte<br \/>\nM\u00e3e, negra, militante socialista e feminista. Deputada estadual pelo PSOL, j\u00e1 foi vereadora de Bel\u00e9m e a primeira presidenta negra do diret\u00f3rio municipal do PSOL. Presidente da Comiss\u00e3o de Cultura e vice-presidente da Comiss\u00e3o de Direitos Humanos da ALEPA.<\/p>\n<p>T\u00e2nia Chantel<br \/>\nCoordenadora da Caca de Maria, institui\u00e7\u00e3o que garante acolhimento e atendimento psicol\u00f3gico, social e jur\u00eddico a mulheres em situa\u00e7\u00e3o de viol\u00eancia dom\u00e9stica e familiar.<\/p>\n","protected":false},"excerpt":{"rendered":"<p>Entre os dias 19, 20 e 21 de maio, o PSOL realiza a Confer\u00eancia da Amaz\u00f4nia em Bel\u00e9m, capital paraense que pleiteia receber a COP-30 em 2025 e \u00e9 governada pelo partido com o prefeito Edmilson Rodrigues. O evento acontecer\u00e1 no Hotel Princesa Lou\u00e7\u00e3 (Av. Presidente Vargas, 882 &#8211; Campina) e ser\u00e1 restrito aos militantes [&hellip;]<\/p>\n","protected":false},"author":2,"featured_media":37869,"comment_status":"closed","ping_status":"open","sticky":false,"template":"","format":"standard","meta":{"_acf_changed":false,"footnotes":""},"categories":[14],"tags":[4825],"class_list":{"0":"post-37866","1":"post","2":"type-post","3":"status-publish","4":"format-standard","5":"has-post-thumbnail","7":"category-partido","8":"tag-noticias"},"acf":[],"yoast_head":"<!-- This site is optimized with the Yoast SEO plugin v26.5 - https:\/\/yoast.com\/wordpress\/plugins\/seo\/ -->\n<title>Confer\u00eancia da Amaz\u00f4nia tem programa\u00e7\u00e3o definida entre os dias 19 e 21 de maio em Bel\u00e9m (PA)<\/title>\n<meta name=\"description\" content=\"Evento do PSOL contar\u00e1 com uma s\u00e9rie de ativistas, parlamentares e dirigentes em mesas que v\u00e3o debater como &quot;amazonizar&quot; a esquerda brasileira.\" \/>\n<meta name=\"robots\" content=\"index, follow, max-snippet:-1, max-image-preview:large, max-video-preview:-1\" \/>\n<link rel=\"canonical\" href=\"https:\/\/psol50.org.br\/conferencia-da-amazonia-tem-programacao-definida-entre-os-dias-19-e-21-de-maio-em-belem-pa\/\" \/>\n<meta property=\"og:locale\" content=\"pt_BR\" \/>\n<meta property=\"og:type\" content=\"article\" \/>\n<meta property=\"og:title\" content=\"Confer\u00eancia da Amaz\u00f4nia tem programa\u00e7\u00e3o definida entre os dias 19 e 21 de maio em Bel\u00e9m (PA)\" \/>\n<meta property=\"og:description\" content=\"Evento do PSOL contar\u00e1 com uma s\u00e9rie de ativistas, parlamentares e dirigentes em mesas que v\u00e3o debater como &quot;amazonizar&quot; a esquerda brasileira.\" \/>\n<meta property=\"og:url\" content=\"https:\/\/psol50.org.br\/conferencia-da-amazonia-tem-programacao-definida-entre-os-dias-19-e-21-de-maio-em-belem-pa\/\" \/>\n<meta property=\"og:site_name\" content=\"PSOL 50\" \/>\n<meta property=\"article:publisher\" content=\"https:\/\/www.facebook.com\/psol50\" \/>\n<meta property=\"article:published_time\" content=\"2023-05-11T14:51:57+00:00\" \/>\n<meta property=\"article:modified_time\" content=\"2023-05-20T17:55:05+00:00\" \/>\n<meta property=\"og:image\" content=\"https:\/\/psol50.org.br\/inc\/uploads\/2023\/05\/Meu-projeto.jpg\" \/>\n\t<meta property=\"og:image:width\" content=\"2550\" \/>\n\t<meta property=\"og:image:height\" content=\"1700\" \/>\n\t<meta property=\"og:image:type\" content=\"image\/jpeg\" \/>\n<meta name=\"author\" content=\"Comunica\u00e7\u00e3o PSOL\" \/>\n<meta name=\"twitter:card\" content=\"summary_large_image\" \/>\n<meta name=\"twitter:creator\" content=\"@psol50\" \/>\n<meta name=\"twitter:site\" content=\"@psol50\" \/>\n<meta name=\"twitter:label1\" content=\"Escrito por\" \/>\n\t<meta name=\"twitter:data1\" content=\"Comunica\u00e7\u00e3o PSOL\" \/>\n\t<meta name=\"twitter:label2\" content=\"Est. tempo de leitura\" \/>\n\t<meta name=\"twitter:data2\" content=\"4 minutos\" \/>\n<script type=\"application\/ld+json\" class=\"yoast-schema-graph\">{\"@context\":\"https:\/\/schema.org\",\"@graph\":[{\"@type\":\"Article\",\"@id\":\"https:\/\/psol50.org.br\/conferencia-da-amazonia-tem-programacao-definida-entre-os-dias-19-e-21-de-maio-em-belem-pa\/#article\",\"isPartOf\":{\"@id\":\"https:\/\/psol50.org.br\/conferencia-da-amazonia-tem-programacao-definida-entre-os-dias-19-e-21-de-maio-em-belem-pa\/\"},\"author\":{\"name\":\"Comunica\u00e7\u00e3o PSOL\",\"@id\":\"https:\/\/psol50.org.br\/#\/schema\/person\/475dfa57d0b815993c714c2e96491fcd\"},\"headline\":\"Confer\u00eancia da Amaz\u00f4nia tem programa\u00e7\u00e3o definida entre os dias 19 e 21 de maio em Bel\u00e9m (PA)\",\"datePublished\":\"2023-05-11T14:51:57+00:00\",\"dateModified\":\"2023-05-20T17:55:05+00:00\",\"mainEntityOfPage\":{\"@id\":\"https:\/\/psol50.org.br\/conferencia-da-amazonia-tem-programacao-definida-entre-os-dias-19-e-21-de-maio-em-belem-pa\/\"},\"wordCount\":724,\"publisher\":{\"@id\":\"https:\/\/psol50.org.br\/#organization\"},\"image\":{\"@id\":\"https:\/\/psol50.org.br\/conferencia-da-amazonia-tem-programacao-definida-entre-os-dias-19-e-21-de-maio-em-belem-pa\/#primaryimage\"},\"thumbnailUrl\":\"https:\/\/psol50.org.br\/inc\/uploads\/2023\/05\/Meu-projeto.jpg\",\"keywords\":[\"Not\u00edcias\"],\"articleSection\":[\"Partido\"],\"inLanguage\":\"pt-BR\"},{\"@type\":\"WebPage\",\"@id\":\"https:\/\/psol50.org.br\/conferencia-da-amazonia-tem-programacao-definida-entre-os-dias-19-e-21-de-maio-em-belem-pa\/\",\"url\":\"https:\/\/psol50.org.br\/conferencia-da-amazonia-tem-programacao-definida-entre-os-dias-19-e-21-de-maio-em-belem-pa\/\",\"name\":\"Confer\u00eancia da Amaz\u00f4nia tem programa\u00e7\u00e3o definida entre os dias 19 e 21 de maio em Bel\u00e9m (PA)\",\"isPartOf\":{\"@id\":\"https:\/\/psol50.org.br\/#website\"},\"primaryImageOfPage\":{\"@id\":\"https:\/\/psol50.org.br\/conferencia-da-amazonia-tem-programacao-definida-entre-os-dias-19-e-21-de-maio-em-belem-pa\/#primaryimage\"},\"image\":{\"@id\":\"https:\/\/psol50.org.br\/conferencia-da-amazonia-tem-programacao-definida-entre-os-dias-19-e-21-de-maio-em-belem-pa\/#primaryimage\"},\"thumbnailUrl\":\"https:\/\/psol50.org.br\/inc\/uploads\/2023\/05\/Meu-projeto.jpg\",\"datePublished\":\"2023-05-11T14:51:57+00:00\",\"dateModified\":\"2023-05-20T17:55:05+00:00\",\"description\":\"Evento do PSOL contar\u00e1 com uma s\u00e9rie de ativistas, parlamentares e dirigentes em mesas que v\u00e3o debater como \\\"amazonizar\\\" a esquerda brasileira.\",\"breadcrumb\":{\"@id\":\"https:\/\/psol50.org.br\/conferencia-da-amazonia-tem-programacao-definida-entre-os-dias-19-e-21-de-maio-em-belem-pa\/#breadcrumb\"},\"inLanguage\":\"pt-BR\",\"potentialAction\":[{\"@type\":\"ReadAction\",\"target\":[\"https:\/\/psol50.org.br\/conferencia-da-amazonia-tem-programacao-definida-entre-os-dias-19-e-21-de-maio-em-belem-pa\/\"]}]},{\"@type\":\"ImageObject\",\"inLanguage\":\"pt-BR\",\"@id\":\"https:\/\/psol50.org.br\/conferencia-da-amazonia-tem-programacao-definida-entre-os-dias-19-e-21-de-maio-em-belem-pa\/#primaryimage\",\"url\":\"https:\/\/psol50.org.br\/inc\/uploads\/2023\/05\/Meu-projeto.jpg\",\"contentUrl\":\"https:\/\/psol50.org.br\/inc\/uploads\/2023\/05\/Meu-projeto.jpg\",\"width\":2550,\"height\":1700},{\"@type\":\"BreadcrumbList\",\"@id\":\"https:\/\/psol50.org.br\/conferencia-da-amazonia-tem-programacao-definida-entre-os-dias-19-e-21-de-maio-em-belem-pa\/#breadcrumb\",\"itemListElement\":[{\"@type\":\"ListItem\",\"position\":1,\"name\":\"In\u00edcio\",\"item\":\"https:\/\/psol50.org.br\/\"},{\"@type\":\"ListItem\",\"position\":2,\"name\":\"Confer\u00eancia da Amaz\u00f4nia tem programa\u00e7\u00e3o definida entre os dias 19 e 21 de maio em Bel\u00e9m (PA)\"}]},{\"@type\":\"WebSite\",\"@id\":\"https:\/\/psol50.org.br\/#website\",\"url\":\"https:\/\/psol50.org.br\/\",\"name\":\"PSOL 50\",\"description\":\"Site oficial do Partido Socialismo e Liberdade\",\"publisher\":{\"@id\":\"https:\/\/psol50.org.br\/#organization\"},\"alternateName\":\"PSOL50\",\"potentialAction\":[{\"@type\":\"SearchAction\",\"target\":{\"@type\":\"EntryPoint\",\"urlTemplate\":\"https:\/\/psol50.org.br\/?s={search_term_string}\"},\"query-input\":{\"@type\":\"PropertyValueSpecification\",\"valueRequired\":true,\"valueName\":\"search_term_string\"}}],\"inLanguage\":\"pt-BR\"},{\"@type\":\"Organization\",\"@id\":\"https:\/\/psol50.org.br\/#organization\",\"name\":\"PSOL 50\",\"alternateName\":\"PSOL 50\",\"url\":\"https:\/\/psol50.org.br\/\",\"logo\":{\"@type\":\"ImageObject\",\"inLanguage\":\"pt-BR\",\"@id\":\"https:\/\/psol50.org.br\/#\/schema\/logo\/image\/\",\"url\":\"https:\/\/psol50.org.br\/inc\/uploads\/2018\/07\/capa.png\",\"contentUrl\":\"https:\/\/psol50.org.br\/inc\/uploads\/2018\/07\/capa.png\",\"width\":1350,\"height\":900,\"caption\":\"PSOL 50\"},\"image\":{\"@id\":\"https:\/\/psol50.org.br\/#\/schema\/logo\/image\/\"},\"sameAs\":[\"https:\/\/www.facebook.com\/psol50\",\"https:\/\/x.com\/psol50\",\"https:\/\/www.instagram.com\/psol50\/\",\"https:\/\/www.youtube.com\/channel\/UC7SnJS5o1os7a6CaiNabzcg\"]},{\"@type\":\"Person\",\"@id\":\"https:\/\/psol50.org.br\/#\/schema\/person\/475dfa57d0b815993c714c2e96491fcd\",\"name\":\"Comunica\u00e7\u00e3o PSOL\",\"image\":{\"@type\":\"ImageObject\",\"inLanguage\":\"pt-BR\",\"@id\":\"https:\/\/psol50.org.br\/#\/schema\/person\/image\/\",\"url\":\"https:\/\/secure.gravatar.com\/avatar\/b34fc4f4e468a4e51785917065a3db57b841f5c95dba6ad8c73aaf8f66f8f9bf?s=96&d=mm&r=g\",\"contentUrl\":\"https:\/\/secure.gravatar.com\/avatar\/b34fc4f4e468a4e51785917065a3db57b841f5c95dba6ad8c73aaf8f66f8f9bf?s=96&d=mm&r=g\",\"caption\":\"Comunica\u00e7\u00e3o PSOL\"}}]}<\/script>\n<!-- \/ Yoast SEO plugin. -->","yoast_head_json":{"title":"Confer\u00eancia da Amaz\u00f4nia tem programa\u00e7\u00e3o definida entre os dias 19 e 21 de maio em Bel\u00e9m (PA)","description":"Evento do PSOL contar\u00e1 com uma s\u00e9rie de ativistas, parlamentares e dirigentes em mesas que v\u00e3o debater como \"amazonizar\" a esquerda brasileira.","robots":{"index":"index","follow":"follow","max-snippet":"max-snippet:-1","max-image-preview":"max-image-preview:large","max-video-preview":"max-video-preview:-1"},"canonical":"https:\/\/psol50.org.br\/conferencia-da-amazonia-tem-programacao-definida-entre-os-dias-19-e-21-de-maio-em-belem-pa\/","og_locale":"pt_BR","og_type":"article","og_title":"Confer\u00eancia da Amaz\u00f4nia tem programa\u00e7\u00e3o definida entre os dias 19 e 21 de maio em Bel\u00e9m (PA)","og_description":"Evento do PSOL contar\u00e1 com uma s\u00e9rie de ativistas, parlamentares e dirigentes em mesas que v\u00e3o debater como \"amazonizar\" a esquerda brasileira.","og_url":"https:\/\/psol50.org.br\/conferencia-da-amazonia-tem-programacao-definida-entre-os-dias-19-e-21-de-maio-em-belem-pa\/","og_site_name":"PSOL 50","article_publisher":"https:\/\/www.facebook.com\/psol50","article_published_time":"2023-05-11T14:51:57+00:00","article_modified_time":"2023-05-20T17:55:05+00:00","og_image":[{"width":2550,"height":1700,"url":"https:\/\/psol50.org.br\/inc\/uploads\/2023\/05\/Meu-projeto.jpg","type":"image\/jpeg"}],"author":"Comunica\u00e7\u00e3o PSOL","twitter_card":"summary_large_image","twitter_creator":"@psol50","twitter_site":"@psol50","twitter_misc":{"Escrito por":"Comunica\u00e7\u00e3o PSOL","Est. tempo de leitura":"4 minutos"},"schema":{"@context":"https:\/\/schema.org","@graph":[{"@type":"Article","@id":"https:\/\/psol50.org.br\/conferencia-da-amazonia-tem-programacao-definida-entre-os-dias-19-e-21-de-maio-em-belem-pa\/#article","isPartOf":{"@id":"https:\/\/psol50.org.br\/conferencia-da-amazonia-tem-programacao-definida-entre-os-dias-19-e-21-de-maio-em-belem-pa\/"},"author":{"name":"Comunica\u00e7\u00e3o PSOL","@id":"https:\/\/psol50.org.br\/#\/schema\/person\/475dfa57d0b815993c714c2e96491fcd"},"headline":"Confer\u00eancia da Amaz\u00f4nia tem programa\u00e7\u00e3o definida entre os dias 19 e 21 de maio em Bel\u00e9m (PA)","datePublished":"2023-05-11T14:51:57+00:00","dateModified":"2023-05-20T17:55:05+00:00","mainEntityOfPage":{"@id":"https:\/\/psol50.org.br\/conferencia-da-amazonia-tem-programacao-definida-entre-os-dias-19-e-21-de-maio-em-belem-pa\/"},"wordCount":724,"publisher":{"@id":"https:\/\/psol50.org.br\/#organization"},"image":{"@id":"https:\/\/psol50.org.br\/conferencia-da-amazonia-tem-programacao-definida-entre-os-dias-19-e-21-de-maio-em-belem-pa\/#primaryimage"},"thumbnailUrl":"https:\/\/psol50.org.br\/inc\/uploads\/2023\/05\/Meu-projeto.jpg","keywords":["Not\u00edcias"],"articleSection":["Partido"],"inLanguage":"pt-BR"},{"@type":"WebPage","@id":"https:\/\/psol50.org.br\/conferencia-da-amazonia-tem-programacao-definida-entre-os-dias-19-e-21-de-maio-em-belem-pa\/","url":"https:\/\/psol50.org.br\/conferencia-da-amazonia-tem-programacao-definida-entre-os-dias-19-e-21-de-maio-em-belem-pa\/","name":"Confer\u00eancia da Amaz\u00f4nia tem programa\u00e7\u00e3o definida entre os dias 19 e 21 de maio em Bel\u00e9m (PA)","isPartOf":{"@id":"https:\/\/psol50.org.br\/#website"},"primaryImageOfPage":{"@id":"https:\/\/psol50.org.br\/conferencia-da-amazonia-tem-programacao-definida-entre-os-dias-19-e-21-de-maio-em-belem-pa\/#primaryimage"},"image":{"@id":"https:\/\/psol50.org.br\/conferencia-da-amazonia-tem-programacao-definida-entre-os-dias-19-e-21-de-maio-em-belem-pa\/#primaryimage"},"thumbnailUrl":"https:\/\/psol50.org.br\/inc\/uploads\/2023\/05\/Meu-projeto.jpg","datePublished":"2023-05-11T14:51:57+00:00","dateModified":"2023-05-20T17:55:05+00:00","description":"Evento do PSOL contar\u00e1 com uma s\u00e9rie de ativistas, parlamentares e dirigentes em mesas que v\u00e3o debater como \"amazonizar\" a esquerda brasileira.","breadcrumb":{"@id":"https:\/\/psol50.org.br\/conferencia-da-amazonia-tem-programacao-definida-entre-os-dias-19-e-21-de-maio-em-belem-pa\/#breadcrumb"},"inLanguage":"pt-BR","potentialAction":[{"@type":"ReadAction","target":["https:\/\/psol50.org.br\/conferencia-da-amazonia-tem-programacao-definida-entre-os-dias-19-e-21-de-maio-em-belem-pa\/"]}]},{"@type":"ImageObject","inLanguage":"pt-BR","@id":"https:\/\/psol50.org.br\/conferencia-da-amazonia-tem-programacao-definida-entre-os-dias-19-e-21-de-maio-em-belem-pa\/#primaryimage","url":"https:\/\/psol50.org.br\/inc\/uploads\/2023\/05\/Meu-projeto.jpg","contentUrl":"https:\/\/psol50.org.br\/inc\/uploads\/2023\/05\/Meu-projeto.jpg","width":2550,"height":1700},{"@type":"BreadcrumbList","@id":"https:\/\/psol50.org.br\/conferencia-da-amazonia-tem-programacao-definida-entre-os-dias-19-e-21-de-maio-em-belem-pa\/#breadcrumb","itemListElement":[{"@type":"ListItem","position":1,"name":"In\u00edcio","item":"https:\/\/psol50.org.br\/"},{"@type":"ListItem","position":2,"name":"Confer\u00eancia da Amaz\u00f4nia tem programa\u00e7\u00e3o definida entre os dias 19 e 21 de maio em Bel\u00e9m (PA)"}]},{"@type":"WebSite","@id":"https:\/\/psol50.org.br\/#website","url":"https:\/\/psol50.org.br\/","name":"PSOL 50","description":"Site oficial do Partido Socialismo e Liberdade","publisher":{"@id":"https:\/\/psol50.org.br\/#organization"},"alternateName":"PSOL50","potentialAction":[{"@type":"SearchAction","target":{"@type":"EntryPoint","urlTemplate":"https:\/\/psol50.org.br\/?s={search_term_string}"},"query-input":{"@type":"PropertyValueSpecification","valueRequired":true,"valueName":"search_term_string"}}],"inLanguage":"pt-BR"},{"@type":"Organization","@id":"https:\/\/psol50.org.br\/#organization","name":"PSOL 50","alternateName":"PSOL 50","url":"https:\/\/psol50.org.br\/","logo":{"@type":"ImageObject","inLanguage":"pt-BR","@id":"https:\/\/psol50.org.br\/#\/schema\/logo\/image\/","url":"https:\/\/psol50.org.br\/inc\/uploads\/2018\/07\/capa.png","contentUrl":"https:\/\/psol50.org.br\/inc\/uploads\/2018\/07\/capa.png","width":1350,"height":900,"caption":"PSOL 50"},"image":{"@id":"https:\/\/psol50.org.br\/#\/schema\/logo\/image\/"},"sameAs":["https:\/\/www.facebook.com\/psol50","https:\/\/x.com\/psol50","https:\/\/www.instagram.com\/psol50\/","https:\/\/www.youtube.com\/channel\/UC7SnJS5o1os7a6CaiNabzcg"]},{"@type":"Person","@id":"https:\/\/psol50.org.br\/#\/schema\/person\/475dfa57d0b815993c714c2e96491fcd","name":"Comunica\u00e7\u00e3o PSOL","image":{"@type":"ImageObject","inLanguage":"pt-BR","@id":"https:\/\/psol50.org.br\/#\/schema\/person\/image\/","url":"https:\/\/secure.gravatar.com\/avatar\/b34fc4f4e468a4e51785917065a3db57b841f5c95dba6ad8c73aaf8f66f8f9bf?s=96&d=mm&r=g","contentUrl":"https:\/\/secure.gravatar.com\/avatar\/b34fc4f4e468a4e51785917065a3db57b841f5c95dba6ad8c73aaf8f66f8f9bf?s=96&d=mm&r=g","caption":"Comunica\u00e7\u00e3o PSOL"}}]}},"_links":{"self":[{"href":"https:\/\/psol50.org.br\/rest\/wp\/v2\/posts\/37866","targetHints":{"allow":["GET"]}}],"collection":[{"href":"https:\/\/psol50.org.br\/rest\/wp\/v2\/posts"}],"about":[{"href":"https:\/\/psol50.org.br\/rest\/wp\/v2\/types\/post"}],"author":[{"embeddable":true,"href":"https:\/\/psol50.org.br\/rest\/wp\/v2\/users\/2"}],"replies":[{"embeddable":true,"href":"https:\/\/psol50.org.br\/rest\/wp\/v2\/comments?post=37866"}],"version-history":[{"count":9,"href":"https:\/\/psol50.org.br\/rest\/wp\/v2\/posts\/37866\/revisions"}],"predecessor-version":[{"id":37950,"href":"https:\/\/psol50.org.br\/rest\/wp\/v2\/posts\/37866\/revisions\/37950"}],"wp:featuredmedia":[{"embeddable":true,"href":"https:\/\/psol50.org.br\/rest\/wp\/v2\/media\/37869"}],"wp:attachment":[{"href":"https:\/\/psol50.org.br\/rest\/wp\/v2\/media?parent=37866"}],"wp:term":[{"taxonomy":"category","embeddable":true,"href":"https:\/\/psol50.org.br\/rest\/wp\/v2\/categories?post=37866"},{"taxonomy":"post_tag","embeddable":true,"href":"https:\/\/psol50.org.br\/rest\/wp\/v2\/tags?post=37866"}],"curies":[{"name":"wp","href":"https:\/\/api.w.org\/{rel}","templated":true}]}}