{"id":38122,"date":"2023-06-21T12:07:34","date_gmt":"2023-06-21T15:07:34","guid":{"rendered":"https:\/\/psol50.org.br\/?p=38122"},"modified":"2023-07-04T11:19:29","modified_gmt":"2023-07-04T14:19:29","slug":"psol-protocola-lei-vini-jr-de-combate-ao-racismo","status":"publish","type":"post","link":"https:\/\/psol50.org.br\/psol-protocola-lei-vini-jr-de-combate-ao-racismo\/","title":{"rendered":"PSOL protocola Lei Vini Jr. de combate ao racismo"},"content":{"rendered":"<p>Inspirado em iniciativa do Professor Josemar, deputado estadual pelo PSOL-RJ, o deputado federal Chico Alencar (PSOL) protocolou na \u00faltima quinta-feira (15) um projeto de lei para criar o \u201cPrograma Vini Jr. de Combate ao Racismo\u201d nos est\u00e1dios e nas arenas esportivas do Brasil.<\/p>\n<p>O projeto j\u00e1 foi aprovado na Assembleia Legislativa do Rio de Janeiro e est\u00e1 aguardando a san\u00e7\u00e3o do governador. Toda a bancada da Federa\u00e7\u00e3o PSOL-Rede assinou o projeto em coautoria.<\/p>\n<p>Se aprovada, a iniciativa cria um programa de combate ao racismo nos est\u00e1dios e arenas esportivas, que inclui a interrup\u00e7\u00e3o do evento esportivo em caso de den\u00fancia ou reconhecida manifesta\u00e7\u00e3o de conduta racista por qualquer pessoa presente, sem preju\u00edzo das san\u00e7\u00f5es c\u00edveis, penais e as previstas no regulamento da competi\u00e7\u00e3o.<\/p>\n<p>&#8220;\u00c9 uma iniciativa necess\u00e1ria e urgente. Al\u00e9m de proporcionar um ambiente esportivo mais justo e inclusivo, a medida refor\u00e7ar\u00e1 a mensagem de que a discrimina\u00e7\u00e3o racial n\u00e3o ser\u00e1 tolerada em nossa sociedade&#8221;, disse Chico Alencar ao apresentar o projeto.<\/p>\n<p>\u201cO objetivo do projeto \u00e9 promover um ambiente esportivo inclusivo e livre de racismo, onde todos os indiv\u00edduos possam participar e desfrutar do esporte sem serem alvos de discrimina\u00e7\u00e3o\u201d, concluiu.<\/p>\n","protected":false},"excerpt":{"rendered":"<p>Inspirado em iniciativa do Professor Josemar, deputado estadual pelo PSOL-RJ, o deputado federal Chico Alencar (PSOL) protocolou na \u00faltima quinta-feira (15) um projeto de lei para criar o \u201cPrograma Vini Jr. de Combate ao Racismo\u201d nos est\u00e1dios e nas arenas esportivas do Brasil. O projeto j\u00e1 foi aprovado na Assembleia Legislativa do Rio de Janeiro [&hellip;]<\/p>\n","protected":false},"author":1,"featured_media":38165,"comment_status":"closed","ping_status":"open","sticky":false,"template":"","format":"standard","meta":{"_acf_changed":false,"footnotes":""},"categories":[10],"tags":[5786,1680,1617,347,348,4825,22,5787,127],"class_list":{"0":"post-38122","1":"post","2":"type-post","3":"status-publish","4":"format-standard","5":"has-post-thumbnail","7":"category-acao-parlamentares","8":"tag-arenas","9":"tag-chico-alencar","10":"tag-esporte","11":"tag-estadios","12":"tag-futebol","13":"tag-noticias","14":"tag-psol","15":"tag-psol-rede","16":"tag-racismo"},"acf":[],"yoast_head":"<!-- This site is optimized with the Yoast SEO plugin v26.5 - https:\/\/yoast.com\/wordpress\/plugins\/seo\/ -->\n<title>PSOL protocola Lei Vini Jr. de combate ao racismo<\/title>\n<meta name=\"robots\" content=\"index, follow, max-snippet:-1, max-image-preview:large, max-video-preview:-1\" \/>\n<link rel=\"canonical\" href=\"https:\/\/psol50.org.br\/psol-protocola-lei-vini-jr-de-combate-ao-racismo\/\" \/>\n<meta property=\"og:locale\" content=\"pt_BR\" \/>\n<meta property=\"og:type\" content=\"article\" \/>\n<meta property=\"og:title\" content=\"PSOL protocola Lei Vini Jr. de combate ao racismo\" \/>\n<meta property=\"og:description\" content=\"O projeto de Chico Alencar em coautoria com a bancada PSOL-REDE foi inspirado na iniciativa do Prof. Josemar, deputado estadual pelo PSOL\/RJ\" \/>\n<meta property=\"og:url\" content=\"https:\/\/psol50.org.br\/psol-protocola-lei-vini-jr-de-combate-ao-racismo\/\" \/>\n<meta property=\"og:site_name\" content=\"PSOL 50\" \/>\n<meta property=\"article:publisher\" content=\"https:\/\/www.facebook.com\/psol50\" \/>\n<meta property=\"article:published_time\" content=\"2023-06-21T15:07:34+00:00\" \/>\n<meta property=\"article:modified_time\" content=\"2023-07-04T14:19:29+00:00\" \/>\n<meta property=\"og:image\" content=\"https:\/\/psol50.org.br\/inc\/uploads\/2023\/06\/images-1.jpeg\" \/>\n\t<meta property=\"og:image:width\" content=\"290\" \/>\n\t<meta property=\"og:image:height\" content=\"174\" \/>\n\t<meta property=\"og:image:type\" content=\"image\/jpeg\" \/>\n<meta name=\"author\" content=\"1134adminnacional26042021\" \/>\n<meta name=\"twitter:card\" content=\"summary_large_image\" \/>\n<meta name=\"twitter:title\" content=\"PSOL protocola Lei Vini Jr. de combate ao racismo\" \/>\n<meta name=\"twitter:description\" content=\"O projeto de Chico Alencar em coautoria com a bancada PSOL-REDE foi inspirado na iniciativa do Prof. Josemar, deputado estadual pelo PSOL\/RJ\" \/>\n<meta name=\"twitter:image\" content=\"https:\/\/psol50.org.br\/inc\/uploads\/2023\/06\/images-1.jpeg\" \/>\n<meta name=\"twitter:creator\" content=\"@psol50\" \/>\n<meta name=\"twitter:site\" content=\"@psol50\" \/>\n<meta name=\"twitter:label1\" content=\"Escrito por\" \/>\n\t<meta name=\"twitter:data1\" content=\"1134adminnacional26042021\" \/>\n\t<meta name=\"twitter:label2\" content=\"Est. tempo de leitura\" \/>\n\t<meta name=\"twitter:data2\" content=\"1 minuto\" \/>\n<script type=\"application\/ld+json\" class=\"yoast-schema-graph\">{\"@context\":\"https:\/\/schema.org\",\"@graph\":[{\"@type\":\"Article\",\"@id\":\"https:\/\/psol50.org.br\/psol-protocola-lei-vini-jr-de-combate-ao-racismo\/#article\",\"isPartOf\":{\"@id\":\"https:\/\/psol50.org.br\/psol-protocola-lei-vini-jr-de-combate-ao-racismo\/\"},\"author\":{\"name\":\"1134adminnacional26042021\",\"@id\":\"https:\/\/psol50.org.br\/#\/schema\/person\/3210ead83c92a12684f1d6592869222e\"},\"headline\":\"PSOL protocola Lei Vini Jr. de combate ao racismo\",\"datePublished\":\"2023-06-21T15:07:34+00:00\",\"dateModified\":\"2023-07-04T14:19:29+00:00\",\"mainEntityOfPage\":{\"@id\":\"https:\/\/psol50.org.br\/psol-protocola-lei-vini-jr-de-combate-ao-racismo\/\"},\"wordCount\":216,\"publisher\":{\"@id\":\"https:\/\/psol50.org.br\/#organization\"},\"image\":{\"@id\":\"https:\/\/psol50.org.br\/psol-protocola-lei-vini-jr-de-combate-ao-racismo\/#primaryimage\"},\"thumbnailUrl\":\"https:\/\/psol50.org.br\/inc\/uploads\/2023\/06\/viniciusjr85.jpeg\",\"keywords\":[\"arenas\",\"Chico Alencar\",\"esporte\",\"est\u00e1dios\",\"futebol\",\"Not\u00edcias\",\"PSOL\",\"PSOL-REDE\",\"racismo\"],\"articleSection\":[\"A\u00e7\u00e3o Parlamentar\"],\"inLanguage\":\"pt-BR\"},{\"@type\":\"WebPage\",\"@id\":\"https:\/\/psol50.org.br\/psol-protocola-lei-vini-jr-de-combate-ao-racismo\/\",\"url\":\"https:\/\/psol50.org.br\/psol-protocola-lei-vini-jr-de-combate-ao-racismo\/\",\"name\":\"PSOL protocola Lei Vini Jr. de combate ao racismo\",\"isPartOf\":{\"@id\":\"https:\/\/psol50.org.br\/#website\"},\"primaryImageOfPage\":{\"@id\":\"https:\/\/psol50.org.br\/psol-protocola-lei-vini-jr-de-combate-ao-racismo\/#primaryimage\"},\"image\":{\"@id\":\"https:\/\/psol50.org.br\/psol-protocola-lei-vini-jr-de-combate-ao-racismo\/#primaryimage\"},\"thumbnailUrl\":\"https:\/\/psol50.org.br\/inc\/uploads\/2023\/06\/viniciusjr85.jpeg\",\"datePublished\":\"2023-06-21T15:07:34+00:00\",\"dateModified\":\"2023-07-04T14:19:29+00:00\",\"breadcrumb\":{\"@id\":\"https:\/\/psol50.org.br\/psol-protocola-lei-vini-jr-de-combate-ao-racismo\/#breadcrumb\"},\"inLanguage\":\"pt-BR\",\"potentialAction\":[{\"@type\":\"ReadAction\",\"target\":[\"https:\/\/psol50.org.br\/psol-protocola-lei-vini-jr-de-combate-ao-racismo\/\"]}]},{\"@type\":\"ImageObject\",\"inLanguage\":\"pt-BR\",\"@id\":\"https:\/\/psol50.org.br\/psol-protocola-lei-vini-jr-de-combate-ao-racismo\/#primaryimage\",\"url\":\"https:\/\/psol50.org.br\/inc\/uploads\/2023\/06\/viniciusjr85.jpeg\",\"contentUrl\":\"https:\/\/psol50.org.br\/inc\/uploads\/2023\/06\/viniciusjr85.jpeg\",\"width\":1920,\"height\":1080,\"caption\":\"Foto: Antonio Villalba\/Real Madrid\"},{\"@type\":\"BreadcrumbList\",\"@id\":\"https:\/\/psol50.org.br\/psol-protocola-lei-vini-jr-de-combate-ao-racismo\/#breadcrumb\",\"itemListElement\":[{\"@type\":\"ListItem\",\"position\":1,\"name\":\"In\u00edcio\",\"item\":\"https:\/\/psol50.org.br\/\"},{\"@type\":\"ListItem\",\"position\":2,\"name\":\"PSOL protocola Lei Vini Jr. de combate ao racismo\"}]},{\"@type\":\"WebSite\",\"@id\":\"https:\/\/psol50.org.br\/#website\",\"url\":\"https:\/\/psol50.org.br\/\",\"name\":\"PSOL 50\",\"description\":\"Site oficial do Partido Socialismo e Liberdade\",\"publisher\":{\"@id\":\"https:\/\/psol50.org.br\/#organization\"},\"alternateName\":\"PSOL50\",\"potentialAction\":[{\"@type\":\"SearchAction\",\"target\":{\"@type\":\"EntryPoint\",\"urlTemplate\":\"https:\/\/psol50.org.br\/?s={search_term_string}\"},\"query-input\":{\"@type\":\"PropertyValueSpecification\",\"valueRequired\":true,\"valueName\":\"search_term_string\"}}],\"inLanguage\":\"pt-BR\"},{\"@type\":\"Organization\",\"@id\":\"https:\/\/psol50.org.br\/#organization\",\"name\":\"PSOL 50\",\"alternateName\":\"PSOL 50\",\"url\":\"https:\/\/psol50.org.br\/\",\"logo\":{\"@type\":\"ImageObject\",\"inLanguage\":\"pt-BR\",\"@id\":\"https:\/\/psol50.org.br\/#\/schema\/logo\/image\/\",\"url\":\"https:\/\/psol50.org.br\/inc\/uploads\/2018\/07\/capa.png\",\"contentUrl\":\"https:\/\/psol50.org.br\/inc\/uploads\/2018\/07\/capa.png\",\"width\":1350,\"height\":900,\"caption\":\"PSOL 50\"},\"image\":{\"@id\":\"https:\/\/psol50.org.br\/#\/schema\/logo\/image\/\"},\"sameAs\":[\"https:\/\/www.facebook.com\/psol50\",\"https:\/\/x.com\/psol50\",\"https:\/\/www.instagram.com\/psol50\/\",\"https:\/\/www.youtube.com\/channel\/UC7SnJS5o1os7a6CaiNabzcg\"]},{\"@type\":\"Person\",\"@id\":\"https:\/\/psol50.org.br\/#\/schema\/person\/3210ead83c92a12684f1d6592869222e\",\"name\":\"1134adminnacional26042021\",\"image\":{\"@type\":\"ImageObject\",\"inLanguage\":\"pt-BR\",\"@id\":\"https:\/\/psol50.org.br\/#\/schema\/person\/image\/\",\"url\":\"https:\/\/secure.gravatar.com\/avatar\/b129a4d4e4df8e30acc89d38f1f2a265461ab0db2d9558e81a7a9a28f750a38c?s=96&d=mm&r=g\",\"contentUrl\":\"https:\/\/secure.gravatar.com\/avatar\/b129a4d4e4df8e30acc89d38f1f2a265461ab0db2d9558e81a7a9a28f750a38c?s=96&d=mm&r=g\",\"caption\":\"1134adminnacional26042021\"},\"sameAs\":[\"http:\/\/psol501.hospedagemdesites.ws\"]}]}<\/script>\n<!-- \/ Yoast SEO plugin. -->","yoast_head_json":{"title":"PSOL protocola Lei Vini Jr. de combate ao racismo","robots":{"index":"index","follow":"follow","max-snippet":"max-snippet:-1","max-image-preview":"max-image-preview:large","max-video-preview":"max-video-preview:-1"},"canonical":"https:\/\/psol50.org.br\/psol-protocola-lei-vini-jr-de-combate-ao-racismo\/","og_locale":"pt_BR","og_type":"article","og_title":"PSOL protocola Lei Vini Jr. de combate ao racismo","og_description":"O projeto de Chico Alencar em coautoria com a bancada PSOL-REDE foi inspirado na iniciativa do Prof. Josemar, deputado estadual pelo PSOL\/RJ","og_url":"https:\/\/psol50.org.br\/psol-protocola-lei-vini-jr-de-combate-ao-racismo\/","og_site_name":"PSOL 50","article_publisher":"https:\/\/www.facebook.com\/psol50","article_published_time":"2023-06-21T15:07:34+00:00","article_modified_time":"2023-07-04T14:19:29+00:00","og_image":[{"width":290,"height":174,"url":"https:\/\/psol50.org.br\/inc\/uploads\/2023\/06\/images-1.jpeg","type":"image\/jpeg"}],"author":"1134adminnacional26042021","twitter_card":"summary_large_image","twitter_title":"PSOL protocola Lei Vini Jr. de combate ao racismo","twitter_description":"O projeto de Chico Alencar em coautoria com a bancada PSOL-REDE foi inspirado na iniciativa do Prof. Josemar, deputado estadual pelo PSOL\/RJ","twitter_image":"https:\/\/psol50.org.br\/inc\/uploads\/2023\/06\/images-1.jpeg","twitter_creator":"@psol50","twitter_site":"@psol50","twitter_misc":{"Escrito por":"1134adminnacional26042021","Est. tempo de leitura":"1 minuto"},"schema":{"@context":"https:\/\/schema.org","@graph":[{"@type":"Article","@id":"https:\/\/psol50.org.br\/psol-protocola-lei-vini-jr-de-combate-ao-racismo\/#article","isPartOf":{"@id":"https:\/\/psol50.org.br\/psol-protocola-lei-vini-jr-de-combate-ao-racismo\/"},"author":{"name":"1134adminnacional26042021","@id":"https:\/\/psol50.org.br\/#\/schema\/person\/3210ead83c92a12684f1d6592869222e"},"headline":"PSOL protocola Lei Vini Jr. de combate ao racismo","datePublished":"2023-06-21T15:07:34+00:00","dateModified":"2023-07-04T14:19:29+00:00","mainEntityOfPage":{"@id":"https:\/\/psol50.org.br\/psol-protocola-lei-vini-jr-de-combate-ao-racismo\/"},"wordCount":216,"publisher":{"@id":"https:\/\/psol50.org.br\/#organization"},"image":{"@id":"https:\/\/psol50.org.br\/psol-protocola-lei-vini-jr-de-combate-ao-racismo\/#primaryimage"},"thumbnailUrl":"https:\/\/psol50.org.br\/inc\/uploads\/2023\/06\/viniciusjr85.jpeg","keywords":["arenas","Chico Alencar","esporte","est\u00e1dios","futebol","Not\u00edcias","PSOL","PSOL-REDE","racismo"],"articleSection":["A\u00e7\u00e3o Parlamentar"],"inLanguage":"pt-BR"},{"@type":"WebPage","@id":"https:\/\/psol50.org.br\/psol-protocola-lei-vini-jr-de-combate-ao-racismo\/","url":"https:\/\/psol50.org.br\/psol-protocola-lei-vini-jr-de-combate-ao-racismo\/","name":"PSOL protocola Lei Vini Jr. de combate ao racismo","isPartOf":{"@id":"https:\/\/psol50.org.br\/#website"},"primaryImageOfPage":{"@id":"https:\/\/psol50.org.br\/psol-protocola-lei-vini-jr-de-combate-ao-racismo\/#primaryimage"},"image":{"@id":"https:\/\/psol50.org.br\/psol-protocola-lei-vini-jr-de-combate-ao-racismo\/#primaryimage"},"thumbnailUrl":"https:\/\/psol50.org.br\/inc\/uploads\/2023\/06\/viniciusjr85.jpeg","datePublished":"2023-06-21T15:07:34+00:00","dateModified":"2023-07-04T14:19:29+00:00","breadcrumb":{"@id":"https:\/\/psol50.org.br\/psol-protocola-lei-vini-jr-de-combate-ao-racismo\/#breadcrumb"},"inLanguage":"pt-BR","potentialAction":[{"@type":"ReadAction","target":["https:\/\/psol50.org.br\/psol-protocola-lei-vini-jr-de-combate-ao-racismo\/"]}]},{"@type":"ImageObject","inLanguage":"pt-BR","@id":"https:\/\/psol50.org.br\/psol-protocola-lei-vini-jr-de-combate-ao-racismo\/#primaryimage","url":"https:\/\/psol50.org.br\/inc\/uploads\/2023\/06\/viniciusjr85.jpeg","contentUrl":"https:\/\/psol50.org.br\/inc\/uploads\/2023\/06\/viniciusjr85.jpeg","width":1920,"height":1080,"caption":"Foto: Antonio Villalba\/Real Madrid"},{"@type":"BreadcrumbList","@id":"https:\/\/psol50.org.br\/psol-protocola-lei-vini-jr-de-combate-ao-racismo\/#breadcrumb","itemListElement":[{"@type":"ListItem","position":1,"name":"In\u00edcio","item":"https:\/\/psol50.org.br\/"},{"@type":"ListItem","position":2,"name":"PSOL protocola Lei Vini Jr. de combate ao racismo"}]},{"@type":"WebSite","@id":"https:\/\/psol50.org.br\/#website","url":"https:\/\/psol50.org.br\/","name":"PSOL 50","description":"Site oficial do Partido Socialismo e Liberdade","publisher":{"@id":"https:\/\/psol50.org.br\/#organization"},"alternateName":"PSOL50","potentialAction":[{"@type":"SearchAction","target":{"@type":"EntryPoint","urlTemplate":"https:\/\/psol50.org.br\/?s={search_term_string}"},"query-input":{"@type":"PropertyValueSpecification","valueRequired":true,"valueName":"search_term_string"}}],"inLanguage":"pt-BR"},{"@type":"Organization","@id":"https:\/\/psol50.org.br\/#organization","name":"PSOL 50","alternateName":"PSOL 50","url":"https:\/\/psol50.org.br\/","logo":{"@type":"ImageObject","inLanguage":"pt-BR","@id":"https:\/\/psol50.org.br\/#\/schema\/logo\/image\/","url":"https:\/\/psol50.org.br\/inc\/uploads\/2018\/07\/capa.png","contentUrl":"https:\/\/psol50.org.br\/inc\/uploads\/2018\/07\/capa.png","width":1350,"height":900,"caption":"PSOL 50"},"image":{"@id":"https:\/\/psol50.org.br\/#\/schema\/logo\/image\/"},"sameAs":["https:\/\/www.facebook.com\/psol50","https:\/\/x.com\/psol50","https:\/\/www.instagram.com\/psol50\/","https:\/\/www.youtube.com\/channel\/UC7SnJS5o1os7a6CaiNabzcg"]},{"@type":"Person","@id":"https:\/\/psol50.org.br\/#\/schema\/person\/3210ead83c92a12684f1d6592869222e","name":"1134adminnacional26042021","image":{"@type":"ImageObject","inLanguage":"pt-BR","@id":"https:\/\/psol50.org.br\/#\/schema\/person\/image\/","url":"https:\/\/secure.gravatar.com\/avatar\/b129a4d4e4df8e30acc89d38f1f2a265461ab0db2d9558e81a7a9a28f750a38c?s=96&d=mm&r=g","contentUrl":"https:\/\/secure.gravatar.com\/avatar\/b129a4d4e4df8e30acc89d38f1f2a265461ab0db2d9558e81a7a9a28f750a38c?s=96&d=mm&r=g","caption":"1134adminnacional26042021"},"sameAs":["http:\/\/psol501.hospedagemdesites.ws"]}]}},"_links":{"self":[{"href":"https:\/\/psol50.org.br\/rest\/wp\/v2\/posts\/38122","targetHints":{"allow":["GET"]}}],"collection":[{"href":"https:\/\/psol50.org.br\/rest\/wp\/v2\/posts"}],"about":[{"href":"https:\/\/psol50.org.br\/rest\/wp\/v2\/types\/post"}],"author":[{"embeddable":true,"href":"https:\/\/psol50.org.br\/rest\/wp\/v2\/users\/1"}],"replies":[{"embeddable":true,"href":"https:\/\/psol50.org.br\/rest\/wp\/v2\/comments?post=38122"}],"version-history":[{"count":4,"href":"https:\/\/psol50.org.br\/rest\/wp\/v2\/posts\/38122\/revisions"}],"predecessor-version":[{"id":38166,"href":"https:\/\/psol50.org.br\/rest\/wp\/v2\/posts\/38122\/revisions\/38166"}],"wp:featuredmedia":[{"embeddable":true,"href":"https:\/\/psol50.org.br\/rest\/wp\/v2\/media\/38165"}],"wp:attachment":[{"href":"https:\/\/psol50.org.br\/rest\/wp\/v2\/media?parent=38122"}],"wp:term":[{"taxonomy":"category","embeddable":true,"href":"https:\/\/psol50.org.br\/rest\/wp\/v2\/categories?post=38122"},{"taxonomy":"post_tag","embeddable":true,"href":"https:\/\/psol50.org.br\/rest\/wp\/v2\/tags?post=38122"}],"curies":[{"name":"wp","href":"https:\/\/api.w.org\/{rel}","templated":true}]}}