{"id":38187,"date":"2023-07-10T11:59:54","date_gmt":"2023-07-10T14:59:54","guid":{"rendered":"https:\/\/psol50.org.br\/?p=38187"},"modified":"2023-07-19T17:04:04","modified_gmt":"2023-07-19T20:04:04","slug":"psol-pede-cassacao-do-mandato-de-eduardo-bolsonaro-apos-comparacao-de-professores-com-traficantes","status":"publish","type":"post","link":"https:\/\/psol50.org.br\/psol-pede-cassacao-do-mandato-de-eduardo-bolsonaro-apos-comparacao-de-professores-com-traficantes\/","title":{"rendered":"PSOL pede cassa\u00e7\u00e3o do mandato de Eduardo Bolsonaro ap\u00f3s compara\u00e7\u00e3o de professores com traficantes"},"content":{"rendered":"<p>A bancada do PSOL apresenta nesta segunda-feira (10) ao Conselho de \u00c9tica da C\u00e2mara dos Deputados uma representa\u00e7\u00e3o contra o deputado Eduardo Bolsonaro. A iniciativa parte do l\u00edder da bancada, Guilherme Boulos, ap\u00f3s as falas do filho do ex-presidente durante um ato pr\u00f3-armamentista no \u00faltimo domingo, em que ele comparou professores a traficantes de drogas enquanto criticava o Minist\u00e9rio da Justi\u00e7a.<\/p>\n<p>Para Boulos, esse comportamento \u00e9 inadmiss\u00edvel. \u201c\u00c9 sintom\u00e1tico que essa declara\u00e7\u00e3o venha daqueles que passaram quatro anos destruindo a educa\u00e7\u00e3o e combatendo o papel dos professores na sociedade brasileira. N\u00e3o podemos normalizar esse tipo de fala repugnante vinda da esc\u00f3ria. Felizmente, para o azar do deputado e de todos os demais milicianos, hoje o Brasil tem governo \u2013 e n\u00e3o mais um bando de g\u00e2ngsteres passeando de motocicleta. Por isso, seguiremos trabalhando para valorizar os professores\u201d, declarou.<\/p>\n<blockquote class=\"twitter-tweet\" data-width=\"550\" data-dnt=\"true\">\n<p lang=\"pt\" dir=\"ltr\">URGENTE! Vamos entrar com uma representa\u00e7\u00e3o no Conselho de \u00c9tica da C\u00e2mara dos Deputados contra Eduardo Bolsonaro.<\/p>\n<p>Esse insulto a todos os professores brasileiros n\u00e3o pode ficar impune!<\/p>\n<p>&mdash; Guilherme Boulos (@GuilhermeBoulos) <a href=\"https:\/\/twitter.com\/GuilhermeBoulos\/status\/1678358660857098242?ref_src=twsrc%5Etfw\">July 10, 2023<\/a><\/p><\/blockquote>\n<p><script async src=\"https:\/\/platform.twitter.com\/widgets.js\" charset=\"utf-8\"><\/script><\/p>\n<p>Durante o ato, Eduardo Bolsonaro afirmou que \u201cn\u00e3o tem diferen\u00e7a de um professor doutrinador para um traficante de drogas que tenta sequestrar os nossos filhos para o mundo do crime. Talvez o professor doutrinador seja pior\u201d.<\/p>\n<p>Ele tamb\u00e9m fez cr\u00edticas \u00e0 CPI que investiga os atos antidemocr\u00e1ticos do 8 de janeiro. \u201cNa CPI do 8 de janeiro, vi pr\u00f3-armas recebendo um ataque e pessoas tentando vincular o pr\u00f3-armas ao 8 de janeiro. Sabe o que isso significa? Que voc\u00eas est\u00e3o fazendo um excelente trabalho\u201d, incitou o deputado ao p\u00fablico, que se manifestava defendendo mudan\u00e7as na legisla\u00e7\u00e3o do pa\u00eds relacionadas ao porte e \u00e0 posse de armas.<\/p>\n<p>O ministro da Justi\u00e7a, Fl\u00e1vio Dino, j\u00e1 anunciou que a Pol\u00edcia Federal vai analisar a fala de Eduardo Bolsonaro especificamente para apurar eventuais incita\u00e7\u00f5es ou apologias a crimes.<\/p>\n","protected":false},"excerpt":{"rendered":"<p>A bancada do PSOL apresenta nesta segunda-feira (10) ao Conselho de \u00c9tica da C\u00e2mara dos Deputados uma representa\u00e7\u00e3o contra o deputado Eduardo Bolsonaro. A iniciativa parte do l\u00edder da bancada, Guilherme Boulos, ap\u00f3s as falas do filho do ex-presidente durante um ato pr\u00f3-armamentista no \u00faltimo domingo, em que ele comparou professores a traficantes de drogas [&hellip;]<\/p>\n","protected":false},"author":2,"featured_media":38190,"comment_status":"closed","ping_status":"open","sticky":false,"template":"","format":"standard","meta":{"_acf_changed":false,"footnotes":""},"categories":[10],"tags":[4825],"class_list":{"0":"post-38187","1":"post","2":"type-post","3":"status-publish","4":"format-standard","5":"has-post-thumbnail","7":"category-acao-parlamentares","8":"tag-noticias"},"acf":[],"yoast_head":"<!-- This site is optimized with the Yoast SEO plugin v26.5 - https:\/\/yoast.com\/wordpress\/plugins\/seo\/ -->\n<title>PSOL pede cassa\u00e7\u00e3o do mandato de Eduardo Bolsonaro ap\u00f3s compara\u00e7\u00e3o de professores com traficantes<\/title>\n<meta name=\"description\" content=\"A\u00e7\u00e3o do PSOL no Conselho de \u00c9tica da C\u00e2mara pede a perda de mandato ap\u00f3s fala que revoltou os brasileiros.\" \/>\n<meta name=\"robots\" content=\"index, follow, max-snippet:-1, max-image-preview:large, max-video-preview:-1\" \/>\n<link rel=\"canonical\" href=\"https:\/\/psol50.org.br\/psol-pede-cassacao-do-mandato-de-eduardo-bolsonaro-apos-comparacao-de-professores-com-traficantes\/\" \/>\n<meta property=\"og:locale\" content=\"pt_BR\" \/>\n<meta property=\"og:type\" content=\"article\" \/>\n<meta property=\"og:title\" content=\"PSOL pede cassa\u00e7\u00e3o do mandato de Eduardo Bolsonaro ap\u00f3s compara\u00e7\u00e3o de professores com traficantes\" \/>\n<meta property=\"og:description\" content=\"A\u00e7\u00e3o do PSOL no Conselho de \u00c9tica da C\u00e2mara pede a perda de mandato ap\u00f3s fala que revoltou os brasileiros.\" \/>\n<meta property=\"og:url\" content=\"https:\/\/psol50.org.br\/psol-pede-cassacao-do-mandato-de-eduardo-bolsonaro-apos-comparacao-de-professores-com-traficantes\/\" \/>\n<meta property=\"og:site_name\" content=\"PSOL 50\" \/>\n<meta property=\"article:publisher\" content=\"https:\/\/www.facebook.com\/psol50\" \/>\n<meta property=\"article:published_time\" content=\"2023-07-10T14:59:54+00:00\" \/>\n<meta property=\"article:modified_time\" content=\"2023-07-19T20:04:04+00:00\" \/>\n<meta property=\"og:image\" content=\"https:\/\/psol50.org.br\/inc\/uploads\/2023\/07\/eduardo-bolsonaro-960x540-1.jpg\" \/>\n\t<meta property=\"og:image:width\" content=\"960\" \/>\n\t<meta property=\"og:image:height\" content=\"540\" \/>\n\t<meta property=\"og:image:type\" content=\"image\/jpeg\" \/>\n<meta name=\"author\" content=\"Comunica\u00e7\u00e3o PSOL\" \/>\n<meta name=\"twitter:card\" content=\"summary_large_image\" \/>\n<meta name=\"twitter:creator\" content=\"@psol50\" \/>\n<meta name=\"twitter:site\" content=\"@psol50\" \/>\n<meta name=\"twitter:label1\" content=\"Escrito por\" \/>\n\t<meta name=\"twitter:data1\" content=\"Comunica\u00e7\u00e3o PSOL\" \/>\n\t<meta name=\"twitter:label2\" content=\"Est. tempo de leitura\" \/>\n\t<meta name=\"twitter:data2\" content=\"2 minutos\" \/>\n<script type=\"application\/ld+json\" class=\"yoast-schema-graph\">{\"@context\":\"https:\/\/schema.org\",\"@graph\":[{\"@type\":\"Article\",\"@id\":\"https:\/\/psol50.org.br\/psol-pede-cassacao-do-mandato-de-eduardo-bolsonaro-apos-comparacao-de-professores-com-traficantes\/#article\",\"isPartOf\":{\"@id\":\"https:\/\/psol50.org.br\/psol-pede-cassacao-do-mandato-de-eduardo-bolsonaro-apos-comparacao-de-professores-com-traficantes\/\"},\"author\":{\"name\":\"Comunica\u00e7\u00e3o PSOL\",\"@id\":\"https:\/\/psol50.org.br\/#\/schema\/person\/475dfa57d0b815993c714c2e96491fcd\"},\"headline\":\"PSOL pede cassa\u00e7\u00e3o do mandato de Eduardo Bolsonaro ap\u00f3s compara\u00e7\u00e3o de professores com traficantes\",\"datePublished\":\"2023-07-10T14:59:54+00:00\",\"dateModified\":\"2023-07-19T20:04:04+00:00\",\"mainEntityOfPage\":{\"@id\":\"https:\/\/psol50.org.br\/psol-pede-cassacao-do-mandato-de-eduardo-bolsonaro-apos-comparacao-de-professores-com-traficantes\/\"},\"wordCount\":317,\"publisher\":{\"@id\":\"https:\/\/psol50.org.br\/#organization\"},\"image\":{\"@id\":\"https:\/\/psol50.org.br\/psol-pede-cassacao-do-mandato-de-eduardo-bolsonaro-apos-comparacao-de-professores-com-traficantes\/#primaryimage\"},\"thumbnailUrl\":\"https:\/\/psol50.org.br\/inc\/uploads\/2023\/07\/eduardo-bolsonaro-960x540-1.jpg\",\"keywords\":[\"Not\u00edcias\"],\"articleSection\":[\"A\u00e7\u00e3o Parlamentar\"],\"inLanguage\":\"pt-BR\"},{\"@type\":\"WebPage\",\"@id\":\"https:\/\/psol50.org.br\/psol-pede-cassacao-do-mandato-de-eduardo-bolsonaro-apos-comparacao-de-professores-com-traficantes\/\",\"url\":\"https:\/\/psol50.org.br\/psol-pede-cassacao-do-mandato-de-eduardo-bolsonaro-apos-comparacao-de-professores-com-traficantes\/\",\"name\":\"PSOL pede cassa\u00e7\u00e3o do mandato de Eduardo Bolsonaro ap\u00f3s compara\u00e7\u00e3o de professores com traficantes\",\"isPartOf\":{\"@id\":\"https:\/\/psol50.org.br\/#website\"},\"primaryImageOfPage\":{\"@id\":\"https:\/\/psol50.org.br\/psol-pede-cassacao-do-mandato-de-eduardo-bolsonaro-apos-comparacao-de-professores-com-traficantes\/#primaryimage\"},\"image\":{\"@id\":\"https:\/\/psol50.org.br\/psol-pede-cassacao-do-mandato-de-eduardo-bolsonaro-apos-comparacao-de-professores-com-traficantes\/#primaryimage\"},\"thumbnailUrl\":\"https:\/\/psol50.org.br\/inc\/uploads\/2023\/07\/eduardo-bolsonaro-960x540-1.jpg\",\"datePublished\":\"2023-07-10T14:59:54+00:00\",\"dateModified\":\"2023-07-19T20:04:04+00:00\",\"description\":\"A\u00e7\u00e3o do PSOL no Conselho de \u00c9tica da C\u00e2mara pede a perda de mandato ap\u00f3s fala que revoltou os brasileiros.\",\"breadcrumb\":{\"@id\":\"https:\/\/psol50.org.br\/psol-pede-cassacao-do-mandato-de-eduardo-bolsonaro-apos-comparacao-de-professores-com-traficantes\/#breadcrumb\"},\"inLanguage\":\"pt-BR\",\"potentialAction\":[{\"@type\":\"ReadAction\",\"target\":[\"https:\/\/psol50.org.br\/psol-pede-cassacao-do-mandato-de-eduardo-bolsonaro-apos-comparacao-de-professores-com-traficantes\/\"]}]},{\"@type\":\"ImageObject\",\"inLanguage\":\"pt-BR\",\"@id\":\"https:\/\/psol50.org.br\/psol-pede-cassacao-do-mandato-de-eduardo-bolsonaro-apos-comparacao-de-professores-com-traficantes\/#primaryimage\",\"url\":\"https:\/\/psol50.org.br\/inc\/uploads\/2023\/07\/eduardo-bolsonaro-960x540-1.jpg\",\"contentUrl\":\"https:\/\/psol50.org.br\/inc\/uploads\/2023\/07\/eduardo-bolsonaro-960x540-1.jpg\",\"width\":960,\"height\":540,\"caption\":\"Foto: Alexandre Magno\"},{\"@type\":\"BreadcrumbList\",\"@id\":\"https:\/\/psol50.org.br\/psol-pede-cassacao-do-mandato-de-eduardo-bolsonaro-apos-comparacao-de-professores-com-traficantes\/#breadcrumb\",\"itemListElement\":[{\"@type\":\"ListItem\",\"position\":1,\"name\":\"In\u00edcio\",\"item\":\"https:\/\/psol50.org.br\/\"},{\"@type\":\"ListItem\",\"position\":2,\"name\":\"PSOL pede cassa\u00e7\u00e3o do mandato de Eduardo Bolsonaro ap\u00f3s compara\u00e7\u00e3o de professores com traficantes\"}]},{\"@type\":\"WebSite\",\"@id\":\"https:\/\/psol50.org.br\/#website\",\"url\":\"https:\/\/psol50.org.br\/\",\"name\":\"PSOL 50\",\"description\":\"Site oficial do Partido Socialismo e Liberdade\",\"publisher\":{\"@id\":\"https:\/\/psol50.org.br\/#organization\"},\"alternateName\":\"PSOL50\",\"potentialAction\":[{\"@type\":\"SearchAction\",\"target\":{\"@type\":\"EntryPoint\",\"urlTemplate\":\"https:\/\/psol50.org.br\/?s={search_term_string}\"},\"query-input\":{\"@type\":\"PropertyValueSpecification\",\"valueRequired\":true,\"valueName\":\"search_term_string\"}}],\"inLanguage\":\"pt-BR\"},{\"@type\":\"Organization\",\"@id\":\"https:\/\/psol50.org.br\/#organization\",\"name\":\"PSOL 50\",\"alternateName\":\"PSOL 50\",\"url\":\"https:\/\/psol50.org.br\/\",\"logo\":{\"@type\":\"ImageObject\",\"inLanguage\":\"pt-BR\",\"@id\":\"https:\/\/psol50.org.br\/#\/schema\/logo\/image\/\",\"url\":\"https:\/\/psol50.org.br\/inc\/uploads\/2018\/07\/capa.png\",\"contentUrl\":\"https:\/\/psol50.org.br\/inc\/uploads\/2018\/07\/capa.png\",\"width\":1350,\"height\":900,\"caption\":\"PSOL 50\"},\"image\":{\"@id\":\"https:\/\/psol50.org.br\/#\/schema\/logo\/image\/\"},\"sameAs\":[\"https:\/\/www.facebook.com\/psol50\",\"https:\/\/x.com\/psol50\",\"https:\/\/www.instagram.com\/psol50\/\",\"https:\/\/www.youtube.com\/channel\/UC7SnJS5o1os7a6CaiNabzcg\"]},{\"@type\":\"Person\",\"@id\":\"https:\/\/psol50.org.br\/#\/schema\/person\/475dfa57d0b815993c714c2e96491fcd\",\"name\":\"Comunica\u00e7\u00e3o PSOL\",\"image\":{\"@type\":\"ImageObject\",\"inLanguage\":\"pt-BR\",\"@id\":\"https:\/\/psol50.org.br\/#\/schema\/person\/image\/\",\"url\":\"https:\/\/secure.gravatar.com\/avatar\/b34fc4f4e468a4e51785917065a3db57b841f5c95dba6ad8c73aaf8f66f8f9bf?s=96&d=mm&r=g\",\"contentUrl\":\"https:\/\/secure.gravatar.com\/avatar\/b34fc4f4e468a4e51785917065a3db57b841f5c95dba6ad8c73aaf8f66f8f9bf?s=96&d=mm&r=g\",\"caption\":\"Comunica\u00e7\u00e3o PSOL\"}}]}<\/script>\n<!-- \/ Yoast SEO plugin. -->","yoast_head_json":{"title":"PSOL pede cassa\u00e7\u00e3o do mandato de Eduardo Bolsonaro ap\u00f3s compara\u00e7\u00e3o de professores com traficantes","description":"A\u00e7\u00e3o do PSOL no Conselho de \u00c9tica da C\u00e2mara pede a perda de mandato ap\u00f3s fala que revoltou os brasileiros.","robots":{"index":"index","follow":"follow","max-snippet":"max-snippet:-1","max-image-preview":"max-image-preview:large","max-video-preview":"max-video-preview:-1"},"canonical":"https:\/\/psol50.org.br\/psol-pede-cassacao-do-mandato-de-eduardo-bolsonaro-apos-comparacao-de-professores-com-traficantes\/","og_locale":"pt_BR","og_type":"article","og_title":"PSOL pede cassa\u00e7\u00e3o do mandato de Eduardo Bolsonaro ap\u00f3s compara\u00e7\u00e3o de professores com traficantes","og_description":"A\u00e7\u00e3o do PSOL no Conselho de \u00c9tica da C\u00e2mara pede a perda de mandato ap\u00f3s fala que revoltou os brasileiros.","og_url":"https:\/\/psol50.org.br\/psol-pede-cassacao-do-mandato-de-eduardo-bolsonaro-apos-comparacao-de-professores-com-traficantes\/","og_site_name":"PSOL 50","article_publisher":"https:\/\/www.facebook.com\/psol50","article_published_time":"2023-07-10T14:59:54+00:00","article_modified_time":"2023-07-19T20:04:04+00:00","og_image":[{"width":960,"height":540,"url":"https:\/\/psol50.org.br\/inc\/uploads\/2023\/07\/eduardo-bolsonaro-960x540-1.jpg","type":"image\/jpeg"}],"author":"Comunica\u00e7\u00e3o PSOL","twitter_card":"summary_large_image","twitter_creator":"@psol50","twitter_site":"@psol50","twitter_misc":{"Escrito por":"Comunica\u00e7\u00e3o PSOL","Est. tempo de leitura":"2 minutos"},"schema":{"@context":"https:\/\/schema.org","@graph":[{"@type":"Article","@id":"https:\/\/psol50.org.br\/psol-pede-cassacao-do-mandato-de-eduardo-bolsonaro-apos-comparacao-de-professores-com-traficantes\/#article","isPartOf":{"@id":"https:\/\/psol50.org.br\/psol-pede-cassacao-do-mandato-de-eduardo-bolsonaro-apos-comparacao-de-professores-com-traficantes\/"},"author":{"name":"Comunica\u00e7\u00e3o PSOL","@id":"https:\/\/psol50.org.br\/#\/schema\/person\/475dfa57d0b815993c714c2e96491fcd"},"headline":"PSOL pede cassa\u00e7\u00e3o do mandato de Eduardo Bolsonaro ap\u00f3s compara\u00e7\u00e3o de professores com traficantes","datePublished":"2023-07-10T14:59:54+00:00","dateModified":"2023-07-19T20:04:04+00:00","mainEntityOfPage":{"@id":"https:\/\/psol50.org.br\/psol-pede-cassacao-do-mandato-de-eduardo-bolsonaro-apos-comparacao-de-professores-com-traficantes\/"},"wordCount":317,"publisher":{"@id":"https:\/\/psol50.org.br\/#organization"},"image":{"@id":"https:\/\/psol50.org.br\/psol-pede-cassacao-do-mandato-de-eduardo-bolsonaro-apos-comparacao-de-professores-com-traficantes\/#primaryimage"},"thumbnailUrl":"https:\/\/psol50.org.br\/inc\/uploads\/2023\/07\/eduardo-bolsonaro-960x540-1.jpg","keywords":["Not\u00edcias"],"articleSection":["A\u00e7\u00e3o Parlamentar"],"inLanguage":"pt-BR"},{"@type":"WebPage","@id":"https:\/\/psol50.org.br\/psol-pede-cassacao-do-mandato-de-eduardo-bolsonaro-apos-comparacao-de-professores-com-traficantes\/","url":"https:\/\/psol50.org.br\/psol-pede-cassacao-do-mandato-de-eduardo-bolsonaro-apos-comparacao-de-professores-com-traficantes\/","name":"PSOL pede cassa\u00e7\u00e3o do mandato de Eduardo Bolsonaro ap\u00f3s compara\u00e7\u00e3o de professores com traficantes","isPartOf":{"@id":"https:\/\/psol50.org.br\/#website"},"primaryImageOfPage":{"@id":"https:\/\/psol50.org.br\/psol-pede-cassacao-do-mandato-de-eduardo-bolsonaro-apos-comparacao-de-professores-com-traficantes\/#primaryimage"},"image":{"@id":"https:\/\/psol50.org.br\/psol-pede-cassacao-do-mandato-de-eduardo-bolsonaro-apos-comparacao-de-professores-com-traficantes\/#primaryimage"},"thumbnailUrl":"https:\/\/psol50.org.br\/inc\/uploads\/2023\/07\/eduardo-bolsonaro-960x540-1.jpg","datePublished":"2023-07-10T14:59:54+00:00","dateModified":"2023-07-19T20:04:04+00:00","description":"A\u00e7\u00e3o do PSOL no Conselho de \u00c9tica da C\u00e2mara pede a perda de mandato ap\u00f3s fala que revoltou os brasileiros.","breadcrumb":{"@id":"https:\/\/psol50.org.br\/psol-pede-cassacao-do-mandato-de-eduardo-bolsonaro-apos-comparacao-de-professores-com-traficantes\/#breadcrumb"},"inLanguage":"pt-BR","potentialAction":[{"@type":"ReadAction","target":["https:\/\/psol50.org.br\/psol-pede-cassacao-do-mandato-de-eduardo-bolsonaro-apos-comparacao-de-professores-com-traficantes\/"]}]},{"@type":"ImageObject","inLanguage":"pt-BR","@id":"https:\/\/psol50.org.br\/psol-pede-cassacao-do-mandato-de-eduardo-bolsonaro-apos-comparacao-de-professores-com-traficantes\/#primaryimage","url":"https:\/\/psol50.org.br\/inc\/uploads\/2023\/07\/eduardo-bolsonaro-960x540-1.jpg","contentUrl":"https:\/\/psol50.org.br\/inc\/uploads\/2023\/07\/eduardo-bolsonaro-960x540-1.jpg","width":960,"height":540,"caption":"Foto: Alexandre Magno"},{"@type":"BreadcrumbList","@id":"https:\/\/psol50.org.br\/psol-pede-cassacao-do-mandato-de-eduardo-bolsonaro-apos-comparacao-de-professores-com-traficantes\/#breadcrumb","itemListElement":[{"@type":"ListItem","position":1,"name":"In\u00edcio","item":"https:\/\/psol50.org.br\/"},{"@type":"ListItem","position":2,"name":"PSOL pede cassa\u00e7\u00e3o do mandato de Eduardo Bolsonaro ap\u00f3s compara\u00e7\u00e3o de professores com traficantes"}]},{"@type":"WebSite","@id":"https:\/\/psol50.org.br\/#website","url":"https:\/\/psol50.org.br\/","name":"PSOL 50","description":"Site oficial do Partido Socialismo e Liberdade","publisher":{"@id":"https:\/\/psol50.org.br\/#organization"},"alternateName":"PSOL50","potentialAction":[{"@type":"SearchAction","target":{"@type":"EntryPoint","urlTemplate":"https:\/\/psol50.org.br\/?s={search_term_string}"},"query-input":{"@type":"PropertyValueSpecification","valueRequired":true,"valueName":"search_term_string"}}],"inLanguage":"pt-BR"},{"@type":"Organization","@id":"https:\/\/psol50.org.br\/#organization","name":"PSOL 50","alternateName":"PSOL 50","url":"https:\/\/psol50.org.br\/","logo":{"@type":"ImageObject","inLanguage":"pt-BR","@id":"https:\/\/psol50.org.br\/#\/schema\/logo\/image\/","url":"https:\/\/psol50.org.br\/inc\/uploads\/2018\/07\/capa.png","contentUrl":"https:\/\/psol50.org.br\/inc\/uploads\/2018\/07\/capa.png","width":1350,"height":900,"caption":"PSOL 50"},"image":{"@id":"https:\/\/psol50.org.br\/#\/schema\/logo\/image\/"},"sameAs":["https:\/\/www.facebook.com\/psol50","https:\/\/x.com\/psol50","https:\/\/www.instagram.com\/psol50\/","https:\/\/www.youtube.com\/channel\/UC7SnJS5o1os7a6CaiNabzcg"]},{"@type":"Person","@id":"https:\/\/psol50.org.br\/#\/schema\/person\/475dfa57d0b815993c714c2e96491fcd","name":"Comunica\u00e7\u00e3o PSOL","image":{"@type":"ImageObject","inLanguage":"pt-BR","@id":"https:\/\/psol50.org.br\/#\/schema\/person\/image\/","url":"https:\/\/secure.gravatar.com\/avatar\/b34fc4f4e468a4e51785917065a3db57b841f5c95dba6ad8c73aaf8f66f8f9bf?s=96&d=mm&r=g","contentUrl":"https:\/\/secure.gravatar.com\/avatar\/b34fc4f4e468a4e51785917065a3db57b841f5c95dba6ad8c73aaf8f66f8f9bf?s=96&d=mm&r=g","caption":"Comunica\u00e7\u00e3o PSOL"}}]}},"_links":{"self":[{"href":"https:\/\/psol50.org.br\/rest\/wp\/v2\/posts\/38187","targetHints":{"allow":["GET"]}}],"collection":[{"href":"https:\/\/psol50.org.br\/rest\/wp\/v2\/posts"}],"about":[{"href":"https:\/\/psol50.org.br\/rest\/wp\/v2\/types\/post"}],"author":[{"embeddable":true,"href":"https:\/\/psol50.org.br\/rest\/wp\/v2\/users\/2"}],"replies":[{"embeddable":true,"href":"https:\/\/psol50.org.br\/rest\/wp\/v2\/comments?post=38187"}],"version-history":[{"count":3,"href":"https:\/\/psol50.org.br\/rest\/wp\/v2\/posts\/38187\/revisions"}],"predecessor-version":[{"id":38191,"href":"https:\/\/psol50.org.br\/rest\/wp\/v2\/posts\/38187\/revisions\/38191"}],"wp:featuredmedia":[{"embeddable":true,"href":"https:\/\/psol50.org.br\/rest\/wp\/v2\/media\/38190"}],"wp:attachment":[{"href":"https:\/\/psol50.org.br\/rest\/wp\/v2\/media?parent=38187"}],"wp:term":[{"taxonomy":"category","embeddable":true,"href":"https:\/\/psol50.org.br\/rest\/wp\/v2\/categories?post=38187"},{"taxonomy":"post_tag","embeddable":true,"href":"https:\/\/psol50.org.br\/rest\/wp\/v2\/tags?post=38187"}],"curies":[{"name":"wp","href":"https:\/\/api.w.org\/{rel}","templated":true}]}}