{"id":38274,"date":"2023-07-26T11:18:24","date_gmt":"2023-07-26T14:18:24","guid":{"rendered":"https:\/\/psol50.org.br\/?p=38274"},"modified":"2023-08-02T14:44:05","modified_gmt":"2023-08-02T17:44:05","slug":"stf-atende-pedido-do-psol-rede-e-mtst-e-proibe-remocoes-forcadas-contra-pessoas-em-situacao-de-rua","status":"publish","type":"post","link":"https:\/\/psol50.org.br\/stf-atende-pedido-do-psol-rede-e-mtst-e-proibe-remocoes-forcadas-contra-pessoas-em-situacao-de-rua\/","title":{"rendered":"STF atende pedido de PSOL, Rede e MTST e pro\u00edbe remo\u00e7\u00f5es for\u00e7adas contra pessoas em situa\u00e7\u00e3o de rua"},"content":{"rendered":"<p>O ministro Alexandre de Moraes, do Supremo Tribunal Federal (STF), acatou na \u00faltima ter\u00e7a-feira (25) uma a\u00e7\u00e3o do PSOL, ao lado da Rede e do MTST, e determinou que governos estaduais e municipais n\u00e3o podem realizar a remo\u00e7\u00e3o e o transporte compuls\u00f3rio de pessoas em situa\u00e7\u00e3o de rua, assim como o recolhimento for\u00e7ado de bens e pertences.<\/p>\n<p>Moraes tamb\u00e9m ordenou, de forma imediata, que estados, Distrito Federal e munic\u00edpios sigam as diretrizes de um decreto federal de 2009 que instituiu a chamada Pol\u00edtica Nacional para a Popula\u00e7\u00e3o em Situa\u00e7\u00f5es de Rua.<\/p>\n<p>O ministro decidiu ainda que, no \u00e2mbito de suas zeladorias urbanas, os Executivos devem efetivar medidas que garantam a seguran\u00e7a pessoal e dos bens das pessoas em situa\u00e7\u00e3o de rua nos abrigos institucionais.<\/p>\n<p>Os governos devem ainda anunciar previamente quando forem realizar a\u00e7\u00f5es de &#8220;zeladoria urbana&#8221;, com informa\u00e7\u00e3o de dia, hor\u00e1rio e local, para que as pessoas que morem na rua possam recolher seus pertences e &#8220;que haja a limpeza do espa\u00e7o sem conflitos&#8221;.<\/p>\n<p>A decis\u00e3o tamb\u00e9m pro\u00edbe o recolhimento for\u00e7ado de bens e pertences e ordena que sejam disponibilizados o apoio da vigil\u00e2ncia sanit\u00e1ria para garantir abrigo aos animais das pessoas em situa\u00e7\u00e3o de rua.<\/p>\n<p>\u00c9 proibido, ainda, o emprego de t\u00e9cnicas da chamada &#8220;arquitetura hostil&#8221; contra a popula\u00e7\u00e3o de rua ou o levantamento de barreiras que dificultem o acesso a servi\u00e7os p\u00fablicos.<\/p>\n<p>Por \u00faltimo, Moraes tamb\u00e9m determinou que o governo federal ter\u00e1 que elaborar nos 120 dias um diagn\u00f3stico atual da popula\u00e7\u00e3o de rua, identificando perfis, proced\u00eancias e suas principais necessidades e apresente uma pol\u00edtica nacional sobre o tema.<\/p>\n","protected":false},"excerpt":{"rendered":"<p>O ministro Alexandre de Moraes, do Supremo Tribunal Federal (STF), acatou na \u00faltima ter\u00e7a-feira (25) uma a\u00e7\u00e3o do PSOL, ao lado da Rede e do MTST, e determinou que governos estaduais e municipais n\u00e3o podem realizar a remo\u00e7\u00e3o e o transporte compuls\u00f3rio de pessoas em situa\u00e7\u00e3o de rua, assim como o recolhimento for\u00e7ado de bens [&hellip;]<\/p>\n","protected":false},"author":2,"featured_media":35820,"comment_status":"closed","ping_status":"open","sticky":false,"template":"","format":"standard","meta":{"_acf_changed":false,"footnotes":""},"categories":[1664],"tags":[4825],"class_list":{"0":"post-38274","1":"post","2":"type-post","3":"status-publish","4":"format-standard","5":"has-post-thumbnail","7":"category-acao-do-psol","8":"tag-noticias"},"acf":[],"yoast_head":"<!-- This site is optimized with the Yoast SEO plugin v26.5 - https:\/\/yoast.com\/wordpress\/plugins\/seo\/ -->\n<title>STF atende pedido de PSOL, Rede e MTST e pro\u00edbe remo\u00e7\u00f5es for\u00e7adas contra pessoas em situa\u00e7\u00e3o de rua<\/title>\n<meta name=\"description\" content=\"Decis\u00e3o de Alexandre de Moraes tamb\u00e9m impede a retirada de bens e pertences e d\u00e1 4 meses para o governo federal apresentar uma pol\u00edtica nacional sobre o tema.\" \/>\n<meta name=\"robots\" content=\"index, follow, max-snippet:-1, max-image-preview:large, max-video-preview:-1\" \/>\n<link rel=\"canonical\" href=\"https:\/\/psol50.org.br\/stf-atende-pedido-do-psol-rede-e-mtst-e-proibe-remocoes-forcadas-contra-pessoas-em-situacao-de-rua\/\" \/>\n<meta property=\"og:locale\" content=\"pt_BR\" \/>\n<meta property=\"og:type\" content=\"article\" \/>\n<meta property=\"og:title\" content=\"STF atende pedido de PSOL, Rede e MTST e pro\u00edbe remo\u00e7\u00f5es for\u00e7adas contra pessoas em situa\u00e7\u00e3o de rua\" \/>\n<meta property=\"og:description\" content=\"Decis\u00e3o de Alexandre de Moraes tamb\u00e9m impede a retirada de bens e pertences e d\u00e1 4 meses para o governo federal apresentar uma pol\u00edtica nacional sobre o tema.\" \/>\n<meta property=\"og:url\" content=\"https:\/\/psol50.org.br\/stf-atende-pedido-do-psol-rede-e-mtst-e-proibe-remocoes-forcadas-contra-pessoas-em-situacao-de-rua\/\" \/>\n<meta property=\"og:site_name\" content=\"PSOL 50\" \/>\n<meta property=\"article:publisher\" content=\"https:\/\/www.facebook.com\/psol50\" \/>\n<meta property=\"article:published_time\" content=\"2023-07-26T14:18:24+00:00\" \/>\n<meta property=\"article:modified_time\" content=\"2023-08-02T17:44:05+00:00\" \/>\n<meta property=\"og:image\" content=\"https:\/\/psol50.org.br\/inc\/uploads\/2022\/05\/populacao-em-situacao-de-rua-1.jpeg\" \/>\n\t<meta property=\"og:image:width\" content=\"1200\" \/>\n\t<meta property=\"og:image:height\" content=\"754\" \/>\n\t<meta property=\"og:image:type\" content=\"image\/jpeg\" \/>\n<meta name=\"author\" content=\"Comunica\u00e7\u00e3o PSOL\" \/>\n<meta name=\"twitter:card\" content=\"summary_large_image\" \/>\n<meta name=\"twitter:creator\" content=\"@psol50\" \/>\n<meta name=\"twitter:site\" content=\"@psol50\" \/>\n<meta name=\"twitter:label1\" content=\"Escrito por\" \/>\n\t<meta name=\"twitter:data1\" content=\"Comunica\u00e7\u00e3o PSOL\" \/>\n\t<meta name=\"twitter:label2\" content=\"Est. tempo de leitura\" \/>\n\t<meta name=\"twitter:data2\" content=\"1 minuto\" \/>\n<script type=\"application\/ld+json\" class=\"yoast-schema-graph\">{\"@context\":\"https:\/\/schema.org\",\"@graph\":[{\"@type\":\"Article\",\"@id\":\"https:\/\/psol50.org.br\/stf-atende-pedido-do-psol-rede-e-mtst-e-proibe-remocoes-forcadas-contra-pessoas-em-situacao-de-rua\/#article\",\"isPartOf\":{\"@id\":\"https:\/\/psol50.org.br\/stf-atende-pedido-do-psol-rede-e-mtst-e-proibe-remocoes-forcadas-contra-pessoas-em-situacao-de-rua\/\"},\"author\":{\"name\":\"Comunica\u00e7\u00e3o PSOL\",\"@id\":\"https:\/\/psol50.org.br\/#\/schema\/person\/475dfa57d0b815993c714c2e96491fcd\"},\"headline\":\"STF atende pedido de PSOL, Rede e MTST e pro\u00edbe remo\u00e7\u00f5es for\u00e7adas contra pessoas em situa\u00e7\u00e3o de rua\",\"datePublished\":\"2023-07-26T14:18:24+00:00\",\"dateModified\":\"2023-08-02T17:44:05+00:00\",\"mainEntityOfPage\":{\"@id\":\"https:\/\/psol50.org.br\/stf-atende-pedido-do-psol-rede-e-mtst-e-proibe-remocoes-forcadas-contra-pessoas-em-situacao-de-rua\/\"},\"wordCount\":314,\"publisher\":{\"@id\":\"https:\/\/psol50.org.br\/#organization\"},\"image\":{\"@id\":\"https:\/\/psol50.org.br\/stf-atende-pedido-do-psol-rede-e-mtst-e-proibe-remocoes-forcadas-contra-pessoas-em-situacao-de-rua\/#primaryimage\"},\"thumbnailUrl\":\"https:\/\/psol50.org.br\/inc\/uploads\/2022\/05\/populacao-em-situacao-de-rua-1.jpeg\",\"keywords\":[\"Not\u00edcias\"],\"articleSection\":[\"A\u00e7\u00e3o do PSOL\"],\"inLanguage\":\"pt-BR\"},{\"@type\":\"WebPage\",\"@id\":\"https:\/\/psol50.org.br\/stf-atende-pedido-do-psol-rede-e-mtst-e-proibe-remocoes-forcadas-contra-pessoas-em-situacao-de-rua\/\",\"url\":\"https:\/\/psol50.org.br\/stf-atende-pedido-do-psol-rede-e-mtst-e-proibe-remocoes-forcadas-contra-pessoas-em-situacao-de-rua\/\",\"name\":\"STF atende pedido de PSOL, Rede e MTST e pro\u00edbe remo\u00e7\u00f5es for\u00e7adas contra pessoas em situa\u00e7\u00e3o de rua\",\"isPartOf\":{\"@id\":\"https:\/\/psol50.org.br\/#website\"},\"primaryImageOfPage\":{\"@id\":\"https:\/\/psol50.org.br\/stf-atende-pedido-do-psol-rede-e-mtst-e-proibe-remocoes-forcadas-contra-pessoas-em-situacao-de-rua\/#primaryimage\"},\"image\":{\"@id\":\"https:\/\/psol50.org.br\/stf-atende-pedido-do-psol-rede-e-mtst-e-proibe-remocoes-forcadas-contra-pessoas-em-situacao-de-rua\/#primaryimage\"},\"thumbnailUrl\":\"https:\/\/psol50.org.br\/inc\/uploads\/2022\/05\/populacao-em-situacao-de-rua-1.jpeg\",\"datePublished\":\"2023-07-26T14:18:24+00:00\",\"dateModified\":\"2023-08-02T17:44:05+00:00\",\"description\":\"Decis\u00e3o de Alexandre de Moraes tamb\u00e9m impede a retirada de bens e pertences e d\u00e1 4 meses para o governo federal apresentar uma pol\u00edtica nacional sobre o tema.\",\"breadcrumb\":{\"@id\":\"https:\/\/psol50.org.br\/stf-atende-pedido-do-psol-rede-e-mtst-e-proibe-remocoes-forcadas-contra-pessoas-em-situacao-de-rua\/#breadcrumb\"},\"inLanguage\":\"pt-BR\",\"potentialAction\":[{\"@type\":\"ReadAction\",\"target\":[\"https:\/\/psol50.org.br\/stf-atende-pedido-do-psol-rede-e-mtst-e-proibe-remocoes-forcadas-contra-pessoas-em-situacao-de-rua\/\"]}]},{\"@type\":\"ImageObject\",\"inLanguage\":\"pt-BR\",\"@id\":\"https:\/\/psol50.org.br\/stf-atende-pedido-do-psol-rede-e-mtst-e-proibe-remocoes-forcadas-contra-pessoas-em-situacao-de-rua\/#primaryimage\",\"url\":\"https:\/\/psol50.org.br\/inc\/uploads\/2022\/05\/populacao-em-situacao-de-rua-1.jpeg\",\"contentUrl\":\"https:\/\/psol50.org.br\/inc\/uploads\/2022\/05\/populacao-em-situacao-de-rua-1.jpeg\",\"width\":1200,\"height\":754,\"caption\":\"Foto: Jos\u00e9 Cruz\/EBC\"},{\"@type\":\"BreadcrumbList\",\"@id\":\"https:\/\/psol50.org.br\/stf-atende-pedido-do-psol-rede-e-mtst-e-proibe-remocoes-forcadas-contra-pessoas-em-situacao-de-rua\/#breadcrumb\",\"itemListElement\":[{\"@type\":\"ListItem\",\"position\":1,\"name\":\"In\u00edcio\",\"item\":\"https:\/\/psol50.org.br\/\"},{\"@type\":\"ListItem\",\"position\":2,\"name\":\"STF atende pedido de PSOL, Rede e MTST e pro\u00edbe remo\u00e7\u00f5es for\u00e7adas contra pessoas em situa\u00e7\u00e3o de rua\"}]},{\"@type\":\"WebSite\",\"@id\":\"https:\/\/psol50.org.br\/#website\",\"url\":\"https:\/\/psol50.org.br\/\",\"name\":\"PSOL 50\",\"description\":\"Site oficial do Partido Socialismo e Liberdade\",\"publisher\":{\"@id\":\"https:\/\/psol50.org.br\/#organization\"},\"alternateName\":\"PSOL50\",\"potentialAction\":[{\"@type\":\"SearchAction\",\"target\":{\"@type\":\"EntryPoint\",\"urlTemplate\":\"https:\/\/psol50.org.br\/?s={search_term_string}\"},\"query-input\":{\"@type\":\"PropertyValueSpecification\",\"valueRequired\":true,\"valueName\":\"search_term_string\"}}],\"inLanguage\":\"pt-BR\"},{\"@type\":\"Organization\",\"@id\":\"https:\/\/psol50.org.br\/#organization\",\"name\":\"PSOL 50\",\"alternateName\":\"PSOL 50\",\"url\":\"https:\/\/psol50.org.br\/\",\"logo\":{\"@type\":\"ImageObject\",\"inLanguage\":\"pt-BR\",\"@id\":\"https:\/\/psol50.org.br\/#\/schema\/logo\/image\/\",\"url\":\"https:\/\/psol50.org.br\/inc\/uploads\/2018\/07\/capa.png\",\"contentUrl\":\"https:\/\/psol50.org.br\/inc\/uploads\/2018\/07\/capa.png\",\"width\":1350,\"height\":900,\"caption\":\"PSOL 50\"},\"image\":{\"@id\":\"https:\/\/psol50.org.br\/#\/schema\/logo\/image\/\"},\"sameAs\":[\"https:\/\/www.facebook.com\/psol50\",\"https:\/\/x.com\/psol50\",\"https:\/\/www.instagram.com\/psol50\/\",\"https:\/\/www.youtube.com\/channel\/UC7SnJS5o1os7a6CaiNabzcg\"]},{\"@type\":\"Person\",\"@id\":\"https:\/\/psol50.org.br\/#\/schema\/person\/475dfa57d0b815993c714c2e96491fcd\",\"name\":\"Comunica\u00e7\u00e3o PSOL\",\"image\":{\"@type\":\"ImageObject\",\"inLanguage\":\"pt-BR\",\"@id\":\"https:\/\/psol50.org.br\/#\/schema\/person\/image\/\",\"url\":\"https:\/\/secure.gravatar.com\/avatar\/b34fc4f4e468a4e51785917065a3db57b841f5c95dba6ad8c73aaf8f66f8f9bf?s=96&d=mm&r=g\",\"contentUrl\":\"https:\/\/secure.gravatar.com\/avatar\/b34fc4f4e468a4e51785917065a3db57b841f5c95dba6ad8c73aaf8f66f8f9bf?s=96&d=mm&r=g\",\"caption\":\"Comunica\u00e7\u00e3o PSOL\"}}]}<\/script>\n<!-- \/ Yoast SEO plugin. -->","yoast_head_json":{"title":"STF atende pedido de PSOL, Rede e MTST e pro\u00edbe remo\u00e7\u00f5es for\u00e7adas contra pessoas em situa\u00e7\u00e3o de rua","description":"Decis\u00e3o de Alexandre de Moraes tamb\u00e9m impede a retirada de bens e pertences e d\u00e1 4 meses para o governo federal apresentar uma pol\u00edtica nacional sobre o tema.","robots":{"index":"index","follow":"follow","max-snippet":"max-snippet:-1","max-image-preview":"max-image-preview:large","max-video-preview":"max-video-preview:-1"},"canonical":"https:\/\/psol50.org.br\/stf-atende-pedido-do-psol-rede-e-mtst-e-proibe-remocoes-forcadas-contra-pessoas-em-situacao-de-rua\/","og_locale":"pt_BR","og_type":"article","og_title":"STF atende pedido de PSOL, Rede e MTST e pro\u00edbe remo\u00e7\u00f5es for\u00e7adas contra pessoas em situa\u00e7\u00e3o de rua","og_description":"Decis\u00e3o de Alexandre de Moraes tamb\u00e9m impede a retirada de bens e pertences e d\u00e1 4 meses para o governo federal apresentar uma pol\u00edtica nacional sobre o tema.","og_url":"https:\/\/psol50.org.br\/stf-atende-pedido-do-psol-rede-e-mtst-e-proibe-remocoes-forcadas-contra-pessoas-em-situacao-de-rua\/","og_site_name":"PSOL 50","article_publisher":"https:\/\/www.facebook.com\/psol50","article_published_time":"2023-07-26T14:18:24+00:00","article_modified_time":"2023-08-02T17:44:05+00:00","og_image":[{"width":1200,"height":754,"url":"https:\/\/psol50.org.br\/inc\/uploads\/2022\/05\/populacao-em-situacao-de-rua-1.jpeg","type":"image\/jpeg"}],"author":"Comunica\u00e7\u00e3o PSOL","twitter_card":"summary_large_image","twitter_creator":"@psol50","twitter_site":"@psol50","twitter_misc":{"Escrito por":"Comunica\u00e7\u00e3o PSOL","Est. tempo de leitura":"1 minuto"},"schema":{"@context":"https:\/\/schema.org","@graph":[{"@type":"Article","@id":"https:\/\/psol50.org.br\/stf-atende-pedido-do-psol-rede-e-mtst-e-proibe-remocoes-forcadas-contra-pessoas-em-situacao-de-rua\/#article","isPartOf":{"@id":"https:\/\/psol50.org.br\/stf-atende-pedido-do-psol-rede-e-mtst-e-proibe-remocoes-forcadas-contra-pessoas-em-situacao-de-rua\/"},"author":{"name":"Comunica\u00e7\u00e3o PSOL","@id":"https:\/\/psol50.org.br\/#\/schema\/person\/475dfa57d0b815993c714c2e96491fcd"},"headline":"STF atende pedido de PSOL, Rede e MTST e pro\u00edbe remo\u00e7\u00f5es for\u00e7adas contra pessoas em situa\u00e7\u00e3o de rua","datePublished":"2023-07-26T14:18:24+00:00","dateModified":"2023-08-02T17:44:05+00:00","mainEntityOfPage":{"@id":"https:\/\/psol50.org.br\/stf-atende-pedido-do-psol-rede-e-mtst-e-proibe-remocoes-forcadas-contra-pessoas-em-situacao-de-rua\/"},"wordCount":314,"publisher":{"@id":"https:\/\/psol50.org.br\/#organization"},"image":{"@id":"https:\/\/psol50.org.br\/stf-atende-pedido-do-psol-rede-e-mtst-e-proibe-remocoes-forcadas-contra-pessoas-em-situacao-de-rua\/#primaryimage"},"thumbnailUrl":"https:\/\/psol50.org.br\/inc\/uploads\/2022\/05\/populacao-em-situacao-de-rua-1.jpeg","keywords":["Not\u00edcias"],"articleSection":["A\u00e7\u00e3o do PSOL"],"inLanguage":"pt-BR"},{"@type":"WebPage","@id":"https:\/\/psol50.org.br\/stf-atende-pedido-do-psol-rede-e-mtst-e-proibe-remocoes-forcadas-contra-pessoas-em-situacao-de-rua\/","url":"https:\/\/psol50.org.br\/stf-atende-pedido-do-psol-rede-e-mtst-e-proibe-remocoes-forcadas-contra-pessoas-em-situacao-de-rua\/","name":"STF atende pedido de PSOL, Rede e MTST e pro\u00edbe remo\u00e7\u00f5es for\u00e7adas contra pessoas em situa\u00e7\u00e3o de rua","isPartOf":{"@id":"https:\/\/psol50.org.br\/#website"},"primaryImageOfPage":{"@id":"https:\/\/psol50.org.br\/stf-atende-pedido-do-psol-rede-e-mtst-e-proibe-remocoes-forcadas-contra-pessoas-em-situacao-de-rua\/#primaryimage"},"image":{"@id":"https:\/\/psol50.org.br\/stf-atende-pedido-do-psol-rede-e-mtst-e-proibe-remocoes-forcadas-contra-pessoas-em-situacao-de-rua\/#primaryimage"},"thumbnailUrl":"https:\/\/psol50.org.br\/inc\/uploads\/2022\/05\/populacao-em-situacao-de-rua-1.jpeg","datePublished":"2023-07-26T14:18:24+00:00","dateModified":"2023-08-02T17:44:05+00:00","description":"Decis\u00e3o de Alexandre de Moraes tamb\u00e9m impede a retirada de bens e pertences e d\u00e1 4 meses para o governo federal apresentar uma pol\u00edtica nacional sobre o tema.","breadcrumb":{"@id":"https:\/\/psol50.org.br\/stf-atende-pedido-do-psol-rede-e-mtst-e-proibe-remocoes-forcadas-contra-pessoas-em-situacao-de-rua\/#breadcrumb"},"inLanguage":"pt-BR","potentialAction":[{"@type":"ReadAction","target":["https:\/\/psol50.org.br\/stf-atende-pedido-do-psol-rede-e-mtst-e-proibe-remocoes-forcadas-contra-pessoas-em-situacao-de-rua\/"]}]},{"@type":"ImageObject","inLanguage":"pt-BR","@id":"https:\/\/psol50.org.br\/stf-atende-pedido-do-psol-rede-e-mtst-e-proibe-remocoes-forcadas-contra-pessoas-em-situacao-de-rua\/#primaryimage","url":"https:\/\/psol50.org.br\/inc\/uploads\/2022\/05\/populacao-em-situacao-de-rua-1.jpeg","contentUrl":"https:\/\/psol50.org.br\/inc\/uploads\/2022\/05\/populacao-em-situacao-de-rua-1.jpeg","width":1200,"height":754,"caption":"Foto: Jos\u00e9 Cruz\/EBC"},{"@type":"BreadcrumbList","@id":"https:\/\/psol50.org.br\/stf-atende-pedido-do-psol-rede-e-mtst-e-proibe-remocoes-forcadas-contra-pessoas-em-situacao-de-rua\/#breadcrumb","itemListElement":[{"@type":"ListItem","position":1,"name":"In\u00edcio","item":"https:\/\/psol50.org.br\/"},{"@type":"ListItem","position":2,"name":"STF atende pedido de PSOL, Rede e MTST e pro\u00edbe remo\u00e7\u00f5es for\u00e7adas contra pessoas em situa\u00e7\u00e3o de rua"}]},{"@type":"WebSite","@id":"https:\/\/psol50.org.br\/#website","url":"https:\/\/psol50.org.br\/","name":"PSOL 50","description":"Site oficial do Partido Socialismo e Liberdade","publisher":{"@id":"https:\/\/psol50.org.br\/#organization"},"alternateName":"PSOL50","potentialAction":[{"@type":"SearchAction","target":{"@type":"EntryPoint","urlTemplate":"https:\/\/psol50.org.br\/?s={search_term_string}"},"query-input":{"@type":"PropertyValueSpecification","valueRequired":true,"valueName":"search_term_string"}}],"inLanguage":"pt-BR"},{"@type":"Organization","@id":"https:\/\/psol50.org.br\/#organization","name":"PSOL 50","alternateName":"PSOL 50","url":"https:\/\/psol50.org.br\/","logo":{"@type":"ImageObject","inLanguage":"pt-BR","@id":"https:\/\/psol50.org.br\/#\/schema\/logo\/image\/","url":"https:\/\/psol50.org.br\/inc\/uploads\/2018\/07\/capa.png","contentUrl":"https:\/\/psol50.org.br\/inc\/uploads\/2018\/07\/capa.png","width":1350,"height":900,"caption":"PSOL 50"},"image":{"@id":"https:\/\/psol50.org.br\/#\/schema\/logo\/image\/"},"sameAs":["https:\/\/www.facebook.com\/psol50","https:\/\/x.com\/psol50","https:\/\/www.instagram.com\/psol50\/","https:\/\/www.youtube.com\/channel\/UC7SnJS5o1os7a6CaiNabzcg"]},{"@type":"Person","@id":"https:\/\/psol50.org.br\/#\/schema\/person\/475dfa57d0b815993c714c2e96491fcd","name":"Comunica\u00e7\u00e3o PSOL","image":{"@type":"ImageObject","inLanguage":"pt-BR","@id":"https:\/\/psol50.org.br\/#\/schema\/person\/image\/","url":"https:\/\/secure.gravatar.com\/avatar\/b34fc4f4e468a4e51785917065a3db57b841f5c95dba6ad8c73aaf8f66f8f9bf?s=96&d=mm&r=g","contentUrl":"https:\/\/secure.gravatar.com\/avatar\/b34fc4f4e468a4e51785917065a3db57b841f5c95dba6ad8c73aaf8f66f8f9bf?s=96&d=mm&r=g","caption":"Comunica\u00e7\u00e3o PSOL"}}]}},"_links":{"self":[{"href":"https:\/\/psol50.org.br\/rest\/wp\/v2\/posts\/38274","targetHints":{"allow":["GET"]}}],"collection":[{"href":"https:\/\/psol50.org.br\/rest\/wp\/v2\/posts"}],"about":[{"href":"https:\/\/psol50.org.br\/rest\/wp\/v2\/types\/post"}],"author":[{"embeddable":true,"href":"https:\/\/psol50.org.br\/rest\/wp\/v2\/users\/2"}],"replies":[{"embeddable":true,"href":"https:\/\/psol50.org.br\/rest\/wp\/v2\/comments?post=38274"}],"version-history":[{"count":4,"href":"https:\/\/psol50.org.br\/rest\/wp\/v2\/posts\/38274\/revisions"}],"predecessor-version":[{"id":38280,"href":"https:\/\/psol50.org.br\/rest\/wp\/v2\/posts\/38274\/revisions\/38280"}],"wp:featuredmedia":[{"embeddable":true,"href":"https:\/\/psol50.org.br\/rest\/wp\/v2\/media\/35820"}],"wp:attachment":[{"href":"https:\/\/psol50.org.br\/rest\/wp\/v2\/media?parent=38274"}],"wp:term":[{"taxonomy":"category","embeddable":true,"href":"https:\/\/psol50.org.br\/rest\/wp\/v2\/categories?post=38274"},{"taxonomy":"post_tag","embeddable":true,"href":"https:\/\/psol50.org.br\/rest\/wp\/v2\/tags?post=38274"}],"curies":[{"name":"wp","href":"https:\/\/api.w.org\/{rel}","templated":true}]}}