{"id":38306,"date":"2023-08-02T16:08:26","date_gmt":"2023-08-02T19:08:26","guid":{"rendered":"https:\/\/psol50.org.br\/?p=38306"},"modified":"2023-08-05T18:02:06","modified_gmt":"2023-08-05T21:02:06","slug":"guilherme-boulos-psol-vai-coordenar-construcao-de-politicas-para-pessoas-em-situacao-de-rua-no-ministerio-dos-direitos-humanos","status":"publish","type":"post","link":"https:\/\/psol50.org.br\/guilherme-boulos-psol-vai-coordenar-construcao-de-politicas-para-pessoas-em-situacao-de-rua-no-ministerio-dos-direitos-humanos\/","title":{"rendered":"Guilherme Boulos (PSOL) vai coordenar constru\u00e7\u00e3o de pol\u00edticas para pessoas em situa\u00e7\u00e3o de rua no Minist\u00e9rio dos Direitos Humanos"},"content":{"rendered":"<p>O Minist\u00e9rio dos Direitos Humanos, chefiado por Silvio Almeida, anunciou a cria\u00e7\u00e3o de uma mesa de di\u00e1logo com parlamentares para elaborar um plano de a\u00e7\u00e3o em defesa dos direitos das pessoas em situa\u00e7\u00e3o de rua. O ministro chamou o deputado Guilherme Boulos, l\u00edder da bancada do PSOL na C\u00e2mara e aliado de figuras importantes nessa discuss\u00e3o como o padre Julio Lancellotti, para coordenar os trabalhos.<\/p>\n<p>A decis\u00e3o vem na sequ\u00eancia da determina\u00e7\u00e3o do Supremo Tribunal Federal (STF) de que o governo federal tem 120 dias para formular um diagn\u00f3stico sobre a situa\u00e7\u00e3o das pessoas em situa\u00e7\u00e3o de vulnerabilidade e apresentar uma pol\u00edtica nacional sobre o tema.<\/p>\n<p>A determina\u00e7\u00e3o, que veio atrav\u00e9s do ministro Alexandre de Moraes, acontece em resposta a uma a\u00e7\u00e3o apresentada no STF pelo PSOL em conjunto com a Rede e o MTST.<\/p>\n<p>A mobiliza\u00e7\u00e3o encabe\u00e7ada pelo Minist\u00e9rio dos Direitos Humanos dever\u00e1 viabilizar a cria\u00e7\u00e3o de uma pol\u00edtica nacional, que ser\u00e1 pautada em tratamento humanizado e n\u00e3o violento.<\/p>\n<p>&#8220;O plano de a\u00e7\u00e3o ser\u00e1 um pilar fundamental para a execu\u00e7\u00e3o da pol\u00edtica nacional. Precisamos garantir direitos e dignidade \u00e0 popula\u00e7\u00e3o em situa\u00e7\u00e3o de rua em todo o Brasil&#8221;, afirma Boulos.<\/p>\n<p>Al\u00e9m do l\u00edder do PSOL na C\u00e2mara, devem integrar a mesa de di\u00e1logo Mar\u00edlia Arraes (Solidariedade-PE), Reimont (PT-RJ) e Ant\u00f4nio Brito (PSD-BA), todos deputados federais.<\/p>\n","protected":false},"excerpt":{"rendered":"<p>O Minist\u00e9rio dos Direitos Humanos, chefiado por Silvio Almeida, anunciou a cria\u00e7\u00e3o de uma mesa de di\u00e1logo com parlamentares para elaborar um plano de a\u00e7\u00e3o em defesa dos direitos das pessoas em situa\u00e7\u00e3o de rua. O ministro chamou o deputado Guilherme Boulos, l\u00edder da bancada do PSOL na C\u00e2mara e aliado de figuras importantes nessa [&hellip;]<\/p>\n","protected":false},"author":2,"featured_media":38309,"comment_status":"closed","ping_status":"open","sticky":false,"template":"","format":"standard","meta":{"_acf_changed":false,"footnotes":""},"categories":[10],"tags":[4825],"class_list":{"0":"post-38306","1":"post","2":"type-post","3":"status-publish","4":"format-standard","5":"has-post-thumbnail","7":"category-acao-parlamentares","8":"tag-noticias"},"acf":[],"yoast_head":"<!-- This site is optimized with the Yoast SEO plugin v26.5 - https:\/\/yoast.com\/wordpress\/plugins\/seo\/ -->\n<title>Guilherme Boulos (PSOL) vai coordenar constru\u00e7\u00e3o de pol\u00edticas para pessoas em situa\u00e7\u00e3o de rua no Minist\u00e9rio dos Direitos Humanos<\/title>\n<meta name=\"description\" content=\"Ministro Silvio Almeida criou mesa de di\u00e1logo com parlamentares para criar pol\u00edtica nacional sobre o tema. STF deu 120 dias para governo federal apresentar medidas.\" \/>\n<meta name=\"robots\" content=\"index, follow, max-snippet:-1, max-image-preview:large, max-video-preview:-1\" \/>\n<link rel=\"canonical\" href=\"https:\/\/psol50.org.br\/guilherme-boulos-psol-vai-coordenar-construcao-de-politicas-para-pessoas-em-situacao-de-rua-no-ministerio-dos-direitos-humanos\/\" \/>\n<meta property=\"og:locale\" content=\"pt_BR\" \/>\n<meta property=\"og:type\" content=\"article\" \/>\n<meta property=\"og:title\" content=\"Guilherme Boulos (PSOL) vai coordenar constru\u00e7\u00e3o de pol\u00edticas para pessoas em situa\u00e7\u00e3o de rua no Minist\u00e9rio dos Direitos Humanos\" \/>\n<meta property=\"og:description\" content=\"Ministro Silvio Almeida criou mesa de di\u00e1logo com parlamentares para criar pol\u00edtica nacional sobre o tema. STF deu 120 dias para governo federal apresentar medidas.\" \/>\n<meta property=\"og:url\" content=\"https:\/\/psol50.org.br\/guilherme-boulos-psol-vai-coordenar-construcao-de-politicas-para-pessoas-em-situacao-de-rua-no-ministerio-dos-direitos-humanos\/\" \/>\n<meta property=\"og:site_name\" content=\"PSOL 50\" \/>\n<meta property=\"article:publisher\" content=\"https:\/\/www.facebook.com\/psol50\" \/>\n<meta property=\"article:published_time\" content=\"2023-08-02T19:08:26+00:00\" \/>\n<meta property=\"article:modified_time\" content=\"2023-08-05T21:02:06+00:00\" \/>\n<meta property=\"og:image\" content=\"https:\/\/psol50.org.br\/inc\/uploads\/2023\/08\/img20230707184408425.jpg\" \/>\n\t<meta property=\"og:image:width\" content=\"1984\" \/>\n\t<meta property=\"og:image:height\" content=\"1223\" \/>\n\t<meta property=\"og:image:type\" content=\"image\/jpeg\" \/>\n<meta name=\"author\" content=\"Comunica\u00e7\u00e3o PSOL\" \/>\n<meta name=\"twitter:card\" content=\"summary_large_image\" \/>\n<meta name=\"twitter:creator\" content=\"@psol50\" \/>\n<meta name=\"twitter:site\" content=\"@psol50\" \/>\n<meta name=\"twitter:label1\" content=\"Escrito por\" \/>\n\t<meta name=\"twitter:data1\" content=\"Comunica\u00e7\u00e3o PSOL\" \/>\n\t<meta name=\"twitter:label2\" content=\"Est. tempo de leitura\" \/>\n\t<meta name=\"twitter:data2\" content=\"1 minuto\" \/>\n<script type=\"application\/ld+json\" class=\"yoast-schema-graph\">{\"@context\":\"https:\/\/schema.org\",\"@graph\":[{\"@type\":\"Article\",\"@id\":\"https:\/\/psol50.org.br\/guilherme-boulos-psol-vai-coordenar-construcao-de-politicas-para-pessoas-em-situacao-de-rua-no-ministerio-dos-direitos-humanos\/#article\",\"isPartOf\":{\"@id\":\"https:\/\/psol50.org.br\/guilherme-boulos-psol-vai-coordenar-construcao-de-politicas-para-pessoas-em-situacao-de-rua-no-ministerio-dos-direitos-humanos\/\"},\"author\":{\"name\":\"Comunica\u00e7\u00e3o PSOL\",\"@id\":\"https:\/\/psol50.org.br\/#\/schema\/person\/475dfa57d0b815993c714c2e96491fcd\"},\"headline\":\"Guilherme Boulos (PSOL) vai coordenar constru\u00e7\u00e3o de pol\u00edticas para pessoas em situa\u00e7\u00e3o de rua no Minist\u00e9rio dos Direitos Humanos\",\"datePublished\":\"2023-08-02T19:08:26+00:00\",\"dateModified\":\"2023-08-05T21:02:06+00:00\",\"mainEntityOfPage\":{\"@id\":\"https:\/\/psol50.org.br\/guilherme-boulos-psol-vai-coordenar-construcao-de-politicas-para-pessoas-em-situacao-de-rua-no-ministerio-dos-direitos-humanos\/\"},\"wordCount\":272,\"publisher\":{\"@id\":\"https:\/\/psol50.org.br\/#organization\"},\"image\":{\"@id\":\"https:\/\/psol50.org.br\/guilherme-boulos-psol-vai-coordenar-construcao-de-politicas-para-pessoas-em-situacao-de-rua-no-ministerio-dos-direitos-humanos\/#primaryimage\"},\"thumbnailUrl\":\"https:\/\/psol50.org.br\/inc\/uploads\/2023\/08\/img20230707184408425.jpg\",\"keywords\":[\"Not\u00edcias\"],\"articleSection\":[\"A\u00e7\u00e3o Parlamentar\"],\"inLanguage\":\"pt-BR\"},{\"@type\":\"WebPage\",\"@id\":\"https:\/\/psol50.org.br\/guilherme-boulos-psol-vai-coordenar-construcao-de-politicas-para-pessoas-em-situacao-de-rua-no-ministerio-dos-direitos-humanos\/\",\"url\":\"https:\/\/psol50.org.br\/guilherme-boulos-psol-vai-coordenar-construcao-de-politicas-para-pessoas-em-situacao-de-rua-no-ministerio-dos-direitos-humanos\/\",\"name\":\"Guilherme Boulos (PSOL) vai coordenar constru\u00e7\u00e3o de pol\u00edticas para pessoas em situa\u00e7\u00e3o de rua no Minist\u00e9rio dos Direitos Humanos\",\"isPartOf\":{\"@id\":\"https:\/\/psol50.org.br\/#website\"},\"primaryImageOfPage\":{\"@id\":\"https:\/\/psol50.org.br\/guilherme-boulos-psol-vai-coordenar-construcao-de-politicas-para-pessoas-em-situacao-de-rua-no-ministerio-dos-direitos-humanos\/#primaryimage\"},\"image\":{\"@id\":\"https:\/\/psol50.org.br\/guilherme-boulos-psol-vai-coordenar-construcao-de-politicas-para-pessoas-em-situacao-de-rua-no-ministerio-dos-direitos-humanos\/#primaryimage\"},\"thumbnailUrl\":\"https:\/\/psol50.org.br\/inc\/uploads\/2023\/08\/img20230707184408425.jpg\",\"datePublished\":\"2023-08-02T19:08:26+00:00\",\"dateModified\":\"2023-08-05T21:02:06+00:00\",\"description\":\"Ministro Silvio Almeida criou mesa de di\u00e1logo com parlamentares para criar pol\u00edtica nacional sobre o tema. STF deu 120 dias para governo federal apresentar medidas.\",\"breadcrumb\":{\"@id\":\"https:\/\/psol50.org.br\/guilherme-boulos-psol-vai-coordenar-construcao-de-politicas-para-pessoas-em-situacao-de-rua-no-ministerio-dos-direitos-humanos\/#breadcrumb\"},\"inLanguage\":\"pt-BR\",\"potentialAction\":[{\"@type\":\"ReadAction\",\"target\":[\"https:\/\/psol50.org.br\/guilherme-boulos-psol-vai-coordenar-construcao-de-politicas-para-pessoas-em-situacao-de-rua-no-ministerio-dos-direitos-humanos\/\"]}]},{\"@type\":\"ImageObject\",\"inLanguage\":\"pt-BR\",\"@id\":\"https:\/\/psol50.org.br\/guilherme-boulos-psol-vai-coordenar-construcao-de-politicas-para-pessoas-em-situacao-de-rua-no-ministerio-dos-direitos-humanos\/#primaryimage\",\"url\":\"https:\/\/psol50.org.br\/inc\/uploads\/2023\/08\/img20230707184408425.jpg\",\"contentUrl\":\"https:\/\/psol50.org.br\/inc\/uploads\/2023\/08\/img20230707184408425.jpg\",\"width\":1984,\"height\":1223,\"caption\":\"Foto: Bruno Spada\/C\u00e2mara dos Deputados\"},{\"@type\":\"BreadcrumbList\",\"@id\":\"https:\/\/psol50.org.br\/guilherme-boulos-psol-vai-coordenar-construcao-de-politicas-para-pessoas-em-situacao-de-rua-no-ministerio-dos-direitos-humanos\/#breadcrumb\",\"itemListElement\":[{\"@type\":\"ListItem\",\"position\":1,\"name\":\"In\u00edcio\",\"item\":\"https:\/\/psol50.org.br\/\"},{\"@type\":\"ListItem\",\"position\":2,\"name\":\"Guilherme Boulos (PSOL) vai coordenar constru\u00e7\u00e3o de pol\u00edticas para pessoas em situa\u00e7\u00e3o de rua no Minist\u00e9rio dos Direitos Humanos\"}]},{\"@type\":\"WebSite\",\"@id\":\"https:\/\/psol50.org.br\/#website\",\"url\":\"https:\/\/psol50.org.br\/\",\"name\":\"PSOL 50\",\"description\":\"Site oficial do Partido Socialismo e Liberdade\",\"publisher\":{\"@id\":\"https:\/\/psol50.org.br\/#organization\"},\"alternateName\":\"PSOL50\",\"potentialAction\":[{\"@type\":\"SearchAction\",\"target\":{\"@type\":\"EntryPoint\",\"urlTemplate\":\"https:\/\/psol50.org.br\/?s={search_term_string}\"},\"query-input\":{\"@type\":\"PropertyValueSpecification\",\"valueRequired\":true,\"valueName\":\"search_term_string\"}}],\"inLanguage\":\"pt-BR\"},{\"@type\":\"Organization\",\"@id\":\"https:\/\/psol50.org.br\/#organization\",\"name\":\"PSOL 50\",\"alternateName\":\"PSOL 50\",\"url\":\"https:\/\/psol50.org.br\/\",\"logo\":{\"@type\":\"ImageObject\",\"inLanguage\":\"pt-BR\",\"@id\":\"https:\/\/psol50.org.br\/#\/schema\/logo\/image\/\",\"url\":\"https:\/\/psol50.org.br\/inc\/uploads\/2018\/07\/capa.png\",\"contentUrl\":\"https:\/\/psol50.org.br\/inc\/uploads\/2018\/07\/capa.png\",\"width\":1350,\"height\":900,\"caption\":\"PSOL 50\"},\"image\":{\"@id\":\"https:\/\/psol50.org.br\/#\/schema\/logo\/image\/\"},\"sameAs\":[\"https:\/\/www.facebook.com\/psol50\",\"https:\/\/x.com\/psol50\",\"https:\/\/www.instagram.com\/psol50\/\",\"https:\/\/www.youtube.com\/channel\/UC7SnJS5o1os7a6CaiNabzcg\"]},{\"@type\":\"Person\",\"@id\":\"https:\/\/psol50.org.br\/#\/schema\/person\/475dfa57d0b815993c714c2e96491fcd\",\"name\":\"Comunica\u00e7\u00e3o PSOL\",\"image\":{\"@type\":\"ImageObject\",\"inLanguage\":\"pt-BR\",\"@id\":\"https:\/\/psol50.org.br\/#\/schema\/person\/image\/\",\"url\":\"https:\/\/secure.gravatar.com\/avatar\/b34fc4f4e468a4e51785917065a3db57b841f5c95dba6ad8c73aaf8f66f8f9bf?s=96&d=mm&r=g\",\"contentUrl\":\"https:\/\/secure.gravatar.com\/avatar\/b34fc4f4e468a4e51785917065a3db57b841f5c95dba6ad8c73aaf8f66f8f9bf?s=96&d=mm&r=g\",\"caption\":\"Comunica\u00e7\u00e3o PSOL\"}}]}<\/script>\n<!-- \/ Yoast SEO plugin. -->","yoast_head_json":{"title":"Guilherme Boulos (PSOL) vai coordenar constru\u00e7\u00e3o de pol\u00edticas para pessoas em situa\u00e7\u00e3o de rua no Minist\u00e9rio dos Direitos Humanos","description":"Ministro Silvio Almeida criou mesa de di\u00e1logo com parlamentares para criar pol\u00edtica nacional sobre o tema. STF deu 120 dias para governo federal apresentar medidas.","robots":{"index":"index","follow":"follow","max-snippet":"max-snippet:-1","max-image-preview":"max-image-preview:large","max-video-preview":"max-video-preview:-1"},"canonical":"https:\/\/psol50.org.br\/guilherme-boulos-psol-vai-coordenar-construcao-de-politicas-para-pessoas-em-situacao-de-rua-no-ministerio-dos-direitos-humanos\/","og_locale":"pt_BR","og_type":"article","og_title":"Guilherme Boulos (PSOL) vai coordenar constru\u00e7\u00e3o de pol\u00edticas para pessoas em situa\u00e7\u00e3o de rua no Minist\u00e9rio dos Direitos Humanos","og_description":"Ministro Silvio Almeida criou mesa de di\u00e1logo com parlamentares para criar pol\u00edtica nacional sobre o tema. STF deu 120 dias para governo federal apresentar medidas.","og_url":"https:\/\/psol50.org.br\/guilherme-boulos-psol-vai-coordenar-construcao-de-politicas-para-pessoas-em-situacao-de-rua-no-ministerio-dos-direitos-humanos\/","og_site_name":"PSOL 50","article_publisher":"https:\/\/www.facebook.com\/psol50","article_published_time":"2023-08-02T19:08:26+00:00","article_modified_time":"2023-08-05T21:02:06+00:00","og_image":[{"width":1984,"height":1223,"url":"https:\/\/psol50.org.br\/inc\/uploads\/2023\/08\/img20230707184408425.jpg","type":"image\/jpeg"}],"author":"Comunica\u00e7\u00e3o PSOL","twitter_card":"summary_large_image","twitter_creator":"@psol50","twitter_site":"@psol50","twitter_misc":{"Escrito por":"Comunica\u00e7\u00e3o PSOL","Est. tempo de leitura":"1 minuto"},"schema":{"@context":"https:\/\/schema.org","@graph":[{"@type":"Article","@id":"https:\/\/psol50.org.br\/guilherme-boulos-psol-vai-coordenar-construcao-de-politicas-para-pessoas-em-situacao-de-rua-no-ministerio-dos-direitos-humanos\/#article","isPartOf":{"@id":"https:\/\/psol50.org.br\/guilherme-boulos-psol-vai-coordenar-construcao-de-politicas-para-pessoas-em-situacao-de-rua-no-ministerio-dos-direitos-humanos\/"},"author":{"name":"Comunica\u00e7\u00e3o PSOL","@id":"https:\/\/psol50.org.br\/#\/schema\/person\/475dfa57d0b815993c714c2e96491fcd"},"headline":"Guilherme Boulos (PSOL) vai coordenar constru\u00e7\u00e3o de pol\u00edticas para pessoas em situa\u00e7\u00e3o de rua no Minist\u00e9rio dos Direitos Humanos","datePublished":"2023-08-02T19:08:26+00:00","dateModified":"2023-08-05T21:02:06+00:00","mainEntityOfPage":{"@id":"https:\/\/psol50.org.br\/guilherme-boulos-psol-vai-coordenar-construcao-de-politicas-para-pessoas-em-situacao-de-rua-no-ministerio-dos-direitos-humanos\/"},"wordCount":272,"publisher":{"@id":"https:\/\/psol50.org.br\/#organization"},"image":{"@id":"https:\/\/psol50.org.br\/guilherme-boulos-psol-vai-coordenar-construcao-de-politicas-para-pessoas-em-situacao-de-rua-no-ministerio-dos-direitos-humanos\/#primaryimage"},"thumbnailUrl":"https:\/\/psol50.org.br\/inc\/uploads\/2023\/08\/img20230707184408425.jpg","keywords":["Not\u00edcias"],"articleSection":["A\u00e7\u00e3o Parlamentar"],"inLanguage":"pt-BR"},{"@type":"WebPage","@id":"https:\/\/psol50.org.br\/guilherme-boulos-psol-vai-coordenar-construcao-de-politicas-para-pessoas-em-situacao-de-rua-no-ministerio-dos-direitos-humanos\/","url":"https:\/\/psol50.org.br\/guilherme-boulos-psol-vai-coordenar-construcao-de-politicas-para-pessoas-em-situacao-de-rua-no-ministerio-dos-direitos-humanos\/","name":"Guilherme Boulos (PSOL) vai coordenar constru\u00e7\u00e3o de pol\u00edticas para pessoas em situa\u00e7\u00e3o de rua no Minist\u00e9rio dos Direitos Humanos","isPartOf":{"@id":"https:\/\/psol50.org.br\/#website"},"primaryImageOfPage":{"@id":"https:\/\/psol50.org.br\/guilherme-boulos-psol-vai-coordenar-construcao-de-politicas-para-pessoas-em-situacao-de-rua-no-ministerio-dos-direitos-humanos\/#primaryimage"},"image":{"@id":"https:\/\/psol50.org.br\/guilherme-boulos-psol-vai-coordenar-construcao-de-politicas-para-pessoas-em-situacao-de-rua-no-ministerio-dos-direitos-humanos\/#primaryimage"},"thumbnailUrl":"https:\/\/psol50.org.br\/inc\/uploads\/2023\/08\/img20230707184408425.jpg","datePublished":"2023-08-02T19:08:26+00:00","dateModified":"2023-08-05T21:02:06+00:00","description":"Ministro Silvio Almeida criou mesa de di\u00e1logo com parlamentares para criar pol\u00edtica nacional sobre o tema. STF deu 120 dias para governo federal apresentar medidas.","breadcrumb":{"@id":"https:\/\/psol50.org.br\/guilherme-boulos-psol-vai-coordenar-construcao-de-politicas-para-pessoas-em-situacao-de-rua-no-ministerio-dos-direitos-humanos\/#breadcrumb"},"inLanguage":"pt-BR","potentialAction":[{"@type":"ReadAction","target":["https:\/\/psol50.org.br\/guilherme-boulos-psol-vai-coordenar-construcao-de-politicas-para-pessoas-em-situacao-de-rua-no-ministerio-dos-direitos-humanos\/"]}]},{"@type":"ImageObject","inLanguage":"pt-BR","@id":"https:\/\/psol50.org.br\/guilherme-boulos-psol-vai-coordenar-construcao-de-politicas-para-pessoas-em-situacao-de-rua-no-ministerio-dos-direitos-humanos\/#primaryimage","url":"https:\/\/psol50.org.br\/inc\/uploads\/2023\/08\/img20230707184408425.jpg","contentUrl":"https:\/\/psol50.org.br\/inc\/uploads\/2023\/08\/img20230707184408425.jpg","width":1984,"height":1223,"caption":"Foto: Bruno Spada\/C\u00e2mara dos Deputados"},{"@type":"BreadcrumbList","@id":"https:\/\/psol50.org.br\/guilherme-boulos-psol-vai-coordenar-construcao-de-politicas-para-pessoas-em-situacao-de-rua-no-ministerio-dos-direitos-humanos\/#breadcrumb","itemListElement":[{"@type":"ListItem","position":1,"name":"In\u00edcio","item":"https:\/\/psol50.org.br\/"},{"@type":"ListItem","position":2,"name":"Guilherme Boulos (PSOL) vai coordenar constru\u00e7\u00e3o de pol\u00edticas para pessoas em situa\u00e7\u00e3o de rua no Minist\u00e9rio dos Direitos Humanos"}]},{"@type":"WebSite","@id":"https:\/\/psol50.org.br\/#website","url":"https:\/\/psol50.org.br\/","name":"PSOL 50","description":"Site oficial do Partido Socialismo e Liberdade","publisher":{"@id":"https:\/\/psol50.org.br\/#organization"},"alternateName":"PSOL50","potentialAction":[{"@type":"SearchAction","target":{"@type":"EntryPoint","urlTemplate":"https:\/\/psol50.org.br\/?s={search_term_string}"},"query-input":{"@type":"PropertyValueSpecification","valueRequired":true,"valueName":"search_term_string"}}],"inLanguage":"pt-BR"},{"@type":"Organization","@id":"https:\/\/psol50.org.br\/#organization","name":"PSOL 50","alternateName":"PSOL 50","url":"https:\/\/psol50.org.br\/","logo":{"@type":"ImageObject","inLanguage":"pt-BR","@id":"https:\/\/psol50.org.br\/#\/schema\/logo\/image\/","url":"https:\/\/psol50.org.br\/inc\/uploads\/2018\/07\/capa.png","contentUrl":"https:\/\/psol50.org.br\/inc\/uploads\/2018\/07\/capa.png","width":1350,"height":900,"caption":"PSOL 50"},"image":{"@id":"https:\/\/psol50.org.br\/#\/schema\/logo\/image\/"},"sameAs":["https:\/\/www.facebook.com\/psol50","https:\/\/x.com\/psol50","https:\/\/www.instagram.com\/psol50\/","https:\/\/www.youtube.com\/channel\/UC7SnJS5o1os7a6CaiNabzcg"]},{"@type":"Person","@id":"https:\/\/psol50.org.br\/#\/schema\/person\/475dfa57d0b815993c714c2e96491fcd","name":"Comunica\u00e7\u00e3o PSOL","image":{"@type":"ImageObject","inLanguage":"pt-BR","@id":"https:\/\/psol50.org.br\/#\/schema\/person\/image\/","url":"https:\/\/secure.gravatar.com\/avatar\/b34fc4f4e468a4e51785917065a3db57b841f5c95dba6ad8c73aaf8f66f8f9bf?s=96&d=mm&r=g","contentUrl":"https:\/\/secure.gravatar.com\/avatar\/b34fc4f4e468a4e51785917065a3db57b841f5c95dba6ad8c73aaf8f66f8f9bf?s=96&d=mm&r=g","caption":"Comunica\u00e7\u00e3o PSOL"}}]}},"_links":{"self":[{"href":"https:\/\/psol50.org.br\/rest\/wp\/v2\/posts\/38306","targetHints":{"allow":["GET"]}}],"collection":[{"href":"https:\/\/psol50.org.br\/rest\/wp\/v2\/posts"}],"about":[{"href":"https:\/\/psol50.org.br\/rest\/wp\/v2\/types\/post"}],"author":[{"embeddable":true,"href":"https:\/\/psol50.org.br\/rest\/wp\/v2\/users\/2"}],"replies":[{"embeddable":true,"href":"https:\/\/psol50.org.br\/rest\/wp\/v2\/comments?post=38306"}],"version-history":[{"count":2,"href":"https:\/\/psol50.org.br\/rest\/wp\/v2\/posts\/38306\/revisions"}],"predecessor-version":[{"id":38308,"href":"https:\/\/psol50.org.br\/rest\/wp\/v2\/posts\/38306\/revisions\/38308"}],"wp:featuredmedia":[{"embeddable":true,"href":"https:\/\/psol50.org.br\/rest\/wp\/v2\/media\/38309"}],"wp:attachment":[{"href":"https:\/\/psol50.org.br\/rest\/wp\/v2\/media?parent=38306"}],"wp:term":[{"taxonomy":"category","embeddable":true,"href":"https:\/\/psol50.org.br\/rest\/wp\/v2\/categories?post=38306"},{"taxonomy":"post_tag","embeddable":true,"href":"https:\/\/psol50.org.br\/rest\/wp\/v2\/tags?post=38306"}],"curies":[{"name":"wp","href":"https:\/\/api.w.org\/{rel}","templated":true}]}}