{"id":38486,"date":"2023-10-01T15:49:58","date_gmt":"2023-10-01T18:49:58","guid":{"rendered":"https:\/\/psol50.org.br\/?p=38486"},"modified":"2023-11-25T16:53:08","modified_gmt":"2023-11-25T19:53:08","slug":"com-67-dos-votos-paula-coradi-e-eleita-a-nova-presidenta-do-psol","status":"publish","type":"post","link":"https:\/\/psol50.org.br\/com-67-dos-votos-paula-coradi-e-eleita-a-nova-presidenta-do-psol\/","title":{"rendered":"Com 67% dos votos, Paula Coradi \u00e9 eleita a nova presidenta do PSOL"},"content":{"rendered":"<p>O 8\u00ba Congresso Nacional do PSOL acaba de eleger neste domingo (01) Paula Coradi como a nova presidenta nacional do partido at\u00e9 2026 com o voto de 67% dos 451 delegados e delegadas.<\/p>\n<p>Paula Coradi substitui Juliano Medeiros, que esteve na Presid\u00eancia Nacional do PSOL entre 2017 e 2023.<\/p>\n<p>Esta decis\u00e3o encerra meses de processo congressual, que se iniciou ainda em julho com as plen\u00e1rias municipais, que contaram com a participa\u00e7\u00e3o de mais de 53 mil filiados e filiadas, e se encerrou neste final de semana com a etapa nacional acontecendo em Bras\u00edlia (DF).<\/p>\n<p>Al\u00e9m da elei\u00e7\u00e3o de Paula Coradi e do novo Diret\u00f3rio Nacional do PSOL, o Congresso do partido aprovou resolu\u00e7\u00f5es sobre Conjuntura Nacional, Conjuntura Internacional, Elei\u00e7\u00f5es 2024 e Balan\u00e7o e Organiza\u00e7\u00e3o do Partido.<\/p>\n<p><strong>Conhe\u00e7a Paula Coradi, a nova presidenta nacional do PSOL<\/strong><\/p>\n<p><span style=\"font-weight: 400;\">Filiada ao PSOL desde 2009, Paula Coradi tem 38 anos e \u00e9 capixaba de Vila Velha (ES). Come\u00e7ou sua milit\u00e2ncia pol\u00edtica na Universidade Federal do Esp\u00edrito Santo, onde se graduou em Hist\u00f3ria. Professora licenciada da Rede Estadual de Ensino do Esp\u00edrito Santo, leciona no Ensino Fundamental.<\/span><\/p>\n<p><span style=\"font-weight: 400;\">Foi dirigente municipal e estadual antes de integrar a Executiva Nacional do PSOL a partir de 2017, ap\u00f3s o 6\u00ba Congresso do PSOL. Como Secret\u00e1ria de Movimentos Sociais, trabalhou ativamente nas articula\u00e7\u00f5es para uma aproxima\u00e7\u00e3o do partido com estas organiza\u00e7\u00f5es populares.<\/span><\/p>\n<p><span style=\"font-weight: 400;\">Em 2018, atuou na coordena\u00e7\u00e3o de campanha de Guilherme Boulos \u00e0 Presid\u00eancia da Rep\u00fablica. Dois anos depois, esteve na coordena\u00e7\u00e3o da campanha que levou Boulos ao segundo turno na disputa pela Prefeitura de S\u00e3o Paulo.<\/span><\/p>\n<p><span style=\"font-weight: 400;\">No 7\u00ba Congresso do PSOL, em 2021, assumiu a Secretaria de Organiza\u00e7\u00e3o do partido e articulou em diferentes frentes para que o PSOL aumentasse o n\u00famero de filiados e tivesse um maior protagonismo pol\u00edtico-eleitoral, que culminou na elei\u00e7\u00e3o da maior bancada federal do partido em sua hist\u00f3ria.<\/span><\/p>\n<p><span style=\"font-weight: 400;\">No 8\u00ba Congresso Nacional do PSOL, Paula Coradi foi escolhida como presidente do partido at\u00e9 2026.<\/span><\/p>\n<p><span style=\"font-weight: 400;\">\u201cSou fruto de um processo coletivo. O PSOL incentiva a participa\u00e7\u00e3o das mulheres nas inst\u00e2ncias partid\u00e1rias. Isso resulta em um n\u00famero expressivo de parlamentares mulheres e em inst\u00e2ncias partid\u00e1rias. Agora, \u00e9 seguir como nosso trabalho de amplia\u00e7\u00e3o da nossa base social, e estreitar ainda mais os la\u00e7os com os movimentos sociais para estarmos ainda mais fortalecidos nas elei\u00e7\u00f5es de 2024.\u201d, comenta Paula.<\/span><\/p>\n","protected":false},"excerpt":{"rendered":"<p>O 8\u00ba Congresso Nacional do PSOL acaba de eleger neste domingo (01) Paula Coradi como a nova presidenta nacional do partido at\u00e9 2026 com o voto de 67% dos 451 delegados e delegadas. Paula Coradi substitui Juliano Medeiros, que esteve na Presid\u00eancia Nacional do PSOL entre 2017 e 2023. Esta decis\u00e3o encerra meses de processo [&hellip;]<\/p>\n","protected":false},"author":2,"featured_media":38534,"comment_status":"closed","ping_status":"open","sticky":false,"template":"","format":"standard","meta":{"_acf_changed":false,"footnotes":""},"categories":[14],"tags":[4825],"class_list":{"0":"post-38486","1":"post","2":"type-post","3":"status-publish","4":"format-standard","5":"has-post-thumbnail","7":"category-partido","8":"tag-noticias"},"acf":[],"yoast_head":"<!-- This site is optimized with the Yoast SEO plugin v26.5 - https:\/\/yoast.com\/wordpress\/plugins\/seo\/ -->\n<title>Com 67% dos votos, Paula Coradi \u00e9 eleita a nova presidenta do PSOL<\/title>\n<meta name=\"description\" content=\"Conhe\u00e7a mais sobre a eleita no 8\u00ba Congresso Nacional do PSOL para presidir o partido.\" \/>\n<meta name=\"robots\" content=\"index, follow, max-snippet:-1, max-image-preview:large, max-video-preview:-1\" \/>\n<link rel=\"canonical\" href=\"https:\/\/psol50.org.br\/com-67-dos-votos-paula-coradi-e-eleita-a-nova-presidenta-do-psol\/\" \/>\n<meta property=\"og:locale\" content=\"pt_BR\" \/>\n<meta property=\"og:type\" content=\"article\" \/>\n<meta property=\"og:title\" content=\"Com 67% dos votos, Paula Coradi \u00e9 eleita a nova presidenta do PSOL\" \/>\n<meta property=\"og:description\" content=\"Conhe\u00e7a mais sobre a eleita no 8\u00ba Congresso Nacional do PSOL para presidir o partido.\" \/>\n<meta property=\"og:url\" content=\"https:\/\/psol50.org.br\/com-67-dos-votos-paula-coradi-e-eleita-a-nova-presidenta-do-psol\/\" \/>\n<meta property=\"og:site_name\" content=\"PSOL 50\" \/>\n<meta property=\"article:publisher\" content=\"https:\/\/www.facebook.com\/psol50\" \/>\n<meta property=\"article:published_time\" content=\"2023-10-01T18:49:58+00:00\" \/>\n<meta property=\"article:modified_time\" content=\"2023-11-25T19:53:08+00:00\" \/>\n<meta property=\"og:image\" content=\"https:\/\/psol50.org.br\/inc\/uploads\/2023\/09\/PAULACORADI_TUANEFERNANDES_009-scaled.jpg\" \/>\n\t<meta property=\"og:image:width\" content=\"2560\" \/>\n\t<meta property=\"og:image:height\" content=\"1707\" \/>\n\t<meta property=\"og:image:type\" content=\"image\/jpeg\" \/>\n<meta name=\"author\" content=\"Comunica\u00e7\u00e3o PSOL\" \/>\n<meta name=\"twitter:card\" content=\"summary_large_image\" \/>\n<meta name=\"twitter:title\" content=\"Com 67% dos votos, Paula Coradi \u00e9 eleita a nova presidenta do PSOL\" \/>\n<meta name=\"twitter:image\" content=\"https:\/\/psol50.org.br\/inc\/uploads\/2023\/09\/PAULACORADI_TUANEFERNANDES_009-scaled.jpg\" \/>\n<meta name=\"twitter:creator\" content=\"@psol50\" \/>\n<meta name=\"twitter:site\" content=\"@psol50\" \/>\n<meta name=\"twitter:label1\" content=\"Escrito por\" \/>\n\t<meta name=\"twitter:data1\" content=\"Comunica\u00e7\u00e3o PSOL\" \/>\n\t<meta name=\"twitter:label2\" content=\"Est. tempo de leitura\" \/>\n\t<meta name=\"twitter:data2\" content=\"2 minutos\" \/>\n<script type=\"application\/ld+json\" class=\"yoast-schema-graph\">{\"@context\":\"https:\/\/schema.org\",\"@graph\":[{\"@type\":\"Article\",\"@id\":\"https:\/\/psol50.org.br\/com-67-dos-votos-paula-coradi-e-eleita-a-nova-presidenta-do-psol\/#article\",\"isPartOf\":{\"@id\":\"https:\/\/psol50.org.br\/com-67-dos-votos-paula-coradi-e-eleita-a-nova-presidenta-do-psol\/\"},\"author\":{\"name\":\"Comunica\u00e7\u00e3o PSOL\",\"@id\":\"https:\/\/psol50.org.br\/#\/schema\/person\/475dfa57d0b815993c714c2e96491fcd\"},\"headline\":\"Com 67% dos votos, Paula Coradi \u00e9 eleita a nova presidenta do PSOL\",\"datePublished\":\"2023-10-01T18:49:58+00:00\",\"dateModified\":\"2023-11-25T19:53:08+00:00\",\"mainEntityOfPage\":{\"@id\":\"https:\/\/psol50.org.br\/com-67-dos-votos-paula-coradi-e-eleita-a-nova-presidenta-do-psol\/\"},\"wordCount\":414,\"publisher\":{\"@id\":\"https:\/\/psol50.org.br\/#organization\"},\"image\":{\"@id\":\"https:\/\/psol50.org.br\/com-67-dos-votos-paula-coradi-e-eleita-a-nova-presidenta-do-psol\/#primaryimage\"},\"thumbnailUrl\":\"https:\/\/psol50.org.br\/inc\/uploads\/2023\/09\/PAULACORADI_TUANEFERNANDES_009-scaled.jpg\",\"keywords\":[\"Not\u00edcias\"],\"articleSection\":[\"Partido\"],\"inLanguage\":\"pt-BR\"},{\"@type\":\"WebPage\",\"@id\":\"https:\/\/psol50.org.br\/com-67-dos-votos-paula-coradi-e-eleita-a-nova-presidenta-do-psol\/\",\"url\":\"https:\/\/psol50.org.br\/com-67-dos-votos-paula-coradi-e-eleita-a-nova-presidenta-do-psol\/\",\"name\":\"Com 67% dos votos, Paula Coradi \u00e9 eleita a nova presidenta do PSOL\",\"isPartOf\":{\"@id\":\"https:\/\/psol50.org.br\/#website\"},\"primaryImageOfPage\":{\"@id\":\"https:\/\/psol50.org.br\/com-67-dos-votos-paula-coradi-e-eleita-a-nova-presidenta-do-psol\/#primaryimage\"},\"image\":{\"@id\":\"https:\/\/psol50.org.br\/com-67-dos-votos-paula-coradi-e-eleita-a-nova-presidenta-do-psol\/#primaryimage\"},\"thumbnailUrl\":\"https:\/\/psol50.org.br\/inc\/uploads\/2023\/09\/PAULACORADI_TUANEFERNANDES_009-scaled.jpg\",\"datePublished\":\"2023-10-01T18:49:58+00:00\",\"dateModified\":\"2023-11-25T19:53:08+00:00\",\"description\":\"Conhe\u00e7a mais sobre a eleita no 8\u00ba Congresso Nacional do PSOL para presidir o partido.\",\"breadcrumb\":{\"@id\":\"https:\/\/psol50.org.br\/com-67-dos-votos-paula-coradi-e-eleita-a-nova-presidenta-do-psol\/#breadcrumb\"},\"inLanguage\":\"pt-BR\",\"potentialAction\":[{\"@type\":\"ReadAction\",\"target\":[\"https:\/\/psol50.org.br\/com-67-dos-votos-paula-coradi-e-eleita-a-nova-presidenta-do-psol\/\"]}]},{\"@type\":\"ImageObject\",\"inLanguage\":\"pt-BR\",\"@id\":\"https:\/\/psol50.org.br\/com-67-dos-votos-paula-coradi-e-eleita-a-nova-presidenta-do-psol\/#primaryimage\",\"url\":\"https:\/\/psol50.org.br\/inc\/uploads\/2023\/09\/PAULACORADI_TUANEFERNANDES_009-scaled.jpg\",\"contentUrl\":\"https:\/\/psol50.org.br\/inc\/uploads\/2023\/09\/PAULACORADI_TUANEFERNANDES_009-scaled.jpg\",\"width\":2560,\"height\":1707,\"caption\":\"Foto: Tuane Fernandes \/ PSOL\"},{\"@type\":\"BreadcrumbList\",\"@id\":\"https:\/\/psol50.org.br\/com-67-dos-votos-paula-coradi-e-eleita-a-nova-presidenta-do-psol\/#breadcrumb\",\"itemListElement\":[{\"@type\":\"ListItem\",\"position\":1,\"name\":\"In\u00edcio\",\"item\":\"https:\/\/psol50.org.br\/\"},{\"@type\":\"ListItem\",\"position\":2,\"name\":\"Com 67% dos votos, Paula Coradi \u00e9 eleita a nova presidenta do PSOL\"}]},{\"@type\":\"WebSite\",\"@id\":\"https:\/\/psol50.org.br\/#website\",\"url\":\"https:\/\/psol50.org.br\/\",\"name\":\"PSOL 50\",\"description\":\"Site oficial do Partido Socialismo e Liberdade\",\"publisher\":{\"@id\":\"https:\/\/psol50.org.br\/#organization\"},\"alternateName\":\"PSOL50\",\"potentialAction\":[{\"@type\":\"SearchAction\",\"target\":{\"@type\":\"EntryPoint\",\"urlTemplate\":\"https:\/\/psol50.org.br\/?s={search_term_string}\"},\"query-input\":{\"@type\":\"PropertyValueSpecification\",\"valueRequired\":true,\"valueName\":\"search_term_string\"}}],\"inLanguage\":\"pt-BR\"},{\"@type\":\"Organization\",\"@id\":\"https:\/\/psol50.org.br\/#organization\",\"name\":\"PSOL 50\",\"alternateName\":\"PSOL 50\",\"url\":\"https:\/\/psol50.org.br\/\",\"logo\":{\"@type\":\"ImageObject\",\"inLanguage\":\"pt-BR\",\"@id\":\"https:\/\/psol50.org.br\/#\/schema\/logo\/image\/\",\"url\":\"https:\/\/psol50.org.br\/inc\/uploads\/2018\/07\/capa.png\",\"contentUrl\":\"https:\/\/psol50.org.br\/inc\/uploads\/2018\/07\/capa.png\",\"width\":1350,\"height\":900,\"caption\":\"PSOL 50\"},\"image\":{\"@id\":\"https:\/\/psol50.org.br\/#\/schema\/logo\/image\/\"},\"sameAs\":[\"https:\/\/www.facebook.com\/psol50\",\"https:\/\/x.com\/psol50\",\"https:\/\/www.instagram.com\/psol50\/\",\"https:\/\/www.youtube.com\/channel\/UC7SnJS5o1os7a6CaiNabzcg\"]},{\"@type\":\"Person\",\"@id\":\"https:\/\/psol50.org.br\/#\/schema\/person\/475dfa57d0b815993c714c2e96491fcd\",\"name\":\"Comunica\u00e7\u00e3o PSOL\",\"image\":{\"@type\":\"ImageObject\",\"inLanguage\":\"pt-BR\",\"@id\":\"https:\/\/psol50.org.br\/#\/schema\/person\/image\/\",\"url\":\"https:\/\/secure.gravatar.com\/avatar\/b34fc4f4e468a4e51785917065a3db57b841f5c95dba6ad8c73aaf8f66f8f9bf?s=96&d=mm&r=g\",\"contentUrl\":\"https:\/\/secure.gravatar.com\/avatar\/b34fc4f4e468a4e51785917065a3db57b841f5c95dba6ad8c73aaf8f66f8f9bf?s=96&d=mm&r=g\",\"caption\":\"Comunica\u00e7\u00e3o PSOL\"}}]}<\/script>\n<!-- \/ Yoast SEO plugin. -->","yoast_head_json":{"title":"Com 67% dos votos, Paula Coradi \u00e9 eleita a nova presidenta do PSOL","description":"Conhe\u00e7a mais sobre a eleita no 8\u00ba Congresso Nacional do PSOL para presidir o partido.","robots":{"index":"index","follow":"follow","max-snippet":"max-snippet:-1","max-image-preview":"max-image-preview:large","max-video-preview":"max-video-preview:-1"},"canonical":"https:\/\/psol50.org.br\/com-67-dos-votos-paula-coradi-e-eleita-a-nova-presidenta-do-psol\/","og_locale":"pt_BR","og_type":"article","og_title":"Com 67% dos votos, Paula Coradi \u00e9 eleita a nova presidenta do PSOL","og_description":"Conhe\u00e7a mais sobre a eleita no 8\u00ba Congresso Nacional do PSOL para presidir o partido.","og_url":"https:\/\/psol50.org.br\/com-67-dos-votos-paula-coradi-e-eleita-a-nova-presidenta-do-psol\/","og_site_name":"PSOL 50","article_publisher":"https:\/\/www.facebook.com\/psol50","article_published_time":"2023-10-01T18:49:58+00:00","article_modified_time":"2023-11-25T19:53:08+00:00","og_image":[{"width":2560,"height":1707,"url":"https:\/\/psol50.org.br\/inc\/uploads\/2023\/09\/PAULACORADI_TUANEFERNANDES_009-scaled.jpg","type":"image\/jpeg"}],"author":"Comunica\u00e7\u00e3o PSOL","twitter_card":"summary_large_image","twitter_title":"Com 67% dos votos, Paula Coradi \u00e9 eleita a nova presidenta do PSOL","twitter_image":"https:\/\/psol50.org.br\/inc\/uploads\/2023\/09\/PAULACORADI_TUANEFERNANDES_009-scaled.jpg","twitter_creator":"@psol50","twitter_site":"@psol50","twitter_misc":{"Escrito por":"Comunica\u00e7\u00e3o PSOL","Est. tempo de leitura":"2 minutos"},"schema":{"@context":"https:\/\/schema.org","@graph":[{"@type":"Article","@id":"https:\/\/psol50.org.br\/com-67-dos-votos-paula-coradi-e-eleita-a-nova-presidenta-do-psol\/#article","isPartOf":{"@id":"https:\/\/psol50.org.br\/com-67-dos-votos-paula-coradi-e-eleita-a-nova-presidenta-do-psol\/"},"author":{"name":"Comunica\u00e7\u00e3o PSOL","@id":"https:\/\/psol50.org.br\/#\/schema\/person\/475dfa57d0b815993c714c2e96491fcd"},"headline":"Com 67% dos votos, Paula Coradi \u00e9 eleita a nova presidenta do PSOL","datePublished":"2023-10-01T18:49:58+00:00","dateModified":"2023-11-25T19:53:08+00:00","mainEntityOfPage":{"@id":"https:\/\/psol50.org.br\/com-67-dos-votos-paula-coradi-e-eleita-a-nova-presidenta-do-psol\/"},"wordCount":414,"publisher":{"@id":"https:\/\/psol50.org.br\/#organization"},"image":{"@id":"https:\/\/psol50.org.br\/com-67-dos-votos-paula-coradi-e-eleita-a-nova-presidenta-do-psol\/#primaryimage"},"thumbnailUrl":"https:\/\/psol50.org.br\/inc\/uploads\/2023\/09\/PAULACORADI_TUANEFERNANDES_009-scaled.jpg","keywords":["Not\u00edcias"],"articleSection":["Partido"],"inLanguage":"pt-BR"},{"@type":"WebPage","@id":"https:\/\/psol50.org.br\/com-67-dos-votos-paula-coradi-e-eleita-a-nova-presidenta-do-psol\/","url":"https:\/\/psol50.org.br\/com-67-dos-votos-paula-coradi-e-eleita-a-nova-presidenta-do-psol\/","name":"Com 67% dos votos, Paula Coradi \u00e9 eleita a nova presidenta do PSOL","isPartOf":{"@id":"https:\/\/psol50.org.br\/#website"},"primaryImageOfPage":{"@id":"https:\/\/psol50.org.br\/com-67-dos-votos-paula-coradi-e-eleita-a-nova-presidenta-do-psol\/#primaryimage"},"image":{"@id":"https:\/\/psol50.org.br\/com-67-dos-votos-paula-coradi-e-eleita-a-nova-presidenta-do-psol\/#primaryimage"},"thumbnailUrl":"https:\/\/psol50.org.br\/inc\/uploads\/2023\/09\/PAULACORADI_TUANEFERNANDES_009-scaled.jpg","datePublished":"2023-10-01T18:49:58+00:00","dateModified":"2023-11-25T19:53:08+00:00","description":"Conhe\u00e7a mais sobre a eleita no 8\u00ba Congresso Nacional do PSOL para presidir o partido.","breadcrumb":{"@id":"https:\/\/psol50.org.br\/com-67-dos-votos-paula-coradi-e-eleita-a-nova-presidenta-do-psol\/#breadcrumb"},"inLanguage":"pt-BR","potentialAction":[{"@type":"ReadAction","target":["https:\/\/psol50.org.br\/com-67-dos-votos-paula-coradi-e-eleita-a-nova-presidenta-do-psol\/"]}]},{"@type":"ImageObject","inLanguage":"pt-BR","@id":"https:\/\/psol50.org.br\/com-67-dos-votos-paula-coradi-e-eleita-a-nova-presidenta-do-psol\/#primaryimage","url":"https:\/\/psol50.org.br\/inc\/uploads\/2023\/09\/PAULACORADI_TUANEFERNANDES_009-scaled.jpg","contentUrl":"https:\/\/psol50.org.br\/inc\/uploads\/2023\/09\/PAULACORADI_TUANEFERNANDES_009-scaled.jpg","width":2560,"height":1707,"caption":"Foto: Tuane Fernandes \/ PSOL"},{"@type":"BreadcrumbList","@id":"https:\/\/psol50.org.br\/com-67-dos-votos-paula-coradi-e-eleita-a-nova-presidenta-do-psol\/#breadcrumb","itemListElement":[{"@type":"ListItem","position":1,"name":"In\u00edcio","item":"https:\/\/psol50.org.br\/"},{"@type":"ListItem","position":2,"name":"Com 67% dos votos, Paula Coradi \u00e9 eleita a nova presidenta do PSOL"}]},{"@type":"WebSite","@id":"https:\/\/psol50.org.br\/#website","url":"https:\/\/psol50.org.br\/","name":"PSOL 50","description":"Site oficial do Partido Socialismo e Liberdade","publisher":{"@id":"https:\/\/psol50.org.br\/#organization"},"alternateName":"PSOL50","potentialAction":[{"@type":"SearchAction","target":{"@type":"EntryPoint","urlTemplate":"https:\/\/psol50.org.br\/?s={search_term_string}"},"query-input":{"@type":"PropertyValueSpecification","valueRequired":true,"valueName":"search_term_string"}}],"inLanguage":"pt-BR"},{"@type":"Organization","@id":"https:\/\/psol50.org.br\/#organization","name":"PSOL 50","alternateName":"PSOL 50","url":"https:\/\/psol50.org.br\/","logo":{"@type":"ImageObject","inLanguage":"pt-BR","@id":"https:\/\/psol50.org.br\/#\/schema\/logo\/image\/","url":"https:\/\/psol50.org.br\/inc\/uploads\/2018\/07\/capa.png","contentUrl":"https:\/\/psol50.org.br\/inc\/uploads\/2018\/07\/capa.png","width":1350,"height":900,"caption":"PSOL 50"},"image":{"@id":"https:\/\/psol50.org.br\/#\/schema\/logo\/image\/"},"sameAs":["https:\/\/www.facebook.com\/psol50","https:\/\/x.com\/psol50","https:\/\/www.instagram.com\/psol50\/","https:\/\/www.youtube.com\/channel\/UC7SnJS5o1os7a6CaiNabzcg"]},{"@type":"Person","@id":"https:\/\/psol50.org.br\/#\/schema\/person\/475dfa57d0b815993c714c2e96491fcd","name":"Comunica\u00e7\u00e3o PSOL","image":{"@type":"ImageObject","inLanguage":"pt-BR","@id":"https:\/\/psol50.org.br\/#\/schema\/person\/image\/","url":"https:\/\/secure.gravatar.com\/avatar\/b34fc4f4e468a4e51785917065a3db57b841f5c95dba6ad8c73aaf8f66f8f9bf?s=96&d=mm&r=g","contentUrl":"https:\/\/secure.gravatar.com\/avatar\/b34fc4f4e468a4e51785917065a3db57b841f5c95dba6ad8c73aaf8f66f8f9bf?s=96&d=mm&r=g","caption":"Comunica\u00e7\u00e3o PSOL"}}]}},"_links":{"self":[{"href":"https:\/\/psol50.org.br\/rest\/wp\/v2\/posts\/38486","targetHints":{"allow":["GET"]}}],"collection":[{"href":"https:\/\/psol50.org.br\/rest\/wp\/v2\/posts"}],"about":[{"href":"https:\/\/psol50.org.br\/rest\/wp\/v2\/types\/post"}],"author":[{"embeddable":true,"href":"https:\/\/psol50.org.br\/rest\/wp\/v2\/users\/2"}],"replies":[{"embeddable":true,"href":"https:\/\/psol50.org.br\/rest\/wp\/v2\/comments?post=38486"}],"version-history":[{"count":5,"href":"https:\/\/psol50.org.br\/rest\/wp\/v2\/posts\/38486\/revisions"}],"predecessor-version":[{"id":38536,"href":"https:\/\/psol50.org.br\/rest\/wp\/v2\/posts\/38486\/revisions\/38536"}],"wp:featuredmedia":[{"embeddable":true,"href":"https:\/\/psol50.org.br\/rest\/wp\/v2\/media\/38534"}],"wp:attachment":[{"href":"https:\/\/psol50.org.br\/rest\/wp\/v2\/media?parent=38486"}],"wp:term":[{"taxonomy":"category","embeddable":true,"href":"https:\/\/psol50.org.br\/rest\/wp\/v2\/categories?post=38486"},{"taxonomy":"post_tag","embeddable":true,"href":"https:\/\/psol50.org.br\/rest\/wp\/v2\/tags?post=38486"}],"curies":[{"name":"wp","href":"https:\/\/api.w.org\/{rel}","templated":true}]}}