{"id":3851,"date":"2015-07-21T15:13:55","date_gmt":"2015-07-21T15:13:55","guid":{"rendered":"http:\/\/179.190.55.146\/~psol5185\/?p=3851"},"modified":"2015-07-21T15:13:55","modified_gmt":"2015-07-21T15:13:55","slug":"ordem-militar-para-abater-delinquentes-em-massacre-no-mexico-deve-ser-investigada","status":"publish","type":"post","link":"https:\/\/psol50.org.br\/ordem-militar-para-abater-delinquentes-em-massacre-no-mexico-deve-ser-investigada\/","title":{"rendered":"Ordem para \u2018abater delinquentes\u2019 em massacre no M\u00e9xico"},"content":{"rendered":"<div id=\"blocoDadosPrint\">Fonte:\u00a0<em>Ag\u00eancia\u00a0<a href=\"http:\/\/site.adital.com.br\/site\/index.php\">Adital<\/a><\/em><\/div>\n<div class=\"txtPrint\">\n\u00a0Um documento militar revelado recentemente parece indicar que o massacre de 22 pessoas, cometido em junho de 2014, no M\u00e9xico, n\u00e3o foi o resultado de um enfrentamento entre soldados e um grupo criminoso, como informaram as for\u00e7as armadas, mas uma ordem de &#8220;abater delinquentes\u201d. Isto refere-se ao fato de que, no dia 30 de junho de 2014, 22 pessoas, que supostamente pertenciam a um grupo armado, em Tlatlaya, morreram nas m\u00e3os de soldados, no que as autoridades asseguraram que havia sido um enfrentamento com homens armados.<br \/>\nAnte esta nova revela\u00e7\u00e3o de viol\u00eancia institucional no M\u00e9xico, a Anistia Internacional pede em nota que as autoridades civis mexicanas investiguem, com urg\u00eancia, o referido documento. &#8220;Esta ordem militar sai \u00e0 luz em meio \u00e0 crise de direitos humanos mais grave da hist\u00f3ria recente do M\u00e9xico, com milhares de pessoas assassinadas ou desaparecidas. \u00c9 fundamental que o presidente Enrique Pe\u00f1a Nieto formule, publicamente, uma condena\u00e7\u00e3o desse ato e um compromisso com os direitos humanos, ordenando uma investiga\u00e7\u00e3o r\u00e1pida, exaustiva e independente a cargo das autoridades civis, sobre como est\u00e3o aplicando as for\u00e7as armadas a pol\u00edtica de seguran\u00e7a do governo\u201d, afirma Erika Guevara-Rosas, diretora do Programa da Anistia Internacional para a Am\u00e9rica.<br \/>\nOrganiza\u00e7\u00f5es mexicanas de direitos humanos divulgaram, publicamente, a ordem que precedeu a opera\u00e7\u00e3o. Em 11 de junho de 2014, o 102\u00ba Batalh\u00e3o de Infantaria cursou uma ordem militar que dizia o seguinte: &#8220;As tropas dever\u00e3o operar \u00e0 noite, de forma massiva e, durante o dia, reduzir a atividade a fim de abater delinquentes em horas de escurid\u00e3o, j\u00e1 que o maior n\u00famero de delitos \u00e9 cometido nesse hor\u00e1rio\u201d.<br \/>\nA ordem foi a base das opera\u00e7\u00f5es levadas a cabo pela unidade militar na zona espec\u00edfica de Tlatlaya, no momento de ser cometida a matan\u00e7a. Ap\u00f3s a opera\u00e7\u00e3o do dia 30 de junho, os soldados comunicaram que tinham &#8220;abatido\u201d 22 delinquentes.<br \/>\nPara a Anistia, no contexto do caso, n\u00e3o resta d\u00favida de que o termo &#8220;abater\u201d significa matar, j\u00e1 que a terminologia \u00e9 empregada com esse significado preciso em v\u00e1rios documentos militares. A mesma palavra vem sendo usada h\u00e1 muitos anos em m\u00faltiplos comunicados de imprensa com esse significado. A Anistia informa que n\u00e3o encontrou um s\u00f3 exemplo em que &#8220;abater\u201d n\u00e3o fosse sin\u00f4nimo de matar.<\/p>\n<blockquote><p>&#8220;Ainda que na ordem sejam feitos v\u00e1rios chamamentos gerais a respeitar as normas de direitos humanos, a linguagem empregada na parte crucial do documento parece indicar que os soldados receberam instru\u00e7\u00f5es para matar supostos delinquentes\u201d, explica Erika Guevara-Rosas.<\/p><\/blockquote>\n<p>A organiza\u00e7\u00e3o defende que a investiga\u00e7\u00e3o imparcial, independente e efetiva deve incluir qualquer chefe militar ou outra pessoa com responsabilidade na cadeia de comando, que soubesse ou devesse ter sabido que as for\u00e7as estavam cometendo ou iriam cometer tais crimes, e que n\u00e3o fez nada para impedir ou reprimir esse crime nem para colocar o assunto em conhecimento das autoridades competentes para efeitos de sua investiga\u00e7\u00e3o e julgamento. O Governo do M\u00e9xico tamb\u00e9m deve garantir o cancelamento imediato de qualquer ordem vigente parecida e colocar fim imediatamente a que as for\u00e7as armadas desempenhem fun\u00e7\u00f5es habituais da pol\u00edcia, como prender, investigar e interrogar.<br \/>\nA Anistia Internacional vem documentando casos h\u00e1 anos, nos quais as for\u00e7as armadas do M\u00e9xico participam de execu\u00e7\u00f5es extrajudiciais de civis, desaparecimentos for\u00e7ados, torturas, deten\u00e7\u00f5es arbitr\u00e1rias, delitos de viol\u00eancia sexual e outras viola\u00e7\u00f5es de direitos humanos e delitos de direito internacional.<br \/>\n&#8220;O Governo do M\u00e9xico, ou bem tem negado sua participa\u00e7\u00e3o em tais crimes, ou bem os qualifica de fatos isolados, cometidos por pessoas que atuavam por conta pr\u00f3pria. Esta \u00faltima revela\u00e7\u00e3o coloca em grave entredito essa vers\u00e3o e deve impulsionar as autoridades civis a abrirem uma investiga\u00e7\u00e3o s\u00e9ria sobre as a\u00e7\u00f5es, estrat\u00e9gias e pol\u00edticas das for\u00e7as armadas\u201d, assinala a institui\u00e7\u00e3o.\n<\/p><\/div>\n","protected":false},"excerpt":{"rendered":"<p>Fonte:\u00a0Ag\u00eancia\u00a0Adital \u00a0Um documento militar revelado recentemente parece indicar que o massacre de 22 pessoas, cometido em junho de 2014, no M\u00e9xico, n\u00e3o foi o resultado de um enfrentamento entre soldados e um grupo criminoso, como informaram as for\u00e7as armadas, mas uma ordem de &#8220;abater delinquentes\u201d. Isto refere-se ao fato de que, no dia 30 de [&hellip;]<\/p>\n","protected":false},"author":2,"featured_media":3852,"comment_status":"open","ping_status":"open","sticky":false,"template":"","format":"standard","meta":{"_acf_changed":false,"footnotes":""},"categories":[836,6],"tags":[1573,2612,434],"class_list":{"0":"post-3851","1":"post","2":"type-post","3":"status-publish","4":"format-standard","5":"has-post-thumbnail","7":"category-internacional","8":"category-noticias","9":"tag-massacre","10":"tag-mexico","11":"tag-militar"},"acf":[],"yoast_head":"<!-- This site is optimized with the Yoast SEO plugin v26.5 - https:\/\/yoast.com\/wordpress\/plugins\/seo\/ -->\n<title>Ordem para \u2018abater delinquentes\u2019 em massacre no M\u00e9xico - PSOL 50<\/title>\n<meta name=\"robots\" content=\"index, follow, max-snippet:-1, max-image-preview:large, max-video-preview:-1\" \/>\n<link rel=\"canonical\" href=\"https:\/\/psol50.org.br\/ordem-militar-para-abater-delinquentes-em-massacre-no-mexico-deve-ser-investigada\/\" \/>\n<meta property=\"og:locale\" content=\"pt_BR\" \/>\n<meta property=\"og:type\" content=\"article\" \/>\n<meta property=\"og:title\" content=\"Ordem para \u2018abater delinquentes\u2019 em massacre no M\u00e9xico - PSOL 50\" \/>\n<meta property=\"og:description\" content=\"Fonte:\u00a0Ag\u00eancia\u00a0Adital \u00a0Um documento militar revelado recentemente parece indicar que o massacre de 22 pessoas, cometido em junho de 2014, no M\u00e9xico, n\u00e3o foi o resultado de um enfrentamento entre soldados e um grupo criminoso, como informaram as for\u00e7as armadas, mas uma ordem de &#8220;abater delinquentes\u201d. Isto refere-se ao fato de que, no dia 30 de [&hellip;]\" \/>\n<meta property=\"og:url\" content=\"https:\/\/psol50.org.br\/ordem-militar-para-abater-delinquentes-em-massacre-no-mexico-deve-ser-investigada\/\" \/>\n<meta property=\"og:site_name\" content=\"PSOL 50\" \/>\n<meta property=\"article:publisher\" content=\"https:\/\/www.facebook.com\/psol50\" \/>\n<meta property=\"article:published_time\" content=\"2015-07-21T15:13:55+00:00\" \/>\n<meta property=\"og:image\" content=\"https:\/\/psol50.org.br\/inc\/uploads\/2015\/08\/massacre_mexico_militar.jpg\" \/>\n\t<meta property=\"og:image:width\" content=\"1200\" \/>\n\t<meta property=\"og:image:height\" content=\"786\" \/>\n\t<meta property=\"og:image:type\" content=\"image\/jpeg\" \/>\n<meta name=\"author\" content=\"Comunica\u00e7\u00e3o PSOL\" \/>\n<meta name=\"twitter:card\" content=\"summary_large_image\" \/>\n<meta name=\"twitter:creator\" content=\"@psol50\" \/>\n<meta name=\"twitter:site\" content=\"@psol50\" \/>\n<meta name=\"twitter:label1\" content=\"Escrito por\" \/>\n\t<meta name=\"twitter:data1\" content=\"Comunica\u00e7\u00e3o PSOL\" \/>\n\t<meta name=\"twitter:label2\" content=\"Est. tempo de leitura\" \/>\n\t<meta name=\"twitter:data2\" content=\"3 minutos\" \/>\n<script type=\"application\/ld+json\" class=\"yoast-schema-graph\">{\"@context\":\"https:\/\/schema.org\",\"@graph\":[{\"@type\":\"Article\",\"@id\":\"https:\/\/psol50.org.br\/ordem-militar-para-abater-delinquentes-em-massacre-no-mexico-deve-ser-investigada\/#article\",\"isPartOf\":{\"@id\":\"https:\/\/psol50.org.br\/ordem-militar-para-abater-delinquentes-em-massacre-no-mexico-deve-ser-investigada\/\"},\"author\":{\"name\":\"Comunica\u00e7\u00e3o PSOL\",\"@id\":\"https:\/\/psol50.org.br\/#\/schema\/person\/475dfa57d0b815993c714c2e96491fcd\"},\"headline\":\"Ordem para \u2018abater delinquentes\u2019 em massacre no M\u00e9xico\",\"datePublished\":\"2015-07-21T15:13:55+00:00\",\"mainEntityOfPage\":{\"@id\":\"https:\/\/psol50.org.br\/ordem-militar-para-abater-delinquentes-em-massacre-no-mexico-deve-ser-investigada\/\"},\"wordCount\":679,\"commentCount\":0,\"publisher\":{\"@id\":\"https:\/\/psol50.org.br\/#organization\"},\"image\":{\"@id\":\"https:\/\/psol50.org.br\/ordem-militar-para-abater-delinquentes-em-massacre-no-mexico-deve-ser-investigada\/#primaryimage\"},\"thumbnailUrl\":\"https:\/\/psol50.org.br\/inc\/uploads\/2015\/08\/massacre_mexico_militar.jpg\",\"keywords\":[\"massacre\",\"M\u00e9xico\",\"militar\"],\"articleSection\":[\"Internacional\",\"Not\u00edcias\"],\"inLanguage\":\"pt-BR\",\"potentialAction\":[{\"@type\":\"CommentAction\",\"name\":\"Comment\",\"target\":[\"https:\/\/psol50.org.br\/ordem-militar-para-abater-delinquentes-em-massacre-no-mexico-deve-ser-investigada\/#respond\"]}]},{\"@type\":\"WebPage\",\"@id\":\"https:\/\/psol50.org.br\/ordem-militar-para-abater-delinquentes-em-massacre-no-mexico-deve-ser-investigada\/\",\"url\":\"https:\/\/psol50.org.br\/ordem-militar-para-abater-delinquentes-em-massacre-no-mexico-deve-ser-investigada\/\",\"name\":\"Ordem para \u2018abater delinquentes\u2019 em massacre no M\u00e9xico - PSOL 50\",\"isPartOf\":{\"@id\":\"https:\/\/psol50.org.br\/#website\"},\"primaryImageOfPage\":{\"@id\":\"https:\/\/psol50.org.br\/ordem-militar-para-abater-delinquentes-em-massacre-no-mexico-deve-ser-investigada\/#primaryimage\"},\"image\":{\"@id\":\"https:\/\/psol50.org.br\/ordem-militar-para-abater-delinquentes-em-massacre-no-mexico-deve-ser-investigada\/#primaryimage\"},\"thumbnailUrl\":\"https:\/\/psol50.org.br\/inc\/uploads\/2015\/08\/massacre_mexico_militar.jpg\",\"datePublished\":\"2015-07-21T15:13:55+00:00\",\"breadcrumb\":{\"@id\":\"https:\/\/psol50.org.br\/ordem-militar-para-abater-delinquentes-em-massacre-no-mexico-deve-ser-investigada\/#breadcrumb\"},\"inLanguage\":\"pt-BR\",\"potentialAction\":[{\"@type\":\"ReadAction\",\"target\":[\"https:\/\/psol50.org.br\/ordem-militar-para-abater-delinquentes-em-massacre-no-mexico-deve-ser-investigada\/\"]}]},{\"@type\":\"ImageObject\",\"inLanguage\":\"pt-BR\",\"@id\":\"https:\/\/psol50.org.br\/ordem-militar-para-abater-delinquentes-em-massacre-no-mexico-deve-ser-investigada\/#primaryimage\",\"url\":\"https:\/\/psol50.org.br\/inc\/uploads\/2015\/08\/massacre_mexico_militar.jpg\",\"contentUrl\":\"https:\/\/psol50.org.br\/inc\/uploads\/2015\/08\/massacre_mexico_militar.jpg\",\"width\":1200,\"height\":786},{\"@type\":\"BreadcrumbList\",\"@id\":\"https:\/\/psol50.org.br\/ordem-militar-para-abater-delinquentes-em-massacre-no-mexico-deve-ser-investigada\/#breadcrumb\",\"itemListElement\":[{\"@type\":\"ListItem\",\"position\":1,\"name\":\"In\u00edcio\",\"item\":\"https:\/\/psol50.org.br\/\"},{\"@type\":\"ListItem\",\"position\":2,\"name\":\"Ordem para \u2018abater delinquentes\u2019 em massacre no M\u00e9xico\"}]},{\"@type\":\"WebSite\",\"@id\":\"https:\/\/psol50.org.br\/#website\",\"url\":\"https:\/\/psol50.org.br\/\",\"name\":\"PSOL 50\",\"description\":\"Site oficial do Partido Socialismo e Liberdade\",\"publisher\":{\"@id\":\"https:\/\/psol50.org.br\/#organization\"},\"alternateName\":\"PSOL50\",\"potentialAction\":[{\"@type\":\"SearchAction\",\"target\":{\"@type\":\"EntryPoint\",\"urlTemplate\":\"https:\/\/psol50.org.br\/?s={search_term_string}\"},\"query-input\":{\"@type\":\"PropertyValueSpecification\",\"valueRequired\":true,\"valueName\":\"search_term_string\"}}],\"inLanguage\":\"pt-BR\"},{\"@type\":\"Organization\",\"@id\":\"https:\/\/psol50.org.br\/#organization\",\"name\":\"PSOL 50\",\"alternateName\":\"PSOL 50\",\"url\":\"https:\/\/psol50.org.br\/\",\"logo\":{\"@type\":\"ImageObject\",\"inLanguage\":\"pt-BR\",\"@id\":\"https:\/\/psol50.org.br\/#\/schema\/logo\/image\/\",\"url\":\"https:\/\/psol50.org.br\/inc\/uploads\/2018\/07\/capa.png\",\"contentUrl\":\"https:\/\/psol50.org.br\/inc\/uploads\/2018\/07\/capa.png\",\"width\":1350,\"height\":900,\"caption\":\"PSOL 50\"},\"image\":{\"@id\":\"https:\/\/psol50.org.br\/#\/schema\/logo\/image\/\"},\"sameAs\":[\"https:\/\/www.facebook.com\/psol50\",\"https:\/\/x.com\/psol50\",\"https:\/\/www.instagram.com\/psol50\/\",\"https:\/\/www.youtube.com\/channel\/UC7SnJS5o1os7a6CaiNabzcg\"]},{\"@type\":\"Person\",\"@id\":\"https:\/\/psol50.org.br\/#\/schema\/person\/475dfa57d0b815993c714c2e96491fcd\",\"name\":\"Comunica\u00e7\u00e3o PSOL\",\"image\":{\"@type\":\"ImageObject\",\"inLanguage\":\"pt-BR\",\"@id\":\"https:\/\/psol50.org.br\/#\/schema\/person\/image\/\",\"url\":\"https:\/\/secure.gravatar.com\/avatar\/b34fc4f4e468a4e51785917065a3db57b841f5c95dba6ad8c73aaf8f66f8f9bf?s=96&d=mm&r=g\",\"contentUrl\":\"https:\/\/secure.gravatar.com\/avatar\/b34fc4f4e468a4e51785917065a3db57b841f5c95dba6ad8c73aaf8f66f8f9bf?s=96&d=mm&r=g\",\"caption\":\"Comunica\u00e7\u00e3o PSOL\"}}]}<\/script>\n<!-- \/ Yoast SEO plugin. -->","yoast_head_json":{"title":"Ordem para \u2018abater delinquentes\u2019 em massacre no M\u00e9xico - PSOL 50","robots":{"index":"index","follow":"follow","max-snippet":"max-snippet:-1","max-image-preview":"max-image-preview:large","max-video-preview":"max-video-preview:-1"},"canonical":"https:\/\/psol50.org.br\/ordem-militar-para-abater-delinquentes-em-massacre-no-mexico-deve-ser-investigada\/","og_locale":"pt_BR","og_type":"article","og_title":"Ordem para \u2018abater delinquentes\u2019 em massacre no M\u00e9xico - PSOL 50","og_description":"Fonte:\u00a0Ag\u00eancia\u00a0Adital \u00a0Um documento militar revelado recentemente parece indicar que o massacre de 22 pessoas, cometido em junho de 2014, no M\u00e9xico, n\u00e3o foi o resultado de um enfrentamento entre soldados e um grupo criminoso, como informaram as for\u00e7as armadas, mas uma ordem de &#8220;abater delinquentes\u201d. Isto refere-se ao fato de que, no dia 30 de [&hellip;]","og_url":"https:\/\/psol50.org.br\/ordem-militar-para-abater-delinquentes-em-massacre-no-mexico-deve-ser-investigada\/","og_site_name":"PSOL 50","article_publisher":"https:\/\/www.facebook.com\/psol50","article_published_time":"2015-07-21T15:13:55+00:00","og_image":[{"width":1200,"height":786,"url":"https:\/\/psol50.org.br\/inc\/uploads\/2015\/08\/massacre_mexico_militar.jpg","type":"image\/jpeg"}],"author":"Comunica\u00e7\u00e3o PSOL","twitter_card":"summary_large_image","twitter_creator":"@psol50","twitter_site":"@psol50","twitter_misc":{"Escrito por":"Comunica\u00e7\u00e3o PSOL","Est. tempo de leitura":"3 minutos"},"schema":{"@context":"https:\/\/schema.org","@graph":[{"@type":"Article","@id":"https:\/\/psol50.org.br\/ordem-militar-para-abater-delinquentes-em-massacre-no-mexico-deve-ser-investigada\/#article","isPartOf":{"@id":"https:\/\/psol50.org.br\/ordem-militar-para-abater-delinquentes-em-massacre-no-mexico-deve-ser-investigada\/"},"author":{"name":"Comunica\u00e7\u00e3o PSOL","@id":"https:\/\/psol50.org.br\/#\/schema\/person\/475dfa57d0b815993c714c2e96491fcd"},"headline":"Ordem para \u2018abater delinquentes\u2019 em massacre no M\u00e9xico","datePublished":"2015-07-21T15:13:55+00:00","mainEntityOfPage":{"@id":"https:\/\/psol50.org.br\/ordem-militar-para-abater-delinquentes-em-massacre-no-mexico-deve-ser-investigada\/"},"wordCount":679,"commentCount":0,"publisher":{"@id":"https:\/\/psol50.org.br\/#organization"},"image":{"@id":"https:\/\/psol50.org.br\/ordem-militar-para-abater-delinquentes-em-massacre-no-mexico-deve-ser-investigada\/#primaryimage"},"thumbnailUrl":"https:\/\/psol50.org.br\/inc\/uploads\/2015\/08\/massacre_mexico_militar.jpg","keywords":["massacre","M\u00e9xico","militar"],"articleSection":["Internacional","Not\u00edcias"],"inLanguage":"pt-BR","potentialAction":[{"@type":"CommentAction","name":"Comment","target":["https:\/\/psol50.org.br\/ordem-militar-para-abater-delinquentes-em-massacre-no-mexico-deve-ser-investigada\/#respond"]}]},{"@type":"WebPage","@id":"https:\/\/psol50.org.br\/ordem-militar-para-abater-delinquentes-em-massacre-no-mexico-deve-ser-investigada\/","url":"https:\/\/psol50.org.br\/ordem-militar-para-abater-delinquentes-em-massacre-no-mexico-deve-ser-investigada\/","name":"Ordem para \u2018abater delinquentes\u2019 em massacre no M\u00e9xico - PSOL 50","isPartOf":{"@id":"https:\/\/psol50.org.br\/#website"},"primaryImageOfPage":{"@id":"https:\/\/psol50.org.br\/ordem-militar-para-abater-delinquentes-em-massacre-no-mexico-deve-ser-investigada\/#primaryimage"},"image":{"@id":"https:\/\/psol50.org.br\/ordem-militar-para-abater-delinquentes-em-massacre-no-mexico-deve-ser-investigada\/#primaryimage"},"thumbnailUrl":"https:\/\/psol50.org.br\/inc\/uploads\/2015\/08\/massacre_mexico_militar.jpg","datePublished":"2015-07-21T15:13:55+00:00","breadcrumb":{"@id":"https:\/\/psol50.org.br\/ordem-militar-para-abater-delinquentes-em-massacre-no-mexico-deve-ser-investigada\/#breadcrumb"},"inLanguage":"pt-BR","potentialAction":[{"@type":"ReadAction","target":["https:\/\/psol50.org.br\/ordem-militar-para-abater-delinquentes-em-massacre-no-mexico-deve-ser-investigada\/"]}]},{"@type":"ImageObject","inLanguage":"pt-BR","@id":"https:\/\/psol50.org.br\/ordem-militar-para-abater-delinquentes-em-massacre-no-mexico-deve-ser-investigada\/#primaryimage","url":"https:\/\/psol50.org.br\/inc\/uploads\/2015\/08\/massacre_mexico_militar.jpg","contentUrl":"https:\/\/psol50.org.br\/inc\/uploads\/2015\/08\/massacre_mexico_militar.jpg","width":1200,"height":786},{"@type":"BreadcrumbList","@id":"https:\/\/psol50.org.br\/ordem-militar-para-abater-delinquentes-em-massacre-no-mexico-deve-ser-investigada\/#breadcrumb","itemListElement":[{"@type":"ListItem","position":1,"name":"In\u00edcio","item":"https:\/\/psol50.org.br\/"},{"@type":"ListItem","position":2,"name":"Ordem para \u2018abater delinquentes\u2019 em massacre no M\u00e9xico"}]},{"@type":"WebSite","@id":"https:\/\/psol50.org.br\/#website","url":"https:\/\/psol50.org.br\/","name":"PSOL 50","description":"Site oficial do Partido Socialismo e Liberdade","publisher":{"@id":"https:\/\/psol50.org.br\/#organization"},"alternateName":"PSOL50","potentialAction":[{"@type":"SearchAction","target":{"@type":"EntryPoint","urlTemplate":"https:\/\/psol50.org.br\/?s={search_term_string}"},"query-input":{"@type":"PropertyValueSpecification","valueRequired":true,"valueName":"search_term_string"}}],"inLanguage":"pt-BR"},{"@type":"Organization","@id":"https:\/\/psol50.org.br\/#organization","name":"PSOL 50","alternateName":"PSOL 50","url":"https:\/\/psol50.org.br\/","logo":{"@type":"ImageObject","inLanguage":"pt-BR","@id":"https:\/\/psol50.org.br\/#\/schema\/logo\/image\/","url":"https:\/\/psol50.org.br\/inc\/uploads\/2018\/07\/capa.png","contentUrl":"https:\/\/psol50.org.br\/inc\/uploads\/2018\/07\/capa.png","width":1350,"height":900,"caption":"PSOL 50"},"image":{"@id":"https:\/\/psol50.org.br\/#\/schema\/logo\/image\/"},"sameAs":["https:\/\/www.facebook.com\/psol50","https:\/\/x.com\/psol50","https:\/\/www.instagram.com\/psol50\/","https:\/\/www.youtube.com\/channel\/UC7SnJS5o1os7a6CaiNabzcg"]},{"@type":"Person","@id":"https:\/\/psol50.org.br\/#\/schema\/person\/475dfa57d0b815993c714c2e96491fcd","name":"Comunica\u00e7\u00e3o PSOL","image":{"@type":"ImageObject","inLanguage":"pt-BR","@id":"https:\/\/psol50.org.br\/#\/schema\/person\/image\/","url":"https:\/\/secure.gravatar.com\/avatar\/b34fc4f4e468a4e51785917065a3db57b841f5c95dba6ad8c73aaf8f66f8f9bf?s=96&d=mm&r=g","contentUrl":"https:\/\/secure.gravatar.com\/avatar\/b34fc4f4e468a4e51785917065a3db57b841f5c95dba6ad8c73aaf8f66f8f9bf?s=96&d=mm&r=g","caption":"Comunica\u00e7\u00e3o PSOL"}}]}},"_links":{"self":[{"href":"https:\/\/psol50.org.br\/rest\/wp\/v2\/posts\/3851","targetHints":{"allow":["GET"]}}],"collection":[{"href":"https:\/\/psol50.org.br\/rest\/wp\/v2\/posts"}],"about":[{"href":"https:\/\/psol50.org.br\/rest\/wp\/v2\/types\/post"}],"author":[{"embeddable":true,"href":"https:\/\/psol50.org.br\/rest\/wp\/v2\/users\/2"}],"replies":[{"embeddable":true,"href":"https:\/\/psol50.org.br\/rest\/wp\/v2\/comments?post=3851"}],"version-history":[{"count":0,"href":"https:\/\/psol50.org.br\/rest\/wp\/v2\/posts\/3851\/revisions"}],"wp:featuredmedia":[{"embeddable":true,"href":"https:\/\/psol50.org.br\/rest\/wp\/v2\/media\/3852"}],"wp:attachment":[{"href":"https:\/\/psol50.org.br\/rest\/wp\/v2\/media?parent=3851"}],"wp:term":[{"taxonomy":"category","embeddable":true,"href":"https:\/\/psol50.org.br\/rest\/wp\/v2\/categories?post=3851"},{"taxonomy":"post_tag","embeddable":true,"href":"https:\/\/psol50.org.br\/rest\/wp\/v2\/tags?post=3851"}],"curies":[{"name":"wp","href":"https:\/\/api.w.org\/{rel}","templated":true}]}}