{"id":3866,"date":"2015-08-04T21:40:33","date_gmt":"2015-08-04T21:40:33","guid":{"rendered":"http:\/\/179.190.55.146\/~psol5185\/?p=3866"},"modified":"2015-08-04T21:40:33","modified_gmt":"2015-08-04T21:40:33","slug":"democracia-dos-excluidos-2","status":"publish","type":"post","link":"https:\/\/psol50.org.br\/democracia-dos-excluidos-2\/","title":{"rendered":"Democracia dos exclu\u00eddos"},"content":{"rendered":"<div id=\"blocoDadosPrint\">\nA\u00a0crise de representatividade a que assistimos \u00e9 um dos muitos sintomas do esgotamento do atual modelo de democracia, inaugurado ap\u00f3s 21 anos de ditadura civil-militar.O sistema democr\u00e1tico n\u00e3o amadurece naturalmente, ele est\u00e1 em permanente constru\u00e7\u00e3o e disputa. Por isso, nesta viragem entre o crep\u00fasculo de uma experi\u00eancia e um futuro a ser preenchido, for\u00e7as pol\u00edticas se confrontam para decidir os caminhos que trilharemos nos pr\u00f3ximos anos.Um dos principais pontos dessas disputas \u00e9 o sentido da defesa dos direitos humanos.No Brasil, que historicamente fomenta a desigualdade e a submiss\u00e3o e viol\u00eancia contra \u00edndios, negros, mulheres e pobres, essa luta se desenrola de forma peculiar.\n<\/div>\n<blockquote>\n<div><span id=\"Texto\">N\u00e3o se trata apenas de garantir direitos, \u00e9 algo mais elementar: reconhecer a humanidade de algu\u00e9m.<br \/>\n<\/span><\/div>\n<\/blockquote>\n<div>\nMilhares de brasileiros n\u00e3o s\u00e3o vistos como pessoas. O resultado dessa desumaniza\u00e7\u00e3o \u00e9 uma democracia mutilada, marcada pela nega\u00e7\u00e3o da cidadania aos chamados menores, vagabundos, marginais, favelados. S\u00e3o os ningu\u00e9ns, os nenhuns do poema de Eduardo Galeano.A rea\u00e7\u00e3o do secret\u00e1rio de Seguran\u00e7a P\u00fablica do Rio de Janeiro, Jos\u00e9 Mariano Beltrame, ao t\u00edtulo do relat\u00f3rio da Anistia Internacional \u201cVoc\u00ea matou meu filho!\u201d, sobre assassinatos praticados por PMs, revela como o Estado est\u00e1 longe de compreender a import\u00e2ncia da defesa dos direitos humanos para a democracia.O nome do estudo, publicado na segunda (3), \u00e9 certeiro por rasgar o v\u00e9u que invisibiliza as principais v\u00edtimas da viol\u00eancia policial: jovens negros moradores de favelas.Ele mostra que os mortos n\u00e3o s\u00e3o meras estat\u00edsticas, s\u00e3o filhos de algu\u00e9m, t\u00eam fam\u00edlia e hist\u00f3ria. S\u00e3o pessoas.<br \/>\nO envolvimento com o crime n\u00e3o pode justificar uma execu\u00e7\u00e3o. A sociedade que d\u00e1 \u00e0 pol\u00edcia o direito de decidir sobre a vida e a morte abre m\u00e3o da democracia. O resultado \u00e9 uma viol\u00eancia que atinge os pr\u00f3prios policiais: no Rio, s\u00e3o os que mais matam e mais morrem.<br \/>\nEsse n\u00e3o \u00e9 apenas um problema de seguran\u00e7a p\u00fablica. \u00c9 uma quest\u00e3o de concep\u00e7\u00e3o de mundo, pois por meio dela tra\u00e7amos as fronteiras entre os inclu\u00eddos e os descartados da democracia. O historiador S\u00e9rgio Buarque de Holanda escreveu que a democracia brasileira sempre foi um lament\u00e1vel mal-entendido, inventada por aristocratas rurais para acomodar seus interesses.<br \/>\nEsses mal-entendidos continuam sendo reinventados e perpetuados ao longo de nossa hist\u00f3ria. Eles s\u00f3 ser\u00e3o superados quando a defesa dos direitos humanos unir aqueles que sonham com um novo regime democr\u00e1tico, cuja ess\u00eancia seja a dignidade humana. S\u00f3 assim construiremos um pa\u00eds mais justo e igualit\u00e1rio.\n<\/div>\n","protected":false},"excerpt":{"rendered":"<p>A\u00a0crise de representatividade a que assistimos \u00e9 um dos muitos sintomas do esgotamento do atual modelo de democracia, inaugurado ap\u00f3s 21 anos de ditadura civil-militar.O sistema democr\u00e1tico n\u00e3o amadurece naturalmente, ele est\u00e1 em permanente constru\u00e7\u00e3o e disputa. Por isso, nesta viragem entre o crep\u00fasculo de uma experi\u00eancia e um futuro a ser preenchido, for\u00e7as pol\u00edticas [&hellip;]<\/p>\n","protected":false},"author":2,"featured_media":3860,"comment_status":"open","ping_status":"open","sticky":false,"template":"","format":"standard","meta":{"_acf_changed":false,"footnotes":""},"categories":[10,3],"tags":[87,534,161],"class_list":{"0":"post-3866","1":"post","2":"type-post","3":"status-publish","4":"format-standard","5":"has-post-thumbnail","7":"category-acao-parlamentares","8":"category-artigos-e-entrevistas","9":"tag-democracia","10":"tag-direitos-humanos","11":"tag-marcelo-freixo"},"acf":[],"yoast_head":"<!-- This site is optimized with the Yoast SEO plugin v26.5 - https:\/\/yoast.com\/wordpress\/plugins\/seo\/ -->\n<title>Democracia dos exclu\u00eddos - PSOL 50<\/title>\n<meta name=\"robots\" content=\"index, follow, max-snippet:-1, max-image-preview:large, max-video-preview:-1\" \/>\n<link rel=\"canonical\" href=\"https:\/\/psol50.org.br\/democracia-dos-excluidos-2\/\" \/>\n<meta property=\"og:locale\" content=\"pt_BR\" \/>\n<meta property=\"og:type\" content=\"article\" \/>\n<meta property=\"og:title\" content=\"Democracia dos exclu\u00eddos - PSOL 50\" \/>\n<meta property=\"og:description\" content=\"A\u00a0crise de representatividade a que assistimos \u00e9 um dos muitos sintomas do esgotamento do atual modelo de democracia, inaugurado ap\u00f3s 21 anos de ditadura civil-militar.O sistema democr\u00e1tico n\u00e3o amadurece naturalmente, ele est\u00e1 em permanente constru\u00e7\u00e3o e disputa. Por isso, nesta viragem entre o crep\u00fasculo de uma experi\u00eancia e um futuro a ser preenchido, for\u00e7as pol\u00edticas [&hellip;]\" \/>\n<meta property=\"og:url\" content=\"https:\/\/psol50.org.br\/democracia-dos-excluidos-2\/\" \/>\n<meta property=\"og:site_name\" content=\"PSOL 50\" \/>\n<meta property=\"article:publisher\" content=\"https:\/\/www.facebook.com\/psol50\" \/>\n<meta property=\"article:published_time\" content=\"2015-08-04T21:40:33+00:00\" \/>\n<meta property=\"og:image\" content=\"https:\/\/psol50.org.br\/inc\/uploads\/2015\/08\/Marcelo_Freixo_close.jpg\" \/>\n\t<meta property=\"og:image:width\" content=\"1100\" \/>\n\t<meta property=\"og:image:height\" content=\"726\" \/>\n\t<meta property=\"og:image:type\" content=\"image\/jpeg\" \/>\n<meta name=\"author\" content=\"Comunica\u00e7\u00e3o PSOL\" \/>\n<meta name=\"twitter:card\" content=\"summary_large_image\" \/>\n<meta name=\"twitter:creator\" content=\"@psol50\" \/>\n<meta name=\"twitter:site\" content=\"@psol50\" \/>\n<meta name=\"twitter:label1\" content=\"Escrito por\" \/>\n\t<meta name=\"twitter:data1\" content=\"Comunica\u00e7\u00e3o PSOL\" \/>\n\t<meta name=\"twitter:label2\" content=\"Est. tempo de leitura\" \/>\n\t<meta name=\"twitter:data2\" content=\"2 minutos\" \/>\n<script type=\"application\/ld+json\" class=\"yoast-schema-graph\">{\"@context\":\"https:\/\/schema.org\",\"@graph\":[{\"@type\":\"Article\",\"@id\":\"https:\/\/psol50.org.br\/democracia-dos-excluidos-2\/#article\",\"isPartOf\":{\"@id\":\"https:\/\/psol50.org.br\/democracia-dos-excluidos-2\/\"},\"author\":{\"name\":\"Comunica\u00e7\u00e3o PSOL\",\"@id\":\"https:\/\/psol50.org.br\/#\/schema\/person\/475dfa57d0b815993c714c2e96491fcd\"},\"headline\":\"Democracia dos exclu\u00eddos\",\"datePublished\":\"2015-08-04T21:40:33+00:00\",\"mainEntityOfPage\":{\"@id\":\"https:\/\/psol50.org.br\/democracia-dos-excluidos-2\/\"},\"wordCount\":458,\"commentCount\":0,\"publisher\":{\"@id\":\"https:\/\/psol50.org.br\/#organization\"},\"image\":{\"@id\":\"https:\/\/psol50.org.br\/democracia-dos-excluidos-2\/#primaryimage\"},\"thumbnailUrl\":\"https:\/\/psol50.org.br\/inc\/uploads\/2015\/08\/Marcelo_Freixo_close.jpg\",\"keywords\":[\"democracia\",\"direitos humanos\",\"Marcelo Freixo\"],\"articleSection\":[\"A\u00e7\u00e3o Parlamentar\",\"Artigos\"],\"inLanguage\":\"pt-BR\",\"potentialAction\":[{\"@type\":\"CommentAction\",\"name\":\"Comment\",\"target\":[\"https:\/\/psol50.org.br\/democracia-dos-excluidos-2\/#respond\"]}]},{\"@type\":\"WebPage\",\"@id\":\"https:\/\/psol50.org.br\/democracia-dos-excluidos-2\/\",\"url\":\"https:\/\/psol50.org.br\/democracia-dos-excluidos-2\/\",\"name\":\"Democracia dos exclu\u00eddos - PSOL 50\",\"isPartOf\":{\"@id\":\"https:\/\/psol50.org.br\/#website\"},\"primaryImageOfPage\":{\"@id\":\"https:\/\/psol50.org.br\/democracia-dos-excluidos-2\/#primaryimage\"},\"image\":{\"@id\":\"https:\/\/psol50.org.br\/democracia-dos-excluidos-2\/#primaryimage\"},\"thumbnailUrl\":\"https:\/\/psol50.org.br\/inc\/uploads\/2015\/08\/Marcelo_Freixo_close.jpg\",\"datePublished\":\"2015-08-04T21:40:33+00:00\",\"breadcrumb\":{\"@id\":\"https:\/\/psol50.org.br\/democracia-dos-excluidos-2\/#breadcrumb\"},\"inLanguage\":\"pt-BR\",\"potentialAction\":[{\"@type\":\"ReadAction\",\"target\":[\"https:\/\/psol50.org.br\/democracia-dos-excluidos-2\/\"]}]},{\"@type\":\"ImageObject\",\"inLanguage\":\"pt-BR\",\"@id\":\"https:\/\/psol50.org.br\/democracia-dos-excluidos-2\/#primaryimage\",\"url\":\"https:\/\/psol50.org.br\/inc\/uploads\/2015\/08\/Marcelo_Freixo_close.jpg\",\"contentUrl\":\"https:\/\/psol50.org.br\/inc\/uploads\/2015\/08\/Marcelo_Freixo_close.jpg\",\"width\":1100,\"height\":726},{\"@type\":\"BreadcrumbList\",\"@id\":\"https:\/\/psol50.org.br\/democracia-dos-excluidos-2\/#breadcrumb\",\"itemListElement\":[{\"@type\":\"ListItem\",\"position\":1,\"name\":\"In\u00edcio\",\"item\":\"https:\/\/psol50.org.br\/\"},{\"@type\":\"ListItem\",\"position\":2,\"name\":\"Democracia dos exclu\u00eddos\"}]},{\"@type\":\"WebSite\",\"@id\":\"https:\/\/psol50.org.br\/#website\",\"url\":\"https:\/\/psol50.org.br\/\",\"name\":\"PSOL 50\",\"description\":\"Site oficial do Partido Socialismo e Liberdade\",\"publisher\":{\"@id\":\"https:\/\/psol50.org.br\/#organization\"},\"alternateName\":\"PSOL50\",\"potentialAction\":[{\"@type\":\"SearchAction\",\"target\":{\"@type\":\"EntryPoint\",\"urlTemplate\":\"https:\/\/psol50.org.br\/?s={search_term_string}\"},\"query-input\":{\"@type\":\"PropertyValueSpecification\",\"valueRequired\":true,\"valueName\":\"search_term_string\"}}],\"inLanguage\":\"pt-BR\"},{\"@type\":\"Organization\",\"@id\":\"https:\/\/psol50.org.br\/#organization\",\"name\":\"PSOL 50\",\"alternateName\":\"PSOL 50\",\"url\":\"https:\/\/psol50.org.br\/\",\"logo\":{\"@type\":\"ImageObject\",\"inLanguage\":\"pt-BR\",\"@id\":\"https:\/\/psol50.org.br\/#\/schema\/logo\/image\/\",\"url\":\"https:\/\/psol50.org.br\/inc\/uploads\/2018\/07\/capa.png\",\"contentUrl\":\"https:\/\/psol50.org.br\/inc\/uploads\/2018\/07\/capa.png\",\"width\":1350,\"height\":900,\"caption\":\"PSOL 50\"},\"image\":{\"@id\":\"https:\/\/psol50.org.br\/#\/schema\/logo\/image\/\"},\"sameAs\":[\"https:\/\/www.facebook.com\/psol50\",\"https:\/\/x.com\/psol50\",\"https:\/\/www.instagram.com\/psol50\/\",\"https:\/\/www.youtube.com\/channel\/UC7SnJS5o1os7a6CaiNabzcg\"]},{\"@type\":\"Person\",\"@id\":\"https:\/\/psol50.org.br\/#\/schema\/person\/475dfa57d0b815993c714c2e96491fcd\",\"name\":\"Comunica\u00e7\u00e3o PSOL\",\"image\":{\"@type\":\"ImageObject\",\"inLanguage\":\"pt-BR\",\"@id\":\"https:\/\/psol50.org.br\/#\/schema\/person\/image\/\",\"url\":\"https:\/\/secure.gravatar.com\/avatar\/b34fc4f4e468a4e51785917065a3db57b841f5c95dba6ad8c73aaf8f66f8f9bf?s=96&d=mm&r=g\",\"contentUrl\":\"https:\/\/secure.gravatar.com\/avatar\/b34fc4f4e468a4e51785917065a3db57b841f5c95dba6ad8c73aaf8f66f8f9bf?s=96&d=mm&r=g\",\"caption\":\"Comunica\u00e7\u00e3o PSOL\"}}]}<\/script>\n<!-- \/ Yoast SEO plugin. -->","yoast_head_json":{"title":"Democracia dos exclu\u00eddos - PSOL 50","robots":{"index":"index","follow":"follow","max-snippet":"max-snippet:-1","max-image-preview":"max-image-preview:large","max-video-preview":"max-video-preview:-1"},"canonical":"https:\/\/psol50.org.br\/democracia-dos-excluidos-2\/","og_locale":"pt_BR","og_type":"article","og_title":"Democracia dos exclu\u00eddos - PSOL 50","og_description":"A\u00a0crise de representatividade a que assistimos \u00e9 um dos muitos sintomas do esgotamento do atual modelo de democracia, inaugurado ap\u00f3s 21 anos de ditadura civil-militar.O sistema democr\u00e1tico n\u00e3o amadurece naturalmente, ele est\u00e1 em permanente constru\u00e7\u00e3o e disputa. Por isso, nesta viragem entre o crep\u00fasculo de uma experi\u00eancia e um futuro a ser preenchido, for\u00e7as pol\u00edticas [&hellip;]","og_url":"https:\/\/psol50.org.br\/democracia-dos-excluidos-2\/","og_site_name":"PSOL 50","article_publisher":"https:\/\/www.facebook.com\/psol50","article_published_time":"2015-08-04T21:40:33+00:00","og_image":[{"width":1100,"height":726,"url":"https:\/\/psol50.org.br\/inc\/uploads\/2015\/08\/Marcelo_Freixo_close.jpg","type":"image\/jpeg"}],"author":"Comunica\u00e7\u00e3o PSOL","twitter_card":"summary_large_image","twitter_creator":"@psol50","twitter_site":"@psol50","twitter_misc":{"Escrito por":"Comunica\u00e7\u00e3o PSOL","Est. tempo de leitura":"2 minutos"},"schema":{"@context":"https:\/\/schema.org","@graph":[{"@type":"Article","@id":"https:\/\/psol50.org.br\/democracia-dos-excluidos-2\/#article","isPartOf":{"@id":"https:\/\/psol50.org.br\/democracia-dos-excluidos-2\/"},"author":{"name":"Comunica\u00e7\u00e3o PSOL","@id":"https:\/\/psol50.org.br\/#\/schema\/person\/475dfa57d0b815993c714c2e96491fcd"},"headline":"Democracia dos exclu\u00eddos","datePublished":"2015-08-04T21:40:33+00:00","mainEntityOfPage":{"@id":"https:\/\/psol50.org.br\/democracia-dos-excluidos-2\/"},"wordCount":458,"commentCount":0,"publisher":{"@id":"https:\/\/psol50.org.br\/#organization"},"image":{"@id":"https:\/\/psol50.org.br\/democracia-dos-excluidos-2\/#primaryimage"},"thumbnailUrl":"https:\/\/psol50.org.br\/inc\/uploads\/2015\/08\/Marcelo_Freixo_close.jpg","keywords":["democracia","direitos humanos","Marcelo Freixo"],"articleSection":["A\u00e7\u00e3o Parlamentar","Artigos"],"inLanguage":"pt-BR","potentialAction":[{"@type":"CommentAction","name":"Comment","target":["https:\/\/psol50.org.br\/democracia-dos-excluidos-2\/#respond"]}]},{"@type":"WebPage","@id":"https:\/\/psol50.org.br\/democracia-dos-excluidos-2\/","url":"https:\/\/psol50.org.br\/democracia-dos-excluidos-2\/","name":"Democracia dos exclu\u00eddos - PSOL 50","isPartOf":{"@id":"https:\/\/psol50.org.br\/#website"},"primaryImageOfPage":{"@id":"https:\/\/psol50.org.br\/democracia-dos-excluidos-2\/#primaryimage"},"image":{"@id":"https:\/\/psol50.org.br\/democracia-dos-excluidos-2\/#primaryimage"},"thumbnailUrl":"https:\/\/psol50.org.br\/inc\/uploads\/2015\/08\/Marcelo_Freixo_close.jpg","datePublished":"2015-08-04T21:40:33+00:00","breadcrumb":{"@id":"https:\/\/psol50.org.br\/democracia-dos-excluidos-2\/#breadcrumb"},"inLanguage":"pt-BR","potentialAction":[{"@type":"ReadAction","target":["https:\/\/psol50.org.br\/democracia-dos-excluidos-2\/"]}]},{"@type":"ImageObject","inLanguage":"pt-BR","@id":"https:\/\/psol50.org.br\/democracia-dos-excluidos-2\/#primaryimage","url":"https:\/\/psol50.org.br\/inc\/uploads\/2015\/08\/Marcelo_Freixo_close.jpg","contentUrl":"https:\/\/psol50.org.br\/inc\/uploads\/2015\/08\/Marcelo_Freixo_close.jpg","width":1100,"height":726},{"@type":"BreadcrumbList","@id":"https:\/\/psol50.org.br\/democracia-dos-excluidos-2\/#breadcrumb","itemListElement":[{"@type":"ListItem","position":1,"name":"In\u00edcio","item":"https:\/\/psol50.org.br\/"},{"@type":"ListItem","position":2,"name":"Democracia dos exclu\u00eddos"}]},{"@type":"WebSite","@id":"https:\/\/psol50.org.br\/#website","url":"https:\/\/psol50.org.br\/","name":"PSOL 50","description":"Site oficial do Partido Socialismo e Liberdade","publisher":{"@id":"https:\/\/psol50.org.br\/#organization"},"alternateName":"PSOL50","potentialAction":[{"@type":"SearchAction","target":{"@type":"EntryPoint","urlTemplate":"https:\/\/psol50.org.br\/?s={search_term_string}"},"query-input":{"@type":"PropertyValueSpecification","valueRequired":true,"valueName":"search_term_string"}}],"inLanguage":"pt-BR"},{"@type":"Organization","@id":"https:\/\/psol50.org.br\/#organization","name":"PSOL 50","alternateName":"PSOL 50","url":"https:\/\/psol50.org.br\/","logo":{"@type":"ImageObject","inLanguage":"pt-BR","@id":"https:\/\/psol50.org.br\/#\/schema\/logo\/image\/","url":"https:\/\/psol50.org.br\/inc\/uploads\/2018\/07\/capa.png","contentUrl":"https:\/\/psol50.org.br\/inc\/uploads\/2018\/07\/capa.png","width":1350,"height":900,"caption":"PSOL 50"},"image":{"@id":"https:\/\/psol50.org.br\/#\/schema\/logo\/image\/"},"sameAs":["https:\/\/www.facebook.com\/psol50","https:\/\/x.com\/psol50","https:\/\/www.instagram.com\/psol50\/","https:\/\/www.youtube.com\/channel\/UC7SnJS5o1os7a6CaiNabzcg"]},{"@type":"Person","@id":"https:\/\/psol50.org.br\/#\/schema\/person\/475dfa57d0b815993c714c2e96491fcd","name":"Comunica\u00e7\u00e3o PSOL","image":{"@type":"ImageObject","inLanguage":"pt-BR","@id":"https:\/\/psol50.org.br\/#\/schema\/person\/image\/","url":"https:\/\/secure.gravatar.com\/avatar\/b34fc4f4e468a4e51785917065a3db57b841f5c95dba6ad8c73aaf8f66f8f9bf?s=96&d=mm&r=g","contentUrl":"https:\/\/secure.gravatar.com\/avatar\/b34fc4f4e468a4e51785917065a3db57b841f5c95dba6ad8c73aaf8f66f8f9bf?s=96&d=mm&r=g","caption":"Comunica\u00e7\u00e3o PSOL"}}]}},"_links":{"self":[{"href":"https:\/\/psol50.org.br\/rest\/wp\/v2\/posts\/3866","targetHints":{"allow":["GET"]}}],"collection":[{"href":"https:\/\/psol50.org.br\/rest\/wp\/v2\/posts"}],"about":[{"href":"https:\/\/psol50.org.br\/rest\/wp\/v2\/types\/post"}],"author":[{"embeddable":true,"href":"https:\/\/psol50.org.br\/rest\/wp\/v2\/users\/2"}],"replies":[{"embeddable":true,"href":"https:\/\/psol50.org.br\/rest\/wp\/v2\/comments?post=3866"}],"version-history":[{"count":0,"href":"https:\/\/psol50.org.br\/rest\/wp\/v2\/posts\/3866\/revisions"}],"wp:featuredmedia":[{"embeddable":true,"href":"https:\/\/psol50.org.br\/rest\/wp\/v2\/media\/3860"}],"wp:attachment":[{"href":"https:\/\/psol50.org.br\/rest\/wp\/v2\/media?parent=3866"}],"wp:term":[{"taxonomy":"category","embeddable":true,"href":"https:\/\/psol50.org.br\/rest\/wp\/v2\/categories?post=3866"},{"taxonomy":"post_tag","embeddable":true,"href":"https:\/\/psol50.org.br\/rest\/wp\/v2\/tags?post=3866"}],"curies":[{"name":"wp","href":"https:\/\/api.w.org\/{rel}","templated":true}]}}