{"id":387,"date":"2010-10-25T00:00:00","date_gmt":"2010-10-25T00:00:00","guid":{"rendered":"http:\/\/psol50.org.br\/arquivo\/2010\/10\/25\/senado-da-franca-aprova-reforma-da-previdencia\/"},"modified":"2010-10-25T00:00:00","modified_gmt":"2010-10-25T00:00:00","slug":"senado-da-franca-aprova-reforma-da-previdencia","status":"publish","type":"post","link":"https:\/\/psol50.org.br\/senado-da-franca-aprova-reforma-da-previdencia\/","title":{"rendered":"Senado da Fran\u00e7a aprova reforma da previd\u00eancia"},"content":{"rendered":"<p>Marina Terra<\/p>\n<p>O Senado da Fran\u00e7a aprovou nesta sexta-feira (22\/10) a reforma da previd\u00eancia. A proposta do governo de Nicolas Sarkozy, que aumenta a idade m\u00ednima para aposentadoria de 60 para 62 anos a partir de 2018, gerou uma s\u00e9rie de protestos e confrontos em todo o pa\u00eds nas \u00faltimas semanas, culminando na falta de combust\u00edvel em diversas localidades.<\/p>\n<p>Os senadores aprovaram a reforma com 177 votos a favor e 153 contra. O projeto agora passa por uma comiss\u00e3o parlamentar, que aperfei\u00e7oar\u00e1 o texto final, que est\u00e3o segue para o Conselho Constitucional, que \u00e9 a maior autoridade legal da Fran\u00e7a.<\/p>\n<p>Al\u00e9m do aumento da idade m\u00ednima para aposentadoria, os anos de contribui\u00e7\u00e3o para receber a aposentadoria integral passar\u00e3o de 40,5 a 41 em 2012 e 41,3 em 2013. A reforma eleva tamb\u00e9m de 65 a 67 anos a idade para receber a aposentadoria integral. Segundo o governo, essas medidas visam preservar o sistema de aposentadorias vigente, segundo o qual as pessoas ativas financiam as pens\u00f5es. Ele considera que a expectativa de vida, cada vez maior, obriga as pessoas a trabalhar por mais tempo.<\/p>\n<p>A maior parte da reforma ser\u00e1 financiada com as medidas de aumento da idade de aposentadoria, e o resto vir\u00e1 de um aumento de impostos sobre os rendimentos e impostos sobre determinados produtos financeiros que subir\u00e3o para 5 bilh\u00f5es de euros anuais.<\/p>\n<p>Rea\u00e7\u00f5es<\/p>\n<p>Os sindicatos e a oposi\u00e7\u00e3o de esquerda criticam a reforma, dizendo que a conta da mudan\u00e7a deve cair sobre os mais pobres. Desde o dia 7 de setembro diversas mobiliza\u00e7\u00f5es foram organizadas e os protestos cresceram na \u00faltima semana, com o bloqueio de refinarias e graves em setores como o de transportes. Aos grevistas de juntaram estudantes secundaristas e universit\u00e1rios.<\/p>\n<p>Os seis dias de protestos nacionais que ocorreram desde ent\u00e3o \u2013 v\u00e1rios deles acompanhados de greves \u2013 mobilizaram entre 825 mil pessoas e 3,5 milh\u00f5es, segundo a pol\u00edcia e os sindicatos, respectivamente.<\/p>\n<p>Fonte: Opera Mundi<\/p>\n<p>Um movimento de contesta\u00e7\u00e3o que endurece<\/p>\n<p>Apesar do feriado de Todos os Santos, a mobiliza\u00e7\u00e3o n\u00e3o se enfraquece, muito pelo contr\u00e1rio, com o bloqueio de v\u00e1rias refinarias e o apelo da Unef a uma nova jornada de a\u00e7\u00e3o na pr\u00f3xima ter\u00e7a-feira, enquanto o Senado vota a reforma de forma precipitada.<\/p>\n<p>18h00. A greve na refinaria de Feyzin reiniciada \u201csem data para terminar\u201d. A greve lan\u00e7ada em 13 de outubro na refinaria Total de Feyzin (Rh\u00f4ne), pr\u00f3ximo de Lyon, foi reiniciada na sexta-feira \u201csem data para teminar\u201d em seguida a uma assembleia geral.<\/p>\n<p>17h45. O maior centre de tratamento de res\u00edduos da Fran\u00e7a bloqueado. O acesso ao centro de tratamento de res\u00edduos d\u2019Ivry-sur-Seine (Val-de-Marne), o mais importante da Fran\u00e7a, est\u00e1 bloqueado desde quinta-feira \u00e0 noite por oponentes \u00e0 reforma<\/p>\n<p>17h15. Refinaria de Grandpuits : \u201cevacua\u00e7\u00e3o escandalosa\u201d (PCF), \u201cguerra social\u201d (PG). O PCF denunciou sexta-feira \u201ca evacua\u00e7\u00e3o escandalosa\u201d e \u201cviolenta\u201d dos assalariados da refinaria Total de Grandpuits (Seine-et-Marne).\u00a0 O Partido da Esquerda estima que Nicolas Sarkozy, como \u201camigo desinibido do Medef, assume doravante sua guerra social\u201d.<\/p>\n<p>Essa \u201cevacua\u00e7\u00e3o escandalosa\u201d, \u201cviolenta\u201d e \u201ca requisi\u00e7\u00e3o de assalariados constituem uma grav\u00edssima coloca\u00e7\u00e3o em causa do direito de greve, que no entanto \u00e9 um dever constitucional\u201d, escreve o PCF num comunicado.<\/p>\n<p>\u201cH\u00e1 v\u00e1rios dias, Sarkozy \u2013 que gosta de se dizer em guerra \u2013 multiplicou as declara\u00e7\u00f5es agressivas contra os bloqueios pac\u00edficos feitos pelos assalariados qui s\u00e3o no entanto amplamente apoiados pela popula\u00e7\u00e3o\u201d, prossegue, estimando que \u201co poder est\u00e1 numa escalada repressiva perigosa\u201d.<\/p>\n<p>\u201cA Frente de esquerda chama o governo a retornar \u00e0 raz\u00e3o e \u00e0 n\u00e3o lan\u00e7ar o pa\u00eds na viol\u00eanica jogando com os mecanismos de repress\u00e3o\/provoca\u00e7\u00e3o\u201d, prossegue.<\/p>\n<p>17h00. V\u00e1rias centenas de pessoas desfilam em defesa das aposentadorias e em apoio ao hospital Tenon, em greve h\u00e1 4 semanas. Partiu do\u00a0 hospital Tenon (20o circunscri\u00e7\u00e3o), o cortejo, cuja a bandeirola de cabe\u00e7a era estendida por assalariados do hospital, incluindo membros da federa\u00e7\u00e3o CGT dos ferrovi\u00e1rios e da RATP, assim como militantes de Solidariedades, FO, a FSU e a organiza\u00e7\u00e3o altermundista Attac.<\/p>\n<p>16h10. Para Didier Le Reste, secret\u00e1rio-geral da CGT-Ferrovi\u00e1rios,\u00a0 as partidas em f\u00e9rias v\u00e3o \u201cacontecer sem muito problema\u201d com \u201cpertuba\u00e7\u00f5es limitadas\u201d, salvo em caso de \u201cprovoca\u00e7\u00f5es\u201d da parte da SNCF.<\/p>\n<p>Nada de feriado nas mobiliza\u00e7\u00f5es<\/p>\n<p>Novas jornadas de mobiliza\u00e7\u00f5es (28 de outubro e 6 de novembro) marcar\u00e1 o feriado de Todos os Santos.\u00a0 Acompanhe ao vivo a evolu\u00e7\u00e3o do movimento.<\/p>\n<p>15h20. Unef chama estudantes a jornada de a\u00e7\u00e3o ter\u00e7a-feira. A UNEF apelou aos jovens e estudantes para um dia de \u201ca\u00e7\u00e3o em toda a Fran\u00e7a\u201d na ter\u00e7a-feira, inclusive com com\u00edcios e sit-ins, para mostrar que a mobiliza\u00e7\u00e3o continua durante o feriado de Todos os Santos, durante uma confer\u00eancia de imprensa sexta-feira.<\/p>\n<p>14h30. Greve na refinaria Total de Donges retomada por uma semane. A greve iniciada em 12 de outubro na refinaria Total em Donges (Loire-Atlantique) foi retomada em assembl\u00e9ia geral at\u00e9 sexta-feira 29 de outubro, anunciou na sexta-feira a CGT, que tamb\u00e9m promete a\u00e7\u00f5es simb\u00f3licas, em resposta ao desbloqueio da refinaria Grandpuits (Seine-Maritime).<\/p>\n<p>14h00. A comiss\u00e3o mista parit\u00e1ria (CMP) Assembleia-Senado se reunir\u00e1 segunda-feira pela manh\u00e3 (no Senado)<\/p>\n<p>13h15. Manifestantes invadem o hall da estra\u00e7\u00e3o de Bordeaux. Uma centena de manifestantes invadiram o hall da esta\u00e7\u00e3o de Bordeaux sexta-feira ao meio-dia<\/p>\n<p>13h05. Pol\u00edcia expulsa manifestantes perto de Clermont-Ferrand. A pol\u00edcia expulsou os manifestantes que bloqueavam desde a manh\u00e3 de sexta-feira uma plataforme log\u00edstica \u00e0 Cournon d\u2019Auvergne, no Puy-de-D\u00f4me, pr\u00f3ximo a um dep\u00f3sito de combust\u00edvel.<\/p>\n<p>12h55. Requisi\u00e7\u00e3o na refinaria de Grandpuits : \u201cuma interdi\u00e7\u00e3o pura e simples ao direito de greve\u201d para a CGT. O sindicato se indignou pela r\u00e9quisi\u00e7\u00e3o dos assalariados da refinaria de Grandpuits pelo prefeitot de Seine-et-Marne, um ato qui constitui, segundo ele, \u201cuma interdi\u00e7\u00e3o pura t simples do direiot de greve garantdo pela Constitui\u00e7\u00e3o\u201d.<\/p>\n<p>Segundo um comunicado da confedera\u00e7\u00e3o de Bernard Thibault, \u201cpressionados pela mobiliza\u00e7\u00e3o maci\u00e7a dos assalariados contra sua reforma, o presidente da Rep\u00fablca e o gouverno se imobilizam numa posture de negativa e deriva em dire\u00e7\u00e3o a uma pol\u00edtica de repress\u00e3o e de violencias policiais\u201d.<\/p>\n<p>A CGT \u201ccondena esse ato juridicamente ilegal e politcamente insensato\u201d que constitui \u201ca requisi\u00e7\u00e3o dos 169 assalariados em greve na refinaria de Grandpuits\u201d.<\/p>\n<p>Ela estime que a\u2019ordem de requisi\u00e7\u00e3o \u201cfalseia o conte\u00fado da lei de 18 de Mar\u00e7o de 2003 sobre a seguran\u00e7a interna, fortemente enquadrada por decis\u00f5es do Conselho Constitucional e do Conselho de Estado\u201d.<\/p>\n<p>Com efeito, afirma, \u201ca parada da produ\u00e7\u00e3o dessa refinaria em nenhum caso atinge a seguran\u00e7a nem a sa\u00fade p\u00fablica\u201d. \u201cTrata-se de uma interdi\u00e7\u00e3o pura e simples do direito de greve garantido pela Constitui\u00e7\u00e3o, neste caso exercido dentro de uma empresa privada num quadro democr\u00e1tico e pac\u00edfico\u201d, acrescenta a CGT.<\/p>\n<p>\u201cA Confedera\u00e7\u00e3o se junta \u00e0 a\u00e7\u00e3o jur\u00eddica demandando a invalidade dessa requis\u00e7\u00e3o\u201d, precisa o comunicado.<\/p>\n<p>Levantando claramente o tom, a CGT acusa o governo \u201cde operar uma am\u00e1lgama intoler\u00e1svel entre as manifesta\u00e7\u00f5es e alguns atos de viol\u00eanica acontecidos em certas localidade\u201d.<\/p>\n<p>\u201cMilitantes s\u00e3o perseguidos, presos, colocados sob vigil\u00e2ncia, simplesmente por colar cartazes como a Roanne! Os CRS atacam filas de\u00a0 manifesta\u00e7\u00f5es, sem nenhuma raz\u00e3o, como a Lorient\u201d, afirma.<\/p>\n<p>\u201cA CGTchama os assalariados, os grevistas, \u00e0 vigil\u00e2ncia em rela\u00e7\u00e3o \u00e0 presen\u00e7a de provocadores nas iniciativas sindicais\u201d, declara ainda o comunicado.<\/p>\n<p>12h40. Esta\u00e7\u00e3o de La Rochelle bloqueada por manifestantes. Cerca de 300 manifestantes, no momento mais forte da a\u00e7\u00e3o, bloqueavam ao meio-dia de sexta-feira a esta\u00e7\u00e3o de La Rochelle, provocando perturba\u00e7\u00f5es no tr\u00e1fico ferrovi\u00e1rio<\/p>\n<p>12h30. Desbloqueio for\u00e7ado da zona industrial de Amiens.<\/p>\n<p>12h10. Poitiers : nenhuma inger\u00eancia da pol\u00edcia no movimento dos estudantes.<\/p>\n<p>11h30. 10 universidades bloqueadas segundo a Unef. Segundo a Unef, 10 universidades estavam \u201cbloqueadas total ou parcialmente: \u201cParis1-Tolbiac, Poitiers, Nantes, Limoges (s\u00edtio de letras), Pau, Le Mans, Amiens (s\u00edtio de letras), La Rochelle, Clermont 2 e os edif\u00edcios de ci\u00eancias humanas de Paris-10 Nanterre. A Unef anunciou por sua parte que faria uma confer\u00eancia de imprensa nesta sexta-feira \u00e0s 14h00 na sede da organiza\u00e7\u00e3o em Paris.<\/p>\n<p>11h20. Greve dos lixeiros interrompe coleta de lixo em Paris.<\/p>\n<p>11h00. O \u201cgoverno n\u00e3o se sente seguro\u201d, segundo Jean-Claude Mailly (FO). A d\u00e9cis\u00e3o do goveno fechar quest\u00e3o no Senado sobre o projeto de reforma das aposentadorias significa que \u201co governo n\u00e3o se sente t\u00e3o seguro asssim\u201d e traduz \u201cum pouco de afobameto\u201d, estima Jean Claude Mailly, secretaro-gerasl da FO.<\/p>\n<p>10h30. Refinaria de Grandpuits (77) : \u201cinvestida escandalosa\u201d dos CRS (CGT). O acesso \u00e0\u00a0 refinaria Total de Grandpuits (Seine-et-Marne), cujo estoque foi requisitado pelo governo, foi liberado pelos CRS. Tr\u00eas membros do piquete de greve sa\u00edram ligeiramente feridos na opera\u00e7\u00e3o, segundo a CGT. O coordenador CGT do grupo Total, Charles Foulard, denunciou uma \u201cinvestida escandalosa\u201d.<\/p>\n<p>9h45. Dep\u00f3sito de combust\u00edveis de Coigni\u00e8res bloqueado por cerca de tr\u00eas horas. Militantes bloquearam na sexta-feira durante tr\u00eas horas e meia o dep\u00f3sito de combust\u00edveis de Coigni\u00e8res (Yvelines).<\/p>\n<p>9h30. \u201cO movimento \u00e9 popular e deve permanecer\u201d, segundo Fran\u00e7ois Ch\u00e9r\u00e8que (CFDT). \u201cOs assalariados nos demandam\u00a0 continuar e continuamos\u201d, declara o secret\u00e1rio-geral da CFDT Fran\u00e7ois Ch\u00e9r\u00e8que. J\u00e1 \u00e9 \u201ctempo de come\u00e7ar a dialogar\u201d.<\/p>\n<p>9h20. Dep\u00f3sito de combust\u00edveis Total : manifestantes recebidos com g\u00e1s lacrimog\u00eaneo. Cerca de 200 manifestantes que queriam bloquear o dep\u00f3rito de combust\u00edveis Total de Lespinasse, no subu\u00farbio do norte de Toulouse, foram expulsos durante a noite de quinta para sexta-feira pelas for\u00e7as da ordem qui utilizaram gases lacrimog\u00eaneos<\/p>\n<p>8h30. Bloqueio de uma plataforme log\u00edstica pr\u00f3ximo de Clermont-Ferrand. Cerca de 500 pessoas bloquearam uma plataforme log[\u00edstica em Cournon d\u2019Auvergne pr\u00f3ximo de Clermont-Ferrand sexta-feira de manh\u00e3.<\/p>\n<p>8h15. O acesso pela estrada ao Mercado de interesse nacional (MIN) de Lomme, pr\u00f3ximo de Lille, estava bloqueado por manifestantes<\/p>\n<p>\u00daltima hora: Um \u201ccord\u00e3o cidad\u00e3o\u201d de cerca de 80 pessoas, moradores do bairro ou militantes de outras corpora\u00e7\u00f5es, tentava impedir na sexta-feira de manh\u00e3 cedo a requisi\u00e7\u00e3o da refinaria de Grandpuits (Seine-et-Marne) ordenada pelo prefeito. Chegados por volta das 3h10, os CRS notificaram as requisi\u00e7\u00f5es dos assalariados, explicou Franck Manchon, delegado sindical CGT.<\/p>\n<p>Os grevistas pretendem \u201cop\u00f4r-se juridicamente\u201d \u00e0s requisi\u00e7\u00f5es, mas v\u00e3o \u201cutilizar todos os meios de que disp\u00f5em para continuar a fazer valer (seu) direito de greve\u201d. O prefeito de Seine-et-Marne, Michel Guillot, acompanhado por alguns de seus colaboradores, \u201cveio pessoalmente entregar as requisi\u00e7\u00f5es ao pessoal com a finalidade de alimentar os postos de servi\u00e7o e todos os clientes de Total, tudo isso sob o pretexto de um c\u00f3digo de Defesa\u201d, criticou o respons\u00e1vel sindical. \u201cN\u00f3s n\u00e3o estamos em guerra, n\u00f3s n\u00e3o estamos em estado de s\u00edtio, o c\u00f3digo de defesa n\u00e3o se aplica neste caso aqui\u201d, frisou.<\/p>\n<p>Fonte: L\u2019Humanit\u00e9<\/p>\n","protected":false},"excerpt":{"rendered":"<p>Marina Terra O Senado da Fran\u00e7a aprovou nesta sexta-feira (22\/10) a reforma da previd\u00eancia. A proposta do governo de Nicolas Sarkozy, que aumenta a idade m\u00ednima para aposentadoria de 60 para 62 anos a partir de 2018, gerou uma s\u00e9rie de protestos e confrontos em todo o pa\u00eds nas \u00faltimas semanas, culminando na falta de [&hellip;]<\/p>\n","protected":false},"author":2,"featured_media":0,"comment_status":"open","ping_status":"open","sticky":false,"template":"","format":"standard","meta":{"_acf_changed":false,"footnotes":""},"categories":[4766],"tags":[],"class_list":{"0":"post-387","1":"post","2":"type-post","3":"status-publish","4":"format-standard","6":"category-arquivo"},"acf":[],"yoast_head":"<!-- This site is optimized with the Yoast SEO plugin v26.5 - https:\/\/yoast.com\/wordpress\/plugins\/seo\/ -->\n<title>Senado da Fran\u00e7a aprova reforma da previd\u00eancia - PSOL 50<\/title>\n<meta name=\"robots\" content=\"index, follow, max-snippet:-1, max-image-preview:large, max-video-preview:-1\" \/>\n<link rel=\"canonical\" href=\"https:\/\/psol50.org.br\/senado-da-franca-aprova-reforma-da-previdencia\/\" \/>\n<meta property=\"og:locale\" content=\"pt_BR\" \/>\n<meta property=\"og:type\" content=\"article\" \/>\n<meta property=\"og:title\" content=\"Senado da Fran\u00e7a aprova reforma da previd\u00eancia - PSOL 50\" \/>\n<meta property=\"og:description\" content=\"Marina Terra O Senado da Fran\u00e7a aprovou nesta sexta-feira (22\/10) a reforma da previd\u00eancia. A proposta do governo de Nicolas Sarkozy, que aumenta a idade m\u00ednima para aposentadoria de 60 para 62 anos a partir de 2018, gerou uma s\u00e9rie de protestos e confrontos em todo o pa\u00eds nas \u00faltimas semanas, culminando na falta de [&hellip;]\" \/>\n<meta property=\"og:url\" content=\"https:\/\/psol50.org.br\/senado-da-franca-aprova-reforma-da-previdencia\/\" \/>\n<meta property=\"og:site_name\" content=\"PSOL 50\" \/>\n<meta property=\"article:publisher\" content=\"https:\/\/www.facebook.com\/psol50\" \/>\n<meta property=\"article:published_time\" content=\"2010-10-25T00:00:00+00:00\" \/>\n<meta property=\"og:image\" content=\"https:\/\/psol50.org.br\/inc\/uploads\/2018\/07\/capa.png\" \/>\n\t<meta property=\"og:image:width\" content=\"1350\" \/>\n\t<meta property=\"og:image:height\" content=\"900\" \/>\n\t<meta property=\"og:image:type\" content=\"image\/png\" \/>\n<meta name=\"author\" content=\"Comunica\u00e7\u00e3o PSOL\" \/>\n<meta name=\"twitter:card\" content=\"summary_large_image\" \/>\n<meta name=\"twitter:creator\" content=\"@psol50\" \/>\n<meta name=\"twitter:site\" content=\"@psol50\" \/>\n<meta name=\"twitter:label1\" content=\"Escrito por\" \/>\n\t<meta name=\"twitter:data1\" content=\"Comunica\u00e7\u00e3o PSOL\" \/>\n\t<meta name=\"twitter:label2\" content=\"Est. tempo de leitura\" \/>\n\t<meta name=\"twitter:data2\" content=\"9 minutos\" \/>\n<script type=\"application\/ld+json\" class=\"yoast-schema-graph\">{\"@context\":\"https:\/\/schema.org\",\"@graph\":[{\"@type\":\"Article\",\"@id\":\"https:\/\/psol50.org.br\/senado-da-franca-aprova-reforma-da-previdencia\/#article\",\"isPartOf\":{\"@id\":\"https:\/\/psol50.org.br\/senado-da-franca-aprova-reforma-da-previdencia\/\"},\"author\":{\"name\":\"Comunica\u00e7\u00e3o PSOL\",\"@id\":\"https:\/\/psol50.org.br\/#\/schema\/person\/475dfa57d0b815993c714c2e96491fcd\"},\"headline\":\"Senado da Fran\u00e7a aprova reforma da previd\u00eancia\",\"datePublished\":\"2010-10-25T00:00:00+00:00\",\"mainEntityOfPage\":{\"@id\":\"https:\/\/psol50.org.br\/senado-da-franca-aprova-reforma-da-previdencia\/\"},\"wordCount\":1891,\"commentCount\":0,\"publisher\":{\"@id\":\"https:\/\/psol50.org.br\/#organization\"},\"articleSection\":[\"Arquivo\"],\"inLanguage\":\"pt-BR\",\"potentialAction\":[{\"@type\":\"CommentAction\",\"name\":\"Comment\",\"target\":[\"https:\/\/psol50.org.br\/senado-da-franca-aprova-reforma-da-previdencia\/#respond\"]}]},{\"@type\":\"WebPage\",\"@id\":\"https:\/\/psol50.org.br\/senado-da-franca-aprova-reforma-da-previdencia\/\",\"url\":\"https:\/\/psol50.org.br\/senado-da-franca-aprova-reforma-da-previdencia\/\",\"name\":\"Senado da Fran\u00e7a aprova reforma da previd\u00eancia - PSOL 50\",\"isPartOf\":{\"@id\":\"https:\/\/psol50.org.br\/#website\"},\"datePublished\":\"2010-10-25T00:00:00+00:00\",\"breadcrumb\":{\"@id\":\"https:\/\/psol50.org.br\/senado-da-franca-aprova-reforma-da-previdencia\/#breadcrumb\"},\"inLanguage\":\"pt-BR\",\"potentialAction\":[{\"@type\":\"ReadAction\",\"target\":[\"https:\/\/psol50.org.br\/senado-da-franca-aprova-reforma-da-previdencia\/\"]}]},{\"@type\":\"BreadcrumbList\",\"@id\":\"https:\/\/psol50.org.br\/senado-da-franca-aprova-reforma-da-previdencia\/#breadcrumb\",\"itemListElement\":[{\"@type\":\"ListItem\",\"position\":1,\"name\":\"In\u00edcio\",\"item\":\"https:\/\/psol50.org.br\/\"},{\"@type\":\"ListItem\",\"position\":2,\"name\":\"Senado da Fran\u00e7a aprova reforma da previd\u00eancia\"}]},{\"@type\":\"WebSite\",\"@id\":\"https:\/\/psol50.org.br\/#website\",\"url\":\"https:\/\/psol50.org.br\/\",\"name\":\"PSOL 50\",\"description\":\"Site oficial do Partido Socialismo e Liberdade\",\"publisher\":{\"@id\":\"https:\/\/psol50.org.br\/#organization\"},\"alternateName\":\"PSOL50\",\"potentialAction\":[{\"@type\":\"SearchAction\",\"target\":{\"@type\":\"EntryPoint\",\"urlTemplate\":\"https:\/\/psol50.org.br\/?s={search_term_string}\"},\"query-input\":{\"@type\":\"PropertyValueSpecification\",\"valueRequired\":true,\"valueName\":\"search_term_string\"}}],\"inLanguage\":\"pt-BR\"},{\"@type\":\"Organization\",\"@id\":\"https:\/\/psol50.org.br\/#organization\",\"name\":\"PSOL 50\",\"alternateName\":\"PSOL 50\",\"url\":\"https:\/\/psol50.org.br\/\",\"logo\":{\"@type\":\"ImageObject\",\"inLanguage\":\"pt-BR\",\"@id\":\"https:\/\/psol50.org.br\/#\/schema\/logo\/image\/\",\"url\":\"https:\/\/psol50.org.br\/inc\/uploads\/2018\/07\/capa.png\",\"contentUrl\":\"https:\/\/psol50.org.br\/inc\/uploads\/2018\/07\/capa.png\",\"width\":1350,\"height\":900,\"caption\":\"PSOL 50\"},\"image\":{\"@id\":\"https:\/\/psol50.org.br\/#\/schema\/logo\/image\/\"},\"sameAs\":[\"https:\/\/www.facebook.com\/psol50\",\"https:\/\/x.com\/psol50\",\"https:\/\/www.instagram.com\/psol50\/\",\"https:\/\/www.youtube.com\/channel\/UC7SnJS5o1os7a6CaiNabzcg\"]},{\"@type\":\"Person\",\"@id\":\"https:\/\/psol50.org.br\/#\/schema\/person\/475dfa57d0b815993c714c2e96491fcd\",\"name\":\"Comunica\u00e7\u00e3o PSOL\",\"image\":{\"@type\":\"ImageObject\",\"inLanguage\":\"pt-BR\",\"@id\":\"https:\/\/psol50.org.br\/#\/schema\/person\/image\/\",\"url\":\"https:\/\/secure.gravatar.com\/avatar\/b34fc4f4e468a4e51785917065a3db57b841f5c95dba6ad8c73aaf8f66f8f9bf?s=96&d=mm&r=g\",\"contentUrl\":\"https:\/\/secure.gravatar.com\/avatar\/b34fc4f4e468a4e51785917065a3db57b841f5c95dba6ad8c73aaf8f66f8f9bf?s=96&d=mm&r=g\",\"caption\":\"Comunica\u00e7\u00e3o PSOL\"}}]}<\/script>\n<!-- \/ Yoast SEO plugin. -->","yoast_head_json":{"title":"Senado da Fran\u00e7a aprova reforma da previd\u00eancia - PSOL 50","robots":{"index":"index","follow":"follow","max-snippet":"max-snippet:-1","max-image-preview":"max-image-preview:large","max-video-preview":"max-video-preview:-1"},"canonical":"https:\/\/psol50.org.br\/senado-da-franca-aprova-reforma-da-previdencia\/","og_locale":"pt_BR","og_type":"article","og_title":"Senado da Fran\u00e7a aprova reforma da previd\u00eancia - PSOL 50","og_description":"Marina Terra O Senado da Fran\u00e7a aprovou nesta sexta-feira (22\/10) a reforma da previd\u00eancia. A proposta do governo de Nicolas Sarkozy, que aumenta a idade m\u00ednima para aposentadoria de 60 para 62 anos a partir de 2018, gerou uma s\u00e9rie de protestos e confrontos em todo o pa\u00eds nas \u00faltimas semanas, culminando na falta de [&hellip;]","og_url":"https:\/\/psol50.org.br\/senado-da-franca-aprova-reforma-da-previdencia\/","og_site_name":"PSOL 50","article_publisher":"https:\/\/www.facebook.com\/psol50","article_published_time":"2010-10-25T00:00:00+00:00","og_image":[{"width":1350,"height":900,"url":"https:\/\/psol50.org.br\/inc\/uploads\/2018\/07\/capa.png","type":"image\/png"}],"author":"Comunica\u00e7\u00e3o PSOL","twitter_card":"summary_large_image","twitter_creator":"@psol50","twitter_site":"@psol50","twitter_misc":{"Escrito por":"Comunica\u00e7\u00e3o PSOL","Est. tempo de leitura":"9 minutos"},"schema":{"@context":"https:\/\/schema.org","@graph":[{"@type":"Article","@id":"https:\/\/psol50.org.br\/senado-da-franca-aprova-reforma-da-previdencia\/#article","isPartOf":{"@id":"https:\/\/psol50.org.br\/senado-da-franca-aprova-reforma-da-previdencia\/"},"author":{"name":"Comunica\u00e7\u00e3o PSOL","@id":"https:\/\/psol50.org.br\/#\/schema\/person\/475dfa57d0b815993c714c2e96491fcd"},"headline":"Senado da Fran\u00e7a aprova reforma da previd\u00eancia","datePublished":"2010-10-25T00:00:00+00:00","mainEntityOfPage":{"@id":"https:\/\/psol50.org.br\/senado-da-franca-aprova-reforma-da-previdencia\/"},"wordCount":1891,"commentCount":0,"publisher":{"@id":"https:\/\/psol50.org.br\/#organization"},"articleSection":["Arquivo"],"inLanguage":"pt-BR","potentialAction":[{"@type":"CommentAction","name":"Comment","target":["https:\/\/psol50.org.br\/senado-da-franca-aprova-reforma-da-previdencia\/#respond"]}]},{"@type":"WebPage","@id":"https:\/\/psol50.org.br\/senado-da-franca-aprova-reforma-da-previdencia\/","url":"https:\/\/psol50.org.br\/senado-da-franca-aprova-reforma-da-previdencia\/","name":"Senado da Fran\u00e7a aprova reforma da previd\u00eancia - PSOL 50","isPartOf":{"@id":"https:\/\/psol50.org.br\/#website"},"datePublished":"2010-10-25T00:00:00+00:00","breadcrumb":{"@id":"https:\/\/psol50.org.br\/senado-da-franca-aprova-reforma-da-previdencia\/#breadcrumb"},"inLanguage":"pt-BR","potentialAction":[{"@type":"ReadAction","target":["https:\/\/psol50.org.br\/senado-da-franca-aprova-reforma-da-previdencia\/"]}]},{"@type":"BreadcrumbList","@id":"https:\/\/psol50.org.br\/senado-da-franca-aprova-reforma-da-previdencia\/#breadcrumb","itemListElement":[{"@type":"ListItem","position":1,"name":"In\u00edcio","item":"https:\/\/psol50.org.br\/"},{"@type":"ListItem","position":2,"name":"Senado da Fran\u00e7a aprova reforma da previd\u00eancia"}]},{"@type":"WebSite","@id":"https:\/\/psol50.org.br\/#website","url":"https:\/\/psol50.org.br\/","name":"PSOL 50","description":"Site oficial do Partido Socialismo e Liberdade","publisher":{"@id":"https:\/\/psol50.org.br\/#organization"},"alternateName":"PSOL50","potentialAction":[{"@type":"SearchAction","target":{"@type":"EntryPoint","urlTemplate":"https:\/\/psol50.org.br\/?s={search_term_string}"},"query-input":{"@type":"PropertyValueSpecification","valueRequired":true,"valueName":"search_term_string"}}],"inLanguage":"pt-BR"},{"@type":"Organization","@id":"https:\/\/psol50.org.br\/#organization","name":"PSOL 50","alternateName":"PSOL 50","url":"https:\/\/psol50.org.br\/","logo":{"@type":"ImageObject","inLanguage":"pt-BR","@id":"https:\/\/psol50.org.br\/#\/schema\/logo\/image\/","url":"https:\/\/psol50.org.br\/inc\/uploads\/2018\/07\/capa.png","contentUrl":"https:\/\/psol50.org.br\/inc\/uploads\/2018\/07\/capa.png","width":1350,"height":900,"caption":"PSOL 50"},"image":{"@id":"https:\/\/psol50.org.br\/#\/schema\/logo\/image\/"},"sameAs":["https:\/\/www.facebook.com\/psol50","https:\/\/x.com\/psol50","https:\/\/www.instagram.com\/psol50\/","https:\/\/www.youtube.com\/channel\/UC7SnJS5o1os7a6CaiNabzcg"]},{"@type":"Person","@id":"https:\/\/psol50.org.br\/#\/schema\/person\/475dfa57d0b815993c714c2e96491fcd","name":"Comunica\u00e7\u00e3o PSOL","image":{"@type":"ImageObject","inLanguage":"pt-BR","@id":"https:\/\/psol50.org.br\/#\/schema\/person\/image\/","url":"https:\/\/secure.gravatar.com\/avatar\/b34fc4f4e468a4e51785917065a3db57b841f5c95dba6ad8c73aaf8f66f8f9bf?s=96&d=mm&r=g","contentUrl":"https:\/\/secure.gravatar.com\/avatar\/b34fc4f4e468a4e51785917065a3db57b841f5c95dba6ad8c73aaf8f66f8f9bf?s=96&d=mm&r=g","caption":"Comunica\u00e7\u00e3o PSOL"}}]}},"_links":{"self":[{"href":"https:\/\/psol50.org.br\/rest\/wp\/v2\/posts\/387","targetHints":{"allow":["GET"]}}],"collection":[{"href":"https:\/\/psol50.org.br\/rest\/wp\/v2\/posts"}],"about":[{"href":"https:\/\/psol50.org.br\/rest\/wp\/v2\/types\/post"}],"author":[{"embeddable":true,"href":"https:\/\/psol50.org.br\/rest\/wp\/v2\/users\/2"}],"replies":[{"embeddable":true,"href":"https:\/\/psol50.org.br\/rest\/wp\/v2\/comments?post=387"}],"version-history":[{"count":0,"href":"https:\/\/psol50.org.br\/rest\/wp\/v2\/posts\/387\/revisions"}],"wp:attachment":[{"href":"https:\/\/psol50.org.br\/rest\/wp\/v2\/media?parent=387"}],"wp:term":[{"taxonomy":"category","embeddable":true,"href":"https:\/\/psol50.org.br\/rest\/wp\/v2\/categories?post=387"},{"taxonomy":"post_tag","embeddable":true,"href":"https:\/\/psol50.org.br\/rest\/wp\/v2\/tags?post=387"}],"curies":[{"name":"wp","href":"https:\/\/api.w.org\/{rel}","templated":true}]}}