{"id":388,"date":"2010-10-26T00:00:00","date_gmt":"2010-10-26T00:00:00","guid":{"rendered":"http:\/\/psol50.org.br\/arquivo\/2010\/10\/26\/haiti-volta-a-pauta-mundial-apos-surto-de-colera\/"},"modified":"2010-10-26T00:00:00","modified_gmt":"2010-10-26T00:00:00","slug":"haiti-volta-a-pauta-mundial-apos-surto-de-colera","status":"publish","type":"post","link":"https:\/\/psol50.org.br\/haiti-volta-a-pauta-mundial-apos-surto-de-colera\/","title":{"rendered":"Haiti volta \u00e0 pauta mundial ap\u00f3s surto de c\u00f3lera"},"content":{"rendered":"<figure id=\"attachment_5967\" aria-describedby=\"caption-attachment-5967\" style=\"width: 610px\" class=\"wp-caption aligncenter\"><a rel=\"attachment wp-att-5967\" href=\"http:\/\/psol50.org.br\/blog\/2010\/10\/26\/haiti-volta-a-pauta-mundial-apos-surto-de-colera\/haiti_01_ponto-de-distribuicao-de-agua-potavel-em-porto-principe_thony-belizaire_afp\/\"><img loading=\"lazy\" decoding=\"async\" class=\"size-full wp-image-5967\" src=\"http:\/\/psol50.org.br\/files\/2010\/10\/haiti_01_ponto-de-distribui\u00e7\u00e3o-de-\u00e1gua-pot\u00e1vel-em-Porto-Principe_Thony-Belizaire_AFP.jpg\" alt=\"\" width=\"610\" height=\"270\" \/><\/a><figcaption id=\"caption-attachment-5967\" class=\"wp-caption-text\">Ponto de distribui\u00e7\u00e3o de \u00e1gua pot\u00e1vel em Porto Principe. Foto de Thony Belizaire \/ AFP<\/figcaption><\/figure>\n<p>Depois do violento terremoto que destruiu o pa\u00eds em janeiro desse ano, o Haiti \u00e9 assolado agora por um surto de c\u00f3lera que j\u00e1 matou mais de 250 pessoas e infectou outras tr\u00eas mil. O diretor geral do Departamento da Sa\u00fade do Haiti, Gabriel Thimote, afirmou no \u00faltimo domingo, no entanto, que foi registrada uma diminui\u00e7\u00e3o no n\u00famero de mortes e de pessoas hospitalizadas nas \u00e1reas mais cr\u00edticas.<\/p>\n<p>Cerca de 1 milh\u00e3o de sobreviventes do terremoto est\u00e3o vivendo em barracas pr\u00f3ximas \u00e0 capital, sem saneamento b\u00e1sico e com acesso limitado a \u00e1gua pot\u00e1vel. Acredita-se que o surto de c\u00f3lera tenha sido provocado pelo consumo de \u00e1gua contaminada do rio Artibonite. As localidades mais atingidas s\u00e3o Douin, Marchand Dessalines e arredores de Saint-Marc, a cerca de 100km de Porto Pr\u00edncipe. Mas, v\u00e1rios casos foram registrados na cidade de Gonaives e em vilarejos pr\u00f3ximos \u00e0 capital, entre eles Archaei, Limbe e Mirebalais.<\/p>\n<p>Centros especiais para o tratamento de c\u00f3lera foram montados nas \u00e1reas com maior n\u00famero de casos e na capital. De acordo com o governo, o pa\u00eds possui antibi\u00f3ticos suficientes para tratar at\u00e9 100 mil pacientes.<\/p>\n<p><strong>Ocupa\u00e7\u00e3o militar brasileira<\/strong><\/p>\n<p>Desde 2004, o Brasil comanda e integra a Minustah (Miss\u00e3o das Na\u00e7\u00f5es Unidas para a estabiliza\u00e7\u00e3o no Haiti) num quadro claro de ocupa\u00e7\u00e3o militar, atitude imperialista e contr\u00e1rio \u00e0 auto-determina\u00e7\u00e3o do povo daquele pa\u00eds. Com a justificativa de promover a estabiliza\u00e7\u00e3o, a miss\u00e3o converteu-se em presen\u00e7a opressora e re\u00fane uma s\u00e9rie de den\u00fancias de viol\u00eancia contra civis haitianos.<\/p>\n<p>Diversos movimentos sociais brasileiros e o PSOL defendem a retirada imediata das tropas brasileiras no Haiti, pois acreditam que elas n\u00e3o garantem a pacifica\u00e7\u00e3o e cumprem o papel de impedir as manifesta\u00e7\u00f5es e revoltas populares. As mulheres s\u00e3o as principais v\u00edtimas, perseguidas e violentadas pelas tropas de ocupa\u00e7\u00e3o.<\/p>\n<p>Ao inv\u00e9s de policiamento, o Brasil poderia se empenhar em dar ao Haiti apoio t\u00e9cnico, para sua agricultura, m\u00e9dicos para sua popula\u00e7\u00e3o, al\u00e9m da implanta\u00e7\u00e3o de projetos sociais de sa\u00fade, saneamento, educa\u00e7\u00e3o e pleno emprego, que estimulem em curto prazo sua emancipa\u00e7\u00e3o.<\/p>\n<p>Nesse sentido, o Minist\u00e9rio das Rela\u00e7\u00f5es Exteriores brasileiro anunciou no dia 25 de outubro que ir\u00e1 enviar US$ 2 milh\u00f5es (cerca de R$ 3,4 milh\u00f5es) para aux\u00edlio \u00e0 popula\u00e7\u00e3o e ao governo do Haiti no combate ao surto de c\u00f3lera. O Minist\u00e9rio da Sa\u00fade dever\u00e1 enviar, ainda nesta semana, dois m\u00e9dicos epidemiologistas que ajudar\u00e3o as autoridades sanit\u00e1rias locais na montagem da estrat\u00e9gia de combate \u00e0 doen\u00e7a. O \u00f3rg\u00e3o tamb\u00e9m estuda tamb\u00e9m o envio de recursos autorizados por cr\u00e9dito extraordin\u00e1rio para a a\u00e7\u00e3o no Haiti.<\/p>\n<p><strong>Elei\u00e7\u00f5es<\/strong><\/p>\n<p>O candidato \u00e0 Presid\u00eancia do Haiti Leslie Voltaire pediu no dia 25 de outubro o adiamento das elei\u00e7\u00f5es gerais do pa\u00eds, caso a epidemia de c\u00f3lera continue.<br \/>\n&#8220;Acho que se a epidemia se prolongar, teremos de adiar as elei\u00e7\u00f5es em meu pa\u00eds porque \u00e9 melhor salvar vidas que fazer elei\u00e7\u00f5es&#8221;, argumentou o pol\u00edtico, momentos ap\u00f3s uma reuni\u00e3o em Santo Domingo.<\/p>\n<p>Voltaire qualificou de &#8220;grave&#8221; a situa\u00e7\u00e3o apresentada nos \u00faltimos dias no Haiti, mas se mostrou &#8220;confiante&#8221; em que as autoridades sanit\u00e1rias de seu pa\u00eds, junto \u00e0s da OMS (Organiza\u00e7\u00e3o Mundial da Sa\u00fade), possam conter a propaga\u00e7\u00e3o do mal.<br \/>\n&#8220;As elei\u00e7\u00f5es devem ser realizadas, mas, para n\u00f3s, o mais importante \u00e9 que o povo continue vivendo. Faremos as elei\u00e7\u00f5es quando as condi\u00e7\u00f5es o permitirem&#8221;, afirmou o candidato \u00e0 sucess\u00e3o do presidente haitiano, Ren\u00e9 Pr\u00e9val.<\/p>\n<p><strong><em><strong>Com informa\u00e7\u00f5es da BBC Brasil e Folha de S. Paulo<\/strong><\/em><\/strong><\/p>\n<p><strong><em><strong><br \/>\n<\/strong><\/em><\/strong><\/p>\n<p><span style=\"color: #ff9900\"><strong>Veja abaixo texto escrito pela Secretaria de Rela\u00e7\u00f5es Internacionais do PSOL ap\u00f3s o terremoto de 12 de janeiro de 2010:<\/strong><\/span><\/p>\n<p><strong>Haiti nos chama: solidariedade incondicional e respeito \u00e0 soberania do pa\u00eds<\/strong><\/p>\n<p><em>Por Secretaria de Rela\u00e7\u00f5es Internacionais do PSOL<\/em><\/p>\n<p>No Haiti a terra sacudiu-se contra um povo digno. Chamamos todos os governos e organiza\u00e7\u00f5es a reagir com a mesma for\u00e7a do terr\u00edvel terremoto. \u00c9 isso o que merece o povo haitiano. \u00c9 preciso tecer uma aut\u00eantica solidariedade internacional em defesa deste povo, que marcou a hist\u00f3ria do nosso continente com a coragem da luta por justi\u00e7a social. Um povo que, se hoje \u00e9 o mais pobre da Am\u00e9rica Latina, \u00e9 porque foi subjugado, levado \u00e0 mis\u00e9ria pela espolia\u00e7\u00e3o sistem\u00e1tica de pot\u00eancias imperialistas. Como nunca, a solidariedade mundial com os haitianos \u00e9 necess\u00e1ria: urge criar condi\u00e7\u00f5es para uma repara\u00e7\u00e3o hist\u00f3rica das viol\u00eancias cometidas contra o pa\u00eds.<\/p>\n<p><strong>Imperialismo e cat\u00e1strofe permanente<\/strong><\/p>\n<p>O Haiti viveu processos extremos ao longo de sua hist\u00f3ria. Foi o pa\u00eds mais rico da Am\u00e9rica Latina colonial, entre os primeiros exportadores de a\u00e7\u00facar do mundo no s\u00e9culo XVIII. Mas a riqueza da terra se converteu em pobreza dos homens. Os escravos africanos trabalhavam como animais para ado\u00e7ar os caf\u00e9s e ch\u00e1s europeus. Em 1792, o Haiti foi palco da primeira revolu\u00e7\u00e3o social escrava do planeta. Foi o Haiti o principal respons\u00e1vel por for\u00e7ar a Fran\u00e7a a abolir a escravid\u00e3o em seu imp\u00e9rio. Os haitianos revolucion\u00e1rios de 1792 colocaram at\u00e9 jacobinos franceses contra a parede, e foram, por isso, nomeados de \u201cjacobinos negros\u201d. Constituiu-se uma corajosa e in\u00e9dita \u201cRep\u00fablica Negra\u201d. Em 1802, Napole\u00e3o decretou a volta do sistema escravista em suas col\u00f4nias do sul. O Haiti se revoltou novamente, e em 1804 seu povo con quistou a independ\u00eancia pol\u00edtica nacional. Foi o primeiro pa\u00eds latino americano que se emancipou (formal e parcialmente) do jugo europeu. Dessa vez, constituiu um Imp\u00e9rio.<\/p>\n<p>As elites latino-americanas atravessaram o s\u00e9culo XIX sob o fantasma da revolu\u00e7\u00e3o escrava no Haiti. J\u00e1 o Haiti atravessou o s\u00e9culo XIX sendo assediado pelos norte americanos, que empossaram e golpearam governantes como se o pa\u00eds fosse um brinquedo. Depois da invas\u00e3o de marines em 1888, o mais longo per\u00edodo de interven\u00e7\u00e3o ianque durou quase 30 anos (1915-1934). De 1957 a 1986, o pa\u00eds foi subordinado \u00e0 ditadura dos Duvalier (Papa Doc e seu filho, Baby Doc). Comandantes de tropas paramilitares aterrorizantes chamadas tonton macoutes, os Duvalier aprofundaram o quadro de mis\u00e9ria e viol\u00eancia, e submeteram o pa\u00eds a uma ditadura marcada por assassinatos e desaparecimentos de mais de 30 mil pessoas. Al\u00e9m disso, foram autores do crescimento astron\u00f4mico da d\u00edvida p\u00fablica do Estado haitiano, amarrando qua lquer possibilidade de soberania.<\/p>\n<p>Ap\u00f3s sucessivas juntas militares provis\u00f3rias de governo, Jean-Bertrand Aristide se tornou presidente em 1990. Por\u00e9m foi golpeado por militares no ano seguinte. Ap\u00f3s mais uma sucess\u00e3o de golpes e contragolpes, Aristide voltou ao poder em 2001. Por\u00e9m, uma onda de protestos aproveitada pelo imperialismo de Estados Unidos e Fran\u00e7a, o golpeou novamente em 2004. Desde ent\u00e3o, h\u00e1 uma ocupa\u00e7\u00e3o militar de tropas estrangeiras no pa\u00eds, sob o r\u00f3tulo enganador de \u201cestabiliza\u00e7\u00e3o pol\u00edtica\u201d.<\/p>\n<p><strong>O saldo negativo de 5 anos da \u201ca\u00e7\u00e3o humanit\u00e1ria\u201dno Haiti: s\u00f3 as multinacionais agradecem<\/strong><\/p>\n<p>Hoje, o Haiti possui 9 milh\u00f5es de habitantes, 95% negros. 47% da popula\u00e7\u00e3o maior de 15 anos \u00e9 analfabeta. Com o PIB per capita mais baixo da Am\u00e9rica Latina, o Haiti s\u00f3 supera alguns pa\u00edses da \u00c1frica e o Nepal. Dos 7 bilh\u00f5es de d\u00f3lares do PIB, 40% corresponde ao envio de remessas por haitianos que vivem no exterior, sobretudo Miami e Nova York.<\/p>\n<p>A distribui\u00e7\u00e3o de renda \u00e9 tamb\u00e9m das mais desequilibradas do mundo: os 10% mais pobres obt\u00e9m 0,7% da renda nacional, enquanto os 10% mais ricos obt\u00e9m 47,7% da renda. Com isso, 80% da popula\u00e7\u00e3o sobrevivem abaixo da linha de pobreza, ou seja, com menos de 1 d\u00f3lar di\u00e1rio. 75% das casas n\u00e3o possuem saneamento b\u00e1sico, mais de 60% da popula\u00e7\u00e3o n\u00e3o tem acesso \u00e0 \u00e1gua pot\u00e1vel e n\u00e3o h\u00e1 servi\u00e7o de coleta de lixo. O desemprego atinge 80% da popula\u00e7\u00e3o, e o sal\u00e1rio m\u00e9dio n\u00e3o chega a 50 d\u00f3lares mensais. A taxa de mortalidade infantil \u00e9 a mais alta da Am\u00e9rica Latina e somente 24% dos partos recebem atendimento m\u00e9dico. A expectativa de vida \u00e9 de 49 anos.<\/p>\n<p>Desde 2004, o Brasil possui um contingente militar no pa\u00eds, e lidera uma opera\u00e7\u00e3o da ONU. Depois de 5 anos de suposta \u201cajuda humanit\u00e1ria\u201d da Miss\u00e3o das Na\u00e7\u00f5es Unidas para Estabiliza\u00e7\u00e3o Pol\u00edtica do Haiti (Minustah), a situa\u00e7\u00e3o do pa\u00eds permanece desumanamente inalterada. As tropas azuis da ONU reprimiram duramente protestos populares, violentaram as rebeli\u00f5es civis, e n\u00e3o produziram a\u00e7\u00f5es sociais e pol\u00edticas capazes de redistribuir a renda e criar condi\u00e7\u00f5es de educa\u00e7\u00e3o e sa\u00fade no pa\u00eds. A prometida \u201cestabilidade pol\u00edtica\u201d, ao que parece, teve uma \u00fanica e exclusiva fun\u00e7\u00e3o: garantir a presen\u00e7a das multinacionais no pa\u00eds e criar novos fluxos de capital. Al\u00e9m de servir como cruel laborat\u00f3rio do ex\u00e9rcito brasileiro: um campo vivo de treinamento militar permanente disfar\u00e7ado de \u201ca \u00e7\u00e3o pacificadora\u201d.<br \/>\n<strong><br \/>\nO terremoto do dia 12: converter investimento militar em investimento social e humanit\u00e1rio<\/strong><\/p>\n<p>Nesse momento, com a trag\u00e9dia sem precedentes do terremoto do dia 12, urge transformar todo contingente militar da ONU em efetiva ajuda humanit\u00e1ria ao pa\u00eds. N\u00e3o s\u00e3o necess\u00e1rias armas! Violentar o povo que saqueia supermercados n\u00e3o \u00e9 a melhor maneira de ajudar. Tamb\u00e9m n\u00e3o ajuda em nada \u201cproteger os estabelecimentos comerciais\u201d contra uma popula\u00e7\u00e3o desprotegida, faminta e pobre. \u00c9 urgente enviar alimentos, \u00e1gua pot\u00e1vel, roupas, rem\u00e9dios, e outros produtos de necessidade b\u00e1sica inclusive por p\u00e1ra-quedas. A dificuldade de se chegar ao local \u00e9 um dos principais obst\u00e1culos. A situa\u00e7\u00e3o de caos e desamparo \u00e9 extrema. O povo de Porto Pr\u00edncipe dorme nas ruas, com medo de novos tremores. A estimativa do presidente Ren\u00e9 Pr\u00e9val \u00e9 de cerca de 50 mil mortos. Muitas pessoas ainda est\u00e3o sob escombros e h\u00e1 u ma quantidade indefinida de feridos.<\/p>\n<p>\u00c9 preciso que todo o investimento b\u00e9lico brasileiro no Haiti seja imediatamente convertido em investimento social e humanit\u00e1rio. Essa \u00e9 hoje a principal exig\u00eancia que todos devemos fazer ao governo brasileiro. A ajuda internacional arrecadada at\u00e9 hoje corresponde a m\u00edseros 3% do PIB do Haiti. Os 500 milh\u00f5es de d\u00f3lares doados ao povo haitiano pelo mundo, incluindo doa\u00e7\u00f5es civis, nem se comparam aos mais de 10 trilh\u00f5es de d\u00f3lares que escoaram das reservas do Governo dos EUA para salvar Wall Street da crise econ\u00f4mica. Exigimos que essa ajuda seja multiplicada. Que todos os pa\u00edses e organiza\u00e7\u00f5es financeiras internacionais credores do Haiti anulem imediatamente as d\u00edvidas do pa\u00eds.<\/p>\n<p>As organiza\u00e7\u00f5es populares brasileiras, movimentos sociais, sindicatos, ONG\u2019s tamb\u00e9m tem o dever de articular campanhas de emerg\u00eancia em solidariedade ao povo haitiano. O PSOL se compromete a ser solid\u00e1rio e ativo com todas as medidas que se tomem nesse sentido.<\/p>\n<p><span style=\"color: #ff9900\"><br \/>\n<\/span><\/p>\n<p><span style=\"color: #ff9900\"><strong>Saiba mais sobre a hist\u00f3ria e a situa\u00e7\u00e3o social do Haiti, o primeiro pa\u00eds da Am\u00e9rica Latina a se tornar independente e que parece nunca ter sido perdoado pela revolu\u00e7\u00e3o vitoriosa de seu povo contra o imp\u00e9rio dominador:<\/strong><\/span><\/p>\n<p><strong><a href=\"http:\/\/www.chilehaiti.cl\/docs\/galeano2004.pdf\">CLIQUE AQUI<\/a> <\/strong> para ler o artigo de Eduardo Galeano sobre o Haiti \u201cLa Maldici\u00f5n Blanca\u201d,\u00a0 publicado no Jornal Buenos Aires, em 4 de abril de 2004.<\/p>\n<p>Para saber mais sobre a hist\u00f3ria do Haiti <a href=\"http:\/\/pt.wikipedia.org\/wiki\/Hist%C3%B3ria_do_Haiti\"><strong> <\/strong><\/a><strong><a>CLIQUE AQUI<\/a> <\/strong><\/p>\n<p><em><strong><br \/>\n<\/strong><\/em><\/p>\n","protected":false},"excerpt":{"rendered":"<p>Depois do violento terremoto que destruiu o pa\u00eds em janeiro desse ano, o Haiti \u00e9 assolado agora por um surto de c\u00f3lera que j\u00e1 matou mais de 250 pessoas e infectou outras tr\u00eas mil. O diretor geral do Departamento da Sa\u00fade do Haiti, Gabriel Thimote, afirmou no \u00faltimo domingo, no entanto, que foi registrada uma [&hellip;]<\/p>\n","protected":false},"author":2,"featured_media":0,"comment_status":"open","ping_status":"open","sticky":false,"template":"","format":"standard","meta":{"_acf_changed":false,"footnotes":""},"categories":[4766],"tags":[],"class_list":{"0":"post-388","1":"post","2":"type-post","3":"status-publish","4":"format-standard","6":"category-arquivo"},"acf":[],"yoast_head":"<!-- This site is optimized with the Yoast SEO plugin v26.5 - https:\/\/yoast.com\/wordpress\/plugins\/seo\/ -->\n<title>Haiti volta \u00e0 pauta mundial ap\u00f3s surto de c\u00f3lera - PSOL 50<\/title>\n<meta name=\"robots\" content=\"index, follow, max-snippet:-1, max-image-preview:large, max-video-preview:-1\" \/>\n<link rel=\"canonical\" href=\"https:\/\/psol50.org.br\/haiti-volta-a-pauta-mundial-apos-surto-de-colera\/\" \/>\n<meta property=\"og:locale\" content=\"pt_BR\" \/>\n<meta property=\"og:type\" content=\"article\" \/>\n<meta property=\"og:title\" content=\"Haiti volta \u00e0 pauta mundial ap\u00f3s surto de c\u00f3lera - PSOL 50\" \/>\n<meta property=\"og:description\" content=\"Depois do violento terremoto que destruiu o pa\u00eds em janeiro desse ano, o Haiti \u00e9 assolado agora por um surto de c\u00f3lera que j\u00e1 matou mais de 250 pessoas e infectou outras tr\u00eas mil. O diretor geral do Departamento da Sa\u00fade do Haiti, Gabriel Thimote, afirmou no \u00faltimo domingo, no entanto, que foi registrada uma [&hellip;]\" \/>\n<meta property=\"og:url\" content=\"https:\/\/psol50.org.br\/haiti-volta-a-pauta-mundial-apos-surto-de-colera\/\" \/>\n<meta property=\"og:site_name\" content=\"PSOL 50\" \/>\n<meta property=\"article:publisher\" content=\"https:\/\/www.facebook.com\/psol50\" \/>\n<meta property=\"article:published_time\" content=\"2010-10-26T00:00:00+00:00\" \/>\n<meta property=\"og:image\" content=\"http:\/\/psol50.org.br\/files\/2010\/10\/haiti_01_ponto-de-distribui\u00e7\u00e3o-de-\u00e1gua-pot\u00e1vel-em-Porto-Principe_Thony-Belizaire_AFP.jpg\" \/>\n<meta name=\"author\" content=\"Comunica\u00e7\u00e3o PSOL\" \/>\n<meta name=\"twitter:card\" content=\"summary_large_image\" \/>\n<meta name=\"twitter:creator\" content=\"@psol50\" \/>\n<meta name=\"twitter:site\" content=\"@psol50\" \/>\n<meta name=\"twitter:label1\" content=\"Escrito por\" \/>\n\t<meta name=\"twitter:data1\" content=\"Comunica\u00e7\u00e3o PSOL\" \/>\n\t<meta name=\"twitter:label2\" content=\"Est. tempo de leitura\" \/>\n\t<meta name=\"twitter:data2\" content=\"10 minutos\" \/>\n<script type=\"application\/ld+json\" class=\"yoast-schema-graph\">{\"@context\":\"https:\/\/schema.org\",\"@graph\":[{\"@type\":\"Article\",\"@id\":\"https:\/\/psol50.org.br\/haiti-volta-a-pauta-mundial-apos-surto-de-colera\/#article\",\"isPartOf\":{\"@id\":\"https:\/\/psol50.org.br\/haiti-volta-a-pauta-mundial-apos-surto-de-colera\/\"},\"author\":{\"name\":\"Comunica\u00e7\u00e3o PSOL\",\"@id\":\"https:\/\/psol50.org.br\/#\/schema\/person\/475dfa57d0b815993c714c2e96491fcd\"},\"headline\":\"Haiti volta \u00e0 pauta mundial ap\u00f3s surto de c\u00f3lera\",\"datePublished\":\"2010-10-26T00:00:00+00:00\",\"mainEntityOfPage\":{\"@id\":\"https:\/\/psol50.org.br\/haiti-volta-a-pauta-mundial-apos-surto-de-colera\/\"},\"wordCount\":1987,\"commentCount\":0,\"publisher\":{\"@id\":\"https:\/\/psol50.org.br\/#organization\"},\"articleSection\":[\"Arquivo\"],\"inLanguage\":\"pt-BR\",\"potentialAction\":[{\"@type\":\"CommentAction\",\"name\":\"Comment\",\"target\":[\"https:\/\/psol50.org.br\/haiti-volta-a-pauta-mundial-apos-surto-de-colera\/#respond\"]}]},{\"@type\":\"WebPage\",\"@id\":\"https:\/\/psol50.org.br\/haiti-volta-a-pauta-mundial-apos-surto-de-colera\/\",\"url\":\"https:\/\/psol50.org.br\/haiti-volta-a-pauta-mundial-apos-surto-de-colera\/\",\"name\":\"Haiti volta \u00e0 pauta mundial ap\u00f3s surto de c\u00f3lera - PSOL 50\",\"isPartOf\":{\"@id\":\"https:\/\/psol50.org.br\/#website\"},\"datePublished\":\"2010-10-26T00:00:00+00:00\",\"breadcrumb\":{\"@id\":\"https:\/\/psol50.org.br\/haiti-volta-a-pauta-mundial-apos-surto-de-colera\/#breadcrumb\"},\"inLanguage\":\"pt-BR\",\"potentialAction\":[{\"@type\":\"ReadAction\",\"target\":[\"https:\/\/psol50.org.br\/haiti-volta-a-pauta-mundial-apos-surto-de-colera\/\"]}]},{\"@type\":\"BreadcrumbList\",\"@id\":\"https:\/\/psol50.org.br\/haiti-volta-a-pauta-mundial-apos-surto-de-colera\/#breadcrumb\",\"itemListElement\":[{\"@type\":\"ListItem\",\"position\":1,\"name\":\"In\u00edcio\",\"item\":\"https:\/\/psol50.org.br\/\"},{\"@type\":\"ListItem\",\"position\":2,\"name\":\"Haiti volta \u00e0 pauta mundial ap\u00f3s surto de c\u00f3lera\"}]},{\"@type\":\"WebSite\",\"@id\":\"https:\/\/psol50.org.br\/#website\",\"url\":\"https:\/\/psol50.org.br\/\",\"name\":\"PSOL 50\",\"description\":\"Site oficial do Partido Socialismo e Liberdade\",\"publisher\":{\"@id\":\"https:\/\/psol50.org.br\/#organization\"},\"alternateName\":\"PSOL50\",\"potentialAction\":[{\"@type\":\"SearchAction\",\"target\":{\"@type\":\"EntryPoint\",\"urlTemplate\":\"https:\/\/psol50.org.br\/?s={search_term_string}\"},\"query-input\":{\"@type\":\"PropertyValueSpecification\",\"valueRequired\":true,\"valueName\":\"search_term_string\"}}],\"inLanguage\":\"pt-BR\"},{\"@type\":\"Organization\",\"@id\":\"https:\/\/psol50.org.br\/#organization\",\"name\":\"PSOL 50\",\"alternateName\":\"PSOL 50\",\"url\":\"https:\/\/psol50.org.br\/\",\"logo\":{\"@type\":\"ImageObject\",\"inLanguage\":\"pt-BR\",\"@id\":\"https:\/\/psol50.org.br\/#\/schema\/logo\/image\/\",\"url\":\"https:\/\/psol50.org.br\/inc\/uploads\/2018\/07\/capa.png\",\"contentUrl\":\"https:\/\/psol50.org.br\/inc\/uploads\/2018\/07\/capa.png\",\"width\":1350,\"height\":900,\"caption\":\"PSOL 50\"},\"image\":{\"@id\":\"https:\/\/psol50.org.br\/#\/schema\/logo\/image\/\"},\"sameAs\":[\"https:\/\/www.facebook.com\/psol50\",\"https:\/\/x.com\/psol50\",\"https:\/\/www.instagram.com\/psol50\/\",\"https:\/\/www.youtube.com\/channel\/UC7SnJS5o1os7a6CaiNabzcg\"]},{\"@type\":\"Person\",\"@id\":\"https:\/\/psol50.org.br\/#\/schema\/person\/475dfa57d0b815993c714c2e96491fcd\",\"name\":\"Comunica\u00e7\u00e3o PSOL\",\"image\":{\"@type\":\"ImageObject\",\"inLanguage\":\"pt-BR\",\"@id\":\"https:\/\/psol50.org.br\/#\/schema\/person\/image\/\",\"url\":\"https:\/\/secure.gravatar.com\/avatar\/b34fc4f4e468a4e51785917065a3db57b841f5c95dba6ad8c73aaf8f66f8f9bf?s=96&d=mm&r=g\",\"contentUrl\":\"https:\/\/secure.gravatar.com\/avatar\/b34fc4f4e468a4e51785917065a3db57b841f5c95dba6ad8c73aaf8f66f8f9bf?s=96&d=mm&r=g\",\"caption\":\"Comunica\u00e7\u00e3o PSOL\"}}]}<\/script>\n<!-- \/ Yoast SEO plugin. -->","yoast_head_json":{"title":"Haiti volta \u00e0 pauta mundial ap\u00f3s surto de c\u00f3lera - PSOL 50","robots":{"index":"index","follow":"follow","max-snippet":"max-snippet:-1","max-image-preview":"max-image-preview:large","max-video-preview":"max-video-preview:-1"},"canonical":"https:\/\/psol50.org.br\/haiti-volta-a-pauta-mundial-apos-surto-de-colera\/","og_locale":"pt_BR","og_type":"article","og_title":"Haiti volta \u00e0 pauta mundial ap\u00f3s surto de c\u00f3lera - PSOL 50","og_description":"Depois do violento terremoto que destruiu o pa\u00eds em janeiro desse ano, o Haiti \u00e9 assolado agora por um surto de c\u00f3lera que j\u00e1 matou mais de 250 pessoas e infectou outras tr\u00eas mil. O diretor geral do Departamento da Sa\u00fade do Haiti, Gabriel Thimote, afirmou no \u00faltimo domingo, no entanto, que foi registrada uma [&hellip;]","og_url":"https:\/\/psol50.org.br\/haiti-volta-a-pauta-mundial-apos-surto-de-colera\/","og_site_name":"PSOL 50","article_publisher":"https:\/\/www.facebook.com\/psol50","article_published_time":"2010-10-26T00:00:00+00:00","og_image":[{"url":"http:\/\/psol50.org.br\/files\/2010\/10\/haiti_01_ponto-de-distribui\u00e7\u00e3o-de-\u00e1gua-pot\u00e1vel-em-Porto-Principe_Thony-Belizaire_AFP.jpg","type":"","width":"","height":""}],"author":"Comunica\u00e7\u00e3o PSOL","twitter_card":"summary_large_image","twitter_creator":"@psol50","twitter_site":"@psol50","twitter_misc":{"Escrito por":"Comunica\u00e7\u00e3o PSOL","Est. tempo de leitura":"10 minutos"},"schema":{"@context":"https:\/\/schema.org","@graph":[{"@type":"Article","@id":"https:\/\/psol50.org.br\/haiti-volta-a-pauta-mundial-apos-surto-de-colera\/#article","isPartOf":{"@id":"https:\/\/psol50.org.br\/haiti-volta-a-pauta-mundial-apos-surto-de-colera\/"},"author":{"name":"Comunica\u00e7\u00e3o PSOL","@id":"https:\/\/psol50.org.br\/#\/schema\/person\/475dfa57d0b815993c714c2e96491fcd"},"headline":"Haiti volta \u00e0 pauta mundial ap\u00f3s surto de c\u00f3lera","datePublished":"2010-10-26T00:00:00+00:00","mainEntityOfPage":{"@id":"https:\/\/psol50.org.br\/haiti-volta-a-pauta-mundial-apos-surto-de-colera\/"},"wordCount":1987,"commentCount":0,"publisher":{"@id":"https:\/\/psol50.org.br\/#organization"},"articleSection":["Arquivo"],"inLanguage":"pt-BR","potentialAction":[{"@type":"CommentAction","name":"Comment","target":["https:\/\/psol50.org.br\/haiti-volta-a-pauta-mundial-apos-surto-de-colera\/#respond"]}]},{"@type":"WebPage","@id":"https:\/\/psol50.org.br\/haiti-volta-a-pauta-mundial-apos-surto-de-colera\/","url":"https:\/\/psol50.org.br\/haiti-volta-a-pauta-mundial-apos-surto-de-colera\/","name":"Haiti volta \u00e0 pauta mundial ap\u00f3s surto de c\u00f3lera - PSOL 50","isPartOf":{"@id":"https:\/\/psol50.org.br\/#website"},"datePublished":"2010-10-26T00:00:00+00:00","breadcrumb":{"@id":"https:\/\/psol50.org.br\/haiti-volta-a-pauta-mundial-apos-surto-de-colera\/#breadcrumb"},"inLanguage":"pt-BR","potentialAction":[{"@type":"ReadAction","target":["https:\/\/psol50.org.br\/haiti-volta-a-pauta-mundial-apos-surto-de-colera\/"]}]},{"@type":"BreadcrumbList","@id":"https:\/\/psol50.org.br\/haiti-volta-a-pauta-mundial-apos-surto-de-colera\/#breadcrumb","itemListElement":[{"@type":"ListItem","position":1,"name":"In\u00edcio","item":"https:\/\/psol50.org.br\/"},{"@type":"ListItem","position":2,"name":"Haiti volta \u00e0 pauta mundial ap\u00f3s surto de c\u00f3lera"}]},{"@type":"WebSite","@id":"https:\/\/psol50.org.br\/#website","url":"https:\/\/psol50.org.br\/","name":"PSOL 50","description":"Site oficial do Partido Socialismo e Liberdade","publisher":{"@id":"https:\/\/psol50.org.br\/#organization"},"alternateName":"PSOL50","potentialAction":[{"@type":"SearchAction","target":{"@type":"EntryPoint","urlTemplate":"https:\/\/psol50.org.br\/?s={search_term_string}"},"query-input":{"@type":"PropertyValueSpecification","valueRequired":true,"valueName":"search_term_string"}}],"inLanguage":"pt-BR"},{"@type":"Organization","@id":"https:\/\/psol50.org.br\/#organization","name":"PSOL 50","alternateName":"PSOL 50","url":"https:\/\/psol50.org.br\/","logo":{"@type":"ImageObject","inLanguage":"pt-BR","@id":"https:\/\/psol50.org.br\/#\/schema\/logo\/image\/","url":"https:\/\/psol50.org.br\/inc\/uploads\/2018\/07\/capa.png","contentUrl":"https:\/\/psol50.org.br\/inc\/uploads\/2018\/07\/capa.png","width":1350,"height":900,"caption":"PSOL 50"},"image":{"@id":"https:\/\/psol50.org.br\/#\/schema\/logo\/image\/"},"sameAs":["https:\/\/www.facebook.com\/psol50","https:\/\/x.com\/psol50","https:\/\/www.instagram.com\/psol50\/","https:\/\/www.youtube.com\/channel\/UC7SnJS5o1os7a6CaiNabzcg"]},{"@type":"Person","@id":"https:\/\/psol50.org.br\/#\/schema\/person\/475dfa57d0b815993c714c2e96491fcd","name":"Comunica\u00e7\u00e3o PSOL","image":{"@type":"ImageObject","inLanguage":"pt-BR","@id":"https:\/\/psol50.org.br\/#\/schema\/person\/image\/","url":"https:\/\/secure.gravatar.com\/avatar\/b34fc4f4e468a4e51785917065a3db57b841f5c95dba6ad8c73aaf8f66f8f9bf?s=96&d=mm&r=g","contentUrl":"https:\/\/secure.gravatar.com\/avatar\/b34fc4f4e468a4e51785917065a3db57b841f5c95dba6ad8c73aaf8f66f8f9bf?s=96&d=mm&r=g","caption":"Comunica\u00e7\u00e3o PSOL"}}]}},"_links":{"self":[{"href":"https:\/\/psol50.org.br\/rest\/wp\/v2\/posts\/388","targetHints":{"allow":["GET"]}}],"collection":[{"href":"https:\/\/psol50.org.br\/rest\/wp\/v2\/posts"}],"about":[{"href":"https:\/\/psol50.org.br\/rest\/wp\/v2\/types\/post"}],"author":[{"embeddable":true,"href":"https:\/\/psol50.org.br\/rest\/wp\/v2\/users\/2"}],"replies":[{"embeddable":true,"href":"https:\/\/psol50.org.br\/rest\/wp\/v2\/comments?post=388"}],"version-history":[{"count":0,"href":"https:\/\/psol50.org.br\/rest\/wp\/v2\/posts\/388\/revisions"}],"wp:attachment":[{"href":"https:\/\/psol50.org.br\/rest\/wp\/v2\/media?parent=388"}],"wp:term":[{"taxonomy":"category","embeddable":true,"href":"https:\/\/psol50.org.br\/rest\/wp\/v2\/categories?post=388"},{"taxonomy":"post_tag","embeddable":true,"href":"https:\/\/psol50.org.br\/rest\/wp\/v2\/tags?post=388"}],"curies":[{"name":"wp","href":"https:\/\/api.w.org\/{rel}","templated":true}]}}