{"id":390,"date":"2010-11-16T00:00:00","date_gmt":"2010-11-16T00:00:00","guid":{"rendered":"http:\/\/psol50.org.br\/arquivo\/2010\/11\/16\/cresce-repressao-marroquina-contra-o-povo-saaraui\/"},"modified":"2010-11-16T00:00:00","modified_gmt":"2010-11-16T00:00:00","slug":"cresce-repressao-marroquina-contra-o-povo-saaraui","status":"publish","type":"post","link":"https:\/\/psol50.org.br\/cresce-repressao-marroquina-contra-o-povo-saaraui\/","title":{"rendered":"Cresce repress\u00e3o marroquina contra o povo saarau\u00ed"},"content":{"rendered":"<p><a rel=\"attachment wp-att-6075\" href=\"http:\/\/psol50.org.br\/blog\/2010\/11\/16\/cresce-repressao-marroquina-contra-o-povo-saaraui\/sara\/\"><img loading=\"lazy\" decoding=\"async\" class=\"alignleft size-medium wp-image-6075\" style=\"margin-left: 5px;margin-right: 5px\" src=\"http:\/\/psol50.org.br\/files\/2010\/11\/sara-199x300.jpg\" alt=\"\" width=\"199\" height=\"300\" \/><\/a>Desde 8 de novembro, a pol\u00edcia marroquina tem impetrado forte repress\u00e3o ao Acampamento Gdeim Izik, a 18 quil\u00f4metros da capital ocupada do Sahara Ocidental (Norte da \u00c1frica), El Aaiun. A a\u00e7\u00e3o resultou, at\u00e9 o momento, em pelo menos 11 mortos, 723 feridos e 950 desaparecidos, entre os 20 mil saarau\u00ed que integravam o acampamento.<\/p>\n<p>O ataque come\u00e7ou no domingo (7), quando as for\u00e7as de seguran\u00e7a marroquinas fecharam o \u00fanico acesso ao acampamento, formado por mais de 7 mil tendas. Cerca de 50 mil policiais cercaram o local e o invadiram na manh\u00e3 da segunda-feira. As tendas foram queimadas e o povo saarau\u00ed agredido. Entre os mortos, est\u00e3o duas crian\u00e7as, uma de 7 anos e outra de 14.<\/p>\n<p>Os saarau\u00ed est\u00e3o acampados h\u00e1 um m\u00eas em El Aaiun em protesto pac\u00edfico \u00e0 ocupa\u00e7\u00e3o marroquina, que j\u00e1 dura 35 anos. Eles condenam a ocupa\u00e7\u00e3o e denunciam as dif\u00edceis condi\u00e7\u00f5es de vida a que est\u00e3o sujeitos nos campos de refugiados e a delapida\u00e7\u00e3o dos recursos naturais do pa\u00eds. Este \u00e9 o maior protesto realizado pelo povo saarau\u00ed desde a ocupa\u00e7\u00e3o marroquina.<\/p>\n<p>De acordo com o Minist\u00e9rio de Territ\u00f3rios Ocupados da Rep\u00fablica \u00c1rabe Saarau\u00ed Democr\u00e1tica (RASD), a pol\u00edcia ainda incitou, na ter\u00e7a-feira (9), colonos marroquinos em El Aaiun a \u201cderrubar, saquear e destruir&#8221; casas e tendas saarau\u00eds e golpear seus habitantes. Al\u00e9m disso, o Minist\u00e9rio informou que o ex\u00e9rcito marroquino tomou as ruas da capital e fez com que esses colonos tamb\u00e9m invadissem os bairros reconhecidamente de maioria saarau\u00ed.<\/p>\n<p>Em El Aaiun, jovens saarau\u00ed, impedidos pelas for\u00e7as marroquinas de se dirigirem ao acampamento, ergueram barricadas, atiraram pedras contra os colonos e queimaram pneus e autom\u00f3veis.<\/p>\n<p>Ainda, conforme a Confedera\u00e7\u00e3o Sindical dos Trabalhadores Saarau\u00eds (CSTS), a pol\u00edcia\u00a0 atacou o secret\u00e1rio-geral da organiza\u00e7\u00e3o, Eddie Sidi Ahmed Moussa, e sua filha. Ambos foram atacados por agentes marroquinos e colonos, que os amea\u00e7aram de morte caso continuassem a praticar sua atividade sindicalista.<\/p>\n<p><strong>Cidade sitiada<\/strong><\/p>\n<p>A imprensa tem sido impedida por Marrocos de se dirigir \u00e0 El Aaiun. Na segunda-feira, a companhia a\u00e9rea marroquina Royal Air Maroc impediu treze jornalistas de \u00f3rg\u00e3os de informa\u00e7\u00e3o estrangeiros de viajarem de Casablanca para El Aiun para cobrir confrontos.<\/p>\n<p>Ainda segundo a organiza\u00e7\u00e3o Rep\u00f3rteres Sem Fronteiras, uma \u201cdezena de correspondentes estrangeiros foram impedidos\u201d de chegar \u00e0 capital nos \u00faltimos dias. Aqueles que tentam chegar ao Sara Ocidental pelas estradas s\u00e3o barrados por policiais em Tan Tan, no sul de Marrocos.<\/p>\n<p>Segundo informa\u00e7\u00f5es da imprensa local, a situa\u00e7\u00e3o na capital saarau\u00ed \u00e9 grave, devido \u00e0 a\u00e7\u00e3o da pol\u00edcia e de colonos marroquinos. Um toque de recolher foi decretado em El Aaiun, assim como nos bairros de Raha, Wifag, Elauda e Alamal. Nas ruas \u00e9 constante a movimenta\u00e7\u00e3o de um grande n\u00famero de militares.<\/p>\n<p><strong>Solidariedade internacional<\/strong><\/p>\n<p>O Conselho Mundial da Paz (CMP), por meio da sua presidente, Socorro Gomes, manifestou seu \u201cmais forte rep\u00fadio a mais esta agress\u00e3o brutal contra o povo saarau\u00ed por parte do colonialismo exercido pelo Marrocos\u201d.<\/p>\n<p>O Movimento dos Trabalhadores Rurais Sem Terra (MST) lan\u00e7ou, nesta segunda (8), manifesto com uma convocat\u00f3ria direcionada a \u201ctodo o povo brasileiro, a participar ativamente da campanha internacional pelo reconhecimento da Rep\u00fablica \u00c1rabe Saarau\u00ed Democr\u00e1tica (RASD-Saara Ocidental)\u201d.<\/p>\n<p>Espanh\u00f3is realizaram um ato de solidariedade na segunda-feira (8) na Embaixada de Marrocos em Madrid. Em Portugal, o Bloco de Esquerda desafiou o governo a tomar uma atitude em rela\u00e7\u00e3o \u00e0 quest\u00e3o do Sahara Ocidental da mesma forma que agiu na \u00e9poca do massacre de Santa Cruz, em Timor-Leste, quando mobilizou a comunidade internacional sobre a situa\u00e7\u00e3o.<\/p>\n<p>O objetivo das variadas manifesta\u00e7\u00f5es de solidariedade \u00e9 garantir uma interven\u00e7\u00e3o imediata da Organiza\u00e7\u00e3o das Na\u00e7\u00f5es Unidas (ONU) em defesa da popula\u00e7\u00e3o civil que sofre ataque militar.<\/p>\n<p>Desde El Aai\u00fan, o ativista saarau\u00ed, Brahim Ahmed, afirmou \u00e0 R\u00e1dio del Sur que \u201ca miss\u00e3o da ONU que est\u00e1 no Sahara Ocidental n\u00e3o tem assumido suas responsabilidades. \u00c9 c\u00famplice do acontecido, porque est\u00e1 vendo desde o primeiro dia a magnitude da repress\u00e3o contra o acampamento da dignidade e n\u00e3o enviou nenhum informe Pa organiza\u00e7\u00e3o at\u00e9 o momento em que come\u00e7ou o massacre\u201d.<\/p>\n<p>A ativista Aminetu Haidar lan\u00e7ou um apelo ao governo portugu\u00eas, recentemente incorporado ao Conselho de Seguran\u00e7a da ONU, para que mobilize a comunidade internacional a respeito da situa\u00e7\u00e3o vivida pelos saarau\u00ed.<\/p>\n<p>\u201cO Conselho de Seguran\u00e7a da ONU tem de exercer press\u00e3o sobre Marrocos para que respeite os direitos internacionais e o direito legitimo do povo saarau\u00ed \u00e0 auto-determina\u00e7\u00e3o\u201d, defendeu Haidar, que est\u00e1 em Portugal desde a segunda-feira para receber uma medalha por sua atua\u00e7\u00e3o na luta pela independ\u00eancia do Sahara Ocidental.<\/p>\n<p><strong>Negocia\u00e7\u00f5es<\/strong><\/p>\n<p>A pol\u00edcia marroquina cerca o acampamento desde seu in\u00edcio, em 10 de outubro. No entanto, a invas\u00e3o se deu somente no in\u00edcio desta semana, quando estavam previstas para serem iniciadas em Nova Iorque (EUA) as negocia\u00e7\u00f5es entre delega\u00e7\u00f5es do Marrocos e da Frente Polis\u00e1rio, movimento que luta pela independ\u00eancia do Saara Ocidental.<\/p>\n<p>Por conta das a\u00e7\u00f5es violentas das for\u00e7as marroquinas, o Polis\u00e1rio indicou que s\u00f3 iniciar\u00e1 as negocia\u00e7\u00f5es se houver um gesto do Conselho de Seguran\u00e7a da ONU sobre a resolu\u00e7\u00e3o do conflito.<\/p>\n<p>Mohamed Abdelaziz, chefe da Frente Polis\u00e1rio, pediu ao secret\u00e1rio-geral das Na\u00e7\u00f5es Unidas, Ban Ki-moon, que envie uma miss\u00e3o para proteger os civis saarau\u00eds. &#8220;Pedimos com urg\u00eancia o envio de uma miss\u00e3o da ONU a El-Ayoun, ocupada no \u00e2mbito das responsabilidades da Organiza\u00e7\u00e3o internacional no Saara Ocidental (&#8230;) para garantir a seguran\u00e7a e os direitos dos cidad\u00e3os saarau\u00eds perante a brutalidade e a viol\u00eancia das for\u00e7as de ocupa\u00e7\u00e3o marroquinas&#8221;, escreveu em mensagem.<\/p>\n<p><em><strong>Fonte: site do jornal Brasil de Fato<\/strong><\/em><\/p>\n","protected":false},"excerpt":{"rendered":"<p>Desde 8 de novembro, a pol\u00edcia marroquina tem impetrado forte repress\u00e3o ao Acampamento Gdeim Izik, a 18 quil\u00f4metros da capital ocupada do Sahara Ocidental (Norte da \u00c1frica), El Aaiun. A a\u00e7\u00e3o resultou, at\u00e9 o momento, em pelo menos 11 mortos, 723 feridos e 950 desaparecidos, entre os 20 mil saarau\u00ed que integravam o acampamento. O [&hellip;]<\/p>\n","protected":false},"author":2,"featured_media":0,"comment_status":"open","ping_status":"open","sticky":false,"template":"","format":"standard","meta":{"_acf_changed":false,"footnotes":""},"categories":[4766],"tags":[],"class_list":{"0":"post-390","1":"post","2":"type-post","3":"status-publish","4":"format-standard","6":"category-arquivo"},"acf":[],"yoast_head":"<!-- This site is optimized with the Yoast SEO plugin v26.5 - https:\/\/yoast.com\/wordpress\/plugins\/seo\/ -->\n<title>Cresce repress\u00e3o marroquina contra o povo saarau\u00ed - PSOL 50<\/title>\n<meta name=\"robots\" content=\"index, follow, max-snippet:-1, max-image-preview:large, max-video-preview:-1\" \/>\n<link rel=\"canonical\" href=\"https:\/\/psol50.org.br\/cresce-repressao-marroquina-contra-o-povo-saaraui\/\" \/>\n<meta property=\"og:locale\" content=\"pt_BR\" \/>\n<meta property=\"og:type\" content=\"article\" \/>\n<meta property=\"og:title\" content=\"Cresce repress\u00e3o marroquina contra o povo saarau\u00ed - PSOL 50\" \/>\n<meta property=\"og:description\" content=\"Desde 8 de novembro, a pol\u00edcia marroquina tem impetrado forte repress\u00e3o ao Acampamento Gdeim Izik, a 18 quil\u00f4metros da capital ocupada do Sahara Ocidental (Norte da \u00c1frica), El Aaiun. A a\u00e7\u00e3o resultou, at\u00e9 o momento, em pelo menos 11 mortos, 723 feridos e 950 desaparecidos, entre os 20 mil saarau\u00ed que integravam o acampamento. O [&hellip;]\" \/>\n<meta property=\"og:url\" content=\"https:\/\/psol50.org.br\/cresce-repressao-marroquina-contra-o-povo-saaraui\/\" \/>\n<meta property=\"og:site_name\" content=\"PSOL 50\" \/>\n<meta property=\"article:publisher\" content=\"https:\/\/www.facebook.com\/psol50\" \/>\n<meta property=\"article:published_time\" content=\"2010-11-16T00:00:00+00:00\" \/>\n<meta property=\"og:image\" content=\"http:\/\/psol50.org.br\/files\/2010\/11\/sara-199x300.jpg\" \/>\n<meta name=\"author\" content=\"Comunica\u00e7\u00e3o PSOL\" \/>\n<meta name=\"twitter:card\" content=\"summary_large_image\" \/>\n<meta name=\"twitter:creator\" content=\"@psol50\" \/>\n<meta name=\"twitter:site\" content=\"@psol50\" \/>\n<meta name=\"twitter:label1\" content=\"Escrito por\" \/>\n\t<meta name=\"twitter:data1\" content=\"Comunica\u00e7\u00e3o PSOL\" \/>\n\t<meta name=\"twitter:label2\" content=\"Est. tempo de leitura\" \/>\n\t<meta name=\"twitter:data2\" content=\"5 minutos\" \/>\n<script type=\"application\/ld+json\" class=\"yoast-schema-graph\">{\"@context\":\"https:\/\/schema.org\",\"@graph\":[{\"@type\":\"Article\",\"@id\":\"https:\/\/psol50.org.br\/cresce-repressao-marroquina-contra-o-povo-saaraui\/#article\",\"isPartOf\":{\"@id\":\"https:\/\/psol50.org.br\/cresce-repressao-marroquina-contra-o-povo-saaraui\/\"},\"author\":{\"name\":\"Comunica\u00e7\u00e3o PSOL\",\"@id\":\"https:\/\/psol50.org.br\/#\/schema\/person\/475dfa57d0b815993c714c2e96491fcd\"},\"headline\":\"Cresce repress\u00e3o marroquina contra o povo saarau\u00ed\",\"datePublished\":\"2010-11-16T00:00:00+00:00\",\"mainEntityOfPage\":{\"@id\":\"https:\/\/psol50.org.br\/cresce-repressao-marroquina-contra-o-povo-saaraui\/\"},\"wordCount\":1004,\"commentCount\":0,\"publisher\":{\"@id\":\"https:\/\/psol50.org.br\/#organization\"},\"image\":{\"@id\":\"https:\/\/psol50.org.br\/cresce-repressao-marroquina-contra-o-povo-saaraui\/#primaryimage\"},\"thumbnailUrl\":\"http:\/\/psol50.org.br\/files\/2010\/11\/sara-199x300.jpg\",\"articleSection\":[\"Arquivo\"],\"inLanguage\":\"pt-BR\",\"potentialAction\":[{\"@type\":\"CommentAction\",\"name\":\"Comment\",\"target\":[\"https:\/\/psol50.org.br\/cresce-repressao-marroquina-contra-o-povo-saaraui\/#respond\"]}]},{\"@type\":\"WebPage\",\"@id\":\"https:\/\/psol50.org.br\/cresce-repressao-marroquina-contra-o-povo-saaraui\/\",\"url\":\"https:\/\/psol50.org.br\/cresce-repressao-marroquina-contra-o-povo-saaraui\/\",\"name\":\"Cresce repress\u00e3o marroquina contra o povo saarau\u00ed - PSOL 50\",\"isPartOf\":{\"@id\":\"https:\/\/psol50.org.br\/#website\"},\"primaryImageOfPage\":{\"@id\":\"https:\/\/psol50.org.br\/cresce-repressao-marroquina-contra-o-povo-saaraui\/#primaryimage\"},\"image\":{\"@id\":\"https:\/\/psol50.org.br\/cresce-repressao-marroquina-contra-o-povo-saaraui\/#primaryimage\"},\"thumbnailUrl\":\"http:\/\/psol50.org.br\/files\/2010\/11\/sara-199x300.jpg\",\"datePublished\":\"2010-11-16T00:00:00+00:00\",\"breadcrumb\":{\"@id\":\"https:\/\/psol50.org.br\/cresce-repressao-marroquina-contra-o-povo-saaraui\/#breadcrumb\"},\"inLanguage\":\"pt-BR\",\"potentialAction\":[{\"@type\":\"ReadAction\",\"target\":[\"https:\/\/psol50.org.br\/cresce-repressao-marroquina-contra-o-povo-saaraui\/\"]}]},{\"@type\":\"ImageObject\",\"inLanguage\":\"pt-BR\",\"@id\":\"https:\/\/psol50.org.br\/cresce-repressao-marroquina-contra-o-povo-saaraui\/#primaryimage\",\"url\":\"http:\/\/psol50.org.br\/files\/2010\/11\/sara-199x300.jpg\",\"contentUrl\":\"http:\/\/psol50.org.br\/files\/2010\/11\/sara-199x300.jpg\"},{\"@type\":\"BreadcrumbList\",\"@id\":\"https:\/\/psol50.org.br\/cresce-repressao-marroquina-contra-o-povo-saaraui\/#breadcrumb\",\"itemListElement\":[{\"@type\":\"ListItem\",\"position\":1,\"name\":\"In\u00edcio\",\"item\":\"https:\/\/psol50.org.br\/\"},{\"@type\":\"ListItem\",\"position\":2,\"name\":\"Cresce repress\u00e3o marroquina contra o povo saarau\u00ed\"}]},{\"@type\":\"WebSite\",\"@id\":\"https:\/\/psol50.org.br\/#website\",\"url\":\"https:\/\/psol50.org.br\/\",\"name\":\"PSOL 50\",\"description\":\"Site oficial do Partido Socialismo e Liberdade\",\"publisher\":{\"@id\":\"https:\/\/psol50.org.br\/#organization\"},\"alternateName\":\"PSOL50\",\"potentialAction\":[{\"@type\":\"SearchAction\",\"target\":{\"@type\":\"EntryPoint\",\"urlTemplate\":\"https:\/\/psol50.org.br\/?s={search_term_string}\"},\"query-input\":{\"@type\":\"PropertyValueSpecification\",\"valueRequired\":true,\"valueName\":\"search_term_string\"}}],\"inLanguage\":\"pt-BR\"},{\"@type\":\"Organization\",\"@id\":\"https:\/\/psol50.org.br\/#organization\",\"name\":\"PSOL 50\",\"alternateName\":\"PSOL 50\",\"url\":\"https:\/\/psol50.org.br\/\",\"logo\":{\"@type\":\"ImageObject\",\"inLanguage\":\"pt-BR\",\"@id\":\"https:\/\/psol50.org.br\/#\/schema\/logo\/image\/\",\"url\":\"https:\/\/psol50.org.br\/inc\/uploads\/2018\/07\/capa.png\",\"contentUrl\":\"https:\/\/psol50.org.br\/inc\/uploads\/2018\/07\/capa.png\",\"width\":1350,\"height\":900,\"caption\":\"PSOL 50\"},\"image\":{\"@id\":\"https:\/\/psol50.org.br\/#\/schema\/logo\/image\/\"},\"sameAs\":[\"https:\/\/www.facebook.com\/psol50\",\"https:\/\/x.com\/psol50\",\"https:\/\/www.instagram.com\/psol50\/\",\"https:\/\/www.youtube.com\/channel\/UC7SnJS5o1os7a6CaiNabzcg\"]},{\"@type\":\"Person\",\"@id\":\"https:\/\/psol50.org.br\/#\/schema\/person\/475dfa57d0b815993c714c2e96491fcd\",\"name\":\"Comunica\u00e7\u00e3o PSOL\",\"image\":{\"@type\":\"ImageObject\",\"inLanguage\":\"pt-BR\",\"@id\":\"https:\/\/psol50.org.br\/#\/schema\/person\/image\/\",\"url\":\"https:\/\/secure.gravatar.com\/avatar\/b34fc4f4e468a4e51785917065a3db57b841f5c95dba6ad8c73aaf8f66f8f9bf?s=96&d=mm&r=g\",\"contentUrl\":\"https:\/\/secure.gravatar.com\/avatar\/b34fc4f4e468a4e51785917065a3db57b841f5c95dba6ad8c73aaf8f66f8f9bf?s=96&d=mm&r=g\",\"caption\":\"Comunica\u00e7\u00e3o PSOL\"}}]}<\/script>\n<!-- \/ Yoast SEO plugin. -->","yoast_head_json":{"title":"Cresce repress\u00e3o marroquina contra o povo saarau\u00ed - PSOL 50","robots":{"index":"index","follow":"follow","max-snippet":"max-snippet:-1","max-image-preview":"max-image-preview:large","max-video-preview":"max-video-preview:-1"},"canonical":"https:\/\/psol50.org.br\/cresce-repressao-marroquina-contra-o-povo-saaraui\/","og_locale":"pt_BR","og_type":"article","og_title":"Cresce repress\u00e3o marroquina contra o povo saarau\u00ed - PSOL 50","og_description":"Desde 8 de novembro, a pol\u00edcia marroquina tem impetrado forte repress\u00e3o ao Acampamento Gdeim Izik, a 18 quil\u00f4metros da capital ocupada do Sahara Ocidental (Norte da \u00c1frica), El Aaiun. A a\u00e7\u00e3o resultou, at\u00e9 o momento, em pelo menos 11 mortos, 723 feridos e 950 desaparecidos, entre os 20 mil saarau\u00ed que integravam o acampamento. O [&hellip;]","og_url":"https:\/\/psol50.org.br\/cresce-repressao-marroquina-contra-o-povo-saaraui\/","og_site_name":"PSOL 50","article_publisher":"https:\/\/www.facebook.com\/psol50","article_published_time":"2010-11-16T00:00:00+00:00","og_image":[{"url":"http:\/\/psol50.org.br\/files\/2010\/11\/sara-199x300.jpg","type":"","width":"","height":""}],"author":"Comunica\u00e7\u00e3o PSOL","twitter_card":"summary_large_image","twitter_creator":"@psol50","twitter_site":"@psol50","twitter_misc":{"Escrito por":"Comunica\u00e7\u00e3o PSOL","Est. tempo de leitura":"5 minutos"},"schema":{"@context":"https:\/\/schema.org","@graph":[{"@type":"Article","@id":"https:\/\/psol50.org.br\/cresce-repressao-marroquina-contra-o-povo-saaraui\/#article","isPartOf":{"@id":"https:\/\/psol50.org.br\/cresce-repressao-marroquina-contra-o-povo-saaraui\/"},"author":{"name":"Comunica\u00e7\u00e3o PSOL","@id":"https:\/\/psol50.org.br\/#\/schema\/person\/475dfa57d0b815993c714c2e96491fcd"},"headline":"Cresce repress\u00e3o marroquina contra o povo saarau\u00ed","datePublished":"2010-11-16T00:00:00+00:00","mainEntityOfPage":{"@id":"https:\/\/psol50.org.br\/cresce-repressao-marroquina-contra-o-povo-saaraui\/"},"wordCount":1004,"commentCount":0,"publisher":{"@id":"https:\/\/psol50.org.br\/#organization"},"image":{"@id":"https:\/\/psol50.org.br\/cresce-repressao-marroquina-contra-o-povo-saaraui\/#primaryimage"},"thumbnailUrl":"http:\/\/psol50.org.br\/files\/2010\/11\/sara-199x300.jpg","articleSection":["Arquivo"],"inLanguage":"pt-BR","potentialAction":[{"@type":"CommentAction","name":"Comment","target":["https:\/\/psol50.org.br\/cresce-repressao-marroquina-contra-o-povo-saaraui\/#respond"]}]},{"@type":"WebPage","@id":"https:\/\/psol50.org.br\/cresce-repressao-marroquina-contra-o-povo-saaraui\/","url":"https:\/\/psol50.org.br\/cresce-repressao-marroquina-contra-o-povo-saaraui\/","name":"Cresce repress\u00e3o marroquina contra o povo saarau\u00ed - PSOL 50","isPartOf":{"@id":"https:\/\/psol50.org.br\/#website"},"primaryImageOfPage":{"@id":"https:\/\/psol50.org.br\/cresce-repressao-marroquina-contra-o-povo-saaraui\/#primaryimage"},"image":{"@id":"https:\/\/psol50.org.br\/cresce-repressao-marroquina-contra-o-povo-saaraui\/#primaryimage"},"thumbnailUrl":"http:\/\/psol50.org.br\/files\/2010\/11\/sara-199x300.jpg","datePublished":"2010-11-16T00:00:00+00:00","breadcrumb":{"@id":"https:\/\/psol50.org.br\/cresce-repressao-marroquina-contra-o-povo-saaraui\/#breadcrumb"},"inLanguage":"pt-BR","potentialAction":[{"@type":"ReadAction","target":["https:\/\/psol50.org.br\/cresce-repressao-marroquina-contra-o-povo-saaraui\/"]}]},{"@type":"ImageObject","inLanguage":"pt-BR","@id":"https:\/\/psol50.org.br\/cresce-repressao-marroquina-contra-o-povo-saaraui\/#primaryimage","url":"http:\/\/psol50.org.br\/files\/2010\/11\/sara-199x300.jpg","contentUrl":"http:\/\/psol50.org.br\/files\/2010\/11\/sara-199x300.jpg"},{"@type":"BreadcrumbList","@id":"https:\/\/psol50.org.br\/cresce-repressao-marroquina-contra-o-povo-saaraui\/#breadcrumb","itemListElement":[{"@type":"ListItem","position":1,"name":"In\u00edcio","item":"https:\/\/psol50.org.br\/"},{"@type":"ListItem","position":2,"name":"Cresce repress\u00e3o marroquina contra o povo saarau\u00ed"}]},{"@type":"WebSite","@id":"https:\/\/psol50.org.br\/#website","url":"https:\/\/psol50.org.br\/","name":"PSOL 50","description":"Site oficial do Partido Socialismo e Liberdade","publisher":{"@id":"https:\/\/psol50.org.br\/#organization"},"alternateName":"PSOL50","potentialAction":[{"@type":"SearchAction","target":{"@type":"EntryPoint","urlTemplate":"https:\/\/psol50.org.br\/?s={search_term_string}"},"query-input":{"@type":"PropertyValueSpecification","valueRequired":true,"valueName":"search_term_string"}}],"inLanguage":"pt-BR"},{"@type":"Organization","@id":"https:\/\/psol50.org.br\/#organization","name":"PSOL 50","alternateName":"PSOL 50","url":"https:\/\/psol50.org.br\/","logo":{"@type":"ImageObject","inLanguage":"pt-BR","@id":"https:\/\/psol50.org.br\/#\/schema\/logo\/image\/","url":"https:\/\/psol50.org.br\/inc\/uploads\/2018\/07\/capa.png","contentUrl":"https:\/\/psol50.org.br\/inc\/uploads\/2018\/07\/capa.png","width":1350,"height":900,"caption":"PSOL 50"},"image":{"@id":"https:\/\/psol50.org.br\/#\/schema\/logo\/image\/"},"sameAs":["https:\/\/www.facebook.com\/psol50","https:\/\/x.com\/psol50","https:\/\/www.instagram.com\/psol50\/","https:\/\/www.youtube.com\/channel\/UC7SnJS5o1os7a6CaiNabzcg"]},{"@type":"Person","@id":"https:\/\/psol50.org.br\/#\/schema\/person\/475dfa57d0b815993c714c2e96491fcd","name":"Comunica\u00e7\u00e3o PSOL","image":{"@type":"ImageObject","inLanguage":"pt-BR","@id":"https:\/\/psol50.org.br\/#\/schema\/person\/image\/","url":"https:\/\/secure.gravatar.com\/avatar\/b34fc4f4e468a4e51785917065a3db57b841f5c95dba6ad8c73aaf8f66f8f9bf?s=96&d=mm&r=g","contentUrl":"https:\/\/secure.gravatar.com\/avatar\/b34fc4f4e468a4e51785917065a3db57b841f5c95dba6ad8c73aaf8f66f8f9bf?s=96&d=mm&r=g","caption":"Comunica\u00e7\u00e3o PSOL"}}]}},"_links":{"self":[{"href":"https:\/\/psol50.org.br\/rest\/wp\/v2\/posts\/390","targetHints":{"allow":["GET"]}}],"collection":[{"href":"https:\/\/psol50.org.br\/rest\/wp\/v2\/posts"}],"about":[{"href":"https:\/\/psol50.org.br\/rest\/wp\/v2\/types\/post"}],"author":[{"embeddable":true,"href":"https:\/\/psol50.org.br\/rest\/wp\/v2\/users\/2"}],"replies":[{"embeddable":true,"href":"https:\/\/psol50.org.br\/rest\/wp\/v2\/comments?post=390"}],"version-history":[{"count":0,"href":"https:\/\/psol50.org.br\/rest\/wp\/v2\/posts\/390\/revisions"}],"wp:attachment":[{"href":"https:\/\/psol50.org.br\/rest\/wp\/v2\/media?parent=390"}],"wp:term":[{"taxonomy":"category","embeddable":true,"href":"https:\/\/psol50.org.br\/rest\/wp\/v2\/categories?post=390"},{"taxonomy":"post_tag","embeddable":true,"href":"https:\/\/psol50.org.br\/rest\/wp\/v2\/tags?post=390"}],"curies":[{"name":"wp","href":"https:\/\/api.w.org\/{rel}","templated":true}]}}