{"id":39008,"date":"2024-02-09T13:32:35","date_gmt":"2024-02-09T16:32:35","guid":{"rendered":"https:\/\/psol50.org.br\/?p=39008"},"modified":"2024-02-16T11:18:33","modified_gmt":"2024-02-16T14:18:33","slug":"psol-pede-prisao-preventiva-de-general-hamilton-mourao-ao-stf","status":"publish","type":"post","link":"https:\/\/psol50.org.br\/psol-pede-prisao-preventiva-de-general-hamilton-mourao-ao-stf\/","title":{"rendered":"PSOL pede pris\u00e3o preventiva de General Hamilton Mour\u00e3o ao STF"},"content":{"rendered":"<p>A bancada do PSOL na C\u00e2mara dos Deputados acionou o Supremo Tribunal Federal (STF) na \u00faltima quinta-feira (8) para pedir a pris\u00e3o preventiva e a quebra de sigilo telef\u00f4nico do ex-vice de Jair Bolsonaro e atualmente senador Hamilton Mour\u00e3o\u00a0(Republicanos-RS).<\/p>\n<p>Mour\u00e3o, em discurso no plen\u00e1rio do Senado Federal ap\u00f3s a Opera\u00e7\u00e3o da PF que encontrou diversas provas de uma conspira\u00e7\u00e3o golpista dentro do governo do qual fazia parte, conclamou os comandantes das For\u00e7as Armadas\u00a0a n\u00e3o se omitirem contra o que chamou de &#8220;condu\u00e7\u00e3o arbitr\u00e1ria de processos ilegais&#8221; que atingem os integrantes da institui\u00e7\u00e3o.<\/p>\n<p>Os parlamentares do PSOL pedem que o senador seja investigado por atentar contra a democracia e o Estado de Direito. Pedem tamb\u00e9m que seja feita busca e apreens\u00e3o de &#8220;provas e documentos para evitar qualquer tipo de destrui\u00e7\u00e3o ou ocultamento de ind\u00edcios criminosos&#8221;.<\/p>\n<p>&#8220;\u00c9 evidente que o senador Hamilton Mour\u00e3o \u2014 e seu golpismo, mais do que provado nesta peti\u00e7\u00e3o \u2013 causa concreto risco \u00e0 ordem p\u00fablica, posto que seu ato visa insuflar a base bolsonarista, cada vez mais radicalizada&#8221;, diz o documento enviado ao ministro do STF Alexandre de Moraes.<\/p>\n","protected":false},"excerpt":{"rendered":"<p>A bancada do PSOL na C\u00e2mara dos Deputados acionou o Supremo Tribunal Federal (STF) na \u00faltima quinta-feira (8) para pedir a pris\u00e3o preventiva e a quebra de sigilo telef\u00f4nico do ex-vice de Jair Bolsonaro e atualmente senador Hamilton Mour\u00e3o\u00a0(Republicanos-RS). Mour\u00e3o, em discurso no plen\u00e1rio do Senado Federal ap\u00f3s a Opera\u00e7\u00e3o da PF que encontrou diversas [&hellip;]<\/p>\n","protected":false},"author":2,"featured_media":21960,"comment_status":"closed","ping_status":"open","sticky":false,"template":"","format":"standard","meta":{"_acf_changed":false,"footnotes":""},"categories":[10],"tags":[4825],"class_list":{"0":"post-39008","1":"post","2":"type-post","3":"status-publish","4":"format-standard","5":"has-post-thumbnail","7":"category-acao-parlamentares","8":"tag-noticias"},"acf":[],"yoast_head":"<!-- This site is optimized with the Yoast SEO plugin v26.5 - https:\/\/yoast.com\/wordpress\/plugins\/seo\/ -->\n<title>PSOL pede pris\u00e3o preventiva de General Hamilton Mour\u00e3o ao STF<\/title>\n<meta name=\"description\" content=\"Ex-vice-presidente fez discurso golpista no Senado ao conclamar For\u00e7as Armadas a desrespeitar decis\u00f5es judiciais e ignorarem institui\u00e7\u00f5es democr\u00e1ticas.\" \/>\n<meta name=\"robots\" content=\"index, follow, max-snippet:-1, max-image-preview:large, max-video-preview:-1\" \/>\n<link rel=\"canonical\" href=\"https:\/\/psol50.org.br\/psol-pede-prisao-preventiva-de-general-hamilton-mourao-ao-stf\/\" \/>\n<meta property=\"og:locale\" content=\"pt_BR\" \/>\n<meta property=\"og:type\" content=\"article\" \/>\n<meta property=\"og:title\" content=\"PSOL pede pris\u00e3o preventiva de General Hamilton Mour\u00e3o ao STF\" \/>\n<meta property=\"og:description\" content=\"Ex-vice-presidente fez discurso golpista no Senado ao conclamar For\u00e7as Armadas a desrespeitar decis\u00f5es judiciais e ignorarem institui\u00e7\u00f5es democr\u00e1ticas.\" \/>\n<meta property=\"og:url\" content=\"https:\/\/psol50.org.br\/psol-pede-prisao-preventiva-de-general-hamilton-mourao-ao-stf\/\" \/>\n<meta property=\"og:site_name\" content=\"PSOL 50\" \/>\n<meta property=\"article:publisher\" content=\"https:\/\/www.facebook.com\/psol50\" \/>\n<meta property=\"article:published_time\" content=\"2024-02-09T16:32:35+00:00\" \/>\n<meta property=\"article:modified_time\" content=\"2024-02-16T14:18:33+00:00\" \/>\n<meta property=\"og:image\" content=\"https:\/\/psol50.org.br\/inc\/uploads\/2018\/10\/mourao2.jpg\" \/>\n\t<meta property=\"og:image:width\" content=\"840\" \/>\n\t<meta property=\"og:image:height\" content=\"496\" \/>\n\t<meta property=\"og:image:type\" content=\"image\/jpeg\" \/>\n<meta name=\"author\" content=\"Comunica\u00e7\u00e3o PSOL\" \/>\n<meta name=\"twitter:card\" content=\"summary_large_image\" \/>\n<meta name=\"twitter:creator\" content=\"@psol50\" \/>\n<meta name=\"twitter:site\" content=\"@psol50\" \/>\n<meta name=\"twitter:label1\" content=\"Escrito por\" \/>\n\t<meta name=\"twitter:data1\" content=\"Comunica\u00e7\u00e3o PSOL\" \/>\n\t<meta name=\"twitter:label2\" content=\"Est. tempo de leitura\" \/>\n\t<meta name=\"twitter:data2\" content=\"1 minuto\" \/>\n<script type=\"application\/ld+json\" class=\"yoast-schema-graph\">{\"@context\":\"https:\/\/schema.org\",\"@graph\":[{\"@type\":\"Article\",\"@id\":\"https:\/\/psol50.org.br\/psol-pede-prisao-preventiva-de-general-hamilton-mourao-ao-stf\/#article\",\"isPartOf\":{\"@id\":\"https:\/\/psol50.org.br\/psol-pede-prisao-preventiva-de-general-hamilton-mourao-ao-stf\/\"},\"author\":{\"name\":\"Comunica\u00e7\u00e3o PSOL\",\"@id\":\"https:\/\/psol50.org.br\/#\/schema\/person\/475dfa57d0b815993c714c2e96491fcd\"},\"headline\":\"PSOL pede pris\u00e3o preventiva de General Hamilton Mour\u00e3o ao STF\",\"datePublished\":\"2024-02-09T16:32:35+00:00\",\"dateModified\":\"2024-02-16T14:18:33+00:00\",\"mainEntityOfPage\":{\"@id\":\"https:\/\/psol50.org.br\/psol-pede-prisao-preventiva-de-general-hamilton-mourao-ao-stf\/\"},\"wordCount\":213,\"publisher\":{\"@id\":\"https:\/\/psol50.org.br\/#organization\"},\"image\":{\"@id\":\"https:\/\/psol50.org.br\/psol-pede-prisao-preventiva-de-general-hamilton-mourao-ao-stf\/#primaryimage\"},\"thumbnailUrl\":\"https:\/\/psol50.org.br\/inc\/uploads\/2018\/10\/mourao2.jpg\",\"keywords\":[\"Not\u00edcias\"],\"articleSection\":[\"A\u00e7\u00e3o Parlamentar\"],\"inLanguage\":\"pt-BR\"},{\"@type\":\"WebPage\",\"@id\":\"https:\/\/psol50.org.br\/psol-pede-prisao-preventiva-de-general-hamilton-mourao-ao-stf\/\",\"url\":\"https:\/\/psol50.org.br\/psol-pede-prisao-preventiva-de-general-hamilton-mourao-ao-stf\/\",\"name\":\"PSOL pede pris\u00e3o preventiva de General Hamilton Mour\u00e3o ao STF\",\"isPartOf\":{\"@id\":\"https:\/\/psol50.org.br\/#website\"},\"primaryImageOfPage\":{\"@id\":\"https:\/\/psol50.org.br\/psol-pede-prisao-preventiva-de-general-hamilton-mourao-ao-stf\/#primaryimage\"},\"image\":{\"@id\":\"https:\/\/psol50.org.br\/psol-pede-prisao-preventiva-de-general-hamilton-mourao-ao-stf\/#primaryimage\"},\"thumbnailUrl\":\"https:\/\/psol50.org.br\/inc\/uploads\/2018\/10\/mourao2.jpg\",\"datePublished\":\"2024-02-09T16:32:35+00:00\",\"dateModified\":\"2024-02-16T14:18:33+00:00\",\"description\":\"Ex-vice-presidente fez discurso golpista no Senado ao conclamar For\u00e7as Armadas a desrespeitar decis\u00f5es judiciais e ignorarem institui\u00e7\u00f5es democr\u00e1ticas.\",\"breadcrumb\":{\"@id\":\"https:\/\/psol50.org.br\/psol-pede-prisao-preventiva-de-general-hamilton-mourao-ao-stf\/#breadcrumb\"},\"inLanguage\":\"pt-BR\",\"potentialAction\":[{\"@type\":\"ReadAction\",\"target\":[\"https:\/\/psol50.org.br\/psol-pede-prisao-preventiva-de-general-hamilton-mourao-ao-stf\/\"]}]},{\"@type\":\"ImageObject\",\"inLanguage\":\"pt-BR\",\"@id\":\"https:\/\/psol50.org.br\/psol-pede-prisao-preventiva-de-general-hamilton-mourao-ao-stf\/#primaryimage\",\"url\":\"https:\/\/psol50.org.br\/inc\/uploads\/2018\/10\/mourao2.jpg\",\"contentUrl\":\"https:\/\/psol50.org.br\/inc\/uploads\/2018\/10\/mourao2.jpg\",\"width\":840,\"height\":496},{\"@type\":\"BreadcrumbList\",\"@id\":\"https:\/\/psol50.org.br\/psol-pede-prisao-preventiva-de-general-hamilton-mourao-ao-stf\/#breadcrumb\",\"itemListElement\":[{\"@type\":\"ListItem\",\"position\":1,\"name\":\"In\u00edcio\",\"item\":\"https:\/\/psol50.org.br\/\"},{\"@type\":\"ListItem\",\"position\":2,\"name\":\"PSOL pede pris\u00e3o preventiva de General Hamilton Mour\u00e3o ao STF\"}]},{\"@type\":\"WebSite\",\"@id\":\"https:\/\/psol50.org.br\/#website\",\"url\":\"https:\/\/psol50.org.br\/\",\"name\":\"PSOL 50\",\"description\":\"Site oficial do Partido Socialismo e Liberdade\",\"publisher\":{\"@id\":\"https:\/\/psol50.org.br\/#organization\"},\"alternateName\":\"PSOL50\",\"potentialAction\":[{\"@type\":\"SearchAction\",\"target\":{\"@type\":\"EntryPoint\",\"urlTemplate\":\"https:\/\/psol50.org.br\/?s={search_term_string}\"},\"query-input\":{\"@type\":\"PropertyValueSpecification\",\"valueRequired\":true,\"valueName\":\"search_term_string\"}}],\"inLanguage\":\"pt-BR\"},{\"@type\":\"Organization\",\"@id\":\"https:\/\/psol50.org.br\/#organization\",\"name\":\"PSOL 50\",\"alternateName\":\"PSOL 50\",\"url\":\"https:\/\/psol50.org.br\/\",\"logo\":{\"@type\":\"ImageObject\",\"inLanguage\":\"pt-BR\",\"@id\":\"https:\/\/psol50.org.br\/#\/schema\/logo\/image\/\",\"url\":\"https:\/\/psol50.org.br\/inc\/uploads\/2018\/07\/capa.png\",\"contentUrl\":\"https:\/\/psol50.org.br\/inc\/uploads\/2018\/07\/capa.png\",\"width\":1350,\"height\":900,\"caption\":\"PSOL 50\"},\"image\":{\"@id\":\"https:\/\/psol50.org.br\/#\/schema\/logo\/image\/\"},\"sameAs\":[\"https:\/\/www.facebook.com\/psol50\",\"https:\/\/x.com\/psol50\",\"https:\/\/www.instagram.com\/psol50\/\",\"https:\/\/www.youtube.com\/channel\/UC7SnJS5o1os7a6CaiNabzcg\"]},{\"@type\":\"Person\",\"@id\":\"https:\/\/psol50.org.br\/#\/schema\/person\/475dfa57d0b815993c714c2e96491fcd\",\"name\":\"Comunica\u00e7\u00e3o PSOL\",\"image\":{\"@type\":\"ImageObject\",\"inLanguage\":\"pt-BR\",\"@id\":\"https:\/\/psol50.org.br\/#\/schema\/person\/image\/\",\"url\":\"https:\/\/secure.gravatar.com\/avatar\/b34fc4f4e468a4e51785917065a3db57b841f5c95dba6ad8c73aaf8f66f8f9bf?s=96&d=mm&r=g\",\"contentUrl\":\"https:\/\/secure.gravatar.com\/avatar\/b34fc4f4e468a4e51785917065a3db57b841f5c95dba6ad8c73aaf8f66f8f9bf?s=96&d=mm&r=g\",\"caption\":\"Comunica\u00e7\u00e3o PSOL\"}}]}<\/script>\n<!-- \/ Yoast SEO plugin. -->","yoast_head_json":{"title":"PSOL pede pris\u00e3o preventiva de General Hamilton Mour\u00e3o ao STF","description":"Ex-vice-presidente fez discurso golpista no Senado ao conclamar For\u00e7as Armadas a desrespeitar decis\u00f5es judiciais e ignorarem institui\u00e7\u00f5es democr\u00e1ticas.","robots":{"index":"index","follow":"follow","max-snippet":"max-snippet:-1","max-image-preview":"max-image-preview:large","max-video-preview":"max-video-preview:-1"},"canonical":"https:\/\/psol50.org.br\/psol-pede-prisao-preventiva-de-general-hamilton-mourao-ao-stf\/","og_locale":"pt_BR","og_type":"article","og_title":"PSOL pede pris\u00e3o preventiva de General Hamilton Mour\u00e3o ao STF","og_description":"Ex-vice-presidente fez discurso golpista no Senado ao conclamar For\u00e7as Armadas a desrespeitar decis\u00f5es judiciais e ignorarem institui\u00e7\u00f5es democr\u00e1ticas.","og_url":"https:\/\/psol50.org.br\/psol-pede-prisao-preventiva-de-general-hamilton-mourao-ao-stf\/","og_site_name":"PSOL 50","article_publisher":"https:\/\/www.facebook.com\/psol50","article_published_time":"2024-02-09T16:32:35+00:00","article_modified_time":"2024-02-16T14:18:33+00:00","og_image":[{"width":840,"height":496,"url":"https:\/\/psol50.org.br\/inc\/uploads\/2018\/10\/mourao2.jpg","type":"image\/jpeg"}],"author":"Comunica\u00e7\u00e3o PSOL","twitter_card":"summary_large_image","twitter_creator":"@psol50","twitter_site":"@psol50","twitter_misc":{"Escrito por":"Comunica\u00e7\u00e3o PSOL","Est. tempo de leitura":"1 minuto"},"schema":{"@context":"https:\/\/schema.org","@graph":[{"@type":"Article","@id":"https:\/\/psol50.org.br\/psol-pede-prisao-preventiva-de-general-hamilton-mourao-ao-stf\/#article","isPartOf":{"@id":"https:\/\/psol50.org.br\/psol-pede-prisao-preventiva-de-general-hamilton-mourao-ao-stf\/"},"author":{"name":"Comunica\u00e7\u00e3o PSOL","@id":"https:\/\/psol50.org.br\/#\/schema\/person\/475dfa57d0b815993c714c2e96491fcd"},"headline":"PSOL pede pris\u00e3o preventiva de General Hamilton Mour\u00e3o ao STF","datePublished":"2024-02-09T16:32:35+00:00","dateModified":"2024-02-16T14:18:33+00:00","mainEntityOfPage":{"@id":"https:\/\/psol50.org.br\/psol-pede-prisao-preventiva-de-general-hamilton-mourao-ao-stf\/"},"wordCount":213,"publisher":{"@id":"https:\/\/psol50.org.br\/#organization"},"image":{"@id":"https:\/\/psol50.org.br\/psol-pede-prisao-preventiva-de-general-hamilton-mourao-ao-stf\/#primaryimage"},"thumbnailUrl":"https:\/\/psol50.org.br\/inc\/uploads\/2018\/10\/mourao2.jpg","keywords":["Not\u00edcias"],"articleSection":["A\u00e7\u00e3o Parlamentar"],"inLanguage":"pt-BR"},{"@type":"WebPage","@id":"https:\/\/psol50.org.br\/psol-pede-prisao-preventiva-de-general-hamilton-mourao-ao-stf\/","url":"https:\/\/psol50.org.br\/psol-pede-prisao-preventiva-de-general-hamilton-mourao-ao-stf\/","name":"PSOL pede pris\u00e3o preventiva de General Hamilton Mour\u00e3o ao STF","isPartOf":{"@id":"https:\/\/psol50.org.br\/#website"},"primaryImageOfPage":{"@id":"https:\/\/psol50.org.br\/psol-pede-prisao-preventiva-de-general-hamilton-mourao-ao-stf\/#primaryimage"},"image":{"@id":"https:\/\/psol50.org.br\/psol-pede-prisao-preventiva-de-general-hamilton-mourao-ao-stf\/#primaryimage"},"thumbnailUrl":"https:\/\/psol50.org.br\/inc\/uploads\/2018\/10\/mourao2.jpg","datePublished":"2024-02-09T16:32:35+00:00","dateModified":"2024-02-16T14:18:33+00:00","description":"Ex-vice-presidente fez discurso golpista no Senado ao conclamar For\u00e7as Armadas a desrespeitar decis\u00f5es judiciais e ignorarem institui\u00e7\u00f5es democr\u00e1ticas.","breadcrumb":{"@id":"https:\/\/psol50.org.br\/psol-pede-prisao-preventiva-de-general-hamilton-mourao-ao-stf\/#breadcrumb"},"inLanguage":"pt-BR","potentialAction":[{"@type":"ReadAction","target":["https:\/\/psol50.org.br\/psol-pede-prisao-preventiva-de-general-hamilton-mourao-ao-stf\/"]}]},{"@type":"ImageObject","inLanguage":"pt-BR","@id":"https:\/\/psol50.org.br\/psol-pede-prisao-preventiva-de-general-hamilton-mourao-ao-stf\/#primaryimage","url":"https:\/\/psol50.org.br\/inc\/uploads\/2018\/10\/mourao2.jpg","contentUrl":"https:\/\/psol50.org.br\/inc\/uploads\/2018\/10\/mourao2.jpg","width":840,"height":496},{"@type":"BreadcrumbList","@id":"https:\/\/psol50.org.br\/psol-pede-prisao-preventiva-de-general-hamilton-mourao-ao-stf\/#breadcrumb","itemListElement":[{"@type":"ListItem","position":1,"name":"In\u00edcio","item":"https:\/\/psol50.org.br\/"},{"@type":"ListItem","position":2,"name":"PSOL pede pris\u00e3o preventiva de General Hamilton Mour\u00e3o ao STF"}]},{"@type":"WebSite","@id":"https:\/\/psol50.org.br\/#website","url":"https:\/\/psol50.org.br\/","name":"PSOL 50","description":"Site oficial do Partido Socialismo e Liberdade","publisher":{"@id":"https:\/\/psol50.org.br\/#organization"},"alternateName":"PSOL50","potentialAction":[{"@type":"SearchAction","target":{"@type":"EntryPoint","urlTemplate":"https:\/\/psol50.org.br\/?s={search_term_string}"},"query-input":{"@type":"PropertyValueSpecification","valueRequired":true,"valueName":"search_term_string"}}],"inLanguage":"pt-BR"},{"@type":"Organization","@id":"https:\/\/psol50.org.br\/#organization","name":"PSOL 50","alternateName":"PSOL 50","url":"https:\/\/psol50.org.br\/","logo":{"@type":"ImageObject","inLanguage":"pt-BR","@id":"https:\/\/psol50.org.br\/#\/schema\/logo\/image\/","url":"https:\/\/psol50.org.br\/inc\/uploads\/2018\/07\/capa.png","contentUrl":"https:\/\/psol50.org.br\/inc\/uploads\/2018\/07\/capa.png","width":1350,"height":900,"caption":"PSOL 50"},"image":{"@id":"https:\/\/psol50.org.br\/#\/schema\/logo\/image\/"},"sameAs":["https:\/\/www.facebook.com\/psol50","https:\/\/x.com\/psol50","https:\/\/www.instagram.com\/psol50\/","https:\/\/www.youtube.com\/channel\/UC7SnJS5o1os7a6CaiNabzcg"]},{"@type":"Person","@id":"https:\/\/psol50.org.br\/#\/schema\/person\/475dfa57d0b815993c714c2e96491fcd","name":"Comunica\u00e7\u00e3o PSOL","image":{"@type":"ImageObject","inLanguage":"pt-BR","@id":"https:\/\/psol50.org.br\/#\/schema\/person\/image\/","url":"https:\/\/secure.gravatar.com\/avatar\/b34fc4f4e468a4e51785917065a3db57b841f5c95dba6ad8c73aaf8f66f8f9bf?s=96&d=mm&r=g","contentUrl":"https:\/\/secure.gravatar.com\/avatar\/b34fc4f4e468a4e51785917065a3db57b841f5c95dba6ad8c73aaf8f66f8f9bf?s=96&d=mm&r=g","caption":"Comunica\u00e7\u00e3o PSOL"}}]}},"_links":{"self":[{"href":"https:\/\/psol50.org.br\/rest\/wp\/v2\/posts\/39008","targetHints":{"allow":["GET"]}}],"collection":[{"href":"https:\/\/psol50.org.br\/rest\/wp\/v2\/posts"}],"about":[{"href":"https:\/\/psol50.org.br\/rest\/wp\/v2\/types\/post"}],"author":[{"embeddable":true,"href":"https:\/\/psol50.org.br\/rest\/wp\/v2\/users\/2"}],"replies":[{"embeddable":true,"href":"https:\/\/psol50.org.br\/rest\/wp\/v2\/comments?post=39008"}],"version-history":[{"count":2,"href":"https:\/\/psol50.org.br\/rest\/wp\/v2\/posts\/39008\/revisions"}],"predecessor-version":[{"id":39010,"href":"https:\/\/psol50.org.br\/rest\/wp\/v2\/posts\/39008\/revisions\/39010"}],"wp:featuredmedia":[{"embeddable":true,"href":"https:\/\/psol50.org.br\/rest\/wp\/v2\/media\/21960"}],"wp:attachment":[{"href":"https:\/\/psol50.org.br\/rest\/wp\/v2\/media?parent=39008"}],"wp:term":[{"taxonomy":"category","embeddable":true,"href":"https:\/\/psol50.org.br\/rest\/wp\/v2\/categories?post=39008"},{"taxonomy":"post_tag","embeddable":true,"href":"https:\/\/psol50.org.br\/rest\/wp\/v2\/tags?post=39008"}],"curies":[{"name":"wp","href":"https:\/\/api.w.org\/{rel}","templated":true}]}}