{"id":39025,"date":"2024-02-19T16:29:31","date_gmt":"2024-02-19T19:29:31","guid":{"rendered":"https:\/\/psol50.org.br\/?p=39025"},"modified":"2024-02-21T15:56:30","modified_gmt":"2024-02-21T18:56:30","slug":"monica-benicio-psol-pede-investigacao-contra-carlos-bolsonaro-por-uso-da-camara-municipal-do-rio-em-escandalo-da-abin-paralela","status":"publish","type":"post","link":"https:\/\/psol50.org.br\/monica-benicio-psol-pede-investigacao-contra-carlos-bolsonaro-por-uso-da-camara-municipal-do-rio-em-escandalo-da-abin-paralela\/","title":{"rendered":"M\u00f4nica Ben\u00edcio (PSOL) pede investiga\u00e7\u00e3o de Carlos Bolsonaro por uso da C\u00e2mara do Rio na Abin paralela"},"content":{"rendered":"<p>A vereadora do PSOL M\u00f4nica Ben\u00edcio pediu a abertura de uma investiga\u00e7\u00e3o para apurar se o vereador Carlos Bolsonaro utilizou a estrutura da C\u00e2mara Municipal do Rio de Janeiro para operar o esquema de espionagem ilegal da Ag\u00eancia Brasileira de Informa\u00e7\u00f5es (Abin), a chamada Abin paralela.<\/p>\n<p>A representa\u00e7\u00e3o foi enviada ao Tribunal de Contas do Munic\u00edpio (TCM) para apurar poss\u00edveis irregularidades cometidas contra o patrim\u00f4nio p\u00fablico pelo filho do ex-presidente Jair Bolsonaro.<\/p>\n<p>\u201cSabemos que nove computadores foram apreendidos no gabinete do vereador Carlos Bolsonaro aqui na C\u00e2mara Municipal do Rio durante as buscas da PF. Diante disso, existe a possibilidade de que a estrutura do gabinete, colocada \u00e0 disposi\u00e7\u00e3o dos vereadores, tenha sido utilizada no esquema de espionagem ilegal da ABIN e isso seria muito grave\u201d, disse a parlamentar.<\/p>\n<p>Caso seja confirmada a den\u00fancia, ela pode configurar &#8220;a pr\u00e1tica de ato doloso que importa em enriquecimento il\u00edcito, nos termos da Lei de Improbidade Administrativa\u201d, diz trecho do documento apresentado pela vereadora do PSOL carioca.<\/p>\n<blockquote class=\"twitter-tweet\" data-width=\"550\" data-dnt=\"true\">\n<p lang=\"pt\" dir=\"ltr\">Solicitei formalmente ao Tribunal de Contas do Munic\u00edpio uma INVESTIGA\u00c7\u00c3O contra CARLOS BOLSONARO. Protocolei a representa\u00e7\u00e3o no TCM ap\u00f3s constatar que o vereador pode ter usado a estrutura da C\u00e2mara Municipal no esquema de espionagem ilegal da Abin. Isso \u00e9 inadmiss\u00edvel! \u00c9 crime!\u2026 <a href=\"https:\/\/t.co\/BuhFWXNQqg\">pic.twitter.com\/BuhFWXNQqg<\/a><\/p>\n<p>&mdash; Monica Benicio \ud83c\udff3\ufe0f\u200d\ud83c\udf08 (@monica_benicio) <a href=\"https:\/\/twitter.com\/monica_benicio\/status\/1758515287173779698?ref_src=twsrc%5Etfw\">February 16, 2024<\/a><\/p><\/blockquote>\n<p><script async src=\"https:\/\/platform.twitter.com\/widgets.js\" charset=\"utf-8\"><\/script><\/p>\n","protected":false},"excerpt":{"rendered":"<p>A vereadora do PSOL M\u00f4nica Ben\u00edcio pediu a abertura de uma investiga\u00e7\u00e3o para apurar se o vereador Carlos Bolsonaro utilizou a estrutura da C\u00e2mara Municipal do Rio de Janeiro para operar o esquema de espionagem ilegal da Ag\u00eancia Brasileira de Informa\u00e7\u00f5es (Abin), a chamada Abin paralela. A representa\u00e7\u00e3o foi enviada ao Tribunal de Contas do [&hellip;]<\/p>\n","protected":false},"author":2,"featured_media":39028,"comment_status":"closed","ping_status":"open","sticky":false,"template":"","format":"standard","meta":{"_acf_changed":false,"footnotes":""},"categories":[10,654],"tags":[4825],"class_list":{"0":"post-39025","1":"post","2":"type-post","3":"status-publish","4":"format-standard","5":"has-post-thumbnail","7":"category-acao-parlamentares","8":"category-estados","9":"tag-noticias"},"acf":[],"yoast_head":"<!-- This site is optimized with the Yoast SEO plugin v26.5 - https:\/\/yoast.com\/wordpress\/plugins\/seo\/ -->\n<title>M\u00f4nica Ben\u00edcio (PSOL) pede investiga\u00e7\u00e3o de Carlos Bolsonaro por uso da C\u00e2mara do Rio na Abin paralela<\/title>\n<meta name=\"description\" content=\"A representa\u00e7\u00e3o enviada ao Tribunal de Contas do Munic\u00edpio (TCM) pede que poss\u00edveis danos ao patrim\u00f4nio p\u00fablico carioca sejam investigados.\" \/>\n<meta name=\"robots\" content=\"index, follow, max-snippet:-1, max-image-preview:large, max-video-preview:-1\" \/>\n<link rel=\"canonical\" href=\"https:\/\/psol50.org.br\/monica-benicio-psol-pede-investigacao-contra-carlos-bolsonaro-por-uso-da-camara-municipal-do-rio-em-escandalo-da-abin-paralela\/\" \/>\n<meta property=\"og:locale\" content=\"pt_BR\" \/>\n<meta property=\"og:type\" content=\"article\" \/>\n<meta property=\"og:title\" content=\"M\u00f4nica Ben\u00edcio (PSOL) pede investiga\u00e7\u00e3o de Carlos Bolsonaro por uso da C\u00e2mara do Rio na Abin paralela\" \/>\n<meta property=\"og:description\" content=\"A representa\u00e7\u00e3o enviada ao Tribunal de Contas do Munic\u00edpio (TCM) pede que poss\u00edveis danos ao patrim\u00f4nio p\u00fablico carioca sejam investigados.\" \/>\n<meta property=\"og:url\" content=\"https:\/\/psol50.org.br\/monica-benicio-psol-pede-investigacao-contra-carlos-bolsonaro-por-uso-da-camara-municipal-do-rio-em-escandalo-da-abin-paralela\/\" \/>\n<meta property=\"og:site_name\" content=\"PSOL 50\" \/>\n<meta property=\"article:publisher\" content=\"https:\/\/www.facebook.com\/psol50\" \/>\n<meta property=\"article:published_time\" content=\"2024-02-19T19:29:31+00:00\" \/>\n<meta property=\"article:modified_time\" content=\"2024-02-21T18:56:30+00:00\" \/>\n<meta property=\"og:image\" content=\"https:\/\/psol50.org.br\/inc\/uploads\/2024\/02\/53398386776_503634c6b0_o-scaled.jpg\" \/>\n\t<meta property=\"og:image:width\" content=\"2560\" \/>\n\t<meta property=\"og:image:height\" content=\"1707\" \/>\n\t<meta property=\"og:image:type\" content=\"image\/jpeg\" \/>\n<meta name=\"author\" content=\"Comunica\u00e7\u00e3o PSOL\" \/>\n<meta name=\"twitter:card\" content=\"summary_large_image\" \/>\n<meta name=\"twitter:creator\" content=\"@psol50\" \/>\n<meta name=\"twitter:site\" content=\"@psol50\" \/>\n<meta name=\"twitter:label1\" content=\"Escrito por\" \/>\n\t<meta name=\"twitter:data1\" content=\"Comunica\u00e7\u00e3o PSOL\" \/>\n\t<meta name=\"twitter:label2\" content=\"Est. tempo de leitura\" \/>\n\t<meta name=\"twitter:data2\" content=\"1 minuto\" \/>\n<script type=\"application\/ld+json\" class=\"yoast-schema-graph\">{\"@context\":\"https:\/\/schema.org\",\"@graph\":[{\"@type\":\"Article\",\"@id\":\"https:\/\/psol50.org.br\/monica-benicio-psol-pede-investigacao-contra-carlos-bolsonaro-por-uso-da-camara-municipal-do-rio-em-escandalo-da-abin-paralela\/#article\",\"isPartOf\":{\"@id\":\"https:\/\/psol50.org.br\/monica-benicio-psol-pede-investigacao-contra-carlos-bolsonaro-por-uso-da-camara-municipal-do-rio-em-escandalo-da-abin-paralela\/\"},\"author\":{\"name\":\"Comunica\u00e7\u00e3o PSOL\",\"@id\":\"https:\/\/psol50.org.br\/#\/schema\/person\/475dfa57d0b815993c714c2e96491fcd\"},\"headline\":\"M\u00f4nica Ben\u00edcio (PSOL) pede investiga\u00e7\u00e3o de Carlos Bolsonaro por uso da C\u00e2mara do Rio na Abin paralela\",\"datePublished\":\"2024-02-19T19:29:31+00:00\",\"dateModified\":\"2024-02-21T18:56:30+00:00\",\"mainEntityOfPage\":{\"@id\":\"https:\/\/psol50.org.br\/monica-benicio-psol-pede-investigacao-contra-carlos-bolsonaro-por-uso-da-camara-municipal-do-rio-em-escandalo-da-abin-paralela\/\"},\"wordCount\":206,\"publisher\":{\"@id\":\"https:\/\/psol50.org.br\/#organization\"},\"image\":{\"@id\":\"https:\/\/psol50.org.br\/monica-benicio-psol-pede-investigacao-contra-carlos-bolsonaro-por-uso-da-camara-municipal-do-rio-em-escandalo-da-abin-paralela\/#primaryimage\"},\"thumbnailUrl\":\"https:\/\/psol50.org.br\/inc\/uploads\/2024\/02\/53398386776_503634c6b0_o-scaled.jpg\",\"keywords\":[\"Not\u00edcias\"],\"articleSection\":[\"A\u00e7\u00e3o Parlamentar\",\"Estados\"],\"inLanguage\":\"pt-BR\"},{\"@type\":\"WebPage\",\"@id\":\"https:\/\/psol50.org.br\/monica-benicio-psol-pede-investigacao-contra-carlos-bolsonaro-por-uso-da-camara-municipal-do-rio-em-escandalo-da-abin-paralela\/\",\"url\":\"https:\/\/psol50.org.br\/monica-benicio-psol-pede-investigacao-contra-carlos-bolsonaro-por-uso-da-camara-municipal-do-rio-em-escandalo-da-abin-paralela\/\",\"name\":\"M\u00f4nica Ben\u00edcio (PSOL) pede investiga\u00e7\u00e3o de Carlos Bolsonaro por uso da C\u00e2mara do Rio na Abin paralela\",\"isPartOf\":{\"@id\":\"https:\/\/psol50.org.br\/#website\"},\"primaryImageOfPage\":{\"@id\":\"https:\/\/psol50.org.br\/monica-benicio-psol-pede-investigacao-contra-carlos-bolsonaro-por-uso-da-camara-municipal-do-rio-em-escandalo-da-abin-paralela\/#primaryimage\"},\"image\":{\"@id\":\"https:\/\/psol50.org.br\/monica-benicio-psol-pede-investigacao-contra-carlos-bolsonaro-por-uso-da-camara-municipal-do-rio-em-escandalo-da-abin-paralela\/#primaryimage\"},\"thumbnailUrl\":\"https:\/\/psol50.org.br\/inc\/uploads\/2024\/02\/53398386776_503634c6b0_o-scaled.jpg\",\"datePublished\":\"2024-02-19T19:29:31+00:00\",\"dateModified\":\"2024-02-21T18:56:30+00:00\",\"description\":\"A representa\u00e7\u00e3o enviada ao Tribunal de Contas do Munic\u00edpio (TCM) pede que poss\u00edveis danos ao patrim\u00f4nio p\u00fablico carioca sejam investigados.\",\"breadcrumb\":{\"@id\":\"https:\/\/psol50.org.br\/monica-benicio-psol-pede-investigacao-contra-carlos-bolsonaro-por-uso-da-camara-municipal-do-rio-em-escandalo-da-abin-paralela\/#breadcrumb\"},\"inLanguage\":\"pt-BR\",\"potentialAction\":[{\"@type\":\"ReadAction\",\"target\":[\"https:\/\/psol50.org.br\/monica-benicio-psol-pede-investigacao-contra-carlos-bolsonaro-por-uso-da-camara-municipal-do-rio-em-escandalo-da-abin-paralela\/\"]}]},{\"@type\":\"ImageObject\",\"inLanguage\":\"pt-BR\",\"@id\":\"https:\/\/psol50.org.br\/monica-benicio-psol-pede-investigacao-contra-carlos-bolsonaro-por-uso-da-camara-municipal-do-rio-em-escandalo-da-abin-paralela\/#primaryimage\",\"url\":\"https:\/\/psol50.org.br\/inc\/uploads\/2024\/02\/53398386776_503634c6b0_o-scaled.jpg\",\"contentUrl\":\"https:\/\/psol50.org.br\/inc\/uploads\/2024\/02\/53398386776_503634c6b0_o-scaled.jpg\",\"width\":2560,\"height\":1707,\"caption\":\"Foto: Renan Olaz\/CMRJ\"},{\"@type\":\"BreadcrumbList\",\"@id\":\"https:\/\/psol50.org.br\/monica-benicio-psol-pede-investigacao-contra-carlos-bolsonaro-por-uso-da-camara-municipal-do-rio-em-escandalo-da-abin-paralela\/#breadcrumb\",\"itemListElement\":[{\"@type\":\"ListItem\",\"position\":1,\"name\":\"In\u00edcio\",\"item\":\"https:\/\/psol50.org.br\/\"},{\"@type\":\"ListItem\",\"position\":2,\"name\":\"M\u00f4nica Ben\u00edcio (PSOL) pede investiga\u00e7\u00e3o de Carlos Bolsonaro por uso da C\u00e2mara do Rio na Abin paralela\"}]},{\"@type\":\"WebSite\",\"@id\":\"https:\/\/psol50.org.br\/#website\",\"url\":\"https:\/\/psol50.org.br\/\",\"name\":\"PSOL 50\",\"description\":\"Site oficial do Partido Socialismo e Liberdade\",\"publisher\":{\"@id\":\"https:\/\/psol50.org.br\/#organization\"},\"alternateName\":\"PSOL50\",\"potentialAction\":[{\"@type\":\"SearchAction\",\"target\":{\"@type\":\"EntryPoint\",\"urlTemplate\":\"https:\/\/psol50.org.br\/?s={search_term_string}\"},\"query-input\":{\"@type\":\"PropertyValueSpecification\",\"valueRequired\":true,\"valueName\":\"search_term_string\"}}],\"inLanguage\":\"pt-BR\"},{\"@type\":\"Organization\",\"@id\":\"https:\/\/psol50.org.br\/#organization\",\"name\":\"PSOL 50\",\"alternateName\":\"PSOL 50\",\"url\":\"https:\/\/psol50.org.br\/\",\"logo\":{\"@type\":\"ImageObject\",\"inLanguage\":\"pt-BR\",\"@id\":\"https:\/\/psol50.org.br\/#\/schema\/logo\/image\/\",\"url\":\"https:\/\/psol50.org.br\/inc\/uploads\/2018\/07\/capa.png\",\"contentUrl\":\"https:\/\/psol50.org.br\/inc\/uploads\/2018\/07\/capa.png\",\"width\":1350,\"height\":900,\"caption\":\"PSOL 50\"},\"image\":{\"@id\":\"https:\/\/psol50.org.br\/#\/schema\/logo\/image\/\"},\"sameAs\":[\"https:\/\/www.facebook.com\/psol50\",\"https:\/\/x.com\/psol50\",\"https:\/\/www.instagram.com\/psol50\/\",\"https:\/\/www.youtube.com\/channel\/UC7SnJS5o1os7a6CaiNabzcg\"]},{\"@type\":\"Person\",\"@id\":\"https:\/\/psol50.org.br\/#\/schema\/person\/475dfa57d0b815993c714c2e96491fcd\",\"name\":\"Comunica\u00e7\u00e3o PSOL\",\"image\":{\"@type\":\"ImageObject\",\"inLanguage\":\"pt-BR\",\"@id\":\"https:\/\/psol50.org.br\/#\/schema\/person\/image\/\",\"url\":\"https:\/\/secure.gravatar.com\/avatar\/b34fc4f4e468a4e51785917065a3db57b841f5c95dba6ad8c73aaf8f66f8f9bf?s=96&d=mm&r=g\",\"contentUrl\":\"https:\/\/secure.gravatar.com\/avatar\/b34fc4f4e468a4e51785917065a3db57b841f5c95dba6ad8c73aaf8f66f8f9bf?s=96&d=mm&r=g\",\"caption\":\"Comunica\u00e7\u00e3o PSOL\"}}]}<\/script>\n<!-- \/ Yoast SEO plugin. -->","yoast_head_json":{"title":"M\u00f4nica Ben\u00edcio (PSOL) pede investiga\u00e7\u00e3o de Carlos Bolsonaro por uso da C\u00e2mara do Rio na Abin paralela","description":"A representa\u00e7\u00e3o enviada ao Tribunal de Contas do Munic\u00edpio (TCM) pede que poss\u00edveis danos ao patrim\u00f4nio p\u00fablico carioca sejam investigados.","robots":{"index":"index","follow":"follow","max-snippet":"max-snippet:-1","max-image-preview":"max-image-preview:large","max-video-preview":"max-video-preview:-1"},"canonical":"https:\/\/psol50.org.br\/monica-benicio-psol-pede-investigacao-contra-carlos-bolsonaro-por-uso-da-camara-municipal-do-rio-em-escandalo-da-abin-paralela\/","og_locale":"pt_BR","og_type":"article","og_title":"M\u00f4nica Ben\u00edcio (PSOL) pede investiga\u00e7\u00e3o de Carlos Bolsonaro por uso da C\u00e2mara do Rio na Abin paralela","og_description":"A representa\u00e7\u00e3o enviada ao Tribunal de Contas do Munic\u00edpio (TCM) pede que poss\u00edveis danos ao patrim\u00f4nio p\u00fablico carioca sejam investigados.","og_url":"https:\/\/psol50.org.br\/monica-benicio-psol-pede-investigacao-contra-carlos-bolsonaro-por-uso-da-camara-municipal-do-rio-em-escandalo-da-abin-paralela\/","og_site_name":"PSOL 50","article_publisher":"https:\/\/www.facebook.com\/psol50","article_published_time":"2024-02-19T19:29:31+00:00","article_modified_time":"2024-02-21T18:56:30+00:00","og_image":[{"width":2560,"height":1707,"url":"https:\/\/psol50.org.br\/inc\/uploads\/2024\/02\/53398386776_503634c6b0_o-scaled.jpg","type":"image\/jpeg"}],"author":"Comunica\u00e7\u00e3o PSOL","twitter_card":"summary_large_image","twitter_creator":"@psol50","twitter_site":"@psol50","twitter_misc":{"Escrito por":"Comunica\u00e7\u00e3o PSOL","Est. tempo de leitura":"1 minuto"},"schema":{"@context":"https:\/\/schema.org","@graph":[{"@type":"Article","@id":"https:\/\/psol50.org.br\/monica-benicio-psol-pede-investigacao-contra-carlos-bolsonaro-por-uso-da-camara-municipal-do-rio-em-escandalo-da-abin-paralela\/#article","isPartOf":{"@id":"https:\/\/psol50.org.br\/monica-benicio-psol-pede-investigacao-contra-carlos-bolsonaro-por-uso-da-camara-municipal-do-rio-em-escandalo-da-abin-paralela\/"},"author":{"name":"Comunica\u00e7\u00e3o PSOL","@id":"https:\/\/psol50.org.br\/#\/schema\/person\/475dfa57d0b815993c714c2e96491fcd"},"headline":"M\u00f4nica Ben\u00edcio (PSOL) pede investiga\u00e7\u00e3o de Carlos Bolsonaro por uso da C\u00e2mara do Rio na Abin paralela","datePublished":"2024-02-19T19:29:31+00:00","dateModified":"2024-02-21T18:56:30+00:00","mainEntityOfPage":{"@id":"https:\/\/psol50.org.br\/monica-benicio-psol-pede-investigacao-contra-carlos-bolsonaro-por-uso-da-camara-municipal-do-rio-em-escandalo-da-abin-paralela\/"},"wordCount":206,"publisher":{"@id":"https:\/\/psol50.org.br\/#organization"},"image":{"@id":"https:\/\/psol50.org.br\/monica-benicio-psol-pede-investigacao-contra-carlos-bolsonaro-por-uso-da-camara-municipal-do-rio-em-escandalo-da-abin-paralela\/#primaryimage"},"thumbnailUrl":"https:\/\/psol50.org.br\/inc\/uploads\/2024\/02\/53398386776_503634c6b0_o-scaled.jpg","keywords":["Not\u00edcias"],"articleSection":["A\u00e7\u00e3o Parlamentar","Estados"],"inLanguage":"pt-BR"},{"@type":"WebPage","@id":"https:\/\/psol50.org.br\/monica-benicio-psol-pede-investigacao-contra-carlos-bolsonaro-por-uso-da-camara-municipal-do-rio-em-escandalo-da-abin-paralela\/","url":"https:\/\/psol50.org.br\/monica-benicio-psol-pede-investigacao-contra-carlos-bolsonaro-por-uso-da-camara-municipal-do-rio-em-escandalo-da-abin-paralela\/","name":"M\u00f4nica Ben\u00edcio (PSOL) pede investiga\u00e7\u00e3o de Carlos Bolsonaro por uso da C\u00e2mara do Rio na Abin paralela","isPartOf":{"@id":"https:\/\/psol50.org.br\/#website"},"primaryImageOfPage":{"@id":"https:\/\/psol50.org.br\/monica-benicio-psol-pede-investigacao-contra-carlos-bolsonaro-por-uso-da-camara-municipal-do-rio-em-escandalo-da-abin-paralela\/#primaryimage"},"image":{"@id":"https:\/\/psol50.org.br\/monica-benicio-psol-pede-investigacao-contra-carlos-bolsonaro-por-uso-da-camara-municipal-do-rio-em-escandalo-da-abin-paralela\/#primaryimage"},"thumbnailUrl":"https:\/\/psol50.org.br\/inc\/uploads\/2024\/02\/53398386776_503634c6b0_o-scaled.jpg","datePublished":"2024-02-19T19:29:31+00:00","dateModified":"2024-02-21T18:56:30+00:00","description":"A representa\u00e7\u00e3o enviada ao Tribunal de Contas do Munic\u00edpio (TCM) pede que poss\u00edveis danos ao patrim\u00f4nio p\u00fablico carioca sejam investigados.","breadcrumb":{"@id":"https:\/\/psol50.org.br\/monica-benicio-psol-pede-investigacao-contra-carlos-bolsonaro-por-uso-da-camara-municipal-do-rio-em-escandalo-da-abin-paralela\/#breadcrumb"},"inLanguage":"pt-BR","potentialAction":[{"@type":"ReadAction","target":["https:\/\/psol50.org.br\/monica-benicio-psol-pede-investigacao-contra-carlos-bolsonaro-por-uso-da-camara-municipal-do-rio-em-escandalo-da-abin-paralela\/"]}]},{"@type":"ImageObject","inLanguage":"pt-BR","@id":"https:\/\/psol50.org.br\/monica-benicio-psol-pede-investigacao-contra-carlos-bolsonaro-por-uso-da-camara-municipal-do-rio-em-escandalo-da-abin-paralela\/#primaryimage","url":"https:\/\/psol50.org.br\/inc\/uploads\/2024\/02\/53398386776_503634c6b0_o-scaled.jpg","contentUrl":"https:\/\/psol50.org.br\/inc\/uploads\/2024\/02\/53398386776_503634c6b0_o-scaled.jpg","width":2560,"height":1707,"caption":"Foto: Renan Olaz\/CMRJ"},{"@type":"BreadcrumbList","@id":"https:\/\/psol50.org.br\/monica-benicio-psol-pede-investigacao-contra-carlos-bolsonaro-por-uso-da-camara-municipal-do-rio-em-escandalo-da-abin-paralela\/#breadcrumb","itemListElement":[{"@type":"ListItem","position":1,"name":"In\u00edcio","item":"https:\/\/psol50.org.br\/"},{"@type":"ListItem","position":2,"name":"M\u00f4nica Ben\u00edcio (PSOL) pede investiga\u00e7\u00e3o de Carlos Bolsonaro por uso da C\u00e2mara do Rio na Abin paralela"}]},{"@type":"WebSite","@id":"https:\/\/psol50.org.br\/#website","url":"https:\/\/psol50.org.br\/","name":"PSOL 50","description":"Site oficial do Partido Socialismo e Liberdade","publisher":{"@id":"https:\/\/psol50.org.br\/#organization"},"alternateName":"PSOL50","potentialAction":[{"@type":"SearchAction","target":{"@type":"EntryPoint","urlTemplate":"https:\/\/psol50.org.br\/?s={search_term_string}"},"query-input":{"@type":"PropertyValueSpecification","valueRequired":true,"valueName":"search_term_string"}}],"inLanguage":"pt-BR"},{"@type":"Organization","@id":"https:\/\/psol50.org.br\/#organization","name":"PSOL 50","alternateName":"PSOL 50","url":"https:\/\/psol50.org.br\/","logo":{"@type":"ImageObject","inLanguage":"pt-BR","@id":"https:\/\/psol50.org.br\/#\/schema\/logo\/image\/","url":"https:\/\/psol50.org.br\/inc\/uploads\/2018\/07\/capa.png","contentUrl":"https:\/\/psol50.org.br\/inc\/uploads\/2018\/07\/capa.png","width":1350,"height":900,"caption":"PSOL 50"},"image":{"@id":"https:\/\/psol50.org.br\/#\/schema\/logo\/image\/"},"sameAs":["https:\/\/www.facebook.com\/psol50","https:\/\/x.com\/psol50","https:\/\/www.instagram.com\/psol50\/","https:\/\/www.youtube.com\/channel\/UC7SnJS5o1os7a6CaiNabzcg"]},{"@type":"Person","@id":"https:\/\/psol50.org.br\/#\/schema\/person\/475dfa57d0b815993c714c2e96491fcd","name":"Comunica\u00e7\u00e3o PSOL","image":{"@type":"ImageObject","inLanguage":"pt-BR","@id":"https:\/\/psol50.org.br\/#\/schema\/person\/image\/","url":"https:\/\/secure.gravatar.com\/avatar\/b34fc4f4e468a4e51785917065a3db57b841f5c95dba6ad8c73aaf8f66f8f9bf?s=96&d=mm&r=g","contentUrl":"https:\/\/secure.gravatar.com\/avatar\/b34fc4f4e468a4e51785917065a3db57b841f5c95dba6ad8c73aaf8f66f8f9bf?s=96&d=mm&r=g","caption":"Comunica\u00e7\u00e3o PSOL"}}]}},"_links":{"self":[{"href":"https:\/\/psol50.org.br\/rest\/wp\/v2\/posts\/39025","targetHints":{"allow":["GET"]}}],"collection":[{"href":"https:\/\/psol50.org.br\/rest\/wp\/v2\/posts"}],"about":[{"href":"https:\/\/psol50.org.br\/rest\/wp\/v2\/types\/post"}],"author":[{"embeddable":true,"href":"https:\/\/psol50.org.br\/rest\/wp\/v2\/users\/2"}],"replies":[{"embeddable":true,"href":"https:\/\/psol50.org.br\/rest\/wp\/v2\/comments?post=39025"}],"version-history":[{"count":5,"href":"https:\/\/psol50.org.br\/rest\/wp\/v2\/posts\/39025\/revisions"}],"predecessor-version":[{"id":39031,"href":"https:\/\/psol50.org.br\/rest\/wp\/v2\/posts\/39025\/revisions\/39031"}],"wp:featuredmedia":[{"embeddable":true,"href":"https:\/\/psol50.org.br\/rest\/wp\/v2\/media\/39028"}],"wp:attachment":[{"href":"https:\/\/psol50.org.br\/rest\/wp\/v2\/media?parent=39025"}],"wp:term":[{"taxonomy":"category","embeddable":true,"href":"https:\/\/psol50.org.br\/rest\/wp\/v2\/categories?post=39025"},{"taxonomy":"post_tag","embeddable":true,"href":"https:\/\/psol50.org.br\/rest\/wp\/v2\/tags?post=39025"}],"curies":[{"name":"wp","href":"https:\/\/api.w.org\/{rel}","templated":true}]}}