{"id":39037,"date":"2024-02-21T17:16:58","date_gmt":"2024-02-21T20:16:58","guid":{"rendered":"https:\/\/psol50.org.br\/?p=39037"},"modified":"2024-02-21T17:16:58","modified_gmt":"2024-02-21T20:16:58","slug":"luciana-genro-psol-recebe-ameacas-a-sua-familia-por-defender-o-povo-palestino","status":"publish","type":"post","link":"https:\/\/psol50.org.br\/luciana-genro-psol-recebe-ameacas-a-sua-familia-por-defender-o-povo-palestino\/","title":{"rendered":"Luciana Genro (PSOL) recebe amea\u00e7as a sua fam\u00edlia por defender o povo palestino"},"content":{"rendered":"<p>A deputada estadual Luciana Genro, do PSOL no Rio Grande do Sul, recebeu amea\u00e7as nesta quarta-feira (21) endere\u00e7adas a sua fam\u00edlia. O motivo das amea\u00e7as \u00e9 a sua firme atua\u00e7\u00e3o parlamentar em defesa do povo palestino e contra o genoc\u00eddio que acontece na Faixa de Gaza, promovido pelo Ex\u00e9rcito do governo de Israel.<\/p>\n<p>A amea\u00e7a, enviada ao perfil de Instagram da deputada, continha o endere\u00e7o da fam\u00edlia de Luciana Genro. A parlamentar j\u00e1 entrou em contato com a delegada Tatiana Bastos, da Delegacia de Combate \u00e0 Intoler\u00e2ncia, e realizar\u00e1 um boletim de ocorr\u00eancia.<\/p>\n<p>&#8220;N\u00e3o me intimidam e n\u00e3o ir\u00e3o calar as vozes em defesa de uma popula\u00e7\u00e3o que vem sendo dizimada&#8221;, disse Luciana em suas redes sociais.<\/p>\n<p>&#8220;\u00c9 preciso uma investiga\u00e7\u00e3o s\u00e9ria para identificar a autoria desta amea\u00e7a e proceder \u00e0 puni\u00e7\u00e3o dos envolvidos&#8221;, conclui.<\/p>\n<blockquote class=\"twitter-tweet\" data-width=\"550\" data-dnt=\"true\">\n<p lang=\"pt\" dir=\"ltr\">\ud83d\udea8 AMEA\u00c7A \u00c0 MINHA FAM\u00cdLIA! Recebi, em meu perfil no Instagram, essa mensagem amea\u00e7ando a minha fam\u00edlia por minha atua\u00e7\u00e3o em defesa do povo palestino. N\u00e3o me intimidam e n\u00e3o ir\u00e3o calar as vozes em defesa de uma popula\u00e7\u00e3o que vem sendo dizimada. J\u00e1 contatei a delegada Tatiana\u2026 <a href=\"https:\/\/t.co\/b7FGStLbQH\">pic.twitter.com\/b7FGStLbQH<\/a><\/p>\n<p>&mdash; Luciana Genro (@lucianagenro) <a href=\"https:\/\/twitter.com\/lucianagenro\/status\/1760350176848269518?ref_src=twsrc%5Etfw\">February 21, 2024<\/a><\/p><\/blockquote>\n<p><script async src=\"https:\/\/platform.twitter.com\/widgets.js\" charset=\"utf-8\"><\/script><\/p>\n","protected":false},"excerpt":{"rendered":"<p>A deputada estadual Luciana Genro, do PSOL no Rio Grande do Sul, recebeu amea\u00e7as nesta quarta-feira (21) endere\u00e7adas a sua fam\u00edlia. O motivo das amea\u00e7as \u00e9 a sua firme atua\u00e7\u00e3o parlamentar em defesa do povo palestino e contra o genoc\u00eddio que acontece na Faixa de Gaza, promovido pelo Ex\u00e9rcito do governo de Israel. A amea\u00e7a, [&hellip;]<\/p>\n","protected":false},"author":2,"featured_media":39039,"comment_status":"closed","ping_status":"open","sticky":false,"template":"","format":"standard","meta":{"_acf_changed":false,"footnotes":""},"categories":[654],"tags":[4825],"class_list":{"0":"post-39037","1":"post","2":"type-post","3":"status-publish","4":"format-standard","5":"has-post-thumbnail","7":"category-estados","8":"tag-noticias"},"acf":[],"yoast_head":"<!-- This site is optimized with the Yoast SEO plugin v26.5 - https:\/\/yoast.com\/wordpress\/plugins\/seo\/ -->\n<title>Luciana Genro (PSOL) recebe amea\u00e7as a sua fam\u00edlia por defender o povo palestino<\/title>\n<meta name=\"description\" content=\"Deputada estadual do PSOL no Rio Grande do Sul vai fazer boletim de ocorr\u00eancia na Delegacia de Combate \u00e0 Intoler\u00e2ncia.\" \/>\n<meta name=\"robots\" content=\"index, follow, max-snippet:-1, max-image-preview:large, max-video-preview:-1\" \/>\n<link rel=\"canonical\" href=\"https:\/\/psol50.org.br\/luciana-genro-psol-recebe-ameacas-a-sua-familia-por-defender-o-povo-palestino\/\" \/>\n<meta property=\"og:locale\" content=\"pt_BR\" \/>\n<meta property=\"og:type\" content=\"article\" \/>\n<meta property=\"og:title\" content=\"Luciana Genro (PSOL) recebe amea\u00e7as a sua fam\u00edlia por defender o povo palestino\" \/>\n<meta property=\"og:description\" content=\"Deputada estadual do PSOL no Rio Grande do Sul vai fazer boletim de ocorr\u00eancia na Delegacia de Combate \u00e0 Intoler\u00e2ncia.\" \/>\n<meta property=\"og:url\" content=\"https:\/\/psol50.org.br\/luciana-genro-psol-recebe-ameacas-a-sua-familia-por-defender-o-povo-palestino\/\" \/>\n<meta property=\"og:site_name\" content=\"PSOL 50\" \/>\n<meta property=\"article:publisher\" content=\"https:\/\/www.facebook.com\/psol50\" \/>\n<meta property=\"article:published_time\" content=\"2024-02-21T20:16:58+00:00\" \/>\n<meta property=\"og:image\" content=\"https:\/\/psol50.org.br\/inc\/uploads\/2024\/02\/391752358_885120499635045_6155646832467438793_n.jpg\" \/>\n\t<meta property=\"og:image:width\" content=\"800\" \/>\n\t<meta property=\"og:image:height\" content=\"600\" \/>\n\t<meta property=\"og:image:type\" content=\"image\/jpeg\" \/>\n<meta name=\"author\" content=\"Comunica\u00e7\u00e3o PSOL\" \/>\n<meta name=\"twitter:card\" content=\"summary_large_image\" \/>\n<meta name=\"twitter:creator\" content=\"@psol50\" \/>\n<meta name=\"twitter:site\" content=\"@psol50\" \/>\n<meta name=\"twitter:label1\" content=\"Escrito por\" \/>\n\t<meta name=\"twitter:data1\" content=\"Comunica\u00e7\u00e3o PSOL\" \/>\n\t<meta name=\"twitter:label2\" content=\"Est. tempo de leitura\" \/>\n\t<meta name=\"twitter:data2\" content=\"1 minuto\" \/>\n<script type=\"application\/ld+json\" class=\"yoast-schema-graph\">{\"@context\":\"https:\/\/schema.org\",\"@graph\":[{\"@type\":\"Article\",\"@id\":\"https:\/\/psol50.org.br\/luciana-genro-psol-recebe-ameacas-a-sua-familia-por-defender-o-povo-palestino\/#article\",\"isPartOf\":{\"@id\":\"https:\/\/psol50.org.br\/luciana-genro-psol-recebe-ameacas-a-sua-familia-por-defender-o-povo-palestino\/\"},\"author\":{\"name\":\"Comunica\u00e7\u00e3o PSOL\",\"@id\":\"https:\/\/psol50.org.br\/#\/schema\/person\/475dfa57d0b815993c714c2e96491fcd\"},\"headline\":\"Luciana Genro (PSOL) recebe amea\u00e7as a sua fam\u00edlia por defender o povo palestino\",\"datePublished\":\"2024-02-21T20:16:58+00:00\",\"mainEntityOfPage\":{\"@id\":\"https:\/\/psol50.org.br\/luciana-genro-psol-recebe-ameacas-a-sua-familia-por-defender-o-povo-palestino\/\"},\"wordCount\":170,\"publisher\":{\"@id\":\"https:\/\/psol50.org.br\/#organization\"},\"image\":{\"@id\":\"https:\/\/psol50.org.br\/luciana-genro-psol-recebe-ameacas-a-sua-familia-por-defender-o-povo-palestino\/#primaryimage\"},\"thumbnailUrl\":\"https:\/\/psol50.org.br\/inc\/uploads\/2024\/02\/391752358_885120499635045_6155646832467438793_n.jpg\",\"keywords\":[\"Not\u00edcias\"],\"articleSection\":[\"Estados\"],\"inLanguage\":\"pt-BR\"},{\"@type\":\"WebPage\",\"@id\":\"https:\/\/psol50.org.br\/luciana-genro-psol-recebe-ameacas-a-sua-familia-por-defender-o-povo-palestino\/\",\"url\":\"https:\/\/psol50.org.br\/luciana-genro-psol-recebe-ameacas-a-sua-familia-por-defender-o-povo-palestino\/\",\"name\":\"Luciana Genro (PSOL) recebe amea\u00e7as a sua fam\u00edlia por defender o povo palestino\",\"isPartOf\":{\"@id\":\"https:\/\/psol50.org.br\/#website\"},\"primaryImageOfPage\":{\"@id\":\"https:\/\/psol50.org.br\/luciana-genro-psol-recebe-ameacas-a-sua-familia-por-defender-o-povo-palestino\/#primaryimage\"},\"image\":{\"@id\":\"https:\/\/psol50.org.br\/luciana-genro-psol-recebe-ameacas-a-sua-familia-por-defender-o-povo-palestino\/#primaryimage\"},\"thumbnailUrl\":\"https:\/\/psol50.org.br\/inc\/uploads\/2024\/02\/391752358_885120499635045_6155646832467438793_n.jpg\",\"datePublished\":\"2024-02-21T20:16:58+00:00\",\"description\":\"Deputada estadual do PSOL no Rio Grande do Sul vai fazer boletim de ocorr\u00eancia na Delegacia de Combate \u00e0 Intoler\u00e2ncia.\",\"breadcrumb\":{\"@id\":\"https:\/\/psol50.org.br\/luciana-genro-psol-recebe-ameacas-a-sua-familia-por-defender-o-povo-palestino\/#breadcrumb\"},\"inLanguage\":\"pt-BR\",\"potentialAction\":[{\"@type\":\"ReadAction\",\"target\":[\"https:\/\/psol50.org.br\/luciana-genro-psol-recebe-ameacas-a-sua-familia-por-defender-o-povo-palestino\/\"]}]},{\"@type\":\"ImageObject\",\"inLanguage\":\"pt-BR\",\"@id\":\"https:\/\/psol50.org.br\/luciana-genro-psol-recebe-ameacas-a-sua-familia-por-defender-o-povo-palestino\/#primaryimage\",\"url\":\"https:\/\/psol50.org.br\/inc\/uploads\/2024\/02\/391752358_885120499635045_6155646832467438793_n.jpg\",\"contentUrl\":\"https:\/\/psol50.org.br\/inc\/uploads\/2024\/02\/391752358_885120499635045_6155646832467438793_n.jpg\",\"width\":800,\"height\":600,\"caption\":\"Foto: Mandato Luciana Genro\"},{\"@type\":\"BreadcrumbList\",\"@id\":\"https:\/\/psol50.org.br\/luciana-genro-psol-recebe-ameacas-a-sua-familia-por-defender-o-povo-palestino\/#breadcrumb\",\"itemListElement\":[{\"@type\":\"ListItem\",\"position\":1,\"name\":\"In\u00edcio\",\"item\":\"https:\/\/psol50.org.br\/\"},{\"@type\":\"ListItem\",\"position\":2,\"name\":\"Luciana Genro (PSOL) recebe amea\u00e7as a sua fam\u00edlia por defender o povo palestino\"}]},{\"@type\":\"WebSite\",\"@id\":\"https:\/\/psol50.org.br\/#website\",\"url\":\"https:\/\/psol50.org.br\/\",\"name\":\"PSOL 50\",\"description\":\"Site oficial do Partido Socialismo e Liberdade\",\"publisher\":{\"@id\":\"https:\/\/psol50.org.br\/#organization\"},\"alternateName\":\"PSOL50\",\"potentialAction\":[{\"@type\":\"SearchAction\",\"target\":{\"@type\":\"EntryPoint\",\"urlTemplate\":\"https:\/\/psol50.org.br\/?s={search_term_string}\"},\"query-input\":{\"@type\":\"PropertyValueSpecification\",\"valueRequired\":true,\"valueName\":\"search_term_string\"}}],\"inLanguage\":\"pt-BR\"},{\"@type\":\"Organization\",\"@id\":\"https:\/\/psol50.org.br\/#organization\",\"name\":\"PSOL 50\",\"alternateName\":\"PSOL 50\",\"url\":\"https:\/\/psol50.org.br\/\",\"logo\":{\"@type\":\"ImageObject\",\"inLanguage\":\"pt-BR\",\"@id\":\"https:\/\/psol50.org.br\/#\/schema\/logo\/image\/\",\"url\":\"https:\/\/psol50.org.br\/inc\/uploads\/2018\/07\/capa.png\",\"contentUrl\":\"https:\/\/psol50.org.br\/inc\/uploads\/2018\/07\/capa.png\",\"width\":1350,\"height\":900,\"caption\":\"PSOL 50\"},\"image\":{\"@id\":\"https:\/\/psol50.org.br\/#\/schema\/logo\/image\/\"},\"sameAs\":[\"https:\/\/www.facebook.com\/psol50\",\"https:\/\/x.com\/psol50\",\"https:\/\/www.instagram.com\/psol50\/\",\"https:\/\/www.youtube.com\/channel\/UC7SnJS5o1os7a6CaiNabzcg\"]},{\"@type\":\"Person\",\"@id\":\"https:\/\/psol50.org.br\/#\/schema\/person\/475dfa57d0b815993c714c2e96491fcd\",\"name\":\"Comunica\u00e7\u00e3o PSOL\",\"image\":{\"@type\":\"ImageObject\",\"inLanguage\":\"pt-BR\",\"@id\":\"https:\/\/psol50.org.br\/#\/schema\/person\/image\/\",\"url\":\"https:\/\/secure.gravatar.com\/avatar\/b34fc4f4e468a4e51785917065a3db57b841f5c95dba6ad8c73aaf8f66f8f9bf?s=96&d=mm&r=g\",\"contentUrl\":\"https:\/\/secure.gravatar.com\/avatar\/b34fc4f4e468a4e51785917065a3db57b841f5c95dba6ad8c73aaf8f66f8f9bf?s=96&d=mm&r=g\",\"caption\":\"Comunica\u00e7\u00e3o PSOL\"}}]}<\/script>\n<!-- \/ Yoast SEO plugin. -->","yoast_head_json":{"title":"Luciana Genro (PSOL) recebe amea\u00e7as a sua fam\u00edlia por defender o povo palestino","description":"Deputada estadual do PSOL no Rio Grande do Sul vai fazer boletim de ocorr\u00eancia na Delegacia de Combate \u00e0 Intoler\u00e2ncia.","robots":{"index":"index","follow":"follow","max-snippet":"max-snippet:-1","max-image-preview":"max-image-preview:large","max-video-preview":"max-video-preview:-1"},"canonical":"https:\/\/psol50.org.br\/luciana-genro-psol-recebe-ameacas-a-sua-familia-por-defender-o-povo-palestino\/","og_locale":"pt_BR","og_type":"article","og_title":"Luciana Genro (PSOL) recebe amea\u00e7as a sua fam\u00edlia por defender o povo palestino","og_description":"Deputada estadual do PSOL no Rio Grande do Sul vai fazer boletim de ocorr\u00eancia na Delegacia de Combate \u00e0 Intoler\u00e2ncia.","og_url":"https:\/\/psol50.org.br\/luciana-genro-psol-recebe-ameacas-a-sua-familia-por-defender-o-povo-palestino\/","og_site_name":"PSOL 50","article_publisher":"https:\/\/www.facebook.com\/psol50","article_published_time":"2024-02-21T20:16:58+00:00","og_image":[{"width":800,"height":600,"url":"https:\/\/psol50.org.br\/inc\/uploads\/2024\/02\/391752358_885120499635045_6155646832467438793_n.jpg","type":"image\/jpeg"}],"author":"Comunica\u00e7\u00e3o PSOL","twitter_card":"summary_large_image","twitter_creator":"@psol50","twitter_site":"@psol50","twitter_misc":{"Escrito por":"Comunica\u00e7\u00e3o PSOL","Est. tempo de leitura":"1 minuto"},"schema":{"@context":"https:\/\/schema.org","@graph":[{"@type":"Article","@id":"https:\/\/psol50.org.br\/luciana-genro-psol-recebe-ameacas-a-sua-familia-por-defender-o-povo-palestino\/#article","isPartOf":{"@id":"https:\/\/psol50.org.br\/luciana-genro-psol-recebe-ameacas-a-sua-familia-por-defender-o-povo-palestino\/"},"author":{"name":"Comunica\u00e7\u00e3o PSOL","@id":"https:\/\/psol50.org.br\/#\/schema\/person\/475dfa57d0b815993c714c2e96491fcd"},"headline":"Luciana Genro (PSOL) recebe amea\u00e7as a sua fam\u00edlia por defender o povo palestino","datePublished":"2024-02-21T20:16:58+00:00","mainEntityOfPage":{"@id":"https:\/\/psol50.org.br\/luciana-genro-psol-recebe-ameacas-a-sua-familia-por-defender-o-povo-palestino\/"},"wordCount":170,"publisher":{"@id":"https:\/\/psol50.org.br\/#organization"},"image":{"@id":"https:\/\/psol50.org.br\/luciana-genro-psol-recebe-ameacas-a-sua-familia-por-defender-o-povo-palestino\/#primaryimage"},"thumbnailUrl":"https:\/\/psol50.org.br\/inc\/uploads\/2024\/02\/391752358_885120499635045_6155646832467438793_n.jpg","keywords":["Not\u00edcias"],"articleSection":["Estados"],"inLanguage":"pt-BR"},{"@type":"WebPage","@id":"https:\/\/psol50.org.br\/luciana-genro-psol-recebe-ameacas-a-sua-familia-por-defender-o-povo-palestino\/","url":"https:\/\/psol50.org.br\/luciana-genro-psol-recebe-ameacas-a-sua-familia-por-defender-o-povo-palestino\/","name":"Luciana Genro (PSOL) recebe amea\u00e7as a sua fam\u00edlia por defender o povo palestino","isPartOf":{"@id":"https:\/\/psol50.org.br\/#website"},"primaryImageOfPage":{"@id":"https:\/\/psol50.org.br\/luciana-genro-psol-recebe-ameacas-a-sua-familia-por-defender-o-povo-palestino\/#primaryimage"},"image":{"@id":"https:\/\/psol50.org.br\/luciana-genro-psol-recebe-ameacas-a-sua-familia-por-defender-o-povo-palestino\/#primaryimage"},"thumbnailUrl":"https:\/\/psol50.org.br\/inc\/uploads\/2024\/02\/391752358_885120499635045_6155646832467438793_n.jpg","datePublished":"2024-02-21T20:16:58+00:00","description":"Deputada estadual do PSOL no Rio Grande do Sul vai fazer boletim de ocorr\u00eancia na Delegacia de Combate \u00e0 Intoler\u00e2ncia.","breadcrumb":{"@id":"https:\/\/psol50.org.br\/luciana-genro-psol-recebe-ameacas-a-sua-familia-por-defender-o-povo-palestino\/#breadcrumb"},"inLanguage":"pt-BR","potentialAction":[{"@type":"ReadAction","target":["https:\/\/psol50.org.br\/luciana-genro-psol-recebe-ameacas-a-sua-familia-por-defender-o-povo-palestino\/"]}]},{"@type":"ImageObject","inLanguage":"pt-BR","@id":"https:\/\/psol50.org.br\/luciana-genro-psol-recebe-ameacas-a-sua-familia-por-defender-o-povo-palestino\/#primaryimage","url":"https:\/\/psol50.org.br\/inc\/uploads\/2024\/02\/391752358_885120499635045_6155646832467438793_n.jpg","contentUrl":"https:\/\/psol50.org.br\/inc\/uploads\/2024\/02\/391752358_885120499635045_6155646832467438793_n.jpg","width":800,"height":600,"caption":"Foto: Mandato Luciana Genro"},{"@type":"BreadcrumbList","@id":"https:\/\/psol50.org.br\/luciana-genro-psol-recebe-ameacas-a-sua-familia-por-defender-o-povo-palestino\/#breadcrumb","itemListElement":[{"@type":"ListItem","position":1,"name":"In\u00edcio","item":"https:\/\/psol50.org.br\/"},{"@type":"ListItem","position":2,"name":"Luciana Genro (PSOL) recebe amea\u00e7as a sua fam\u00edlia por defender o povo palestino"}]},{"@type":"WebSite","@id":"https:\/\/psol50.org.br\/#website","url":"https:\/\/psol50.org.br\/","name":"PSOL 50","description":"Site oficial do Partido Socialismo e Liberdade","publisher":{"@id":"https:\/\/psol50.org.br\/#organization"},"alternateName":"PSOL50","potentialAction":[{"@type":"SearchAction","target":{"@type":"EntryPoint","urlTemplate":"https:\/\/psol50.org.br\/?s={search_term_string}"},"query-input":{"@type":"PropertyValueSpecification","valueRequired":true,"valueName":"search_term_string"}}],"inLanguage":"pt-BR"},{"@type":"Organization","@id":"https:\/\/psol50.org.br\/#organization","name":"PSOL 50","alternateName":"PSOL 50","url":"https:\/\/psol50.org.br\/","logo":{"@type":"ImageObject","inLanguage":"pt-BR","@id":"https:\/\/psol50.org.br\/#\/schema\/logo\/image\/","url":"https:\/\/psol50.org.br\/inc\/uploads\/2018\/07\/capa.png","contentUrl":"https:\/\/psol50.org.br\/inc\/uploads\/2018\/07\/capa.png","width":1350,"height":900,"caption":"PSOL 50"},"image":{"@id":"https:\/\/psol50.org.br\/#\/schema\/logo\/image\/"},"sameAs":["https:\/\/www.facebook.com\/psol50","https:\/\/x.com\/psol50","https:\/\/www.instagram.com\/psol50\/","https:\/\/www.youtube.com\/channel\/UC7SnJS5o1os7a6CaiNabzcg"]},{"@type":"Person","@id":"https:\/\/psol50.org.br\/#\/schema\/person\/475dfa57d0b815993c714c2e96491fcd","name":"Comunica\u00e7\u00e3o PSOL","image":{"@type":"ImageObject","inLanguage":"pt-BR","@id":"https:\/\/psol50.org.br\/#\/schema\/person\/image\/","url":"https:\/\/secure.gravatar.com\/avatar\/b34fc4f4e468a4e51785917065a3db57b841f5c95dba6ad8c73aaf8f66f8f9bf?s=96&d=mm&r=g","contentUrl":"https:\/\/secure.gravatar.com\/avatar\/b34fc4f4e468a4e51785917065a3db57b841f5c95dba6ad8c73aaf8f66f8f9bf?s=96&d=mm&r=g","caption":"Comunica\u00e7\u00e3o PSOL"}}]}},"_links":{"self":[{"href":"https:\/\/psol50.org.br\/rest\/wp\/v2\/posts\/39037","targetHints":{"allow":["GET"]}}],"collection":[{"href":"https:\/\/psol50.org.br\/rest\/wp\/v2\/posts"}],"about":[{"href":"https:\/\/psol50.org.br\/rest\/wp\/v2\/types\/post"}],"author":[{"embeddable":true,"href":"https:\/\/psol50.org.br\/rest\/wp\/v2\/users\/2"}],"replies":[{"embeddable":true,"href":"https:\/\/psol50.org.br\/rest\/wp\/v2\/comments?post=39037"}],"version-history":[{"count":2,"href":"https:\/\/psol50.org.br\/rest\/wp\/v2\/posts\/39037\/revisions"}],"predecessor-version":[{"id":39040,"href":"https:\/\/psol50.org.br\/rest\/wp\/v2\/posts\/39037\/revisions\/39040"}],"wp:featuredmedia":[{"embeddable":true,"href":"https:\/\/psol50.org.br\/rest\/wp\/v2\/media\/39039"}],"wp:attachment":[{"href":"https:\/\/psol50.org.br\/rest\/wp\/v2\/media?parent=39037"}],"wp:term":[{"taxonomy":"category","embeddable":true,"href":"https:\/\/psol50.org.br\/rest\/wp\/v2\/categories?post=39037"},{"taxonomy":"post_tag","embeddable":true,"href":"https:\/\/psol50.org.br\/rest\/wp\/v2\/tags?post=39037"}],"curies":[{"name":"wp","href":"https:\/\/api.w.org\/{rel}","templated":true}]}}