{"id":39041,"date":"2024-02-22T12:12:21","date_gmt":"2024-02-22T15:12:21","guid":{"rendered":"https:\/\/psol50.org.br\/?p=39041"},"modified":"2024-02-22T12:12:21","modified_gmt":"2024-02-22T15:12:21","slug":"circular-no-1-do-ii-encontro-nacional-de-negritude-do-psol","status":"publish","type":"post","link":"https:\/\/psol50.org.br\/circular-no-1-do-ii-encontro-nacional-de-negritude-do-psol\/","title":{"rendered":"Circular n\u00ba 1 do II Encontro Nacional de Negritude do PSOL"},"content":{"rendered":"<p><b>CIRCULAR N\u00ba 1<\/b><\/p>\n<p>A Comiss\u00e3o Nacional de Negritude do PSOL, comiss\u00e3o esta respons\u00e1vel pela organiza\u00e7\u00e3o do II Encontro Nacional da Negritude do PSOL reuniu-se no dia 21 de fevereiro de 2024 e aprovou este comunicado circular n\u00ba 1 que deve chegar a todes militantes negres do PSOL:<\/p>\n<p><b>INTRODU\u00c7\u00c3O<\/b><\/p>\n<p>Realizaremos o II Encontro Nacional da Negritude do PSOL, com o tema <strong>\u201cNegras e Negros Pensando o Brasil e construindo o Socialismo e a Liberdade\u201d<\/strong>. Tendo o primeiro ocorrido em 2011, nestes 13 anos a pol\u00edtica e a sociedade brasileira passaram por grandes mudan\u00e7as. Neste per\u00edodo o povo e o movimento negro conquistaram mais espa\u00e7o e poder pol\u00edtico. O pr\u00f3prio PSOL cresceu tendo como protagonista mulheres e homens negros que hoje lideram a resist\u00eancia e a tomada de conquistas. Por isso temos a responsabilidade de organizar a negritude do PSOL para os novos desafios que a conjuntura nacional e internacional nos p\u00f5e.<\/p>\n<p>Neste sentido, esse encontro tem como principal objetivo organizar a milit\u00e2ncia negra do partido em torno da constru\u00e7\u00e3o de um Programa Negro para o Brasil, assim como atualizar o debate e os desafios do movimento negro e preparar nossa setorial para a organiza\u00e7\u00e3o partid\u00e1ria. Por fim, entendendo o tamanho da responsabilidade que temos hoje como partido no Brasil, temos como objetivo tamb\u00e9m aquilombar a negritude do PSOL para as elei\u00e7\u00f5es de 2024.<\/p>\n<p>As etapas estaduais dever\u00e3o ter grande import\u00e2ncia no engajamento da milit\u00e2ncia nos Estados e no debate de propostas a serem enviadas para o Encontro Nacional, que ser\u00e1 realizado na cidade de Salvador, local hist\u00f3rico de tantas resist\u00eancias negras.<\/p>\n<p>Convidamos a milit\u00e2ncia negra do PSOL a se aquilombar e se engajar na mobiliza\u00e7\u00e3o deste II Encontro Nacional da Negritude do PSOL!<\/p>\n<ol>\n<li><b><\/b><b>DO LOCAL<\/b><\/li>\n<\/ol>\n<p>1.1 O Encontro Nacional da Negritude do PSOL, <strong>ser\u00e1 realizado nos dias 26, 27 e 28 de abril em Salvador, Bahia.<\/strong><\/p>\n<ol start=\"2\">\n<li><b><\/b> <b>DO TEM\u00c1RIO<\/b><\/li>\n<\/ol>\n<p>2.1\u00a0O Encontro Nacional da Negritude do PSOL ter\u00e1 como temas para discuss\u00e3o e aprova\u00e7\u00e3o de resolu\u00e7\u00f5es:<\/p>\n<p>a) Conjuntura Internacional e Nacional sobre a quest\u00e3o racial, no Brasil e no Mundo.<\/p>\n<p>b) Programa Estrat\u00e9gico da Negritude para o PSOL<\/p>\n<p>c) Elei\u00e7\u00f5es 2024: Aquilombar as pol\u00edticas p\u00fablicas nos governos e parlamentos<\/p>\n<p>d) Balan\u00e7o da organiza\u00e7\u00e3o da Negritude do PSOL e os desafios do povo negro no Brasil.<\/p>\n<p>e) Organiza\u00e7\u00e3o da negritude, seguran\u00e7a e constru\u00e7\u00e3o da setorial<\/p>\n<ol start=\"3\">\n<li><b><\/b> <b>TESES E CONTRIBUI\u00c7\u00d5ES E RESOLU\u00c7\u00d5ES<\/b><\/li>\n<\/ol>\n<p>3.1 Todo e qualquer filiade negro e negra poder\u00e1 apresentar tese ao Encontro Nacional com at\u00e9 30.000 caracteres no total (inclusive espa\u00e7os e sem assinaturas), e no m\u00ednimo 15.000 caracteres que versem sobre a totalidade da pauta e subscritas por no m\u00ednimo 100 assinaturas dos filiados(as) negros e negras.<\/p>\n<p>3.2 Os estados podem apresentar contribui\u00e7\u00f5es para o encontro nacional desde que sejam consenso nos estados e com no m\u00ednimo 10.000 caracteres.<\/p>\n<p>3.3 Filiades negros e negras poder\u00e3o subscrever apenas uma tese nacional.<\/p>\n<p>3.4 As teses nacionais e contribui\u00e7\u00f5es dever\u00e3o ser enviadas \u00e0 Comiss\u00e3o Organizadora Nacional no per\u00edodo de 15\/03\/2024 at\u00e9 o dia 10\/04\/2024 atrav\u00e9s do e-mail <b><a href=\"mailto:negritudepsol50@gmail.com\" target=\"_blank\" rel=\"noopener\">negritudepsol50@gmail.com<\/a>,<\/b> para serem produzidas e publicadas no site do encontro.<\/p>\n<p>3.5 O Encontro Nacional aprovar\u00e1 resolu\u00e7\u00f5es pol\u00edticas de acordo com o tem\u00e1rio definido pela comiss\u00e3o organizadora e presente nesse documento no ponto 2. Para isso, ser\u00e1 formada uma comiss\u00e3o de sistematiza\u00e7\u00e3o que receber\u00e1 as propostas e organizar\u00e1 os itens a serem votados pelo plen\u00e1rio do encontro: todas as resolu\u00e7\u00f5es aprovadas pelas plen\u00e1rias estaduais que tratem dos temas nacionais do encontro ser\u00e3o automaticamente remetidas \u00e0 comiss\u00e3o de sistematiza\u00e7\u00e3o, sem preju\u00edzo da apresenta\u00e7\u00e3o de novas propostas diretamente \u00e0 mesma.<\/p>\n<ol start=\"4\">\n<li><b><\/b><b>DAS COMISS\u00d5ES ESTADUAIS<\/b><\/li>\n<\/ol>\n<p>4.1 As comiss\u00f5es organizadoras estaduais ser\u00e3o formadas por cinco membros, seguindo a proporcionalidade de chapas estabelecida pelo 8\u00ba Congresso em cada unidade da Federa\u00e7\u00e3o. Nos Estados onde blocos de minorias n\u00e3o atingirem a propor\u00e7\u00e3o para indica\u00e7\u00e3o de membros titulares da comiss\u00e3o, ser\u00e1 poss\u00edvel que este bloco de minoria indique 1 membro para esta comiss\u00e3o.<\/p>\n<p>4.2 As comiss\u00f5es estaduais ter\u00e3o fun\u00e7\u00f5es apenas organizativas e funcionar\u00e3o em conjunto \u00e0 comiss\u00e3o nacional para apoiar e auxiliar na realiza\u00e7\u00e3o das etapas plen\u00e1rias estaduais.<\/p>\n<p>4.3 As comiss\u00f5es estaduais devem ser enviadas at\u00e9 o dia <b>28 de fevereiro<\/b> para o e-mail <a href=\"mailto:negritudepsol50@gmail.com\" target=\"_blank\" rel=\"noopener\"><b>negritudepsol50@gmail.com<\/b><\/a><\/p>\n<ol start=\"5\">\n<li><b> DOS ENCONTROS ESTADUAIS<\/b><\/li>\n<\/ol>\n<p>Com base no Par\u00e1grafo 2\u00b0 da convocat\u00f3ria nacional \u2013 <b>\u201cCada Estado dever\u00e1 fazer pelo menos uma Plen\u00e1ria do Encontro Estadual da Negritude do PSOL, dentro do prazo de 1 de mar\u00e7o a 7 de abril, podendo ser on-line\u201d.<\/b><\/p>\n<p>5.1 As comiss\u00f5es estaduais devem informar a comiss\u00e3o nacional as datas plen\u00e1rias estaduais at\u00e9 o dia 01 de mar\u00e7o, atrav\u00e9s do e-mail <strong><a href=\"mailto:negritudepsol50@gmail.com\" target=\"_blank\" rel=\"noopener\">negritudepsol50@gmail.com<\/a><\/strong><\/p>\n<p><em><strong>COMISS\u00c3O NACIONAL DE NEGRITUDE DO PSOL<br \/>\nBRASIL, 21 DE FEVEREIRO DE 2024<\/strong><\/em><\/p>\n","protected":false},"excerpt":{"rendered":"<p>CIRCULAR N\u00ba 1 A Comiss\u00e3o Nacional de Negritude do PSOL, comiss\u00e3o esta respons\u00e1vel pela organiza\u00e7\u00e3o do II Encontro Nacional da Negritude do PSOL reuniu-se no dia 21 de fevereiro de 2024 e aprovou este comunicado circular n\u00ba 1 que deve chegar a todes militantes negres do PSOL: INTRODU\u00c7\u00c3O Realizaremos o II Encontro Nacional da Negritude [&hellip;]<\/p>\n","protected":false},"author":2,"featured_media":39044,"comment_status":"closed","ping_status":"open","sticky":false,"template":"","format":"standard","meta":{"_acf_changed":false,"footnotes":""},"categories":[14],"tags":[4825],"class_list":{"0":"post-39041","1":"post","2":"type-post","3":"status-publish","4":"format-standard","5":"has-post-thumbnail","7":"category-partido","8":"tag-noticias"},"acf":[],"yoast_head":"<!-- This site is optimized with the Yoast SEO plugin v26.5 - https:\/\/yoast.com\/wordpress\/plugins\/seo\/ -->\n<title>Circular n\u00ba 1 do II Encontro Nacional de Negritude do PSOL<\/title>\n<meta name=\"robots\" content=\"index, follow, max-snippet:-1, max-image-preview:large, max-video-preview:-1\" \/>\n<link rel=\"canonical\" href=\"https:\/\/psol50.org.br\/circular-no-1-do-ii-encontro-nacional-de-negritude-do-psol\/\" \/>\n<meta property=\"og:locale\" content=\"pt_BR\" \/>\n<meta property=\"og:type\" content=\"article\" \/>\n<meta property=\"og:title\" content=\"Circular n\u00ba 1 do II Encontro Nacional de Negritude do PSOL\" \/>\n<meta property=\"og:description\" content=\"CIRCULAR N\u00ba 1 A Comiss\u00e3o Nacional de Negritude do PSOL, comiss\u00e3o esta respons\u00e1vel pela organiza\u00e7\u00e3o do II Encontro Nacional da Negritude do PSOL reuniu-se no dia 21 de fevereiro de 2024 e aprovou este comunicado circular n\u00ba 1 que deve chegar a todes militantes negres do PSOL: INTRODU\u00c7\u00c3O Realizaremos o II Encontro Nacional da Negritude [&hellip;]\" \/>\n<meta property=\"og:url\" content=\"https:\/\/psol50.org.br\/circular-no-1-do-ii-encontro-nacional-de-negritude-do-psol\/\" \/>\n<meta property=\"og:site_name\" content=\"PSOL 50\" \/>\n<meta property=\"article:publisher\" content=\"https:\/\/www.facebook.com\/psol50\" \/>\n<meta property=\"article:published_time\" content=\"2024-02-22T15:12:21+00:00\" \/>\n<meta property=\"og:image\" content=\"https:\/\/psol50.org.br\/inc\/uploads\/2024\/02\/unnamed.png\" \/>\n\t<meta property=\"og:image:width\" content=\"512\" \/>\n\t<meta property=\"og:image:height\" content=\"258\" \/>\n\t<meta property=\"og:image:type\" content=\"image\/png\" \/>\n<meta name=\"author\" content=\"Comunica\u00e7\u00e3o PSOL\" \/>\n<meta name=\"twitter:card\" content=\"summary_large_image\" \/>\n<meta name=\"twitter:creator\" content=\"@psol50\" \/>\n<meta name=\"twitter:site\" content=\"@psol50\" \/>\n<meta name=\"twitter:label1\" content=\"Escrito por\" \/>\n\t<meta name=\"twitter:data1\" content=\"Comunica\u00e7\u00e3o PSOL\" \/>\n\t<meta name=\"twitter:label2\" content=\"Est. tempo de leitura\" \/>\n\t<meta name=\"twitter:data2\" content=\"4 minutos\" \/>\n<script type=\"application\/ld+json\" class=\"yoast-schema-graph\">{\"@context\":\"https:\/\/schema.org\",\"@graph\":[{\"@type\":\"Article\",\"@id\":\"https:\/\/psol50.org.br\/circular-no-1-do-ii-encontro-nacional-de-negritude-do-psol\/#article\",\"isPartOf\":{\"@id\":\"https:\/\/psol50.org.br\/circular-no-1-do-ii-encontro-nacional-de-negritude-do-psol\/\"},\"author\":{\"name\":\"Comunica\u00e7\u00e3o PSOL\",\"@id\":\"https:\/\/psol50.org.br\/#\/schema\/person\/475dfa57d0b815993c714c2e96491fcd\"},\"headline\":\"Circular n\u00ba 1 do II Encontro Nacional de Negritude do PSOL\",\"datePublished\":\"2024-02-22T15:12:21+00:00\",\"mainEntityOfPage\":{\"@id\":\"https:\/\/psol50.org.br\/circular-no-1-do-ii-encontro-nacional-de-negritude-do-psol\/\"},\"wordCount\":824,\"publisher\":{\"@id\":\"https:\/\/psol50.org.br\/#organization\"},\"image\":{\"@id\":\"https:\/\/psol50.org.br\/circular-no-1-do-ii-encontro-nacional-de-negritude-do-psol\/#primaryimage\"},\"thumbnailUrl\":\"https:\/\/psol50.org.br\/inc\/uploads\/2024\/02\/unnamed.png\",\"keywords\":[\"Not\u00edcias\"],\"articleSection\":[\"Partido\"],\"inLanguage\":\"pt-BR\"},{\"@type\":\"WebPage\",\"@id\":\"https:\/\/psol50.org.br\/circular-no-1-do-ii-encontro-nacional-de-negritude-do-psol\/\",\"url\":\"https:\/\/psol50.org.br\/circular-no-1-do-ii-encontro-nacional-de-negritude-do-psol\/\",\"name\":\"Circular n\u00ba 1 do II Encontro Nacional de Negritude do PSOL\",\"isPartOf\":{\"@id\":\"https:\/\/psol50.org.br\/#website\"},\"primaryImageOfPage\":{\"@id\":\"https:\/\/psol50.org.br\/circular-no-1-do-ii-encontro-nacional-de-negritude-do-psol\/#primaryimage\"},\"image\":{\"@id\":\"https:\/\/psol50.org.br\/circular-no-1-do-ii-encontro-nacional-de-negritude-do-psol\/#primaryimage\"},\"thumbnailUrl\":\"https:\/\/psol50.org.br\/inc\/uploads\/2024\/02\/unnamed.png\",\"datePublished\":\"2024-02-22T15:12:21+00:00\",\"breadcrumb\":{\"@id\":\"https:\/\/psol50.org.br\/circular-no-1-do-ii-encontro-nacional-de-negritude-do-psol\/#breadcrumb\"},\"inLanguage\":\"pt-BR\",\"potentialAction\":[{\"@type\":\"ReadAction\",\"target\":[\"https:\/\/psol50.org.br\/circular-no-1-do-ii-encontro-nacional-de-negritude-do-psol\/\"]}]},{\"@type\":\"ImageObject\",\"inLanguage\":\"pt-BR\",\"@id\":\"https:\/\/psol50.org.br\/circular-no-1-do-ii-encontro-nacional-de-negritude-do-psol\/#primaryimage\",\"url\":\"https:\/\/psol50.org.br\/inc\/uploads\/2024\/02\/unnamed.png\",\"contentUrl\":\"https:\/\/psol50.org.br\/inc\/uploads\/2024\/02\/unnamed.png\",\"width\":512,\"height\":258},{\"@type\":\"BreadcrumbList\",\"@id\":\"https:\/\/psol50.org.br\/circular-no-1-do-ii-encontro-nacional-de-negritude-do-psol\/#breadcrumb\",\"itemListElement\":[{\"@type\":\"ListItem\",\"position\":1,\"name\":\"In\u00edcio\",\"item\":\"https:\/\/psol50.org.br\/\"},{\"@type\":\"ListItem\",\"position\":2,\"name\":\"Circular n\u00ba 1 do II Encontro Nacional de Negritude do PSOL\"}]},{\"@type\":\"WebSite\",\"@id\":\"https:\/\/psol50.org.br\/#website\",\"url\":\"https:\/\/psol50.org.br\/\",\"name\":\"PSOL 50\",\"description\":\"Site oficial do Partido Socialismo e Liberdade\",\"publisher\":{\"@id\":\"https:\/\/psol50.org.br\/#organization\"},\"alternateName\":\"PSOL50\",\"potentialAction\":[{\"@type\":\"SearchAction\",\"target\":{\"@type\":\"EntryPoint\",\"urlTemplate\":\"https:\/\/psol50.org.br\/?s={search_term_string}\"},\"query-input\":{\"@type\":\"PropertyValueSpecification\",\"valueRequired\":true,\"valueName\":\"search_term_string\"}}],\"inLanguage\":\"pt-BR\"},{\"@type\":\"Organization\",\"@id\":\"https:\/\/psol50.org.br\/#organization\",\"name\":\"PSOL 50\",\"alternateName\":\"PSOL 50\",\"url\":\"https:\/\/psol50.org.br\/\",\"logo\":{\"@type\":\"ImageObject\",\"inLanguage\":\"pt-BR\",\"@id\":\"https:\/\/psol50.org.br\/#\/schema\/logo\/image\/\",\"url\":\"https:\/\/psol50.org.br\/inc\/uploads\/2018\/07\/capa.png\",\"contentUrl\":\"https:\/\/psol50.org.br\/inc\/uploads\/2018\/07\/capa.png\",\"width\":1350,\"height\":900,\"caption\":\"PSOL 50\"},\"image\":{\"@id\":\"https:\/\/psol50.org.br\/#\/schema\/logo\/image\/\"},\"sameAs\":[\"https:\/\/www.facebook.com\/psol50\",\"https:\/\/x.com\/psol50\",\"https:\/\/www.instagram.com\/psol50\/\",\"https:\/\/www.youtube.com\/channel\/UC7SnJS5o1os7a6CaiNabzcg\"]},{\"@type\":\"Person\",\"@id\":\"https:\/\/psol50.org.br\/#\/schema\/person\/475dfa57d0b815993c714c2e96491fcd\",\"name\":\"Comunica\u00e7\u00e3o PSOL\",\"image\":{\"@type\":\"ImageObject\",\"inLanguage\":\"pt-BR\",\"@id\":\"https:\/\/psol50.org.br\/#\/schema\/person\/image\/\",\"url\":\"https:\/\/secure.gravatar.com\/avatar\/b34fc4f4e468a4e51785917065a3db57b841f5c95dba6ad8c73aaf8f66f8f9bf?s=96&d=mm&r=g\",\"contentUrl\":\"https:\/\/secure.gravatar.com\/avatar\/b34fc4f4e468a4e51785917065a3db57b841f5c95dba6ad8c73aaf8f66f8f9bf?s=96&d=mm&r=g\",\"caption\":\"Comunica\u00e7\u00e3o PSOL\"}}]}<\/script>\n<!-- \/ Yoast SEO plugin. -->","yoast_head_json":{"title":"Circular n\u00ba 1 do II Encontro Nacional de Negritude do PSOL","robots":{"index":"index","follow":"follow","max-snippet":"max-snippet:-1","max-image-preview":"max-image-preview:large","max-video-preview":"max-video-preview:-1"},"canonical":"https:\/\/psol50.org.br\/circular-no-1-do-ii-encontro-nacional-de-negritude-do-psol\/","og_locale":"pt_BR","og_type":"article","og_title":"Circular n\u00ba 1 do II Encontro Nacional de Negritude do PSOL","og_description":"CIRCULAR N\u00ba 1 A Comiss\u00e3o Nacional de Negritude do PSOL, comiss\u00e3o esta respons\u00e1vel pela organiza\u00e7\u00e3o do II Encontro Nacional da Negritude do PSOL reuniu-se no dia 21 de fevereiro de 2024 e aprovou este comunicado circular n\u00ba 1 que deve chegar a todes militantes negres do PSOL: INTRODU\u00c7\u00c3O Realizaremos o II Encontro Nacional da Negritude [&hellip;]","og_url":"https:\/\/psol50.org.br\/circular-no-1-do-ii-encontro-nacional-de-negritude-do-psol\/","og_site_name":"PSOL 50","article_publisher":"https:\/\/www.facebook.com\/psol50","article_published_time":"2024-02-22T15:12:21+00:00","og_image":[{"width":512,"height":258,"url":"https:\/\/psol50.org.br\/inc\/uploads\/2024\/02\/unnamed.png","type":"image\/png"}],"author":"Comunica\u00e7\u00e3o PSOL","twitter_card":"summary_large_image","twitter_creator":"@psol50","twitter_site":"@psol50","twitter_misc":{"Escrito por":"Comunica\u00e7\u00e3o PSOL","Est. tempo de leitura":"4 minutos"},"schema":{"@context":"https:\/\/schema.org","@graph":[{"@type":"Article","@id":"https:\/\/psol50.org.br\/circular-no-1-do-ii-encontro-nacional-de-negritude-do-psol\/#article","isPartOf":{"@id":"https:\/\/psol50.org.br\/circular-no-1-do-ii-encontro-nacional-de-negritude-do-psol\/"},"author":{"name":"Comunica\u00e7\u00e3o PSOL","@id":"https:\/\/psol50.org.br\/#\/schema\/person\/475dfa57d0b815993c714c2e96491fcd"},"headline":"Circular n\u00ba 1 do II Encontro Nacional de Negritude do PSOL","datePublished":"2024-02-22T15:12:21+00:00","mainEntityOfPage":{"@id":"https:\/\/psol50.org.br\/circular-no-1-do-ii-encontro-nacional-de-negritude-do-psol\/"},"wordCount":824,"publisher":{"@id":"https:\/\/psol50.org.br\/#organization"},"image":{"@id":"https:\/\/psol50.org.br\/circular-no-1-do-ii-encontro-nacional-de-negritude-do-psol\/#primaryimage"},"thumbnailUrl":"https:\/\/psol50.org.br\/inc\/uploads\/2024\/02\/unnamed.png","keywords":["Not\u00edcias"],"articleSection":["Partido"],"inLanguage":"pt-BR"},{"@type":"WebPage","@id":"https:\/\/psol50.org.br\/circular-no-1-do-ii-encontro-nacional-de-negritude-do-psol\/","url":"https:\/\/psol50.org.br\/circular-no-1-do-ii-encontro-nacional-de-negritude-do-psol\/","name":"Circular n\u00ba 1 do II Encontro Nacional de Negritude do PSOL","isPartOf":{"@id":"https:\/\/psol50.org.br\/#website"},"primaryImageOfPage":{"@id":"https:\/\/psol50.org.br\/circular-no-1-do-ii-encontro-nacional-de-negritude-do-psol\/#primaryimage"},"image":{"@id":"https:\/\/psol50.org.br\/circular-no-1-do-ii-encontro-nacional-de-negritude-do-psol\/#primaryimage"},"thumbnailUrl":"https:\/\/psol50.org.br\/inc\/uploads\/2024\/02\/unnamed.png","datePublished":"2024-02-22T15:12:21+00:00","breadcrumb":{"@id":"https:\/\/psol50.org.br\/circular-no-1-do-ii-encontro-nacional-de-negritude-do-psol\/#breadcrumb"},"inLanguage":"pt-BR","potentialAction":[{"@type":"ReadAction","target":["https:\/\/psol50.org.br\/circular-no-1-do-ii-encontro-nacional-de-negritude-do-psol\/"]}]},{"@type":"ImageObject","inLanguage":"pt-BR","@id":"https:\/\/psol50.org.br\/circular-no-1-do-ii-encontro-nacional-de-negritude-do-psol\/#primaryimage","url":"https:\/\/psol50.org.br\/inc\/uploads\/2024\/02\/unnamed.png","contentUrl":"https:\/\/psol50.org.br\/inc\/uploads\/2024\/02\/unnamed.png","width":512,"height":258},{"@type":"BreadcrumbList","@id":"https:\/\/psol50.org.br\/circular-no-1-do-ii-encontro-nacional-de-negritude-do-psol\/#breadcrumb","itemListElement":[{"@type":"ListItem","position":1,"name":"In\u00edcio","item":"https:\/\/psol50.org.br\/"},{"@type":"ListItem","position":2,"name":"Circular n\u00ba 1 do II Encontro Nacional de Negritude do PSOL"}]},{"@type":"WebSite","@id":"https:\/\/psol50.org.br\/#website","url":"https:\/\/psol50.org.br\/","name":"PSOL 50","description":"Site oficial do Partido Socialismo e Liberdade","publisher":{"@id":"https:\/\/psol50.org.br\/#organization"},"alternateName":"PSOL50","potentialAction":[{"@type":"SearchAction","target":{"@type":"EntryPoint","urlTemplate":"https:\/\/psol50.org.br\/?s={search_term_string}"},"query-input":{"@type":"PropertyValueSpecification","valueRequired":true,"valueName":"search_term_string"}}],"inLanguage":"pt-BR"},{"@type":"Organization","@id":"https:\/\/psol50.org.br\/#organization","name":"PSOL 50","alternateName":"PSOL 50","url":"https:\/\/psol50.org.br\/","logo":{"@type":"ImageObject","inLanguage":"pt-BR","@id":"https:\/\/psol50.org.br\/#\/schema\/logo\/image\/","url":"https:\/\/psol50.org.br\/inc\/uploads\/2018\/07\/capa.png","contentUrl":"https:\/\/psol50.org.br\/inc\/uploads\/2018\/07\/capa.png","width":1350,"height":900,"caption":"PSOL 50"},"image":{"@id":"https:\/\/psol50.org.br\/#\/schema\/logo\/image\/"},"sameAs":["https:\/\/www.facebook.com\/psol50","https:\/\/x.com\/psol50","https:\/\/www.instagram.com\/psol50\/","https:\/\/www.youtube.com\/channel\/UC7SnJS5o1os7a6CaiNabzcg"]},{"@type":"Person","@id":"https:\/\/psol50.org.br\/#\/schema\/person\/475dfa57d0b815993c714c2e96491fcd","name":"Comunica\u00e7\u00e3o PSOL","image":{"@type":"ImageObject","inLanguage":"pt-BR","@id":"https:\/\/psol50.org.br\/#\/schema\/person\/image\/","url":"https:\/\/secure.gravatar.com\/avatar\/b34fc4f4e468a4e51785917065a3db57b841f5c95dba6ad8c73aaf8f66f8f9bf?s=96&d=mm&r=g","contentUrl":"https:\/\/secure.gravatar.com\/avatar\/b34fc4f4e468a4e51785917065a3db57b841f5c95dba6ad8c73aaf8f66f8f9bf?s=96&d=mm&r=g","caption":"Comunica\u00e7\u00e3o PSOL"}}]}},"_links":{"self":[{"href":"https:\/\/psol50.org.br\/rest\/wp\/v2\/posts\/39041","targetHints":{"allow":["GET"]}}],"collection":[{"href":"https:\/\/psol50.org.br\/rest\/wp\/v2\/posts"}],"about":[{"href":"https:\/\/psol50.org.br\/rest\/wp\/v2\/types\/post"}],"author":[{"embeddable":true,"href":"https:\/\/psol50.org.br\/rest\/wp\/v2\/users\/2"}],"replies":[{"embeddable":true,"href":"https:\/\/psol50.org.br\/rest\/wp\/v2\/comments?post=39041"}],"version-history":[{"count":2,"href":"https:\/\/psol50.org.br\/rest\/wp\/v2\/posts\/39041\/revisions"}],"predecessor-version":[{"id":39043,"href":"https:\/\/psol50.org.br\/rest\/wp\/v2\/posts\/39041\/revisions\/39043"}],"wp:featuredmedia":[{"embeddable":true,"href":"https:\/\/psol50.org.br\/rest\/wp\/v2\/media\/39044"}],"wp:attachment":[{"href":"https:\/\/psol50.org.br\/rest\/wp\/v2\/media?parent=39041"}],"wp:term":[{"taxonomy":"category","embeddable":true,"href":"https:\/\/psol50.org.br\/rest\/wp\/v2\/categories?post=39041"},{"taxonomy":"post_tag","embeddable":true,"href":"https:\/\/psol50.org.br\/rest\/wp\/v2\/tags?post=39041"}],"curies":[{"name":"wp","href":"https:\/\/api.w.org\/{rel}","templated":true}]}}