{"id":39046,"date":"2024-02-23T15:02:47","date_gmt":"2024-02-23T18:02:47","guid":{"rendered":"https:\/\/psol50.org.br\/?p=39046"},"modified":"2024-02-26T14:49:50","modified_gmt":"2024-02-26T17:49:50","slug":"samia-bomfim-psol-aciona-ministerio-da-justica-para-pf-investigar-ameacas-contra-sua-vida-por-defesa-do-povo-palestino","status":"publish","type":"post","link":"https:\/\/psol50.org.br\/samia-bomfim-psol-aciona-ministerio-da-justica-para-pf-investigar-ameacas-contra-sua-vida-por-defesa-do-povo-palestino\/","title":{"rendered":"S\u00e2mia Bomfim (PSOL) aciona Minist\u00e9rio da Justi\u00e7a para PF investigar amea\u00e7as contra sua vida por defesa de palestinos"},"content":{"rendered":"<p>A deputada federal\u00a0S\u00e2mia Bomfim (PSOL) acionou nesta sexta-feira (23) o Minist\u00e9rio da Justi\u00e7a com um pedido para que a\u00a0Pol\u00edcia Federal seja mobilizada para investigar uma amea\u00e7a de morte direcionada a ela nesta semana por seu apoio ao povo palestino.<\/p>\n<p>A parlamentar recebeu na \u00faltima quarta-feira (21) um email que fala em exterminar aqueles que vivem na Cisjord\u00e2nia e na Faixa de Gaza e diz que S\u00e2mia e outras autoridades estariam &#8220;com os dias contados&#8221; por apoi\u00e1-los.<\/p>\n<p>Sob o t\u00edtulo &#8220;os inimigos do sionismo devem morrer e voc\u00ea \u00e9 um deles&#8221;, o texto sugere que os &#8220;traidores se preparem&#8221;. A mensagem ainda diz que locais com &#8220;alta concentra\u00e7\u00e3o&#8221; de mu\u00e7ulmanos nas grandes cidades devem ser evitados, &#8220;pois em breve faremos uma\u00a0nova\u00a0nakba&#8221;, fazendo refer\u00eancia \u00e0 di\u00e1spora for\u00e7ada de palestinos\u00a0no fim da d\u00e9cada de 1940.<\/p>\n<p>&#8220;Palestinos est\u00e3o pra\u00a0Israel assim como negros, \u00edndios e nordestinos est\u00e3o pro sul do Brasil: s\u00e3o sub-humanos, ra\u00e7a inferior e insetos que devem ser eliminados&#8221;, afirma ainda a mensagem.<\/p>\n<p>No of\u00edcio enviado a Ricardo Lewandowski, titular da pasta da Justi\u00e7a no governo federal, S\u00e2mia afirma que a mensagem apresenta teor xenof\u00f3bico e criminoso em rela\u00e7\u00e3o aos palestinos e diz que a amea\u00e7a possivelmente est\u00e1 ligada a grupos e f\u00f3runs an\u00f4nimos de \u00f3dio.<\/p>\n","protected":false},"excerpt":{"rendered":"<p>A deputada federal\u00a0S\u00e2mia Bomfim (PSOL) acionou nesta sexta-feira (23) o Minist\u00e9rio da Justi\u00e7a com um pedido para que a\u00a0Pol\u00edcia Federal seja mobilizada para investigar uma amea\u00e7a de morte direcionada a ela nesta semana por seu apoio ao povo palestino. A parlamentar recebeu na \u00faltima quarta-feira (21) um email que fala em exterminar aqueles que vivem [&hellip;]<\/p>\n","protected":false},"author":2,"featured_media":39047,"comment_status":"closed","ping_status":"open","sticky":false,"template":"","format":"standard","meta":{"_acf_changed":false,"footnotes":""},"categories":[10],"tags":[4825],"class_list":{"0":"post-39046","1":"post","2":"type-post","3":"status-publish","4":"format-standard","5":"has-post-thumbnail","7":"category-acao-parlamentares","8":"tag-noticias"},"acf":[],"yoast_head":"<!-- This site is optimized with the Yoast SEO plugin v26.5 - https:\/\/yoast.com\/wordpress\/plugins\/seo\/ -->\n<title>S\u00e2mia Bomfim (PSOL) aciona Minist\u00e9rio da Justi\u00e7a para PF investigar amea\u00e7as contra sua vida por defesa de palestinos<\/title>\n<meta name=\"description\" content=\"A parlamentar do PSOL recebeu um email que fala em exterminar palestinos e diz que S\u00e2mia estaria &quot;com os dias contados&quot; por apoi\u00e1-los.\" \/>\n<meta name=\"robots\" content=\"index, follow, max-snippet:-1, max-image-preview:large, max-video-preview:-1\" \/>\n<link rel=\"canonical\" href=\"https:\/\/psol50.org.br\/samia-bomfim-psol-aciona-ministerio-da-justica-para-pf-investigar-ameacas-contra-sua-vida-por-defesa-do-povo-palestino\/\" \/>\n<meta property=\"og:locale\" content=\"pt_BR\" \/>\n<meta property=\"og:type\" content=\"article\" \/>\n<meta property=\"og:title\" content=\"S\u00e2mia Bomfim (PSOL) aciona Minist\u00e9rio da Justi\u00e7a para PF investigar amea\u00e7as contra sua vida por defesa de palestinos\" \/>\n<meta property=\"og:description\" content=\"A parlamentar do PSOL recebeu um email que fala em exterminar palestinos e diz que S\u00e2mia estaria &quot;com os dias contados&quot; por apoi\u00e1-los.\" \/>\n<meta property=\"og:url\" content=\"https:\/\/psol50.org.br\/samia-bomfim-psol-aciona-ministerio-da-justica-para-pf-investigar-ameacas-contra-sua-vida-por-defesa-do-povo-palestino\/\" \/>\n<meta property=\"og:site_name\" content=\"PSOL 50\" \/>\n<meta property=\"article:publisher\" content=\"https:\/\/www.facebook.com\/psol50\" \/>\n<meta property=\"article:published_time\" content=\"2024-02-23T18:02:47+00:00\" \/>\n<meta property=\"article:modified_time\" content=\"2024-02-26T17:49:50+00:00\" \/>\n<meta property=\"og:image\" content=\"https:\/\/psol50.org.br\/inc\/uploads\/2024\/02\/img20240220210147488.jpg\" \/>\n\t<meta property=\"og:image:width\" content=\"1984\" \/>\n\t<meta property=\"og:image:height\" content=\"1223\" \/>\n\t<meta property=\"og:image:type\" content=\"image\/jpeg\" \/>\n<meta name=\"author\" content=\"Comunica\u00e7\u00e3o PSOL\" \/>\n<meta name=\"twitter:card\" content=\"summary_large_image\" \/>\n<meta name=\"twitter:creator\" content=\"@psol50\" \/>\n<meta name=\"twitter:site\" content=\"@psol50\" \/>\n<meta name=\"twitter:label1\" content=\"Escrito por\" \/>\n\t<meta name=\"twitter:data1\" content=\"Comunica\u00e7\u00e3o PSOL\" \/>\n\t<meta name=\"twitter:label2\" content=\"Est. tempo de leitura\" \/>\n\t<meta name=\"twitter:data2\" content=\"1 minuto\" \/>\n<script type=\"application\/ld+json\" class=\"yoast-schema-graph\">{\"@context\":\"https:\/\/schema.org\",\"@graph\":[{\"@type\":\"Article\",\"@id\":\"https:\/\/psol50.org.br\/samia-bomfim-psol-aciona-ministerio-da-justica-para-pf-investigar-ameacas-contra-sua-vida-por-defesa-do-povo-palestino\/#article\",\"isPartOf\":{\"@id\":\"https:\/\/psol50.org.br\/samia-bomfim-psol-aciona-ministerio-da-justica-para-pf-investigar-ameacas-contra-sua-vida-por-defesa-do-povo-palestino\/\"},\"author\":{\"name\":\"Comunica\u00e7\u00e3o PSOL\",\"@id\":\"https:\/\/psol50.org.br\/#\/schema\/person\/475dfa57d0b815993c714c2e96491fcd\"},\"headline\":\"S\u00e2mia Bomfim (PSOL) aciona Minist\u00e9rio da Justi\u00e7a para PF investigar amea\u00e7as contra sua vida por defesa de palestinos\",\"datePublished\":\"2024-02-23T18:02:47+00:00\",\"dateModified\":\"2024-02-26T17:49:50+00:00\",\"mainEntityOfPage\":{\"@id\":\"https:\/\/psol50.org.br\/samia-bomfim-psol-aciona-ministerio-da-justica-para-pf-investigar-ameacas-contra-sua-vida-por-defesa-do-povo-palestino\/\"},\"wordCount\":253,\"publisher\":{\"@id\":\"https:\/\/psol50.org.br\/#organization\"},\"image\":{\"@id\":\"https:\/\/psol50.org.br\/samia-bomfim-psol-aciona-ministerio-da-justica-para-pf-investigar-ameacas-contra-sua-vida-por-defesa-do-povo-palestino\/#primaryimage\"},\"thumbnailUrl\":\"https:\/\/psol50.org.br\/inc\/uploads\/2024\/02\/img20240220210147488.jpg\",\"keywords\":[\"Not\u00edcias\"],\"articleSection\":[\"A\u00e7\u00e3o Parlamentar\"],\"inLanguage\":\"pt-BR\"},{\"@type\":\"WebPage\",\"@id\":\"https:\/\/psol50.org.br\/samia-bomfim-psol-aciona-ministerio-da-justica-para-pf-investigar-ameacas-contra-sua-vida-por-defesa-do-povo-palestino\/\",\"url\":\"https:\/\/psol50.org.br\/samia-bomfim-psol-aciona-ministerio-da-justica-para-pf-investigar-ameacas-contra-sua-vida-por-defesa-do-povo-palestino\/\",\"name\":\"S\u00e2mia Bomfim (PSOL) aciona Minist\u00e9rio da Justi\u00e7a para PF investigar amea\u00e7as contra sua vida por defesa de palestinos\",\"isPartOf\":{\"@id\":\"https:\/\/psol50.org.br\/#website\"},\"primaryImageOfPage\":{\"@id\":\"https:\/\/psol50.org.br\/samia-bomfim-psol-aciona-ministerio-da-justica-para-pf-investigar-ameacas-contra-sua-vida-por-defesa-do-povo-palestino\/#primaryimage\"},\"image\":{\"@id\":\"https:\/\/psol50.org.br\/samia-bomfim-psol-aciona-ministerio-da-justica-para-pf-investigar-ameacas-contra-sua-vida-por-defesa-do-povo-palestino\/#primaryimage\"},\"thumbnailUrl\":\"https:\/\/psol50.org.br\/inc\/uploads\/2024\/02\/img20240220210147488.jpg\",\"datePublished\":\"2024-02-23T18:02:47+00:00\",\"dateModified\":\"2024-02-26T17:49:50+00:00\",\"description\":\"A parlamentar do PSOL recebeu um email que fala em exterminar palestinos e diz que S\u00e2mia estaria \\\"com os dias contados\\\" por apoi\u00e1-los.\",\"breadcrumb\":{\"@id\":\"https:\/\/psol50.org.br\/samia-bomfim-psol-aciona-ministerio-da-justica-para-pf-investigar-ameacas-contra-sua-vida-por-defesa-do-povo-palestino\/#breadcrumb\"},\"inLanguage\":\"pt-BR\",\"potentialAction\":[{\"@type\":\"ReadAction\",\"target\":[\"https:\/\/psol50.org.br\/samia-bomfim-psol-aciona-ministerio-da-justica-para-pf-investigar-ameacas-contra-sua-vida-por-defesa-do-povo-palestino\/\"]}]},{\"@type\":\"ImageObject\",\"inLanguage\":\"pt-BR\",\"@id\":\"https:\/\/psol50.org.br\/samia-bomfim-psol-aciona-ministerio-da-justica-para-pf-investigar-ameacas-contra-sua-vida-por-defesa-do-povo-palestino\/#primaryimage\",\"url\":\"https:\/\/psol50.org.br\/inc\/uploads\/2024\/02\/img20240220210147488.jpg\",\"contentUrl\":\"https:\/\/psol50.org.br\/inc\/uploads\/2024\/02\/img20240220210147488.jpg\",\"width\":1984,\"height\":1223,\"caption\":\"Foto: Zeca Ribeiro\/C\u00e2mara dos Deputados\"},{\"@type\":\"BreadcrumbList\",\"@id\":\"https:\/\/psol50.org.br\/samia-bomfim-psol-aciona-ministerio-da-justica-para-pf-investigar-ameacas-contra-sua-vida-por-defesa-do-povo-palestino\/#breadcrumb\",\"itemListElement\":[{\"@type\":\"ListItem\",\"position\":1,\"name\":\"In\u00edcio\",\"item\":\"https:\/\/psol50.org.br\/\"},{\"@type\":\"ListItem\",\"position\":2,\"name\":\"S\u00e2mia Bomfim (PSOL) aciona Minist\u00e9rio da Justi\u00e7a para PF investigar amea\u00e7as contra sua vida por defesa de palestinos\"}]},{\"@type\":\"WebSite\",\"@id\":\"https:\/\/psol50.org.br\/#website\",\"url\":\"https:\/\/psol50.org.br\/\",\"name\":\"PSOL 50\",\"description\":\"Site oficial do Partido Socialismo e Liberdade\",\"publisher\":{\"@id\":\"https:\/\/psol50.org.br\/#organization\"},\"alternateName\":\"PSOL50\",\"potentialAction\":[{\"@type\":\"SearchAction\",\"target\":{\"@type\":\"EntryPoint\",\"urlTemplate\":\"https:\/\/psol50.org.br\/?s={search_term_string}\"},\"query-input\":{\"@type\":\"PropertyValueSpecification\",\"valueRequired\":true,\"valueName\":\"search_term_string\"}}],\"inLanguage\":\"pt-BR\"},{\"@type\":\"Organization\",\"@id\":\"https:\/\/psol50.org.br\/#organization\",\"name\":\"PSOL 50\",\"alternateName\":\"PSOL 50\",\"url\":\"https:\/\/psol50.org.br\/\",\"logo\":{\"@type\":\"ImageObject\",\"inLanguage\":\"pt-BR\",\"@id\":\"https:\/\/psol50.org.br\/#\/schema\/logo\/image\/\",\"url\":\"https:\/\/psol50.org.br\/inc\/uploads\/2018\/07\/capa.png\",\"contentUrl\":\"https:\/\/psol50.org.br\/inc\/uploads\/2018\/07\/capa.png\",\"width\":1350,\"height\":900,\"caption\":\"PSOL 50\"},\"image\":{\"@id\":\"https:\/\/psol50.org.br\/#\/schema\/logo\/image\/\"},\"sameAs\":[\"https:\/\/www.facebook.com\/psol50\",\"https:\/\/x.com\/psol50\",\"https:\/\/www.instagram.com\/psol50\/\",\"https:\/\/www.youtube.com\/channel\/UC7SnJS5o1os7a6CaiNabzcg\"]},{\"@type\":\"Person\",\"@id\":\"https:\/\/psol50.org.br\/#\/schema\/person\/475dfa57d0b815993c714c2e96491fcd\",\"name\":\"Comunica\u00e7\u00e3o PSOL\",\"image\":{\"@type\":\"ImageObject\",\"inLanguage\":\"pt-BR\",\"@id\":\"https:\/\/psol50.org.br\/#\/schema\/person\/image\/\",\"url\":\"https:\/\/secure.gravatar.com\/avatar\/b34fc4f4e468a4e51785917065a3db57b841f5c95dba6ad8c73aaf8f66f8f9bf?s=96&d=mm&r=g\",\"contentUrl\":\"https:\/\/secure.gravatar.com\/avatar\/b34fc4f4e468a4e51785917065a3db57b841f5c95dba6ad8c73aaf8f66f8f9bf?s=96&d=mm&r=g\",\"caption\":\"Comunica\u00e7\u00e3o PSOL\"}}]}<\/script>\n<!-- \/ Yoast SEO plugin. -->","yoast_head_json":{"title":"S\u00e2mia Bomfim (PSOL) aciona Minist\u00e9rio da Justi\u00e7a para PF investigar amea\u00e7as contra sua vida por defesa de palestinos","description":"A parlamentar do PSOL recebeu um email que fala em exterminar palestinos e diz que S\u00e2mia estaria \"com os dias contados\" por apoi\u00e1-los.","robots":{"index":"index","follow":"follow","max-snippet":"max-snippet:-1","max-image-preview":"max-image-preview:large","max-video-preview":"max-video-preview:-1"},"canonical":"https:\/\/psol50.org.br\/samia-bomfim-psol-aciona-ministerio-da-justica-para-pf-investigar-ameacas-contra-sua-vida-por-defesa-do-povo-palestino\/","og_locale":"pt_BR","og_type":"article","og_title":"S\u00e2mia Bomfim (PSOL) aciona Minist\u00e9rio da Justi\u00e7a para PF investigar amea\u00e7as contra sua vida por defesa de palestinos","og_description":"A parlamentar do PSOL recebeu um email que fala em exterminar palestinos e diz que S\u00e2mia estaria \"com os dias contados\" por apoi\u00e1-los.","og_url":"https:\/\/psol50.org.br\/samia-bomfim-psol-aciona-ministerio-da-justica-para-pf-investigar-ameacas-contra-sua-vida-por-defesa-do-povo-palestino\/","og_site_name":"PSOL 50","article_publisher":"https:\/\/www.facebook.com\/psol50","article_published_time":"2024-02-23T18:02:47+00:00","article_modified_time":"2024-02-26T17:49:50+00:00","og_image":[{"width":1984,"height":1223,"url":"https:\/\/psol50.org.br\/inc\/uploads\/2024\/02\/img20240220210147488.jpg","type":"image\/jpeg"}],"author":"Comunica\u00e7\u00e3o PSOL","twitter_card":"summary_large_image","twitter_creator":"@psol50","twitter_site":"@psol50","twitter_misc":{"Escrito por":"Comunica\u00e7\u00e3o PSOL","Est. tempo de leitura":"1 minuto"},"schema":{"@context":"https:\/\/schema.org","@graph":[{"@type":"Article","@id":"https:\/\/psol50.org.br\/samia-bomfim-psol-aciona-ministerio-da-justica-para-pf-investigar-ameacas-contra-sua-vida-por-defesa-do-povo-palestino\/#article","isPartOf":{"@id":"https:\/\/psol50.org.br\/samia-bomfim-psol-aciona-ministerio-da-justica-para-pf-investigar-ameacas-contra-sua-vida-por-defesa-do-povo-palestino\/"},"author":{"name":"Comunica\u00e7\u00e3o PSOL","@id":"https:\/\/psol50.org.br\/#\/schema\/person\/475dfa57d0b815993c714c2e96491fcd"},"headline":"S\u00e2mia Bomfim (PSOL) aciona Minist\u00e9rio da Justi\u00e7a para PF investigar amea\u00e7as contra sua vida por defesa de palestinos","datePublished":"2024-02-23T18:02:47+00:00","dateModified":"2024-02-26T17:49:50+00:00","mainEntityOfPage":{"@id":"https:\/\/psol50.org.br\/samia-bomfim-psol-aciona-ministerio-da-justica-para-pf-investigar-ameacas-contra-sua-vida-por-defesa-do-povo-palestino\/"},"wordCount":253,"publisher":{"@id":"https:\/\/psol50.org.br\/#organization"},"image":{"@id":"https:\/\/psol50.org.br\/samia-bomfim-psol-aciona-ministerio-da-justica-para-pf-investigar-ameacas-contra-sua-vida-por-defesa-do-povo-palestino\/#primaryimage"},"thumbnailUrl":"https:\/\/psol50.org.br\/inc\/uploads\/2024\/02\/img20240220210147488.jpg","keywords":["Not\u00edcias"],"articleSection":["A\u00e7\u00e3o Parlamentar"],"inLanguage":"pt-BR"},{"@type":"WebPage","@id":"https:\/\/psol50.org.br\/samia-bomfim-psol-aciona-ministerio-da-justica-para-pf-investigar-ameacas-contra-sua-vida-por-defesa-do-povo-palestino\/","url":"https:\/\/psol50.org.br\/samia-bomfim-psol-aciona-ministerio-da-justica-para-pf-investigar-ameacas-contra-sua-vida-por-defesa-do-povo-palestino\/","name":"S\u00e2mia Bomfim (PSOL) aciona Minist\u00e9rio da Justi\u00e7a para PF investigar amea\u00e7as contra sua vida por defesa de palestinos","isPartOf":{"@id":"https:\/\/psol50.org.br\/#website"},"primaryImageOfPage":{"@id":"https:\/\/psol50.org.br\/samia-bomfim-psol-aciona-ministerio-da-justica-para-pf-investigar-ameacas-contra-sua-vida-por-defesa-do-povo-palestino\/#primaryimage"},"image":{"@id":"https:\/\/psol50.org.br\/samia-bomfim-psol-aciona-ministerio-da-justica-para-pf-investigar-ameacas-contra-sua-vida-por-defesa-do-povo-palestino\/#primaryimage"},"thumbnailUrl":"https:\/\/psol50.org.br\/inc\/uploads\/2024\/02\/img20240220210147488.jpg","datePublished":"2024-02-23T18:02:47+00:00","dateModified":"2024-02-26T17:49:50+00:00","description":"A parlamentar do PSOL recebeu um email que fala em exterminar palestinos e diz que S\u00e2mia estaria \"com os dias contados\" por apoi\u00e1-los.","breadcrumb":{"@id":"https:\/\/psol50.org.br\/samia-bomfim-psol-aciona-ministerio-da-justica-para-pf-investigar-ameacas-contra-sua-vida-por-defesa-do-povo-palestino\/#breadcrumb"},"inLanguage":"pt-BR","potentialAction":[{"@type":"ReadAction","target":["https:\/\/psol50.org.br\/samia-bomfim-psol-aciona-ministerio-da-justica-para-pf-investigar-ameacas-contra-sua-vida-por-defesa-do-povo-palestino\/"]}]},{"@type":"ImageObject","inLanguage":"pt-BR","@id":"https:\/\/psol50.org.br\/samia-bomfim-psol-aciona-ministerio-da-justica-para-pf-investigar-ameacas-contra-sua-vida-por-defesa-do-povo-palestino\/#primaryimage","url":"https:\/\/psol50.org.br\/inc\/uploads\/2024\/02\/img20240220210147488.jpg","contentUrl":"https:\/\/psol50.org.br\/inc\/uploads\/2024\/02\/img20240220210147488.jpg","width":1984,"height":1223,"caption":"Foto: Zeca Ribeiro\/C\u00e2mara dos Deputados"},{"@type":"BreadcrumbList","@id":"https:\/\/psol50.org.br\/samia-bomfim-psol-aciona-ministerio-da-justica-para-pf-investigar-ameacas-contra-sua-vida-por-defesa-do-povo-palestino\/#breadcrumb","itemListElement":[{"@type":"ListItem","position":1,"name":"In\u00edcio","item":"https:\/\/psol50.org.br\/"},{"@type":"ListItem","position":2,"name":"S\u00e2mia Bomfim (PSOL) aciona Minist\u00e9rio da Justi\u00e7a para PF investigar amea\u00e7as contra sua vida por defesa de palestinos"}]},{"@type":"WebSite","@id":"https:\/\/psol50.org.br\/#website","url":"https:\/\/psol50.org.br\/","name":"PSOL 50","description":"Site oficial do Partido Socialismo e Liberdade","publisher":{"@id":"https:\/\/psol50.org.br\/#organization"},"alternateName":"PSOL50","potentialAction":[{"@type":"SearchAction","target":{"@type":"EntryPoint","urlTemplate":"https:\/\/psol50.org.br\/?s={search_term_string}"},"query-input":{"@type":"PropertyValueSpecification","valueRequired":true,"valueName":"search_term_string"}}],"inLanguage":"pt-BR"},{"@type":"Organization","@id":"https:\/\/psol50.org.br\/#organization","name":"PSOL 50","alternateName":"PSOL 50","url":"https:\/\/psol50.org.br\/","logo":{"@type":"ImageObject","inLanguage":"pt-BR","@id":"https:\/\/psol50.org.br\/#\/schema\/logo\/image\/","url":"https:\/\/psol50.org.br\/inc\/uploads\/2018\/07\/capa.png","contentUrl":"https:\/\/psol50.org.br\/inc\/uploads\/2018\/07\/capa.png","width":1350,"height":900,"caption":"PSOL 50"},"image":{"@id":"https:\/\/psol50.org.br\/#\/schema\/logo\/image\/"},"sameAs":["https:\/\/www.facebook.com\/psol50","https:\/\/x.com\/psol50","https:\/\/www.instagram.com\/psol50\/","https:\/\/www.youtube.com\/channel\/UC7SnJS5o1os7a6CaiNabzcg"]},{"@type":"Person","@id":"https:\/\/psol50.org.br\/#\/schema\/person\/475dfa57d0b815993c714c2e96491fcd","name":"Comunica\u00e7\u00e3o PSOL","image":{"@type":"ImageObject","inLanguage":"pt-BR","@id":"https:\/\/psol50.org.br\/#\/schema\/person\/image\/","url":"https:\/\/secure.gravatar.com\/avatar\/b34fc4f4e468a4e51785917065a3db57b841f5c95dba6ad8c73aaf8f66f8f9bf?s=96&d=mm&r=g","contentUrl":"https:\/\/secure.gravatar.com\/avatar\/b34fc4f4e468a4e51785917065a3db57b841f5c95dba6ad8c73aaf8f66f8f9bf?s=96&d=mm&r=g","caption":"Comunica\u00e7\u00e3o PSOL"}}]}},"_links":{"self":[{"href":"https:\/\/psol50.org.br\/rest\/wp\/v2\/posts\/39046","targetHints":{"allow":["GET"]}}],"collection":[{"href":"https:\/\/psol50.org.br\/rest\/wp\/v2\/posts"}],"about":[{"href":"https:\/\/psol50.org.br\/rest\/wp\/v2\/types\/post"}],"author":[{"embeddable":true,"href":"https:\/\/psol50.org.br\/rest\/wp\/v2\/users\/2"}],"replies":[{"embeddable":true,"href":"https:\/\/psol50.org.br\/rest\/wp\/v2\/comments?post=39046"}],"version-history":[{"count":2,"href":"https:\/\/psol50.org.br\/rest\/wp\/v2\/posts\/39046\/revisions"}],"predecessor-version":[{"id":39049,"href":"https:\/\/psol50.org.br\/rest\/wp\/v2\/posts\/39046\/revisions\/39049"}],"wp:featuredmedia":[{"embeddable":true,"href":"https:\/\/psol50.org.br\/rest\/wp\/v2\/media\/39047"}],"wp:attachment":[{"href":"https:\/\/psol50.org.br\/rest\/wp\/v2\/media?parent=39046"}],"wp:term":[{"taxonomy":"category","embeddable":true,"href":"https:\/\/psol50.org.br\/rest\/wp\/v2\/categories?post=39046"},{"taxonomy":"post_tag","embeddable":true,"href":"https:\/\/psol50.org.br\/rest\/wp\/v2\/tags?post=39046"}],"curies":[{"name":"wp","href":"https:\/\/api.w.org\/{rel}","templated":true}]}}