{"id":39082,"date":"2024-02-26T17:07:55","date_gmt":"2024-02-26T20:07:55","guid":{"rendered":"https:\/\/psol50.org.br\/?p=39082"},"modified":"2024-02-27T12:15:52","modified_gmt":"2024-02-27T15:15:52","slug":"psol-aciona-ministerio-publico-apos-bolsonaro-se-hospedar-na-sede-do-governo-de-sp","status":"publish","type":"post","link":"https:\/\/psol50.org.br\/psol-aciona-ministerio-publico-apos-bolsonaro-se-hospedar-na-sede-do-governo-de-sp\/","title":{"rendered":"PSOL aciona Minist\u00e9rio P\u00fablico ap\u00f3s Bolsonaro se hospedar na sede do governo de SP"},"content":{"rendered":"<p>A deputada federal Luciene Cavalcante, o deputado estadual Carlos Giannazi e o vereador Celso Giannazi, todos do PSOL em S\u00e3o Paulo, acionaram o Minist\u00e9rio P\u00fablico de S\u00e3o Paulo (MP-SP) para pedir provid\u00eancias ap\u00f3s Jair Bolsonaro ter se hospedado no Pal\u00e1cio dos Bandeirantes, sede do governo do estado de SP, para participar da manifesta\u00e7\u00e3o golpista da Av. Paulista no \u00faltimo domingo (25).<\/p>\n<p>Os parlamentares do PSOL apontam que houve uso indevido de pr\u00e9dio p\u00fablico e que o governador Tarc\u00edsio de Freitas viola a impessoalidade e a imparcialidade da gest\u00e3o p\u00fablica ao permitir que a resid\u00eancia oficial fosse utilizada como &#8220;QG do Golpe&#8221;. H\u00e1 informa\u00e7\u00f5es de que v\u00e1rios integrantes do PL tamb\u00e9m se hospedaram por l\u00e1.<\/p>\n<p>Os proponentes refor\u00e7am ser o Pal\u00e1cio dos Bandeirantes &#8220;um bem p\u00fablico sustentado pelo er\u00e1rio, tendo como destina\u00e7\u00e3o, portanto, o maior interesse p\u00fablico, salvo de utiliza\u00e7\u00e3o por interesses privados do Governador&#8221;.<\/p>\n<p>A a\u00e7\u00e3o tamb\u00e9m questiona custos e finalidades da hospedagem e pede que o MP cobre as medidas cab\u00edveis dos respons\u00e1veis.<\/p>\n","protected":false},"excerpt":{"rendered":"<p>A deputada federal Luciene Cavalcante, o deputado estadual Carlos Giannazi e o vereador Celso Giannazi, todos do PSOL em S\u00e3o Paulo, acionaram o Minist\u00e9rio P\u00fablico de S\u00e3o Paulo (MP-SP) para pedir provid\u00eancias ap\u00f3s Jair Bolsonaro ter se hospedado no Pal\u00e1cio dos Bandeirantes, sede do governo do estado de SP, para participar da manifesta\u00e7\u00e3o golpista da [&hellip;]<\/p>\n","protected":false},"author":2,"featured_media":38337,"comment_status":"closed","ping_status":"open","sticky":false,"template":"","format":"standard","meta":{"_acf_changed":false,"footnotes":""},"categories":[10],"tags":[4825],"class_list":{"0":"post-39082","1":"post","2":"type-post","3":"status-publish","4":"format-standard","5":"has-post-thumbnail","7":"category-acao-parlamentares","8":"tag-noticias"},"acf":[],"yoast_head":"<!-- This site is optimized with the Yoast SEO plugin v26.5 - https:\/\/yoast.com\/wordpress\/plugins\/seo\/ -->\n<title>PSOL aciona Minist\u00e9rio P\u00fablico ap\u00f3s Bolsonaro se hospedar na sede do governo de SP<\/title>\n<meta name=\"description\" content=\"A\u00e7\u00e3o de Luciene Cavalcante, Carlos Giannazi e Celso Giannazi questiona uso indevido de pr\u00e9dio p\u00fablico, que viola princ\u00edpio da impessoalidade e imparcialidade da gest\u00e3o p\u00fablica.\" \/>\n<meta name=\"robots\" content=\"index, follow, max-snippet:-1, max-image-preview:large, max-video-preview:-1\" \/>\n<link rel=\"canonical\" href=\"https:\/\/psol50.org.br\/psol-aciona-ministerio-publico-apos-bolsonaro-se-hospedar-na-sede-do-governo-de-sp\/\" \/>\n<meta property=\"og:locale\" content=\"pt_BR\" \/>\n<meta property=\"og:type\" content=\"article\" \/>\n<meta property=\"og:title\" content=\"PSOL aciona Minist\u00e9rio P\u00fablico ap\u00f3s Bolsonaro se hospedar na sede do governo de SP\" \/>\n<meta property=\"og:description\" content=\"A\u00e7\u00e3o de Luciene Cavalcante, Carlos Giannazi e Celso Giannazi questiona uso indevido de pr\u00e9dio p\u00fablico, que viola princ\u00edpio da impessoalidade e imparcialidade da gest\u00e3o p\u00fablica.\" \/>\n<meta property=\"og:url\" content=\"https:\/\/psol50.org.br\/psol-aciona-ministerio-publico-apos-bolsonaro-se-hospedar-na-sede-do-governo-de-sp\/\" \/>\n<meta property=\"og:site_name\" content=\"PSOL 50\" \/>\n<meta property=\"article:publisher\" content=\"https:\/\/www.facebook.com\/psol50\" \/>\n<meta property=\"article:published_time\" content=\"2024-02-26T20:07:55+00:00\" \/>\n<meta property=\"article:modified_time\" content=\"2024-02-27T15:15:52+00:00\" \/>\n<meta property=\"og:image\" content=\"https:\/\/psol50.org.br\/inc\/uploads\/2023\/08\/52678348237_7e504aaf83_c.jpg\" \/>\n\t<meta property=\"og:image:width\" content=\"799\" \/>\n\t<meta property=\"og:image:height\" content=\"533\" \/>\n\t<meta property=\"og:image:type\" content=\"image\/jpeg\" \/>\n<meta name=\"author\" content=\"Comunica\u00e7\u00e3o PSOL\" \/>\n<meta name=\"twitter:card\" content=\"summary_large_image\" \/>\n<meta name=\"twitter:creator\" content=\"@psol50\" \/>\n<meta name=\"twitter:site\" content=\"@psol50\" \/>\n<meta name=\"twitter:label1\" content=\"Escrito por\" \/>\n\t<meta name=\"twitter:data1\" content=\"Comunica\u00e7\u00e3o PSOL\" \/>\n\t<meta name=\"twitter:label2\" content=\"Est. tempo de leitura\" \/>\n\t<meta name=\"twitter:data2\" content=\"1 minuto\" \/>\n<script type=\"application\/ld+json\" class=\"yoast-schema-graph\">{\"@context\":\"https:\/\/schema.org\",\"@graph\":[{\"@type\":\"Article\",\"@id\":\"https:\/\/psol50.org.br\/psol-aciona-ministerio-publico-apos-bolsonaro-se-hospedar-na-sede-do-governo-de-sp\/#article\",\"isPartOf\":{\"@id\":\"https:\/\/psol50.org.br\/psol-aciona-ministerio-publico-apos-bolsonaro-se-hospedar-na-sede-do-governo-de-sp\/\"},\"author\":{\"name\":\"Comunica\u00e7\u00e3o PSOL\",\"@id\":\"https:\/\/psol50.org.br\/#\/schema\/person\/475dfa57d0b815993c714c2e96491fcd\"},\"headline\":\"PSOL aciona Minist\u00e9rio P\u00fablico ap\u00f3s Bolsonaro se hospedar na sede do governo de SP\",\"datePublished\":\"2024-02-26T20:07:55+00:00\",\"dateModified\":\"2024-02-27T15:15:52+00:00\",\"mainEntityOfPage\":{\"@id\":\"https:\/\/psol50.org.br\/psol-aciona-ministerio-publico-apos-bolsonaro-se-hospedar-na-sede-do-governo-de-sp\/\"},\"wordCount\":208,\"publisher\":{\"@id\":\"https:\/\/psol50.org.br\/#organization\"},\"image\":{\"@id\":\"https:\/\/psol50.org.br\/psol-aciona-ministerio-publico-apos-bolsonaro-se-hospedar-na-sede-do-governo-de-sp\/#primaryimage\"},\"thumbnailUrl\":\"https:\/\/psol50.org.br\/inc\/uploads\/2023\/08\/52678348237_7e504aaf83_c.jpg\",\"keywords\":[\"Not\u00edcias\"],\"articleSection\":[\"A\u00e7\u00e3o Parlamentar\"],\"inLanguage\":\"pt-BR\"},{\"@type\":\"WebPage\",\"@id\":\"https:\/\/psol50.org.br\/psol-aciona-ministerio-publico-apos-bolsonaro-se-hospedar-na-sede-do-governo-de-sp\/\",\"url\":\"https:\/\/psol50.org.br\/psol-aciona-ministerio-publico-apos-bolsonaro-se-hospedar-na-sede-do-governo-de-sp\/\",\"name\":\"PSOL aciona Minist\u00e9rio P\u00fablico ap\u00f3s Bolsonaro se hospedar na sede do governo de SP\",\"isPartOf\":{\"@id\":\"https:\/\/psol50.org.br\/#website\"},\"primaryImageOfPage\":{\"@id\":\"https:\/\/psol50.org.br\/psol-aciona-ministerio-publico-apos-bolsonaro-se-hospedar-na-sede-do-governo-de-sp\/#primaryimage\"},\"image\":{\"@id\":\"https:\/\/psol50.org.br\/psol-aciona-ministerio-publico-apos-bolsonaro-se-hospedar-na-sede-do-governo-de-sp\/#primaryimage\"},\"thumbnailUrl\":\"https:\/\/psol50.org.br\/inc\/uploads\/2023\/08\/52678348237_7e504aaf83_c.jpg\",\"datePublished\":\"2024-02-26T20:07:55+00:00\",\"dateModified\":\"2024-02-27T15:15:52+00:00\",\"description\":\"A\u00e7\u00e3o de Luciene Cavalcante, Carlos Giannazi e Celso Giannazi questiona uso indevido de pr\u00e9dio p\u00fablico, que viola princ\u00edpio da impessoalidade e imparcialidade da gest\u00e3o p\u00fablica.\",\"breadcrumb\":{\"@id\":\"https:\/\/psol50.org.br\/psol-aciona-ministerio-publico-apos-bolsonaro-se-hospedar-na-sede-do-governo-de-sp\/#breadcrumb\"},\"inLanguage\":\"pt-BR\",\"potentialAction\":[{\"@type\":\"ReadAction\",\"target\":[\"https:\/\/psol50.org.br\/psol-aciona-ministerio-publico-apos-bolsonaro-se-hospedar-na-sede-do-governo-de-sp\/\"]}]},{\"@type\":\"ImageObject\",\"inLanguage\":\"pt-BR\",\"@id\":\"https:\/\/psol50.org.br\/psol-aciona-ministerio-publico-apos-bolsonaro-se-hospedar-na-sede-do-governo-de-sp\/#primaryimage\",\"url\":\"https:\/\/psol50.org.br\/inc\/uploads\/2023\/08\/52678348237_7e504aaf83_c.jpg\",\"contentUrl\":\"https:\/\/psol50.org.br\/inc\/uploads\/2023\/08\/52678348237_7e504aaf83_c.jpg\",\"width\":799,\"height\":533,\"caption\":\"Foto: Reprodu\u00e7\u00e3o\"},{\"@type\":\"BreadcrumbList\",\"@id\":\"https:\/\/psol50.org.br\/psol-aciona-ministerio-publico-apos-bolsonaro-se-hospedar-na-sede-do-governo-de-sp\/#breadcrumb\",\"itemListElement\":[{\"@type\":\"ListItem\",\"position\":1,\"name\":\"In\u00edcio\",\"item\":\"https:\/\/psol50.org.br\/\"},{\"@type\":\"ListItem\",\"position\":2,\"name\":\"PSOL aciona Minist\u00e9rio P\u00fablico ap\u00f3s Bolsonaro se hospedar na sede do governo de SP\"}]},{\"@type\":\"WebSite\",\"@id\":\"https:\/\/psol50.org.br\/#website\",\"url\":\"https:\/\/psol50.org.br\/\",\"name\":\"PSOL 50\",\"description\":\"Site oficial do Partido Socialismo e Liberdade\",\"publisher\":{\"@id\":\"https:\/\/psol50.org.br\/#organization\"},\"alternateName\":\"PSOL50\",\"potentialAction\":[{\"@type\":\"SearchAction\",\"target\":{\"@type\":\"EntryPoint\",\"urlTemplate\":\"https:\/\/psol50.org.br\/?s={search_term_string}\"},\"query-input\":{\"@type\":\"PropertyValueSpecification\",\"valueRequired\":true,\"valueName\":\"search_term_string\"}}],\"inLanguage\":\"pt-BR\"},{\"@type\":\"Organization\",\"@id\":\"https:\/\/psol50.org.br\/#organization\",\"name\":\"PSOL 50\",\"alternateName\":\"PSOL 50\",\"url\":\"https:\/\/psol50.org.br\/\",\"logo\":{\"@type\":\"ImageObject\",\"inLanguage\":\"pt-BR\",\"@id\":\"https:\/\/psol50.org.br\/#\/schema\/logo\/image\/\",\"url\":\"https:\/\/psol50.org.br\/inc\/uploads\/2018\/07\/capa.png\",\"contentUrl\":\"https:\/\/psol50.org.br\/inc\/uploads\/2018\/07\/capa.png\",\"width\":1350,\"height\":900,\"caption\":\"PSOL 50\"},\"image\":{\"@id\":\"https:\/\/psol50.org.br\/#\/schema\/logo\/image\/\"},\"sameAs\":[\"https:\/\/www.facebook.com\/psol50\",\"https:\/\/x.com\/psol50\",\"https:\/\/www.instagram.com\/psol50\/\",\"https:\/\/www.youtube.com\/channel\/UC7SnJS5o1os7a6CaiNabzcg\"]},{\"@type\":\"Person\",\"@id\":\"https:\/\/psol50.org.br\/#\/schema\/person\/475dfa57d0b815993c714c2e96491fcd\",\"name\":\"Comunica\u00e7\u00e3o PSOL\",\"image\":{\"@type\":\"ImageObject\",\"inLanguage\":\"pt-BR\",\"@id\":\"https:\/\/psol50.org.br\/#\/schema\/person\/image\/\",\"url\":\"https:\/\/secure.gravatar.com\/avatar\/b34fc4f4e468a4e51785917065a3db57b841f5c95dba6ad8c73aaf8f66f8f9bf?s=96&d=mm&r=g\",\"contentUrl\":\"https:\/\/secure.gravatar.com\/avatar\/b34fc4f4e468a4e51785917065a3db57b841f5c95dba6ad8c73aaf8f66f8f9bf?s=96&d=mm&r=g\",\"caption\":\"Comunica\u00e7\u00e3o PSOL\"}}]}<\/script>\n<!-- \/ Yoast SEO plugin. -->","yoast_head_json":{"title":"PSOL aciona Minist\u00e9rio P\u00fablico ap\u00f3s Bolsonaro se hospedar na sede do governo de SP","description":"A\u00e7\u00e3o de Luciene Cavalcante, Carlos Giannazi e Celso Giannazi questiona uso indevido de pr\u00e9dio p\u00fablico, que viola princ\u00edpio da impessoalidade e imparcialidade da gest\u00e3o p\u00fablica.","robots":{"index":"index","follow":"follow","max-snippet":"max-snippet:-1","max-image-preview":"max-image-preview:large","max-video-preview":"max-video-preview:-1"},"canonical":"https:\/\/psol50.org.br\/psol-aciona-ministerio-publico-apos-bolsonaro-se-hospedar-na-sede-do-governo-de-sp\/","og_locale":"pt_BR","og_type":"article","og_title":"PSOL aciona Minist\u00e9rio P\u00fablico ap\u00f3s Bolsonaro se hospedar na sede do governo de SP","og_description":"A\u00e7\u00e3o de Luciene Cavalcante, Carlos Giannazi e Celso Giannazi questiona uso indevido de pr\u00e9dio p\u00fablico, que viola princ\u00edpio da impessoalidade e imparcialidade da gest\u00e3o p\u00fablica.","og_url":"https:\/\/psol50.org.br\/psol-aciona-ministerio-publico-apos-bolsonaro-se-hospedar-na-sede-do-governo-de-sp\/","og_site_name":"PSOL 50","article_publisher":"https:\/\/www.facebook.com\/psol50","article_published_time":"2024-02-26T20:07:55+00:00","article_modified_time":"2024-02-27T15:15:52+00:00","og_image":[{"width":799,"height":533,"url":"https:\/\/psol50.org.br\/inc\/uploads\/2023\/08\/52678348237_7e504aaf83_c.jpg","type":"image\/jpeg"}],"author":"Comunica\u00e7\u00e3o PSOL","twitter_card":"summary_large_image","twitter_creator":"@psol50","twitter_site":"@psol50","twitter_misc":{"Escrito por":"Comunica\u00e7\u00e3o PSOL","Est. tempo de leitura":"1 minuto"},"schema":{"@context":"https:\/\/schema.org","@graph":[{"@type":"Article","@id":"https:\/\/psol50.org.br\/psol-aciona-ministerio-publico-apos-bolsonaro-se-hospedar-na-sede-do-governo-de-sp\/#article","isPartOf":{"@id":"https:\/\/psol50.org.br\/psol-aciona-ministerio-publico-apos-bolsonaro-se-hospedar-na-sede-do-governo-de-sp\/"},"author":{"name":"Comunica\u00e7\u00e3o PSOL","@id":"https:\/\/psol50.org.br\/#\/schema\/person\/475dfa57d0b815993c714c2e96491fcd"},"headline":"PSOL aciona Minist\u00e9rio P\u00fablico ap\u00f3s Bolsonaro se hospedar na sede do governo de SP","datePublished":"2024-02-26T20:07:55+00:00","dateModified":"2024-02-27T15:15:52+00:00","mainEntityOfPage":{"@id":"https:\/\/psol50.org.br\/psol-aciona-ministerio-publico-apos-bolsonaro-se-hospedar-na-sede-do-governo-de-sp\/"},"wordCount":208,"publisher":{"@id":"https:\/\/psol50.org.br\/#organization"},"image":{"@id":"https:\/\/psol50.org.br\/psol-aciona-ministerio-publico-apos-bolsonaro-se-hospedar-na-sede-do-governo-de-sp\/#primaryimage"},"thumbnailUrl":"https:\/\/psol50.org.br\/inc\/uploads\/2023\/08\/52678348237_7e504aaf83_c.jpg","keywords":["Not\u00edcias"],"articleSection":["A\u00e7\u00e3o Parlamentar"],"inLanguage":"pt-BR"},{"@type":"WebPage","@id":"https:\/\/psol50.org.br\/psol-aciona-ministerio-publico-apos-bolsonaro-se-hospedar-na-sede-do-governo-de-sp\/","url":"https:\/\/psol50.org.br\/psol-aciona-ministerio-publico-apos-bolsonaro-se-hospedar-na-sede-do-governo-de-sp\/","name":"PSOL aciona Minist\u00e9rio P\u00fablico ap\u00f3s Bolsonaro se hospedar na sede do governo de SP","isPartOf":{"@id":"https:\/\/psol50.org.br\/#website"},"primaryImageOfPage":{"@id":"https:\/\/psol50.org.br\/psol-aciona-ministerio-publico-apos-bolsonaro-se-hospedar-na-sede-do-governo-de-sp\/#primaryimage"},"image":{"@id":"https:\/\/psol50.org.br\/psol-aciona-ministerio-publico-apos-bolsonaro-se-hospedar-na-sede-do-governo-de-sp\/#primaryimage"},"thumbnailUrl":"https:\/\/psol50.org.br\/inc\/uploads\/2023\/08\/52678348237_7e504aaf83_c.jpg","datePublished":"2024-02-26T20:07:55+00:00","dateModified":"2024-02-27T15:15:52+00:00","description":"A\u00e7\u00e3o de Luciene Cavalcante, Carlos Giannazi e Celso Giannazi questiona uso indevido de pr\u00e9dio p\u00fablico, que viola princ\u00edpio da impessoalidade e imparcialidade da gest\u00e3o p\u00fablica.","breadcrumb":{"@id":"https:\/\/psol50.org.br\/psol-aciona-ministerio-publico-apos-bolsonaro-se-hospedar-na-sede-do-governo-de-sp\/#breadcrumb"},"inLanguage":"pt-BR","potentialAction":[{"@type":"ReadAction","target":["https:\/\/psol50.org.br\/psol-aciona-ministerio-publico-apos-bolsonaro-se-hospedar-na-sede-do-governo-de-sp\/"]}]},{"@type":"ImageObject","inLanguage":"pt-BR","@id":"https:\/\/psol50.org.br\/psol-aciona-ministerio-publico-apos-bolsonaro-se-hospedar-na-sede-do-governo-de-sp\/#primaryimage","url":"https:\/\/psol50.org.br\/inc\/uploads\/2023\/08\/52678348237_7e504aaf83_c.jpg","contentUrl":"https:\/\/psol50.org.br\/inc\/uploads\/2023\/08\/52678348237_7e504aaf83_c.jpg","width":799,"height":533,"caption":"Foto: Reprodu\u00e7\u00e3o"},{"@type":"BreadcrumbList","@id":"https:\/\/psol50.org.br\/psol-aciona-ministerio-publico-apos-bolsonaro-se-hospedar-na-sede-do-governo-de-sp\/#breadcrumb","itemListElement":[{"@type":"ListItem","position":1,"name":"In\u00edcio","item":"https:\/\/psol50.org.br\/"},{"@type":"ListItem","position":2,"name":"PSOL aciona Minist\u00e9rio P\u00fablico ap\u00f3s Bolsonaro se hospedar na sede do governo de SP"}]},{"@type":"WebSite","@id":"https:\/\/psol50.org.br\/#website","url":"https:\/\/psol50.org.br\/","name":"PSOL 50","description":"Site oficial do Partido Socialismo e Liberdade","publisher":{"@id":"https:\/\/psol50.org.br\/#organization"},"alternateName":"PSOL50","potentialAction":[{"@type":"SearchAction","target":{"@type":"EntryPoint","urlTemplate":"https:\/\/psol50.org.br\/?s={search_term_string}"},"query-input":{"@type":"PropertyValueSpecification","valueRequired":true,"valueName":"search_term_string"}}],"inLanguage":"pt-BR"},{"@type":"Organization","@id":"https:\/\/psol50.org.br\/#organization","name":"PSOL 50","alternateName":"PSOL 50","url":"https:\/\/psol50.org.br\/","logo":{"@type":"ImageObject","inLanguage":"pt-BR","@id":"https:\/\/psol50.org.br\/#\/schema\/logo\/image\/","url":"https:\/\/psol50.org.br\/inc\/uploads\/2018\/07\/capa.png","contentUrl":"https:\/\/psol50.org.br\/inc\/uploads\/2018\/07\/capa.png","width":1350,"height":900,"caption":"PSOL 50"},"image":{"@id":"https:\/\/psol50.org.br\/#\/schema\/logo\/image\/"},"sameAs":["https:\/\/www.facebook.com\/psol50","https:\/\/x.com\/psol50","https:\/\/www.instagram.com\/psol50\/","https:\/\/www.youtube.com\/channel\/UC7SnJS5o1os7a6CaiNabzcg"]},{"@type":"Person","@id":"https:\/\/psol50.org.br\/#\/schema\/person\/475dfa57d0b815993c714c2e96491fcd","name":"Comunica\u00e7\u00e3o PSOL","image":{"@type":"ImageObject","inLanguage":"pt-BR","@id":"https:\/\/psol50.org.br\/#\/schema\/person\/image\/","url":"https:\/\/secure.gravatar.com\/avatar\/b34fc4f4e468a4e51785917065a3db57b841f5c95dba6ad8c73aaf8f66f8f9bf?s=96&d=mm&r=g","contentUrl":"https:\/\/secure.gravatar.com\/avatar\/b34fc4f4e468a4e51785917065a3db57b841f5c95dba6ad8c73aaf8f66f8f9bf?s=96&d=mm&r=g","caption":"Comunica\u00e7\u00e3o PSOL"}}]}},"_links":{"self":[{"href":"https:\/\/psol50.org.br\/rest\/wp\/v2\/posts\/39082","targetHints":{"allow":["GET"]}}],"collection":[{"href":"https:\/\/psol50.org.br\/rest\/wp\/v2\/posts"}],"about":[{"href":"https:\/\/psol50.org.br\/rest\/wp\/v2\/types\/post"}],"author":[{"embeddable":true,"href":"https:\/\/psol50.org.br\/rest\/wp\/v2\/users\/2"}],"replies":[{"embeddable":true,"href":"https:\/\/psol50.org.br\/rest\/wp\/v2\/comments?post=39082"}],"version-history":[{"count":2,"href":"https:\/\/psol50.org.br\/rest\/wp\/v2\/posts\/39082\/revisions"}],"predecessor-version":[{"id":39086,"href":"https:\/\/psol50.org.br\/rest\/wp\/v2\/posts\/39082\/revisions\/39086"}],"wp:featuredmedia":[{"embeddable":true,"href":"https:\/\/psol50.org.br\/rest\/wp\/v2\/media\/38337"}],"wp:attachment":[{"href":"https:\/\/psol50.org.br\/rest\/wp\/v2\/media?parent=39082"}],"wp:term":[{"taxonomy":"category","embeddable":true,"href":"https:\/\/psol50.org.br\/rest\/wp\/v2\/categories?post=39082"},{"taxonomy":"post_tag","embeddable":true,"href":"https:\/\/psol50.org.br\/rest\/wp\/v2\/tags?post=39082"}],"curies":[{"name":"wp","href":"https:\/\/api.w.org\/{rel}","templated":true}]}}