{"id":39084,"date":"2024-02-26T15:44:13","date_gmt":"2024-02-26T18:44:13","guid":{"rendered":"https:\/\/psol50.org.br\/?p=39084"},"modified":"2024-04-22T12:09:44","modified_gmt":"2024-04-22T15:09:44","slug":"executiva-nacional-do-psol-aprova-resolucao-sobre-federacao-com-a-rede-sustentabilidade","status":"publish","type":"post","link":"https:\/\/psol50.org.br\/executiva-nacional-do-psol-aprova-resolucao-sobre-federacao-com-a-rede-sustentabilidade\/","title":{"rendered":"Executiva Nacional do PSOL aprova resolu\u00e7\u00e3o sobre Federa\u00e7\u00e3o com a Rede Sustentabilidade"},"content":{"rendered":"<p>Considerando que:<\/p>\n<p>A Federa\u00e7\u00e3o PSOL-REDE orienta-se pelo seu estatuto amplamente debatido e aprovado de forma consensual;<\/p>\n<p>O ano de 2024 ser\u00e1 o primeiro ano que viveremos um processo eleitoral municipalizado com PSOL e REDE federados;<\/p>\n<p>A Federa\u00e7\u00e3o tem suas instancias pr\u00f3prias que deliberam por maioria partid\u00e1ria e apesar de ramificada em estados e munic\u00edpios, possui autonomia relativa \u00e0 rela\u00e7\u00e3o de for\u00e7as, ao estatuto da federa\u00e7\u00e3o e \u00e0 instancia nacional;<\/p>\n<p>Ao decorrer do processo de atua\u00e7\u00e3o pr\u00e1tica, como partidos federados, duvidas e lacunas no estatuto surgiram.<\/p>\n<p>Resolve:<\/p>\n<p>1 \u2013 Reafirmar a literalidade estatut\u00e1ria prevista no Art.41, tal seja:<\/p>\n<p style=\"text-align: right;\"><i>\u201cArt. 41. At\u00e9 o m\u00eas de fevereiro de 2023 os partidos associados indicar\u00e3o os novos membros da Assembleia Geral da Federa\u00e7\u00e3o PSOL-REDE e das Dire\u00e7\u00f5es Nacional e Estadual\/ Distrital proporcionalmente aos dos votos v\u00e1lidos obtidos na elei\u00e7\u00e3o de 2022.\u201d (Estatuto da Federa\u00e7\u00e3o PSOL-REDE)<\/i><\/p>\n<p>2 \u2013 Reafirmar a necessidade de constru\u00e7\u00e3o das Dire\u00e7\u00f5es Municipais da Federa\u00e7\u00e3o PSOL-REDE e taxatividade da compet\u00eancia estadual no que tange a cria\u00e7\u00e3o da instancia, conforme Art.25, I:<\/p>\n<p style=\"text-align: right;\"><i>\u201cArt. 25. Compete \u00e0s Dire\u00e7\u00f5es Estaduais e Distrital da Federa\u00e7\u00e3o PSOL-REDE I. Criar os Dire\u00e7\u00f5es Municipais da Federa\u00e7\u00e3o PSOL-REDE\u201d (Estatuto da Federa\u00e7\u00e3o PSOL-REDE)<\/i><\/p>\n<p>3 \u2013 Reafirmar a previs\u00e3o estatut\u00e1ria que indica a primeira composi\u00e7\u00e3o de dire\u00e7\u00e3o da Federa\u00e7\u00e3o com base na elei\u00e7\u00e3o anterior a sua exist\u00eancia, assegurando o m\u00ednimo de 30% para o partido com menor vota\u00e7\u00e3o no ano de refer\u00eancia, ou seja, as Dire\u00e7\u00f5es Municipais ter\u00e3o como referencia a elei\u00e7\u00e3o de 2020, sendo assegurado ao menor partido o m\u00ednimo de 30% na composi\u00e7\u00e3o da dire\u00e7\u00e3o;<\/p>\n<p>4 \u2013 Pacificar, por aus\u00eancia de previs\u00e3o estatut\u00e1ria, a seguinte compreens\u00e3o sobre munic\u00edpios em que os partidos associados n\u00e3o possuem hist\u00f3rico anterior de vota\u00e7\u00e3o:<\/p>\n<p style=\"text-align: right;\"><i>\u201cNos munic\u00edpios que se verifica aus\u00eancia de vota\u00e7\u00e3o dos dois partidos da Federa\u00e7\u00e3o PSOL-REDE, a rela\u00e7\u00e3o de for\u00e7a a ser considerada para a composi\u00e7\u00e3o de dire\u00e7\u00e3o e nominata eleitoral da Federa\u00e7\u00e3o dever\u00e1 ser a mesma utilizada como refer\u00eancia para a Dire\u00e7\u00e3o Estadual da Federa\u00e7\u00e3o\u201d<\/i><\/p>\n<p>5 \u2013 Reafirmar, por excesso de zelo, que a FEDERA\u00c7\u00c3O assegura liberdade relativa aos partidos, no entanto \u00e9 n\u00edtido que nenhum partido est\u00e1 autorizado a desrespeitar regras estatut\u00e1rias ou resolu\u00e7\u00f5es aprovadas na FEDERA\u00c7\u00c3O. O mesmo se aplica para as defini\u00e7\u00f5es de candidaturas ou arco de alian\u00e7as, devendo ser entendidas como exce\u00e7\u00f5es apenas o que a inst\u00e2ncia adequada da federa\u00e7\u00e3o autorizar, de forma taxativa, como tal.<\/p>\n<p>6 \u2013 Reafirmar que acordos entre os partidos s\u00e3o poss\u00edveis, desde que esteja em conformidade com os princ\u00edpios e fundamentos estatut\u00e1rios da FEDERA\u00c7\u00c3O e que seja consensual, n\u00e3o sendo poss\u00edvel o consenso deve-se sempre respeitar a rela\u00e7\u00e3o de for\u00e7as partid\u00e1rias e as orienta\u00e7\u00f5es normativas que orientam a FEDERA\u00c7\u00c3O.<\/p>\n<p>7 \u2013 Encaminhar uma for\u00e7a tarefa que se encarregue de regulariza\u00e7\u00e3o de inst\u00e2ncias da federa\u00e7\u00e3o nos munic\u00edpios.<\/p>\n<p><em><strong>Executiva Nacional do PSOL<\/strong><\/em><br \/>\n<em><strong>26 de fevereiro de 2024.<\/strong><\/em><\/p>\n","protected":false},"excerpt":{"rendered":"<p>Considerando que: A Federa\u00e7\u00e3o PSOL-REDE orienta-se pelo seu estatuto amplamente debatido e aprovado de forma consensual; O ano de 2024 ser\u00e1 o primeiro ano que viveremos um processo eleitoral municipalizado com PSOL e REDE federados; A Federa\u00e7\u00e3o tem suas instancias pr\u00f3prias que deliberam por maioria partid\u00e1ria e apesar de ramificada em estados e munic\u00edpios, possui [&hellip;]<\/p>\n","protected":false},"author":2,"featured_media":38517,"comment_status":"closed","ping_status":"open","sticky":false,"template":"","format":"standard","meta":{"_acf_changed":false,"footnotes":""},"categories":[14,72],"tags":[4825],"class_list":{"0":"post-39084","1":"post","2":"type-post","3":"status-publish","4":"format-standard","5":"has-post-thumbnail","7":"category-partido","8":"category-resolucoes","9":"tag-noticias"},"acf":[],"yoast_head":"<!-- This site is optimized with the Yoast SEO plugin v26.5 - https:\/\/yoast.com\/wordpress\/plugins\/seo\/ -->\n<title>Executiva Nacional do PSOL aprova resolu\u00e7\u00e3o sobre Federa\u00e7\u00e3o com a Rede Sustentabilidade<\/title>\n<meta name=\"robots\" content=\"index, follow, max-snippet:-1, max-image-preview:large, max-video-preview:-1\" \/>\n<link rel=\"canonical\" href=\"https:\/\/psol50.org.br\/executiva-nacional-do-psol-aprova-resolucao-sobre-federacao-com-a-rede-sustentabilidade\/\" \/>\n<meta property=\"og:locale\" content=\"pt_BR\" \/>\n<meta property=\"og:type\" content=\"article\" \/>\n<meta property=\"og:title\" content=\"Executiva Nacional do PSOL aprova resolu\u00e7\u00e3o sobre Federa\u00e7\u00e3o com a Rede Sustentabilidade\" \/>\n<meta property=\"og:description\" content=\"Considerando que: A Federa\u00e7\u00e3o PSOL-REDE orienta-se pelo seu estatuto amplamente debatido e aprovado de forma consensual; O ano de 2024 ser\u00e1 o primeiro ano que viveremos um processo eleitoral municipalizado com PSOL e REDE federados; A Federa\u00e7\u00e3o tem suas instancias pr\u00f3prias que deliberam por maioria partid\u00e1ria e apesar de ramificada em estados e munic\u00edpios, possui [&hellip;]\" \/>\n<meta property=\"og:url\" content=\"https:\/\/psol50.org.br\/executiva-nacional-do-psol-aprova-resolucao-sobre-federacao-com-a-rede-sustentabilidade\/\" \/>\n<meta property=\"og:site_name\" content=\"PSOL 50\" \/>\n<meta property=\"article:publisher\" content=\"https:\/\/www.facebook.com\/psol50\" \/>\n<meta property=\"article:published_time\" content=\"2024-02-26T18:44:13+00:00\" \/>\n<meta property=\"article:modified_time\" content=\"2024-04-22T15:09:44+00:00\" \/>\n<meta property=\"og:image\" content=\"https:\/\/psol50.org.br\/inc\/uploads\/2023\/09\/Felipe_Iruata-3931-scaled.jpg\" \/>\n\t<meta property=\"og:image:width\" content=\"2560\" \/>\n\t<meta property=\"og:image:height\" content=\"1706\" \/>\n\t<meta property=\"og:image:type\" content=\"image\/jpeg\" \/>\n<meta name=\"author\" content=\"Comunica\u00e7\u00e3o PSOL\" \/>\n<meta name=\"twitter:card\" content=\"summary_large_image\" \/>\n<meta name=\"twitter:creator\" content=\"@psol50\" \/>\n<meta name=\"twitter:site\" content=\"@psol50\" \/>\n<meta name=\"twitter:label1\" content=\"Escrito por\" \/>\n\t<meta name=\"twitter:data1\" content=\"Comunica\u00e7\u00e3o PSOL\" \/>\n\t<meta name=\"twitter:label2\" content=\"Est. tempo de leitura\" \/>\n\t<meta name=\"twitter:data2\" content=\"3 minutos\" \/>\n<script type=\"application\/ld+json\" class=\"yoast-schema-graph\">{\"@context\":\"https:\/\/schema.org\",\"@graph\":[{\"@type\":\"Article\",\"@id\":\"https:\/\/psol50.org.br\/executiva-nacional-do-psol-aprova-resolucao-sobre-federacao-com-a-rede-sustentabilidade\/#article\",\"isPartOf\":{\"@id\":\"https:\/\/psol50.org.br\/executiva-nacional-do-psol-aprova-resolucao-sobre-federacao-com-a-rede-sustentabilidade\/\"},\"author\":{\"name\":\"Comunica\u00e7\u00e3o PSOL\",\"@id\":\"https:\/\/psol50.org.br\/#\/schema\/person\/475dfa57d0b815993c714c2e96491fcd\"},\"headline\":\"Executiva Nacional do PSOL aprova resolu\u00e7\u00e3o sobre Federa\u00e7\u00e3o com a Rede Sustentabilidade\",\"datePublished\":\"2024-02-26T18:44:13+00:00\",\"dateModified\":\"2024-04-22T15:09:44+00:00\",\"mainEntityOfPage\":{\"@id\":\"https:\/\/psol50.org.br\/executiva-nacional-do-psol-aprova-resolucao-sobre-federacao-com-a-rede-sustentabilidade\/\"},\"wordCount\":539,\"publisher\":{\"@id\":\"https:\/\/psol50.org.br\/#organization\"},\"image\":{\"@id\":\"https:\/\/psol50.org.br\/executiva-nacional-do-psol-aprova-resolucao-sobre-federacao-com-a-rede-sustentabilidade\/#primaryimage\"},\"thumbnailUrl\":\"https:\/\/psol50.org.br\/inc\/uploads\/2023\/09\/Felipe_Iruata-3931-scaled.jpg\",\"keywords\":[\"Not\u00edcias\"],\"articleSection\":[\"Partido\",\"Resolu\u00e7\u00f5es\"],\"inLanguage\":\"pt-BR\"},{\"@type\":\"WebPage\",\"@id\":\"https:\/\/psol50.org.br\/executiva-nacional-do-psol-aprova-resolucao-sobre-federacao-com-a-rede-sustentabilidade\/\",\"url\":\"https:\/\/psol50.org.br\/executiva-nacional-do-psol-aprova-resolucao-sobre-federacao-com-a-rede-sustentabilidade\/\",\"name\":\"Executiva Nacional do PSOL aprova resolu\u00e7\u00e3o sobre Federa\u00e7\u00e3o com a Rede Sustentabilidade\",\"isPartOf\":{\"@id\":\"https:\/\/psol50.org.br\/#website\"},\"primaryImageOfPage\":{\"@id\":\"https:\/\/psol50.org.br\/executiva-nacional-do-psol-aprova-resolucao-sobre-federacao-com-a-rede-sustentabilidade\/#primaryimage\"},\"image\":{\"@id\":\"https:\/\/psol50.org.br\/executiva-nacional-do-psol-aprova-resolucao-sobre-federacao-com-a-rede-sustentabilidade\/#primaryimage\"},\"thumbnailUrl\":\"https:\/\/psol50.org.br\/inc\/uploads\/2023\/09\/Felipe_Iruata-3931-scaled.jpg\",\"datePublished\":\"2024-02-26T18:44:13+00:00\",\"dateModified\":\"2024-04-22T15:09:44+00:00\",\"breadcrumb\":{\"@id\":\"https:\/\/psol50.org.br\/executiva-nacional-do-psol-aprova-resolucao-sobre-federacao-com-a-rede-sustentabilidade\/#breadcrumb\"},\"inLanguage\":\"pt-BR\",\"potentialAction\":[{\"@type\":\"ReadAction\",\"target\":[\"https:\/\/psol50.org.br\/executiva-nacional-do-psol-aprova-resolucao-sobre-federacao-com-a-rede-sustentabilidade\/\"]}]},{\"@type\":\"ImageObject\",\"inLanguage\":\"pt-BR\",\"@id\":\"https:\/\/psol50.org.br\/executiva-nacional-do-psol-aprova-resolucao-sobre-federacao-com-a-rede-sustentabilidade\/#primaryimage\",\"url\":\"https:\/\/psol50.org.br\/inc\/uploads\/2023\/09\/Felipe_Iruata-3931-scaled.jpg\",\"contentUrl\":\"https:\/\/psol50.org.br\/inc\/uploads\/2023\/09\/Felipe_Iruata-3931-scaled.jpg\",\"width\":2560,\"height\":1706,\"caption\":\"Foto: Felipe Iruat\u00e3\"},{\"@type\":\"BreadcrumbList\",\"@id\":\"https:\/\/psol50.org.br\/executiva-nacional-do-psol-aprova-resolucao-sobre-federacao-com-a-rede-sustentabilidade\/#breadcrumb\",\"itemListElement\":[{\"@type\":\"ListItem\",\"position\":1,\"name\":\"In\u00edcio\",\"item\":\"https:\/\/psol50.org.br\/\"},{\"@type\":\"ListItem\",\"position\":2,\"name\":\"Executiva Nacional do PSOL aprova resolu\u00e7\u00e3o sobre Federa\u00e7\u00e3o com a Rede Sustentabilidade\"}]},{\"@type\":\"WebSite\",\"@id\":\"https:\/\/psol50.org.br\/#website\",\"url\":\"https:\/\/psol50.org.br\/\",\"name\":\"PSOL 50\",\"description\":\"Site oficial do Partido Socialismo e Liberdade\",\"publisher\":{\"@id\":\"https:\/\/psol50.org.br\/#organization\"},\"alternateName\":\"PSOL50\",\"potentialAction\":[{\"@type\":\"SearchAction\",\"target\":{\"@type\":\"EntryPoint\",\"urlTemplate\":\"https:\/\/psol50.org.br\/?s={search_term_string}\"},\"query-input\":{\"@type\":\"PropertyValueSpecification\",\"valueRequired\":true,\"valueName\":\"search_term_string\"}}],\"inLanguage\":\"pt-BR\"},{\"@type\":\"Organization\",\"@id\":\"https:\/\/psol50.org.br\/#organization\",\"name\":\"PSOL 50\",\"alternateName\":\"PSOL 50\",\"url\":\"https:\/\/psol50.org.br\/\",\"logo\":{\"@type\":\"ImageObject\",\"inLanguage\":\"pt-BR\",\"@id\":\"https:\/\/psol50.org.br\/#\/schema\/logo\/image\/\",\"url\":\"https:\/\/psol50.org.br\/inc\/uploads\/2018\/07\/capa.png\",\"contentUrl\":\"https:\/\/psol50.org.br\/inc\/uploads\/2018\/07\/capa.png\",\"width\":1350,\"height\":900,\"caption\":\"PSOL 50\"},\"image\":{\"@id\":\"https:\/\/psol50.org.br\/#\/schema\/logo\/image\/\"},\"sameAs\":[\"https:\/\/www.facebook.com\/psol50\",\"https:\/\/x.com\/psol50\",\"https:\/\/www.instagram.com\/psol50\/\",\"https:\/\/www.youtube.com\/channel\/UC7SnJS5o1os7a6CaiNabzcg\"]},{\"@type\":\"Person\",\"@id\":\"https:\/\/psol50.org.br\/#\/schema\/person\/475dfa57d0b815993c714c2e96491fcd\",\"name\":\"Comunica\u00e7\u00e3o PSOL\",\"image\":{\"@type\":\"ImageObject\",\"inLanguage\":\"pt-BR\",\"@id\":\"https:\/\/psol50.org.br\/#\/schema\/person\/image\/\",\"url\":\"https:\/\/secure.gravatar.com\/avatar\/b34fc4f4e468a4e51785917065a3db57b841f5c95dba6ad8c73aaf8f66f8f9bf?s=96&d=mm&r=g\",\"contentUrl\":\"https:\/\/secure.gravatar.com\/avatar\/b34fc4f4e468a4e51785917065a3db57b841f5c95dba6ad8c73aaf8f66f8f9bf?s=96&d=mm&r=g\",\"caption\":\"Comunica\u00e7\u00e3o PSOL\"}}]}<\/script>\n<!-- \/ Yoast SEO plugin. -->","yoast_head_json":{"title":"Executiva Nacional do PSOL aprova resolu\u00e7\u00e3o sobre Federa\u00e7\u00e3o com a Rede Sustentabilidade","robots":{"index":"index","follow":"follow","max-snippet":"max-snippet:-1","max-image-preview":"max-image-preview:large","max-video-preview":"max-video-preview:-1"},"canonical":"https:\/\/psol50.org.br\/executiva-nacional-do-psol-aprova-resolucao-sobre-federacao-com-a-rede-sustentabilidade\/","og_locale":"pt_BR","og_type":"article","og_title":"Executiva Nacional do PSOL aprova resolu\u00e7\u00e3o sobre Federa\u00e7\u00e3o com a Rede Sustentabilidade","og_description":"Considerando que: A Federa\u00e7\u00e3o PSOL-REDE orienta-se pelo seu estatuto amplamente debatido e aprovado de forma consensual; O ano de 2024 ser\u00e1 o primeiro ano que viveremos um processo eleitoral municipalizado com PSOL e REDE federados; A Federa\u00e7\u00e3o tem suas instancias pr\u00f3prias que deliberam por maioria partid\u00e1ria e apesar de ramificada em estados e munic\u00edpios, possui [&hellip;]","og_url":"https:\/\/psol50.org.br\/executiva-nacional-do-psol-aprova-resolucao-sobre-federacao-com-a-rede-sustentabilidade\/","og_site_name":"PSOL 50","article_publisher":"https:\/\/www.facebook.com\/psol50","article_published_time":"2024-02-26T18:44:13+00:00","article_modified_time":"2024-04-22T15:09:44+00:00","og_image":[{"width":2560,"height":1706,"url":"https:\/\/psol50.org.br\/inc\/uploads\/2023\/09\/Felipe_Iruata-3931-scaled.jpg","type":"image\/jpeg"}],"author":"Comunica\u00e7\u00e3o PSOL","twitter_card":"summary_large_image","twitter_creator":"@psol50","twitter_site":"@psol50","twitter_misc":{"Escrito por":"Comunica\u00e7\u00e3o PSOL","Est. tempo de leitura":"3 minutos"},"schema":{"@context":"https:\/\/schema.org","@graph":[{"@type":"Article","@id":"https:\/\/psol50.org.br\/executiva-nacional-do-psol-aprova-resolucao-sobre-federacao-com-a-rede-sustentabilidade\/#article","isPartOf":{"@id":"https:\/\/psol50.org.br\/executiva-nacional-do-psol-aprova-resolucao-sobre-federacao-com-a-rede-sustentabilidade\/"},"author":{"name":"Comunica\u00e7\u00e3o PSOL","@id":"https:\/\/psol50.org.br\/#\/schema\/person\/475dfa57d0b815993c714c2e96491fcd"},"headline":"Executiva Nacional do PSOL aprova resolu\u00e7\u00e3o sobre Federa\u00e7\u00e3o com a Rede Sustentabilidade","datePublished":"2024-02-26T18:44:13+00:00","dateModified":"2024-04-22T15:09:44+00:00","mainEntityOfPage":{"@id":"https:\/\/psol50.org.br\/executiva-nacional-do-psol-aprova-resolucao-sobre-federacao-com-a-rede-sustentabilidade\/"},"wordCount":539,"publisher":{"@id":"https:\/\/psol50.org.br\/#organization"},"image":{"@id":"https:\/\/psol50.org.br\/executiva-nacional-do-psol-aprova-resolucao-sobre-federacao-com-a-rede-sustentabilidade\/#primaryimage"},"thumbnailUrl":"https:\/\/psol50.org.br\/inc\/uploads\/2023\/09\/Felipe_Iruata-3931-scaled.jpg","keywords":["Not\u00edcias"],"articleSection":["Partido","Resolu\u00e7\u00f5es"],"inLanguage":"pt-BR"},{"@type":"WebPage","@id":"https:\/\/psol50.org.br\/executiva-nacional-do-psol-aprova-resolucao-sobre-federacao-com-a-rede-sustentabilidade\/","url":"https:\/\/psol50.org.br\/executiva-nacional-do-psol-aprova-resolucao-sobre-federacao-com-a-rede-sustentabilidade\/","name":"Executiva Nacional do PSOL aprova resolu\u00e7\u00e3o sobre Federa\u00e7\u00e3o com a Rede Sustentabilidade","isPartOf":{"@id":"https:\/\/psol50.org.br\/#website"},"primaryImageOfPage":{"@id":"https:\/\/psol50.org.br\/executiva-nacional-do-psol-aprova-resolucao-sobre-federacao-com-a-rede-sustentabilidade\/#primaryimage"},"image":{"@id":"https:\/\/psol50.org.br\/executiva-nacional-do-psol-aprova-resolucao-sobre-federacao-com-a-rede-sustentabilidade\/#primaryimage"},"thumbnailUrl":"https:\/\/psol50.org.br\/inc\/uploads\/2023\/09\/Felipe_Iruata-3931-scaled.jpg","datePublished":"2024-02-26T18:44:13+00:00","dateModified":"2024-04-22T15:09:44+00:00","breadcrumb":{"@id":"https:\/\/psol50.org.br\/executiva-nacional-do-psol-aprova-resolucao-sobre-federacao-com-a-rede-sustentabilidade\/#breadcrumb"},"inLanguage":"pt-BR","potentialAction":[{"@type":"ReadAction","target":["https:\/\/psol50.org.br\/executiva-nacional-do-psol-aprova-resolucao-sobre-federacao-com-a-rede-sustentabilidade\/"]}]},{"@type":"ImageObject","inLanguage":"pt-BR","@id":"https:\/\/psol50.org.br\/executiva-nacional-do-psol-aprova-resolucao-sobre-federacao-com-a-rede-sustentabilidade\/#primaryimage","url":"https:\/\/psol50.org.br\/inc\/uploads\/2023\/09\/Felipe_Iruata-3931-scaled.jpg","contentUrl":"https:\/\/psol50.org.br\/inc\/uploads\/2023\/09\/Felipe_Iruata-3931-scaled.jpg","width":2560,"height":1706,"caption":"Foto: Felipe Iruat\u00e3"},{"@type":"BreadcrumbList","@id":"https:\/\/psol50.org.br\/executiva-nacional-do-psol-aprova-resolucao-sobre-federacao-com-a-rede-sustentabilidade\/#breadcrumb","itemListElement":[{"@type":"ListItem","position":1,"name":"In\u00edcio","item":"https:\/\/psol50.org.br\/"},{"@type":"ListItem","position":2,"name":"Executiva Nacional do PSOL aprova resolu\u00e7\u00e3o sobre Federa\u00e7\u00e3o com a Rede Sustentabilidade"}]},{"@type":"WebSite","@id":"https:\/\/psol50.org.br\/#website","url":"https:\/\/psol50.org.br\/","name":"PSOL 50","description":"Site oficial do Partido Socialismo e Liberdade","publisher":{"@id":"https:\/\/psol50.org.br\/#organization"},"alternateName":"PSOL50","potentialAction":[{"@type":"SearchAction","target":{"@type":"EntryPoint","urlTemplate":"https:\/\/psol50.org.br\/?s={search_term_string}"},"query-input":{"@type":"PropertyValueSpecification","valueRequired":true,"valueName":"search_term_string"}}],"inLanguage":"pt-BR"},{"@type":"Organization","@id":"https:\/\/psol50.org.br\/#organization","name":"PSOL 50","alternateName":"PSOL 50","url":"https:\/\/psol50.org.br\/","logo":{"@type":"ImageObject","inLanguage":"pt-BR","@id":"https:\/\/psol50.org.br\/#\/schema\/logo\/image\/","url":"https:\/\/psol50.org.br\/inc\/uploads\/2018\/07\/capa.png","contentUrl":"https:\/\/psol50.org.br\/inc\/uploads\/2018\/07\/capa.png","width":1350,"height":900,"caption":"PSOL 50"},"image":{"@id":"https:\/\/psol50.org.br\/#\/schema\/logo\/image\/"},"sameAs":["https:\/\/www.facebook.com\/psol50","https:\/\/x.com\/psol50","https:\/\/www.instagram.com\/psol50\/","https:\/\/www.youtube.com\/channel\/UC7SnJS5o1os7a6CaiNabzcg"]},{"@type":"Person","@id":"https:\/\/psol50.org.br\/#\/schema\/person\/475dfa57d0b815993c714c2e96491fcd","name":"Comunica\u00e7\u00e3o PSOL","image":{"@type":"ImageObject","inLanguage":"pt-BR","@id":"https:\/\/psol50.org.br\/#\/schema\/person\/image\/","url":"https:\/\/secure.gravatar.com\/avatar\/b34fc4f4e468a4e51785917065a3db57b841f5c95dba6ad8c73aaf8f66f8f9bf?s=96&d=mm&r=g","contentUrl":"https:\/\/secure.gravatar.com\/avatar\/b34fc4f4e468a4e51785917065a3db57b841f5c95dba6ad8c73aaf8f66f8f9bf?s=96&d=mm&r=g","caption":"Comunica\u00e7\u00e3o PSOL"}}]}},"_links":{"self":[{"href":"https:\/\/psol50.org.br\/rest\/wp\/v2\/posts\/39084","targetHints":{"allow":["GET"]}}],"collection":[{"href":"https:\/\/psol50.org.br\/rest\/wp\/v2\/posts"}],"about":[{"href":"https:\/\/psol50.org.br\/rest\/wp\/v2\/types\/post"}],"author":[{"embeddable":true,"href":"https:\/\/psol50.org.br\/rest\/wp\/v2\/users\/2"}],"replies":[{"embeddable":true,"href":"https:\/\/psol50.org.br\/rest\/wp\/v2\/comments?post=39084"}],"version-history":[{"count":1,"href":"https:\/\/psol50.org.br\/rest\/wp\/v2\/posts\/39084\/revisions"}],"predecessor-version":[{"id":39085,"href":"https:\/\/psol50.org.br\/rest\/wp\/v2\/posts\/39084\/revisions\/39085"}],"wp:featuredmedia":[{"embeddable":true,"href":"https:\/\/psol50.org.br\/rest\/wp\/v2\/media\/38517"}],"wp:attachment":[{"href":"https:\/\/psol50.org.br\/rest\/wp\/v2\/media?parent=39084"}],"wp:term":[{"taxonomy":"category","embeddable":true,"href":"https:\/\/psol50.org.br\/rest\/wp\/v2\/categories?post=39084"},{"taxonomy":"post_tag","embeddable":true,"href":"https:\/\/psol50.org.br\/rest\/wp\/v2\/tags?post=39084"}],"curies":[{"name":"wp","href":"https:\/\/api.w.org\/{rel}","templated":true}]}}