{"id":39092,"date":"2024-02-27T12:14:30","date_gmt":"2024-02-27T15:14:30","guid":{"rendered":"https:\/\/psol50.org.br\/?p=39092"},"modified":"2024-03-13T16:50:14","modified_gmt":"2024-03-13T19:50:14","slug":"23-de-marco-dia-de-mobilizacao-nacional-em-defesa-da-democracia","status":"publish","type":"post","link":"https:\/\/psol50.org.br\/23-de-marco-dia-de-mobilizacao-nacional-em-defesa-da-democracia\/","title":{"rendered":"23 de mar\u00e7o: dia de mobiliza\u00e7\u00e3o nacional em defesa da democracia"},"content":{"rendered":"<p>As Frentes Povo Sem Medo e Brasil Popular aprovaram a convoca\u00e7\u00e3o para o dia 23 de mar\u00e7o de um grande dia nacional de mobiliza\u00e7\u00e3o em defesa da democracia.<\/p>\n<p>A reuni\u00e3o conjunta, que contou com a participa\u00e7\u00e3o de PSOL, PT e PCdoB, al\u00e9m de diversos movimentos sociais que comp\u00f5em as duas frentes, decidiu pela convoca\u00e7\u00e3o de manifesta\u00e7\u00f5es de rua por todo o Brasil contra as amea\u00e7as \u00e0 democracia feitas pela extrema-direita.<\/p>\n<p>Os quatro pontos centrais da manifesta\u00e7\u00e3o s\u00e3o: defesa da democracia, sem anistia para os golpistas, o marco de 60 anos do golpe e pelo fim do genoc\u00eddio na Palestina.<\/p>\n<p>A decis\u00e3o de fazer um ato de rua em defesa da democracia surge em meio \u00e0s mais recentes revela\u00e7\u00f5es sobre o plano golpista envolvendo o ex-presidente Jair Bolsonaro e ex-membros da alta c\u00fapula do governo de extrema-direita. Tamb\u00e9m est\u00e3o na mira da PF generais e ex-comandantes das For\u00e7as Armadas.<\/p>\n<p>As organiza\u00e7\u00f5es presentes na reuni\u00e3o das frentes enfatizaram a import\u00e2ncia de ocupar as ruas para pressionar pela puni\u00e7\u00e3o dos envolvidos no golpe.<\/p>\n<p>O dia 23 ser\u00e1 o grande momento em que uma extensa jornada de lutas ao longo de todo o m\u00eas de mar\u00e7o culminar\u00e1: as mulheres brasileiras tamb\u00e9m convocam a popula\u00e7\u00e3o \u00e0s ruas nos dias 8 e 14 de mar\u00e7o, em defesa de seus direitos e do legado de Marielle Franco, cuja morte completar\u00e1 seis anos neste m\u00eas.<\/p>\n","protected":false},"excerpt":{"rendered":"<p>As Frentes Povo Sem Medo e Brasil Popular aprovaram a convoca\u00e7\u00e3o para o dia 23 de mar\u00e7o de um grande dia nacional de mobiliza\u00e7\u00e3o em defesa da democracia. A reuni\u00e3o conjunta, que contou com a participa\u00e7\u00e3o de PSOL, PT e PCdoB, al\u00e9m de diversos movimentos sociais que comp\u00f5em as duas frentes, decidiu pela convoca\u00e7\u00e3o de [&hellip;]<\/p>\n","protected":false},"author":2,"featured_media":39093,"comment_status":"closed","ping_status":"open","sticky":false,"template":"","format":"standard","meta":{"_acf_changed":false,"footnotes":""},"categories":[1882],"tags":[4825],"class_list":{"0":"post-39092","1":"post","2":"type-post","3":"status-publish","4":"format-standard","5":"has-post-thumbnail","7":"category-brasil","8":"tag-noticias"},"acf":[],"yoast_head":"<!-- This site is optimized with the Yoast SEO plugin v26.5 - https:\/\/yoast.com\/wordpress\/plugins\/seo\/ -->\n<title>23 de mar\u00e7o: dia de mobiliza\u00e7\u00e3o nacional em defesa da democracia<\/title>\n<meta name=\"description\" content=\"Frentes Povo Sem Medo e Brasil Popular convocam atos de rua para todo o pa\u00eds para dizer em alto e bom som: SEM ANISTIA PARA OS GOLPISTAS!\" \/>\n<meta name=\"robots\" content=\"index, follow, max-snippet:-1, max-image-preview:large, max-video-preview:-1\" \/>\n<link rel=\"canonical\" href=\"https:\/\/psol50.org.br\/23-de-marco-dia-de-mobilizacao-nacional-em-defesa-da-democracia\/\" \/>\n<meta property=\"og:locale\" content=\"pt_BR\" \/>\n<meta property=\"og:type\" content=\"article\" \/>\n<meta property=\"og:title\" content=\"23 de mar\u00e7o: dia de mobiliza\u00e7\u00e3o nacional em defesa da democracia\" \/>\n<meta property=\"og:description\" content=\"Frentes Povo Sem Medo e Brasil Popular convocam atos de rua para todo o pa\u00eds para dizer em alto e bom som: SEM ANISTIA PARA OS GOLPISTAS!\" \/>\n<meta property=\"og:url\" content=\"https:\/\/psol50.org.br\/23-de-marco-dia-de-mobilizacao-nacional-em-defesa-da-democracia\/\" \/>\n<meta property=\"og:site_name\" content=\"PSOL 50\" \/>\n<meta property=\"article:publisher\" content=\"https:\/\/www.facebook.com\/psol50\" \/>\n<meta property=\"article:published_time\" content=\"2024-02-27T15:14:30+00:00\" \/>\n<meta property=\"article:modified_time\" content=\"2024-03-13T19:50:14+00:00\" \/>\n<meta property=\"og:image\" content=\"https:\/\/psol50.org.br\/inc\/uploads\/2024\/02\/lula-paulista-848x477-1.jpeg\" \/>\n\t<meta property=\"og:image:width\" content=\"848\" \/>\n\t<meta property=\"og:image:height\" content=\"477\" \/>\n\t<meta property=\"og:image:type\" content=\"image\/jpeg\" \/>\n<meta name=\"author\" content=\"Comunica\u00e7\u00e3o PSOL\" \/>\n<meta name=\"twitter:card\" content=\"summary_large_image\" \/>\n<meta name=\"twitter:creator\" content=\"@psol50\" \/>\n<meta name=\"twitter:site\" content=\"@psol50\" \/>\n<meta name=\"twitter:label1\" content=\"Escrito por\" \/>\n\t<meta name=\"twitter:data1\" content=\"Comunica\u00e7\u00e3o PSOL\" \/>\n\t<meta name=\"twitter:label2\" content=\"Est. tempo de leitura\" \/>\n\t<meta name=\"twitter:data2\" content=\"1 minuto\" \/>\n<script type=\"application\/ld+json\" class=\"yoast-schema-graph\">{\"@context\":\"https:\/\/schema.org\",\"@graph\":[{\"@type\":\"Article\",\"@id\":\"https:\/\/psol50.org.br\/23-de-marco-dia-de-mobilizacao-nacional-em-defesa-da-democracia\/#article\",\"isPartOf\":{\"@id\":\"https:\/\/psol50.org.br\/23-de-marco-dia-de-mobilizacao-nacional-em-defesa-da-democracia\/\"},\"author\":{\"name\":\"Comunica\u00e7\u00e3o PSOL\",\"@id\":\"https:\/\/psol50.org.br\/#\/schema\/person\/475dfa57d0b815993c714c2e96491fcd\"},\"headline\":\"23 de mar\u00e7o: dia de mobiliza\u00e7\u00e3o nacional em defesa da democracia\",\"datePublished\":\"2024-02-27T15:14:30+00:00\",\"dateModified\":\"2024-03-13T19:50:14+00:00\",\"mainEntityOfPage\":{\"@id\":\"https:\/\/psol50.org.br\/23-de-marco-dia-de-mobilizacao-nacional-em-defesa-da-democracia\/\"},\"wordCount\":262,\"publisher\":{\"@id\":\"https:\/\/psol50.org.br\/#organization\"},\"image\":{\"@id\":\"https:\/\/psol50.org.br\/23-de-marco-dia-de-mobilizacao-nacional-em-defesa-da-democracia\/#primaryimage\"},\"thumbnailUrl\":\"https:\/\/psol50.org.br\/inc\/uploads\/2024\/02\/lula-paulista-848x477-1.jpeg\",\"keywords\":[\"Not\u00edcias\"],\"articleSection\":[\"Brasil\"],\"inLanguage\":\"pt-BR\"},{\"@type\":\"WebPage\",\"@id\":\"https:\/\/psol50.org.br\/23-de-marco-dia-de-mobilizacao-nacional-em-defesa-da-democracia\/\",\"url\":\"https:\/\/psol50.org.br\/23-de-marco-dia-de-mobilizacao-nacional-em-defesa-da-democracia\/\",\"name\":\"23 de mar\u00e7o: dia de mobiliza\u00e7\u00e3o nacional em defesa da democracia\",\"isPartOf\":{\"@id\":\"https:\/\/psol50.org.br\/#website\"},\"primaryImageOfPage\":{\"@id\":\"https:\/\/psol50.org.br\/23-de-marco-dia-de-mobilizacao-nacional-em-defesa-da-democracia\/#primaryimage\"},\"image\":{\"@id\":\"https:\/\/psol50.org.br\/23-de-marco-dia-de-mobilizacao-nacional-em-defesa-da-democracia\/#primaryimage\"},\"thumbnailUrl\":\"https:\/\/psol50.org.br\/inc\/uploads\/2024\/02\/lula-paulista-848x477-1.jpeg\",\"datePublished\":\"2024-02-27T15:14:30+00:00\",\"dateModified\":\"2024-03-13T19:50:14+00:00\",\"description\":\"Frentes Povo Sem Medo e Brasil Popular convocam atos de rua para todo o pa\u00eds para dizer em alto e bom som: SEM ANISTIA PARA OS GOLPISTAS!\",\"breadcrumb\":{\"@id\":\"https:\/\/psol50.org.br\/23-de-marco-dia-de-mobilizacao-nacional-em-defesa-da-democracia\/#breadcrumb\"},\"inLanguage\":\"pt-BR\",\"potentialAction\":[{\"@type\":\"ReadAction\",\"target\":[\"https:\/\/psol50.org.br\/23-de-marco-dia-de-mobilizacao-nacional-em-defesa-da-democracia\/\"]}]},{\"@type\":\"ImageObject\",\"inLanguage\":\"pt-BR\",\"@id\":\"https:\/\/psol50.org.br\/23-de-marco-dia-de-mobilizacao-nacional-em-defesa-da-democracia\/#primaryimage\",\"url\":\"https:\/\/psol50.org.br\/inc\/uploads\/2024\/02\/lula-paulista-848x477-1.jpeg\",\"contentUrl\":\"https:\/\/psol50.org.br\/inc\/uploads\/2024\/02\/lula-paulista-848x477-1.jpeg\",\"width\":848,\"height\":477,\"caption\":\"Foto: Ricardo Stuckert\"},{\"@type\":\"BreadcrumbList\",\"@id\":\"https:\/\/psol50.org.br\/23-de-marco-dia-de-mobilizacao-nacional-em-defesa-da-democracia\/#breadcrumb\",\"itemListElement\":[{\"@type\":\"ListItem\",\"position\":1,\"name\":\"In\u00edcio\",\"item\":\"https:\/\/psol50.org.br\/\"},{\"@type\":\"ListItem\",\"position\":2,\"name\":\"23 de mar\u00e7o: dia de mobiliza\u00e7\u00e3o nacional em defesa da democracia\"}]},{\"@type\":\"WebSite\",\"@id\":\"https:\/\/psol50.org.br\/#website\",\"url\":\"https:\/\/psol50.org.br\/\",\"name\":\"PSOL 50\",\"description\":\"Site oficial do Partido Socialismo e Liberdade\",\"publisher\":{\"@id\":\"https:\/\/psol50.org.br\/#organization\"},\"alternateName\":\"PSOL50\",\"potentialAction\":[{\"@type\":\"SearchAction\",\"target\":{\"@type\":\"EntryPoint\",\"urlTemplate\":\"https:\/\/psol50.org.br\/?s={search_term_string}\"},\"query-input\":{\"@type\":\"PropertyValueSpecification\",\"valueRequired\":true,\"valueName\":\"search_term_string\"}}],\"inLanguage\":\"pt-BR\"},{\"@type\":\"Organization\",\"@id\":\"https:\/\/psol50.org.br\/#organization\",\"name\":\"PSOL 50\",\"alternateName\":\"PSOL 50\",\"url\":\"https:\/\/psol50.org.br\/\",\"logo\":{\"@type\":\"ImageObject\",\"inLanguage\":\"pt-BR\",\"@id\":\"https:\/\/psol50.org.br\/#\/schema\/logo\/image\/\",\"url\":\"https:\/\/psol50.org.br\/inc\/uploads\/2018\/07\/capa.png\",\"contentUrl\":\"https:\/\/psol50.org.br\/inc\/uploads\/2018\/07\/capa.png\",\"width\":1350,\"height\":900,\"caption\":\"PSOL 50\"},\"image\":{\"@id\":\"https:\/\/psol50.org.br\/#\/schema\/logo\/image\/\"},\"sameAs\":[\"https:\/\/www.facebook.com\/psol50\",\"https:\/\/x.com\/psol50\",\"https:\/\/www.instagram.com\/psol50\/\",\"https:\/\/www.youtube.com\/channel\/UC7SnJS5o1os7a6CaiNabzcg\"]},{\"@type\":\"Person\",\"@id\":\"https:\/\/psol50.org.br\/#\/schema\/person\/475dfa57d0b815993c714c2e96491fcd\",\"name\":\"Comunica\u00e7\u00e3o PSOL\",\"image\":{\"@type\":\"ImageObject\",\"inLanguage\":\"pt-BR\",\"@id\":\"https:\/\/psol50.org.br\/#\/schema\/person\/image\/\",\"url\":\"https:\/\/secure.gravatar.com\/avatar\/b34fc4f4e468a4e51785917065a3db57b841f5c95dba6ad8c73aaf8f66f8f9bf?s=96&d=mm&r=g\",\"contentUrl\":\"https:\/\/secure.gravatar.com\/avatar\/b34fc4f4e468a4e51785917065a3db57b841f5c95dba6ad8c73aaf8f66f8f9bf?s=96&d=mm&r=g\",\"caption\":\"Comunica\u00e7\u00e3o PSOL\"}}]}<\/script>\n<!-- \/ Yoast SEO plugin. -->","yoast_head_json":{"title":"23 de mar\u00e7o: dia de mobiliza\u00e7\u00e3o nacional em defesa da democracia","description":"Frentes Povo Sem Medo e Brasil Popular convocam atos de rua para todo o pa\u00eds para dizer em alto e bom som: SEM ANISTIA PARA OS GOLPISTAS!","robots":{"index":"index","follow":"follow","max-snippet":"max-snippet:-1","max-image-preview":"max-image-preview:large","max-video-preview":"max-video-preview:-1"},"canonical":"https:\/\/psol50.org.br\/23-de-marco-dia-de-mobilizacao-nacional-em-defesa-da-democracia\/","og_locale":"pt_BR","og_type":"article","og_title":"23 de mar\u00e7o: dia de mobiliza\u00e7\u00e3o nacional em defesa da democracia","og_description":"Frentes Povo Sem Medo e Brasil Popular convocam atos de rua para todo o pa\u00eds para dizer em alto e bom som: SEM ANISTIA PARA OS GOLPISTAS!","og_url":"https:\/\/psol50.org.br\/23-de-marco-dia-de-mobilizacao-nacional-em-defesa-da-democracia\/","og_site_name":"PSOL 50","article_publisher":"https:\/\/www.facebook.com\/psol50","article_published_time":"2024-02-27T15:14:30+00:00","article_modified_time":"2024-03-13T19:50:14+00:00","og_image":[{"width":848,"height":477,"url":"https:\/\/psol50.org.br\/inc\/uploads\/2024\/02\/lula-paulista-848x477-1.jpeg","type":"image\/jpeg"}],"author":"Comunica\u00e7\u00e3o PSOL","twitter_card":"summary_large_image","twitter_creator":"@psol50","twitter_site":"@psol50","twitter_misc":{"Escrito por":"Comunica\u00e7\u00e3o PSOL","Est. tempo de leitura":"1 minuto"},"schema":{"@context":"https:\/\/schema.org","@graph":[{"@type":"Article","@id":"https:\/\/psol50.org.br\/23-de-marco-dia-de-mobilizacao-nacional-em-defesa-da-democracia\/#article","isPartOf":{"@id":"https:\/\/psol50.org.br\/23-de-marco-dia-de-mobilizacao-nacional-em-defesa-da-democracia\/"},"author":{"name":"Comunica\u00e7\u00e3o PSOL","@id":"https:\/\/psol50.org.br\/#\/schema\/person\/475dfa57d0b815993c714c2e96491fcd"},"headline":"23 de mar\u00e7o: dia de mobiliza\u00e7\u00e3o nacional em defesa da democracia","datePublished":"2024-02-27T15:14:30+00:00","dateModified":"2024-03-13T19:50:14+00:00","mainEntityOfPage":{"@id":"https:\/\/psol50.org.br\/23-de-marco-dia-de-mobilizacao-nacional-em-defesa-da-democracia\/"},"wordCount":262,"publisher":{"@id":"https:\/\/psol50.org.br\/#organization"},"image":{"@id":"https:\/\/psol50.org.br\/23-de-marco-dia-de-mobilizacao-nacional-em-defesa-da-democracia\/#primaryimage"},"thumbnailUrl":"https:\/\/psol50.org.br\/inc\/uploads\/2024\/02\/lula-paulista-848x477-1.jpeg","keywords":["Not\u00edcias"],"articleSection":["Brasil"],"inLanguage":"pt-BR"},{"@type":"WebPage","@id":"https:\/\/psol50.org.br\/23-de-marco-dia-de-mobilizacao-nacional-em-defesa-da-democracia\/","url":"https:\/\/psol50.org.br\/23-de-marco-dia-de-mobilizacao-nacional-em-defesa-da-democracia\/","name":"23 de mar\u00e7o: dia de mobiliza\u00e7\u00e3o nacional em defesa da democracia","isPartOf":{"@id":"https:\/\/psol50.org.br\/#website"},"primaryImageOfPage":{"@id":"https:\/\/psol50.org.br\/23-de-marco-dia-de-mobilizacao-nacional-em-defesa-da-democracia\/#primaryimage"},"image":{"@id":"https:\/\/psol50.org.br\/23-de-marco-dia-de-mobilizacao-nacional-em-defesa-da-democracia\/#primaryimage"},"thumbnailUrl":"https:\/\/psol50.org.br\/inc\/uploads\/2024\/02\/lula-paulista-848x477-1.jpeg","datePublished":"2024-02-27T15:14:30+00:00","dateModified":"2024-03-13T19:50:14+00:00","description":"Frentes Povo Sem Medo e Brasil Popular convocam atos de rua para todo o pa\u00eds para dizer em alto e bom som: SEM ANISTIA PARA OS GOLPISTAS!","breadcrumb":{"@id":"https:\/\/psol50.org.br\/23-de-marco-dia-de-mobilizacao-nacional-em-defesa-da-democracia\/#breadcrumb"},"inLanguage":"pt-BR","potentialAction":[{"@type":"ReadAction","target":["https:\/\/psol50.org.br\/23-de-marco-dia-de-mobilizacao-nacional-em-defesa-da-democracia\/"]}]},{"@type":"ImageObject","inLanguage":"pt-BR","@id":"https:\/\/psol50.org.br\/23-de-marco-dia-de-mobilizacao-nacional-em-defesa-da-democracia\/#primaryimage","url":"https:\/\/psol50.org.br\/inc\/uploads\/2024\/02\/lula-paulista-848x477-1.jpeg","contentUrl":"https:\/\/psol50.org.br\/inc\/uploads\/2024\/02\/lula-paulista-848x477-1.jpeg","width":848,"height":477,"caption":"Foto: Ricardo Stuckert"},{"@type":"BreadcrumbList","@id":"https:\/\/psol50.org.br\/23-de-marco-dia-de-mobilizacao-nacional-em-defesa-da-democracia\/#breadcrumb","itemListElement":[{"@type":"ListItem","position":1,"name":"In\u00edcio","item":"https:\/\/psol50.org.br\/"},{"@type":"ListItem","position":2,"name":"23 de mar\u00e7o: dia de mobiliza\u00e7\u00e3o nacional em defesa da democracia"}]},{"@type":"WebSite","@id":"https:\/\/psol50.org.br\/#website","url":"https:\/\/psol50.org.br\/","name":"PSOL 50","description":"Site oficial do Partido Socialismo e Liberdade","publisher":{"@id":"https:\/\/psol50.org.br\/#organization"},"alternateName":"PSOL50","potentialAction":[{"@type":"SearchAction","target":{"@type":"EntryPoint","urlTemplate":"https:\/\/psol50.org.br\/?s={search_term_string}"},"query-input":{"@type":"PropertyValueSpecification","valueRequired":true,"valueName":"search_term_string"}}],"inLanguage":"pt-BR"},{"@type":"Organization","@id":"https:\/\/psol50.org.br\/#organization","name":"PSOL 50","alternateName":"PSOL 50","url":"https:\/\/psol50.org.br\/","logo":{"@type":"ImageObject","inLanguage":"pt-BR","@id":"https:\/\/psol50.org.br\/#\/schema\/logo\/image\/","url":"https:\/\/psol50.org.br\/inc\/uploads\/2018\/07\/capa.png","contentUrl":"https:\/\/psol50.org.br\/inc\/uploads\/2018\/07\/capa.png","width":1350,"height":900,"caption":"PSOL 50"},"image":{"@id":"https:\/\/psol50.org.br\/#\/schema\/logo\/image\/"},"sameAs":["https:\/\/www.facebook.com\/psol50","https:\/\/x.com\/psol50","https:\/\/www.instagram.com\/psol50\/","https:\/\/www.youtube.com\/channel\/UC7SnJS5o1os7a6CaiNabzcg"]},{"@type":"Person","@id":"https:\/\/psol50.org.br\/#\/schema\/person\/475dfa57d0b815993c714c2e96491fcd","name":"Comunica\u00e7\u00e3o PSOL","image":{"@type":"ImageObject","inLanguage":"pt-BR","@id":"https:\/\/psol50.org.br\/#\/schema\/person\/image\/","url":"https:\/\/secure.gravatar.com\/avatar\/b34fc4f4e468a4e51785917065a3db57b841f5c95dba6ad8c73aaf8f66f8f9bf?s=96&d=mm&r=g","contentUrl":"https:\/\/secure.gravatar.com\/avatar\/b34fc4f4e468a4e51785917065a3db57b841f5c95dba6ad8c73aaf8f66f8f9bf?s=96&d=mm&r=g","caption":"Comunica\u00e7\u00e3o PSOL"}}]}},"_links":{"self":[{"href":"https:\/\/psol50.org.br\/rest\/wp\/v2\/posts\/39092","targetHints":{"allow":["GET"]}}],"collection":[{"href":"https:\/\/psol50.org.br\/rest\/wp\/v2\/posts"}],"about":[{"href":"https:\/\/psol50.org.br\/rest\/wp\/v2\/types\/post"}],"author":[{"embeddable":true,"href":"https:\/\/psol50.org.br\/rest\/wp\/v2\/users\/2"}],"replies":[{"embeddable":true,"href":"https:\/\/psol50.org.br\/rest\/wp\/v2\/comments?post=39092"}],"version-history":[{"count":3,"href":"https:\/\/psol50.org.br\/rest\/wp\/v2\/posts\/39092\/revisions"}],"predecessor-version":[{"id":39100,"href":"https:\/\/psol50.org.br\/rest\/wp\/v2\/posts\/39092\/revisions\/39100"}],"wp:featuredmedia":[{"embeddable":true,"href":"https:\/\/psol50.org.br\/rest\/wp\/v2\/media\/39093"}],"wp:attachment":[{"href":"https:\/\/psol50.org.br\/rest\/wp\/v2\/media?parent=39092"}],"wp:term":[{"taxonomy":"category","embeddable":true,"href":"https:\/\/psol50.org.br\/rest\/wp\/v2\/categories?post=39092"},{"taxonomy":"post_tag","embeddable":true,"href":"https:\/\/psol50.org.br\/rest\/wp\/v2\/tags?post=39092"}],"curies":[{"name":"wp","href":"https:\/\/api.w.org\/{rel}","templated":true}]}}