{"id":39128,"date":"2024-03-04T11:05:12","date_gmt":"2024-03-04T14:05:12","guid":{"rendered":"https:\/\/psol50.org.br\/?p=39128"},"modified":"2024-03-04T11:05:12","modified_gmt":"2024-03-04T14:05:12","slug":"circular-no-2-do-ii-encontro-nacional-de-negritude-do-psol","status":"publish","type":"post","link":"https:\/\/psol50.org.br\/circular-no-2-do-ii-encontro-nacional-de-negritude-do-psol\/","title":{"rendered":"Circular n\u00ba 2 do II Encontro Nacional de Negritude do PSOL"},"content":{"rendered":"<p>A Comiss\u00e3o Nacional de Negritude do PSOL, respons\u00e1vel pela organiza\u00e7\u00e3o do II Encontro Nacional da Negritude do PSOL, reuniu-se no dia 28 de fevereiro de 2024 e aprovou este comunicado circular:<\/p>\n<p><b>DA PARTICIPA\u00c7\u00c3O NO II ENCONTRO NACIONAL DA NEGRITUDE DO PSOL:<\/b><\/p>\n<ul>\n<li>Complementando o artigo 4 da Convocat\u00f3ria, membres negres da Executiva Nacional do PSOL tamb\u00e9m est\u00e3o convocades a participar do II ENNPSOL;<\/li>\n<li>A delega\u00e7\u00e3o indicada dever\u00e1 necessariamente vir de Estados que realizem suas plen\u00e1rias estaduais, de modo que os Encontros Estaduais possam contribuir para o debate realizado no Encontro Nacional;<\/li>\n<li>Parlamentares negres tamb\u00e9m s\u00e3o convidades a participar do Encontro, sem necessidade de contar nas vagas de delegadas e observadores, desde que viabilizem os custos de sua viagem e comuniquem \u00e0 Comiss\u00e3o Nacional de Negritude sua presen\u00e7a antecipadamente;<\/li>\n<\/ul>\n<p><strong>DOS ENCONTROS ESTADUAIS:<\/strong><\/p>\n<ul>\n<li>Orientamos a todas as Comiss\u00f5es Estaduais que realizem uma ampla divulga\u00e7\u00e3o e mobiliza\u00e7\u00e3o para os Encontros Estaduais de modo a ampliar a participa\u00e7\u00e3o para al\u00e9m de delegades, promovendo a participa\u00e7\u00e3o de convidados, observadores, assim como parlamentares e dirigentes estaduais negres;<\/li>\n<li>Onde houver empate na quebra de distribui\u00e7\u00e3o proporcional de membres das Comiss\u00f5es Estaduais, realizar o desempate ampliando a composi\u00e7\u00e3o da Comiss\u00e3o de 5 para 7 membres;<\/li>\n<\/ul>\n<p><em><strong>COMISS\u00c3O NACIONAL DE NEGRITUDE DO PSOL<br \/>\nBRASIL, 29 DE FEVEREIRO DE 2024<\/strong><\/em><\/p>\n","protected":false},"excerpt":{"rendered":"<p>A Comiss\u00e3o Nacional de Negritude do PSOL, respons\u00e1vel pela organiza\u00e7\u00e3o do II Encontro Nacional da Negritude do PSOL, reuniu-se no dia 28 de fevereiro de 2024 e aprovou este comunicado circular: DA PARTICIPA\u00c7\u00c3O NO II ENCONTRO NACIONAL DA NEGRITUDE DO PSOL: Complementando o artigo 4 da Convocat\u00f3ria, membres negres da Executiva Nacional do PSOL tamb\u00e9m [&hellip;]<\/p>\n","protected":false},"author":2,"featured_media":39044,"comment_status":"closed","ping_status":"open","sticky":false,"template":"","format":"standard","meta":{"_acf_changed":false,"footnotes":""},"categories":[14],"tags":[4825],"class_list":{"0":"post-39128","1":"post","2":"type-post","3":"status-publish","4":"format-standard","5":"has-post-thumbnail","7":"category-partido","8":"tag-noticias"},"acf":[],"yoast_head":"<!-- This site is optimized with the Yoast SEO plugin v26.5 - https:\/\/yoast.com\/wordpress\/plugins\/seo\/ -->\n<title>Circular n\u00ba 2 do II Encontro Nacional de Negritude do PSOL<\/title>\n<meta name=\"robots\" content=\"index, follow, max-snippet:-1, max-image-preview:large, max-video-preview:-1\" \/>\n<link rel=\"canonical\" href=\"https:\/\/psol50.org.br\/circular-no-2-do-ii-encontro-nacional-de-negritude-do-psol\/\" \/>\n<meta property=\"og:locale\" content=\"pt_BR\" \/>\n<meta property=\"og:type\" content=\"article\" \/>\n<meta property=\"og:title\" content=\"Circular n\u00ba 2 do II Encontro Nacional de Negritude do PSOL\" \/>\n<meta property=\"og:description\" content=\"A Comiss\u00e3o Nacional de Negritude do PSOL, respons\u00e1vel pela organiza\u00e7\u00e3o do II Encontro Nacional da Negritude do PSOL, reuniu-se no dia 28 de fevereiro de 2024 e aprovou este comunicado circular: DA PARTICIPA\u00c7\u00c3O NO II ENCONTRO NACIONAL DA NEGRITUDE DO PSOL: Complementando o artigo 4 da Convocat\u00f3ria, membres negres da Executiva Nacional do PSOL tamb\u00e9m [&hellip;]\" \/>\n<meta property=\"og:url\" content=\"https:\/\/psol50.org.br\/circular-no-2-do-ii-encontro-nacional-de-negritude-do-psol\/\" \/>\n<meta property=\"og:site_name\" content=\"PSOL 50\" \/>\n<meta property=\"article:publisher\" content=\"https:\/\/www.facebook.com\/psol50\" \/>\n<meta property=\"article:published_time\" content=\"2024-03-04T14:05:12+00:00\" \/>\n<meta property=\"og:image\" content=\"https:\/\/psol50.org.br\/inc\/uploads\/2024\/02\/unnamed.png\" \/>\n\t<meta property=\"og:image:width\" content=\"512\" \/>\n\t<meta property=\"og:image:height\" content=\"258\" \/>\n\t<meta property=\"og:image:type\" content=\"image\/png\" \/>\n<meta name=\"author\" content=\"Comunica\u00e7\u00e3o PSOL\" \/>\n<meta name=\"twitter:card\" content=\"summary_large_image\" \/>\n<meta name=\"twitter:creator\" content=\"@psol50\" \/>\n<meta name=\"twitter:site\" content=\"@psol50\" \/>\n<meta name=\"twitter:label1\" content=\"Escrito por\" \/>\n\t<meta name=\"twitter:data1\" content=\"Comunica\u00e7\u00e3o PSOL\" \/>\n\t<meta name=\"twitter:label2\" content=\"Est. tempo de leitura\" \/>\n\t<meta name=\"twitter:data2\" content=\"1 minuto\" \/>\n<script type=\"application\/ld+json\" class=\"yoast-schema-graph\">{\"@context\":\"https:\/\/schema.org\",\"@graph\":[{\"@type\":\"Article\",\"@id\":\"https:\/\/psol50.org.br\/circular-no-2-do-ii-encontro-nacional-de-negritude-do-psol\/#article\",\"isPartOf\":{\"@id\":\"https:\/\/psol50.org.br\/circular-no-2-do-ii-encontro-nacional-de-negritude-do-psol\/\"},\"author\":{\"name\":\"Comunica\u00e7\u00e3o PSOL\",\"@id\":\"https:\/\/psol50.org.br\/#\/schema\/person\/475dfa57d0b815993c714c2e96491fcd\"},\"headline\":\"Circular n\u00ba 2 do II Encontro Nacional de Negritude do PSOL\",\"datePublished\":\"2024-03-04T14:05:12+00:00\",\"mainEntityOfPage\":{\"@id\":\"https:\/\/psol50.org.br\/circular-no-2-do-ii-encontro-nacional-de-negritude-do-psol\/\"},\"wordCount\":234,\"publisher\":{\"@id\":\"https:\/\/psol50.org.br\/#organization\"},\"image\":{\"@id\":\"https:\/\/psol50.org.br\/circular-no-2-do-ii-encontro-nacional-de-negritude-do-psol\/#primaryimage\"},\"thumbnailUrl\":\"https:\/\/psol50.org.br\/inc\/uploads\/2024\/02\/unnamed.png\",\"keywords\":[\"Not\u00edcias\"],\"articleSection\":[\"Partido\"],\"inLanguage\":\"pt-BR\"},{\"@type\":\"WebPage\",\"@id\":\"https:\/\/psol50.org.br\/circular-no-2-do-ii-encontro-nacional-de-negritude-do-psol\/\",\"url\":\"https:\/\/psol50.org.br\/circular-no-2-do-ii-encontro-nacional-de-negritude-do-psol\/\",\"name\":\"Circular n\u00ba 2 do II Encontro Nacional de Negritude do PSOL\",\"isPartOf\":{\"@id\":\"https:\/\/psol50.org.br\/#website\"},\"primaryImageOfPage\":{\"@id\":\"https:\/\/psol50.org.br\/circular-no-2-do-ii-encontro-nacional-de-negritude-do-psol\/#primaryimage\"},\"image\":{\"@id\":\"https:\/\/psol50.org.br\/circular-no-2-do-ii-encontro-nacional-de-negritude-do-psol\/#primaryimage\"},\"thumbnailUrl\":\"https:\/\/psol50.org.br\/inc\/uploads\/2024\/02\/unnamed.png\",\"datePublished\":\"2024-03-04T14:05:12+00:00\",\"breadcrumb\":{\"@id\":\"https:\/\/psol50.org.br\/circular-no-2-do-ii-encontro-nacional-de-negritude-do-psol\/#breadcrumb\"},\"inLanguage\":\"pt-BR\",\"potentialAction\":[{\"@type\":\"ReadAction\",\"target\":[\"https:\/\/psol50.org.br\/circular-no-2-do-ii-encontro-nacional-de-negritude-do-psol\/\"]}]},{\"@type\":\"ImageObject\",\"inLanguage\":\"pt-BR\",\"@id\":\"https:\/\/psol50.org.br\/circular-no-2-do-ii-encontro-nacional-de-negritude-do-psol\/#primaryimage\",\"url\":\"https:\/\/psol50.org.br\/inc\/uploads\/2024\/02\/unnamed.png\",\"contentUrl\":\"https:\/\/psol50.org.br\/inc\/uploads\/2024\/02\/unnamed.png\",\"width\":512,\"height\":258},{\"@type\":\"BreadcrumbList\",\"@id\":\"https:\/\/psol50.org.br\/circular-no-2-do-ii-encontro-nacional-de-negritude-do-psol\/#breadcrumb\",\"itemListElement\":[{\"@type\":\"ListItem\",\"position\":1,\"name\":\"In\u00edcio\",\"item\":\"https:\/\/psol50.org.br\/\"},{\"@type\":\"ListItem\",\"position\":2,\"name\":\"Circular n\u00ba 2 do II Encontro Nacional de Negritude do PSOL\"}]},{\"@type\":\"WebSite\",\"@id\":\"https:\/\/psol50.org.br\/#website\",\"url\":\"https:\/\/psol50.org.br\/\",\"name\":\"PSOL 50\",\"description\":\"Site oficial do Partido Socialismo e Liberdade\",\"publisher\":{\"@id\":\"https:\/\/psol50.org.br\/#organization\"},\"alternateName\":\"PSOL50\",\"potentialAction\":[{\"@type\":\"SearchAction\",\"target\":{\"@type\":\"EntryPoint\",\"urlTemplate\":\"https:\/\/psol50.org.br\/?s={search_term_string}\"},\"query-input\":{\"@type\":\"PropertyValueSpecification\",\"valueRequired\":true,\"valueName\":\"search_term_string\"}}],\"inLanguage\":\"pt-BR\"},{\"@type\":\"Organization\",\"@id\":\"https:\/\/psol50.org.br\/#organization\",\"name\":\"PSOL 50\",\"alternateName\":\"PSOL 50\",\"url\":\"https:\/\/psol50.org.br\/\",\"logo\":{\"@type\":\"ImageObject\",\"inLanguage\":\"pt-BR\",\"@id\":\"https:\/\/psol50.org.br\/#\/schema\/logo\/image\/\",\"url\":\"https:\/\/psol50.org.br\/inc\/uploads\/2018\/07\/capa.png\",\"contentUrl\":\"https:\/\/psol50.org.br\/inc\/uploads\/2018\/07\/capa.png\",\"width\":1350,\"height\":900,\"caption\":\"PSOL 50\"},\"image\":{\"@id\":\"https:\/\/psol50.org.br\/#\/schema\/logo\/image\/\"},\"sameAs\":[\"https:\/\/www.facebook.com\/psol50\",\"https:\/\/x.com\/psol50\",\"https:\/\/www.instagram.com\/psol50\/\",\"https:\/\/www.youtube.com\/channel\/UC7SnJS5o1os7a6CaiNabzcg\"]},{\"@type\":\"Person\",\"@id\":\"https:\/\/psol50.org.br\/#\/schema\/person\/475dfa57d0b815993c714c2e96491fcd\",\"name\":\"Comunica\u00e7\u00e3o PSOL\",\"image\":{\"@type\":\"ImageObject\",\"inLanguage\":\"pt-BR\",\"@id\":\"https:\/\/psol50.org.br\/#\/schema\/person\/image\/\",\"url\":\"https:\/\/secure.gravatar.com\/avatar\/b34fc4f4e468a4e51785917065a3db57b841f5c95dba6ad8c73aaf8f66f8f9bf?s=96&d=mm&r=g\",\"contentUrl\":\"https:\/\/secure.gravatar.com\/avatar\/b34fc4f4e468a4e51785917065a3db57b841f5c95dba6ad8c73aaf8f66f8f9bf?s=96&d=mm&r=g\",\"caption\":\"Comunica\u00e7\u00e3o PSOL\"}}]}<\/script>\n<!-- \/ Yoast SEO plugin. -->","yoast_head_json":{"title":"Circular n\u00ba 2 do II Encontro Nacional de Negritude do PSOL","robots":{"index":"index","follow":"follow","max-snippet":"max-snippet:-1","max-image-preview":"max-image-preview:large","max-video-preview":"max-video-preview:-1"},"canonical":"https:\/\/psol50.org.br\/circular-no-2-do-ii-encontro-nacional-de-negritude-do-psol\/","og_locale":"pt_BR","og_type":"article","og_title":"Circular n\u00ba 2 do II Encontro Nacional de Negritude do PSOL","og_description":"A Comiss\u00e3o Nacional de Negritude do PSOL, respons\u00e1vel pela organiza\u00e7\u00e3o do II Encontro Nacional da Negritude do PSOL, reuniu-se no dia 28 de fevereiro de 2024 e aprovou este comunicado circular: DA PARTICIPA\u00c7\u00c3O NO II ENCONTRO NACIONAL DA NEGRITUDE DO PSOL: Complementando o artigo 4 da Convocat\u00f3ria, membres negres da Executiva Nacional do PSOL tamb\u00e9m [&hellip;]","og_url":"https:\/\/psol50.org.br\/circular-no-2-do-ii-encontro-nacional-de-negritude-do-psol\/","og_site_name":"PSOL 50","article_publisher":"https:\/\/www.facebook.com\/psol50","article_published_time":"2024-03-04T14:05:12+00:00","og_image":[{"width":512,"height":258,"url":"https:\/\/psol50.org.br\/inc\/uploads\/2024\/02\/unnamed.png","type":"image\/png"}],"author":"Comunica\u00e7\u00e3o PSOL","twitter_card":"summary_large_image","twitter_creator":"@psol50","twitter_site":"@psol50","twitter_misc":{"Escrito por":"Comunica\u00e7\u00e3o PSOL","Est. tempo de leitura":"1 minuto"},"schema":{"@context":"https:\/\/schema.org","@graph":[{"@type":"Article","@id":"https:\/\/psol50.org.br\/circular-no-2-do-ii-encontro-nacional-de-negritude-do-psol\/#article","isPartOf":{"@id":"https:\/\/psol50.org.br\/circular-no-2-do-ii-encontro-nacional-de-negritude-do-psol\/"},"author":{"name":"Comunica\u00e7\u00e3o PSOL","@id":"https:\/\/psol50.org.br\/#\/schema\/person\/475dfa57d0b815993c714c2e96491fcd"},"headline":"Circular n\u00ba 2 do II Encontro Nacional de Negritude do PSOL","datePublished":"2024-03-04T14:05:12+00:00","mainEntityOfPage":{"@id":"https:\/\/psol50.org.br\/circular-no-2-do-ii-encontro-nacional-de-negritude-do-psol\/"},"wordCount":234,"publisher":{"@id":"https:\/\/psol50.org.br\/#organization"},"image":{"@id":"https:\/\/psol50.org.br\/circular-no-2-do-ii-encontro-nacional-de-negritude-do-psol\/#primaryimage"},"thumbnailUrl":"https:\/\/psol50.org.br\/inc\/uploads\/2024\/02\/unnamed.png","keywords":["Not\u00edcias"],"articleSection":["Partido"],"inLanguage":"pt-BR"},{"@type":"WebPage","@id":"https:\/\/psol50.org.br\/circular-no-2-do-ii-encontro-nacional-de-negritude-do-psol\/","url":"https:\/\/psol50.org.br\/circular-no-2-do-ii-encontro-nacional-de-negritude-do-psol\/","name":"Circular n\u00ba 2 do II Encontro Nacional de Negritude do PSOL","isPartOf":{"@id":"https:\/\/psol50.org.br\/#website"},"primaryImageOfPage":{"@id":"https:\/\/psol50.org.br\/circular-no-2-do-ii-encontro-nacional-de-negritude-do-psol\/#primaryimage"},"image":{"@id":"https:\/\/psol50.org.br\/circular-no-2-do-ii-encontro-nacional-de-negritude-do-psol\/#primaryimage"},"thumbnailUrl":"https:\/\/psol50.org.br\/inc\/uploads\/2024\/02\/unnamed.png","datePublished":"2024-03-04T14:05:12+00:00","breadcrumb":{"@id":"https:\/\/psol50.org.br\/circular-no-2-do-ii-encontro-nacional-de-negritude-do-psol\/#breadcrumb"},"inLanguage":"pt-BR","potentialAction":[{"@type":"ReadAction","target":["https:\/\/psol50.org.br\/circular-no-2-do-ii-encontro-nacional-de-negritude-do-psol\/"]}]},{"@type":"ImageObject","inLanguage":"pt-BR","@id":"https:\/\/psol50.org.br\/circular-no-2-do-ii-encontro-nacional-de-negritude-do-psol\/#primaryimage","url":"https:\/\/psol50.org.br\/inc\/uploads\/2024\/02\/unnamed.png","contentUrl":"https:\/\/psol50.org.br\/inc\/uploads\/2024\/02\/unnamed.png","width":512,"height":258},{"@type":"BreadcrumbList","@id":"https:\/\/psol50.org.br\/circular-no-2-do-ii-encontro-nacional-de-negritude-do-psol\/#breadcrumb","itemListElement":[{"@type":"ListItem","position":1,"name":"In\u00edcio","item":"https:\/\/psol50.org.br\/"},{"@type":"ListItem","position":2,"name":"Circular n\u00ba 2 do II Encontro Nacional de Negritude do PSOL"}]},{"@type":"WebSite","@id":"https:\/\/psol50.org.br\/#website","url":"https:\/\/psol50.org.br\/","name":"PSOL 50","description":"Site oficial do Partido Socialismo e Liberdade","publisher":{"@id":"https:\/\/psol50.org.br\/#organization"},"alternateName":"PSOL50","potentialAction":[{"@type":"SearchAction","target":{"@type":"EntryPoint","urlTemplate":"https:\/\/psol50.org.br\/?s={search_term_string}"},"query-input":{"@type":"PropertyValueSpecification","valueRequired":true,"valueName":"search_term_string"}}],"inLanguage":"pt-BR"},{"@type":"Organization","@id":"https:\/\/psol50.org.br\/#organization","name":"PSOL 50","alternateName":"PSOL 50","url":"https:\/\/psol50.org.br\/","logo":{"@type":"ImageObject","inLanguage":"pt-BR","@id":"https:\/\/psol50.org.br\/#\/schema\/logo\/image\/","url":"https:\/\/psol50.org.br\/inc\/uploads\/2018\/07\/capa.png","contentUrl":"https:\/\/psol50.org.br\/inc\/uploads\/2018\/07\/capa.png","width":1350,"height":900,"caption":"PSOL 50"},"image":{"@id":"https:\/\/psol50.org.br\/#\/schema\/logo\/image\/"},"sameAs":["https:\/\/www.facebook.com\/psol50","https:\/\/x.com\/psol50","https:\/\/www.instagram.com\/psol50\/","https:\/\/www.youtube.com\/channel\/UC7SnJS5o1os7a6CaiNabzcg"]},{"@type":"Person","@id":"https:\/\/psol50.org.br\/#\/schema\/person\/475dfa57d0b815993c714c2e96491fcd","name":"Comunica\u00e7\u00e3o PSOL","image":{"@type":"ImageObject","inLanguage":"pt-BR","@id":"https:\/\/psol50.org.br\/#\/schema\/person\/image\/","url":"https:\/\/secure.gravatar.com\/avatar\/b34fc4f4e468a4e51785917065a3db57b841f5c95dba6ad8c73aaf8f66f8f9bf?s=96&d=mm&r=g","contentUrl":"https:\/\/secure.gravatar.com\/avatar\/b34fc4f4e468a4e51785917065a3db57b841f5c95dba6ad8c73aaf8f66f8f9bf?s=96&d=mm&r=g","caption":"Comunica\u00e7\u00e3o PSOL"}}]}},"_links":{"self":[{"href":"https:\/\/psol50.org.br\/rest\/wp\/v2\/posts\/39128","targetHints":{"allow":["GET"]}}],"collection":[{"href":"https:\/\/psol50.org.br\/rest\/wp\/v2\/posts"}],"about":[{"href":"https:\/\/psol50.org.br\/rest\/wp\/v2\/types\/post"}],"author":[{"embeddable":true,"href":"https:\/\/psol50.org.br\/rest\/wp\/v2\/users\/2"}],"replies":[{"embeddable":true,"href":"https:\/\/psol50.org.br\/rest\/wp\/v2\/comments?post=39128"}],"version-history":[{"count":1,"href":"https:\/\/psol50.org.br\/rest\/wp\/v2\/posts\/39128\/revisions"}],"predecessor-version":[{"id":39129,"href":"https:\/\/psol50.org.br\/rest\/wp\/v2\/posts\/39128\/revisions\/39129"}],"wp:featuredmedia":[{"embeddable":true,"href":"https:\/\/psol50.org.br\/rest\/wp\/v2\/media\/39044"}],"wp:attachment":[{"href":"https:\/\/psol50.org.br\/rest\/wp\/v2\/media?parent=39128"}],"wp:term":[{"taxonomy":"category","embeddable":true,"href":"https:\/\/psol50.org.br\/rest\/wp\/v2\/categories?post=39128"},{"taxonomy":"post_tag","embeddable":true,"href":"https:\/\/psol50.org.br\/rest\/wp\/v2\/tags?post=39128"}],"curies":[{"name":"wp","href":"https:\/\/api.w.org\/{rel}","templated":true}]}}