{"id":39147,"date":"2024-03-07T17:04:45","date_gmt":"2024-03-07T20:04:45","guid":{"rendered":"https:\/\/psol50.org.br\/?p=39147"},"modified":"2024-03-18T11:56:04","modified_gmt":"2024-03-18T14:56:04","slug":"psol-aciona-mpf-contra-censura-do-governo-do-parana-ao-confiscar-livro-de-salas-de-aula","status":"publish","type":"post","link":"https:\/\/psol50.org.br\/psol-aciona-mpf-contra-censura-do-governo-do-parana-ao-confiscar-livro-de-salas-de-aula\/","title":{"rendered":"PSOL aciona MPF contra censura do governo do Paran\u00e1 ao confiscar livro de salas de aula"},"content":{"rendered":"<p>A bancada da Federa\u00e7\u00e3o PSOL-Rede na C\u00e2mara dos Deputados acionou o Minist\u00e9rio P\u00fablico Federal (MPF) na \u00faltima quarta-feira (6) para solicitar a apura\u00e7\u00e3o das responsabilidades sobre a censura promovida pelo governo do Paran\u00e1 com a ordem de recolhimento do livro &#8220;O Avesso da Pele&#8221;, do autor Jeferson Tenorio, de todas as escolas p\u00fablicas estaduais.<\/p>\n<p>A representa\u00e7\u00e3o cita diretamente o governador paranaense Ratinho J\u00fanior (PSD), o secret\u00e1rio de Educa\u00e7\u00e3o Roni Miranda Vieira e o chefe da Diretoria de Educa\u00e7\u00e3o do Paran\u00e1, Anderfabio Oliveira dos Santos.<\/p>\n<p>Os parlamentares pedem a investiga\u00e7\u00e3o de viola\u00e7\u00e3o ao Estatuto da Igualdade Racial, lei federal que obriga o estudo da hist\u00f3ria da popula\u00e7\u00e3o negra nas escolas de n\u00edvel fundamental e m\u00e9dio, e ao princ\u00edpio da impessoalidade.<\/p>\n<p>A obra &#8220;&#8216;O avesso da pele&#8217; &#8211; alvo da ordem de recolhimento das salas de aula, tomada de of\u00edcio -, retrata a hist\u00f3ria de um jovem negro que teve o pai, um professor de literatura tamb\u00e9m negro, morto pela pol\u00edcia em Porto Alegre&#8221;, ressaltam os deputados.<\/p>\n<p>\u201cA retirada de exemplares de um livro, baseada em uma interpreta\u00e7\u00e3o distorcida e descontextualizada da obra, \u00e9 um ato que viola os princ\u00edpios fundamentais da educa\u00e7\u00e3o, da democracia e do enfrentamento ao racismo e dos objetivos das pol\u00edticas de igualdade racial, al\u00e9m de empobrecer o debate cultural e minar a capacidade dos estudantes de desenvolverem pensamento cr\u00edtico e reflexivo sobre os problemas sociais que o pa\u00eds enfrenta\u201d, concluem os parlamentares.<\/p>\n","protected":false},"excerpt":{"rendered":"<p>A bancada da Federa\u00e7\u00e3o PSOL-Rede na C\u00e2mara dos Deputados acionou o Minist\u00e9rio P\u00fablico Federal (MPF) na \u00faltima quarta-feira (6) para solicitar a apura\u00e7\u00e3o das responsabilidades sobre a censura promovida pelo governo do Paran\u00e1 com a ordem de recolhimento do livro &#8220;O Avesso da Pele&#8221;, do autor Jeferson Tenorio, de todas as escolas p\u00fablicas estaduais. A [&hellip;]<\/p>\n","protected":false},"author":2,"featured_media":39150,"comment_status":"closed","ping_status":"open","sticky":false,"template":"","format":"standard","meta":{"_acf_changed":false,"footnotes":""},"categories":[10],"tags":[4825],"class_list":{"0":"post-39147","1":"post","2":"type-post","3":"status-publish","4":"format-standard","5":"has-post-thumbnail","7":"category-acao-parlamentares","8":"tag-noticias"},"acf":[],"yoast_head":"<!-- This site is optimized with the Yoast SEO plugin v26.5 - https:\/\/yoast.com\/wordpress\/plugins\/seo\/ -->\n<title>PSOL aciona MPF contra censura do governo do Paran\u00e1 ao confiscar livro de salas de aula<\/title>\n<meta name=\"description\" content=\"Governo de Ratinho J\u00fanior ordenou o recolhimento dos exemplares do livro \u2018O Avesso da Pele\u2019 de todas as escolas p\u00fablicas estaduais do Paran\u00e1.\" \/>\n<meta name=\"robots\" content=\"index, follow, max-snippet:-1, max-image-preview:large, max-video-preview:-1\" \/>\n<link rel=\"canonical\" href=\"https:\/\/psol50.org.br\/psol-aciona-mpf-contra-censura-do-governo-do-parana-ao-confiscar-livro-de-salas-de-aula\/\" \/>\n<meta property=\"og:locale\" content=\"pt_BR\" \/>\n<meta property=\"og:type\" content=\"article\" \/>\n<meta property=\"og:title\" content=\"PSOL aciona MPF contra censura do governo do Paran\u00e1 ao confiscar livro de salas de aula\" \/>\n<meta property=\"og:description\" content=\"Governo de Ratinho J\u00fanior ordenou o recolhimento dos exemplares do livro \u2018O Avesso da Pele\u2019 de todas as escolas p\u00fablicas estaduais do Paran\u00e1.\" \/>\n<meta property=\"og:url\" content=\"https:\/\/psol50.org.br\/psol-aciona-mpf-contra-censura-do-governo-do-parana-ao-confiscar-livro-de-salas-de-aula\/\" \/>\n<meta property=\"og:site_name\" content=\"PSOL 50\" \/>\n<meta property=\"article:publisher\" content=\"https:\/\/www.facebook.com\/psol50\" \/>\n<meta property=\"article:published_time\" content=\"2024-03-07T20:04:45+00:00\" \/>\n<meta property=\"article:modified_time\" content=\"2024-03-18T14:56:04+00:00\" \/>\n<meta property=\"og:image\" content=\"https:\/\/psol50.org.br\/inc\/uploads\/2024\/03\/Captura-de-Tela-2024-03-07-as-17.03.56.png\" \/>\n\t<meta property=\"og:image:width\" content=\"1434\" \/>\n\t<meta property=\"og:image:height\" content=\"1176\" \/>\n\t<meta property=\"og:image:type\" content=\"image\/png\" \/>\n<meta name=\"author\" content=\"Comunica\u00e7\u00e3o PSOL\" \/>\n<meta name=\"twitter:card\" content=\"summary_large_image\" \/>\n<meta name=\"twitter:creator\" content=\"@psol50\" \/>\n<meta name=\"twitter:site\" content=\"@psol50\" \/>\n<meta name=\"twitter:label1\" content=\"Escrito por\" \/>\n\t<meta name=\"twitter:data1\" content=\"Comunica\u00e7\u00e3o PSOL\" \/>\n\t<meta name=\"twitter:label2\" content=\"Est. tempo de leitura\" \/>\n\t<meta name=\"twitter:data2\" content=\"1 minuto\" \/>\n<script type=\"application\/ld+json\" class=\"yoast-schema-graph\">{\"@context\":\"https:\/\/schema.org\",\"@graph\":[{\"@type\":\"Article\",\"@id\":\"https:\/\/psol50.org.br\/psol-aciona-mpf-contra-censura-do-governo-do-parana-ao-confiscar-livro-de-salas-de-aula\/#article\",\"isPartOf\":{\"@id\":\"https:\/\/psol50.org.br\/psol-aciona-mpf-contra-censura-do-governo-do-parana-ao-confiscar-livro-de-salas-de-aula\/\"},\"author\":{\"name\":\"Comunica\u00e7\u00e3o PSOL\",\"@id\":\"https:\/\/psol50.org.br\/#\/schema\/person\/475dfa57d0b815993c714c2e96491fcd\"},\"headline\":\"PSOL aciona MPF contra censura do governo do Paran\u00e1 ao confiscar livro de salas de aula\",\"datePublished\":\"2024-03-07T20:04:45+00:00\",\"dateModified\":\"2024-03-18T14:56:04+00:00\",\"mainEntityOfPage\":{\"@id\":\"https:\/\/psol50.org.br\/psol-aciona-mpf-contra-censura-do-governo-do-parana-ao-confiscar-livro-de-salas-de-aula\/\"},\"wordCount\":278,\"publisher\":{\"@id\":\"https:\/\/psol50.org.br\/#organization\"},\"image\":{\"@id\":\"https:\/\/psol50.org.br\/psol-aciona-mpf-contra-censura-do-governo-do-parana-ao-confiscar-livro-de-salas-de-aula\/#primaryimage\"},\"thumbnailUrl\":\"https:\/\/psol50.org.br\/inc\/uploads\/2024\/03\/Captura-de-Tela-2024-03-07-as-17.03.56.png\",\"keywords\":[\"Not\u00edcias\"],\"articleSection\":[\"A\u00e7\u00e3o Parlamentar\"],\"inLanguage\":\"pt-BR\"},{\"@type\":\"WebPage\",\"@id\":\"https:\/\/psol50.org.br\/psol-aciona-mpf-contra-censura-do-governo-do-parana-ao-confiscar-livro-de-salas-de-aula\/\",\"url\":\"https:\/\/psol50.org.br\/psol-aciona-mpf-contra-censura-do-governo-do-parana-ao-confiscar-livro-de-salas-de-aula\/\",\"name\":\"PSOL aciona MPF contra censura do governo do Paran\u00e1 ao confiscar livro de salas de aula\",\"isPartOf\":{\"@id\":\"https:\/\/psol50.org.br\/#website\"},\"primaryImageOfPage\":{\"@id\":\"https:\/\/psol50.org.br\/psol-aciona-mpf-contra-censura-do-governo-do-parana-ao-confiscar-livro-de-salas-de-aula\/#primaryimage\"},\"image\":{\"@id\":\"https:\/\/psol50.org.br\/psol-aciona-mpf-contra-censura-do-governo-do-parana-ao-confiscar-livro-de-salas-de-aula\/#primaryimage\"},\"thumbnailUrl\":\"https:\/\/psol50.org.br\/inc\/uploads\/2024\/03\/Captura-de-Tela-2024-03-07-as-17.03.56.png\",\"datePublished\":\"2024-03-07T20:04:45+00:00\",\"dateModified\":\"2024-03-18T14:56:04+00:00\",\"description\":\"Governo de Ratinho J\u00fanior ordenou o recolhimento dos exemplares do livro \u2018O Avesso da Pele\u2019 de todas as escolas p\u00fablicas estaduais do Paran\u00e1.\",\"breadcrumb\":{\"@id\":\"https:\/\/psol50.org.br\/psol-aciona-mpf-contra-censura-do-governo-do-parana-ao-confiscar-livro-de-salas-de-aula\/#breadcrumb\"},\"inLanguage\":\"pt-BR\",\"potentialAction\":[{\"@type\":\"ReadAction\",\"target\":[\"https:\/\/psol50.org.br\/psol-aciona-mpf-contra-censura-do-governo-do-parana-ao-confiscar-livro-de-salas-de-aula\/\"]}]},{\"@type\":\"ImageObject\",\"inLanguage\":\"pt-BR\",\"@id\":\"https:\/\/psol50.org.br\/psol-aciona-mpf-contra-censura-do-governo-do-parana-ao-confiscar-livro-de-salas-de-aula\/#primaryimage\",\"url\":\"https:\/\/psol50.org.br\/inc\/uploads\/2024\/03\/Captura-de-Tela-2024-03-07-as-17.03.56.png\",\"contentUrl\":\"https:\/\/psol50.org.br\/inc\/uploads\/2024\/03\/Captura-de-Tela-2024-03-07-as-17.03.56.png\",\"width\":1434,\"height\":1176,\"caption\":\"Foto: Divulga\u00e7\u00e3o\"},{\"@type\":\"BreadcrumbList\",\"@id\":\"https:\/\/psol50.org.br\/psol-aciona-mpf-contra-censura-do-governo-do-parana-ao-confiscar-livro-de-salas-de-aula\/#breadcrumb\",\"itemListElement\":[{\"@type\":\"ListItem\",\"position\":1,\"name\":\"In\u00edcio\",\"item\":\"https:\/\/psol50.org.br\/\"},{\"@type\":\"ListItem\",\"position\":2,\"name\":\"PSOL aciona MPF contra censura do governo do Paran\u00e1 ao confiscar livro de salas de aula\"}]},{\"@type\":\"WebSite\",\"@id\":\"https:\/\/psol50.org.br\/#website\",\"url\":\"https:\/\/psol50.org.br\/\",\"name\":\"PSOL 50\",\"description\":\"Site oficial do Partido Socialismo e Liberdade\",\"publisher\":{\"@id\":\"https:\/\/psol50.org.br\/#organization\"},\"alternateName\":\"PSOL50\",\"potentialAction\":[{\"@type\":\"SearchAction\",\"target\":{\"@type\":\"EntryPoint\",\"urlTemplate\":\"https:\/\/psol50.org.br\/?s={search_term_string}\"},\"query-input\":{\"@type\":\"PropertyValueSpecification\",\"valueRequired\":true,\"valueName\":\"search_term_string\"}}],\"inLanguage\":\"pt-BR\"},{\"@type\":\"Organization\",\"@id\":\"https:\/\/psol50.org.br\/#organization\",\"name\":\"PSOL 50\",\"alternateName\":\"PSOL 50\",\"url\":\"https:\/\/psol50.org.br\/\",\"logo\":{\"@type\":\"ImageObject\",\"inLanguage\":\"pt-BR\",\"@id\":\"https:\/\/psol50.org.br\/#\/schema\/logo\/image\/\",\"url\":\"https:\/\/psol50.org.br\/inc\/uploads\/2018\/07\/capa.png\",\"contentUrl\":\"https:\/\/psol50.org.br\/inc\/uploads\/2018\/07\/capa.png\",\"width\":1350,\"height\":900,\"caption\":\"PSOL 50\"},\"image\":{\"@id\":\"https:\/\/psol50.org.br\/#\/schema\/logo\/image\/\"},\"sameAs\":[\"https:\/\/www.facebook.com\/psol50\",\"https:\/\/x.com\/psol50\",\"https:\/\/www.instagram.com\/psol50\/\",\"https:\/\/www.youtube.com\/channel\/UC7SnJS5o1os7a6CaiNabzcg\"]},{\"@type\":\"Person\",\"@id\":\"https:\/\/psol50.org.br\/#\/schema\/person\/475dfa57d0b815993c714c2e96491fcd\",\"name\":\"Comunica\u00e7\u00e3o PSOL\",\"image\":{\"@type\":\"ImageObject\",\"inLanguage\":\"pt-BR\",\"@id\":\"https:\/\/psol50.org.br\/#\/schema\/person\/image\/\",\"url\":\"https:\/\/secure.gravatar.com\/avatar\/b34fc4f4e468a4e51785917065a3db57b841f5c95dba6ad8c73aaf8f66f8f9bf?s=96&d=mm&r=g\",\"contentUrl\":\"https:\/\/secure.gravatar.com\/avatar\/b34fc4f4e468a4e51785917065a3db57b841f5c95dba6ad8c73aaf8f66f8f9bf?s=96&d=mm&r=g\",\"caption\":\"Comunica\u00e7\u00e3o PSOL\"}}]}<\/script>\n<!-- \/ Yoast SEO plugin. -->","yoast_head_json":{"title":"PSOL aciona MPF contra censura do governo do Paran\u00e1 ao confiscar livro de salas de aula","description":"Governo de Ratinho J\u00fanior ordenou o recolhimento dos exemplares do livro \u2018O Avesso da Pele\u2019 de todas as escolas p\u00fablicas estaduais do Paran\u00e1.","robots":{"index":"index","follow":"follow","max-snippet":"max-snippet:-1","max-image-preview":"max-image-preview:large","max-video-preview":"max-video-preview:-1"},"canonical":"https:\/\/psol50.org.br\/psol-aciona-mpf-contra-censura-do-governo-do-parana-ao-confiscar-livro-de-salas-de-aula\/","og_locale":"pt_BR","og_type":"article","og_title":"PSOL aciona MPF contra censura do governo do Paran\u00e1 ao confiscar livro de salas de aula","og_description":"Governo de Ratinho J\u00fanior ordenou o recolhimento dos exemplares do livro \u2018O Avesso da Pele\u2019 de todas as escolas p\u00fablicas estaduais do Paran\u00e1.","og_url":"https:\/\/psol50.org.br\/psol-aciona-mpf-contra-censura-do-governo-do-parana-ao-confiscar-livro-de-salas-de-aula\/","og_site_name":"PSOL 50","article_publisher":"https:\/\/www.facebook.com\/psol50","article_published_time":"2024-03-07T20:04:45+00:00","article_modified_time":"2024-03-18T14:56:04+00:00","og_image":[{"width":1434,"height":1176,"url":"https:\/\/psol50.org.br\/inc\/uploads\/2024\/03\/Captura-de-Tela-2024-03-07-as-17.03.56.png","type":"image\/png"}],"author":"Comunica\u00e7\u00e3o PSOL","twitter_card":"summary_large_image","twitter_creator":"@psol50","twitter_site":"@psol50","twitter_misc":{"Escrito por":"Comunica\u00e7\u00e3o PSOL","Est. tempo de leitura":"1 minuto"},"schema":{"@context":"https:\/\/schema.org","@graph":[{"@type":"Article","@id":"https:\/\/psol50.org.br\/psol-aciona-mpf-contra-censura-do-governo-do-parana-ao-confiscar-livro-de-salas-de-aula\/#article","isPartOf":{"@id":"https:\/\/psol50.org.br\/psol-aciona-mpf-contra-censura-do-governo-do-parana-ao-confiscar-livro-de-salas-de-aula\/"},"author":{"name":"Comunica\u00e7\u00e3o PSOL","@id":"https:\/\/psol50.org.br\/#\/schema\/person\/475dfa57d0b815993c714c2e96491fcd"},"headline":"PSOL aciona MPF contra censura do governo do Paran\u00e1 ao confiscar livro de salas de aula","datePublished":"2024-03-07T20:04:45+00:00","dateModified":"2024-03-18T14:56:04+00:00","mainEntityOfPage":{"@id":"https:\/\/psol50.org.br\/psol-aciona-mpf-contra-censura-do-governo-do-parana-ao-confiscar-livro-de-salas-de-aula\/"},"wordCount":278,"publisher":{"@id":"https:\/\/psol50.org.br\/#organization"},"image":{"@id":"https:\/\/psol50.org.br\/psol-aciona-mpf-contra-censura-do-governo-do-parana-ao-confiscar-livro-de-salas-de-aula\/#primaryimage"},"thumbnailUrl":"https:\/\/psol50.org.br\/inc\/uploads\/2024\/03\/Captura-de-Tela-2024-03-07-as-17.03.56.png","keywords":["Not\u00edcias"],"articleSection":["A\u00e7\u00e3o Parlamentar"],"inLanguage":"pt-BR"},{"@type":"WebPage","@id":"https:\/\/psol50.org.br\/psol-aciona-mpf-contra-censura-do-governo-do-parana-ao-confiscar-livro-de-salas-de-aula\/","url":"https:\/\/psol50.org.br\/psol-aciona-mpf-contra-censura-do-governo-do-parana-ao-confiscar-livro-de-salas-de-aula\/","name":"PSOL aciona MPF contra censura do governo do Paran\u00e1 ao confiscar livro de salas de aula","isPartOf":{"@id":"https:\/\/psol50.org.br\/#website"},"primaryImageOfPage":{"@id":"https:\/\/psol50.org.br\/psol-aciona-mpf-contra-censura-do-governo-do-parana-ao-confiscar-livro-de-salas-de-aula\/#primaryimage"},"image":{"@id":"https:\/\/psol50.org.br\/psol-aciona-mpf-contra-censura-do-governo-do-parana-ao-confiscar-livro-de-salas-de-aula\/#primaryimage"},"thumbnailUrl":"https:\/\/psol50.org.br\/inc\/uploads\/2024\/03\/Captura-de-Tela-2024-03-07-as-17.03.56.png","datePublished":"2024-03-07T20:04:45+00:00","dateModified":"2024-03-18T14:56:04+00:00","description":"Governo de Ratinho J\u00fanior ordenou o recolhimento dos exemplares do livro \u2018O Avesso da Pele\u2019 de todas as escolas p\u00fablicas estaduais do Paran\u00e1.","breadcrumb":{"@id":"https:\/\/psol50.org.br\/psol-aciona-mpf-contra-censura-do-governo-do-parana-ao-confiscar-livro-de-salas-de-aula\/#breadcrumb"},"inLanguage":"pt-BR","potentialAction":[{"@type":"ReadAction","target":["https:\/\/psol50.org.br\/psol-aciona-mpf-contra-censura-do-governo-do-parana-ao-confiscar-livro-de-salas-de-aula\/"]}]},{"@type":"ImageObject","inLanguage":"pt-BR","@id":"https:\/\/psol50.org.br\/psol-aciona-mpf-contra-censura-do-governo-do-parana-ao-confiscar-livro-de-salas-de-aula\/#primaryimage","url":"https:\/\/psol50.org.br\/inc\/uploads\/2024\/03\/Captura-de-Tela-2024-03-07-as-17.03.56.png","contentUrl":"https:\/\/psol50.org.br\/inc\/uploads\/2024\/03\/Captura-de-Tela-2024-03-07-as-17.03.56.png","width":1434,"height":1176,"caption":"Foto: Divulga\u00e7\u00e3o"},{"@type":"BreadcrumbList","@id":"https:\/\/psol50.org.br\/psol-aciona-mpf-contra-censura-do-governo-do-parana-ao-confiscar-livro-de-salas-de-aula\/#breadcrumb","itemListElement":[{"@type":"ListItem","position":1,"name":"In\u00edcio","item":"https:\/\/psol50.org.br\/"},{"@type":"ListItem","position":2,"name":"PSOL aciona MPF contra censura do governo do Paran\u00e1 ao confiscar livro de salas de aula"}]},{"@type":"WebSite","@id":"https:\/\/psol50.org.br\/#website","url":"https:\/\/psol50.org.br\/","name":"PSOL 50","description":"Site oficial do Partido Socialismo e Liberdade","publisher":{"@id":"https:\/\/psol50.org.br\/#organization"},"alternateName":"PSOL50","potentialAction":[{"@type":"SearchAction","target":{"@type":"EntryPoint","urlTemplate":"https:\/\/psol50.org.br\/?s={search_term_string}"},"query-input":{"@type":"PropertyValueSpecification","valueRequired":true,"valueName":"search_term_string"}}],"inLanguage":"pt-BR"},{"@type":"Organization","@id":"https:\/\/psol50.org.br\/#organization","name":"PSOL 50","alternateName":"PSOL 50","url":"https:\/\/psol50.org.br\/","logo":{"@type":"ImageObject","inLanguage":"pt-BR","@id":"https:\/\/psol50.org.br\/#\/schema\/logo\/image\/","url":"https:\/\/psol50.org.br\/inc\/uploads\/2018\/07\/capa.png","contentUrl":"https:\/\/psol50.org.br\/inc\/uploads\/2018\/07\/capa.png","width":1350,"height":900,"caption":"PSOL 50"},"image":{"@id":"https:\/\/psol50.org.br\/#\/schema\/logo\/image\/"},"sameAs":["https:\/\/www.facebook.com\/psol50","https:\/\/x.com\/psol50","https:\/\/www.instagram.com\/psol50\/","https:\/\/www.youtube.com\/channel\/UC7SnJS5o1os7a6CaiNabzcg"]},{"@type":"Person","@id":"https:\/\/psol50.org.br\/#\/schema\/person\/475dfa57d0b815993c714c2e96491fcd","name":"Comunica\u00e7\u00e3o PSOL","image":{"@type":"ImageObject","inLanguage":"pt-BR","@id":"https:\/\/psol50.org.br\/#\/schema\/person\/image\/","url":"https:\/\/secure.gravatar.com\/avatar\/b34fc4f4e468a4e51785917065a3db57b841f5c95dba6ad8c73aaf8f66f8f9bf?s=96&d=mm&r=g","contentUrl":"https:\/\/secure.gravatar.com\/avatar\/b34fc4f4e468a4e51785917065a3db57b841f5c95dba6ad8c73aaf8f66f8f9bf?s=96&d=mm&r=g","caption":"Comunica\u00e7\u00e3o PSOL"}}]}},"_links":{"self":[{"href":"https:\/\/psol50.org.br\/rest\/wp\/v2\/posts\/39147","targetHints":{"allow":["GET"]}}],"collection":[{"href":"https:\/\/psol50.org.br\/rest\/wp\/v2\/posts"}],"about":[{"href":"https:\/\/psol50.org.br\/rest\/wp\/v2\/types\/post"}],"author":[{"embeddable":true,"href":"https:\/\/psol50.org.br\/rest\/wp\/v2\/users\/2"}],"replies":[{"embeddable":true,"href":"https:\/\/psol50.org.br\/rest\/wp\/v2\/comments?post=39147"}],"version-history":[{"count":2,"href":"https:\/\/psol50.org.br\/rest\/wp\/v2\/posts\/39147\/revisions"}],"predecessor-version":[{"id":39149,"href":"https:\/\/psol50.org.br\/rest\/wp\/v2\/posts\/39147\/revisions\/39149"}],"wp:featuredmedia":[{"embeddable":true,"href":"https:\/\/psol50.org.br\/rest\/wp\/v2\/media\/39150"}],"wp:attachment":[{"href":"https:\/\/psol50.org.br\/rest\/wp\/v2\/media?parent=39147"}],"wp:term":[{"taxonomy":"category","embeddable":true,"href":"https:\/\/psol50.org.br\/rest\/wp\/v2\/categories?post=39147"},{"taxonomy":"post_tag","embeddable":true,"href":"https:\/\/psol50.org.br\/rest\/wp\/v2\/tags?post=39147"}],"curies":[{"name":"wp","href":"https:\/\/api.w.org\/{rel}","templated":true}]}}