{"id":39179,"date":"2024-03-18T11:53:57","date_gmt":"2024-03-18T14:53:57","guid":{"rendered":"https:\/\/psol50.org.br\/?p=39179"},"modified":"2024-03-22T14:25:22","modified_gmt":"2024-03-22T17:25:22","slug":"psol-reforca-pedido-de-cassacao-de-carla-zambelli-por-pressao-a-militares-para-dar-golpe","status":"publish","type":"post","link":"https:\/\/psol50.org.br\/psol-reforca-pedido-de-cassacao-de-carla-zambelli-por-pressao-a-militares-para-dar-golpe\/","title":{"rendered":"PSOL refor\u00e7a pedido de cassa\u00e7\u00e3o de Carla Zambelli por press\u00e3o a militares para dar golpe"},"content":{"rendered":"<p>O PSOL apresentou na \u00faltima sexta-feira (15) um aditamento ao <strong><a href=\"https:\/\/psol50.org.br\/psol-pede-cassacao-de-carla-zambelli-por-pagamentos-a-hacker-para-tentar-fraudar-urnas\/\" target=\"_blank\" rel=\"noopener\">pedido de cassa\u00e7\u00e3o j\u00e1 feito pelo partido contra a deputada federal Carla Zambelli<\/a><\/strong> (PL-SP) com as novas informa\u00e7\u00f5es que ligam a parlamentar bolsonarista diretamente \u00e0 trama golpista que envolvia o pr\u00f3prio Jair Bolsonaro e aliados para n\u00e3o respeitar o resultado eleitoral de 2022.<\/p>\n<p>O texto pede que novas informa\u00e7\u00f5es sejam adicionadas a um pedido protocolado em agosto de 2023, quando o hacker Walter Delgatti disse que Zambelli e seus auxiliares financiaram duas despesas para tentar invadir o sistema eleitoral.<\/p>\n<p>Em depoimento recente \u00e0 Pol\u00edcia Federal (PF), o ex-comandante da Aeron\u00e1utica Carlos de Almeida Baptista Junior afirmou que Zambelli o pressionou a aderir ao plano golpista de Bolsonaro em dezembro de 2022.<\/p>\n<p>A deputada abordou de forma semelhante o ent\u00e3o ministro da Defesa do governo Bolsonaro, general Paulo S\u00e9rgio Nogueira.<\/p>\n<p>\u201c\u00c9 inadmiss\u00edvel que uma parlamentar democraticamente eleita incite integrantes das For\u00e7as Armadas a aderirem a um golpe de Estado. Isso passa de qualquer limite do aceit\u00e1vel&#8221;, avalia a presidenta nacional do PSOL, Paula Coradi.<\/p>\n<p>&#8220;Por conta disso, o PSOL inclui este aditivo no pedido cassa\u00e7\u00e3o do mandato da deputada Carla Zambelli j\u00e1 em curso na C\u00e2mara dos Deputados. Ela deve responder pelos seus atos na Justi\u00e7a. Os golpistas n\u00e3o podem ter o privil\u00e9gio da anistia. O que se planejava fazer contra o pa\u00eds \u00e9 muito grave e n\u00e3o pode ficar impune&#8221;, conclui a dirigente do partido.<\/p>\n<p>\u201cAs a\u00e7\u00f5es e falas da deputada federal Zambelli s\u00e3o extremamente graves e atentam contra a ordem jur\u00eddica e social fixada pela Constitui\u00e7\u00e3o, descumprindo os deveres parlamentares ali expostos\u201d, diz trecho do pedido do PSOL.<\/p>\n<p>\u201c\u00c9 fundamental que a representa\u00e7\u00e3o chegue ao Conselho de \u00c9tica: e a cassa\u00e7\u00e3o da Deputada Carla Zambelli, mais do que uma possibilidade, agora se torna um imperativo\u201d, ressalta outro trecho o documento.<\/p>\n","protected":false},"excerpt":{"rendered":"<p>O PSOL apresentou na \u00faltima sexta-feira (15) um aditamento ao pedido de cassa\u00e7\u00e3o j\u00e1 feito pelo partido contra a deputada federal Carla Zambelli (PL-SP) com as novas informa\u00e7\u00f5es que ligam a parlamentar bolsonarista diretamente \u00e0 trama golpista que envolvia o pr\u00f3prio Jair Bolsonaro e aliados para n\u00e3o respeitar o resultado eleitoral de 2022. O texto [&hellip;]<\/p>\n","protected":false},"author":2,"featured_media":39182,"comment_status":"closed","ping_status":"open","sticky":false,"template":"","format":"standard","meta":{"_acf_changed":false,"footnotes":""},"categories":[10],"tags":[4825],"class_list":{"0":"post-39179","1":"post","2":"type-post","3":"status-publish","4":"format-standard","5":"has-post-thumbnail","7":"category-acao-parlamentares","8":"tag-noticias"},"acf":[],"yoast_head":"<!-- This site is optimized with the Yoast SEO plugin v26.5 - https:\/\/yoast.com\/wordpress\/plugins\/seo\/ -->\n<title>PSOL refor\u00e7a pedido de cassa\u00e7\u00e3o de Carla Zambelli por press\u00e3o a militares para dar golpe<\/title>\n<meta name=\"description\" content=\"Deputada bolsonarista pressionou ex-comandante da Areon\u00e1utica, em 2022, para que suas tropas aderissem \u00e0 trama golpista para impedir a posse de Lula.\" \/>\n<meta name=\"robots\" content=\"index, follow, max-snippet:-1, max-image-preview:large, max-video-preview:-1\" \/>\n<link rel=\"canonical\" href=\"https:\/\/psol50.org.br\/psol-reforca-pedido-de-cassacao-de-carla-zambelli-por-pressao-a-militares-para-dar-golpe\/\" \/>\n<meta property=\"og:locale\" content=\"pt_BR\" \/>\n<meta property=\"og:type\" content=\"article\" \/>\n<meta property=\"og:title\" content=\"PSOL refor\u00e7a pedido de cassa\u00e7\u00e3o de Carla Zambelli por press\u00e3o a militares para dar golpe\" \/>\n<meta property=\"og:description\" content=\"Deputada bolsonarista pressionou ex-comandante da Areon\u00e1utica, em 2022, para que suas tropas aderissem \u00e0 trama golpista para impedir a posse de Lula.\" \/>\n<meta property=\"og:url\" content=\"https:\/\/psol50.org.br\/psol-reforca-pedido-de-cassacao-de-carla-zambelli-por-pressao-a-militares-para-dar-golpe\/\" \/>\n<meta property=\"og:site_name\" content=\"PSOL 50\" \/>\n<meta property=\"article:publisher\" content=\"https:\/\/www.facebook.com\/psol50\" \/>\n<meta property=\"article:published_time\" content=\"2024-03-18T14:53:57+00:00\" \/>\n<meta property=\"article:modified_time\" content=\"2024-03-22T17:25:22+00:00\" \/>\n<meta property=\"og:image\" content=\"https:\/\/psol50.org.br\/inc\/uploads\/2024\/03\/img20230901104308514-scaled.jpg\" \/>\n\t<meta property=\"og:image:width\" content=\"2560\" \/>\n\t<meta property=\"og:image:height\" content=\"1578\" \/>\n\t<meta property=\"og:image:type\" content=\"image\/jpeg\" \/>\n<meta name=\"author\" content=\"Comunica\u00e7\u00e3o PSOL\" \/>\n<meta name=\"twitter:card\" content=\"summary_large_image\" \/>\n<meta name=\"twitter:creator\" content=\"@psol50\" \/>\n<meta name=\"twitter:site\" content=\"@psol50\" \/>\n<meta name=\"twitter:label1\" content=\"Escrito por\" \/>\n\t<meta name=\"twitter:data1\" content=\"Comunica\u00e7\u00e3o PSOL\" \/>\n\t<meta name=\"twitter:label2\" content=\"Est. tempo de leitura\" \/>\n\t<meta name=\"twitter:data2\" content=\"2 minutos\" \/>\n<script type=\"application\/ld+json\" class=\"yoast-schema-graph\">{\"@context\":\"https:\/\/schema.org\",\"@graph\":[{\"@type\":\"Article\",\"@id\":\"https:\/\/psol50.org.br\/psol-reforca-pedido-de-cassacao-de-carla-zambelli-por-pressao-a-militares-para-dar-golpe\/#article\",\"isPartOf\":{\"@id\":\"https:\/\/psol50.org.br\/psol-reforca-pedido-de-cassacao-de-carla-zambelli-por-pressao-a-militares-para-dar-golpe\/\"},\"author\":{\"name\":\"Comunica\u00e7\u00e3o PSOL\",\"@id\":\"https:\/\/psol50.org.br\/#\/schema\/person\/475dfa57d0b815993c714c2e96491fcd\"},\"headline\":\"PSOL refor\u00e7a pedido de cassa\u00e7\u00e3o de Carla Zambelli por press\u00e3o a militares para dar golpe\",\"datePublished\":\"2024-03-18T14:53:57+00:00\",\"dateModified\":\"2024-03-22T17:25:22+00:00\",\"mainEntityOfPage\":{\"@id\":\"https:\/\/psol50.org.br\/psol-reforca-pedido-de-cassacao-de-carla-zambelli-por-pressao-a-militares-para-dar-golpe\/\"},\"wordCount\":335,\"publisher\":{\"@id\":\"https:\/\/psol50.org.br\/#organization\"},\"image\":{\"@id\":\"https:\/\/psol50.org.br\/psol-reforca-pedido-de-cassacao-de-carla-zambelli-por-pressao-a-militares-para-dar-golpe\/#primaryimage\"},\"thumbnailUrl\":\"https:\/\/psol50.org.br\/inc\/uploads\/2024\/03\/img20230901104308514-scaled.jpg\",\"keywords\":[\"Not\u00edcias\"],\"articleSection\":[\"A\u00e7\u00e3o Parlamentar\"],\"inLanguage\":\"pt-BR\"},{\"@type\":\"WebPage\",\"@id\":\"https:\/\/psol50.org.br\/psol-reforca-pedido-de-cassacao-de-carla-zambelli-por-pressao-a-militares-para-dar-golpe\/\",\"url\":\"https:\/\/psol50.org.br\/psol-reforca-pedido-de-cassacao-de-carla-zambelli-por-pressao-a-militares-para-dar-golpe\/\",\"name\":\"PSOL refor\u00e7a pedido de cassa\u00e7\u00e3o de Carla Zambelli por press\u00e3o a militares para dar golpe\",\"isPartOf\":{\"@id\":\"https:\/\/psol50.org.br\/#website\"},\"primaryImageOfPage\":{\"@id\":\"https:\/\/psol50.org.br\/psol-reforca-pedido-de-cassacao-de-carla-zambelli-por-pressao-a-militares-para-dar-golpe\/#primaryimage\"},\"image\":{\"@id\":\"https:\/\/psol50.org.br\/psol-reforca-pedido-de-cassacao-de-carla-zambelli-por-pressao-a-militares-para-dar-golpe\/#primaryimage\"},\"thumbnailUrl\":\"https:\/\/psol50.org.br\/inc\/uploads\/2024\/03\/img20230901104308514-scaled.jpg\",\"datePublished\":\"2024-03-18T14:53:57+00:00\",\"dateModified\":\"2024-03-22T17:25:22+00:00\",\"description\":\"Deputada bolsonarista pressionou ex-comandante da Areon\u00e1utica, em 2022, para que suas tropas aderissem \u00e0 trama golpista para impedir a posse de Lula.\",\"breadcrumb\":{\"@id\":\"https:\/\/psol50.org.br\/psol-reforca-pedido-de-cassacao-de-carla-zambelli-por-pressao-a-militares-para-dar-golpe\/#breadcrumb\"},\"inLanguage\":\"pt-BR\",\"potentialAction\":[{\"@type\":\"ReadAction\",\"target\":[\"https:\/\/psol50.org.br\/psol-reforca-pedido-de-cassacao-de-carla-zambelli-por-pressao-a-militares-para-dar-golpe\/\"]}]},{\"@type\":\"ImageObject\",\"inLanguage\":\"pt-BR\",\"@id\":\"https:\/\/psol50.org.br\/psol-reforca-pedido-de-cassacao-de-carla-zambelli-por-pressao-a-militares-para-dar-golpe\/#primaryimage\",\"url\":\"https:\/\/psol50.org.br\/inc\/uploads\/2024\/03\/img20230901104308514-scaled.jpg\",\"contentUrl\":\"https:\/\/psol50.org.br\/inc\/uploads\/2024\/03\/img20230901104308514-scaled.jpg\",\"width\":2560,\"height\":1578,\"caption\":\"Foto: Bruno Spada\/C\u00e2mara dos Deputados\"},{\"@type\":\"BreadcrumbList\",\"@id\":\"https:\/\/psol50.org.br\/psol-reforca-pedido-de-cassacao-de-carla-zambelli-por-pressao-a-militares-para-dar-golpe\/#breadcrumb\",\"itemListElement\":[{\"@type\":\"ListItem\",\"position\":1,\"name\":\"In\u00edcio\",\"item\":\"https:\/\/psol50.org.br\/\"},{\"@type\":\"ListItem\",\"position\":2,\"name\":\"PSOL refor\u00e7a pedido de cassa\u00e7\u00e3o de Carla Zambelli por press\u00e3o a militares para dar golpe\"}]},{\"@type\":\"WebSite\",\"@id\":\"https:\/\/psol50.org.br\/#website\",\"url\":\"https:\/\/psol50.org.br\/\",\"name\":\"PSOL 50\",\"description\":\"Site oficial do Partido Socialismo e Liberdade\",\"publisher\":{\"@id\":\"https:\/\/psol50.org.br\/#organization\"},\"alternateName\":\"PSOL50\",\"potentialAction\":[{\"@type\":\"SearchAction\",\"target\":{\"@type\":\"EntryPoint\",\"urlTemplate\":\"https:\/\/psol50.org.br\/?s={search_term_string}\"},\"query-input\":{\"@type\":\"PropertyValueSpecification\",\"valueRequired\":true,\"valueName\":\"search_term_string\"}}],\"inLanguage\":\"pt-BR\"},{\"@type\":\"Organization\",\"@id\":\"https:\/\/psol50.org.br\/#organization\",\"name\":\"PSOL 50\",\"alternateName\":\"PSOL 50\",\"url\":\"https:\/\/psol50.org.br\/\",\"logo\":{\"@type\":\"ImageObject\",\"inLanguage\":\"pt-BR\",\"@id\":\"https:\/\/psol50.org.br\/#\/schema\/logo\/image\/\",\"url\":\"https:\/\/psol50.org.br\/inc\/uploads\/2018\/07\/capa.png\",\"contentUrl\":\"https:\/\/psol50.org.br\/inc\/uploads\/2018\/07\/capa.png\",\"width\":1350,\"height\":900,\"caption\":\"PSOL 50\"},\"image\":{\"@id\":\"https:\/\/psol50.org.br\/#\/schema\/logo\/image\/\"},\"sameAs\":[\"https:\/\/www.facebook.com\/psol50\",\"https:\/\/x.com\/psol50\",\"https:\/\/www.instagram.com\/psol50\/\",\"https:\/\/www.youtube.com\/channel\/UC7SnJS5o1os7a6CaiNabzcg\"]},{\"@type\":\"Person\",\"@id\":\"https:\/\/psol50.org.br\/#\/schema\/person\/475dfa57d0b815993c714c2e96491fcd\",\"name\":\"Comunica\u00e7\u00e3o PSOL\",\"image\":{\"@type\":\"ImageObject\",\"inLanguage\":\"pt-BR\",\"@id\":\"https:\/\/psol50.org.br\/#\/schema\/person\/image\/\",\"url\":\"https:\/\/secure.gravatar.com\/avatar\/b34fc4f4e468a4e51785917065a3db57b841f5c95dba6ad8c73aaf8f66f8f9bf?s=96&d=mm&r=g\",\"contentUrl\":\"https:\/\/secure.gravatar.com\/avatar\/b34fc4f4e468a4e51785917065a3db57b841f5c95dba6ad8c73aaf8f66f8f9bf?s=96&d=mm&r=g\",\"caption\":\"Comunica\u00e7\u00e3o PSOL\"}}]}<\/script>\n<!-- \/ Yoast SEO plugin. -->","yoast_head_json":{"title":"PSOL refor\u00e7a pedido de cassa\u00e7\u00e3o de Carla Zambelli por press\u00e3o a militares para dar golpe","description":"Deputada bolsonarista pressionou ex-comandante da Areon\u00e1utica, em 2022, para que suas tropas aderissem \u00e0 trama golpista para impedir a posse de Lula.","robots":{"index":"index","follow":"follow","max-snippet":"max-snippet:-1","max-image-preview":"max-image-preview:large","max-video-preview":"max-video-preview:-1"},"canonical":"https:\/\/psol50.org.br\/psol-reforca-pedido-de-cassacao-de-carla-zambelli-por-pressao-a-militares-para-dar-golpe\/","og_locale":"pt_BR","og_type":"article","og_title":"PSOL refor\u00e7a pedido de cassa\u00e7\u00e3o de Carla Zambelli por press\u00e3o a militares para dar golpe","og_description":"Deputada bolsonarista pressionou ex-comandante da Areon\u00e1utica, em 2022, para que suas tropas aderissem \u00e0 trama golpista para impedir a posse de Lula.","og_url":"https:\/\/psol50.org.br\/psol-reforca-pedido-de-cassacao-de-carla-zambelli-por-pressao-a-militares-para-dar-golpe\/","og_site_name":"PSOL 50","article_publisher":"https:\/\/www.facebook.com\/psol50","article_published_time":"2024-03-18T14:53:57+00:00","article_modified_time":"2024-03-22T17:25:22+00:00","og_image":[{"width":2560,"height":1578,"url":"https:\/\/psol50.org.br\/inc\/uploads\/2024\/03\/img20230901104308514-scaled.jpg","type":"image\/jpeg"}],"author":"Comunica\u00e7\u00e3o PSOL","twitter_card":"summary_large_image","twitter_creator":"@psol50","twitter_site":"@psol50","twitter_misc":{"Escrito por":"Comunica\u00e7\u00e3o PSOL","Est. tempo de leitura":"2 minutos"},"schema":{"@context":"https:\/\/schema.org","@graph":[{"@type":"Article","@id":"https:\/\/psol50.org.br\/psol-reforca-pedido-de-cassacao-de-carla-zambelli-por-pressao-a-militares-para-dar-golpe\/#article","isPartOf":{"@id":"https:\/\/psol50.org.br\/psol-reforca-pedido-de-cassacao-de-carla-zambelli-por-pressao-a-militares-para-dar-golpe\/"},"author":{"name":"Comunica\u00e7\u00e3o PSOL","@id":"https:\/\/psol50.org.br\/#\/schema\/person\/475dfa57d0b815993c714c2e96491fcd"},"headline":"PSOL refor\u00e7a pedido de cassa\u00e7\u00e3o de Carla Zambelli por press\u00e3o a militares para dar golpe","datePublished":"2024-03-18T14:53:57+00:00","dateModified":"2024-03-22T17:25:22+00:00","mainEntityOfPage":{"@id":"https:\/\/psol50.org.br\/psol-reforca-pedido-de-cassacao-de-carla-zambelli-por-pressao-a-militares-para-dar-golpe\/"},"wordCount":335,"publisher":{"@id":"https:\/\/psol50.org.br\/#organization"},"image":{"@id":"https:\/\/psol50.org.br\/psol-reforca-pedido-de-cassacao-de-carla-zambelli-por-pressao-a-militares-para-dar-golpe\/#primaryimage"},"thumbnailUrl":"https:\/\/psol50.org.br\/inc\/uploads\/2024\/03\/img20230901104308514-scaled.jpg","keywords":["Not\u00edcias"],"articleSection":["A\u00e7\u00e3o Parlamentar"],"inLanguage":"pt-BR"},{"@type":"WebPage","@id":"https:\/\/psol50.org.br\/psol-reforca-pedido-de-cassacao-de-carla-zambelli-por-pressao-a-militares-para-dar-golpe\/","url":"https:\/\/psol50.org.br\/psol-reforca-pedido-de-cassacao-de-carla-zambelli-por-pressao-a-militares-para-dar-golpe\/","name":"PSOL refor\u00e7a pedido de cassa\u00e7\u00e3o de Carla Zambelli por press\u00e3o a militares para dar golpe","isPartOf":{"@id":"https:\/\/psol50.org.br\/#website"},"primaryImageOfPage":{"@id":"https:\/\/psol50.org.br\/psol-reforca-pedido-de-cassacao-de-carla-zambelli-por-pressao-a-militares-para-dar-golpe\/#primaryimage"},"image":{"@id":"https:\/\/psol50.org.br\/psol-reforca-pedido-de-cassacao-de-carla-zambelli-por-pressao-a-militares-para-dar-golpe\/#primaryimage"},"thumbnailUrl":"https:\/\/psol50.org.br\/inc\/uploads\/2024\/03\/img20230901104308514-scaled.jpg","datePublished":"2024-03-18T14:53:57+00:00","dateModified":"2024-03-22T17:25:22+00:00","description":"Deputada bolsonarista pressionou ex-comandante da Areon\u00e1utica, em 2022, para que suas tropas aderissem \u00e0 trama golpista para impedir a posse de Lula.","breadcrumb":{"@id":"https:\/\/psol50.org.br\/psol-reforca-pedido-de-cassacao-de-carla-zambelli-por-pressao-a-militares-para-dar-golpe\/#breadcrumb"},"inLanguage":"pt-BR","potentialAction":[{"@type":"ReadAction","target":["https:\/\/psol50.org.br\/psol-reforca-pedido-de-cassacao-de-carla-zambelli-por-pressao-a-militares-para-dar-golpe\/"]}]},{"@type":"ImageObject","inLanguage":"pt-BR","@id":"https:\/\/psol50.org.br\/psol-reforca-pedido-de-cassacao-de-carla-zambelli-por-pressao-a-militares-para-dar-golpe\/#primaryimage","url":"https:\/\/psol50.org.br\/inc\/uploads\/2024\/03\/img20230901104308514-scaled.jpg","contentUrl":"https:\/\/psol50.org.br\/inc\/uploads\/2024\/03\/img20230901104308514-scaled.jpg","width":2560,"height":1578,"caption":"Foto: Bruno Spada\/C\u00e2mara dos Deputados"},{"@type":"BreadcrumbList","@id":"https:\/\/psol50.org.br\/psol-reforca-pedido-de-cassacao-de-carla-zambelli-por-pressao-a-militares-para-dar-golpe\/#breadcrumb","itemListElement":[{"@type":"ListItem","position":1,"name":"In\u00edcio","item":"https:\/\/psol50.org.br\/"},{"@type":"ListItem","position":2,"name":"PSOL refor\u00e7a pedido de cassa\u00e7\u00e3o de Carla Zambelli por press\u00e3o a militares para dar golpe"}]},{"@type":"WebSite","@id":"https:\/\/psol50.org.br\/#website","url":"https:\/\/psol50.org.br\/","name":"PSOL 50","description":"Site oficial do Partido Socialismo e Liberdade","publisher":{"@id":"https:\/\/psol50.org.br\/#organization"},"alternateName":"PSOL50","potentialAction":[{"@type":"SearchAction","target":{"@type":"EntryPoint","urlTemplate":"https:\/\/psol50.org.br\/?s={search_term_string}"},"query-input":{"@type":"PropertyValueSpecification","valueRequired":true,"valueName":"search_term_string"}}],"inLanguage":"pt-BR"},{"@type":"Organization","@id":"https:\/\/psol50.org.br\/#organization","name":"PSOL 50","alternateName":"PSOL 50","url":"https:\/\/psol50.org.br\/","logo":{"@type":"ImageObject","inLanguage":"pt-BR","@id":"https:\/\/psol50.org.br\/#\/schema\/logo\/image\/","url":"https:\/\/psol50.org.br\/inc\/uploads\/2018\/07\/capa.png","contentUrl":"https:\/\/psol50.org.br\/inc\/uploads\/2018\/07\/capa.png","width":1350,"height":900,"caption":"PSOL 50"},"image":{"@id":"https:\/\/psol50.org.br\/#\/schema\/logo\/image\/"},"sameAs":["https:\/\/www.facebook.com\/psol50","https:\/\/x.com\/psol50","https:\/\/www.instagram.com\/psol50\/","https:\/\/www.youtube.com\/channel\/UC7SnJS5o1os7a6CaiNabzcg"]},{"@type":"Person","@id":"https:\/\/psol50.org.br\/#\/schema\/person\/475dfa57d0b815993c714c2e96491fcd","name":"Comunica\u00e7\u00e3o PSOL","image":{"@type":"ImageObject","inLanguage":"pt-BR","@id":"https:\/\/psol50.org.br\/#\/schema\/person\/image\/","url":"https:\/\/secure.gravatar.com\/avatar\/b34fc4f4e468a4e51785917065a3db57b841f5c95dba6ad8c73aaf8f66f8f9bf?s=96&d=mm&r=g","contentUrl":"https:\/\/secure.gravatar.com\/avatar\/b34fc4f4e468a4e51785917065a3db57b841f5c95dba6ad8c73aaf8f66f8f9bf?s=96&d=mm&r=g","caption":"Comunica\u00e7\u00e3o PSOL"}}]}},"_links":{"self":[{"href":"https:\/\/psol50.org.br\/rest\/wp\/v2\/posts\/39179","targetHints":{"allow":["GET"]}}],"collection":[{"href":"https:\/\/psol50.org.br\/rest\/wp\/v2\/posts"}],"about":[{"href":"https:\/\/psol50.org.br\/rest\/wp\/v2\/types\/post"}],"author":[{"embeddable":true,"href":"https:\/\/psol50.org.br\/rest\/wp\/v2\/users\/2"}],"replies":[{"embeddable":true,"href":"https:\/\/psol50.org.br\/rest\/wp\/v2\/comments?post=39179"}],"version-history":[{"count":3,"href":"https:\/\/psol50.org.br\/rest\/wp\/v2\/posts\/39179\/revisions"}],"predecessor-version":[{"id":39183,"href":"https:\/\/psol50.org.br\/rest\/wp\/v2\/posts\/39179\/revisions\/39183"}],"wp:featuredmedia":[{"embeddable":true,"href":"https:\/\/psol50.org.br\/rest\/wp\/v2\/media\/39182"}],"wp:attachment":[{"href":"https:\/\/psol50.org.br\/rest\/wp\/v2\/media?parent=39179"}],"wp:term":[{"taxonomy":"category","embeddable":true,"href":"https:\/\/psol50.org.br\/rest\/wp\/v2\/categories?post=39179"},{"taxonomy":"post_tag","embeddable":true,"href":"https:\/\/psol50.org.br\/rest\/wp\/v2\/tags?post=39179"}],"curies":[{"name":"wp","href":"https:\/\/api.w.org\/{rel}","templated":true}]}}