{"id":39188,"date":"2024-03-18T16:37:34","date_gmt":"2024-03-18T19:37:34","guid":{"rendered":"https:\/\/psol50.org.br\/?p=39188"},"modified":"2024-03-21T12:47:47","modified_gmt":"2024-03-21T15:47:47","slug":"pcdob-define-apoio-a-pre-candidatura-a-reeleicao-de-edmilson-rodrigues-psol-em-belem-pa","status":"publish","type":"post","link":"https:\/\/psol50.org.br\/pcdob-define-apoio-a-pre-candidatura-a-reeleicao-de-edmilson-rodrigues-psol-em-belem-pa\/","title":{"rendered":"PCdoB define apoio \u00e0 pr\u00e9-candidatura \u00e0 reelei\u00e7\u00e3o de Edmilson Rodrigues (PSOL) em Bel\u00e9m (PA)"},"content":{"rendered":"<p>O PCdoB realizou uma grande plen\u00e1ria com mais de mil militantes em Bel\u00e9m (PA) na \u00faltima semana e definiu o seu apoio \u00e0 pr\u00e9-candidatura \u00e0 reelei\u00e7\u00e3o do prefeito Edmilson Rodrigues (PSOL) nas elei\u00e7\u00f5es municipais deste ano.<\/p>\n<p>\u201cN\u00e3o \u00e9 pra qualquer um, enfrentar como ele enfrentou a covid-19, e buscar solu\u00e7\u00f5es pros problemas da cidade. No programa de regulariza\u00e7\u00e3o fundi\u00e1ria, comandado pela Codem, 20 mil t\u00edtulos para o povo mais pobre, a retomada das obras do Minha Casa, Minha Vida. \u00c9 um movimento que est\u00e1 sendo feito em toda Bel\u00e9m\u201d, afirmou o presidente do PCdoB no Par\u00e1, Jorge Panzera.<\/p>\n<p>\u201cEstive presente, no dia de hoje, neste bel\u00edssimo evento, que contou com mais de mil pessoas, entre pol\u00edticos e militantes do partido, incluindo membros de nosso governo, como L\u00e9lio Costa, Rodrigo Moraes e Greg\u00f3rio Neto. Agrade\u00e7o o apoio e o carinho demonstrado por cada um que esteve no local. Viva a luta popular, viva nossa Bel\u00e9m, viva o PCdoB. A esquerda unida vencer\u00e1!\u201d, afirmou o prefeito Edmilson Rodrigues em suas redes sociais.<\/p>\n<p>No \u00faltimo dia 26 de fevereiro, outro partido aliado, o <strong><a href=\"https:\/\/psol50.org.br\/pt-aprova-apoio-a-pre-candidatura-de-edmilson-rodrigues-psol-a-reeleicao-como-prefeito-de-belem-pa\/\" target=\"_blank\" rel=\"noopener\">PT, j\u00e1 havia sacramentado seu apoio a Edmilson Rodrigues em uma grande plen\u00e1ria na capital paraense<\/a><\/strong>.<\/p>\n<blockquote class=\"instagram-media\" style=\"background: #FFF; border: 0; border-radius: 3px; box-shadow: 0 0 1px 0 rgba(0,0,0,0.5),0 1px 10px 0 rgba(0,0,0,0.15); margin: 1px; max-width: 540px; min-width: 326px; padding: 0; width: calc(100% - 2px);\" data-instgrm-captioned=\"\" data-instgrm-permalink=\"https:\/\/www.instagram.com\/p\/C4ekAs5uO-c\/?utm_source=ig_embed&amp;utm_campaign=loading\" data-instgrm-version=\"14\">\n<div style=\"padding: 16px;\">\n<p>&nbsp;<\/p>\n<div style=\"display: flex; flex-direction: row; align-items: center;\">\n<div style=\"background-color: #f4f4f4; border-radius: 50%; flex-grow: 0; height: 40px; margin-right: 14px; width: 40px;\"><\/div>\n<div style=\"display: flex; flex-direction: column; flex-grow: 1; justify-content: center;\">\n<div style=\"background-color: #f4f4f4; border-radius: 4px; flex-grow: 0; height: 14px; margin-bottom: 6px; width: 100px;\"><\/div>\n<div style=\"background-color: #f4f4f4; border-radius: 4px; flex-grow: 0; height: 14px; width: 60px;\"><\/div>\n<\/div>\n<\/div>\n<div style=\"padding: 19% 0;\"><\/div>\n<div style=\"display: block; height: 50px; margin: 0 auto 12px; width: 50px;\"><\/div>\n<div style=\"padding-top: 8px;\">\n<div style=\"color: #3897f0; font-family: Arial,sans-serif; font-size: 14px; font-style: normal; font-weight: 550; line-height: 18px;\">Ver essa foto no Instagram<\/div>\n<\/div>\n<div style=\"padding: 12.5% 0;\"><\/div>\n<div style=\"display: flex; flex-direction: row; margin-bottom: 14px; align-items: center;\">\n<div>\n<div style=\"background-color: #f4f4f4; border-radius: 50%; height: 12.5px; width: 12.5px; transform: translateX(0px) translateY(7px);\"><\/div>\n<div style=\"background-color: #f4f4f4; height: 12.5px; transform: rotate(-45deg) translateX(3px) translateY(1px); width: 12.5px; flex-grow: 0; margin-right: 14px; margin-left: 2px;\"><\/div>\n<div style=\"background-color: #f4f4f4; border-radius: 50%; height: 12.5px; width: 12.5px; transform: translateX(9px) translateY(-18px);\"><\/div>\n<\/div>\n<div style=\"margin-left: 8px;\">\n<div style=\"background-color: #f4f4f4; border-radius: 50%; flex-grow: 0; height: 20px; width: 20px;\"><\/div>\n<div style=\"width: 0; height: 0; border-top: 2px solid transparent; border-left: 6px solid #f4f4f4; border-bottom: 2px solid transparent; transform: translateX(16px) translateY(-4px) rotate(30deg);\"><\/div>\n<\/div>\n<div style=\"margin-left: auto;\">\n<div style=\"width: 0px; border-top: 8px solid #F4F4F4; border-right: 8px solid transparent; transform: translateY(16px);\"><\/div>\n<div style=\"background-color: #f4f4f4; flex-grow: 0; height: 12px; width: 16px; transform: translateY(-4px);\"><\/div>\n<div style=\"width: 0; height: 0; border-top: 8px solid #F4F4F4; border-left: 8px solid transparent; transform: translateY(-4px) translateX(8px);\"><\/div>\n<\/div>\n<\/div>\n<div style=\"display: flex; flex-direction: column; flex-grow: 1; justify-content: center; margin-bottom: 24px;\">\n<div style=\"background-color: #f4f4f4; border-radius: 4px; flex-grow: 0; height: 14px; margin-bottom: 6px; width: 224px;\"><\/div>\n<div style=\"background-color: #f4f4f4; border-radius: 4px; flex-grow: 0; height: 14px; width: 144px;\"><\/div>\n<\/div>\n<p>&nbsp;<\/p>\n<p style=\"color: #c9c8cd; font-family: Arial,sans-serif; font-size: 14px; line-height: 17px; margin-bottom: 0; margin-top: 8px; overflow: hidden; padding: 8px 0 7px; text-align: center; text-overflow: ellipsis; white-space: nowrap;\"><a style=\"color: #c9c8cd; font-family: Arial,sans-serif; font-size: 14px; font-style: normal; font-weight: normal; line-height: 17px; text-decoration: none;\" href=\"https:\/\/www.instagram.com\/p\/C4ekAs5uO-c\/?utm_source=ig_embed&amp;utm_campaign=loading\" target=\"_blank\" rel=\"noopener\">Uma publica\u00e7\u00e3o compartilhada por Edmilson Rodrigues (@edmilsonpsol)<\/a><\/p>\n<\/div>\n<\/blockquote>\n<p><script async src=\"\/\/www.instagram.com\/embed.js\"><\/script><\/p>\n","protected":false},"excerpt":{"rendered":"<p>O PCdoB realizou uma grande plen\u00e1ria com mais de mil militantes em Bel\u00e9m (PA) na \u00faltima semana e definiu o seu apoio \u00e0 pr\u00e9-candidatura \u00e0 reelei\u00e7\u00e3o do prefeito Edmilson Rodrigues (PSOL) nas elei\u00e7\u00f5es municipais deste ano. \u201cN\u00e3o \u00e9 pra qualquer um, enfrentar como ele enfrentou a covid-19, e buscar solu\u00e7\u00f5es pros problemas da cidade. No [&hellip;]<\/p>\n","protected":false},"author":2,"featured_media":39190,"comment_status":"closed","ping_status":"open","sticky":false,"template":"","format":"standard","meta":{"_acf_changed":false,"footnotes":""},"categories":[654],"tags":[4825],"class_list":{"0":"post-39188","1":"post","2":"type-post","3":"status-publish","4":"format-standard","5":"has-post-thumbnail","7":"category-estados","8":"tag-noticias"},"acf":[],"yoast_head":"<!-- This site is optimized with the Yoast SEO plugin v26.5 - https:\/\/yoast.com\/wordpress\/plugins\/seo\/ -->\n<title>PCdoB define apoio \u00e0 pr\u00e9-candidatura \u00e0 reelei\u00e7\u00e3o de Edmilson Rodrigues (PSOL) em Bel\u00e9m (PA)<\/title>\n<meta name=\"description\" content=\"Partido realizou plen\u00e1ria com mais de mil militantes na \u00faltima semana e se soma ao movimento para impedir que a extrema-direita governe a capital paraense.\" \/>\n<meta name=\"robots\" content=\"index, follow, max-snippet:-1, max-image-preview:large, max-video-preview:-1\" \/>\n<link rel=\"canonical\" href=\"https:\/\/psol50.org.br\/pcdob-define-apoio-a-pre-candidatura-a-reeleicao-de-edmilson-rodrigues-psol-em-belem-pa\/\" \/>\n<meta property=\"og:locale\" content=\"pt_BR\" \/>\n<meta property=\"og:type\" content=\"article\" \/>\n<meta property=\"og:title\" content=\"PCdoB define apoio \u00e0 pr\u00e9-candidatura \u00e0 reelei\u00e7\u00e3o de Edmilson Rodrigues (PSOL) em Bel\u00e9m (PA)\" \/>\n<meta property=\"og:description\" content=\"Partido realizou plen\u00e1ria com mais de mil militantes na \u00faltima semana e se soma ao movimento para impedir que a extrema-direita governe a capital paraense.\" \/>\n<meta property=\"og:url\" content=\"https:\/\/psol50.org.br\/pcdob-define-apoio-a-pre-candidatura-a-reeleicao-de-edmilson-rodrigues-psol-em-belem-pa\/\" \/>\n<meta property=\"og:site_name\" content=\"PSOL 50\" \/>\n<meta property=\"article:publisher\" content=\"https:\/\/www.facebook.com\/psol50\" \/>\n<meta property=\"article:published_time\" content=\"2024-03-18T19:37:34+00:00\" \/>\n<meta property=\"article:modified_time\" content=\"2024-03-21T15:47:47+00:00\" \/>\n<meta property=\"og:image\" content=\"https:\/\/psol50.org.br\/inc\/uploads\/2024\/03\/Captura-de-Tela-2024-03-18-as-16.10.03-1024x675.png\" \/>\n\t<meta property=\"og:image:width\" content=\"1024\" \/>\n\t<meta property=\"og:image:height\" content=\"675\" \/>\n\t<meta property=\"og:image:type\" content=\"image\/png\" \/>\n<meta name=\"author\" content=\"Comunica\u00e7\u00e3o PSOL\" \/>\n<meta name=\"twitter:card\" content=\"summary_large_image\" \/>\n<meta name=\"twitter:creator\" content=\"@psol50\" \/>\n<meta name=\"twitter:site\" content=\"@psol50\" \/>\n<meta name=\"twitter:label1\" content=\"Escrito por\" \/>\n\t<meta name=\"twitter:data1\" content=\"Comunica\u00e7\u00e3o PSOL\" \/>\n\t<meta name=\"twitter:label2\" content=\"Est. tempo de leitura\" \/>\n\t<meta name=\"twitter:data2\" content=\"1 minuto\" \/>\n<script type=\"application\/ld+json\" class=\"yoast-schema-graph\">{\"@context\":\"https:\/\/schema.org\",\"@graph\":[{\"@type\":\"Article\",\"@id\":\"https:\/\/psol50.org.br\/pcdob-define-apoio-a-pre-candidatura-a-reeleicao-de-edmilson-rodrigues-psol-em-belem-pa\/#article\",\"isPartOf\":{\"@id\":\"https:\/\/psol50.org.br\/pcdob-define-apoio-a-pre-candidatura-a-reeleicao-de-edmilson-rodrigues-psol-em-belem-pa\/\"},\"author\":{\"name\":\"Comunica\u00e7\u00e3o PSOL\",\"@id\":\"https:\/\/psol50.org.br\/#\/schema\/person\/475dfa57d0b815993c714c2e96491fcd\"},\"headline\":\"PCdoB define apoio \u00e0 pr\u00e9-candidatura \u00e0 reelei\u00e7\u00e3o de Edmilson Rodrigues (PSOL) em Bel\u00e9m (PA)\",\"datePublished\":\"2024-03-18T19:37:34+00:00\",\"dateModified\":\"2024-03-21T15:47:47+00:00\",\"mainEntityOfPage\":{\"@id\":\"https:\/\/psol50.org.br\/pcdob-define-apoio-a-pre-candidatura-a-reeleicao-de-edmilson-rodrigues-psol-em-belem-pa\/\"},\"wordCount\":238,\"publisher\":{\"@id\":\"https:\/\/psol50.org.br\/#organization\"},\"image\":{\"@id\":\"https:\/\/psol50.org.br\/pcdob-define-apoio-a-pre-candidatura-a-reeleicao-de-edmilson-rodrigues-psol-em-belem-pa\/#primaryimage\"},\"thumbnailUrl\":\"https:\/\/psol50.org.br\/inc\/uploads\/2024\/03\/Captura-de-Tela-2024-03-18-as-16.10.03.png\",\"keywords\":[\"Not\u00edcias\"],\"articleSection\":[\"Estados\"],\"inLanguage\":\"pt-BR\"},{\"@type\":\"WebPage\",\"@id\":\"https:\/\/psol50.org.br\/pcdob-define-apoio-a-pre-candidatura-a-reeleicao-de-edmilson-rodrigues-psol-em-belem-pa\/\",\"url\":\"https:\/\/psol50.org.br\/pcdob-define-apoio-a-pre-candidatura-a-reeleicao-de-edmilson-rodrigues-psol-em-belem-pa\/\",\"name\":\"PCdoB define apoio \u00e0 pr\u00e9-candidatura \u00e0 reelei\u00e7\u00e3o de Edmilson Rodrigues (PSOL) em Bel\u00e9m (PA)\",\"isPartOf\":{\"@id\":\"https:\/\/psol50.org.br\/#website\"},\"primaryImageOfPage\":{\"@id\":\"https:\/\/psol50.org.br\/pcdob-define-apoio-a-pre-candidatura-a-reeleicao-de-edmilson-rodrigues-psol-em-belem-pa\/#primaryimage\"},\"image\":{\"@id\":\"https:\/\/psol50.org.br\/pcdob-define-apoio-a-pre-candidatura-a-reeleicao-de-edmilson-rodrigues-psol-em-belem-pa\/#primaryimage\"},\"thumbnailUrl\":\"https:\/\/psol50.org.br\/inc\/uploads\/2024\/03\/Captura-de-Tela-2024-03-18-as-16.10.03.png\",\"datePublished\":\"2024-03-18T19:37:34+00:00\",\"dateModified\":\"2024-03-21T15:47:47+00:00\",\"description\":\"Partido realizou plen\u00e1ria com mais de mil militantes na \u00faltima semana e se soma ao movimento para impedir que a extrema-direita governe a capital paraense.\",\"breadcrumb\":{\"@id\":\"https:\/\/psol50.org.br\/pcdob-define-apoio-a-pre-candidatura-a-reeleicao-de-edmilson-rodrigues-psol-em-belem-pa\/#breadcrumb\"},\"inLanguage\":\"pt-BR\",\"potentialAction\":[{\"@type\":\"ReadAction\",\"target\":[\"https:\/\/psol50.org.br\/pcdob-define-apoio-a-pre-candidatura-a-reeleicao-de-edmilson-rodrigues-psol-em-belem-pa\/\"]}]},{\"@type\":\"ImageObject\",\"inLanguage\":\"pt-BR\",\"@id\":\"https:\/\/psol50.org.br\/pcdob-define-apoio-a-pre-candidatura-a-reeleicao-de-edmilson-rodrigues-psol-em-belem-pa\/#primaryimage\",\"url\":\"https:\/\/psol50.org.br\/inc\/uploads\/2024\/03\/Captura-de-Tela-2024-03-18-as-16.10.03.png\",\"contentUrl\":\"https:\/\/psol50.org.br\/inc\/uploads\/2024\/03\/Captura-de-Tela-2024-03-18-as-16.10.03.png\",\"width\":2016,\"height\":1328,\"caption\":\"Foto: Filipe Bispo\"},{\"@type\":\"BreadcrumbList\",\"@id\":\"https:\/\/psol50.org.br\/pcdob-define-apoio-a-pre-candidatura-a-reeleicao-de-edmilson-rodrigues-psol-em-belem-pa\/#breadcrumb\",\"itemListElement\":[{\"@type\":\"ListItem\",\"position\":1,\"name\":\"In\u00edcio\",\"item\":\"https:\/\/psol50.org.br\/\"},{\"@type\":\"ListItem\",\"position\":2,\"name\":\"PCdoB define apoio \u00e0 pr\u00e9-candidatura \u00e0 reelei\u00e7\u00e3o de Edmilson Rodrigues (PSOL) em Bel\u00e9m (PA)\"}]},{\"@type\":\"WebSite\",\"@id\":\"https:\/\/psol50.org.br\/#website\",\"url\":\"https:\/\/psol50.org.br\/\",\"name\":\"PSOL 50\",\"description\":\"Site oficial do Partido Socialismo e Liberdade\",\"publisher\":{\"@id\":\"https:\/\/psol50.org.br\/#organization\"},\"alternateName\":\"PSOL50\",\"potentialAction\":[{\"@type\":\"SearchAction\",\"target\":{\"@type\":\"EntryPoint\",\"urlTemplate\":\"https:\/\/psol50.org.br\/?s={search_term_string}\"},\"query-input\":{\"@type\":\"PropertyValueSpecification\",\"valueRequired\":true,\"valueName\":\"search_term_string\"}}],\"inLanguage\":\"pt-BR\"},{\"@type\":\"Organization\",\"@id\":\"https:\/\/psol50.org.br\/#organization\",\"name\":\"PSOL 50\",\"alternateName\":\"PSOL 50\",\"url\":\"https:\/\/psol50.org.br\/\",\"logo\":{\"@type\":\"ImageObject\",\"inLanguage\":\"pt-BR\",\"@id\":\"https:\/\/psol50.org.br\/#\/schema\/logo\/image\/\",\"url\":\"https:\/\/psol50.org.br\/inc\/uploads\/2018\/07\/capa.png\",\"contentUrl\":\"https:\/\/psol50.org.br\/inc\/uploads\/2018\/07\/capa.png\",\"width\":1350,\"height\":900,\"caption\":\"PSOL 50\"},\"image\":{\"@id\":\"https:\/\/psol50.org.br\/#\/schema\/logo\/image\/\"},\"sameAs\":[\"https:\/\/www.facebook.com\/psol50\",\"https:\/\/x.com\/psol50\",\"https:\/\/www.instagram.com\/psol50\/\",\"https:\/\/www.youtube.com\/channel\/UC7SnJS5o1os7a6CaiNabzcg\"]},{\"@type\":\"Person\",\"@id\":\"https:\/\/psol50.org.br\/#\/schema\/person\/475dfa57d0b815993c714c2e96491fcd\",\"name\":\"Comunica\u00e7\u00e3o PSOL\",\"image\":{\"@type\":\"ImageObject\",\"inLanguage\":\"pt-BR\",\"@id\":\"https:\/\/psol50.org.br\/#\/schema\/person\/image\/\",\"url\":\"https:\/\/secure.gravatar.com\/avatar\/b34fc4f4e468a4e51785917065a3db57b841f5c95dba6ad8c73aaf8f66f8f9bf?s=96&d=mm&r=g\",\"contentUrl\":\"https:\/\/secure.gravatar.com\/avatar\/b34fc4f4e468a4e51785917065a3db57b841f5c95dba6ad8c73aaf8f66f8f9bf?s=96&d=mm&r=g\",\"caption\":\"Comunica\u00e7\u00e3o PSOL\"}}]}<\/script>\n<!-- \/ Yoast SEO plugin. -->","yoast_head_json":{"title":"PCdoB define apoio \u00e0 pr\u00e9-candidatura \u00e0 reelei\u00e7\u00e3o de Edmilson Rodrigues (PSOL) em Bel\u00e9m (PA)","description":"Partido realizou plen\u00e1ria com mais de mil militantes na \u00faltima semana e se soma ao movimento para impedir que a extrema-direita governe a capital paraense.","robots":{"index":"index","follow":"follow","max-snippet":"max-snippet:-1","max-image-preview":"max-image-preview:large","max-video-preview":"max-video-preview:-1"},"canonical":"https:\/\/psol50.org.br\/pcdob-define-apoio-a-pre-candidatura-a-reeleicao-de-edmilson-rodrigues-psol-em-belem-pa\/","og_locale":"pt_BR","og_type":"article","og_title":"PCdoB define apoio \u00e0 pr\u00e9-candidatura \u00e0 reelei\u00e7\u00e3o de Edmilson Rodrigues (PSOL) em Bel\u00e9m (PA)","og_description":"Partido realizou plen\u00e1ria com mais de mil militantes na \u00faltima semana e se soma ao movimento para impedir que a extrema-direita governe a capital paraense.","og_url":"https:\/\/psol50.org.br\/pcdob-define-apoio-a-pre-candidatura-a-reeleicao-de-edmilson-rodrigues-psol-em-belem-pa\/","og_site_name":"PSOL 50","article_publisher":"https:\/\/www.facebook.com\/psol50","article_published_time":"2024-03-18T19:37:34+00:00","article_modified_time":"2024-03-21T15:47:47+00:00","og_image":[{"width":1024,"height":675,"url":"https:\/\/psol50.org.br\/inc\/uploads\/2024\/03\/Captura-de-Tela-2024-03-18-as-16.10.03-1024x675.png","type":"image\/png"}],"author":"Comunica\u00e7\u00e3o PSOL","twitter_card":"summary_large_image","twitter_creator":"@psol50","twitter_site":"@psol50","twitter_misc":{"Escrito por":"Comunica\u00e7\u00e3o PSOL","Est. tempo de leitura":"1 minuto"},"schema":{"@context":"https:\/\/schema.org","@graph":[{"@type":"Article","@id":"https:\/\/psol50.org.br\/pcdob-define-apoio-a-pre-candidatura-a-reeleicao-de-edmilson-rodrigues-psol-em-belem-pa\/#article","isPartOf":{"@id":"https:\/\/psol50.org.br\/pcdob-define-apoio-a-pre-candidatura-a-reeleicao-de-edmilson-rodrigues-psol-em-belem-pa\/"},"author":{"name":"Comunica\u00e7\u00e3o PSOL","@id":"https:\/\/psol50.org.br\/#\/schema\/person\/475dfa57d0b815993c714c2e96491fcd"},"headline":"PCdoB define apoio \u00e0 pr\u00e9-candidatura \u00e0 reelei\u00e7\u00e3o de Edmilson Rodrigues (PSOL) em Bel\u00e9m (PA)","datePublished":"2024-03-18T19:37:34+00:00","dateModified":"2024-03-21T15:47:47+00:00","mainEntityOfPage":{"@id":"https:\/\/psol50.org.br\/pcdob-define-apoio-a-pre-candidatura-a-reeleicao-de-edmilson-rodrigues-psol-em-belem-pa\/"},"wordCount":238,"publisher":{"@id":"https:\/\/psol50.org.br\/#organization"},"image":{"@id":"https:\/\/psol50.org.br\/pcdob-define-apoio-a-pre-candidatura-a-reeleicao-de-edmilson-rodrigues-psol-em-belem-pa\/#primaryimage"},"thumbnailUrl":"https:\/\/psol50.org.br\/inc\/uploads\/2024\/03\/Captura-de-Tela-2024-03-18-as-16.10.03.png","keywords":["Not\u00edcias"],"articleSection":["Estados"],"inLanguage":"pt-BR"},{"@type":"WebPage","@id":"https:\/\/psol50.org.br\/pcdob-define-apoio-a-pre-candidatura-a-reeleicao-de-edmilson-rodrigues-psol-em-belem-pa\/","url":"https:\/\/psol50.org.br\/pcdob-define-apoio-a-pre-candidatura-a-reeleicao-de-edmilson-rodrigues-psol-em-belem-pa\/","name":"PCdoB define apoio \u00e0 pr\u00e9-candidatura \u00e0 reelei\u00e7\u00e3o de Edmilson Rodrigues (PSOL) em Bel\u00e9m (PA)","isPartOf":{"@id":"https:\/\/psol50.org.br\/#website"},"primaryImageOfPage":{"@id":"https:\/\/psol50.org.br\/pcdob-define-apoio-a-pre-candidatura-a-reeleicao-de-edmilson-rodrigues-psol-em-belem-pa\/#primaryimage"},"image":{"@id":"https:\/\/psol50.org.br\/pcdob-define-apoio-a-pre-candidatura-a-reeleicao-de-edmilson-rodrigues-psol-em-belem-pa\/#primaryimage"},"thumbnailUrl":"https:\/\/psol50.org.br\/inc\/uploads\/2024\/03\/Captura-de-Tela-2024-03-18-as-16.10.03.png","datePublished":"2024-03-18T19:37:34+00:00","dateModified":"2024-03-21T15:47:47+00:00","description":"Partido realizou plen\u00e1ria com mais de mil militantes na \u00faltima semana e se soma ao movimento para impedir que a extrema-direita governe a capital paraense.","breadcrumb":{"@id":"https:\/\/psol50.org.br\/pcdob-define-apoio-a-pre-candidatura-a-reeleicao-de-edmilson-rodrigues-psol-em-belem-pa\/#breadcrumb"},"inLanguage":"pt-BR","potentialAction":[{"@type":"ReadAction","target":["https:\/\/psol50.org.br\/pcdob-define-apoio-a-pre-candidatura-a-reeleicao-de-edmilson-rodrigues-psol-em-belem-pa\/"]}]},{"@type":"ImageObject","inLanguage":"pt-BR","@id":"https:\/\/psol50.org.br\/pcdob-define-apoio-a-pre-candidatura-a-reeleicao-de-edmilson-rodrigues-psol-em-belem-pa\/#primaryimage","url":"https:\/\/psol50.org.br\/inc\/uploads\/2024\/03\/Captura-de-Tela-2024-03-18-as-16.10.03.png","contentUrl":"https:\/\/psol50.org.br\/inc\/uploads\/2024\/03\/Captura-de-Tela-2024-03-18-as-16.10.03.png","width":2016,"height":1328,"caption":"Foto: Filipe Bispo"},{"@type":"BreadcrumbList","@id":"https:\/\/psol50.org.br\/pcdob-define-apoio-a-pre-candidatura-a-reeleicao-de-edmilson-rodrigues-psol-em-belem-pa\/#breadcrumb","itemListElement":[{"@type":"ListItem","position":1,"name":"In\u00edcio","item":"https:\/\/psol50.org.br\/"},{"@type":"ListItem","position":2,"name":"PCdoB define apoio \u00e0 pr\u00e9-candidatura \u00e0 reelei\u00e7\u00e3o de Edmilson Rodrigues (PSOL) em Bel\u00e9m (PA)"}]},{"@type":"WebSite","@id":"https:\/\/psol50.org.br\/#website","url":"https:\/\/psol50.org.br\/","name":"PSOL 50","description":"Site oficial do Partido Socialismo e Liberdade","publisher":{"@id":"https:\/\/psol50.org.br\/#organization"},"alternateName":"PSOL50","potentialAction":[{"@type":"SearchAction","target":{"@type":"EntryPoint","urlTemplate":"https:\/\/psol50.org.br\/?s={search_term_string}"},"query-input":{"@type":"PropertyValueSpecification","valueRequired":true,"valueName":"search_term_string"}}],"inLanguage":"pt-BR"},{"@type":"Organization","@id":"https:\/\/psol50.org.br\/#organization","name":"PSOL 50","alternateName":"PSOL 50","url":"https:\/\/psol50.org.br\/","logo":{"@type":"ImageObject","inLanguage":"pt-BR","@id":"https:\/\/psol50.org.br\/#\/schema\/logo\/image\/","url":"https:\/\/psol50.org.br\/inc\/uploads\/2018\/07\/capa.png","contentUrl":"https:\/\/psol50.org.br\/inc\/uploads\/2018\/07\/capa.png","width":1350,"height":900,"caption":"PSOL 50"},"image":{"@id":"https:\/\/psol50.org.br\/#\/schema\/logo\/image\/"},"sameAs":["https:\/\/www.facebook.com\/psol50","https:\/\/x.com\/psol50","https:\/\/www.instagram.com\/psol50\/","https:\/\/www.youtube.com\/channel\/UC7SnJS5o1os7a6CaiNabzcg"]},{"@type":"Person","@id":"https:\/\/psol50.org.br\/#\/schema\/person\/475dfa57d0b815993c714c2e96491fcd","name":"Comunica\u00e7\u00e3o PSOL","image":{"@type":"ImageObject","inLanguage":"pt-BR","@id":"https:\/\/psol50.org.br\/#\/schema\/person\/image\/","url":"https:\/\/secure.gravatar.com\/avatar\/b34fc4f4e468a4e51785917065a3db57b841f5c95dba6ad8c73aaf8f66f8f9bf?s=96&d=mm&r=g","contentUrl":"https:\/\/secure.gravatar.com\/avatar\/b34fc4f4e468a4e51785917065a3db57b841f5c95dba6ad8c73aaf8f66f8f9bf?s=96&d=mm&r=g","caption":"Comunica\u00e7\u00e3o PSOL"}}]}},"_links":{"self":[{"href":"https:\/\/psol50.org.br\/rest\/wp\/v2\/posts\/39188","targetHints":{"allow":["GET"]}}],"collection":[{"href":"https:\/\/psol50.org.br\/rest\/wp\/v2\/posts"}],"about":[{"href":"https:\/\/psol50.org.br\/rest\/wp\/v2\/types\/post"}],"author":[{"embeddable":true,"href":"https:\/\/psol50.org.br\/rest\/wp\/v2\/users\/2"}],"replies":[{"embeddable":true,"href":"https:\/\/psol50.org.br\/rest\/wp\/v2\/comments?post=39188"}],"version-history":[{"count":2,"href":"https:\/\/psol50.org.br\/rest\/wp\/v2\/posts\/39188\/revisions"}],"predecessor-version":[{"id":39191,"href":"https:\/\/psol50.org.br\/rest\/wp\/v2\/posts\/39188\/revisions\/39191"}],"wp:featuredmedia":[{"embeddable":true,"href":"https:\/\/psol50.org.br\/rest\/wp\/v2\/media\/39190"}],"wp:attachment":[{"href":"https:\/\/psol50.org.br\/rest\/wp\/v2\/media?parent=39188"}],"wp:term":[{"taxonomy":"category","embeddable":true,"href":"https:\/\/psol50.org.br\/rest\/wp\/v2\/categories?post=39188"},{"taxonomy":"post_tag","embeddable":true,"href":"https:\/\/psol50.org.br\/rest\/wp\/v2\/tags?post=39188"}],"curies":[{"name":"wp","href":"https:\/\/api.w.org\/{rel}","templated":true}]}}