{"id":392,"date":"2010-12-14T00:00:00","date_gmt":"2010-12-14T00:00:00","guid":{"rendered":"http:\/\/psol50.org.br\/arquivo\/2010\/12\/14\/megaincendio-florestal-revela-ruina-de-vilas-palestinas-destruidas-no-fim-dos-anos-1940\/"},"modified":"2010-12-14T00:00:00","modified_gmt":"2010-12-14T00:00:00","slug":"megaincendio-florestal-revela-ruina-de-vilas-palestinas-destruidas-no-fim-dos-anos-1940","status":"publish","type":"post","link":"https:\/\/psol50.org.br\/megaincendio-florestal-revela-ruina-de-vilas-palestinas-destruidas-no-fim-dos-anos-1940\/","title":{"rendered":"Megainc\u00eandio florestal revela ru\u00edna de vilas palestinas destru\u00eddas no fim dos anos 1940"},"content":{"rendered":"<p>Por Arturo Hartmann<\/p>\n<figure id=\"attachment_6308\" aria-describedby=\"caption-attachment-6308\" style=\"width: 300px\" class=\"wp-caption alignleft\"><a rel=\"attachment wp-att-6308\" href=\"http:\/\/psol50.org.br\/blog\/2010\/12\/14\/megaincendio-florestal-revela-ruina-de-vilas-palestinas-destruidas-no-fim-dos-anos-1940\/placa-aponta-para-a-vila-arabe-de-ein-hawd-na-regiao-de-haifa-em-israel\/\"><img loading=\"lazy\" decoding=\"async\" class=\"size-medium wp-image-6308 \" src=\"http:\/\/psol50.org.br\/files\/2010\/12\/Placa-aponta-para-a-vila-\u00e1rabe-de-Ein-Hawd-na-regi\u00e3o-de-haifa-em-israel-300x186.jpg\" alt=\"Placa aponta para a vila \u00e1rabe de Ein Hawd, na regi\u00e3o de Haifa, em Israel\" width=\"300\" height=\"186\" \/><\/a><figcaption id=\"caption-attachment-6308\" class=\"wp-caption-text\">Placa aponta para a vila \u00e1rabe de Ein Hawd, na regi\u00e3o de Haifa, em Israel<\/figcaption><\/figure>\n<p>O tr\u00e1gico inc\u00eandio nas florestas que forravam o Monte Carmel, na cidade israelense de Haifa e que resultou na morte de 41 pessoas e na destrui\u00e7\u00e3o de um patrim\u00f4nio nacional, trouxe \u00e0 tona um tema inc\u00f4modo para a hist\u00f3ria de Israel. No local, nos anos 1940, viviam centenas de fam\u00edlias palestinas, que foram for\u00e7adas a abandonar suas propriedades pelo ex\u00e9rcito israelense. Somente uma pequena comunidade de palestinos permaneceu no local.<\/p>\n<p>O maior inc\u00eandio da hist\u00f3ria de Israel demorou quatro dias para ser extinguido e revelou a falta de preparo e de log\u00edstica para enfrentar uma situa\u00e7\u00e3o de tamanhas propor\u00e7\u00f5es. Cerca de 20 pa\u00edses enviaram ajuda a\u00e9rea, equipamentos t\u00e9cnicos e pessoal para apagar as chamas, inclusive carros de bombeiro dos territ\u00f3rios palestinos.<\/p>\n<p>Formada principalmente por con\u00edferas, as florestas foram criadas a partir de1948 pelo FNJ (Fundo Nacional Judaico), uma organiza\u00e7\u00e3o criada em 1901 para criar e desenvolver terras na Palestina para judeus. Ap\u00f3s a cria\u00e7\u00e3o do Estado de Israel, o FNJ se tornou um instrumento da expans\u00e3o judaica.<\/p>\n<p>A den\u00fancia de que no local havia vilas palestinas \u00e9 corroborada pelo historiador palestino Jonny Mansour, que estuda a trajet\u00f3ria da comunidade palestina de Haifa. Ele vive na parte baixa da cidade e p\u00f4de observar a destrui\u00e7\u00e3o da floresta no Carmel. De acordo com ele, onde hoje h\u00e1 cidades israelenses e parques naturais, havia vilas palestinas. \u201cUm dos lugares que foram queimados foi a vila de Umm-Al-Zinnat, completamente destru\u00edda\u201d, afirmou ao Opera Mundi.<\/p>\n<p>De acordo com um mapa disponibilizado pela organiza\u00e7\u00e3o pr\u00f3-palestina BagPoud, que mostra a localiza\u00e7\u00e3o de antigas vilas palestinas no terr\u00edt\u00f3ria da Palestina, a regi\u00e3o de Haifa era ocupada por mais de dez cidades palestinas.<\/p>\n<p>Conforme conta o historiador israelense Illan Papp\u00e8 no livro Limpeza \u00c9tnica da Palestina, diversos pontos habitados por palestinos foram alvo de uma pol\u00edtica de antirrepatria\u00e7\u00e3o nos anos 1940, logo ap\u00f3s a cria\u00e7\u00e3o do Estado de Israel: \u201ca maior parte das atividades j\u00e1 para o final das opera\u00e7\u00f5es de limpeza \u00e9tnica de 1948 estavam focadas em implementar a pol\u00edtica de antirrepatria\u00e7\u00e3o de Israel em dois n\u00edveis. O primeiro era nacional, introduzidas em agosto de 1948 por uma decis\u00e3o do governo israelense de destruir as vilas tomadas e transform\u00e1-las em novos assentamentos judeus ou em florestas \u2018naturais\u2019. O segundo era diplom\u00e1tico, esfor\u00e7ar-se ao m\u00e1ximo para amenizar a press\u00e3o internacional crescente sobre Israel para permitir o retorno dos refugiados.\u201d<\/p>\n<p>Mansour contou a hist\u00f3ria da vila de Ein Hod (chamada pelos palestinos de Ayn Hawd) antes de maio de 1948, a mais famosa entre as vilas ocultas que emergiram do fogo do Carmel.\u00a0 \u201cEm 1948, o ex\u00e9rcito israelense disse aos moradores que deixassem a vila momentaneamente e que a eles seria permitido retornar. Uma parte da popula\u00e7\u00e3o armou um acampamento em uma caverna pr\u00f3xima \u00e0 vila original. Mas perceberam que n\u00e3o poderiam voltar, pois viam a constru\u00e7\u00e3o de uma cidade judaica. Os palestinos permaneceram pr\u00f3ximo a sua antiga vila e durante o inc\u00eandio, ficaram a pouqu\u00edssimos metros do fogo\u201d. Tanto a cidade judaica quanto a vila palestina foram evacuadas pelas autoridades israelenses durante o inc\u00eandio.<\/p>\n<p>Aspecto europeu<\/p>\n<p>Al\u00e9m de encobrir a \u201climpeza\u201d feita em localidades palestinas, as florestas de con\u00edferas que comp\u00f5em os parques nacionais serviram tamb\u00e9m para tentar dar a Israel um aspecto mais europeu. O jornalista Max Blumenthal, em artigo no site Electronic Intifada, explicou como isso foi feito no Monte Carmel.<\/p>\n<p>\u201cO FNJ plantou centenas de milhares de \u00e1rvores sobre vilas palestinas ainda rec\u00e9m-destru\u00eddas como al-Tira, ajudando a estabelecer o Parque Nacional Carmel. Uma \u00e1rea da face sul do Monte Carmel lembrava tanto a paisagem do Alpes Su\u00ed\u00e7os que foi apelidada de \u2018Pequena Sui\u00e7a\u2019. Claro, as \u00e1rvores do FNJ eram pouco adapt\u00e1veis ao ambiente da Palestina. A maioria das amostras que o Fundo planta em um lugar como Jerusal\u00e9m simplesmente n\u00e3o sobrevive, e requer planta\u00e7\u00e3o frequente. Em outros lugares, as folhas da con\u00edferas mataram esp\u00e9cies de plantas nativas e causaram dano ao ecossistema. E, como vimos na queimada do Carmel, as chamas das \u00e1rvores do FNJ se espalharam como um pavio inflam\u00e1vel no calor seco\u201d.<\/p>\n<p>De acordo com Blumenthal, que visitou a cidade de Ein Hod, os pr\u00f3prios habitantes reconhecem que ali viviam palestinos. Ao questionar uma israelense se ela sabia que, onde atualmente h\u00e1 um bar, funcionava uma mesquita, ela responde: &#8220;Mas tudo em Israel \u00e9 assim. Esse pa\u00eds inteiro foi criado em cima de vila \u00e1rabes. Ent\u00e3o \u00e9 melhor deixar de lado isso.&#8221;<\/p>\n<p>Em seu livro de mem\u00f3rias, David Ben-Gurion, o primeiro chefe de governo de Israel, escreveu: &#8220;Quando olho pela minha janela e vejo as \u00e1rvores, elas trazem um significado de beleza e encanto pessoal maior do que os que senti na Su\u00ed\u00e7a e na Escandin\u00e1via. Porque cada uma dessas \u00e1rvores foi plantada por n\u00f3s.&#8221;<br \/>\nInvestiga\u00e7\u00e3o<\/p>\n<p>Ap\u00f3s o luto pelas mortes provocadas pelo inc\u00eandio no Monte Carmel, agora as aten\u00e7\u00f5es da m\u00eddia e da popula\u00e7\u00e3o se voltam para a investiga\u00e7\u00e3o dos culpados pelo desastre. E n\u00e3o sobram cr\u00edticas para o governo do primeiro-ministro, Benjamin Netanyahu.<\/p>\n<p>A imprensa do pa\u00eds j\u00e1 chama o inc\u00eandio de a \u201cSegunda Guerra do L\u00edbano\u201d. Em 2006, o ex\u00e9rcito de Israel n\u00e3o conseguiu destruir o grupo Hizbollah, alvo das opera\u00e7\u00f5es. O fracasso foi um dos fatores para a queda do ent\u00e3o primeiro-ministro Ehud Olmert.<\/p>\n<p>Muitos israelenses questionaram a habilidade do governo em lidar com desastres ecol\u00f3gicos. O fogo s\u00f3 foi extinguido ap\u00f3s a ajuda de pa\u00edses da Europa, al\u00e9m de Chipre, Egito, Jord\u00e2nia e Turquia, com quem Israel tem tido estremecimento nas rela\u00e7\u00f5es nos \u00faltimos dois anos. E, por \u00faltimo, carros de bombeiros foram enviados dos territ\u00f3rios ocupados da Palestina.<\/p>\n<p>O chefe da Defesa Civil da cidade de Bel\u00e9m, Ibrahim Ayish, disse \u00e0 ag\u00eancia de not\u00edcias palestina Maan que 21 homens da Cisjord\u00e2nia e quarto carros de bombeiros totalmente equipados estavam ajudando israelenses e as for\u00e7as internacionais que tentavam controlar o fogo perto de Haifa.<\/p>\n<p>Netanyahu pode sair ileso do fiasco, mas o mesmo n\u00e3o pode ser dito de seu ministro de Interior, Eli Yishai. Em relat\u00f3rio do Controlador Geral do Estado, Micha Lindenstrauss, liberado na quarta-feira (08\/12), Yishai foi apontado como principal culpado pela \u201cdeteriora\u00e7\u00e3o e falta de preparo das for\u00e7as de combate a fogo de Israel e dos servi\u00e7os de ajuda de emerg\u00eancia\u201d, informou o jornal israelense Haaretz.<\/p>\n<p>O despreparo custou 41 vidas (guardas prisionais que estavam em um \u00f4nibus preso no inc\u00eandio) e fez 17 mil pessoas serem evacuadas. O preju\u00edzo pode chegar a dois bilh\u00f5es de shekels (cerca de um bilh\u00e3o de reais) entre perdas, reconstru\u00e7\u00f5es de casas, estradas e infraestrutura.<\/p>\n<p>O controlador-geral j\u00e1 apontava em relat\u00f3rio de 2007 que o servi\u00e7o de combate a fogo era o mais fraco entre as for\u00e7as de resgate de Israel. E, em relat\u00f3rio no in\u00edcio deste ano, declarou que a situa\u00e7\u00e3o havia se deteriorado.<\/p>\n<p>O Haaretz pediu em editorial do dia 6 de dezembro a ren\u00fancia do ministro do Interior. \u201cYishai acusa o Ministro das Finan\u00e7as, Yuval Steinitz, e seus oficiais do Tesouro de ignorar suas requisi\u00e7\u00f5es para aumentar a receita de combate a fogo. Mas ele mesmo n\u00e3o mostrou a mesma persist\u00eancia que teveem suas batalhas contra os filhos de trabalhadores migrantes, ou \u00e0 expans\u00e3o dos assentamentos em Jerusal\u00e9m Oriental\u201d.<\/p>\n<p>O controlador n\u00e3o decidiu ainda se far\u00e1 uma investiga\u00e7\u00e3o detalhada sobre o inc\u00eandio do Carmel. Segundo o di\u00e1rio israelense, ele esperar\u00e1 recomenda\u00e7\u00e3o do Comit\u00ea de Aperfei\u00e7oamento dos Servi\u00e7os do Governo para uma investiga\u00e7\u00e3o nacional dos eventos do inc\u00eandio ap\u00f3s a apresenta\u00e7\u00e3o do relat\u00f3rio ao pr\u00f3prio Comit\u00ea.<\/p>\n","protected":false},"excerpt":{"rendered":"<p>Por Arturo Hartmann O tr\u00e1gico inc\u00eandio nas florestas que forravam o Monte Carmel, na cidade israelense de Haifa e que resultou na morte de 41 pessoas e na destrui\u00e7\u00e3o de um patrim\u00f4nio nacional, trouxe \u00e0 tona um tema inc\u00f4modo para a hist\u00f3ria de Israel. No local, nos anos 1940, viviam centenas de fam\u00edlias palestinas, que [&hellip;]<\/p>\n","protected":false},"author":2,"featured_media":0,"comment_status":"open","ping_status":"open","sticky":false,"template":"","format":"standard","meta":{"_acf_changed":false,"footnotes":""},"categories":[4766],"tags":[],"class_list":{"0":"post-392","1":"post","2":"type-post","3":"status-publish","4":"format-standard","6":"category-arquivo"},"acf":[],"yoast_head":"<!-- This site is optimized with the Yoast SEO plugin v26.5 - https:\/\/yoast.com\/wordpress\/plugins\/seo\/ -->\n<title>Megainc\u00eandio florestal revela ru\u00edna de vilas palestinas destru\u00eddas no fim dos anos 1940 - PSOL 50<\/title>\n<meta name=\"robots\" content=\"index, follow, max-snippet:-1, max-image-preview:large, max-video-preview:-1\" \/>\n<link rel=\"canonical\" href=\"https:\/\/psol50.org.br\/megaincendio-florestal-revela-ruina-de-vilas-palestinas-destruidas-no-fim-dos-anos-1940\/\" \/>\n<meta property=\"og:locale\" content=\"pt_BR\" \/>\n<meta property=\"og:type\" content=\"article\" \/>\n<meta property=\"og:title\" content=\"Megainc\u00eandio florestal revela ru\u00edna de vilas palestinas destru\u00eddas no fim dos anos 1940 - PSOL 50\" \/>\n<meta property=\"og:description\" content=\"Por Arturo Hartmann O tr\u00e1gico inc\u00eandio nas florestas que forravam o Monte Carmel, na cidade israelense de Haifa e que resultou na morte de 41 pessoas e na destrui\u00e7\u00e3o de um patrim\u00f4nio nacional, trouxe \u00e0 tona um tema inc\u00f4modo para a hist\u00f3ria de Israel. No local, nos anos 1940, viviam centenas de fam\u00edlias palestinas, que [&hellip;]\" \/>\n<meta property=\"og:url\" content=\"https:\/\/psol50.org.br\/megaincendio-florestal-revela-ruina-de-vilas-palestinas-destruidas-no-fim-dos-anos-1940\/\" \/>\n<meta property=\"og:site_name\" content=\"PSOL 50\" \/>\n<meta property=\"article:publisher\" content=\"https:\/\/www.facebook.com\/psol50\" \/>\n<meta property=\"article:published_time\" content=\"2010-12-14T00:00:00+00:00\" \/>\n<meta property=\"og:image\" content=\"http:\/\/psol50.org.br\/files\/2010\/12\/Placa-aponta-para-a-vila-\u00e1rabe-de-Ein-Hawd-na-regi\u00e3o-de-haifa-em-israel-300x186.jpg\" \/>\n<meta name=\"author\" content=\"Comunica\u00e7\u00e3o PSOL\" \/>\n<meta name=\"twitter:card\" content=\"summary_large_image\" \/>\n<meta name=\"twitter:creator\" content=\"@psol50\" \/>\n<meta name=\"twitter:site\" content=\"@psol50\" \/>\n<meta name=\"twitter:label1\" content=\"Escrito por\" \/>\n\t<meta name=\"twitter:data1\" content=\"Comunica\u00e7\u00e3o PSOL\" \/>\n\t<meta name=\"twitter:label2\" content=\"Est. tempo de leitura\" \/>\n\t<meta name=\"twitter:data2\" content=\"7 minutos\" \/>\n<script type=\"application\/ld+json\" class=\"yoast-schema-graph\">{\"@context\":\"https:\/\/schema.org\",\"@graph\":[{\"@type\":\"Article\",\"@id\":\"https:\/\/psol50.org.br\/megaincendio-florestal-revela-ruina-de-vilas-palestinas-destruidas-no-fim-dos-anos-1940\/#article\",\"isPartOf\":{\"@id\":\"https:\/\/psol50.org.br\/megaincendio-florestal-revela-ruina-de-vilas-palestinas-destruidas-no-fim-dos-anos-1940\/\"},\"author\":{\"name\":\"Comunica\u00e7\u00e3o PSOL\",\"@id\":\"https:\/\/psol50.org.br\/#\/schema\/person\/475dfa57d0b815993c714c2e96491fcd\"},\"headline\":\"Megainc\u00eandio florestal revela ru\u00edna de vilas palestinas destru\u00eddas no fim dos anos 1940\",\"datePublished\":\"2010-12-14T00:00:00+00:00\",\"mainEntityOfPage\":{\"@id\":\"https:\/\/psol50.org.br\/megaincendio-florestal-revela-ruina-de-vilas-palestinas-destruidas-no-fim-dos-anos-1940\/\"},\"wordCount\":1392,\"commentCount\":0,\"publisher\":{\"@id\":\"https:\/\/psol50.org.br\/#organization\"},\"articleSection\":[\"Arquivo\"],\"inLanguage\":\"pt-BR\",\"potentialAction\":[{\"@type\":\"CommentAction\",\"name\":\"Comment\",\"target\":[\"https:\/\/psol50.org.br\/megaincendio-florestal-revela-ruina-de-vilas-palestinas-destruidas-no-fim-dos-anos-1940\/#respond\"]}]},{\"@type\":\"WebPage\",\"@id\":\"https:\/\/psol50.org.br\/megaincendio-florestal-revela-ruina-de-vilas-palestinas-destruidas-no-fim-dos-anos-1940\/\",\"url\":\"https:\/\/psol50.org.br\/megaincendio-florestal-revela-ruina-de-vilas-palestinas-destruidas-no-fim-dos-anos-1940\/\",\"name\":\"Megainc\u00eandio florestal revela ru\u00edna de vilas palestinas destru\u00eddas no fim dos anos 1940 - PSOL 50\",\"isPartOf\":{\"@id\":\"https:\/\/psol50.org.br\/#website\"},\"datePublished\":\"2010-12-14T00:00:00+00:00\",\"breadcrumb\":{\"@id\":\"https:\/\/psol50.org.br\/megaincendio-florestal-revela-ruina-de-vilas-palestinas-destruidas-no-fim-dos-anos-1940\/#breadcrumb\"},\"inLanguage\":\"pt-BR\",\"potentialAction\":[{\"@type\":\"ReadAction\",\"target\":[\"https:\/\/psol50.org.br\/megaincendio-florestal-revela-ruina-de-vilas-palestinas-destruidas-no-fim-dos-anos-1940\/\"]}]},{\"@type\":\"BreadcrumbList\",\"@id\":\"https:\/\/psol50.org.br\/megaincendio-florestal-revela-ruina-de-vilas-palestinas-destruidas-no-fim-dos-anos-1940\/#breadcrumb\",\"itemListElement\":[{\"@type\":\"ListItem\",\"position\":1,\"name\":\"In\u00edcio\",\"item\":\"https:\/\/psol50.org.br\/\"},{\"@type\":\"ListItem\",\"position\":2,\"name\":\"Megainc\u00eandio florestal revela ru\u00edna de vilas palestinas destru\u00eddas no fim dos anos 1940\"}]},{\"@type\":\"WebSite\",\"@id\":\"https:\/\/psol50.org.br\/#website\",\"url\":\"https:\/\/psol50.org.br\/\",\"name\":\"PSOL 50\",\"description\":\"Site oficial do Partido Socialismo e Liberdade\",\"publisher\":{\"@id\":\"https:\/\/psol50.org.br\/#organization\"},\"alternateName\":\"PSOL50\",\"potentialAction\":[{\"@type\":\"SearchAction\",\"target\":{\"@type\":\"EntryPoint\",\"urlTemplate\":\"https:\/\/psol50.org.br\/?s={search_term_string}\"},\"query-input\":{\"@type\":\"PropertyValueSpecification\",\"valueRequired\":true,\"valueName\":\"search_term_string\"}}],\"inLanguage\":\"pt-BR\"},{\"@type\":\"Organization\",\"@id\":\"https:\/\/psol50.org.br\/#organization\",\"name\":\"PSOL 50\",\"alternateName\":\"PSOL 50\",\"url\":\"https:\/\/psol50.org.br\/\",\"logo\":{\"@type\":\"ImageObject\",\"inLanguage\":\"pt-BR\",\"@id\":\"https:\/\/psol50.org.br\/#\/schema\/logo\/image\/\",\"url\":\"https:\/\/psol50.org.br\/inc\/uploads\/2018\/07\/capa.png\",\"contentUrl\":\"https:\/\/psol50.org.br\/inc\/uploads\/2018\/07\/capa.png\",\"width\":1350,\"height\":900,\"caption\":\"PSOL 50\"},\"image\":{\"@id\":\"https:\/\/psol50.org.br\/#\/schema\/logo\/image\/\"},\"sameAs\":[\"https:\/\/www.facebook.com\/psol50\",\"https:\/\/x.com\/psol50\",\"https:\/\/www.instagram.com\/psol50\/\",\"https:\/\/www.youtube.com\/channel\/UC7SnJS5o1os7a6CaiNabzcg\"]},{\"@type\":\"Person\",\"@id\":\"https:\/\/psol50.org.br\/#\/schema\/person\/475dfa57d0b815993c714c2e96491fcd\",\"name\":\"Comunica\u00e7\u00e3o PSOL\",\"image\":{\"@type\":\"ImageObject\",\"inLanguage\":\"pt-BR\",\"@id\":\"https:\/\/psol50.org.br\/#\/schema\/person\/image\/\",\"url\":\"https:\/\/secure.gravatar.com\/avatar\/b34fc4f4e468a4e51785917065a3db57b841f5c95dba6ad8c73aaf8f66f8f9bf?s=96&d=mm&r=g\",\"contentUrl\":\"https:\/\/secure.gravatar.com\/avatar\/b34fc4f4e468a4e51785917065a3db57b841f5c95dba6ad8c73aaf8f66f8f9bf?s=96&d=mm&r=g\",\"caption\":\"Comunica\u00e7\u00e3o PSOL\"}}]}<\/script>\n<!-- \/ Yoast SEO plugin. -->","yoast_head_json":{"title":"Megainc\u00eandio florestal revela ru\u00edna de vilas palestinas destru\u00eddas no fim dos anos 1940 - PSOL 50","robots":{"index":"index","follow":"follow","max-snippet":"max-snippet:-1","max-image-preview":"max-image-preview:large","max-video-preview":"max-video-preview:-1"},"canonical":"https:\/\/psol50.org.br\/megaincendio-florestal-revela-ruina-de-vilas-palestinas-destruidas-no-fim-dos-anos-1940\/","og_locale":"pt_BR","og_type":"article","og_title":"Megainc\u00eandio florestal revela ru\u00edna de vilas palestinas destru\u00eddas no fim dos anos 1940 - PSOL 50","og_description":"Por Arturo Hartmann O tr\u00e1gico inc\u00eandio nas florestas que forravam o Monte Carmel, na cidade israelense de Haifa e que resultou na morte de 41 pessoas e na destrui\u00e7\u00e3o de um patrim\u00f4nio nacional, trouxe \u00e0 tona um tema inc\u00f4modo para a hist\u00f3ria de Israel. No local, nos anos 1940, viviam centenas de fam\u00edlias palestinas, que [&hellip;]","og_url":"https:\/\/psol50.org.br\/megaincendio-florestal-revela-ruina-de-vilas-palestinas-destruidas-no-fim-dos-anos-1940\/","og_site_name":"PSOL 50","article_publisher":"https:\/\/www.facebook.com\/psol50","article_published_time":"2010-12-14T00:00:00+00:00","og_image":[{"url":"http:\/\/psol50.org.br\/files\/2010\/12\/Placa-aponta-para-a-vila-\u00e1rabe-de-Ein-Hawd-na-regi\u00e3o-de-haifa-em-israel-300x186.jpg","type":"","width":"","height":""}],"author":"Comunica\u00e7\u00e3o PSOL","twitter_card":"summary_large_image","twitter_creator":"@psol50","twitter_site":"@psol50","twitter_misc":{"Escrito por":"Comunica\u00e7\u00e3o PSOL","Est. tempo de leitura":"7 minutos"},"schema":{"@context":"https:\/\/schema.org","@graph":[{"@type":"Article","@id":"https:\/\/psol50.org.br\/megaincendio-florestal-revela-ruina-de-vilas-palestinas-destruidas-no-fim-dos-anos-1940\/#article","isPartOf":{"@id":"https:\/\/psol50.org.br\/megaincendio-florestal-revela-ruina-de-vilas-palestinas-destruidas-no-fim-dos-anos-1940\/"},"author":{"name":"Comunica\u00e7\u00e3o PSOL","@id":"https:\/\/psol50.org.br\/#\/schema\/person\/475dfa57d0b815993c714c2e96491fcd"},"headline":"Megainc\u00eandio florestal revela ru\u00edna de vilas palestinas destru\u00eddas no fim dos anos 1940","datePublished":"2010-12-14T00:00:00+00:00","mainEntityOfPage":{"@id":"https:\/\/psol50.org.br\/megaincendio-florestal-revela-ruina-de-vilas-palestinas-destruidas-no-fim-dos-anos-1940\/"},"wordCount":1392,"commentCount":0,"publisher":{"@id":"https:\/\/psol50.org.br\/#organization"},"articleSection":["Arquivo"],"inLanguage":"pt-BR","potentialAction":[{"@type":"CommentAction","name":"Comment","target":["https:\/\/psol50.org.br\/megaincendio-florestal-revela-ruina-de-vilas-palestinas-destruidas-no-fim-dos-anos-1940\/#respond"]}]},{"@type":"WebPage","@id":"https:\/\/psol50.org.br\/megaincendio-florestal-revela-ruina-de-vilas-palestinas-destruidas-no-fim-dos-anos-1940\/","url":"https:\/\/psol50.org.br\/megaincendio-florestal-revela-ruina-de-vilas-palestinas-destruidas-no-fim-dos-anos-1940\/","name":"Megainc\u00eandio florestal revela ru\u00edna de vilas palestinas destru\u00eddas no fim dos anos 1940 - PSOL 50","isPartOf":{"@id":"https:\/\/psol50.org.br\/#website"},"datePublished":"2010-12-14T00:00:00+00:00","breadcrumb":{"@id":"https:\/\/psol50.org.br\/megaincendio-florestal-revela-ruina-de-vilas-palestinas-destruidas-no-fim-dos-anos-1940\/#breadcrumb"},"inLanguage":"pt-BR","potentialAction":[{"@type":"ReadAction","target":["https:\/\/psol50.org.br\/megaincendio-florestal-revela-ruina-de-vilas-palestinas-destruidas-no-fim-dos-anos-1940\/"]}]},{"@type":"BreadcrumbList","@id":"https:\/\/psol50.org.br\/megaincendio-florestal-revela-ruina-de-vilas-palestinas-destruidas-no-fim-dos-anos-1940\/#breadcrumb","itemListElement":[{"@type":"ListItem","position":1,"name":"In\u00edcio","item":"https:\/\/psol50.org.br\/"},{"@type":"ListItem","position":2,"name":"Megainc\u00eandio florestal revela ru\u00edna de vilas palestinas destru\u00eddas no fim dos anos 1940"}]},{"@type":"WebSite","@id":"https:\/\/psol50.org.br\/#website","url":"https:\/\/psol50.org.br\/","name":"PSOL 50","description":"Site oficial do Partido Socialismo e Liberdade","publisher":{"@id":"https:\/\/psol50.org.br\/#organization"},"alternateName":"PSOL50","potentialAction":[{"@type":"SearchAction","target":{"@type":"EntryPoint","urlTemplate":"https:\/\/psol50.org.br\/?s={search_term_string}"},"query-input":{"@type":"PropertyValueSpecification","valueRequired":true,"valueName":"search_term_string"}}],"inLanguage":"pt-BR"},{"@type":"Organization","@id":"https:\/\/psol50.org.br\/#organization","name":"PSOL 50","alternateName":"PSOL 50","url":"https:\/\/psol50.org.br\/","logo":{"@type":"ImageObject","inLanguage":"pt-BR","@id":"https:\/\/psol50.org.br\/#\/schema\/logo\/image\/","url":"https:\/\/psol50.org.br\/inc\/uploads\/2018\/07\/capa.png","contentUrl":"https:\/\/psol50.org.br\/inc\/uploads\/2018\/07\/capa.png","width":1350,"height":900,"caption":"PSOL 50"},"image":{"@id":"https:\/\/psol50.org.br\/#\/schema\/logo\/image\/"},"sameAs":["https:\/\/www.facebook.com\/psol50","https:\/\/x.com\/psol50","https:\/\/www.instagram.com\/psol50\/","https:\/\/www.youtube.com\/channel\/UC7SnJS5o1os7a6CaiNabzcg"]},{"@type":"Person","@id":"https:\/\/psol50.org.br\/#\/schema\/person\/475dfa57d0b815993c714c2e96491fcd","name":"Comunica\u00e7\u00e3o PSOL","image":{"@type":"ImageObject","inLanguage":"pt-BR","@id":"https:\/\/psol50.org.br\/#\/schema\/person\/image\/","url":"https:\/\/secure.gravatar.com\/avatar\/b34fc4f4e468a4e51785917065a3db57b841f5c95dba6ad8c73aaf8f66f8f9bf?s=96&d=mm&r=g","contentUrl":"https:\/\/secure.gravatar.com\/avatar\/b34fc4f4e468a4e51785917065a3db57b841f5c95dba6ad8c73aaf8f66f8f9bf?s=96&d=mm&r=g","caption":"Comunica\u00e7\u00e3o PSOL"}}]}},"_links":{"self":[{"href":"https:\/\/psol50.org.br\/rest\/wp\/v2\/posts\/392","targetHints":{"allow":["GET"]}}],"collection":[{"href":"https:\/\/psol50.org.br\/rest\/wp\/v2\/posts"}],"about":[{"href":"https:\/\/psol50.org.br\/rest\/wp\/v2\/types\/post"}],"author":[{"embeddable":true,"href":"https:\/\/psol50.org.br\/rest\/wp\/v2\/users\/2"}],"replies":[{"embeddable":true,"href":"https:\/\/psol50.org.br\/rest\/wp\/v2\/comments?post=392"}],"version-history":[{"count":0,"href":"https:\/\/psol50.org.br\/rest\/wp\/v2\/posts\/392\/revisions"}],"wp:attachment":[{"href":"https:\/\/psol50.org.br\/rest\/wp\/v2\/media?parent=392"}],"wp:term":[{"taxonomy":"category","embeddable":true,"href":"https:\/\/psol50.org.br\/rest\/wp\/v2\/categories?post=392"},{"taxonomy":"post_tag","embeddable":true,"href":"https:\/\/psol50.org.br\/rest\/wp\/v2\/tags?post=392"}],"curies":[{"name":"wp","href":"https:\/\/api.w.org\/{rel}","templated":true}]}}