{"id":39208,"date":"2024-03-22T11:12:22","date_gmt":"2024-03-22T14:12:22","guid":{"rendered":"https:\/\/psol50.org.br\/?p=39208"},"modified":"2024-03-25T11:26:01","modified_gmt":"2024-03-25T14:26:01","slug":"confira-a-agenda-de-atos-deste-sabado-23-pelo-brasil-em-defesa-da-democracia","status":"publish","type":"post","link":"https:\/\/psol50.org.br\/confira-a-agenda-de-atos-deste-sabado-23-pelo-brasil-em-defesa-da-democracia\/","title":{"rendered":"Confira a agenda de atos deste s\u00e1bado (23) pelo Brasil em defesa da democracia"},"content":{"rendered":"<p>O pr\u00f3ximo s\u00e1bado (23) \u00e9 dia de defender a democracia brasileira nas ruas contra a extrema direita que, como est\u00e1 cada dia mais comprovado, tentou dar um golpe de Estado ap\u00f3s as elei\u00e7\u00f5es de 2022 para impedir a posse do presidente Lula.<\/p>\n<p>A convoca\u00e7\u00e3o das manifesta\u00e7\u00f5es deste 23 de mar\u00e7o \u00e9 feita pelos partidos, movimentos sociais e centrais sindicais que fazem parte das Frentes Povo Sem Medo e Brasil Popular.<\/p>\n<p>As manifesta\u00e7\u00f5es tamb\u00e9m lembrar\u00e3o os 60 anos do golpe militar de 1964, pedir\u00e3o puni\u00e7\u00e3o aos golpistas e o fim do genoc\u00eddio que acontece na Palestina.<\/p>\n<h5><strong>Encontre abaixo a manifesta\u00e7\u00e3o mais pr\u00f3xima de voc\u00ea e participe em defesa da democracia:<\/strong><\/h5>\n<p><strong>S\u00e3o Paulo (SP) <\/strong>&#8211; Largo S\u00e3o Francisco, \u00e0s 15h<strong><br \/>\nBel\u00e9m (PA)<\/strong>\u00a0&#8211; Escadinha do Cais, \u00e0s 9h<br \/>\n<strong>Rio de Janeiro (RJ),<\/strong> Rua Uruguaiana x Avenida Presidente Vargas, \u00e0s 10h<br \/>\n<strong>Bras\u00edlia (DF)<\/strong>\u00a0\u2013 Funarte, \u00e0s 16h<br \/>\n<strong>Porto Alegre (RS)<\/strong>\u00a0\u2013 Largo Gl\u00eanio Peres, com caminhada at\u00e9 usina do Gas\u00f4metro, \u00e0s 15h<br \/>\n<strong>Salvador (BA)<\/strong>\u00a0&#8211; Largo do Pelourinho, \u00e0s 15h<br \/>\n<strong>Recife (PE)<\/strong>\u00a0&#8211; Pra\u00e7a do Derby, \u00e0s 10h<br \/>\n<strong>Belo Horizonte (MG)<\/strong>\u00a0&#8211; Pra\u00e7a Afonso Arinos, \u00e0s 9h<br \/>\n<strong>Fortaleza (CE)<\/strong> &#8211; Pra\u00e7a do Ferreira, \u00e0s 8h30<br \/>\n<strong>Vit\u00f3ria (ES)<\/strong>\u00a0&#8211; Pra\u00e7a Vermelha, \u00e0s 9h<br \/>\n<strong>Curitiba (PR) &#8211;\u00a0<\/strong>Pra\u00e7a Santos Andrade at\u00e9 a Boca Maldita, \u00e0s 9h<br \/>\n<strong>Goi\u00e2nia (GO)<\/strong>\u00a0&#8211; Pra\u00e7a C\u00edvica, Setor Central, \u00e0s 14h<br \/>\n<strong>Jo\u00e3o Pessoa (PB)<\/strong> &#8211; Pra\u00e7a da Lagoa, \u00e0s 15h<br \/>\n<strong>Campo Grande (MS) &#8211;<\/strong>\u00a0Pra\u00e7a do R\u00e1dio, \u00e0s 9h<br \/>\n<strong>Boa Vista (RR)<\/strong> &#8211; Pra\u00e7a Germano Sampaio (Pintol\u00e2ndia), \u00e0s 17h<br \/>\n<strong>Porto Velho (RO)<\/strong>\u00a0&#8211; Pra\u00e7a Marechal Rondon (Ba\u00fa), \u00e0s 17h30<br \/>\n<strong>S\u00e3o Lu\u00eds (MA)<\/strong>\u00a0&#8211; Pra\u00e7a Deodoro, \u00e0s 9h<br \/>\n<strong>Osasco (SP)<\/strong>\u00a0&#8211;\u00a0Cal\u00e7ad\u00e3o em frente ao Shopping, \u00e0s 13h<\/p>\n<h5><strong>No Exterior<\/strong><\/h5>\n<p><strong>Barcelona (Espanha)<\/strong>\u00a0&#8211; Calle Rocafort, 242, \u00e0s 14h<br \/>\n<strong>Lisboa (Portugal)<\/strong>\u00a0&#8211; Pra\u00e7a Lu\u00eds de Cam\u00f5es, \u00e0s 10h30<\/p>\n","protected":false},"excerpt":{"rendered":"<p>O pr\u00f3ximo s\u00e1bado (23) \u00e9 dia de defender a democracia brasileira nas ruas contra a extrema direita que, como est\u00e1 cada dia mais comprovado, tentou dar um golpe de Estado ap\u00f3s as elei\u00e7\u00f5es de 2022 para impedir a posse do presidente Lula. A convoca\u00e7\u00e3o das manifesta\u00e7\u00f5es deste 23 de mar\u00e7o \u00e9 feita pelos partidos, movimentos [&hellip;]<\/p>\n","protected":false},"author":2,"featured_media":39093,"comment_status":"closed","ping_status":"open","sticky":false,"template":"","format":"standard","meta":{"_acf_changed":false,"footnotes":""},"categories":[1882],"tags":[4825],"class_list":{"0":"post-39208","1":"post","2":"type-post","3":"status-publish","4":"format-standard","5":"has-post-thumbnail","7":"category-brasil","8":"tag-noticias"},"acf":[],"yoast_head":"<!-- This site is optimized with the Yoast SEO plugin v26.5 - https:\/\/yoast.com\/wordpress\/plugins\/seo\/ -->\n<title>Confira a agenda de atos deste s\u00e1bado (23) pelo Brasil em defesa da democracia<\/title>\n<meta name=\"description\" content=\"Mais de 20 cidades brasileiras, e at\u00e9 no exterior, ter\u00e3o manifesta\u00e7\u00f5es para defender a democracia brasileira contra a extrema-direita.\" \/>\n<meta name=\"robots\" content=\"index, follow, max-snippet:-1, max-image-preview:large, max-video-preview:-1\" \/>\n<link rel=\"canonical\" href=\"https:\/\/psol50.org.br\/confira-a-agenda-de-atos-deste-sabado-23-pelo-brasil-em-defesa-da-democracia\/\" \/>\n<meta property=\"og:locale\" content=\"pt_BR\" \/>\n<meta property=\"og:type\" content=\"article\" \/>\n<meta property=\"og:title\" content=\"Confira a agenda de atos deste s\u00e1bado (23) pelo Brasil em defesa da democracia\" \/>\n<meta property=\"og:description\" content=\"Mais de 20 cidades brasileiras, e at\u00e9 no exterior, ter\u00e3o manifesta\u00e7\u00f5es para defender a democracia brasileira contra a extrema-direita.\" \/>\n<meta property=\"og:url\" content=\"https:\/\/psol50.org.br\/confira-a-agenda-de-atos-deste-sabado-23-pelo-brasil-em-defesa-da-democracia\/\" \/>\n<meta property=\"og:site_name\" content=\"PSOL 50\" \/>\n<meta property=\"article:publisher\" content=\"https:\/\/www.facebook.com\/psol50\" \/>\n<meta property=\"article:published_time\" content=\"2024-03-22T14:12:22+00:00\" \/>\n<meta property=\"article:modified_time\" content=\"2024-03-25T14:26:01+00:00\" \/>\n<meta property=\"og:image\" content=\"https:\/\/psol50.org.br\/inc\/uploads\/2024\/02\/lula-paulista-848x477-1.jpeg\" \/>\n\t<meta property=\"og:image:width\" content=\"848\" \/>\n\t<meta property=\"og:image:height\" content=\"477\" \/>\n\t<meta property=\"og:image:type\" content=\"image\/jpeg\" \/>\n<meta name=\"author\" content=\"Comunica\u00e7\u00e3o PSOL\" \/>\n<meta name=\"twitter:card\" content=\"summary_large_image\" \/>\n<meta name=\"twitter:creator\" content=\"@psol50\" \/>\n<meta name=\"twitter:site\" content=\"@psol50\" \/>\n<meta name=\"twitter:label1\" content=\"Escrito por\" \/>\n\t<meta name=\"twitter:data1\" content=\"Comunica\u00e7\u00e3o PSOL\" \/>\n\t<meta name=\"twitter:label2\" content=\"Est. tempo de leitura\" \/>\n\t<meta name=\"twitter:data2\" content=\"2 minutos\" \/>\n<script type=\"application\/ld+json\" class=\"yoast-schema-graph\">{\"@context\":\"https:\/\/schema.org\",\"@graph\":[{\"@type\":\"Article\",\"@id\":\"https:\/\/psol50.org.br\/confira-a-agenda-de-atos-deste-sabado-23-pelo-brasil-em-defesa-da-democracia\/#article\",\"isPartOf\":{\"@id\":\"https:\/\/psol50.org.br\/confira-a-agenda-de-atos-deste-sabado-23-pelo-brasil-em-defesa-da-democracia\/\"},\"author\":{\"name\":\"Comunica\u00e7\u00e3o PSOL\",\"@id\":\"https:\/\/psol50.org.br\/#\/schema\/person\/475dfa57d0b815993c714c2e96491fcd\"},\"headline\":\"Confira a agenda de atos deste s\u00e1bado (23) pelo Brasil em defesa da democracia\",\"datePublished\":\"2024-03-22T14:12:22+00:00\",\"dateModified\":\"2024-03-25T14:26:01+00:00\",\"mainEntityOfPage\":{\"@id\":\"https:\/\/psol50.org.br\/confira-a-agenda-de-atos-deste-sabado-23-pelo-brasil-em-defesa-da-democracia\/\"},\"wordCount\":344,\"publisher\":{\"@id\":\"https:\/\/psol50.org.br\/#organization\"},\"image\":{\"@id\":\"https:\/\/psol50.org.br\/confira-a-agenda-de-atos-deste-sabado-23-pelo-brasil-em-defesa-da-democracia\/#primaryimage\"},\"thumbnailUrl\":\"https:\/\/psol50.org.br\/inc\/uploads\/2024\/02\/lula-paulista-848x477-1.jpeg\",\"keywords\":[\"Not\u00edcias\"],\"articleSection\":[\"Brasil\"],\"inLanguage\":\"pt-BR\"},{\"@type\":\"WebPage\",\"@id\":\"https:\/\/psol50.org.br\/confira-a-agenda-de-atos-deste-sabado-23-pelo-brasil-em-defesa-da-democracia\/\",\"url\":\"https:\/\/psol50.org.br\/confira-a-agenda-de-atos-deste-sabado-23-pelo-brasil-em-defesa-da-democracia\/\",\"name\":\"Confira a agenda de atos deste s\u00e1bado (23) pelo Brasil em defesa da democracia\",\"isPartOf\":{\"@id\":\"https:\/\/psol50.org.br\/#website\"},\"primaryImageOfPage\":{\"@id\":\"https:\/\/psol50.org.br\/confira-a-agenda-de-atos-deste-sabado-23-pelo-brasil-em-defesa-da-democracia\/#primaryimage\"},\"image\":{\"@id\":\"https:\/\/psol50.org.br\/confira-a-agenda-de-atos-deste-sabado-23-pelo-brasil-em-defesa-da-democracia\/#primaryimage\"},\"thumbnailUrl\":\"https:\/\/psol50.org.br\/inc\/uploads\/2024\/02\/lula-paulista-848x477-1.jpeg\",\"datePublished\":\"2024-03-22T14:12:22+00:00\",\"dateModified\":\"2024-03-25T14:26:01+00:00\",\"description\":\"Mais de 20 cidades brasileiras, e at\u00e9 no exterior, ter\u00e3o manifesta\u00e7\u00f5es para defender a democracia brasileira contra a extrema-direita.\",\"breadcrumb\":{\"@id\":\"https:\/\/psol50.org.br\/confira-a-agenda-de-atos-deste-sabado-23-pelo-brasil-em-defesa-da-democracia\/#breadcrumb\"},\"inLanguage\":\"pt-BR\",\"potentialAction\":[{\"@type\":\"ReadAction\",\"target\":[\"https:\/\/psol50.org.br\/confira-a-agenda-de-atos-deste-sabado-23-pelo-brasil-em-defesa-da-democracia\/\"]}]},{\"@type\":\"ImageObject\",\"inLanguage\":\"pt-BR\",\"@id\":\"https:\/\/psol50.org.br\/confira-a-agenda-de-atos-deste-sabado-23-pelo-brasil-em-defesa-da-democracia\/#primaryimage\",\"url\":\"https:\/\/psol50.org.br\/inc\/uploads\/2024\/02\/lula-paulista-848x477-1.jpeg\",\"contentUrl\":\"https:\/\/psol50.org.br\/inc\/uploads\/2024\/02\/lula-paulista-848x477-1.jpeg\",\"width\":848,\"height\":477,\"caption\":\"Foto: Ricardo Stuckert\"},{\"@type\":\"BreadcrumbList\",\"@id\":\"https:\/\/psol50.org.br\/confira-a-agenda-de-atos-deste-sabado-23-pelo-brasil-em-defesa-da-democracia\/#breadcrumb\",\"itemListElement\":[{\"@type\":\"ListItem\",\"position\":1,\"name\":\"In\u00edcio\",\"item\":\"https:\/\/psol50.org.br\/\"},{\"@type\":\"ListItem\",\"position\":2,\"name\":\"Confira a agenda de atos deste s\u00e1bado (23) pelo Brasil em defesa da democracia\"}]},{\"@type\":\"WebSite\",\"@id\":\"https:\/\/psol50.org.br\/#website\",\"url\":\"https:\/\/psol50.org.br\/\",\"name\":\"PSOL 50\",\"description\":\"Site oficial do Partido Socialismo e Liberdade\",\"publisher\":{\"@id\":\"https:\/\/psol50.org.br\/#organization\"},\"alternateName\":\"PSOL50\",\"potentialAction\":[{\"@type\":\"SearchAction\",\"target\":{\"@type\":\"EntryPoint\",\"urlTemplate\":\"https:\/\/psol50.org.br\/?s={search_term_string}\"},\"query-input\":{\"@type\":\"PropertyValueSpecification\",\"valueRequired\":true,\"valueName\":\"search_term_string\"}}],\"inLanguage\":\"pt-BR\"},{\"@type\":\"Organization\",\"@id\":\"https:\/\/psol50.org.br\/#organization\",\"name\":\"PSOL 50\",\"alternateName\":\"PSOL 50\",\"url\":\"https:\/\/psol50.org.br\/\",\"logo\":{\"@type\":\"ImageObject\",\"inLanguage\":\"pt-BR\",\"@id\":\"https:\/\/psol50.org.br\/#\/schema\/logo\/image\/\",\"url\":\"https:\/\/psol50.org.br\/inc\/uploads\/2018\/07\/capa.png\",\"contentUrl\":\"https:\/\/psol50.org.br\/inc\/uploads\/2018\/07\/capa.png\",\"width\":1350,\"height\":900,\"caption\":\"PSOL 50\"},\"image\":{\"@id\":\"https:\/\/psol50.org.br\/#\/schema\/logo\/image\/\"},\"sameAs\":[\"https:\/\/www.facebook.com\/psol50\",\"https:\/\/x.com\/psol50\",\"https:\/\/www.instagram.com\/psol50\/\",\"https:\/\/www.youtube.com\/channel\/UC7SnJS5o1os7a6CaiNabzcg\"]},{\"@type\":\"Person\",\"@id\":\"https:\/\/psol50.org.br\/#\/schema\/person\/475dfa57d0b815993c714c2e96491fcd\",\"name\":\"Comunica\u00e7\u00e3o PSOL\",\"image\":{\"@type\":\"ImageObject\",\"inLanguage\":\"pt-BR\",\"@id\":\"https:\/\/psol50.org.br\/#\/schema\/person\/image\/\",\"url\":\"https:\/\/secure.gravatar.com\/avatar\/b34fc4f4e468a4e51785917065a3db57b841f5c95dba6ad8c73aaf8f66f8f9bf?s=96&d=mm&r=g\",\"contentUrl\":\"https:\/\/secure.gravatar.com\/avatar\/b34fc4f4e468a4e51785917065a3db57b841f5c95dba6ad8c73aaf8f66f8f9bf?s=96&d=mm&r=g\",\"caption\":\"Comunica\u00e7\u00e3o PSOL\"}}]}<\/script>\n<!-- \/ Yoast SEO plugin. -->","yoast_head_json":{"title":"Confira a agenda de atos deste s\u00e1bado (23) pelo Brasil em defesa da democracia","description":"Mais de 20 cidades brasileiras, e at\u00e9 no exterior, ter\u00e3o manifesta\u00e7\u00f5es para defender a democracia brasileira contra a extrema-direita.","robots":{"index":"index","follow":"follow","max-snippet":"max-snippet:-1","max-image-preview":"max-image-preview:large","max-video-preview":"max-video-preview:-1"},"canonical":"https:\/\/psol50.org.br\/confira-a-agenda-de-atos-deste-sabado-23-pelo-brasil-em-defesa-da-democracia\/","og_locale":"pt_BR","og_type":"article","og_title":"Confira a agenda de atos deste s\u00e1bado (23) pelo Brasil em defesa da democracia","og_description":"Mais de 20 cidades brasileiras, e at\u00e9 no exterior, ter\u00e3o manifesta\u00e7\u00f5es para defender a democracia brasileira contra a extrema-direita.","og_url":"https:\/\/psol50.org.br\/confira-a-agenda-de-atos-deste-sabado-23-pelo-brasil-em-defesa-da-democracia\/","og_site_name":"PSOL 50","article_publisher":"https:\/\/www.facebook.com\/psol50","article_published_time":"2024-03-22T14:12:22+00:00","article_modified_time":"2024-03-25T14:26:01+00:00","og_image":[{"width":848,"height":477,"url":"https:\/\/psol50.org.br\/inc\/uploads\/2024\/02\/lula-paulista-848x477-1.jpeg","type":"image\/jpeg"}],"author":"Comunica\u00e7\u00e3o PSOL","twitter_card":"summary_large_image","twitter_creator":"@psol50","twitter_site":"@psol50","twitter_misc":{"Escrito por":"Comunica\u00e7\u00e3o PSOL","Est. tempo de leitura":"2 minutos"},"schema":{"@context":"https:\/\/schema.org","@graph":[{"@type":"Article","@id":"https:\/\/psol50.org.br\/confira-a-agenda-de-atos-deste-sabado-23-pelo-brasil-em-defesa-da-democracia\/#article","isPartOf":{"@id":"https:\/\/psol50.org.br\/confira-a-agenda-de-atos-deste-sabado-23-pelo-brasil-em-defesa-da-democracia\/"},"author":{"name":"Comunica\u00e7\u00e3o PSOL","@id":"https:\/\/psol50.org.br\/#\/schema\/person\/475dfa57d0b815993c714c2e96491fcd"},"headline":"Confira a agenda de atos deste s\u00e1bado (23) pelo Brasil em defesa da democracia","datePublished":"2024-03-22T14:12:22+00:00","dateModified":"2024-03-25T14:26:01+00:00","mainEntityOfPage":{"@id":"https:\/\/psol50.org.br\/confira-a-agenda-de-atos-deste-sabado-23-pelo-brasil-em-defesa-da-democracia\/"},"wordCount":344,"publisher":{"@id":"https:\/\/psol50.org.br\/#organization"},"image":{"@id":"https:\/\/psol50.org.br\/confira-a-agenda-de-atos-deste-sabado-23-pelo-brasil-em-defesa-da-democracia\/#primaryimage"},"thumbnailUrl":"https:\/\/psol50.org.br\/inc\/uploads\/2024\/02\/lula-paulista-848x477-1.jpeg","keywords":["Not\u00edcias"],"articleSection":["Brasil"],"inLanguage":"pt-BR"},{"@type":"WebPage","@id":"https:\/\/psol50.org.br\/confira-a-agenda-de-atos-deste-sabado-23-pelo-brasil-em-defesa-da-democracia\/","url":"https:\/\/psol50.org.br\/confira-a-agenda-de-atos-deste-sabado-23-pelo-brasil-em-defesa-da-democracia\/","name":"Confira a agenda de atos deste s\u00e1bado (23) pelo Brasil em defesa da democracia","isPartOf":{"@id":"https:\/\/psol50.org.br\/#website"},"primaryImageOfPage":{"@id":"https:\/\/psol50.org.br\/confira-a-agenda-de-atos-deste-sabado-23-pelo-brasil-em-defesa-da-democracia\/#primaryimage"},"image":{"@id":"https:\/\/psol50.org.br\/confira-a-agenda-de-atos-deste-sabado-23-pelo-brasil-em-defesa-da-democracia\/#primaryimage"},"thumbnailUrl":"https:\/\/psol50.org.br\/inc\/uploads\/2024\/02\/lula-paulista-848x477-1.jpeg","datePublished":"2024-03-22T14:12:22+00:00","dateModified":"2024-03-25T14:26:01+00:00","description":"Mais de 20 cidades brasileiras, e at\u00e9 no exterior, ter\u00e3o manifesta\u00e7\u00f5es para defender a democracia brasileira contra a extrema-direita.","breadcrumb":{"@id":"https:\/\/psol50.org.br\/confira-a-agenda-de-atos-deste-sabado-23-pelo-brasil-em-defesa-da-democracia\/#breadcrumb"},"inLanguage":"pt-BR","potentialAction":[{"@type":"ReadAction","target":["https:\/\/psol50.org.br\/confira-a-agenda-de-atos-deste-sabado-23-pelo-brasil-em-defesa-da-democracia\/"]}]},{"@type":"ImageObject","inLanguage":"pt-BR","@id":"https:\/\/psol50.org.br\/confira-a-agenda-de-atos-deste-sabado-23-pelo-brasil-em-defesa-da-democracia\/#primaryimage","url":"https:\/\/psol50.org.br\/inc\/uploads\/2024\/02\/lula-paulista-848x477-1.jpeg","contentUrl":"https:\/\/psol50.org.br\/inc\/uploads\/2024\/02\/lula-paulista-848x477-1.jpeg","width":848,"height":477,"caption":"Foto: Ricardo Stuckert"},{"@type":"BreadcrumbList","@id":"https:\/\/psol50.org.br\/confira-a-agenda-de-atos-deste-sabado-23-pelo-brasil-em-defesa-da-democracia\/#breadcrumb","itemListElement":[{"@type":"ListItem","position":1,"name":"In\u00edcio","item":"https:\/\/psol50.org.br\/"},{"@type":"ListItem","position":2,"name":"Confira a agenda de atos deste s\u00e1bado (23) pelo Brasil em defesa da democracia"}]},{"@type":"WebSite","@id":"https:\/\/psol50.org.br\/#website","url":"https:\/\/psol50.org.br\/","name":"PSOL 50","description":"Site oficial do Partido Socialismo e Liberdade","publisher":{"@id":"https:\/\/psol50.org.br\/#organization"},"alternateName":"PSOL50","potentialAction":[{"@type":"SearchAction","target":{"@type":"EntryPoint","urlTemplate":"https:\/\/psol50.org.br\/?s={search_term_string}"},"query-input":{"@type":"PropertyValueSpecification","valueRequired":true,"valueName":"search_term_string"}}],"inLanguage":"pt-BR"},{"@type":"Organization","@id":"https:\/\/psol50.org.br\/#organization","name":"PSOL 50","alternateName":"PSOL 50","url":"https:\/\/psol50.org.br\/","logo":{"@type":"ImageObject","inLanguage":"pt-BR","@id":"https:\/\/psol50.org.br\/#\/schema\/logo\/image\/","url":"https:\/\/psol50.org.br\/inc\/uploads\/2018\/07\/capa.png","contentUrl":"https:\/\/psol50.org.br\/inc\/uploads\/2018\/07\/capa.png","width":1350,"height":900,"caption":"PSOL 50"},"image":{"@id":"https:\/\/psol50.org.br\/#\/schema\/logo\/image\/"},"sameAs":["https:\/\/www.facebook.com\/psol50","https:\/\/x.com\/psol50","https:\/\/www.instagram.com\/psol50\/","https:\/\/www.youtube.com\/channel\/UC7SnJS5o1os7a6CaiNabzcg"]},{"@type":"Person","@id":"https:\/\/psol50.org.br\/#\/schema\/person\/475dfa57d0b815993c714c2e96491fcd","name":"Comunica\u00e7\u00e3o PSOL","image":{"@type":"ImageObject","inLanguage":"pt-BR","@id":"https:\/\/psol50.org.br\/#\/schema\/person\/image\/","url":"https:\/\/secure.gravatar.com\/avatar\/b34fc4f4e468a4e51785917065a3db57b841f5c95dba6ad8c73aaf8f66f8f9bf?s=96&d=mm&r=g","contentUrl":"https:\/\/secure.gravatar.com\/avatar\/b34fc4f4e468a4e51785917065a3db57b841f5c95dba6ad8c73aaf8f66f8f9bf?s=96&d=mm&r=g","caption":"Comunica\u00e7\u00e3o PSOL"}}]}},"_links":{"self":[{"href":"https:\/\/psol50.org.br\/rest\/wp\/v2\/posts\/39208","targetHints":{"allow":["GET"]}}],"collection":[{"href":"https:\/\/psol50.org.br\/rest\/wp\/v2\/posts"}],"about":[{"href":"https:\/\/psol50.org.br\/rest\/wp\/v2\/types\/post"}],"author":[{"embeddable":true,"href":"https:\/\/psol50.org.br\/rest\/wp\/v2\/users\/2"}],"replies":[{"embeddable":true,"href":"https:\/\/psol50.org.br\/rest\/wp\/v2\/comments?post=39208"}],"version-history":[{"count":1,"href":"https:\/\/psol50.org.br\/rest\/wp\/v2\/posts\/39208\/revisions"}],"predecessor-version":[{"id":39209,"href":"https:\/\/psol50.org.br\/rest\/wp\/v2\/posts\/39208\/revisions\/39209"}],"wp:featuredmedia":[{"embeddable":true,"href":"https:\/\/psol50.org.br\/rest\/wp\/v2\/media\/39093"}],"wp:attachment":[{"href":"https:\/\/psol50.org.br\/rest\/wp\/v2\/media?parent=39208"}],"wp:term":[{"taxonomy":"category","embeddable":true,"href":"https:\/\/psol50.org.br\/rest\/wp\/v2\/categories?post=39208"},{"taxonomy":"post_tag","embeddable":true,"href":"https:\/\/psol50.org.br\/rest\/wp\/v2\/tags?post=39208"}],"curies":[{"name":"wp","href":"https:\/\/api.w.org\/{rel}","templated":true}]}}