{"id":39217,"date":"2024-03-25T11:06:14","date_gmt":"2024-03-25T14:06:14","guid":{"rendered":"https:\/\/psol50.org.br\/?p=39217"},"modified":"2024-03-26T17:21:18","modified_gmt":"2024-03-26T20:21:18","slug":"nota-de-pesar-do-psol-brigitte-garcia-a-mais-jovem-prefeita-do-equador-e-assassinada-a-tiros","status":"publish","type":"post","link":"https:\/\/psol50.org.br\/nota-de-pesar-do-psol-brigitte-garcia-a-mais-jovem-prefeita-do-equador-e-assassinada-a-tiros\/","title":{"rendered":"Nota de pesar do PSOL: Brigitte Garcia, a mais jovem prefeita do Equador, \u00e9 assassinada a tiros"},"content":{"rendered":"<p>Hoje o PSOL chora pelo assassinato de Brigitte Garcia, a mais jovem prefeita do Equador, e Jairo Loor, seu assessor de comunica\u00e7\u00e3o. Ambos foram encontrados mortos com v\u00e1rios tiros dentro de um carro abandonado em Pinta Napo ontem, 24 de mar\u00e7o.<\/p>\n<p>Brigitte tinha 27 anos, foi eleita prefeita de San Vicente e era militante do partido de esquerda Revolu\u00e7\u00e3o Cidad\u00e3.<\/p>\n<p>Nosso cora\u00e7\u00e3o est\u00e1 de luto, expressando o mais profundo pesar aos familiares e camaradas de Brigitte e Jairo. Neste momento de dor, enviamos for\u00e7a e uma mensagem de consolo, pois o legado dos companheiros continuar\u00e1 a nos inspirar, levando adiante suas lutas.<\/p>\n<p>Esperamos que o Estado do Equador assuma um compromisso real com a vida, com a justi\u00e7a e com uma sa\u00edda democr\u00e1tica para a atual crise de seguran\u00e7a p\u00fablica do pa\u00eds. Nos somamos \u00e0s vozes que pedem uma investiga\u00e7\u00e3o s\u00e9ria e responsabiliza\u00e7\u00e3o por esse crime terr\u00edvel.<\/p>\n<p><em><strong>Executiva Nacional do PSOL<\/strong><\/em><br \/>\n<em><strong>25 de mar\u00e7o de 2024<\/strong><\/em><\/p>\n","protected":false},"excerpt":{"rendered":"<p>Hoje o PSOL chora pelo assassinato de Brigitte Garcia, a mais jovem prefeita do Equador, e Jairo Loor, seu assessor de comunica\u00e7\u00e3o. Ambos foram encontrados mortos com v\u00e1rios tiros dentro de um carro abandonado em Pinta Napo ontem, 24 de mar\u00e7o. Brigitte tinha 27 anos, foi eleita prefeita de San Vicente e era militante do [&hellip;]<\/p>\n","protected":false},"author":2,"featured_media":39219,"comment_status":"closed","ping_status":"open","sticky":false,"template":"","format":"standard","meta":{"_acf_changed":false,"footnotes":""},"categories":[836],"tags":[4825],"class_list":{"0":"post-39217","1":"post","2":"type-post","3":"status-publish","4":"format-standard","5":"has-post-thumbnail","7":"category-internacional","8":"tag-noticias"},"acf":[],"yoast_head":"<!-- This site is optimized with the Yoast SEO plugin v26.5 - https:\/\/yoast.com\/wordpress\/plugins\/seo\/ -->\n<title>Nota de pesar do PSOL: Brigitte Garcia, a mais jovem prefeita do Equador, \u00e9 assassinada a tiros<\/title>\n<meta name=\"description\" content=\"Brigitte Garcia, de apenas 27 anos e prefeita de San Vicente, e seu assessor Jairo Loor foram encontrados assassinados a tiros dentro de um carro.\" \/>\n<meta name=\"robots\" content=\"index, follow, max-snippet:-1, max-image-preview:large, max-video-preview:-1\" \/>\n<link rel=\"canonical\" href=\"https:\/\/psol50.org.br\/nota-de-pesar-do-psol-brigitte-garcia-a-mais-jovem-prefeita-do-equador-e-assassinada-a-tiros\/\" \/>\n<meta property=\"og:locale\" content=\"pt_BR\" \/>\n<meta property=\"og:type\" content=\"article\" \/>\n<meta property=\"og:title\" content=\"Nota de pesar do PSOL: Brigitte Garcia, a mais jovem prefeita do Equador, \u00e9 assassinada a tiros\" \/>\n<meta property=\"og:description\" content=\"Brigitte Garcia, de apenas 27 anos e prefeita de San Vicente, e seu assessor Jairo Loor foram encontrados assassinados a tiros dentro de um carro.\" \/>\n<meta property=\"og:url\" content=\"https:\/\/psol50.org.br\/nota-de-pesar-do-psol-brigitte-garcia-a-mais-jovem-prefeita-do-equador-e-assassinada-a-tiros\/\" \/>\n<meta property=\"og:site_name\" content=\"PSOL 50\" \/>\n<meta property=\"article:publisher\" content=\"https:\/\/www.facebook.com\/psol50\" \/>\n<meta property=\"article:published_time\" content=\"2024-03-25T14:06:14+00:00\" \/>\n<meta property=\"article:modified_time\" content=\"2024-03-26T20:21:18+00:00\" \/>\n<meta property=\"og:image\" content=\"https:\/\/psol50.org.br\/inc\/uploads\/2024\/03\/skynews-brigitte-garcia-ecuador_6500118.jpg\" \/>\n\t<meta property=\"og:image:width\" content=\"2048\" \/>\n\t<meta property=\"og:image:height\" content=\"1152\" \/>\n\t<meta property=\"og:image:type\" content=\"image\/jpeg\" \/>\n<meta name=\"author\" content=\"Comunica\u00e7\u00e3o PSOL\" \/>\n<meta name=\"twitter:card\" content=\"summary_large_image\" \/>\n<meta name=\"twitter:creator\" content=\"@psol50\" \/>\n<meta name=\"twitter:site\" content=\"@psol50\" \/>\n<meta name=\"twitter:label1\" content=\"Escrito por\" \/>\n\t<meta name=\"twitter:data1\" content=\"Comunica\u00e7\u00e3o PSOL\" \/>\n\t<meta name=\"twitter:label2\" content=\"Est. tempo de leitura\" \/>\n\t<meta name=\"twitter:data2\" content=\"1 minuto\" \/>\n<script type=\"application\/ld+json\" class=\"yoast-schema-graph\">{\"@context\":\"https:\/\/schema.org\",\"@graph\":[{\"@type\":\"Article\",\"@id\":\"https:\/\/psol50.org.br\/nota-de-pesar-do-psol-brigitte-garcia-a-mais-jovem-prefeita-do-equador-e-assassinada-a-tiros\/#article\",\"isPartOf\":{\"@id\":\"https:\/\/psol50.org.br\/nota-de-pesar-do-psol-brigitte-garcia-a-mais-jovem-prefeita-do-equador-e-assassinada-a-tiros\/\"},\"author\":{\"name\":\"Comunica\u00e7\u00e3o PSOL\",\"@id\":\"https:\/\/psol50.org.br\/#\/schema\/person\/475dfa57d0b815993c714c2e96491fcd\"},\"headline\":\"Nota de pesar do PSOL: Brigitte Garcia, a mais jovem prefeita do Equador, \u00e9 assassinada a tiros\",\"datePublished\":\"2024-03-25T14:06:14+00:00\",\"dateModified\":\"2024-03-26T20:21:18+00:00\",\"mainEntityOfPage\":{\"@id\":\"https:\/\/psol50.org.br\/nota-de-pesar-do-psol-brigitte-garcia-a-mais-jovem-prefeita-do-equador-e-assassinada-a-tiros\/\"},\"wordCount\":185,\"publisher\":{\"@id\":\"https:\/\/psol50.org.br\/#organization\"},\"image\":{\"@id\":\"https:\/\/psol50.org.br\/nota-de-pesar-do-psol-brigitte-garcia-a-mais-jovem-prefeita-do-equador-e-assassinada-a-tiros\/#primaryimage\"},\"thumbnailUrl\":\"https:\/\/psol50.org.br\/inc\/uploads\/2024\/03\/skynews-brigitte-garcia-ecuador_6500118.jpg\",\"keywords\":[\"Not\u00edcias\"],\"articleSection\":[\"Internacional\"],\"inLanguage\":\"pt-BR\"},{\"@type\":\"WebPage\",\"@id\":\"https:\/\/psol50.org.br\/nota-de-pesar-do-psol-brigitte-garcia-a-mais-jovem-prefeita-do-equador-e-assassinada-a-tiros\/\",\"url\":\"https:\/\/psol50.org.br\/nota-de-pesar-do-psol-brigitte-garcia-a-mais-jovem-prefeita-do-equador-e-assassinada-a-tiros\/\",\"name\":\"Nota de pesar do PSOL: Brigitte Garcia, a mais jovem prefeita do Equador, \u00e9 assassinada a tiros\",\"isPartOf\":{\"@id\":\"https:\/\/psol50.org.br\/#website\"},\"primaryImageOfPage\":{\"@id\":\"https:\/\/psol50.org.br\/nota-de-pesar-do-psol-brigitte-garcia-a-mais-jovem-prefeita-do-equador-e-assassinada-a-tiros\/#primaryimage\"},\"image\":{\"@id\":\"https:\/\/psol50.org.br\/nota-de-pesar-do-psol-brigitte-garcia-a-mais-jovem-prefeita-do-equador-e-assassinada-a-tiros\/#primaryimage\"},\"thumbnailUrl\":\"https:\/\/psol50.org.br\/inc\/uploads\/2024\/03\/skynews-brigitte-garcia-ecuador_6500118.jpg\",\"datePublished\":\"2024-03-25T14:06:14+00:00\",\"dateModified\":\"2024-03-26T20:21:18+00:00\",\"description\":\"Brigitte Garcia, de apenas 27 anos e prefeita de San Vicente, e seu assessor Jairo Loor foram encontrados assassinados a tiros dentro de um carro.\",\"breadcrumb\":{\"@id\":\"https:\/\/psol50.org.br\/nota-de-pesar-do-psol-brigitte-garcia-a-mais-jovem-prefeita-do-equador-e-assassinada-a-tiros\/#breadcrumb\"},\"inLanguage\":\"pt-BR\",\"potentialAction\":[{\"@type\":\"ReadAction\",\"target\":[\"https:\/\/psol50.org.br\/nota-de-pesar-do-psol-brigitte-garcia-a-mais-jovem-prefeita-do-equador-e-assassinada-a-tiros\/\"]}]},{\"@type\":\"ImageObject\",\"inLanguage\":\"pt-BR\",\"@id\":\"https:\/\/psol50.org.br\/nota-de-pesar-do-psol-brigitte-garcia-a-mais-jovem-prefeita-do-equador-e-assassinada-a-tiros\/#primaryimage\",\"url\":\"https:\/\/psol50.org.br\/inc\/uploads\/2024\/03\/skynews-brigitte-garcia-ecuador_6500118.jpg\",\"contentUrl\":\"https:\/\/psol50.org.br\/inc\/uploads\/2024\/03\/skynews-brigitte-garcia-ecuador_6500118.jpg\",\"width\":2048,\"height\":1152,\"caption\":\"Foto: Divulga\u00e7\u00e3o\"},{\"@type\":\"BreadcrumbList\",\"@id\":\"https:\/\/psol50.org.br\/nota-de-pesar-do-psol-brigitte-garcia-a-mais-jovem-prefeita-do-equador-e-assassinada-a-tiros\/#breadcrumb\",\"itemListElement\":[{\"@type\":\"ListItem\",\"position\":1,\"name\":\"In\u00edcio\",\"item\":\"https:\/\/psol50.org.br\/\"},{\"@type\":\"ListItem\",\"position\":2,\"name\":\"Nota de pesar do PSOL: Brigitte Garcia, a mais jovem prefeita do Equador, \u00e9 assassinada a tiros\"}]},{\"@type\":\"WebSite\",\"@id\":\"https:\/\/psol50.org.br\/#website\",\"url\":\"https:\/\/psol50.org.br\/\",\"name\":\"PSOL 50\",\"description\":\"Site oficial do Partido Socialismo e Liberdade\",\"publisher\":{\"@id\":\"https:\/\/psol50.org.br\/#organization\"},\"alternateName\":\"PSOL50\",\"potentialAction\":[{\"@type\":\"SearchAction\",\"target\":{\"@type\":\"EntryPoint\",\"urlTemplate\":\"https:\/\/psol50.org.br\/?s={search_term_string}\"},\"query-input\":{\"@type\":\"PropertyValueSpecification\",\"valueRequired\":true,\"valueName\":\"search_term_string\"}}],\"inLanguage\":\"pt-BR\"},{\"@type\":\"Organization\",\"@id\":\"https:\/\/psol50.org.br\/#organization\",\"name\":\"PSOL 50\",\"alternateName\":\"PSOL 50\",\"url\":\"https:\/\/psol50.org.br\/\",\"logo\":{\"@type\":\"ImageObject\",\"inLanguage\":\"pt-BR\",\"@id\":\"https:\/\/psol50.org.br\/#\/schema\/logo\/image\/\",\"url\":\"https:\/\/psol50.org.br\/inc\/uploads\/2018\/07\/capa.png\",\"contentUrl\":\"https:\/\/psol50.org.br\/inc\/uploads\/2018\/07\/capa.png\",\"width\":1350,\"height\":900,\"caption\":\"PSOL 50\"},\"image\":{\"@id\":\"https:\/\/psol50.org.br\/#\/schema\/logo\/image\/\"},\"sameAs\":[\"https:\/\/www.facebook.com\/psol50\",\"https:\/\/x.com\/psol50\",\"https:\/\/www.instagram.com\/psol50\/\",\"https:\/\/www.youtube.com\/channel\/UC7SnJS5o1os7a6CaiNabzcg\"]},{\"@type\":\"Person\",\"@id\":\"https:\/\/psol50.org.br\/#\/schema\/person\/475dfa57d0b815993c714c2e96491fcd\",\"name\":\"Comunica\u00e7\u00e3o PSOL\",\"image\":{\"@type\":\"ImageObject\",\"inLanguage\":\"pt-BR\",\"@id\":\"https:\/\/psol50.org.br\/#\/schema\/person\/image\/\",\"url\":\"https:\/\/secure.gravatar.com\/avatar\/b34fc4f4e468a4e51785917065a3db57b841f5c95dba6ad8c73aaf8f66f8f9bf?s=96&d=mm&r=g\",\"contentUrl\":\"https:\/\/secure.gravatar.com\/avatar\/b34fc4f4e468a4e51785917065a3db57b841f5c95dba6ad8c73aaf8f66f8f9bf?s=96&d=mm&r=g\",\"caption\":\"Comunica\u00e7\u00e3o PSOL\"}}]}<\/script>\n<!-- \/ Yoast SEO plugin. -->","yoast_head_json":{"title":"Nota de pesar do PSOL: Brigitte Garcia, a mais jovem prefeita do Equador, \u00e9 assassinada a tiros","description":"Brigitte Garcia, de apenas 27 anos e prefeita de San Vicente, e seu assessor Jairo Loor foram encontrados assassinados a tiros dentro de um carro.","robots":{"index":"index","follow":"follow","max-snippet":"max-snippet:-1","max-image-preview":"max-image-preview:large","max-video-preview":"max-video-preview:-1"},"canonical":"https:\/\/psol50.org.br\/nota-de-pesar-do-psol-brigitte-garcia-a-mais-jovem-prefeita-do-equador-e-assassinada-a-tiros\/","og_locale":"pt_BR","og_type":"article","og_title":"Nota de pesar do PSOL: Brigitte Garcia, a mais jovem prefeita do Equador, \u00e9 assassinada a tiros","og_description":"Brigitte Garcia, de apenas 27 anos e prefeita de San Vicente, e seu assessor Jairo Loor foram encontrados assassinados a tiros dentro de um carro.","og_url":"https:\/\/psol50.org.br\/nota-de-pesar-do-psol-brigitte-garcia-a-mais-jovem-prefeita-do-equador-e-assassinada-a-tiros\/","og_site_name":"PSOL 50","article_publisher":"https:\/\/www.facebook.com\/psol50","article_published_time":"2024-03-25T14:06:14+00:00","article_modified_time":"2024-03-26T20:21:18+00:00","og_image":[{"width":2048,"height":1152,"url":"https:\/\/psol50.org.br\/inc\/uploads\/2024\/03\/skynews-brigitte-garcia-ecuador_6500118.jpg","type":"image\/jpeg"}],"author":"Comunica\u00e7\u00e3o PSOL","twitter_card":"summary_large_image","twitter_creator":"@psol50","twitter_site":"@psol50","twitter_misc":{"Escrito por":"Comunica\u00e7\u00e3o PSOL","Est. tempo de leitura":"1 minuto"},"schema":{"@context":"https:\/\/schema.org","@graph":[{"@type":"Article","@id":"https:\/\/psol50.org.br\/nota-de-pesar-do-psol-brigitte-garcia-a-mais-jovem-prefeita-do-equador-e-assassinada-a-tiros\/#article","isPartOf":{"@id":"https:\/\/psol50.org.br\/nota-de-pesar-do-psol-brigitte-garcia-a-mais-jovem-prefeita-do-equador-e-assassinada-a-tiros\/"},"author":{"name":"Comunica\u00e7\u00e3o PSOL","@id":"https:\/\/psol50.org.br\/#\/schema\/person\/475dfa57d0b815993c714c2e96491fcd"},"headline":"Nota de pesar do PSOL: Brigitte Garcia, a mais jovem prefeita do Equador, \u00e9 assassinada a tiros","datePublished":"2024-03-25T14:06:14+00:00","dateModified":"2024-03-26T20:21:18+00:00","mainEntityOfPage":{"@id":"https:\/\/psol50.org.br\/nota-de-pesar-do-psol-brigitte-garcia-a-mais-jovem-prefeita-do-equador-e-assassinada-a-tiros\/"},"wordCount":185,"publisher":{"@id":"https:\/\/psol50.org.br\/#organization"},"image":{"@id":"https:\/\/psol50.org.br\/nota-de-pesar-do-psol-brigitte-garcia-a-mais-jovem-prefeita-do-equador-e-assassinada-a-tiros\/#primaryimage"},"thumbnailUrl":"https:\/\/psol50.org.br\/inc\/uploads\/2024\/03\/skynews-brigitte-garcia-ecuador_6500118.jpg","keywords":["Not\u00edcias"],"articleSection":["Internacional"],"inLanguage":"pt-BR"},{"@type":"WebPage","@id":"https:\/\/psol50.org.br\/nota-de-pesar-do-psol-brigitte-garcia-a-mais-jovem-prefeita-do-equador-e-assassinada-a-tiros\/","url":"https:\/\/psol50.org.br\/nota-de-pesar-do-psol-brigitte-garcia-a-mais-jovem-prefeita-do-equador-e-assassinada-a-tiros\/","name":"Nota de pesar do PSOL: Brigitte Garcia, a mais jovem prefeita do Equador, \u00e9 assassinada a tiros","isPartOf":{"@id":"https:\/\/psol50.org.br\/#website"},"primaryImageOfPage":{"@id":"https:\/\/psol50.org.br\/nota-de-pesar-do-psol-brigitte-garcia-a-mais-jovem-prefeita-do-equador-e-assassinada-a-tiros\/#primaryimage"},"image":{"@id":"https:\/\/psol50.org.br\/nota-de-pesar-do-psol-brigitte-garcia-a-mais-jovem-prefeita-do-equador-e-assassinada-a-tiros\/#primaryimage"},"thumbnailUrl":"https:\/\/psol50.org.br\/inc\/uploads\/2024\/03\/skynews-brigitte-garcia-ecuador_6500118.jpg","datePublished":"2024-03-25T14:06:14+00:00","dateModified":"2024-03-26T20:21:18+00:00","description":"Brigitte Garcia, de apenas 27 anos e prefeita de San Vicente, e seu assessor Jairo Loor foram encontrados assassinados a tiros dentro de um carro.","breadcrumb":{"@id":"https:\/\/psol50.org.br\/nota-de-pesar-do-psol-brigitte-garcia-a-mais-jovem-prefeita-do-equador-e-assassinada-a-tiros\/#breadcrumb"},"inLanguage":"pt-BR","potentialAction":[{"@type":"ReadAction","target":["https:\/\/psol50.org.br\/nota-de-pesar-do-psol-brigitte-garcia-a-mais-jovem-prefeita-do-equador-e-assassinada-a-tiros\/"]}]},{"@type":"ImageObject","inLanguage":"pt-BR","@id":"https:\/\/psol50.org.br\/nota-de-pesar-do-psol-brigitte-garcia-a-mais-jovem-prefeita-do-equador-e-assassinada-a-tiros\/#primaryimage","url":"https:\/\/psol50.org.br\/inc\/uploads\/2024\/03\/skynews-brigitte-garcia-ecuador_6500118.jpg","contentUrl":"https:\/\/psol50.org.br\/inc\/uploads\/2024\/03\/skynews-brigitte-garcia-ecuador_6500118.jpg","width":2048,"height":1152,"caption":"Foto: Divulga\u00e7\u00e3o"},{"@type":"BreadcrumbList","@id":"https:\/\/psol50.org.br\/nota-de-pesar-do-psol-brigitte-garcia-a-mais-jovem-prefeita-do-equador-e-assassinada-a-tiros\/#breadcrumb","itemListElement":[{"@type":"ListItem","position":1,"name":"In\u00edcio","item":"https:\/\/psol50.org.br\/"},{"@type":"ListItem","position":2,"name":"Nota de pesar do PSOL: Brigitte Garcia, a mais jovem prefeita do Equador, \u00e9 assassinada a tiros"}]},{"@type":"WebSite","@id":"https:\/\/psol50.org.br\/#website","url":"https:\/\/psol50.org.br\/","name":"PSOL 50","description":"Site oficial do Partido Socialismo e Liberdade","publisher":{"@id":"https:\/\/psol50.org.br\/#organization"},"alternateName":"PSOL50","potentialAction":[{"@type":"SearchAction","target":{"@type":"EntryPoint","urlTemplate":"https:\/\/psol50.org.br\/?s={search_term_string}"},"query-input":{"@type":"PropertyValueSpecification","valueRequired":true,"valueName":"search_term_string"}}],"inLanguage":"pt-BR"},{"@type":"Organization","@id":"https:\/\/psol50.org.br\/#organization","name":"PSOL 50","alternateName":"PSOL 50","url":"https:\/\/psol50.org.br\/","logo":{"@type":"ImageObject","inLanguage":"pt-BR","@id":"https:\/\/psol50.org.br\/#\/schema\/logo\/image\/","url":"https:\/\/psol50.org.br\/inc\/uploads\/2018\/07\/capa.png","contentUrl":"https:\/\/psol50.org.br\/inc\/uploads\/2018\/07\/capa.png","width":1350,"height":900,"caption":"PSOL 50"},"image":{"@id":"https:\/\/psol50.org.br\/#\/schema\/logo\/image\/"},"sameAs":["https:\/\/www.facebook.com\/psol50","https:\/\/x.com\/psol50","https:\/\/www.instagram.com\/psol50\/","https:\/\/www.youtube.com\/channel\/UC7SnJS5o1os7a6CaiNabzcg"]},{"@type":"Person","@id":"https:\/\/psol50.org.br\/#\/schema\/person\/475dfa57d0b815993c714c2e96491fcd","name":"Comunica\u00e7\u00e3o PSOL","image":{"@type":"ImageObject","inLanguage":"pt-BR","@id":"https:\/\/psol50.org.br\/#\/schema\/person\/image\/","url":"https:\/\/secure.gravatar.com\/avatar\/b34fc4f4e468a4e51785917065a3db57b841f5c95dba6ad8c73aaf8f66f8f9bf?s=96&d=mm&r=g","contentUrl":"https:\/\/secure.gravatar.com\/avatar\/b34fc4f4e468a4e51785917065a3db57b841f5c95dba6ad8c73aaf8f66f8f9bf?s=96&d=mm&r=g","caption":"Comunica\u00e7\u00e3o PSOL"}}]}},"_links":{"self":[{"href":"https:\/\/psol50.org.br\/rest\/wp\/v2\/posts\/39217","targetHints":{"allow":["GET"]}}],"collection":[{"href":"https:\/\/psol50.org.br\/rest\/wp\/v2\/posts"}],"about":[{"href":"https:\/\/psol50.org.br\/rest\/wp\/v2\/types\/post"}],"author":[{"embeddable":true,"href":"https:\/\/psol50.org.br\/rest\/wp\/v2\/users\/2"}],"replies":[{"embeddable":true,"href":"https:\/\/psol50.org.br\/rest\/wp\/v2\/comments?post=39217"}],"version-history":[{"count":3,"href":"https:\/\/psol50.org.br\/rest\/wp\/v2\/posts\/39217\/revisions"}],"predecessor-version":[{"id":39221,"href":"https:\/\/psol50.org.br\/rest\/wp\/v2\/posts\/39217\/revisions\/39221"}],"wp:featuredmedia":[{"embeddable":true,"href":"https:\/\/psol50.org.br\/rest\/wp\/v2\/media\/39219"}],"wp:attachment":[{"href":"https:\/\/psol50.org.br\/rest\/wp\/v2\/media?parent=39217"}],"wp:term":[{"taxonomy":"category","embeddable":true,"href":"https:\/\/psol50.org.br\/rest\/wp\/v2\/categories?post=39217"},{"taxonomy":"post_tag","embeddable":true,"href":"https:\/\/psol50.org.br\/rest\/wp\/v2\/tags?post=39217"}],"curies":[{"name":"wp","href":"https:\/\/api.w.org\/{rel}","templated":true}]}}