{"id":39263,"date":"2024-03-26T12:42:32","date_gmt":"2024-03-26T15:42:32","guid":{"rendered":"https:\/\/psol50.org.br\/?p=39263"},"modified":"2024-04-02T12:25:22","modified_gmt":"2024-04-02T15:25:22","slug":"psol-pede-investigacao-de-braga-netto-a-pgr-por-nomeacao-de-rivaldo-barbosa","status":"publish","type":"post","link":"https:\/\/psol50.org.br\/psol-pede-investigacao-de-braga-netto-a-pgr-por-nomeacao-de-rivaldo-barbosa\/","title":{"rendered":"PSOL pede investiga\u00e7\u00e3o de Braga Netto \u00e0 PGR por nomea\u00e7\u00e3o de Rivaldo Barbosa"},"content":{"rendered":"<p>O PSOL acionou a Procuradoria-Geral da Rep\u00fablica (PGR) na \u00faltima segunda-feira (25) para que o general Walter Braga Netto seja investigado por ter nomeado o delegado Rivaldo Barbosa como chefe de Pol\u00edcia Civil do Rio de Janeiro um dia antes do assassinato de Marielle Franco.<\/p>\n<p>O policial \u00e9 apontado como &#8220;mentor intelectual&#8221; do crime e foi preso no \u00faltimo domingo (24) junto com Domingos e Chiquinho Braz\u00e3o, suspeitos de serem os mandantes do assassinato da vereadora do PSOL.<\/p>\n<p>A nomea\u00e7\u00e3o feita por Braga Netto aconteceu no contexto da interven\u00e7\u00e3o federal na seguran\u00e7a p\u00fablica do Rio de Janeiro. Ele era o interventor, portanto tomava todas as decis\u00f5es sobre a seguran\u00e7a p\u00fablica do estado, inclusive na Pol\u00edcia Civil e Militar.<\/p>\n<p>No pedido enviado ao procurador Paulo Gonet, a bancada do PSOL na C\u00e2mara apontou que, segundo a PF, Braga Netto foi avisado pela intelig\u00eancia da Pol\u00edcia Civil que o nome de Rivaldo n\u00e3o era aconselhado para chefiar a corpora\u00e7\u00e3o.<\/p>\n","protected":false},"excerpt":{"rendered":"<p>O PSOL acionou a Procuradoria-Geral da Rep\u00fablica (PGR) na \u00faltima segunda-feira (25) para que o general Walter Braga Netto seja investigado por ter nomeado o delegado Rivaldo Barbosa como chefe de Pol\u00edcia Civil do Rio de Janeiro um dia antes do assassinato de Marielle Franco. O policial \u00e9 apontado como &#8220;mentor intelectual&#8221; do crime e [&hellip;]<\/p>\n","protected":false},"author":2,"featured_media":39266,"comment_status":"closed","ping_status":"open","sticky":false,"template":"","format":"standard","meta":{"_acf_changed":false,"footnotes":""},"categories":[1664],"tags":[4825],"class_list":{"0":"post-39263","1":"post","2":"type-post","3":"status-publish","4":"format-standard","5":"has-post-thumbnail","7":"category-acao-do-psol","8":"tag-noticias"},"acf":[],"yoast_head":"<!-- This site is optimized with the Yoast SEO plugin v26.5 - https:\/\/yoast.com\/wordpress\/plugins\/seo\/ -->\n<title>PSOL pede investiga\u00e7\u00e3o de Braga Netto \u00e0 PGR por nomea\u00e7\u00e3o de Rivaldo Barbosa<\/title>\n<meta name=\"description\" content=\"Delegado apontado como &quot;mentor intelectual&quot; do crime foi nomeado chefe de Pol\u00edcia Civil do RJ um dia antes do assassinato de Marielle Franco.\" \/>\n<meta name=\"robots\" content=\"index, follow, max-snippet:-1, max-image-preview:large, max-video-preview:-1\" \/>\n<link rel=\"canonical\" href=\"https:\/\/psol50.org.br\/psol-pede-investigacao-de-braga-netto-a-pgr-por-nomeacao-de-rivaldo-barbosa\/\" \/>\n<meta property=\"og:locale\" content=\"pt_BR\" \/>\n<meta property=\"og:type\" content=\"article\" \/>\n<meta property=\"og:title\" content=\"PSOL pede investiga\u00e7\u00e3o de Braga Netto \u00e0 PGR por nomea\u00e7\u00e3o de Rivaldo Barbosa\" \/>\n<meta property=\"og:description\" content=\"Delegado apontado como &quot;mentor intelectual&quot; do crime foi nomeado chefe de Pol\u00edcia Civil do RJ um dia antes do assassinato de Marielle Franco.\" \/>\n<meta property=\"og:url\" content=\"https:\/\/psol50.org.br\/psol-pede-investigacao-de-braga-netto-a-pgr-por-nomeacao-de-rivaldo-barbosa\/\" \/>\n<meta property=\"og:site_name\" content=\"PSOL 50\" \/>\n<meta property=\"article:publisher\" content=\"https:\/\/www.facebook.com\/psol50\" \/>\n<meta property=\"article:published_time\" content=\"2024-03-26T15:42:32+00:00\" \/>\n<meta property=\"article:modified_time\" content=\"2024-04-02T15:25:22+00:00\" \/>\n<meta property=\"og:image\" content=\"https:\/\/psol50.org.br\/inc\/uploads\/2024\/03\/img20210817101923025-scaled.jpg\" \/>\n\t<meta property=\"og:image:width\" content=\"2560\" \/>\n\t<meta property=\"og:image:height\" content=\"1707\" \/>\n\t<meta property=\"og:image:type\" content=\"image\/jpeg\" \/>\n<meta name=\"author\" content=\"Comunica\u00e7\u00e3o PSOL\" \/>\n<meta name=\"twitter:card\" content=\"summary_large_image\" \/>\n<meta name=\"twitter:creator\" content=\"@psol50\" \/>\n<meta name=\"twitter:site\" content=\"@psol50\" \/>\n<meta name=\"twitter:label1\" content=\"Escrito por\" \/>\n\t<meta name=\"twitter:data1\" content=\"Comunica\u00e7\u00e3o PSOL\" \/>\n\t<meta name=\"twitter:label2\" content=\"Est. tempo de leitura\" \/>\n\t<meta name=\"twitter:data2\" content=\"1 minuto\" \/>\n<script type=\"application\/ld+json\" class=\"yoast-schema-graph\">{\"@context\":\"https:\/\/schema.org\",\"@graph\":[{\"@type\":\"Article\",\"@id\":\"https:\/\/psol50.org.br\/psol-pede-investigacao-de-braga-netto-a-pgr-por-nomeacao-de-rivaldo-barbosa\/#article\",\"isPartOf\":{\"@id\":\"https:\/\/psol50.org.br\/psol-pede-investigacao-de-braga-netto-a-pgr-por-nomeacao-de-rivaldo-barbosa\/\"},\"author\":{\"name\":\"Comunica\u00e7\u00e3o PSOL\",\"@id\":\"https:\/\/psol50.org.br\/#\/schema\/person\/475dfa57d0b815993c714c2e96491fcd\"},\"headline\":\"PSOL pede investiga\u00e7\u00e3o de Braga Netto \u00e0 PGR por nomea\u00e7\u00e3o de Rivaldo Barbosa\",\"datePublished\":\"2024-03-26T15:42:32+00:00\",\"dateModified\":\"2024-04-02T15:25:22+00:00\",\"mainEntityOfPage\":{\"@id\":\"https:\/\/psol50.org.br\/psol-pede-investigacao-de-braga-netto-a-pgr-por-nomeacao-de-rivaldo-barbosa\/\"},\"wordCount\":184,\"publisher\":{\"@id\":\"https:\/\/psol50.org.br\/#organization\"},\"image\":{\"@id\":\"https:\/\/psol50.org.br\/psol-pede-investigacao-de-braga-netto-a-pgr-por-nomeacao-de-rivaldo-barbosa\/#primaryimage\"},\"thumbnailUrl\":\"https:\/\/psol50.org.br\/inc\/uploads\/2024\/03\/img20210817101923025-scaled.jpg\",\"keywords\":[\"Not\u00edcias\"],\"articleSection\":[\"A\u00e7\u00e3o do PSOL\"],\"inLanguage\":\"pt-BR\"},{\"@type\":\"WebPage\",\"@id\":\"https:\/\/psol50.org.br\/psol-pede-investigacao-de-braga-netto-a-pgr-por-nomeacao-de-rivaldo-barbosa\/\",\"url\":\"https:\/\/psol50.org.br\/psol-pede-investigacao-de-braga-netto-a-pgr-por-nomeacao-de-rivaldo-barbosa\/\",\"name\":\"PSOL pede investiga\u00e7\u00e3o de Braga Netto \u00e0 PGR por nomea\u00e7\u00e3o de Rivaldo Barbosa\",\"isPartOf\":{\"@id\":\"https:\/\/psol50.org.br\/#website\"},\"primaryImageOfPage\":{\"@id\":\"https:\/\/psol50.org.br\/psol-pede-investigacao-de-braga-netto-a-pgr-por-nomeacao-de-rivaldo-barbosa\/#primaryimage\"},\"image\":{\"@id\":\"https:\/\/psol50.org.br\/psol-pede-investigacao-de-braga-netto-a-pgr-por-nomeacao-de-rivaldo-barbosa\/#primaryimage\"},\"thumbnailUrl\":\"https:\/\/psol50.org.br\/inc\/uploads\/2024\/03\/img20210817101923025-scaled.jpg\",\"datePublished\":\"2024-03-26T15:42:32+00:00\",\"dateModified\":\"2024-04-02T15:25:22+00:00\",\"description\":\"Delegado apontado como \\\"mentor intelectual\\\" do crime foi nomeado chefe de Pol\u00edcia Civil do RJ um dia antes do assassinato de Marielle Franco.\",\"breadcrumb\":{\"@id\":\"https:\/\/psol50.org.br\/psol-pede-investigacao-de-braga-netto-a-pgr-por-nomeacao-de-rivaldo-barbosa\/#breadcrumb\"},\"inLanguage\":\"pt-BR\",\"potentialAction\":[{\"@type\":\"ReadAction\",\"target\":[\"https:\/\/psol50.org.br\/psol-pede-investigacao-de-braga-netto-a-pgr-por-nomeacao-de-rivaldo-barbosa\/\"]}]},{\"@type\":\"ImageObject\",\"inLanguage\":\"pt-BR\",\"@id\":\"https:\/\/psol50.org.br\/psol-pede-investigacao-de-braga-netto-a-pgr-por-nomeacao-de-rivaldo-barbosa\/#primaryimage\",\"url\":\"https:\/\/psol50.org.br\/inc\/uploads\/2024\/03\/img20210817101923025-scaled.jpg\",\"contentUrl\":\"https:\/\/psol50.org.br\/inc\/uploads\/2024\/03\/img20210817101923025-scaled.jpg\",\"width\":2560,\"height\":1707,\"caption\":\"Foto: Cleia Viana\/C\u00e2mara dos Deputados\"},{\"@type\":\"BreadcrumbList\",\"@id\":\"https:\/\/psol50.org.br\/psol-pede-investigacao-de-braga-netto-a-pgr-por-nomeacao-de-rivaldo-barbosa\/#breadcrumb\",\"itemListElement\":[{\"@type\":\"ListItem\",\"position\":1,\"name\":\"In\u00edcio\",\"item\":\"https:\/\/psol50.org.br\/\"},{\"@type\":\"ListItem\",\"position\":2,\"name\":\"PSOL pede investiga\u00e7\u00e3o de Braga Netto \u00e0 PGR por nomea\u00e7\u00e3o de Rivaldo Barbosa\"}]},{\"@type\":\"WebSite\",\"@id\":\"https:\/\/psol50.org.br\/#website\",\"url\":\"https:\/\/psol50.org.br\/\",\"name\":\"PSOL 50\",\"description\":\"Site oficial do Partido Socialismo e Liberdade\",\"publisher\":{\"@id\":\"https:\/\/psol50.org.br\/#organization\"},\"alternateName\":\"PSOL50\",\"potentialAction\":[{\"@type\":\"SearchAction\",\"target\":{\"@type\":\"EntryPoint\",\"urlTemplate\":\"https:\/\/psol50.org.br\/?s={search_term_string}\"},\"query-input\":{\"@type\":\"PropertyValueSpecification\",\"valueRequired\":true,\"valueName\":\"search_term_string\"}}],\"inLanguage\":\"pt-BR\"},{\"@type\":\"Organization\",\"@id\":\"https:\/\/psol50.org.br\/#organization\",\"name\":\"PSOL 50\",\"alternateName\":\"PSOL 50\",\"url\":\"https:\/\/psol50.org.br\/\",\"logo\":{\"@type\":\"ImageObject\",\"inLanguage\":\"pt-BR\",\"@id\":\"https:\/\/psol50.org.br\/#\/schema\/logo\/image\/\",\"url\":\"https:\/\/psol50.org.br\/inc\/uploads\/2018\/07\/capa.png\",\"contentUrl\":\"https:\/\/psol50.org.br\/inc\/uploads\/2018\/07\/capa.png\",\"width\":1350,\"height\":900,\"caption\":\"PSOL 50\"},\"image\":{\"@id\":\"https:\/\/psol50.org.br\/#\/schema\/logo\/image\/\"},\"sameAs\":[\"https:\/\/www.facebook.com\/psol50\",\"https:\/\/x.com\/psol50\",\"https:\/\/www.instagram.com\/psol50\/\",\"https:\/\/www.youtube.com\/channel\/UC7SnJS5o1os7a6CaiNabzcg\"]},{\"@type\":\"Person\",\"@id\":\"https:\/\/psol50.org.br\/#\/schema\/person\/475dfa57d0b815993c714c2e96491fcd\",\"name\":\"Comunica\u00e7\u00e3o PSOL\",\"image\":{\"@type\":\"ImageObject\",\"inLanguage\":\"pt-BR\",\"@id\":\"https:\/\/psol50.org.br\/#\/schema\/person\/image\/\",\"url\":\"https:\/\/secure.gravatar.com\/avatar\/b34fc4f4e468a4e51785917065a3db57b841f5c95dba6ad8c73aaf8f66f8f9bf?s=96&d=mm&r=g\",\"contentUrl\":\"https:\/\/secure.gravatar.com\/avatar\/b34fc4f4e468a4e51785917065a3db57b841f5c95dba6ad8c73aaf8f66f8f9bf?s=96&d=mm&r=g\",\"caption\":\"Comunica\u00e7\u00e3o PSOL\"}}]}<\/script>\n<!-- \/ Yoast SEO plugin. -->","yoast_head_json":{"title":"PSOL pede investiga\u00e7\u00e3o de Braga Netto \u00e0 PGR por nomea\u00e7\u00e3o de Rivaldo Barbosa","description":"Delegado apontado como \"mentor intelectual\" do crime foi nomeado chefe de Pol\u00edcia Civil do RJ um dia antes do assassinato de Marielle Franco.","robots":{"index":"index","follow":"follow","max-snippet":"max-snippet:-1","max-image-preview":"max-image-preview:large","max-video-preview":"max-video-preview:-1"},"canonical":"https:\/\/psol50.org.br\/psol-pede-investigacao-de-braga-netto-a-pgr-por-nomeacao-de-rivaldo-barbosa\/","og_locale":"pt_BR","og_type":"article","og_title":"PSOL pede investiga\u00e7\u00e3o de Braga Netto \u00e0 PGR por nomea\u00e7\u00e3o de Rivaldo Barbosa","og_description":"Delegado apontado como \"mentor intelectual\" do crime foi nomeado chefe de Pol\u00edcia Civil do RJ um dia antes do assassinato de Marielle Franco.","og_url":"https:\/\/psol50.org.br\/psol-pede-investigacao-de-braga-netto-a-pgr-por-nomeacao-de-rivaldo-barbosa\/","og_site_name":"PSOL 50","article_publisher":"https:\/\/www.facebook.com\/psol50","article_published_time":"2024-03-26T15:42:32+00:00","article_modified_time":"2024-04-02T15:25:22+00:00","og_image":[{"width":2560,"height":1707,"url":"https:\/\/psol50.org.br\/inc\/uploads\/2024\/03\/img20210817101923025-scaled.jpg","type":"image\/jpeg"}],"author":"Comunica\u00e7\u00e3o PSOL","twitter_card":"summary_large_image","twitter_creator":"@psol50","twitter_site":"@psol50","twitter_misc":{"Escrito por":"Comunica\u00e7\u00e3o PSOL","Est. tempo de leitura":"1 minuto"},"schema":{"@context":"https:\/\/schema.org","@graph":[{"@type":"Article","@id":"https:\/\/psol50.org.br\/psol-pede-investigacao-de-braga-netto-a-pgr-por-nomeacao-de-rivaldo-barbosa\/#article","isPartOf":{"@id":"https:\/\/psol50.org.br\/psol-pede-investigacao-de-braga-netto-a-pgr-por-nomeacao-de-rivaldo-barbosa\/"},"author":{"name":"Comunica\u00e7\u00e3o PSOL","@id":"https:\/\/psol50.org.br\/#\/schema\/person\/475dfa57d0b815993c714c2e96491fcd"},"headline":"PSOL pede investiga\u00e7\u00e3o de Braga Netto \u00e0 PGR por nomea\u00e7\u00e3o de Rivaldo Barbosa","datePublished":"2024-03-26T15:42:32+00:00","dateModified":"2024-04-02T15:25:22+00:00","mainEntityOfPage":{"@id":"https:\/\/psol50.org.br\/psol-pede-investigacao-de-braga-netto-a-pgr-por-nomeacao-de-rivaldo-barbosa\/"},"wordCount":184,"publisher":{"@id":"https:\/\/psol50.org.br\/#organization"},"image":{"@id":"https:\/\/psol50.org.br\/psol-pede-investigacao-de-braga-netto-a-pgr-por-nomeacao-de-rivaldo-barbosa\/#primaryimage"},"thumbnailUrl":"https:\/\/psol50.org.br\/inc\/uploads\/2024\/03\/img20210817101923025-scaled.jpg","keywords":["Not\u00edcias"],"articleSection":["A\u00e7\u00e3o do PSOL"],"inLanguage":"pt-BR"},{"@type":"WebPage","@id":"https:\/\/psol50.org.br\/psol-pede-investigacao-de-braga-netto-a-pgr-por-nomeacao-de-rivaldo-barbosa\/","url":"https:\/\/psol50.org.br\/psol-pede-investigacao-de-braga-netto-a-pgr-por-nomeacao-de-rivaldo-barbosa\/","name":"PSOL pede investiga\u00e7\u00e3o de Braga Netto \u00e0 PGR por nomea\u00e7\u00e3o de Rivaldo Barbosa","isPartOf":{"@id":"https:\/\/psol50.org.br\/#website"},"primaryImageOfPage":{"@id":"https:\/\/psol50.org.br\/psol-pede-investigacao-de-braga-netto-a-pgr-por-nomeacao-de-rivaldo-barbosa\/#primaryimage"},"image":{"@id":"https:\/\/psol50.org.br\/psol-pede-investigacao-de-braga-netto-a-pgr-por-nomeacao-de-rivaldo-barbosa\/#primaryimage"},"thumbnailUrl":"https:\/\/psol50.org.br\/inc\/uploads\/2024\/03\/img20210817101923025-scaled.jpg","datePublished":"2024-03-26T15:42:32+00:00","dateModified":"2024-04-02T15:25:22+00:00","description":"Delegado apontado como \"mentor intelectual\" do crime foi nomeado chefe de Pol\u00edcia Civil do RJ um dia antes do assassinato de Marielle Franco.","breadcrumb":{"@id":"https:\/\/psol50.org.br\/psol-pede-investigacao-de-braga-netto-a-pgr-por-nomeacao-de-rivaldo-barbosa\/#breadcrumb"},"inLanguage":"pt-BR","potentialAction":[{"@type":"ReadAction","target":["https:\/\/psol50.org.br\/psol-pede-investigacao-de-braga-netto-a-pgr-por-nomeacao-de-rivaldo-barbosa\/"]}]},{"@type":"ImageObject","inLanguage":"pt-BR","@id":"https:\/\/psol50.org.br\/psol-pede-investigacao-de-braga-netto-a-pgr-por-nomeacao-de-rivaldo-barbosa\/#primaryimage","url":"https:\/\/psol50.org.br\/inc\/uploads\/2024\/03\/img20210817101923025-scaled.jpg","contentUrl":"https:\/\/psol50.org.br\/inc\/uploads\/2024\/03\/img20210817101923025-scaled.jpg","width":2560,"height":1707,"caption":"Foto: Cleia Viana\/C\u00e2mara dos Deputados"},{"@type":"BreadcrumbList","@id":"https:\/\/psol50.org.br\/psol-pede-investigacao-de-braga-netto-a-pgr-por-nomeacao-de-rivaldo-barbosa\/#breadcrumb","itemListElement":[{"@type":"ListItem","position":1,"name":"In\u00edcio","item":"https:\/\/psol50.org.br\/"},{"@type":"ListItem","position":2,"name":"PSOL pede investiga\u00e7\u00e3o de Braga Netto \u00e0 PGR por nomea\u00e7\u00e3o de Rivaldo Barbosa"}]},{"@type":"WebSite","@id":"https:\/\/psol50.org.br\/#website","url":"https:\/\/psol50.org.br\/","name":"PSOL 50","description":"Site oficial do Partido Socialismo e Liberdade","publisher":{"@id":"https:\/\/psol50.org.br\/#organization"},"alternateName":"PSOL50","potentialAction":[{"@type":"SearchAction","target":{"@type":"EntryPoint","urlTemplate":"https:\/\/psol50.org.br\/?s={search_term_string}"},"query-input":{"@type":"PropertyValueSpecification","valueRequired":true,"valueName":"search_term_string"}}],"inLanguage":"pt-BR"},{"@type":"Organization","@id":"https:\/\/psol50.org.br\/#organization","name":"PSOL 50","alternateName":"PSOL 50","url":"https:\/\/psol50.org.br\/","logo":{"@type":"ImageObject","inLanguage":"pt-BR","@id":"https:\/\/psol50.org.br\/#\/schema\/logo\/image\/","url":"https:\/\/psol50.org.br\/inc\/uploads\/2018\/07\/capa.png","contentUrl":"https:\/\/psol50.org.br\/inc\/uploads\/2018\/07\/capa.png","width":1350,"height":900,"caption":"PSOL 50"},"image":{"@id":"https:\/\/psol50.org.br\/#\/schema\/logo\/image\/"},"sameAs":["https:\/\/www.facebook.com\/psol50","https:\/\/x.com\/psol50","https:\/\/www.instagram.com\/psol50\/","https:\/\/www.youtube.com\/channel\/UC7SnJS5o1os7a6CaiNabzcg"]},{"@type":"Person","@id":"https:\/\/psol50.org.br\/#\/schema\/person\/475dfa57d0b815993c714c2e96491fcd","name":"Comunica\u00e7\u00e3o PSOL","image":{"@type":"ImageObject","inLanguage":"pt-BR","@id":"https:\/\/psol50.org.br\/#\/schema\/person\/image\/","url":"https:\/\/secure.gravatar.com\/avatar\/b34fc4f4e468a4e51785917065a3db57b841f5c95dba6ad8c73aaf8f66f8f9bf?s=96&d=mm&r=g","contentUrl":"https:\/\/secure.gravatar.com\/avatar\/b34fc4f4e468a4e51785917065a3db57b841f5c95dba6ad8c73aaf8f66f8f9bf?s=96&d=mm&r=g","caption":"Comunica\u00e7\u00e3o PSOL"}}]}},"_links":{"self":[{"href":"https:\/\/psol50.org.br\/rest\/wp\/v2\/posts\/39263","targetHints":{"allow":["GET"]}}],"collection":[{"href":"https:\/\/psol50.org.br\/rest\/wp\/v2\/posts"}],"about":[{"href":"https:\/\/psol50.org.br\/rest\/wp\/v2\/types\/post"}],"author":[{"embeddable":true,"href":"https:\/\/psol50.org.br\/rest\/wp\/v2\/users\/2"}],"replies":[{"embeddable":true,"href":"https:\/\/psol50.org.br\/rest\/wp\/v2\/comments?post=39263"}],"version-history":[{"count":2,"href":"https:\/\/psol50.org.br\/rest\/wp\/v2\/posts\/39263\/revisions"}],"predecessor-version":[{"id":39265,"href":"https:\/\/psol50.org.br\/rest\/wp\/v2\/posts\/39263\/revisions\/39265"}],"wp:featuredmedia":[{"embeddable":true,"href":"https:\/\/psol50.org.br\/rest\/wp\/v2\/media\/39266"}],"wp:attachment":[{"href":"https:\/\/psol50.org.br\/rest\/wp\/v2\/media?parent=39263"}],"wp:term":[{"taxonomy":"category","embeddable":true,"href":"https:\/\/psol50.org.br\/rest\/wp\/v2\/categories?post=39263"},{"taxonomy":"post_tag","embeddable":true,"href":"https:\/\/psol50.org.br\/rest\/wp\/v2\/tags?post=39263"}],"curies":[{"name":"wp","href":"https:\/\/api.w.org\/{rel}","templated":true}]}}