{"id":39272,"date":"2024-03-26T17:19:33","date_gmt":"2024-03-26T20:19:33","guid":{"rendered":"https:\/\/psol50.org.br\/?p=39272"},"modified":"2024-04-01T16:42:40","modified_gmt":"2024-04-01T19:42:40","slug":"psol-pede-afastamento-de-domingos-brazao-do-tribunal-de-contas-do-rio-de-janeiro","status":"publish","type":"post","link":"https:\/\/psol50.org.br\/psol-pede-afastamento-de-domingos-brazao-do-tribunal-de-contas-do-rio-de-janeiro\/","title":{"rendered":"PSOL pede afastamento de Domingos Braz\u00e3o do Tribunal de Contas do Rio de Janeiro"},"content":{"rendered":"<p>Os deputados federais do PSOL, ao lado da bancada do partido na Assembleia Legislativa do Rio de Janeiro (Alerj) e da vi\u00fava de Marielle Franco e vereadora carioca M\u00f4nica Ben\u00edcio, apresentaram a\u00e7\u00f5es no Superior Tribunal de Justi\u00e7a (STJ) e no Tribunal de Contas do Estado (TCE-RJ) para afastar Domingos Braz\u00e3o do cargo de conselheiro no TCE-RJ e suspender seu sal\u00e1rio. A a\u00e7\u00e3o no STJ tem como objetivo o impeachment do suspeito de mandar matar Marielle Franco e Anderson Gomes de seu cargo vital\u00edcio.<\/p>\n<p>\u201c\u00c9 fundamental que o TCE-RJ tome encaminhamentos r\u00e1pidos para o desligamento de Domingos Braz\u00e3o enquanto conselheiro. \u00c9 evidente que as institui\u00e7\u00f5es n\u00e3o podem permitir que o acusado, j\u00e1 preso, continue vinculado ao tribunal, inclusive sendo remunerado\u201d, salienta a l\u00edder da bancada do PSOL Erika Hilton.<\/p>\n<p>&#8220;A pris\u00e3o foi s\u00f3 o primeiro passo, \u00e9 necess\u00e1rio desfazer essas estruturas de poder pol\u00edtico e econ\u00f4mico. O STF afastou os delegados, mas \u00e9 preciso que Domingos Braz\u00e3o seja afastado imediatamente do TCE e seja submetido a um processo de impeachment. Sua conduta \u00e9 incompat\u00edvel com o cargo\u201d, argumenta o presidente do PSOL-RJ e deputado estadual Fl\u00e1vio Serafini.<\/p>\n<p>No documento, as bancadas do PSOL relembram que Domingos Braz\u00e3o tamb\u00e9m est\u00e1 ligado a uma s\u00e9rie de atividades criminosas, que o deixaram afastado do TCE-RJ entre 2017 e 2023. Naquele ano, ele foi preso temporariamente ao lado de outros quatro conselheiros na Opera\u00e7\u00e3o Quinto do Ouro, suspeito de integrar esquema dentro do tribunal para receber propinas em cima dos contratos do Estado.<\/p>\n<p>No per\u00edodo em que foi eleito conselheiro do TCE, ele era r\u00e9u em processo de abuso de poder econ\u00f4mico por conta de suspeita de compra de votos por meio dos centros sociais que a fam\u00edlia Braz\u00e3o possui na Zona Oeste do Rio. Nessa investiga\u00e7\u00e3o, ele chegou a ter o mandato cassado, mas acabou retornando por conta de liminar favor\u00e1vel no STF.<\/p>\n","protected":false},"excerpt":{"rendered":"<p>Os deputados federais do PSOL, ao lado da bancada do partido na Assembleia Legislativa do Rio de Janeiro (Alerj) e da vi\u00fava de Marielle Franco e vereadora carioca M\u00f4nica Ben\u00edcio, apresentaram a\u00e7\u00f5es no Superior Tribunal de Justi\u00e7a (STJ) e no Tribunal de Contas do Estado (TCE-RJ) para afastar Domingos Braz\u00e3o do cargo de conselheiro no [&hellip;]<\/p>\n","protected":false},"author":2,"featured_media":39275,"comment_status":"closed","ping_status":"open","sticky":false,"template":"","format":"standard","meta":{"_acf_changed":false,"footnotes":""},"categories":[10],"tags":[4825],"class_list":{"0":"post-39272","1":"post","2":"type-post","3":"status-publish","4":"format-standard","5":"has-post-thumbnail","7":"category-acao-parlamentares","8":"tag-noticias"},"acf":[],"yoast_head":"<!-- This site is optimized with the Yoast SEO plugin v26.5 - https:\/\/yoast.com\/wordpress\/plugins\/seo\/ -->\n<title>PSOL pede afastamento de Domingos Braz\u00e3o do Tribunal de Contas do Rio de Janeiro<\/title>\n<meta name=\"description\" content=\"Al\u00e9m do afastamento cautelar, bancadas do PSOL na C\u00e2mara e na Assembleia do RJ ao lado da vi\u00fava de Marielle, M\u00f4nica Ben\u00edcio, pedem o impeachment de Braz\u00e3o do cargo vital\u00edcio.\" \/>\n<meta name=\"robots\" content=\"index, follow, max-snippet:-1, max-image-preview:large, max-video-preview:-1\" \/>\n<link rel=\"canonical\" href=\"https:\/\/psol50.org.br\/psol-pede-afastamento-de-domingos-brazao-do-tribunal-de-contas-do-rio-de-janeiro\/\" \/>\n<meta property=\"og:locale\" content=\"pt_BR\" \/>\n<meta property=\"og:type\" content=\"article\" \/>\n<meta property=\"og:title\" content=\"PSOL pede afastamento de Domingos Braz\u00e3o do Tribunal de Contas do Rio de Janeiro\" \/>\n<meta property=\"og:description\" content=\"Al\u00e9m do afastamento cautelar, bancadas do PSOL na C\u00e2mara e na Assembleia do RJ ao lado da vi\u00fava de Marielle, M\u00f4nica Ben\u00edcio, pedem o impeachment de Braz\u00e3o do cargo vital\u00edcio.\" \/>\n<meta property=\"og:url\" content=\"https:\/\/psol50.org.br\/psol-pede-afastamento-de-domingos-brazao-do-tribunal-de-contas-do-rio-de-janeiro\/\" \/>\n<meta property=\"og:site_name\" content=\"PSOL 50\" \/>\n<meta property=\"article:publisher\" content=\"https:\/\/www.facebook.com\/psol50\" \/>\n<meta property=\"article:published_time\" content=\"2024-03-26T20:19:33+00:00\" \/>\n<meta property=\"article:modified_time\" content=\"2024-04-01T19:42:40+00:00\" \/>\n<meta property=\"og:image\" content=\"https:\/\/psol50.org.br\/inc\/uploads\/2024\/03\/Captura-de-Tela-2024-03-26-as-17.18.57-1024x608.png\" \/>\n\t<meta property=\"og:image:width\" content=\"1024\" \/>\n\t<meta property=\"og:image:height\" content=\"608\" \/>\n\t<meta property=\"og:image:type\" content=\"image\/png\" \/>\n<meta name=\"author\" content=\"Comunica\u00e7\u00e3o PSOL\" \/>\n<meta name=\"twitter:card\" content=\"summary_large_image\" \/>\n<meta name=\"twitter:creator\" content=\"@psol50\" \/>\n<meta name=\"twitter:site\" content=\"@psol50\" \/>\n<meta name=\"twitter:label1\" content=\"Escrito por\" \/>\n\t<meta name=\"twitter:data1\" content=\"Comunica\u00e7\u00e3o PSOL\" \/>\n\t<meta name=\"twitter:label2\" content=\"Est. tempo de leitura\" \/>\n\t<meta name=\"twitter:data2\" content=\"2 minutos\" \/>\n<script type=\"application\/ld+json\" class=\"yoast-schema-graph\">{\"@context\":\"https:\/\/schema.org\",\"@graph\":[{\"@type\":\"Article\",\"@id\":\"https:\/\/psol50.org.br\/psol-pede-afastamento-de-domingos-brazao-do-tribunal-de-contas-do-rio-de-janeiro\/#article\",\"isPartOf\":{\"@id\":\"https:\/\/psol50.org.br\/psol-pede-afastamento-de-domingos-brazao-do-tribunal-de-contas-do-rio-de-janeiro\/\"},\"author\":{\"name\":\"Comunica\u00e7\u00e3o PSOL\",\"@id\":\"https:\/\/psol50.org.br\/#\/schema\/person\/475dfa57d0b815993c714c2e96491fcd\"},\"headline\":\"PSOL pede afastamento de Domingos Braz\u00e3o do Tribunal de Contas do Rio de Janeiro\",\"datePublished\":\"2024-03-26T20:19:33+00:00\",\"dateModified\":\"2024-04-01T19:42:40+00:00\",\"mainEntityOfPage\":{\"@id\":\"https:\/\/psol50.org.br\/psol-pede-afastamento-de-domingos-brazao-do-tribunal-de-contas-do-rio-de-janeiro\/\"},\"wordCount\":349,\"publisher\":{\"@id\":\"https:\/\/psol50.org.br\/#organization\"},\"image\":{\"@id\":\"https:\/\/psol50.org.br\/psol-pede-afastamento-de-domingos-brazao-do-tribunal-de-contas-do-rio-de-janeiro\/#primaryimage\"},\"thumbnailUrl\":\"https:\/\/psol50.org.br\/inc\/uploads\/2024\/03\/Captura-de-Tela-2024-03-26-as-17.18.57.png\",\"keywords\":[\"Not\u00edcias\"],\"articleSection\":[\"A\u00e7\u00e3o Parlamentar\"],\"inLanguage\":\"pt-BR\"},{\"@type\":\"WebPage\",\"@id\":\"https:\/\/psol50.org.br\/psol-pede-afastamento-de-domingos-brazao-do-tribunal-de-contas-do-rio-de-janeiro\/\",\"url\":\"https:\/\/psol50.org.br\/psol-pede-afastamento-de-domingos-brazao-do-tribunal-de-contas-do-rio-de-janeiro\/\",\"name\":\"PSOL pede afastamento de Domingos Braz\u00e3o do Tribunal de Contas do Rio de Janeiro\",\"isPartOf\":{\"@id\":\"https:\/\/psol50.org.br\/#website\"},\"primaryImageOfPage\":{\"@id\":\"https:\/\/psol50.org.br\/psol-pede-afastamento-de-domingos-brazao-do-tribunal-de-contas-do-rio-de-janeiro\/#primaryimage\"},\"image\":{\"@id\":\"https:\/\/psol50.org.br\/psol-pede-afastamento-de-domingos-brazao-do-tribunal-de-contas-do-rio-de-janeiro\/#primaryimage\"},\"thumbnailUrl\":\"https:\/\/psol50.org.br\/inc\/uploads\/2024\/03\/Captura-de-Tela-2024-03-26-as-17.18.57.png\",\"datePublished\":\"2024-03-26T20:19:33+00:00\",\"dateModified\":\"2024-04-01T19:42:40+00:00\",\"description\":\"Al\u00e9m do afastamento cautelar, bancadas do PSOL na C\u00e2mara e na Assembleia do RJ ao lado da vi\u00fava de Marielle, M\u00f4nica Ben\u00edcio, pedem o impeachment de Braz\u00e3o do cargo vital\u00edcio.\",\"breadcrumb\":{\"@id\":\"https:\/\/psol50.org.br\/psol-pede-afastamento-de-domingos-brazao-do-tribunal-de-contas-do-rio-de-janeiro\/#breadcrumb\"},\"inLanguage\":\"pt-BR\",\"potentialAction\":[{\"@type\":\"ReadAction\",\"target\":[\"https:\/\/psol50.org.br\/psol-pede-afastamento-de-domingos-brazao-do-tribunal-de-contas-do-rio-de-janeiro\/\"]}]},{\"@type\":\"ImageObject\",\"inLanguage\":\"pt-BR\",\"@id\":\"https:\/\/psol50.org.br\/psol-pede-afastamento-de-domingos-brazao-do-tribunal-de-contas-do-rio-de-janeiro\/#primaryimage\",\"url\":\"https:\/\/psol50.org.br\/inc\/uploads\/2024\/03\/Captura-de-Tela-2024-03-26-as-17.18.57.png\",\"contentUrl\":\"https:\/\/psol50.org.br\/inc\/uploads\/2024\/03\/Captura-de-Tela-2024-03-26-as-17.18.57.png\",\"width\":2262,\"height\":1344,\"caption\":\"Foto: Alerj\"},{\"@type\":\"BreadcrumbList\",\"@id\":\"https:\/\/psol50.org.br\/psol-pede-afastamento-de-domingos-brazao-do-tribunal-de-contas-do-rio-de-janeiro\/#breadcrumb\",\"itemListElement\":[{\"@type\":\"ListItem\",\"position\":1,\"name\":\"In\u00edcio\",\"item\":\"https:\/\/psol50.org.br\/\"},{\"@type\":\"ListItem\",\"position\":2,\"name\":\"PSOL pede afastamento de Domingos Braz\u00e3o do Tribunal de Contas do Rio de Janeiro\"}]},{\"@type\":\"WebSite\",\"@id\":\"https:\/\/psol50.org.br\/#website\",\"url\":\"https:\/\/psol50.org.br\/\",\"name\":\"PSOL 50\",\"description\":\"Site oficial do Partido Socialismo e Liberdade\",\"publisher\":{\"@id\":\"https:\/\/psol50.org.br\/#organization\"},\"alternateName\":\"PSOL50\",\"potentialAction\":[{\"@type\":\"SearchAction\",\"target\":{\"@type\":\"EntryPoint\",\"urlTemplate\":\"https:\/\/psol50.org.br\/?s={search_term_string}\"},\"query-input\":{\"@type\":\"PropertyValueSpecification\",\"valueRequired\":true,\"valueName\":\"search_term_string\"}}],\"inLanguage\":\"pt-BR\"},{\"@type\":\"Organization\",\"@id\":\"https:\/\/psol50.org.br\/#organization\",\"name\":\"PSOL 50\",\"alternateName\":\"PSOL 50\",\"url\":\"https:\/\/psol50.org.br\/\",\"logo\":{\"@type\":\"ImageObject\",\"inLanguage\":\"pt-BR\",\"@id\":\"https:\/\/psol50.org.br\/#\/schema\/logo\/image\/\",\"url\":\"https:\/\/psol50.org.br\/inc\/uploads\/2018\/07\/capa.png\",\"contentUrl\":\"https:\/\/psol50.org.br\/inc\/uploads\/2018\/07\/capa.png\",\"width\":1350,\"height\":900,\"caption\":\"PSOL 50\"},\"image\":{\"@id\":\"https:\/\/psol50.org.br\/#\/schema\/logo\/image\/\"},\"sameAs\":[\"https:\/\/www.facebook.com\/psol50\",\"https:\/\/x.com\/psol50\",\"https:\/\/www.instagram.com\/psol50\/\",\"https:\/\/www.youtube.com\/channel\/UC7SnJS5o1os7a6CaiNabzcg\"]},{\"@type\":\"Person\",\"@id\":\"https:\/\/psol50.org.br\/#\/schema\/person\/475dfa57d0b815993c714c2e96491fcd\",\"name\":\"Comunica\u00e7\u00e3o PSOL\",\"image\":{\"@type\":\"ImageObject\",\"inLanguage\":\"pt-BR\",\"@id\":\"https:\/\/psol50.org.br\/#\/schema\/person\/image\/\",\"url\":\"https:\/\/secure.gravatar.com\/avatar\/b34fc4f4e468a4e51785917065a3db57b841f5c95dba6ad8c73aaf8f66f8f9bf?s=96&d=mm&r=g\",\"contentUrl\":\"https:\/\/secure.gravatar.com\/avatar\/b34fc4f4e468a4e51785917065a3db57b841f5c95dba6ad8c73aaf8f66f8f9bf?s=96&d=mm&r=g\",\"caption\":\"Comunica\u00e7\u00e3o PSOL\"}}]}<\/script>\n<!-- \/ Yoast SEO plugin. -->","yoast_head_json":{"title":"PSOL pede afastamento de Domingos Braz\u00e3o do Tribunal de Contas do Rio de Janeiro","description":"Al\u00e9m do afastamento cautelar, bancadas do PSOL na C\u00e2mara e na Assembleia do RJ ao lado da vi\u00fava de Marielle, M\u00f4nica Ben\u00edcio, pedem o impeachment de Braz\u00e3o do cargo vital\u00edcio.","robots":{"index":"index","follow":"follow","max-snippet":"max-snippet:-1","max-image-preview":"max-image-preview:large","max-video-preview":"max-video-preview:-1"},"canonical":"https:\/\/psol50.org.br\/psol-pede-afastamento-de-domingos-brazao-do-tribunal-de-contas-do-rio-de-janeiro\/","og_locale":"pt_BR","og_type":"article","og_title":"PSOL pede afastamento de Domingos Braz\u00e3o do Tribunal de Contas do Rio de Janeiro","og_description":"Al\u00e9m do afastamento cautelar, bancadas do PSOL na C\u00e2mara e na Assembleia do RJ ao lado da vi\u00fava de Marielle, M\u00f4nica Ben\u00edcio, pedem o impeachment de Braz\u00e3o do cargo vital\u00edcio.","og_url":"https:\/\/psol50.org.br\/psol-pede-afastamento-de-domingos-brazao-do-tribunal-de-contas-do-rio-de-janeiro\/","og_site_name":"PSOL 50","article_publisher":"https:\/\/www.facebook.com\/psol50","article_published_time":"2024-03-26T20:19:33+00:00","article_modified_time":"2024-04-01T19:42:40+00:00","og_image":[{"width":1024,"height":608,"url":"https:\/\/psol50.org.br\/inc\/uploads\/2024\/03\/Captura-de-Tela-2024-03-26-as-17.18.57-1024x608.png","type":"image\/png"}],"author":"Comunica\u00e7\u00e3o PSOL","twitter_card":"summary_large_image","twitter_creator":"@psol50","twitter_site":"@psol50","twitter_misc":{"Escrito por":"Comunica\u00e7\u00e3o PSOL","Est. tempo de leitura":"2 minutos"},"schema":{"@context":"https:\/\/schema.org","@graph":[{"@type":"Article","@id":"https:\/\/psol50.org.br\/psol-pede-afastamento-de-domingos-brazao-do-tribunal-de-contas-do-rio-de-janeiro\/#article","isPartOf":{"@id":"https:\/\/psol50.org.br\/psol-pede-afastamento-de-domingos-brazao-do-tribunal-de-contas-do-rio-de-janeiro\/"},"author":{"name":"Comunica\u00e7\u00e3o PSOL","@id":"https:\/\/psol50.org.br\/#\/schema\/person\/475dfa57d0b815993c714c2e96491fcd"},"headline":"PSOL pede afastamento de Domingos Braz\u00e3o do Tribunal de Contas do Rio de Janeiro","datePublished":"2024-03-26T20:19:33+00:00","dateModified":"2024-04-01T19:42:40+00:00","mainEntityOfPage":{"@id":"https:\/\/psol50.org.br\/psol-pede-afastamento-de-domingos-brazao-do-tribunal-de-contas-do-rio-de-janeiro\/"},"wordCount":349,"publisher":{"@id":"https:\/\/psol50.org.br\/#organization"},"image":{"@id":"https:\/\/psol50.org.br\/psol-pede-afastamento-de-domingos-brazao-do-tribunal-de-contas-do-rio-de-janeiro\/#primaryimage"},"thumbnailUrl":"https:\/\/psol50.org.br\/inc\/uploads\/2024\/03\/Captura-de-Tela-2024-03-26-as-17.18.57.png","keywords":["Not\u00edcias"],"articleSection":["A\u00e7\u00e3o Parlamentar"],"inLanguage":"pt-BR"},{"@type":"WebPage","@id":"https:\/\/psol50.org.br\/psol-pede-afastamento-de-domingos-brazao-do-tribunal-de-contas-do-rio-de-janeiro\/","url":"https:\/\/psol50.org.br\/psol-pede-afastamento-de-domingos-brazao-do-tribunal-de-contas-do-rio-de-janeiro\/","name":"PSOL pede afastamento de Domingos Braz\u00e3o do Tribunal de Contas do Rio de Janeiro","isPartOf":{"@id":"https:\/\/psol50.org.br\/#website"},"primaryImageOfPage":{"@id":"https:\/\/psol50.org.br\/psol-pede-afastamento-de-domingos-brazao-do-tribunal-de-contas-do-rio-de-janeiro\/#primaryimage"},"image":{"@id":"https:\/\/psol50.org.br\/psol-pede-afastamento-de-domingos-brazao-do-tribunal-de-contas-do-rio-de-janeiro\/#primaryimage"},"thumbnailUrl":"https:\/\/psol50.org.br\/inc\/uploads\/2024\/03\/Captura-de-Tela-2024-03-26-as-17.18.57.png","datePublished":"2024-03-26T20:19:33+00:00","dateModified":"2024-04-01T19:42:40+00:00","description":"Al\u00e9m do afastamento cautelar, bancadas do PSOL na C\u00e2mara e na Assembleia do RJ ao lado da vi\u00fava de Marielle, M\u00f4nica Ben\u00edcio, pedem o impeachment de Braz\u00e3o do cargo vital\u00edcio.","breadcrumb":{"@id":"https:\/\/psol50.org.br\/psol-pede-afastamento-de-domingos-brazao-do-tribunal-de-contas-do-rio-de-janeiro\/#breadcrumb"},"inLanguage":"pt-BR","potentialAction":[{"@type":"ReadAction","target":["https:\/\/psol50.org.br\/psol-pede-afastamento-de-domingos-brazao-do-tribunal-de-contas-do-rio-de-janeiro\/"]}]},{"@type":"ImageObject","inLanguage":"pt-BR","@id":"https:\/\/psol50.org.br\/psol-pede-afastamento-de-domingos-brazao-do-tribunal-de-contas-do-rio-de-janeiro\/#primaryimage","url":"https:\/\/psol50.org.br\/inc\/uploads\/2024\/03\/Captura-de-Tela-2024-03-26-as-17.18.57.png","contentUrl":"https:\/\/psol50.org.br\/inc\/uploads\/2024\/03\/Captura-de-Tela-2024-03-26-as-17.18.57.png","width":2262,"height":1344,"caption":"Foto: Alerj"},{"@type":"BreadcrumbList","@id":"https:\/\/psol50.org.br\/psol-pede-afastamento-de-domingos-brazao-do-tribunal-de-contas-do-rio-de-janeiro\/#breadcrumb","itemListElement":[{"@type":"ListItem","position":1,"name":"In\u00edcio","item":"https:\/\/psol50.org.br\/"},{"@type":"ListItem","position":2,"name":"PSOL pede afastamento de Domingos Braz\u00e3o do Tribunal de Contas do Rio de Janeiro"}]},{"@type":"WebSite","@id":"https:\/\/psol50.org.br\/#website","url":"https:\/\/psol50.org.br\/","name":"PSOL 50","description":"Site oficial do Partido Socialismo e Liberdade","publisher":{"@id":"https:\/\/psol50.org.br\/#organization"},"alternateName":"PSOL50","potentialAction":[{"@type":"SearchAction","target":{"@type":"EntryPoint","urlTemplate":"https:\/\/psol50.org.br\/?s={search_term_string}"},"query-input":{"@type":"PropertyValueSpecification","valueRequired":true,"valueName":"search_term_string"}}],"inLanguage":"pt-BR"},{"@type":"Organization","@id":"https:\/\/psol50.org.br\/#organization","name":"PSOL 50","alternateName":"PSOL 50","url":"https:\/\/psol50.org.br\/","logo":{"@type":"ImageObject","inLanguage":"pt-BR","@id":"https:\/\/psol50.org.br\/#\/schema\/logo\/image\/","url":"https:\/\/psol50.org.br\/inc\/uploads\/2018\/07\/capa.png","contentUrl":"https:\/\/psol50.org.br\/inc\/uploads\/2018\/07\/capa.png","width":1350,"height":900,"caption":"PSOL 50"},"image":{"@id":"https:\/\/psol50.org.br\/#\/schema\/logo\/image\/"},"sameAs":["https:\/\/www.facebook.com\/psol50","https:\/\/x.com\/psol50","https:\/\/www.instagram.com\/psol50\/","https:\/\/www.youtube.com\/channel\/UC7SnJS5o1os7a6CaiNabzcg"]},{"@type":"Person","@id":"https:\/\/psol50.org.br\/#\/schema\/person\/475dfa57d0b815993c714c2e96491fcd","name":"Comunica\u00e7\u00e3o PSOL","image":{"@type":"ImageObject","inLanguage":"pt-BR","@id":"https:\/\/psol50.org.br\/#\/schema\/person\/image\/","url":"https:\/\/secure.gravatar.com\/avatar\/b34fc4f4e468a4e51785917065a3db57b841f5c95dba6ad8c73aaf8f66f8f9bf?s=96&d=mm&r=g","contentUrl":"https:\/\/secure.gravatar.com\/avatar\/b34fc4f4e468a4e51785917065a3db57b841f5c95dba6ad8c73aaf8f66f8f9bf?s=96&d=mm&r=g","caption":"Comunica\u00e7\u00e3o PSOL"}}]}},"_links":{"self":[{"href":"https:\/\/psol50.org.br\/rest\/wp\/v2\/posts\/39272","targetHints":{"allow":["GET"]}}],"collection":[{"href":"https:\/\/psol50.org.br\/rest\/wp\/v2\/posts"}],"about":[{"href":"https:\/\/psol50.org.br\/rest\/wp\/v2\/types\/post"}],"author":[{"embeddable":true,"href":"https:\/\/psol50.org.br\/rest\/wp\/v2\/users\/2"}],"replies":[{"embeddable":true,"href":"https:\/\/psol50.org.br\/rest\/wp\/v2\/comments?post=39272"}],"version-history":[{"count":2,"href":"https:\/\/psol50.org.br\/rest\/wp\/v2\/posts\/39272\/revisions"}],"predecessor-version":[{"id":39274,"href":"https:\/\/psol50.org.br\/rest\/wp\/v2\/posts\/39272\/revisions\/39274"}],"wp:featuredmedia":[{"embeddable":true,"href":"https:\/\/psol50.org.br\/rest\/wp\/v2\/media\/39275"}],"wp:attachment":[{"href":"https:\/\/psol50.org.br\/rest\/wp\/v2\/media?parent=39272"}],"wp:term":[{"taxonomy":"category","embeddable":true,"href":"https:\/\/psol50.org.br\/rest\/wp\/v2\/categories?post=39272"},{"taxonomy":"post_tag","embeddable":true,"href":"https:\/\/psol50.org.br\/rest\/wp\/v2\/tags?post=39272"}],"curies":[{"name":"wp","href":"https:\/\/api.w.org\/{rel}","templated":true}]}}