{"id":39304,"date":"2024-04-02T12:22:59","date_gmt":"2024-04-02T15:22:59","guid":{"rendered":"https:\/\/psol50.org.br\/?p=39304"},"modified":"2024-04-08T11:41:31","modified_gmt":"2024-04-08T14:41:31","slug":"fernanda-melchionna-chama-familia-bolsonaro-de-bandidos-pl-sente-o-golpe-e-pede-cassacao-de-deputada-do-psol","status":"publish","type":"post","link":"https:\/\/psol50.org.br\/fernanda-melchionna-chama-familia-bolsonaro-de-bandidos-pl-sente-o-golpe-e-pede-cassacao-de-deputada-do-psol\/","title":{"rendered":"Fernanda Melchionna chama fam\u00edlia Bolsonaro de &#8220;bandidos&#8221;, PL sente o golpe e pede cassa\u00e7\u00e3o de deputada do PSOL"},"content":{"rendered":"<p>O Partido Liberal (PL) apresentou nesta semana um pedido de cassa\u00e7\u00e3o do mandato da deputada federal Fernanda Melchionna (PSOL) no Conselho de \u00c9tica da C\u00e2mara dos Deputados ap\u00f3s a parlamentar chamar a fam\u00edlia Bolsonaro de &#8220;famil\u00edcia&#8221; e de &#8220;bandidos&#8221; em discurso na Comiss\u00e3o de Seguran\u00e7a P\u00fablica ainda em dezembro de 2023.<\/p>\n<p>Na ocasi\u00e3o, a deputada do PSOL se posicionou contra o projeto que buscava incluir o Movimento dos Trabalhadores Rurais Sem Terra (MST) na lista de organiza\u00e7\u00f5es consideradas terroristas.<\/p>\n<p>A parlamentar disse que \u00e0 \u00e9poca que a lista era \u201cescandalosa\u201d e exclu\u00eda os &#8220;escrit\u00f3rios do crime\u201d e \u201cmatadores de aluguel que j\u00e1 mataram centenas de pessoas recebendo rios de dinheiro&#8221;.<\/p>\n<p>&#8220;Inclusive, tinham amizade com o chefe dessa turma aqui da comiss\u00e3o, que \u00e9 o Bolsonaro, que deu medalha, presente e homenageou um dos maiores bandidos do escrit\u00f3rio do crime\u201d, disse Fernanda em sua fala.<\/p>\n<p>\u201cJair Bolsonaro e seus quatro filhos est\u00e3o, ou estiveram, todos envolvidos em investiga\u00e7\u00f5es por diversos crimes. Lavagem de dinheiro, tr\u00e1fico de influ\u00eancia, \u2018rachadinha\u2019, roubo de joias, falsifica\u00e7\u00e3o de carteira de vacina\u00e7\u00e3o, tentativa de golpe de Estado, etc. A lista \u00e9 imensa\u201d, aponta Melchionna ap\u00f3s receber a not\u00edcia do pedido de cassa\u00e7\u00e3o de seu mandato.<\/p>\n<p>\u201cAl\u00e9m disso, h\u00e1 fortes ind\u00edcios da liga\u00e7\u00e3o da fam\u00edlia Bolsonaro com as mil\u00edcias do Rio de Janeiro. Como por exemplo, o fato de que a ex-mulher e a m\u00e3e do miliciano Adriano da N\u00f3brega receberam sal\u00e1rios do gabinete do ent\u00e3o deputado estadual Fl\u00e1vio Bolsonaro\u201d, enfatizou a deputada.<\/p>\n<p>O presidente da C\u00e2mara, Arthur Lira (PP-AL), rapidamente enviou a representa\u00e7\u00e3o ao Conselho de \u00c9tica, com celeridade que n\u00e3o \u00e9 vista quando os alvos dos pedidos de cassa\u00e7\u00e3o s\u00e3o parlamentares da extrema-direita.<\/p>\n<blockquote class=\"twitter-tweet\" data-width=\"550\" data-dnt=\"true\">\n<p lang=\"pt\" dir=\"ltr\">\u26a0\ufe0f Mais uma vez, o PL, partido de Bolsonaro, tenta nos intimidar! Dessa vez, o partido foi ao Conselho de \u00c9tica pedir a cassa\u00e7\u00e3o do nosso mandato por termos chamado o cl\u00e3 Bolsonaro de &quot;famil\u00edcia&quot;.<br \/>N\u00e3o nos intimidar\u00e3o! <br \/>Seguiremos denunciando os crimes da fam\u00edlia Bolsonaro!<\/p>\n<p>&mdash; Fernanda Melchionna (@fernandapsol) <a href=\"https:\/\/twitter.com\/fernandapsol\/status\/1774877335163998272?ref_src=twsrc%5Etfw\">April 1, 2024<\/a><\/p><\/blockquote>\n<p><script async src=\"https:\/\/platform.twitter.com\/widgets.js\" charset=\"utf-8\"><\/script><\/p>\n","protected":false},"excerpt":{"rendered":"<p>O Partido Liberal (PL) apresentou nesta semana um pedido de cassa\u00e7\u00e3o do mandato da deputada federal Fernanda Melchionna (PSOL) no Conselho de \u00c9tica da C\u00e2mara dos Deputados ap\u00f3s a parlamentar chamar a fam\u00edlia Bolsonaro de &#8220;famil\u00edcia&#8221; e de &#8220;bandidos&#8221; em discurso na Comiss\u00e3o de Seguran\u00e7a P\u00fablica ainda em dezembro de 2023. Na ocasi\u00e3o, a deputada [&hellip;]<\/p>\n","protected":false},"author":2,"featured_media":39305,"comment_status":"closed","ping_status":"open","sticky":false,"template":"","format":"standard","meta":{"_acf_changed":false,"footnotes":""},"categories":[14],"tags":[4825],"class_list":{"0":"post-39304","1":"post","2":"type-post","3":"status-publish","4":"format-standard","5":"has-post-thumbnail","7":"category-partido","8":"tag-noticias"},"acf":[],"yoast_head":"<!-- This site is optimized with the Yoast SEO plugin v26.5 - https:\/\/yoast.com\/wordpress\/plugins\/seo\/ -->\n<title>Fernanda Melchionna chama fam\u00edlia Bolsonaro de &quot;bandidos&quot;, PL sente o golpe e pede cassa\u00e7\u00e3o de deputada do PSOL<\/title>\n<meta name=\"description\" content=\"Pedido foi feito porque a parlamentar chamou a fam\u00edlia Bolsonaro de &quot;famil\u00edcia&quot; e de &quot;bandidos&quot; na Comiss\u00e3o de Seguran\u00e7a P\u00fablica em dezembro.\" \/>\n<meta name=\"robots\" content=\"index, follow, max-snippet:-1, max-image-preview:large, max-video-preview:-1\" \/>\n<link rel=\"canonical\" href=\"https:\/\/psol50.org.br\/fernanda-melchionna-chama-familia-bolsonaro-de-bandidos-pl-sente-o-golpe-e-pede-cassacao-de-deputada-do-psol\/\" \/>\n<meta property=\"og:locale\" content=\"pt_BR\" \/>\n<meta property=\"og:type\" content=\"article\" \/>\n<meta property=\"og:title\" content=\"Fernanda Melchionna chama fam\u00edlia Bolsonaro de &quot;bandidos&quot;, PL sente o golpe e pede cassa\u00e7\u00e3o de deputada do PSOL\" \/>\n<meta property=\"og:description\" content=\"Pedido foi feito porque a parlamentar chamou a fam\u00edlia Bolsonaro de &quot;famil\u00edcia&quot; e de &quot;bandidos&quot; na Comiss\u00e3o de Seguran\u00e7a P\u00fablica em dezembro.\" \/>\n<meta property=\"og:url\" content=\"https:\/\/psol50.org.br\/fernanda-melchionna-chama-familia-bolsonaro-de-bandidos-pl-sente-o-golpe-e-pede-cassacao-de-deputada-do-psol\/\" \/>\n<meta property=\"og:site_name\" content=\"PSOL 50\" \/>\n<meta property=\"article:publisher\" content=\"https:\/\/www.facebook.com\/psol50\" \/>\n<meta property=\"article:published_time\" content=\"2024-04-02T15:22:59+00:00\" \/>\n<meta property=\"article:modified_time\" content=\"2024-04-08T14:41:31+00:00\" \/>\n<meta property=\"og:image\" content=\"https:\/\/psol50.org.br\/inc\/uploads\/2024\/04\/img20240326094306593.jpg\" \/>\n\t<meta property=\"og:image:width\" content=\"1984\" \/>\n\t<meta property=\"og:image:height\" content=\"1223\" \/>\n\t<meta property=\"og:image:type\" content=\"image\/jpeg\" \/>\n<meta name=\"author\" content=\"Comunica\u00e7\u00e3o PSOL\" \/>\n<meta name=\"twitter:card\" content=\"summary_large_image\" \/>\n<meta name=\"twitter:creator\" content=\"@psol50\" \/>\n<meta name=\"twitter:site\" content=\"@psol50\" \/>\n<meta name=\"twitter:label1\" content=\"Escrito por\" \/>\n\t<meta name=\"twitter:data1\" content=\"Comunica\u00e7\u00e3o PSOL\" \/>\n\t<meta name=\"twitter:label2\" content=\"Est. tempo de leitura\" \/>\n\t<meta name=\"twitter:data2\" content=\"2 minutos\" \/>\n<script type=\"application\/ld+json\" class=\"yoast-schema-graph\">{\"@context\":\"https:\/\/schema.org\",\"@graph\":[{\"@type\":\"Article\",\"@id\":\"https:\/\/psol50.org.br\/fernanda-melchionna-chama-familia-bolsonaro-de-bandidos-pl-sente-o-golpe-e-pede-cassacao-de-deputada-do-psol\/#article\",\"isPartOf\":{\"@id\":\"https:\/\/psol50.org.br\/fernanda-melchionna-chama-familia-bolsonaro-de-bandidos-pl-sente-o-golpe-e-pede-cassacao-de-deputada-do-psol\/\"},\"author\":{\"name\":\"Comunica\u00e7\u00e3o PSOL\",\"@id\":\"https:\/\/psol50.org.br\/#\/schema\/person\/475dfa57d0b815993c714c2e96491fcd\"},\"headline\":\"Fernanda Melchionna chama fam\u00edlia Bolsonaro de &#8220;bandidos&#8221;, PL sente o golpe e pede cassa\u00e7\u00e3o de deputada do PSOL\",\"datePublished\":\"2024-04-02T15:22:59+00:00\",\"dateModified\":\"2024-04-08T14:41:31+00:00\",\"mainEntityOfPage\":{\"@id\":\"https:\/\/psol50.org.br\/fernanda-melchionna-chama-familia-bolsonaro-de-bandidos-pl-sente-o-golpe-e-pede-cassacao-de-deputada-do-psol\/\"},\"wordCount\":335,\"publisher\":{\"@id\":\"https:\/\/psol50.org.br\/#organization\"},\"image\":{\"@id\":\"https:\/\/psol50.org.br\/fernanda-melchionna-chama-familia-bolsonaro-de-bandidos-pl-sente-o-golpe-e-pede-cassacao-de-deputada-do-psol\/#primaryimage\"},\"thumbnailUrl\":\"https:\/\/psol50.org.br\/inc\/uploads\/2024\/04\/img20240326094306593.jpg\",\"keywords\":[\"Not\u00edcias\"],\"articleSection\":[\"Partido\"],\"inLanguage\":\"pt-BR\"},{\"@type\":\"WebPage\",\"@id\":\"https:\/\/psol50.org.br\/fernanda-melchionna-chama-familia-bolsonaro-de-bandidos-pl-sente-o-golpe-e-pede-cassacao-de-deputada-do-psol\/\",\"url\":\"https:\/\/psol50.org.br\/fernanda-melchionna-chama-familia-bolsonaro-de-bandidos-pl-sente-o-golpe-e-pede-cassacao-de-deputada-do-psol\/\",\"name\":\"Fernanda Melchionna chama fam\u00edlia Bolsonaro de \\\"bandidos\\\", PL sente o golpe e pede cassa\u00e7\u00e3o de deputada do PSOL\",\"isPartOf\":{\"@id\":\"https:\/\/psol50.org.br\/#website\"},\"primaryImageOfPage\":{\"@id\":\"https:\/\/psol50.org.br\/fernanda-melchionna-chama-familia-bolsonaro-de-bandidos-pl-sente-o-golpe-e-pede-cassacao-de-deputada-do-psol\/#primaryimage\"},\"image\":{\"@id\":\"https:\/\/psol50.org.br\/fernanda-melchionna-chama-familia-bolsonaro-de-bandidos-pl-sente-o-golpe-e-pede-cassacao-de-deputada-do-psol\/#primaryimage\"},\"thumbnailUrl\":\"https:\/\/psol50.org.br\/inc\/uploads\/2024\/04\/img20240326094306593.jpg\",\"datePublished\":\"2024-04-02T15:22:59+00:00\",\"dateModified\":\"2024-04-08T14:41:31+00:00\",\"description\":\"Pedido foi feito porque a parlamentar chamou a fam\u00edlia Bolsonaro de \\\"famil\u00edcia\\\" e de \\\"bandidos\\\" na Comiss\u00e3o de Seguran\u00e7a P\u00fablica em dezembro.\",\"breadcrumb\":{\"@id\":\"https:\/\/psol50.org.br\/fernanda-melchionna-chama-familia-bolsonaro-de-bandidos-pl-sente-o-golpe-e-pede-cassacao-de-deputada-do-psol\/#breadcrumb\"},\"inLanguage\":\"pt-BR\",\"potentialAction\":[{\"@type\":\"ReadAction\",\"target\":[\"https:\/\/psol50.org.br\/fernanda-melchionna-chama-familia-bolsonaro-de-bandidos-pl-sente-o-golpe-e-pede-cassacao-de-deputada-do-psol\/\"]}]},{\"@type\":\"ImageObject\",\"inLanguage\":\"pt-BR\",\"@id\":\"https:\/\/psol50.org.br\/fernanda-melchionna-chama-familia-bolsonaro-de-bandidos-pl-sente-o-golpe-e-pede-cassacao-de-deputada-do-psol\/#primaryimage\",\"url\":\"https:\/\/psol50.org.br\/inc\/uploads\/2024\/04\/img20240326094306593.jpg\",\"contentUrl\":\"https:\/\/psol50.org.br\/inc\/uploads\/2024\/04\/img20240326094306593.jpg\",\"width\":1984,\"height\":1223,\"caption\":\"Foto: Mario Agra \/ C\u00e2mara dos Deputados\"},{\"@type\":\"BreadcrumbList\",\"@id\":\"https:\/\/psol50.org.br\/fernanda-melchionna-chama-familia-bolsonaro-de-bandidos-pl-sente-o-golpe-e-pede-cassacao-de-deputada-do-psol\/#breadcrumb\",\"itemListElement\":[{\"@type\":\"ListItem\",\"position\":1,\"name\":\"In\u00edcio\",\"item\":\"https:\/\/psol50.org.br\/\"},{\"@type\":\"ListItem\",\"position\":2,\"name\":\"Fernanda Melchionna chama fam\u00edlia Bolsonaro de &#8220;bandidos&#8221;, PL sente o golpe e pede cassa\u00e7\u00e3o de deputada do PSOL\"}]},{\"@type\":\"WebSite\",\"@id\":\"https:\/\/psol50.org.br\/#website\",\"url\":\"https:\/\/psol50.org.br\/\",\"name\":\"PSOL 50\",\"description\":\"Site oficial do Partido Socialismo e Liberdade\",\"publisher\":{\"@id\":\"https:\/\/psol50.org.br\/#organization\"},\"alternateName\":\"PSOL50\",\"potentialAction\":[{\"@type\":\"SearchAction\",\"target\":{\"@type\":\"EntryPoint\",\"urlTemplate\":\"https:\/\/psol50.org.br\/?s={search_term_string}\"},\"query-input\":{\"@type\":\"PropertyValueSpecification\",\"valueRequired\":true,\"valueName\":\"search_term_string\"}}],\"inLanguage\":\"pt-BR\"},{\"@type\":\"Organization\",\"@id\":\"https:\/\/psol50.org.br\/#organization\",\"name\":\"PSOL 50\",\"alternateName\":\"PSOL 50\",\"url\":\"https:\/\/psol50.org.br\/\",\"logo\":{\"@type\":\"ImageObject\",\"inLanguage\":\"pt-BR\",\"@id\":\"https:\/\/psol50.org.br\/#\/schema\/logo\/image\/\",\"url\":\"https:\/\/psol50.org.br\/inc\/uploads\/2018\/07\/capa.png\",\"contentUrl\":\"https:\/\/psol50.org.br\/inc\/uploads\/2018\/07\/capa.png\",\"width\":1350,\"height\":900,\"caption\":\"PSOL 50\"},\"image\":{\"@id\":\"https:\/\/psol50.org.br\/#\/schema\/logo\/image\/\"},\"sameAs\":[\"https:\/\/www.facebook.com\/psol50\",\"https:\/\/x.com\/psol50\",\"https:\/\/www.instagram.com\/psol50\/\",\"https:\/\/www.youtube.com\/channel\/UC7SnJS5o1os7a6CaiNabzcg\"]},{\"@type\":\"Person\",\"@id\":\"https:\/\/psol50.org.br\/#\/schema\/person\/475dfa57d0b815993c714c2e96491fcd\",\"name\":\"Comunica\u00e7\u00e3o PSOL\",\"image\":{\"@type\":\"ImageObject\",\"inLanguage\":\"pt-BR\",\"@id\":\"https:\/\/psol50.org.br\/#\/schema\/person\/image\/\",\"url\":\"https:\/\/secure.gravatar.com\/avatar\/b34fc4f4e468a4e51785917065a3db57b841f5c95dba6ad8c73aaf8f66f8f9bf?s=96&d=mm&r=g\",\"contentUrl\":\"https:\/\/secure.gravatar.com\/avatar\/b34fc4f4e468a4e51785917065a3db57b841f5c95dba6ad8c73aaf8f66f8f9bf?s=96&d=mm&r=g\",\"caption\":\"Comunica\u00e7\u00e3o PSOL\"}}]}<\/script>\n<!-- \/ Yoast SEO plugin. -->","yoast_head_json":{"title":"Fernanda Melchionna chama fam\u00edlia Bolsonaro de \"bandidos\", PL sente o golpe e pede cassa\u00e7\u00e3o de deputada do PSOL","description":"Pedido foi feito porque a parlamentar chamou a fam\u00edlia Bolsonaro de \"famil\u00edcia\" e de \"bandidos\" na Comiss\u00e3o de Seguran\u00e7a P\u00fablica em dezembro.","robots":{"index":"index","follow":"follow","max-snippet":"max-snippet:-1","max-image-preview":"max-image-preview:large","max-video-preview":"max-video-preview:-1"},"canonical":"https:\/\/psol50.org.br\/fernanda-melchionna-chama-familia-bolsonaro-de-bandidos-pl-sente-o-golpe-e-pede-cassacao-de-deputada-do-psol\/","og_locale":"pt_BR","og_type":"article","og_title":"Fernanda Melchionna chama fam\u00edlia Bolsonaro de \"bandidos\", PL sente o golpe e pede cassa\u00e7\u00e3o de deputada do PSOL","og_description":"Pedido foi feito porque a parlamentar chamou a fam\u00edlia Bolsonaro de \"famil\u00edcia\" e de \"bandidos\" na Comiss\u00e3o de Seguran\u00e7a P\u00fablica em dezembro.","og_url":"https:\/\/psol50.org.br\/fernanda-melchionna-chama-familia-bolsonaro-de-bandidos-pl-sente-o-golpe-e-pede-cassacao-de-deputada-do-psol\/","og_site_name":"PSOL 50","article_publisher":"https:\/\/www.facebook.com\/psol50","article_published_time":"2024-04-02T15:22:59+00:00","article_modified_time":"2024-04-08T14:41:31+00:00","og_image":[{"width":1984,"height":1223,"url":"https:\/\/psol50.org.br\/inc\/uploads\/2024\/04\/img20240326094306593.jpg","type":"image\/jpeg"}],"author":"Comunica\u00e7\u00e3o PSOL","twitter_card":"summary_large_image","twitter_creator":"@psol50","twitter_site":"@psol50","twitter_misc":{"Escrito por":"Comunica\u00e7\u00e3o PSOL","Est. tempo de leitura":"2 minutos"},"schema":{"@context":"https:\/\/schema.org","@graph":[{"@type":"Article","@id":"https:\/\/psol50.org.br\/fernanda-melchionna-chama-familia-bolsonaro-de-bandidos-pl-sente-o-golpe-e-pede-cassacao-de-deputada-do-psol\/#article","isPartOf":{"@id":"https:\/\/psol50.org.br\/fernanda-melchionna-chama-familia-bolsonaro-de-bandidos-pl-sente-o-golpe-e-pede-cassacao-de-deputada-do-psol\/"},"author":{"name":"Comunica\u00e7\u00e3o PSOL","@id":"https:\/\/psol50.org.br\/#\/schema\/person\/475dfa57d0b815993c714c2e96491fcd"},"headline":"Fernanda Melchionna chama fam\u00edlia Bolsonaro de &#8220;bandidos&#8221;, PL sente o golpe e pede cassa\u00e7\u00e3o de deputada do PSOL","datePublished":"2024-04-02T15:22:59+00:00","dateModified":"2024-04-08T14:41:31+00:00","mainEntityOfPage":{"@id":"https:\/\/psol50.org.br\/fernanda-melchionna-chama-familia-bolsonaro-de-bandidos-pl-sente-o-golpe-e-pede-cassacao-de-deputada-do-psol\/"},"wordCount":335,"publisher":{"@id":"https:\/\/psol50.org.br\/#organization"},"image":{"@id":"https:\/\/psol50.org.br\/fernanda-melchionna-chama-familia-bolsonaro-de-bandidos-pl-sente-o-golpe-e-pede-cassacao-de-deputada-do-psol\/#primaryimage"},"thumbnailUrl":"https:\/\/psol50.org.br\/inc\/uploads\/2024\/04\/img20240326094306593.jpg","keywords":["Not\u00edcias"],"articleSection":["Partido"],"inLanguage":"pt-BR"},{"@type":"WebPage","@id":"https:\/\/psol50.org.br\/fernanda-melchionna-chama-familia-bolsonaro-de-bandidos-pl-sente-o-golpe-e-pede-cassacao-de-deputada-do-psol\/","url":"https:\/\/psol50.org.br\/fernanda-melchionna-chama-familia-bolsonaro-de-bandidos-pl-sente-o-golpe-e-pede-cassacao-de-deputada-do-psol\/","name":"Fernanda Melchionna chama fam\u00edlia Bolsonaro de \"bandidos\", PL sente o golpe e pede cassa\u00e7\u00e3o de deputada do PSOL","isPartOf":{"@id":"https:\/\/psol50.org.br\/#website"},"primaryImageOfPage":{"@id":"https:\/\/psol50.org.br\/fernanda-melchionna-chama-familia-bolsonaro-de-bandidos-pl-sente-o-golpe-e-pede-cassacao-de-deputada-do-psol\/#primaryimage"},"image":{"@id":"https:\/\/psol50.org.br\/fernanda-melchionna-chama-familia-bolsonaro-de-bandidos-pl-sente-o-golpe-e-pede-cassacao-de-deputada-do-psol\/#primaryimage"},"thumbnailUrl":"https:\/\/psol50.org.br\/inc\/uploads\/2024\/04\/img20240326094306593.jpg","datePublished":"2024-04-02T15:22:59+00:00","dateModified":"2024-04-08T14:41:31+00:00","description":"Pedido foi feito porque a parlamentar chamou a fam\u00edlia Bolsonaro de \"famil\u00edcia\" e de \"bandidos\" na Comiss\u00e3o de Seguran\u00e7a P\u00fablica em dezembro.","breadcrumb":{"@id":"https:\/\/psol50.org.br\/fernanda-melchionna-chama-familia-bolsonaro-de-bandidos-pl-sente-o-golpe-e-pede-cassacao-de-deputada-do-psol\/#breadcrumb"},"inLanguage":"pt-BR","potentialAction":[{"@type":"ReadAction","target":["https:\/\/psol50.org.br\/fernanda-melchionna-chama-familia-bolsonaro-de-bandidos-pl-sente-o-golpe-e-pede-cassacao-de-deputada-do-psol\/"]}]},{"@type":"ImageObject","inLanguage":"pt-BR","@id":"https:\/\/psol50.org.br\/fernanda-melchionna-chama-familia-bolsonaro-de-bandidos-pl-sente-o-golpe-e-pede-cassacao-de-deputada-do-psol\/#primaryimage","url":"https:\/\/psol50.org.br\/inc\/uploads\/2024\/04\/img20240326094306593.jpg","contentUrl":"https:\/\/psol50.org.br\/inc\/uploads\/2024\/04\/img20240326094306593.jpg","width":1984,"height":1223,"caption":"Foto: Mario Agra \/ C\u00e2mara dos Deputados"},{"@type":"BreadcrumbList","@id":"https:\/\/psol50.org.br\/fernanda-melchionna-chama-familia-bolsonaro-de-bandidos-pl-sente-o-golpe-e-pede-cassacao-de-deputada-do-psol\/#breadcrumb","itemListElement":[{"@type":"ListItem","position":1,"name":"In\u00edcio","item":"https:\/\/psol50.org.br\/"},{"@type":"ListItem","position":2,"name":"Fernanda Melchionna chama fam\u00edlia Bolsonaro de &#8220;bandidos&#8221;, PL sente o golpe e pede cassa\u00e7\u00e3o de deputada do PSOL"}]},{"@type":"WebSite","@id":"https:\/\/psol50.org.br\/#website","url":"https:\/\/psol50.org.br\/","name":"PSOL 50","description":"Site oficial do Partido Socialismo e Liberdade","publisher":{"@id":"https:\/\/psol50.org.br\/#organization"},"alternateName":"PSOL50","potentialAction":[{"@type":"SearchAction","target":{"@type":"EntryPoint","urlTemplate":"https:\/\/psol50.org.br\/?s={search_term_string}"},"query-input":{"@type":"PropertyValueSpecification","valueRequired":true,"valueName":"search_term_string"}}],"inLanguage":"pt-BR"},{"@type":"Organization","@id":"https:\/\/psol50.org.br\/#organization","name":"PSOL 50","alternateName":"PSOL 50","url":"https:\/\/psol50.org.br\/","logo":{"@type":"ImageObject","inLanguage":"pt-BR","@id":"https:\/\/psol50.org.br\/#\/schema\/logo\/image\/","url":"https:\/\/psol50.org.br\/inc\/uploads\/2018\/07\/capa.png","contentUrl":"https:\/\/psol50.org.br\/inc\/uploads\/2018\/07\/capa.png","width":1350,"height":900,"caption":"PSOL 50"},"image":{"@id":"https:\/\/psol50.org.br\/#\/schema\/logo\/image\/"},"sameAs":["https:\/\/www.facebook.com\/psol50","https:\/\/x.com\/psol50","https:\/\/www.instagram.com\/psol50\/","https:\/\/www.youtube.com\/channel\/UC7SnJS5o1os7a6CaiNabzcg"]},{"@type":"Person","@id":"https:\/\/psol50.org.br\/#\/schema\/person\/475dfa57d0b815993c714c2e96491fcd","name":"Comunica\u00e7\u00e3o PSOL","image":{"@type":"ImageObject","inLanguage":"pt-BR","@id":"https:\/\/psol50.org.br\/#\/schema\/person\/image\/","url":"https:\/\/secure.gravatar.com\/avatar\/b34fc4f4e468a4e51785917065a3db57b841f5c95dba6ad8c73aaf8f66f8f9bf?s=96&d=mm&r=g","contentUrl":"https:\/\/secure.gravatar.com\/avatar\/b34fc4f4e468a4e51785917065a3db57b841f5c95dba6ad8c73aaf8f66f8f9bf?s=96&d=mm&r=g","caption":"Comunica\u00e7\u00e3o PSOL"}}]}},"_links":{"self":[{"href":"https:\/\/psol50.org.br\/rest\/wp\/v2\/posts\/39304","targetHints":{"allow":["GET"]}}],"collection":[{"href":"https:\/\/psol50.org.br\/rest\/wp\/v2\/posts"}],"about":[{"href":"https:\/\/psol50.org.br\/rest\/wp\/v2\/types\/post"}],"author":[{"embeddable":true,"href":"https:\/\/psol50.org.br\/rest\/wp\/v2\/users\/2"}],"replies":[{"embeddable":true,"href":"https:\/\/psol50.org.br\/rest\/wp\/v2\/comments?post=39304"}],"version-history":[{"count":1,"href":"https:\/\/psol50.org.br\/rest\/wp\/v2\/posts\/39304\/revisions"}],"predecessor-version":[{"id":39306,"href":"https:\/\/psol50.org.br\/rest\/wp\/v2\/posts\/39304\/revisions\/39306"}],"wp:featuredmedia":[{"embeddable":true,"href":"https:\/\/psol50.org.br\/rest\/wp\/v2\/media\/39305"}],"wp:attachment":[{"href":"https:\/\/psol50.org.br\/rest\/wp\/v2\/media?parent=39304"}],"wp:term":[{"taxonomy":"category","embeddable":true,"href":"https:\/\/psol50.org.br\/rest\/wp\/v2\/categories?post=39304"},{"taxonomy":"post_tag","embeddable":true,"href":"https:\/\/psol50.org.br\/rest\/wp\/v2\/tags?post=39304"}],"curies":[{"name":"wp","href":"https:\/\/api.w.org\/{rel}","templated":true}]}}