{"id":39341,"date":"2024-04-12T13:18:27","date_gmt":"2024-04-12T16:18:27","guid":{"rendered":"https:\/\/psol50.org.br\/?p=39341"},"modified":"2024-04-29T15:44:45","modified_gmt":"2024-04-29T18:44:45","slug":"atencao-pre-candidato-e-pre-candidata-do-psol-esta-no-ar-a-plataforma-direito-ao-futuro-cidades","status":"publish","type":"post","link":"https:\/\/psol50.org.br\/atencao-pre-candidato-e-pre-candidata-do-psol-esta-no-ar-a-plataforma-direito-ao-futuro-cidades\/","title":{"rendered":"Aten\u00e7\u00e3o, pr\u00e9-candidato e pr\u00e9-candidata do PSOL! Est\u00e1 no ar a plataforma Direito ao Futuro &#8211; Cidades"},"content":{"rendered":"<p>Desde a noite desta quinta-feira (11) est\u00e1 no ar o <strong><a href=\"https:\/\/direitoaofuturo.com.br\/\" target=\"_blank\" rel=\"noopener\">Direito ao Futuro &#8211; Cidades<\/a><\/strong>, uma plataforma program\u00e1tica e organizativa para auxiliar as pr\u00e9-candidaturas do PSOL por todo o Brasil a se prepararem para as elei\u00e7\u00f5es municipais deste ano.<\/p>\n<p><strong><a href=\"https:\/\/direitoaofuturo.com.br\/\" target=\"_blank\" rel=\"noopener\">Acesse a plataforma em www.direitoaofuturo.com.br<\/a><\/strong><\/p>\n<p>Retomando o mesmo nome da plataforma program\u00e1tica do partido nas elei\u00e7\u00f5es de 2022, o Direito ao Futuro tem papel decisivo na organiza\u00e7\u00e3o do partido para as elei\u00e7\u00f5es municipais, com a disponibiliza\u00e7\u00e3o de forma\u00e7\u00f5es pol\u00edticas, de comunica\u00e7\u00e3o, contabilidade e jur\u00eddica \u00e0s candidaturas do PSOL de Norte a Sul do pa\u00eds.<\/p>\n<p><span dir=\"ltr\" role=\"presentation\">Na plataforma j\u00e1 est\u00e3o dispon\u00edveis os primeiros v\u00eddeos dos m\u00f3dulos <\/span><span dir=\"ltr\" role=\"presentation\">formativos e todos pr\u00e9-candidatos e pr\u00e9-candidatas j\u00e1 podem acessar os conte\u00fados.<\/span><\/p>\n<p>O Direito ao Futuro &#8211; Cidades tamb\u00e9m conta com as principais iniciativas de leis, planos e pol\u00edticas p\u00fablicas j\u00e1 propostas ou implementadas por parlamentares e governantes do PSOL para que as candidaturas de 2024 possam adapt\u00e1-las a suas realidades locais e apresent\u00e1-las ao longo do per\u00edodo eleitoral.<\/p>\n<p><span dir=\"ltr\" role=\"presentation\">Os pr\u00e9-candidatos e <\/span><span dir=\"ltr\" role=\"presentation\">assessorias que se inscreverem tamb\u00e9m passar\u00e3o a integrar uma lista de transmiss\u00e3o com <\/span><span dir=\"ltr\" role=\"presentation\">atualiza\u00e7\u00e3o semanal de an\u00e1lise de conjuntura, mudan\u00e7as de legisla\u00e7\u00e3o e\u00a0<\/span><span dir=\"ltr\" role=\"presentation\">tend\u00eancias das redes sociais.<\/span><\/p>\n","protected":false},"excerpt":{"rendered":"<p>Desde a noite desta quinta-feira (11) est\u00e1 no ar o Direito ao Futuro &#8211; Cidades, uma plataforma program\u00e1tica e organizativa para auxiliar as pr\u00e9-candidaturas do PSOL por todo o Brasil a se prepararem para as elei\u00e7\u00f5es municipais deste ano. Acesse a plataforma em www.direitoaofuturo.com.br Retomando o mesmo nome da plataforma program\u00e1tica do partido nas elei\u00e7\u00f5es [&hellip;]<\/p>\n","protected":false},"author":2,"featured_media":39348,"comment_status":"closed","ping_status":"open","sticky":false,"template":"","format":"standard","meta":{"_acf_changed":false,"footnotes":""},"categories":[14],"tags":[4825],"class_list":{"0":"post-39341","1":"post","2":"type-post","3":"status-publish","4":"format-standard","5":"has-post-thumbnail","7":"category-partido","8":"tag-noticias"},"acf":[],"yoast_head":"<!-- This site is optimized with the Yoast SEO plugin v26.5 - https:\/\/yoast.com\/wordpress\/plugins\/seo\/ -->\n<title>Aten\u00e7\u00e3o, pr\u00e9-candidato e pr\u00e9-candidata do PSOL! Est\u00e1 no ar a plataforma Direito ao Futuro - Cidades<\/title>\n<meta name=\"description\" content=\"Plataforma conta com cursos de forma\u00e7\u00e3o pol\u00edtica, de comunica\u00e7\u00e3o, contabilidade e jur\u00eddica e ser\u00e1 atualizada ao longo do ano com mais informa\u00e7\u00f5es.\" \/>\n<meta name=\"robots\" content=\"index, follow, max-snippet:-1, max-image-preview:large, max-video-preview:-1\" \/>\n<link rel=\"canonical\" href=\"https:\/\/psol50.org.br\/atencao-pre-candidato-e-pre-candidata-do-psol-esta-no-ar-a-plataforma-direito-ao-futuro-cidades\/\" \/>\n<meta property=\"og:locale\" content=\"pt_BR\" \/>\n<meta property=\"og:type\" content=\"article\" \/>\n<meta property=\"og:title\" content=\"Aten\u00e7\u00e3o, pr\u00e9-candidato e pr\u00e9-candidata do PSOL! Est\u00e1 no ar a plataforma Direito ao Futuro - Cidades\" \/>\n<meta property=\"og:description\" content=\"Plataforma conta com cursos de forma\u00e7\u00e3o pol\u00edtica, de comunica\u00e7\u00e3o, contabilidade e jur\u00eddica e ser\u00e1 atualizada ao longo do ano com mais informa\u00e7\u00f5es.\" \/>\n<meta property=\"og:url\" content=\"https:\/\/psol50.org.br\/atencao-pre-candidato-e-pre-candidata-do-psol-esta-no-ar-a-plataforma-direito-ao-futuro-cidades\/\" \/>\n<meta property=\"og:site_name\" content=\"PSOL 50\" \/>\n<meta property=\"article:publisher\" content=\"https:\/\/www.facebook.com\/psol50\" \/>\n<meta property=\"article:published_time\" content=\"2024-04-12T16:18:27+00:00\" \/>\n<meta property=\"article:modified_time\" content=\"2024-04-29T18:44:45+00:00\" \/>\n<meta property=\"og:image\" content=\"https:\/\/psol50.org.br\/inc\/uploads\/2024\/04\/02_DireitoAoFuturo-Cidades_Marca-V2-1.png\" \/>\n\t<meta property=\"og:image:width\" content=\"1000\" \/>\n\t<meta property=\"og:image:height\" content=\"500\" \/>\n\t<meta property=\"og:image:type\" content=\"image\/png\" \/>\n<meta name=\"author\" content=\"Comunica\u00e7\u00e3o PSOL\" \/>\n<meta name=\"twitter:card\" content=\"summary_large_image\" \/>\n<meta name=\"twitter:creator\" content=\"@psol50\" \/>\n<meta name=\"twitter:site\" content=\"@psol50\" \/>\n<meta name=\"twitter:label1\" content=\"Escrito por\" \/>\n\t<meta name=\"twitter:data1\" content=\"Comunica\u00e7\u00e3o PSOL\" \/>\n\t<meta name=\"twitter:label2\" content=\"Est. tempo de leitura\" \/>\n\t<meta name=\"twitter:data2\" content=\"1 minuto\" \/>\n<script type=\"application\/ld+json\" class=\"yoast-schema-graph\">{\"@context\":\"https:\/\/schema.org\",\"@graph\":[{\"@type\":\"Article\",\"@id\":\"https:\/\/psol50.org.br\/atencao-pre-candidato-e-pre-candidata-do-psol-esta-no-ar-a-plataforma-direito-ao-futuro-cidades\/#article\",\"isPartOf\":{\"@id\":\"https:\/\/psol50.org.br\/atencao-pre-candidato-e-pre-candidata-do-psol-esta-no-ar-a-plataforma-direito-ao-futuro-cidades\/\"},\"author\":{\"name\":\"Comunica\u00e7\u00e3o PSOL\",\"@id\":\"https:\/\/psol50.org.br\/#\/schema\/person\/475dfa57d0b815993c714c2e96491fcd\"},\"headline\":\"Aten\u00e7\u00e3o, pr\u00e9-candidato e pr\u00e9-candidata do PSOL! Est\u00e1 no ar a plataforma Direito ao Futuro &#8211; Cidades\",\"datePublished\":\"2024-04-12T16:18:27+00:00\",\"dateModified\":\"2024-04-29T18:44:45+00:00\",\"mainEntityOfPage\":{\"@id\":\"https:\/\/psol50.org.br\/atencao-pre-candidato-e-pre-candidata-do-psol-esta-no-ar-a-plataforma-direito-ao-futuro-cidades\/\"},\"wordCount\":245,\"publisher\":{\"@id\":\"https:\/\/psol50.org.br\/#organization\"},\"image\":{\"@id\":\"https:\/\/psol50.org.br\/atencao-pre-candidato-e-pre-candidata-do-psol-esta-no-ar-a-plataforma-direito-ao-futuro-cidades\/#primaryimage\"},\"thumbnailUrl\":\"https:\/\/psol50.org.br\/inc\/uploads\/2024\/04\/02_DireitoAoFuturo-Cidades_Marca-V2-1.png\",\"keywords\":[\"Not\u00edcias\"],\"articleSection\":[\"Partido\"],\"inLanguage\":\"pt-BR\"},{\"@type\":\"WebPage\",\"@id\":\"https:\/\/psol50.org.br\/atencao-pre-candidato-e-pre-candidata-do-psol-esta-no-ar-a-plataforma-direito-ao-futuro-cidades\/\",\"url\":\"https:\/\/psol50.org.br\/atencao-pre-candidato-e-pre-candidata-do-psol-esta-no-ar-a-plataforma-direito-ao-futuro-cidades\/\",\"name\":\"Aten\u00e7\u00e3o, pr\u00e9-candidato e pr\u00e9-candidata do PSOL! Est\u00e1 no ar a plataforma Direito ao Futuro - Cidades\",\"isPartOf\":{\"@id\":\"https:\/\/psol50.org.br\/#website\"},\"primaryImageOfPage\":{\"@id\":\"https:\/\/psol50.org.br\/atencao-pre-candidato-e-pre-candidata-do-psol-esta-no-ar-a-plataforma-direito-ao-futuro-cidades\/#primaryimage\"},\"image\":{\"@id\":\"https:\/\/psol50.org.br\/atencao-pre-candidato-e-pre-candidata-do-psol-esta-no-ar-a-plataforma-direito-ao-futuro-cidades\/#primaryimage\"},\"thumbnailUrl\":\"https:\/\/psol50.org.br\/inc\/uploads\/2024\/04\/02_DireitoAoFuturo-Cidades_Marca-V2-1.png\",\"datePublished\":\"2024-04-12T16:18:27+00:00\",\"dateModified\":\"2024-04-29T18:44:45+00:00\",\"description\":\"Plataforma conta com cursos de forma\u00e7\u00e3o pol\u00edtica, de comunica\u00e7\u00e3o, contabilidade e jur\u00eddica e ser\u00e1 atualizada ao longo do ano com mais informa\u00e7\u00f5es.\",\"breadcrumb\":{\"@id\":\"https:\/\/psol50.org.br\/atencao-pre-candidato-e-pre-candidata-do-psol-esta-no-ar-a-plataforma-direito-ao-futuro-cidades\/#breadcrumb\"},\"inLanguage\":\"pt-BR\",\"potentialAction\":[{\"@type\":\"ReadAction\",\"target\":[\"https:\/\/psol50.org.br\/atencao-pre-candidato-e-pre-candidata-do-psol-esta-no-ar-a-plataforma-direito-ao-futuro-cidades\/\"]}]},{\"@type\":\"ImageObject\",\"inLanguage\":\"pt-BR\",\"@id\":\"https:\/\/psol50.org.br\/atencao-pre-candidato-e-pre-candidata-do-psol-esta-no-ar-a-plataforma-direito-ao-futuro-cidades\/#primaryimage\",\"url\":\"https:\/\/psol50.org.br\/inc\/uploads\/2024\/04\/02_DireitoAoFuturo-Cidades_Marca-V2-1.png\",\"contentUrl\":\"https:\/\/psol50.org.br\/inc\/uploads\/2024\/04\/02_DireitoAoFuturo-Cidades_Marca-V2-1.png\",\"width\":1000,\"height\":500},{\"@type\":\"BreadcrumbList\",\"@id\":\"https:\/\/psol50.org.br\/atencao-pre-candidato-e-pre-candidata-do-psol-esta-no-ar-a-plataforma-direito-ao-futuro-cidades\/#breadcrumb\",\"itemListElement\":[{\"@type\":\"ListItem\",\"position\":1,\"name\":\"In\u00edcio\",\"item\":\"https:\/\/psol50.org.br\/\"},{\"@type\":\"ListItem\",\"position\":2,\"name\":\"Aten\u00e7\u00e3o, pr\u00e9-candidato e pr\u00e9-candidata do PSOL! Est\u00e1 no ar a plataforma Direito ao Futuro &#8211; Cidades\"}]},{\"@type\":\"WebSite\",\"@id\":\"https:\/\/psol50.org.br\/#website\",\"url\":\"https:\/\/psol50.org.br\/\",\"name\":\"PSOL 50\",\"description\":\"Site oficial do Partido Socialismo e Liberdade\",\"publisher\":{\"@id\":\"https:\/\/psol50.org.br\/#organization\"},\"alternateName\":\"PSOL50\",\"potentialAction\":[{\"@type\":\"SearchAction\",\"target\":{\"@type\":\"EntryPoint\",\"urlTemplate\":\"https:\/\/psol50.org.br\/?s={search_term_string}\"},\"query-input\":{\"@type\":\"PropertyValueSpecification\",\"valueRequired\":true,\"valueName\":\"search_term_string\"}}],\"inLanguage\":\"pt-BR\"},{\"@type\":\"Organization\",\"@id\":\"https:\/\/psol50.org.br\/#organization\",\"name\":\"PSOL 50\",\"alternateName\":\"PSOL 50\",\"url\":\"https:\/\/psol50.org.br\/\",\"logo\":{\"@type\":\"ImageObject\",\"inLanguage\":\"pt-BR\",\"@id\":\"https:\/\/psol50.org.br\/#\/schema\/logo\/image\/\",\"url\":\"https:\/\/psol50.org.br\/inc\/uploads\/2018\/07\/capa.png\",\"contentUrl\":\"https:\/\/psol50.org.br\/inc\/uploads\/2018\/07\/capa.png\",\"width\":1350,\"height\":900,\"caption\":\"PSOL 50\"},\"image\":{\"@id\":\"https:\/\/psol50.org.br\/#\/schema\/logo\/image\/\"},\"sameAs\":[\"https:\/\/www.facebook.com\/psol50\",\"https:\/\/x.com\/psol50\",\"https:\/\/www.instagram.com\/psol50\/\",\"https:\/\/www.youtube.com\/channel\/UC7SnJS5o1os7a6CaiNabzcg\"]},{\"@type\":\"Person\",\"@id\":\"https:\/\/psol50.org.br\/#\/schema\/person\/475dfa57d0b815993c714c2e96491fcd\",\"name\":\"Comunica\u00e7\u00e3o PSOL\",\"image\":{\"@type\":\"ImageObject\",\"inLanguage\":\"pt-BR\",\"@id\":\"https:\/\/psol50.org.br\/#\/schema\/person\/image\/\",\"url\":\"https:\/\/secure.gravatar.com\/avatar\/b34fc4f4e468a4e51785917065a3db57b841f5c95dba6ad8c73aaf8f66f8f9bf?s=96&d=mm&r=g\",\"contentUrl\":\"https:\/\/secure.gravatar.com\/avatar\/b34fc4f4e468a4e51785917065a3db57b841f5c95dba6ad8c73aaf8f66f8f9bf?s=96&d=mm&r=g\",\"caption\":\"Comunica\u00e7\u00e3o PSOL\"}}]}<\/script>\n<!-- \/ Yoast SEO plugin. -->","yoast_head_json":{"title":"Aten\u00e7\u00e3o, pr\u00e9-candidato e pr\u00e9-candidata do PSOL! Est\u00e1 no ar a plataforma Direito ao Futuro - Cidades","description":"Plataforma conta com cursos de forma\u00e7\u00e3o pol\u00edtica, de comunica\u00e7\u00e3o, contabilidade e jur\u00eddica e ser\u00e1 atualizada ao longo do ano com mais informa\u00e7\u00f5es.","robots":{"index":"index","follow":"follow","max-snippet":"max-snippet:-1","max-image-preview":"max-image-preview:large","max-video-preview":"max-video-preview:-1"},"canonical":"https:\/\/psol50.org.br\/atencao-pre-candidato-e-pre-candidata-do-psol-esta-no-ar-a-plataforma-direito-ao-futuro-cidades\/","og_locale":"pt_BR","og_type":"article","og_title":"Aten\u00e7\u00e3o, pr\u00e9-candidato e pr\u00e9-candidata do PSOL! Est\u00e1 no ar a plataforma Direito ao Futuro - Cidades","og_description":"Plataforma conta com cursos de forma\u00e7\u00e3o pol\u00edtica, de comunica\u00e7\u00e3o, contabilidade e jur\u00eddica e ser\u00e1 atualizada ao longo do ano com mais informa\u00e7\u00f5es.","og_url":"https:\/\/psol50.org.br\/atencao-pre-candidato-e-pre-candidata-do-psol-esta-no-ar-a-plataforma-direito-ao-futuro-cidades\/","og_site_name":"PSOL 50","article_publisher":"https:\/\/www.facebook.com\/psol50","article_published_time":"2024-04-12T16:18:27+00:00","article_modified_time":"2024-04-29T18:44:45+00:00","og_image":[{"width":1000,"height":500,"url":"https:\/\/psol50.org.br\/inc\/uploads\/2024\/04\/02_DireitoAoFuturo-Cidades_Marca-V2-1.png","type":"image\/png"}],"author":"Comunica\u00e7\u00e3o PSOL","twitter_card":"summary_large_image","twitter_creator":"@psol50","twitter_site":"@psol50","twitter_misc":{"Escrito por":"Comunica\u00e7\u00e3o PSOL","Est. tempo de leitura":"1 minuto"},"schema":{"@context":"https:\/\/schema.org","@graph":[{"@type":"Article","@id":"https:\/\/psol50.org.br\/atencao-pre-candidato-e-pre-candidata-do-psol-esta-no-ar-a-plataforma-direito-ao-futuro-cidades\/#article","isPartOf":{"@id":"https:\/\/psol50.org.br\/atencao-pre-candidato-e-pre-candidata-do-psol-esta-no-ar-a-plataforma-direito-ao-futuro-cidades\/"},"author":{"name":"Comunica\u00e7\u00e3o PSOL","@id":"https:\/\/psol50.org.br\/#\/schema\/person\/475dfa57d0b815993c714c2e96491fcd"},"headline":"Aten\u00e7\u00e3o, pr\u00e9-candidato e pr\u00e9-candidata do PSOL! Est\u00e1 no ar a plataforma Direito ao Futuro &#8211; Cidades","datePublished":"2024-04-12T16:18:27+00:00","dateModified":"2024-04-29T18:44:45+00:00","mainEntityOfPage":{"@id":"https:\/\/psol50.org.br\/atencao-pre-candidato-e-pre-candidata-do-psol-esta-no-ar-a-plataforma-direito-ao-futuro-cidades\/"},"wordCount":245,"publisher":{"@id":"https:\/\/psol50.org.br\/#organization"},"image":{"@id":"https:\/\/psol50.org.br\/atencao-pre-candidato-e-pre-candidata-do-psol-esta-no-ar-a-plataforma-direito-ao-futuro-cidades\/#primaryimage"},"thumbnailUrl":"https:\/\/psol50.org.br\/inc\/uploads\/2024\/04\/02_DireitoAoFuturo-Cidades_Marca-V2-1.png","keywords":["Not\u00edcias"],"articleSection":["Partido"],"inLanguage":"pt-BR"},{"@type":"WebPage","@id":"https:\/\/psol50.org.br\/atencao-pre-candidato-e-pre-candidata-do-psol-esta-no-ar-a-plataforma-direito-ao-futuro-cidades\/","url":"https:\/\/psol50.org.br\/atencao-pre-candidato-e-pre-candidata-do-psol-esta-no-ar-a-plataforma-direito-ao-futuro-cidades\/","name":"Aten\u00e7\u00e3o, pr\u00e9-candidato e pr\u00e9-candidata do PSOL! Est\u00e1 no ar a plataforma Direito ao Futuro - Cidades","isPartOf":{"@id":"https:\/\/psol50.org.br\/#website"},"primaryImageOfPage":{"@id":"https:\/\/psol50.org.br\/atencao-pre-candidato-e-pre-candidata-do-psol-esta-no-ar-a-plataforma-direito-ao-futuro-cidades\/#primaryimage"},"image":{"@id":"https:\/\/psol50.org.br\/atencao-pre-candidato-e-pre-candidata-do-psol-esta-no-ar-a-plataforma-direito-ao-futuro-cidades\/#primaryimage"},"thumbnailUrl":"https:\/\/psol50.org.br\/inc\/uploads\/2024\/04\/02_DireitoAoFuturo-Cidades_Marca-V2-1.png","datePublished":"2024-04-12T16:18:27+00:00","dateModified":"2024-04-29T18:44:45+00:00","description":"Plataforma conta com cursos de forma\u00e7\u00e3o pol\u00edtica, de comunica\u00e7\u00e3o, contabilidade e jur\u00eddica e ser\u00e1 atualizada ao longo do ano com mais informa\u00e7\u00f5es.","breadcrumb":{"@id":"https:\/\/psol50.org.br\/atencao-pre-candidato-e-pre-candidata-do-psol-esta-no-ar-a-plataforma-direito-ao-futuro-cidades\/#breadcrumb"},"inLanguage":"pt-BR","potentialAction":[{"@type":"ReadAction","target":["https:\/\/psol50.org.br\/atencao-pre-candidato-e-pre-candidata-do-psol-esta-no-ar-a-plataforma-direito-ao-futuro-cidades\/"]}]},{"@type":"ImageObject","inLanguage":"pt-BR","@id":"https:\/\/psol50.org.br\/atencao-pre-candidato-e-pre-candidata-do-psol-esta-no-ar-a-plataforma-direito-ao-futuro-cidades\/#primaryimage","url":"https:\/\/psol50.org.br\/inc\/uploads\/2024\/04\/02_DireitoAoFuturo-Cidades_Marca-V2-1.png","contentUrl":"https:\/\/psol50.org.br\/inc\/uploads\/2024\/04\/02_DireitoAoFuturo-Cidades_Marca-V2-1.png","width":1000,"height":500},{"@type":"BreadcrumbList","@id":"https:\/\/psol50.org.br\/atencao-pre-candidato-e-pre-candidata-do-psol-esta-no-ar-a-plataforma-direito-ao-futuro-cidades\/#breadcrumb","itemListElement":[{"@type":"ListItem","position":1,"name":"In\u00edcio","item":"https:\/\/psol50.org.br\/"},{"@type":"ListItem","position":2,"name":"Aten\u00e7\u00e3o, pr\u00e9-candidato e pr\u00e9-candidata do PSOL! Est\u00e1 no ar a plataforma Direito ao Futuro &#8211; Cidades"}]},{"@type":"WebSite","@id":"https:\/\/psol50.org.br\/#website","url":"https:\/\/psol50.org.br\/","name":"PSOL 50","description":"Site oficial do Partido Socialismo e Liberdade","publisher":{"@id":"https:\/\/psol50.org.br\/#organization"},"alternateName":"PSOL50","potentialAction":[{"@type":"SearchAction","target":{"@type":"EntryPoint","urlTemplate":"https:\/\/psol50.org.br\/?s={search_term_string}"},"query-input":{"@type":"PropertyValueSpecification","valueRequired":true,"valueName":"search_term_string"}}],"inLanguage":"pt-BR"},{"@type":"Organization","@id":"https:\/\/psol50.org.br\/#organization","name":"PSOL 50","alternateName":"PSOL 50","url":"https:\/\/psol50.org.br\/","logo":{"@type":"ImageObject","inLanguage":"pt-BR","@id":"https:\/\/psol50.org.br\/#\/schema\/logo\/image\/","url":"https:\/\/psol50.org.br\/inc\/uploads\/2018\/07\/capa.png","contentUrl":"https:\/\/psol50.org.br\/inc\/uploads\/2018\/07\/capa.png","width":1350,"height":900,"caption":"PSOL 50"},"image":{"@id":"https:\/\/psol50.org.br\/#\/schema\/logo\/image\/"},"sameAs":["https:\/\/www.facebook.com\/psol50","https:\/\/x.com\/psol50","https:\/\/www.instagram.com\/psol50\/","https:\/\/www.youtube.com\/channel\/UC7SnJS5o1os7a6CaiNabzcg"]},{"@type":"Person","@id":"https:\/\/psol50.org.br\/#\/schema\/person\/475dfa57d0b815993c714c2e96491fcd","name":"Comunica\u00e7\u00e3o PSOL","image":{"@type":"ImageObject","inLanguage":"pt-BR","@id":"https:\/\/psol50.org.br\/#\/schema\/person\/image\/","url":"https:\/\/secure.gravatar.com\/avatar\/b34fc4f4e468a4e51785917065a3db57b841f5c95dba6ad8c73aaf8f66f8f9bf?s=96&d=mm&r=g","contentUrl":"https:\/\/secure.gravatar.com\/avatar\/b34fc4f4e468a4e51785917065a3db57b841f5c95dba6ad8c73aaf8f66f8f9bf?s=96&d=mm&r=g","caption":"Comunica\u00e7\u00e3o PSOL"}}]}},"_links":{"self":[{"href":"https:\/\/psol50.org.br\/rest\/wp\/v2\/posts\/39341","targetHints":{"allow":["GET"]}}],"collection":[{"href":"https:\/\/psol50.org.br\/rest\/wp\/v2\/posts"}],"about":[{"href":"https:\/\/psol50.org.br\/rest\/wp\/v2\/types\/post"}],"author":[{"embeddable":true,"href":"https:\/\/psol50.org.br\/rest\/wp\/v2\/users\/2"}],"replies":[{"embeddable":true,"href":"https:\/\/psol50.org.br\/rest\/wp\/v2\/comments?post=39341"}],"version-history":[{"count":2,"href":"https:\/\/psol50.org.br\/rest\/wp\/v2\/posts\/39341\/revisions"}],"predecessor-version":[{"id":39343,"href":"https:\/\/psol50.org.br\/rest\/wp\/v2\/posts\/39341\/revisions\/39343"}],"wp:featuredmedia":[{"embeddable":true,"href":"https:\/\/psol50.org.br\/rest\/wp\/v2\/media\/39348"}],"wp:attachment":[{"href":"https:\/\/psol50.org.br\/rest\/wp\/v2\/media?parent=39341"}],"wp:term":[{"taxonomy":"category","embeddable":true,"href":"https:\/\/psol50.org.br\/rest\/wp\/v2\/categories?post=39341"},{"taxonomy":"post_tag","embeddable":true,"href":"https:\/\/psol50.org.br\/rest\/wp\/v2\/tags?post=39341"}],"curies":[{"name":"wp","href":"https:\/\/api.w.org\/{rel}","templated":true}]}}